{"id":8642,"date":"2023-01-31T23:00:00","date_gmt":"2023-01-31T22:00:00","guid":{"rendered":"https:\/\/hijascaridad.sjdigitaldemo.ovh\/72481\/"},"modified":"2024-03-17T16:11:07","modified_gmt":"2024-03-17T15:11:07","slug":"72481","status":"publish","type":"post","link":"https:\/\/filles-de-la-charite.org\/it\/72481\/","title":{"rendered":"<strong>Benedizione di guarigione<\/strong>"},"content":{"rendered":"\n<p class=\"has-text-align-center\"><em>Oh, amico mio, su col morale.<\/em><\/p>\n\n\n\n<p class=\"has-text-align-center\"><em>Il lavoro di guarigione \u00e8 doloroso nella sua lentezza e bello nel suo progresso, attraverso il quale raggiunger\u00e0 il suo obiettivo.<\/em><\/p>\n\n\n\n<p class=\"has-text-align-center\"><em>Non chiedere di essere paziente, ma perseverante. Chiedi la perseveranza che ci aiuta a imparare a respirare in mezzo alla paura, ad amare in presenza del dolore, a sognare di fronte alla rovina di un mondo che potrebbe essere costruito.<\/em><\/p>\n\n\n\n<p class=\"has-text-align-right\"><em><strong>Jan Richardson<\/strong><\/em><\/p>\n\n\n\n<p>Ho letto questa benedizione qualche giorno fa e l&#8217;ho messa in relazione con il lavoro di difesa che svolgiamo alle Nazioni Unite, un lavoro doloroso nella sua lentezza e bellissimo nelle realizzazioni a venire.<\/p>\n\n\n\n<figure class=\"wp-block-image alignleft size-large\"><img decoding=\"async\" src=\"https:\/\/filles-de-la-charite.org\/wp-content\/uploads\/2023\/05\/17-objetivos-desarrollo-sostenible-ONU-sin-texto-1024x1024.png\" alt=\"\" class=\"wp-image-72467\"\/><\/figure>\n\n\n\n<p>All&#8217;alba di questo nuovo anno, \u00e8 difficile non fare un bilancio di quello precedente.<\/p>\n\n\n\n<p>Ho compreso la portata dell&#8217;Agenda 2030 e dei suoi 17 Obiettivi di Sviluppo Sostenibile https:\/\/sdgs.un.org\/goals . Essi riconoscono che la fine della povert\u00e0 e di altre privazioni deve andare di pari passo con strategie che migliorino la salute e l&#8217;istruzione, riducano le disuguaglianze e stimolino la crescita economica, il tutto affrontando il cambiamento climatico e lavorando per preservare gli oceani e le foreste. Ho iniziato a chiedermi come ogni singola ONG potesse riuscire a realizzarli&#8230; L&#8217;attuazione degli obiettivi \u00e8 una questione enorme, ma credo che se stiamo dicendo che le persone sono al centro dell&#8217;agenda e che ogni persona \u00e8 importante, allora noi Figlie della Carit\u00e0 stiamo gi\u00e0 realizzando questi obiettivi.<\/p>\n\n\n\n<p>Non si pu\u00f2 lavorare qui se non si \u00e8 connessi, a pi\u00f9 livelli. Connessioni in termini di comitati di ONG, gruppi, agenzie ONU e connessioni in termini di Stati membri. L&#8217;aspetto relazionale del lavoro \u00e8 il pi\u00f9 importante, in quanto possiamo entrare in un rapporto di fiducia per discutere di questioni davvero importanti. Collaborare con persone che hanno competenze, doti e talenti \u00e8 molto importante per il nostro lavoro di difesa.<\/p>\n\n\n\n<p>Viviamo in un mondo di preoccupazioni. La pandemia della Covid-19, che ha provocato un&#8217;inversione di tendenza nello sviluppo umano in quasi tutti i Paesi, continua a far emergere varianti imprevedibili. La guerra in Ucraina e altrove ha creato ulteriori sofferenze umane. Temperature da record, incendi, tempeste e inondazioni suonano l&#8217;allarme di sistemi planetari sempre pi\u00f9 fuori controllo. Insieme, stanno alimentando una crisi del costo della vita avvertita in tutto il mondo, dipingendo un quadro di tempi incerti e vite instabili. L&#8217;incertezza non \u00e8 una novit\u00e0, ma le sue dimensioni stanno assumendo oggi nuove forme inquietanti.<\/p>\n\n\n\n<p>Sta emergendo un nuovo &#8220;complesso dell&#8217;incertezza&#8221;, mai visto prima nella storia dell&#8217;umanit\u00e0. A costituirlo sono tre filoniinstabili e interattivi: le destabilizzanti pressioni planetarie e le disuguaglianze dell&#8217;Antropocene, la ricerca di trasformazioni sociali radicali per alleviare tali pressioni e la diffusa e crescente polarizzazione. Questo nuovo complesso dell\u2019incertezza e ogni nuova crisi che ne deriva ostacolano lo sviluppo umano e sconvolgono le vite in tutto il mondo; l&#8217;arretramento democratico \u00e8 peggiorato. Le nuove incertezze, l&#8217;insicurezza, la polarizzazione e la demagogia che attanagliano molti Paesi sono pericolose. Ma c&#8217;\u00e8 anche una promessa: l&#8217;opportunit\u00e0 di immaginare di nuovo il futuro, di rinnovare e adattare le istituzioni e di creare nuove storie su chi siamo e su ci\u00f2 che apprezziamo.<\/p>\n\n\n\n<figure class=\"wp-block-image alignleft size-full\"><img decoding=\"async\" src=\"https:\/\/filles-de-la-charite.org\/wp-content\/uploads\/2023\/05\/SG-9-200-300-official-2016.jpg\" alt=\"\" class=\"wp-image-72463\"\/><\/figure>\n\n\n\n<p>Il Segretario generale Gutierrez, nelle sue osservazioni di apertura alla conferenza stampa di fine anno, ha dichiarato: &#8220;Insieme, adottiamo e realizziamo un quadro ambizioso &#8211; un patto di pace con la natura &#8211; e trasmettiamo ai nostri figli un mondo migliore, pi\u00f9 verde, pi\u00f9 blu e pi\u00f9 sostenibile&#8221;. Abbiamo bisogno di tutte le forze per un&#8217;azione climatica pi\u00f9 rapida e coraggiosa. La finestra di opportunit\u00e0 \u00e8 ancora aperta, ma rimane solo uno flebile raggio di luce.<\/p>\n\n\n\n<p>\u00abSono pi\u00f9 che mai determinato a fare del 2023 un anno di pace, un anno di azione.<\/p>\n\n\n\n<p>Non possiamo accettare le cose cos\u00ec come stanno.<\/p>\n\n\n\n<p>Abbiamo il dovere di trovare soluzioni, di reagire e di agire.<\/p>\n\n\n\n<p>A volte, con discrezione, ma sempre con determinazione, ci batteremo.<\/p>\n\n\n\n<p>Per promuovere la pace e la sicurezza.<\/p>\n\n\n\n<p>Per far progredire gli Obiettivi di sviluppo sostenibile e affrontare le disuguaglianze.<\/p>\n\n\n\n<p>Per riformare un sistema finanziario internazionale moralmente fallimentare.<\/p>\n\n\n\n<p>Per garantire i diritti umani a tutti, in occasione del 75\u00b0 anniversario della Dichiarazione universale dei diritti umani.<\/p>\n\n\n\n<p>E per consegnare un pianeta vivibile ai nostri figli e nipoti\u00bb.<\/p>\n","protected":false},"excerpt":{"rendered":"<p>Oh, amico mio, su col morale. Il lavoro di guarigione \u00e8 doloroso nella sua lentezza e bello nel suo progresso, attraverso il quale raggiunger\u00e0 il suo obiettivo. Non chiedere di essere paziente, ma perseverante. Chiedi la perseveranza che ci aiuta a imparare a respirare in mezzo alla paura, ad amare in presenza del dolore, a [&hellip;]<\/p>\n","protected":false},"author":1,"featured_media":8412,"comment_status":"closed","ping_status":"closed","sticky":false,"template":"","format":"standard","meta":{"_acf_changed":false,"_et_pb_use_builder":"","_et_pb_old_content":"","_et_gb_content_width":"","footnotes":"","_links_to":"","_links_to_target":""},"categories":[634],"tags":[],"class_list":["post-8642","post","type-post","status-publish","format-standard","has-post-thumbnail","hentry","category-onu-it"],"acf":[],"yoast_head":"<!-- This site is optimized with the Yoast SEO plugin v27.5 - https:\/\/yoast.com\/product\/yoast-seo-wordpress\/ -->\n<title>Benedizione di guarigione - Filles de la Charit\u00e9<\/title>\n<meta name=\"robots\" content=\"index, follow, max-snippet:-1, max-image-preview:large, max-video-preview:-1\" \/>\n<link rel=\"canonical\" href=\"https:\/\/filles-de-la-charite.org\/it\/72481\/\" \/>\n<meta property=\"og:locale\" content=\"it_IT\" \/>\n<meta property=\"og:type\" content=\"article\" \/>\n<meta property=\"og:title\" content=\"Benedizione di guarigione - Filles de la Charit\u00e9\" \/>\n<meta property=\"og:description\" content=\"Oh, amico mio, su col morale. Il lavoro di guarigione \u00e8 doloroso nella sua lentezza e bello nel suo progresso, attraverso il quale raggiunger\u00e0 il suo obiettivo. Non chiedere di essere paziente, ma perseverante. Chiedi la perseveranza che ci aiuta a imparare a respirare in mezzo alla paura, ad amare in presenza del dolore, a [&hellip;]\" \/>\n<meta property=\"og:url\" content=\"https:\/\/filles-de-la-charite.org\/it\/72481\/\" \/>\n<meta property=\"og:site_name\" content=\"Filles de la Charit\u00e9\" \/>\n<meta property=\"article:published_time\" content=\"2023-01-31T22:00:00+00:00\" \/>\n<meta property=\"article:modified_time\" content=\"2024-03-17T15:11:07+00:00\" \/>\n<meta property=\"og:image\" content=\"https:\/\/filles-de-la-charite.org\/wp-content\/uploads\/2023\/05\/flag-of-the-united-nations-scaled-2.jpg\" \/>\n\t<meta property=\"og:image:width\" content=\"2560\" \/>\n\t<meta property=\"og:image:height\" content=\"1707\" \/>\n\t<meta property=\"og:image:type\" content=\"image\/jpeg\" \/>\n<meta name=\"author\" content=\"admin\" \/>\n<meta name=\"twitter:card\" content=\"summary_large_image\" \/>\n<meta name=\"twitter:label1\" content=\"Scritto da\" \/>\n\t<meta name=\"twitter:data1\" content=\"admin\" \/>\n\t<meta name=\"twitter:label2\" content=\"Tempo di lettura stimato\" \/>\n\t<meta name=\"twitter:data2\" content=\"3 minuti\" \/>\n<script type=\"application\/ld+json\" class=\"yoast-schema-graph\">{\"@context\":\"https:\\\/\\\/schema.org\",\"@graph\":[{\"@type\":\"Article\",\"@id\":\"https:\\\/\\\/filles-de-la-charite.org\\\/it\\\/72481\\\/#article\",\"isPartOf\":{\"@id\":\"https:\\\/\\\/filles-de-la-charite.org\\\/it\\\/72481\\\/\"},\"author\":{\"name\":\"admin\",\"@id\":\"https:\\\/\\\/filles-de-la-charite.org\\\/it\\\/#\\\/schema\\\/person\\\/427567b2eccfc2dd7d206da186a1f438\"},\"headline\":\"Benedizione di guarigione\",\"datePublished\":\"2023-01-31T22:00:00+00:00\",\"dateModified\":\"2024-03-17T15:11:07+00:00\",\"mainEntityOfPage\":{\"@id\":\"https:\\\/\\\/filles-de-la-charite.org\\\/it\\\/72481\\\/\"},\"wordCount\":698,\"publisher\":{\"@id\":\"https:\\\/\\\/filles-de-la-charite.org\\\/it\\\/#organization\"},\"image\":{\"@id\":\"https:\\\/\\\/filles-de-la-charite.org\\\/it\\\/72481\\\/#primaryimage\"},\"thumbnailUrl\":\"https:\\\/\\\/filles-de-la-charite.org\\\/wp-content\\\/uploads\\\/2023\\\/05\\\/flag-of-the-united-nations-scaled-2.jpg\",\"articleSection\":[\"ONU\"],\"inLanguage\":\"it-IT\"},{\"@type\":\"WebPage\",\"@id\":\"https:\\\/\\\/filles-de-la-charite.org\\\/it\\\/72481\\\/\",\"url\":\"https:\\\/\\\/filles-de-la-charite.org\\\/it\\\/72481\\\/\",\"name\":\"Benedizione di guarigione - Filles de la Charit\u00e9\",\"isPartOf\":{\"@id\":\"https:\\\/\\\/filles-de-la-charite.org\\\/it\\\/#website\"},\"primaryImageOfPage\":{\"@id\":\"https:\\\/\\\/filles-de-la-charite.org\\\/it\\\/72481\\\/#primaryimage\"},\"image\":{\"@id\":\"https:\\\/\\\/filles-de-la-charite.org\\\/it\\\/72481\\\/#primaryimage\"},\"thumbnailUrl\":\"https:\\\/\\\/filles-de-la-charite.org\\\/wp-content\\\/uploads\\\/2023\\\/05\\\/flag-of-the-united-nations-scaled-2.jpg\",\"datePublished\":\"2023-01-31T22:00:00+00:00\",\"dateModified\":\"2024-03-17T15:11:07+00:00\",\"breadcrumb\":{\"@id\":\"https:\\\/\\\/filles-de-la-charite.org\\\/it\\\/72481\\\/#breadcrumb\"},\"inLanguage\":\"it-IT\",\"potentialAction\":[{\"@type\":\"ReadAction\",\"target\":[\"https:\\\/\\\/filles-de-la-charite.org\\\/it\\\/72481\\\/\"]}]},{\"@type\":\"ImageObject\",\"inLanguage\":\"it-IT\",\"@id\":\"https:\\\/\\\/filles-de-la-charite.org\\\/it\\\/72481\\\/#primaryimage\",\"url\":\"https:\\\/\\\/filles-de-la-charite.org\\\/wp-content\\\/uploads\\\/2023\\\/05\\\/flag-of-the-united-nations-scaled-2.jpg\",\"contentUrl\":\"https:\\\/\\\/filles-de-la-charite.org\\\/wp-content\\\/uploads\\\/2023\\\/05\\\/flag-of-the-united-nations-scaled-2.jpg\",\"width\":2560,\"height\":1707},{\"@type\":\"BreadcrumbList\",\"@id\":\"https:\\\/\\\/filles-de-la-charite.org\\\/it\\\/72481\\\/#breadcrumb\",\"itemListElement\":[{\"@type\":\"ListItem\",\"position\":1,\"name\":\"ONU\",\"item\":\"https:\\\/\\\/filles-de-la-charite.org\\\/it\\\/category\\\/onu-it\\\/\"},{\"@type\":\"ListItem\",\"position\":2,\"name\":\"Benedizione di guarigione\"}]},{\"@type\":\"WebSite\",\"@id\":\"https:\\\/\\\/filles-de-la-charite.org\\\/it\\\/#website\",\"url\":\"https:\\\/\\\/filles-de-la-charite.org\\\/it\\\/\",\"name\":\"Hijas de la Caridad\",\"description\":\"L\u2019amour de J\u00e9sus nous presse \u00e0 prendre soin des personnes les plus d\u00e9munies\",\"publisher\":{\"@id\":\"https:\\\/\\\/filles-de-la-charite.org\\\/it\\\/#organization\"},\"potentialAction\":[{\"@type\":\"SearchAction\",\"target\":{\"@type\":\"EntryPoint\",\"urlTemplate\":\"https:\\\/\\\/filles-de-la-charite.org\\\/it\\\/?s={search_term_string}\"},\"query-input\":{\"@type\":\"PropertyValueSpecification\",\"valueRequired\":true,\"valueName\":\"search_term_string\"}}],\"inLanguage\":\"it-IT\"},{\"@type\":\"Organization\",\"@id\":\"https:\\\/\\\/filles-de-la-charite.org\\\/it\\\/#organization\",\"name\":\"Hijas de la Caridad\",\"url\":\"https:\\\/\\\/filles-de-la-charite.org\\\/it\\\/\",\"logo\":{\"@type\":\"ImageObject\",\"inLanguage\":\"it-IT\",\"@id\":\"https:\\\/\\\/filles-de-la-charite.org\\\/it\\\/#\\\/schema\\\/logo\\\/image\\\/\",\"url\":\"https:\\\/\\\/filles-de-la-charite.org\\\/wp-content\\\/uploads\\\/2023\\\/03\\\/isotipo-Hijas-de-la-Caridad.png\",\"contentUrl\":\"https:\\\/\\\/filles-de-la-charite.org\\\/wp-content\\\/uploads\\\/2023\\\/03\\\/isotipo-Hijas-de-la-Caridad.png\",\"width\":1417,\"height\":1417,\"caption\":\"Hijas de la Caridad\"},\"image\":{\"@id\":\"https:\\\/\\\/filles-de-la-charite.org\\\/it\\\/#\\\/schema\\\/logo\\\/image\\\/\"}},{\"@type\":\"Person\",\"@id\":\"https:\\\/\\\/filles-de-la-charite.org\\\/it\\\/#\\\/schema\\\/person\\\/427567b2eccfc2dd7d206da186a1f438\",\"name\":\"admin\",\"image\":{\"@type\":\"ImageObject\",\"inLanguage\":\"it-IT\",\"@id\":\"https:\\\/\\\/secure.gravatar.com\\\/avatar\\\/948b492cce32b586ac2db0eaa926ee87024f7afe218d73b397ea5ddfc5f43ea1?s=96&d=mm&r=g\",\"url\":\"https:\\\/\\\/secure.gravatar.com\\\/avatar\\\/948b492cce32b586ac2db0eaa926ee87024f7afe218d73b397ea5ddfc5f43ea1?s=96&d=mm&r=g\",\"contentUrl\":\"https:\\\/\\\/secure.gravatar.com\\\/avatar\\\/948b492cce32b586ac2db0eaa926ee87024f7afe218d73b397ea5ddfc5f43ea1?s=96&d=mm&r=g\",\"caption\":\"admin\"},\"sameAs\":[\"https:\\\/\\\/filles-de-la-charite.org\"],\"url\":\"https:\\\/\\\/filles-de-la-charite.org\\\/it\\\/author\\\/caridad\\\/\"}]}<\/script>\n<!-- \/ Yoast SEO plugin. -->","yoast_head_json":{"title":"Benedizione di guarigione - Filles de la Charit\u00e9","robots":{"index":"index","follow":"follow","max-snippet":"max-snippet:-1","max-image-preview":"max-image-preview:large","max-video-preview":"max-video-preview:-1"},"canonical":"https:\/\/filles-de-la-charite.org\/it\/72481\/","og_locale":"it_IT","og_type":"article","og_title":"Benedizione di guarigione - Filles de la Charit\u00e9","og_description":"Oh, amico mio, su col morale. Il lavoro di guarigione \u00e8 doloroso nella sua lentezza e bello nel suo progresso, attraverso il quale raggiunger\u00e0 il suo obiettivo. Non chiedere di essere paziente, ma perseverante. Chiedi la perseveranza che ci aiuta a imparare a respirare in mezzo alla paura, ad amare in presenza del dolore, a [&hellip;]","og_url":"https:\/\/filles-de-la-charite.org\/it\/72481\/","og_site_name":"Filles de la Charit\u00e9","article_published_time":"2023-01-31T22:00:00+00:00","article_modified_time":"2024-03-17T15:11:07+00:00","og_image":[{"width":2560,"height":1707,"url":"https:\/\/filles-de-la-charite.org\/wp-content\/uploads\/2023\/05\/flag-of-the-united-nations-scaled-2.jpg","type":"image\/jpeg"}],"author":"admin","twitter_card":"summary_large_image","twitter_misc":{"Scritto da":"admin","Tempo di lettura stimato":"3 minuti"},"schema":{"@context":"https:\/\/schema.org","@graph":[{"@type":"Article","@id":"https:\/\/filles-de-la-charite.org\/it\/72481\/#article","isPartOf":{"@id":"https:\/\/filles-de-la-charite.org\/it\/72481\/"},"author":{"name":"admin","@id":"https:\/\/filles-de-la-charite.org\/it\/#\/schema\/person\/427567b2eccfc2dd7d206da186a1f438"},"headline":"Benedizione di guarigione","datePublished":"2023-01-31T22:00:00+00:00","dateModified":"2024-03-17T15:11:07+00:00","mainEntityOfPage":{"@id":"https:\/\/filles-de-la-charite.org\/it\/72481\/"},"wordCount":698,"publisher":{"@id":"https:\/\/filles-de-la-charite.org\/it\/#organization"},"image":{"@id":"https:\/\/filles-de-la-charite.org\/it\/72481\/#primaryimage"},"thumbnailUrl":"https:\/\/filles-de-la-charite.org\/wp-content\/uploads\/2023\/05\/flag-of-the-united-nations-scaled-2.jpg","articleSection":["ONU"],"inLanguage":"it-IT"},{"@type":"WebPage","@id":"https:\/\/filles-de-la-charite.org\/it\/72481\/","url":"https:\/\/filles-de-la-charite.org\/it\/72481\/","name":"Benedizione di guarigione - Filles de la Charit\u00e9","isPartOf":{"@id":"https:\/\/filles-de-la-charite.org\/it\/#website"},"primaryImageOfPage":{"@id":"https:\/\/filles-de-la-charite.org\/it\/72481\/#primaryimage"},"image":{"@id":"https:\/\/filles-de-la-charite.org\/it\/72481\/#primaryimage"},"thumbnailUrl":"https:\/\/filles-de-la-charite.org\/wp-content\/uploads\/2023\/05\/flag-of-the-united-nations-scaled-2.jpg","datePublished":"2023-01-31T22:00:00+00:00","dateModified":"2024-03-17T15:11:07+00:00","breadcrumb":{"@id":"https:\/\/filles-de-la-charite.org\/it\/72481\/#breadcrumb"},"inLanguage":"it-IT","potentialAction":[{"@type":"ReadAction","target":["https:\/\/filles-de-la-charite.org\/it\/72481\/"]}]},{"@type":"ImageObject","inLanguage":"it-IT","@id":"https:\/\/filles-de-la-charite.org\/it\/72481\/#primaryimage","url":"https:\/\/filles-de-la-charite.org\/wp-content\/uploads\/2023\/05\/flag-of-the-united-nations-scaled-2.jpg","contentUrl":"https:\/\/filles-de-la-charite.org\/wp-content\/uploads\/2023\/05\/flag-of-the-united-nations-scaled-2.jpg","width":2560,"height":1707},{"@type":"BreadcrumbList","@id":"https:\/\/filles-de-la-charite.org\/it\/72481\/#breadcrumb","itemListElement":[{"@type":"ListItem","position":1,"name":"ONU","item":"https:\/\/filles-de-la-charite.org\/it\/category\/onu-it\/"},{"@type":"ListItem","position":2,"name":"Benedizione di guarigione"}]},{"@type":"WebSite","@id":"https:\/\/filles-de-la-charite.org\/it\/#website","url":"https:\/\/filles-de-la-charite.org\/it\/","name":"Hijas de la Caridad","description":"L\u2019amour de J\u00e9sus nous presse \u00e0 prendre soin des personnes les plus d\u00e9munies","publisher":{"@id":"https:\/\/filles-de-la-charite.org\/it\/#organization"},"potentialAction":[{"@type":"SearchAction","target":{"@type":"EntryPoint","urlTemplate":"https:\/\/filles-de-la-charite.org\/it\/?s={search_term_string}"},"query-input":{"@type":"PropertyValueSpecification","valueRequired":true,"valueName":"search_term_string"}}],"inLanguage":"it-IT"},{"@type":"Organization","@id":"https:\/\/filles-de-la-charite.org\/it\/#organization","name":"Hijas de la Caridad","url":"https:\/\/filles-de-la-charite.org\/it\/","logo":{"@type":"ImageObject","inLanguage":"it-IT","@id":"https:\/\/filles-de-la-charite.org\/it\/#\/schema\/logo\/image\/","url":"https:\/\/filles-de-la-charite.org\/wp-content\/uploads\/2023\/03\/isotipo-Hijas-de-la-Caridad.png","contentUrl":"https:\/\/filles-de-la-charite.org\/wp-content\/uploads\/2023\/03\/isotipo-Hijas-de-la-Caridad.png","width":1417,"height":1417,"caption":"Hijas de la Caridad"},"image":{"@id":"https:\/\/filles-de-la-charite.org\/it\/#\/schema\/logo\/image\/"}},{"@type":"Person","@id":"https:\/\/filles-de-la-charite.org\/it\/#\/schema\/person\/427567b2eccfc2dd7d206da186a1f438","name":"admin","image":{"@type":"ImageObject","inLanguage":"it-IT","@id":"https:\/\/secure.gravatar.com\/avatar\/948b492cce32b586ac2db0eaa926ee87024f7afe218d73b397ea5ddfc5f43ea1?s=96&d=mm&r=g","url":"https:\/\/secure.gravatar.com\/avatar\/948b492cce32b586ac2db0eaa926ee87024f7afe218d73b397ea5ddfc5f43ea1?s=96&d=mm&r=g","contentUrl":"https:\/\/secure.gravatar.com\/avatar\/948b492cce32b586ac2db0eaa926ee87024f7afe218d73b397ea5ddfc5f43ea1?s=96&d=mm&r=g","caption":"admin"},"sameAs":["https:\/\/filles-de-la-charite.org"],"url":"https:\/\/filles-de-la-charite.org\/it\/author\/caridad\/"}]}},"_links":{"self":[{"href":"https:\/\/filles-de-la-charite.org\/it\/wp-json\/wp\/v2\/posts\/8642","targetHints":{"allow":["GET"]}}],"collection":[{"href":"https:\/\/filles-de-la-charite.org\/it\/wp-json\/wp\/v2\/posts"}],"about":[{"href":"https:\/\/filles-de-la-charite.org\/it\/wp-json\/wp\/v2\/types\/post"}],"author":[{"embeddable":true,"href":"https:\/\/filles-de-la-charite.org\/it\/wp-json\/wp\/v2\/users\/1"}],"replies":[{"embeddable":true,"href":"https:\/\/filles-de-la-charite.org\/it\/wp-json\/wp\/v2\/comments?post=8642"}],"version-history":[{"count":1,"href":"https:\/\/filles-de-la-charite.org\/it\/wp-json\/wp\/v2\/posts\/8642\/revisions"}],"predecessor-version":[{"id":8643,"href":"https:\/\/filles-de-la-charite.org\/it\/wp-json\/wp\/v2\/posts\/8642\/revisions\/8643"}],"wp:featuredmedia":[{"embeddable":true,"href":"https:\/\/filles-de-la-charite.org\/it\/wp-json\/wp\/v2\/media\/8412"}],"wp:attachment":[{"href":"https:\/\/filles-de-la-charite.org\/it\/wp-json\/wp\/v2\/media?parent=8642"}],"wp:term":[{"taxonomy":"category","embeddable":true,"href":"https:\/\/filles-de-la-charite.org\/it\/wp-json\/wp\/v2\/categories?post=8642"},{"taxonomy":"post_tag","embeddable":true,"href":"https:\/\/filles-de-la-charite.org\/it\/wp-json\/wp\/v2\/tags?post=8642"}],"curies":[{"name":"wp","href":"https:\/\/api.w.org\/{rel}","templated":true}]}}