{"id":23920,"date":"2019-11-28T23:14:37","date_gmt":"2019-11-28T22:14:37","guid":{"rendered":"https:\/\/hijascaridad.sjdigitaldemo.ovh\/sharing-the-same-charism-chronicle-of-the-vincentian-week-at-the-santander-economic-kitchen-workshops-4\/"},"modified":"2024-03-17T18:51:58","modified_gmt":"2024-03-17T17:51:58","slug":"sharing-the-same-charism-chronicle-of-the-vincentian-week-at-the-santander-economic-kitchen-workshops-4","status":"publish","type":"post","link":"https:\/\/filles-de-la-charite.org\/pl\/sharing-the-same-charism-chronicle-of-the-vincentian-week-at-the-santander-economic-kitchen-workshops-4\/","title":{"rendered":"Dzielenie si\u0119 tym samym charyzmatem \u2013 Kronika Tygodnia Wincenty\u0144skiego w Pracowni Kuchni Ekonomicznej w Santander"},"content":{"rendered":"\n<p><p style=\"text-align: justify;\">Zbli\u017ca\u0142o si\u0119 \u015awi\u0119to \u015bw. Wincentego a Paulo. B\u0119d\u0105c w domu Si\u00f3str Mi\u0142osierdzia w Pracowni Kuchni Ekonomicznej w Santander chcieli\u015bmy przybli\u017cy\u0107 sobie \u017cycie tego \u015awi\u0119tego.<\/p> <p style=\"text-align: justify;\">Zacz\u0119li\u015bmy tydzie\u0144 od obejrzenia filmu o Za\u0142o\u017cycielach Zgromadze\u0144 Wincenty\u0144skich. W \u015brod\u0119 chcieli\u015bmy podzieli\u0107 popo\u0142udnie na cztery szczeg\u00f3lne chwile:<\/p> <ol>   <li style=\"text-align: justify;\">Pisz\u0105c podsumowanie tego, co ka\u017cda osoba zrozumia\u0142a na temat filmu. Niekt\u00f3re wypowiedzi uczestnik\u00f3w by\u0142y zaskakuj\u0105ce, poniewa\u017c w\u015br\u00f3d ch\u0142opc\u00f3w s\u0105 tacy, kt\u00f3rzy nie zbyt dobrze pos\u0142uguj\u0105 si\u0119 j\u0119zykiem i raczej go nie rozumiej\u0105, ale na kt\u00f3rych wp\u0142yw mia\u0142y obrazy\u2026<\/li>   <li style=\"text-align: justify;\">Po podsumowaniu zapytali\u015bmy ich, co im si\u0119 najbardziej podoba\u0142o lub co najbardziej uderzy\u0142o ich w filmie.<\/li>   <li style=\"text-align: justify;\">Zadawanie pyta\u0144 Siostrom nale\u017c\u0105cym do Wsp\u00f3lnoty Economic Kitchen Santander, poniewa\u017c nast\u0119pnego dnia Siostry chcia\u0142y nam po\u015bwi\u0119ci\u0107 chwil\u0119 czasu.<\/li>   <li style=\"text-align: justify;\">Przygotowa\u0107 czas spotkania z Siostrami w nast\u0119pnym dniu.<\/li> <\/ol> <p style=\"text-align: justify;\">W czwartek 26 wrze\u015bnia o godz. 17:30 Wsp\u00f3lnota Si\u00f3str spotka\u0142a si\u0119 z dzie\u0107mi, kt\u00f3re tworz\u0105 warsztaty.<\/p> <img loading=\"lazy\" decoding=\"async\" width=\"1280\" height=\"720\" class=\"aligncenter size-full wp-image-40097\" src=\"https:\/\/filles-de-la-charite.org\/wp-content\/uploads\/2023\/06\/191129-FiestaSV-3.jpg\" alt=\"\"> <p style=\"text-align: justify;\">Powitali\u015bmy ka\u017cd\u0105 z Si\u00f3str i przedstawili\u015bmy si\u0119 osobi\u015bcie, poniewa\u017c pomimo \u017cycia pod tym samym dachem nie wszyscy si\u0119 znaj\u0105. Od razu te\u017c zacz\u0119\u0142y si\u0119 pytania. Odwiedzi\u0142 nas r\u00f3wnie\u017c nowy Kierownik ds. gospodarczych.<\/p> <p style=\"text-align: justify;\">Ch\u0142opcy zadawali pytania i wybierali Siostr\u0119, kt\u00f3ra mia\u0142a na nie odpowiedzie\u0107:<\/p> <ul>   <li style=\"text-align: justify;\">Dlaczego Siostra nam pomaga?<\/li>   <li style=\"text-align: justify;\">W jaki spos\u00f3b uda\u0142o si\u0119 \u015bw. Wincentemu dzia\u0142a\u0107 bezinteresownie?<\/li>   <li style=\"text-align: justify;\">Czy cieszy si\u0119 Siostra z tego, \u017ce jest Siostr\u0105 Mi\u0142osierdzia?<\/li>   <li style=\"text-align: justify;\">Dlaczego \u015bw. Wincenty postanowi\u0142 ca\u0142kowicie zmieni\u0107 swoje \u017cycie?<\/li>   <li style=\"text-align: justify;\">Czym si\u0119 Siostra zajmowa\u0142a zanim zosta\u0142a Siostr\u0105 Mi\u0142osierdzia?<\/li>   <li style=\"text-align: justify;\">Dlaczego Siostra posz\u0142a drog\u0105 powo\u0142ania Si\u00f3str Mi\u0142osierdzia, b\u0119d\u0105c nauczycielk\u0105, lekarzem, piel\u0119gniark\u0105, prawnikiem itp.?<\/li>   <li style=\"text-align: justify;\">Jakie marzenie zmotywowa\u0142o Siostr\u0119 do bycia Siostr\u0105 Mi\u0142osierdzia, dlaczego, w jakim celu i w jakim wieku?<\/li>   <li style=\"text-align: justify;\">Jak to jest by\u0107 Siostr\u0105 Mi\u0142osierdzia?<\/li>   <li style=\"text-align: justify;\">Dlaczego dzisiaj nie ma wi\u0119cej takich os\u00f3b jak Siostry Mi\u0142osierdzia, kt\u00f3re pomaga\u0142yby biednym?<\/li>   <li style=\"text-align: justify;\">W jakim wieku zdecydowa\u0142a si\u0119 Siostra zrobi\u0107 ten krok w s\u0142u\u017cbie potrzebuj\u0105cym i zosta\u0107 Siostr\u0105 Mi\u0142osierdzia?<\/li>   <li style=\"text-align: justify;\">Dlaczego Siostra pomaga ludziom?<\/li>   <li style=\"text-align: justify;\">Jak d\u0142ugo jeste\u015b Siostr\u0105 Mi\u0142osierdzia?<\/li> <\/ul> <p style=\"text-align: justify;\">To by\u0142 braterski moment. Wszyscy jeste\u015bmy bra\u0107mi zaanga\u017cowani w t\u0119 sam\u0105 Misj\u0119. Mieszkamy lub pracujemy w tym samym miejscu, kt\u00f3re ma specyficzny charyzmat \u015bw. Wincentego. By\u0142o to popo\u0142udnie dzielenia si\u0119. Nast\u0119pnego dnia spotykali\u015bmy si\u0119 na uroczystej Eucharystii na cze\u015b\u0107 \u015bw. Wincentego razem Siostrami, Pracownikami, Wolontariuszami i osobami, kt\u00f3re przybywaj\u0105 do naszego centrum.<\/p> <p style=\"text-align: justify;\">DZI\u0118KUJEMY Bogu za udzia\u0142 w charyzmacie, poniewa\u017c wszyscy jeste\u015bmy powo\u0142ani do pe\u0142nienia tej samej Misji.<\/p> <img loading=\"lazy\" decoding=\"async\" width=\"1280\" height=\"720\" class=\"aligncenter size-full wp-image-40095\" src=\"https:\/\/filles-de-la-charite.org\/wp-content\/uploads\/2023\/06\/191129-FiestaSV-1.jpg\" alt=\"\"> <img loading=\"lazy\" decoding=\"async\" width=\"960\" height=\"539\" class=\"aligncenter size-full wp-image-40098\" src=\"https:\/\/filles-de-la-charite.org\/wp-content\/uploads\/2023\/06\/191129-FiestaSV-4.jpg\" alt=\"\"> <img loading=\"lazy\" decoding=\"async\" width=\"1280\" height=\"719\" class=\"aligncenter size-full wp-image-40096\" src=\"https:\/\/filles-de-la-charite.org\/wp-content\/uploads\/2023\/06\/191129-FiestaSV-2.jpg\" alt=\"\"><\/p>\n","protected":false},"excerpt":{"rendered":"<p>Zbli\u017ca\u0142o si\u0119 \u015awi\u0119to \u015bw. Wincentego a Paulo. B\u0119d\u0105c w domu Si\u00f3str Mi\u0142osierdzia w Pracowni Kuchni Ekonomicznej w Santander chcieli\u015bmy przybli\u017cy\u0107 sobie \u017cycie tego \u015awi\u0119tego. Zacz\u0119li\u015bmy tydzie\u0144 od obejrzenia filmu o Za\u0142o\u017cycielach Zgromadze\u0144 Wincenty\u0144skich. W \u015brod\u0119 chcieli\u015bmy podzieli\u0107 popo\u0142udnie na cztery szczeg\u00f3lne chwile: Pisz\u0105c podsumowanie tego, co ka\u017cda osoba zrozumia\u0142a na temat filmu. Niekt\u00f3re wypowiedzi uczestnik\u00f3w [&hellip;]<\/p>\n","protected":false},"author":1,"featured_media":14286,"comment_status":"closed","ping_status":"closed","sticky":false,"template":"","format":"standard","meta":{"_acf_changed":false,"footnotes":"","_links_to":"","_links_to_target":""},"categories":[801],"tags":[],"class_list":["post-23920","post","type-post","status-publish","format-standard","has-post-thumbnail","hentry","category-espana-norte-pl"],"acf":[],"yoast_head":"<!-- This site is optimized with the Yoast SEO plugin v27.5 - https:\/\/yoast.com\/product\/yoast-seo-wordpress\/ -->\n<title>Dzielenie si\u0119 tym samym charyzmatem \u2013 Kronika Tygodnia Wincenty\u0144skiego w Pracowni Kuchni Ekonomicznej w Santander - Filles de la Charit\u00e9<\/title>\n<meta name=\"robots\" content=\"index, follow, max-snippet:-1, max-image-preview:large, max-video-preview:-1\" \/>\n<link rel=\"canonical\" href=\"https:\/\/filles-de-la-charite.org\/pl\/sharing-the-same-charism-chronicle-of-the-vincentian-week-at-the-santander-economic-kitchen-workshops-4\/\" \/>\n<meta property=\"og:locale\" content=\"pl_PL\" \/>\n<meta property=\"og:type\" content=\"article\" \/>\n<meta property=\"og:title\" content=\"Dzielenie si\u0119 tym samym charyzmatem \u2013 Kronika Tygodnia Wincenty\u0144skiego w Pracowni Kuchni Ekonomicznej w Santander - Filles de la Charit\u00e9\" \/>\n<meta property=\"og:description\" content=\"Zbli\u017ca\u0142o si\u0119 \u015awi\u0119to \u015bw. Wincentego a Paulo. B\u0119d\u0105c w domu Si\u00f3str Mi\u0142osierdzia w Pracowni Kuchni Ekonomicznej w Santander chcieli\u015bmy przybli\u017cy\u0107 sobie \u017cycie tego \u015awi\u0119tego. Zacz\u0119li\u015bmy tydzie\u0144 od obejrzenia filmu o Za\u0142o\u017cycielach Zgromadze\u0144 Wincenty\u0144skich. W \u015brod\u0119 chcieli\u015bmy podzieli\u0107 popo\u0142udnie na cztery szczeg\u00f3lne chwile: Pisz\u0105c podsumowanie tego, co ka\u017cda osoba zrozumia\u0142a na temat filmu. Niekt\u00f3re wypowiedzi uczestnik\u00f3w [&hellip;]\" \/>\n<meta property=\"og:url\" content=\"https:\/\/filles-de-la-charite.org\/pl\/sharing-the-same-charism-chronicle-of-the-vincentian-week-at-the-santander-economic-kitchen-workshops-4\/\" \/>\n<meta property=\"og:site_name\" content=\"Filles de la Charit\u00e9\" \/>\n<meta property=\"article:published_time\" content=\"2019-11-28T22:14:37+00:00\" \/>\n<meta property=\"article:modified_time\" content=\"2024-03-17T17:51:58+00:00\" \/>\n<meta property=\"og:image\" content=\"https:\/\/filles-de-la-charite.org\/wp-content\/uploads\/2023\/06\/191129-FiestaSV-FTD-1.jpg\" \/>\n\t<meta property=\"og:image:width\" content=\"1200\" \/>\n\t<meta property=\"og:image:height\" content=\"630\" \/>\n\t<meta property=\"og:image:type\" content=\"image\/jpeg\" \/>\n<meta name=\"author\" content=\"admin\" \/>\n<meta name=\"twitter:card\" content=\"summary_large_image\" \/>\n<meta name=\"twitter:label1\" content=\"Napisane przez\" \/>\n\t<meta name=\"twitter:data1\" content=\"admin\" \/>\n\t<meta name=\"twitter:label2\" content=\"Szacowany czas czytania\" \/>\n\t<meta name=\"twitter:data2\" content=\"2 minuty\" \/>\n<script type=\"application\/ld+json\" class=\"yoast-schema-graph\">{\"@context\":\"https:\\\/\\\/schema.org\",\"@graph\":[{\"@type\":\"Article\",\"@id\":\"https:\\\/\\\/filles-de-la-charite.org\\\/pl\\\/sharing-the-same-charism-chronicle-of-the-vincentian-week-at-the-santander-economic-kitchen-workshops-4\\\/#article\",\"isPartOf\":{\"@id\":\"https:\\\/\\\/filles-de-la-charite.org\\\/pl\\\/sharing-the-same-charism-chronicle-of-the-vincentian-week-at-the-santander-economic-kitchen-workshops-4\\\/\"},\"author\":{\"name\":\"admin\",\"@id\":\"https:\\\/\\\/filles-de-la-charite.org\\\/pl\\\/#\\\/schema\\\/person\\\/427567b2eccfc2dd7d206da186a1f438\"},\"headline\":\"Dzielenie si\u0119 tym samym charyzmatem \u2013 Kronika Tygodnia Wincenty\u0144skiego w Pracowni Kuchni Ekonomicznej w Santander\",\"datePublished\":\"2019-11-28T22:14:37+00:00\",\"dateModified\":\"2024-03-17T17:51:58+00:00\",\"mainEntityOfPage\":{\"@id\":\"https:\\\/\\\/filles-de-la-charite.org\\\/pl\\\/sharing-the-same-charism-chronicle-of-the-vincentian-week-at-the-santander-economic-kitchen-workshops-4\\\/\"},\"wordCount\":477,\"publisher\":{\"@id\":\"https:\\\/\\\/filles-de-la-charite.org\\\/pl\\\/#organization\"},\"image\":{\"@id\":\"https:\\\/\\\/filles-de-la-charite.org\\\/pl\\\/sharing-the-same-charism-chronicle-of-the-vincentian-week-at-the-santander-economic-kitchen-workshops-4\\\/#primaryimage\"},\"thumbnailUrl\":\"https:\\\/\\\/filles-de-la-charite.org\\\/wp-content\\\/uploads\\\/2023\\\/06\\\/191129-FiestaSV-FTD-1.jpg\",\"articleSection\":[\"Espa\u00f1a-Norte\"],\"inLanguage\":\"pl-PL\"},{\"@type\":\"WebPage\",\"@id\":\"https:\\\/\\\/filles-de-la-charite.org\\\/pl\\\/sharing-the-same-charism-chronicle-of-the-vincentian-week-at-the-santander-economic-kitchen-workshops-4\\\/\",\"url\":\"https:\\\/\\\/filles-de-la-charite.org\\\/pl\\\/sharing-the-same-charism-chronicle-of-the-vincentian-week-at-the-santander-economic-kitchen-workshops-4\\\/\",\"name\":\"Dzielenie si\u0119 tym samym charyzmatem \u2013 Kronika Tygodnia Wincenty\u0144skiego w Pracowni Kuchni Ekonomicznej w Santander - Filles de la Charit\u00e9\",\"isPartOf\":{\"@id\":\"https:\\\/\\\/filles-de-la-charite.org\\\/pl\\\/#website\"},\"primaryImageOfPage\":{\"@id\":\"https:\\\/\\\/filles-de-la-charite.org\\\/pl\\\/sharing-the-same-charism-chronicle-of-the-vincentian-week-at-the-santander-economic-kitchen-workshops-4\\\/#primaryimage\"},\"image\":{\"@id\":\"https:\\\/\\\/filles-de-la-charite.org\\\/pl\\\/sharing-the-same-charism-chronicle-of-the-vincentian-week-at-the-santander-economic-kitchen-workshops-4\\\/#primaryimage\"},\"thumbnailUrl\":\"https:\\\/\\\/filles-de-la-charite.org\\\/wp-content\\\/uploads\\\/2023\\\/06\\\/191129-FiestaSV-FTD-1.jpg\",\"datePublished\":\"2019-11-28T22:14:37+00:00\",\"dateModified\":\"2024-03-17T17:51:58+00:00\",\"breadcrumb\":{\"@id\":\"https:\\\/\\\/filles-de-la-charite.org\\\/pl\\\/sharing-the-same-charism-chronicle-of-the-vincentian-week-at-the-santander-economic-kitchen-workshops-4\\\/#breadcrumb\"},\"inLanguage\":\"pl-PL\",\"potentialAction\":[{\"@type\":\"ReadAction\",\"target\":[\"https:\\\/\\\/filles-de-la-charite.org\\\/pl\\\/sharing-the-same-charism-chronicle-of-the-vincentian-week-at-the-santander-economic-kitchen-workshops-4\\\/\"]}]},{\"@type\":\"ImageObject\",\"inLanguage\":\"pl-PL\",\"@id\":\"https:\\\/\\\/filles-de-la-charite.org\\\/pl\\\/sharing-the-same-charism-chronicle-of-the-vincentian-week-at-the-santander-economic-kitchen-workshops-4\\\/#primaryimage\",\"url\":\"https:\\\/\\\/filles-de-la-charite.org\\\/wp-content\\\/uploads\\\/2023\\\/06\\\/191129-FiestaSV-FTD-1.jpg\",\"contentUrl\":\"https:\\\/\\\/filles-de-la-charite.org\\\/wp-content\\\/uploads\\\/2023\\\/06\\\/191129-FiestaSV-FTD-1.jpg\",\"width\":1200,\"height\":630},{\"@type\":\"BreadcrumbList\",\"@id\":\"https:\\\/\\\/filles-de-la-charite.org\\\/pl\\\/sharing-the-same-charism-chronicle-of-the-vincentian-week-at-the-santander-economic-kitchen-workshops-4\\\/#breadcrumb\",\"itemListElement\":[{\"@type\":\"ListItem\",\"position\":1,\"name\":\"Espa\u00f1a-Norte\",\"item\":\"https:\\\/\\\/filles-de-la-charite.org\\\/pl\\\/category\\\/espana-norte-pl\\\/\"},{\"@type\":\"ListItem\",\"position\":2,\"name\":\"Dzielenie si\u0119 tym samym charyzmatem \u2013 Kronika Tygodnia Wincenty\u0144skiego w Pracowni Kuchni Ekonomicznej w Santander\"}]},{\"@type\":\"WebSite\",\"@id\":\"https:\\\/\\\/filles-de-la-charite.org\\\/pl\\\/#website\",\"url\":\"https:\\\/\\\/filles-de-la-charite.org\\\/pl\\\/\",\"name\":\"Hijas de la Caridad\",\"description\":\"L\u2019amour de J\u00e9sus nous presse \u00e0 prendre soin des personnes les plus d\u00e9munies\",\"publisher\":{\"@id\":\"https:\\\/\\\/filles-de-la-charite.org\\\/pl\\\/#organization\"},\"potentialAction\":[{\"@type\":\"SearchAction\",\"target\":{\"@type\":\"EntryPoint\",\"urlTemplate\":\"https:\\\/\\\/filles-de-la-charite.org\\\/pl\\\/?s={search_term_string}\"},\"query-input\":{\"@type\":\"PropertyValueSpecification\",\"valueRequired\":true,\"valueName\":\"search_term_string\"}}],\"inLanguage\":\"pl-PL\"},{\"@type\":\"Organization\",\"@id\":\"https:\\\/\\\/filles-de-la-charite.org\\\/pl\\\/#organization\",\"name\":\"Hijas de la Caridad\",\"url\":\"https:\\\/\\\/filles-de-la-charite.org\\\/pl\\\/\",\"logo\":{\"@type\":\"ImageObject\",\"inLanguage\":\"pl-PL\",\"@id\":\"https:\\\/\\\/filles-de-la-charite.org\\\/pl\\\/#\\\/schema\\\/logo\\\/image\\\/\",\"url\":\"https:\\\/\\\/filles-de-la-charite.org\\\/wp-content\\\/uploads\\\/2023\\\/03\\\/isotipo-Hijas-de-la-Caridad.png\",\"contentUrl\":\"https:\\\/\\\/filles-de-la-charite.org\\\/wp-content\\\/uploads\\\/2023\\\/03\\\/isotipo-Hijas-de-la-Caridad.png\",\"width\":1417,\"height\":1417,\"caption\":\"Hijas de la Caridad\"},\"image\":{\"@id\":\"https:\\\/\\\/filles-de-la-charite.org\\\/pl\\\/#\\\/schema\\\/logo\\\/image\\\/\"}},{\"@type\":\"Person\",\"@id\":\"https:\\\/\\\/filles-de-la-charite.org\\\/pl\\\/#\\\/schema\\\/person\\\/427567b2eccfc2dd7d206da186a1f438\",\"name\":\"admin\",\"image\":{\"@type\":\"ImageObject\",\"inLanguage\":\"pl-PL\",\"@id\":\"https:\\\/\\\/secure.gravatar.com\\\/avatar\\\/948b492cce32b586ac2db0eaa926ee87024f7afe218d73b397ea5ddfc5f43ea1?s=96&d=mm&r=g\",\"url\":\"https:\\\/\\\/secure.gravatar.com\\\/avatar\\\/948b492cce32b586ac2db0eaa926ee87024f7afe218d73b397ea5ddfc5f43ea1?s=96&d=mm&r=g\",\"contentUrl\":\"https:\\\/\\\/secure.gravatar.com\\\/avatar\\\/948b492cce32b586ac2db0eaa926ee87024f7afe218d73b397ea5ddfc5f43ea1?s=96&d=mm&r=g\",\"caption\":\"admin\"},\"sameAs\":[\"https:\\\/\\\/filles-de-la-charite.org\"],\"url\":\"https:\\\/\\\/filles-de-la-charite.org\\\/pl\\\/author\\\/caridad\\\/\"}]}<\/script>\n<!-- \/ Yoast SEO plugin. -->","yoast_head_json":{"title":"Dzielenie si\u0119 tym samym charyzmatem \u2013 Kronika Tygodnia Wincenty\u0144skiego w Pracowni Kuchni Ekonomicznej w Santander - Filles de la Charit\u00e9","robots":{"index":"index","follow":"follow","max-snippet":"max-snippet:-1","max-image-preview":"max-image-preview:large","max-video-preview":"max-video-preview:-1"},"canonical":"https:\/\/filles-de-la-charite.org\/pl\/sharing-the-same-charism-chronicle-of-the-vincentian-week-at-the-santander-economic-kitchen-workshops-4\/","og_locale":"pl_PL","og_type":"article","og_title":"Dzielenie si\u0119 tym samym charyzmatem \u2013 Kronika Tygodnia Wincenty\u0144skiego w Pracowni Kuchni Ekonomicznej w Santander - Filles de la Charit\u00e9","og_description":"Zbli\u017ca\u0142o si\u0119 \u015awi\u0119to \u015bw. Wincentego a Paulo. B\u0119d\u0105c w domu Si\u00f3str Mi\u0142osierdzia w Pracowni Kuchni Ekonomicznej w Santander chcieli\u015bmy przybli\u017cy\u0107 sobie \u017cycie tego \u015awi\u0119tego. Zacz\u0119li\u015bmy tydzie\u0144 od obejrzenia filmu o Za\u0142o\u017cycielach Zgromadze\u0144 Wincenty\u0144skich. W \u015brod\u0119 chcieli\u015bmy podzieli\u0107 popo\u0142udnie na cztery szczeg\u00f3lne chwile: Pisz\u0105c podsumowanie tego, co ka\u017cda osoba zrozumia\u0142a na temat filmu. Niekt\u00f3re wypowiedzi uczestnik\u00f3w [&hellip;]","og_url":"https:\/\/filles-de-la-charite.org\/pl\/sharing-the-same-charism-chronicle-of-the-vincentian-week-at-the-santander-economic-kitchen-workshops-4\/","og_site_name":"Filles de la Charit\u00e9","article_published_time":"2019-11-28T22:14:37+00:00","article_modified_time":"2024-03-17T17:51:58+00:00","og_image":[{"width":1200,"height":630,"url":"https:\/\/filles-de-la-charite.org\/wp-content\/uploads\/2023\/06\/191129-FiestaSV-FTD-1.jpg","type":"image\/jpeg"}],"author":"admin","twitter_card":"summary_large_image","twitter_misc":{"Napisane przez":"admin","Szacowany czas czytania":"2 minuty"},"schema":{"@context":"https:\/\/schema.org","@graph":[{"@type":"Article","@id":"https:\/\/filles-de-la-charite.org\/pl\/sharing-the-same-charism-chronicle-of-the-vincentian-week-at-the-santander-economic-kitchen-workshops-4\/#article","isPartOf":{"@id":"https:\/\/filles-de-la-charite.org\/pl\/sharing-the-same-charism-chronicle-of-the-vincentian-week-at-the-santander-economic-kitchen-workshops-4\/"},"author":{"name":"admin","@id":"https:\/\/filles-de-la-charite.org\/pl\/#\/schema\/person\/427567b2eccfc2dd7d206da186a1f438"},"headline":"Dzielenie si\u0119 tym samym charyzmatem \u2013 Kronika Tygodnia Wincenty\u0144skiego w Pracowni Kuchni Ekonomicznej w Santander","datePublished":"2019-11-28T22:14:37+00:00","dateModified":"2024-03-17T17:51:58+00:00","mainEntityOfPage":{"@id":"https:\/\/filles-de-la-charite.org\/pl\/sharing-the-same-charism-chronicle-of-the-vincentian-week-at-the-santander-economic-kitchen-workshops-4\/"},"wordCount":477,"publisher":{"@id":"https:\/\/filles-de-la-charite.org\/pl\/#organization"},"image":{"@id":"https:\/\/filles-de-la-charite.org\/pl\/sharing-the-same-charism-chronicle-of-the-vincentian-week-at-the-santander-economic-kitchen-workshops-4\/#primaryimage"},"thumbnailUrl":"https:\/\/filles-de-la-charite.org\/wp-content\/uploads\/2023\/06\/191129-FiestaSV-FTD-1.jpg","articleSection":["Espa\u00f1a-Norte"],"inLanguage":"pl-PL"},{"@type":"WebPage","@id":"https:\/\/filles-de-la-charite.org\/pl\/sharing-the-same-charism-chronicle-of-the-vincentian-week-at-the-santander-economic-kitchen-workshops-4\/","url":"https:\/\/filles-de-la-charite.org\/pl\/sharing-the-same-charism-chronicle-of-the-vincentian-week-at-the-santander-economic-kitchen-workshops-4\/","name":"Dzielenie si\u0119 tym samym charyzmatem \u2013 Kronika Tygodnia Wincenty\u0144skiego w Pracowni Kuchni Ekonomicznej w Santander - Filles de la Charit\u00e9","isPartOf":{"@id":"https:\/\/filles-de-la-charite.org\/pl\/#website"},"primaryImageOfPage":{"@id":"https:\/\/filles-de-la-charite.org\/pl\/sharing-the-same-charism-chronicle-of-the-vincentian-week-at-the-santander-economic-kitchen-workshops-4\/#primaryimage"},"image":{"@id":"https:\/\/filles-de-la-charite.org\/pl\/sharing-the-same-charism-chronicle-of-the-vincentian-week-at-the-santander-economic-kitchen-workshops-4\/#primaryimage"},"thumbnailUrl":"https:\/\/filles-de-la-charite.org\/wp-content\/uploads\/2023\/06\/191129-FiestaSV-FTD-1.jpg","datePublished":"2019-11-28T22:14:37+00:00","dateModified":"2024-03-17T17:51:58+00:00","breadcrumb":{"@id":"https:\/\/filles-de-la-charite.org\/pl\/sharing-the-same-charism-chronicle-of-the-vincentian-week-at-the-santander-economic-kitchen-workshops-4\/#breadcrumb"},"inLanguage":"pl-PL","potentialAction":[{"@type":"ReadAction","target":["https:\/\/filles-de-la-charite.org\/pl\/sharing-the-same-charism-chronicle-of-the-vincentian-week-at-the-santander-economic-kitchen-workshops-4\/"]}]},{"@type":"ImageObject","inLanguage":"pl-PL","@id":"https:\/\/filles-de-la-charite.org\/pl\/sharing-the-same-charism-chronicle-of-the-vincentian-week-at-the-santander-economic-kitchen-workshops-4\/#primaryimage","url":"https:\/\/filles-de-la-charite.org\/wp-content\/uploads\/2023\/06\/191129-FiestaSV-FTD-1.jpg","contentUrl":"https:\/\/filles-de-la-charite.org\/wp-content\/uploads\/2023\/06\/191129-FiestaSV-FTD-1.jpg","width":1200,"height":630},{"@type":"BreadcrumbList","@id":"https:\/\/filles-de-la-charite.org\/pl\/sharing-the-same-charism-chronicle-of-the-vincentian-week-at-the-santander-economic-kitchen-workshops-4\/#breadcrumb","itemListElement":[{"@type":"ListItem","position":1,"name":"Espa\u00f1a-Norte","item":"https:\/\/filles-de-la-charite.org\/pl\/category\/espana-norte-pl\/"},{"@type":"ListItem","position":2,"name":"Dzielenie si\u0119 tym samym charyzmatem \u2013 Kronika Tygodnia Wincenty\u0144skiego w Pracowni Kuchni Ekonomicznej w Santander"}]},{"@type":"WebSite","@id":"https:\/\/filles-de-la-charite.org\/pl\/#website","url":"https:\/\/filles-de-la-charite.org\/pl\/","name":"Hijas de la Caridad","description":"L\u2019amour de J\u00e9sus nous presse \u00e0 prendre soin des personnes les plus d\u00e9munies","publisher":{"@id":"https:\/\/filles-de-la-charite.org\/pl\/#organization"},"potentialAction":[{"@type":"SearchAction","target":{"@type":"EntryPoint","urlTemplate":"https:\/\/filles-de-la-charite.org\/pl\/?s={search_term_string}"},"query-input":{"@type":"PropertyValueSpecification","valueRequired":true,"valueName":"search_term_string"}}],"inLanguage":"pl-PL"},{"@type":"Organization","@id":"https:\/\/filles-de-la-charite.org\/pl\/#organization","name":"Hijas de la Caridad","url":"https:\/\/filles-de-la-charite.org\/pl\/","logo":{"@type":"ImageObject","inLanguage":"pl-PL","@id":"https:\/\/filles-de-la-charite.org\/pl\/#\/schema\/logo\/image\/","url":"https:\/\/filles-de-la-charite.org\/wp-content\/uploads\/2023\/03\/isotipo-Hijas-de-la-Caridad.png","contentUrl":"https:\/\/filles-de-la-charite.org\/wp-content\/uploads\/2023\/03\/isotipo-Hijas-de-la-Caridad.png","width":1417,"height":1417,"caption":"Hijas de la Caridad"},"image":{"@id":"https:\/\/filles-de-la-charite.org\/pl\/#\/schema\/logo\/image\/"}},{"@type":"Person","@id":"https:\/\/filles-de-la-charite.org\/pl\/#\/schema\/person\/427567b2eccfc2dd7d206da186a1f438","name":"admin","image":{"@type":"ImageObject","inLanguage":"pl-PL","@id":"https:\/\/secure.gravatar.com\/avatar\/948b492cce32b586ac2db0eaa926ee87024f7afe218d73b397ea5ddfc5f43ea1?s=96&d=mm&r=g","url":"https:\/\/secure.gravatar.com\/avatar\/948b492cce32b586ac2db0eaa926ee87024f7afe218d73b397ea5ddfc5f43ea1?s=96&d=mm&r=g","contentUrl":"https:\/\/secure.gravatar.com\/avatar\/948b492cce32b586ac2db0eaa926ee87024f7afe218d73b397ea5ddfc5f43ea1?s=96&d=mm&r=g","caption":"admin"},"sameAs":["https:\/\/filles-de-la-charite.org"],"url":"https:\/\/filles-de-la-charite.org\/pl\/author\/caridad\/"}]}},"_links":{"self":[{"href":"https:\/\/filles-de-la-charite.org\/pl\/wp-json\/wp\/v2\/posts\/23920","targetHints":{"allow":["GET"]}}],"collection":[{"href":"https:\/\/filles-de-la-charite.org\/pl\/wp-json\/wp\/v2\/posts"}],"about":[{"href":"https:\/\/filles-de-la-charite.org\/pl\/wp-json\/wp\/v2\/types\/post"}],"author":[{"embeddable":true,"href":"https:\/\/filles-de-la-charite.org\/pl\/wp-json\/wp\/v2\/users\/1"}],"replies":[{"embeddable":true,"href":"https:\/\/filles-de-la-charite.org\/pl\/wp-json\/wp\/v2\/comments?post=23920"}],"version-history":[{"count":1,"href":"https:\/\/filles-de-la-charite.org\/pl\/wp-json\/wp\/v2\/posts\/23920\/revisions"}],"predecessor-version":[{"id":23922,"href":"https:\/\/filles-de-la-charite.org\/pl\/wp-json\/wp\/v2\/posts\/23920\/revisions\/23922"}],"wp:featuredmedia":[{"embeddable":true,"href":"https:\/\/filles-de-la-charite.org\/pl\/wp-json\/wp\/v2\/media\/14286"}],"wp:attachment":[{"href":"https:\/\/filles-de-la-charite.org\/pl\/wp-json\/wp\/v2\/media?parent=23920"}],"wp:term":[{"taxonomy":"category","embeddable":true,"href":"https:\/\/filles-de-la-charite.org\/pl\/wp-json\/wp\/v2\/categories?post=23920"},{"taxonomy":"post_tag","embeddable":true,"href":"https:\/\/filles-de-la-charite.org\/pl\/wp-json\/wp\/v2\/tags?post=23920"}],"curies":[{"name":"wp","href":"https:\/\/api.w.org\/{rel}","templated":true}]}}