{"id":23929,"date":"2019-12-28T18:21:05","date_gmt":"2019-12-28T17:21:05","guid":{"rendered":"https:\/\/hijascaridad.sjdigitaldemo.ovh\/interprovincial-meeting-of-initial-formation-sisters-of-spain-4\/"},"modified":"2024-03-17T18:51:49","modified_gmt":"2024-03-17T17:51:49","slug":"interprovincial-meeting-of-initial-formation-sisters-of-spain-4","status":"publish","type":"post","link":"https:\/\/filles-de-la-charite.org\/pl\/interprovincial-meeting-of-initial-formation-sisters-of-spain-4\/","title":{"rendered":"Mi\u0119dzyprowincjalne spotkanie Si\u00f3str formacji pocz\u0105tkowej w Hiszpanii"},"content":{"rendered":"\n<p><p style=\"text-align: justify;\">W dniach 28 listopada - 1 grudnia odby\u0142o si\u0119 spotkanie formacyjne w Los Almendros (Madryt). Do\u0142\u0105czy\u0142y do nas Lola Arrieta i Cova Orejas, Siostry Karmelitanki z Vedruny, kt\u00f3re uczestnicz\u0105 w znanym Projekcie Towarzyszenia \u201eRuaj\u201d. By\u0142y odpowiedzialne za przedstawienie tematu: <strong>\u201eHistoria \u017cycia powo\u0142aniem\u201d\u00a0<\/strong>oraz podanie nam sposob\u00f3w, kt\u00f3re pozwoli\u0142by nam osi\u0105gn\u0105\u0107 cel jaki postawi\u0142y\u015bmy sobie na pocz\u0105tku:<strong>Ponownie przemy\u015ble\u0107 \u017cycie jako powo\u0142anie pami\u0119taj\u0105c o najbli\u017cszej przesz\u0142o\u015bci zachowuj\u0105c j\u0105 w sercu i otwieraj\u0105c si\u0119 na przysz\u0142o\u015b\u0107 z wdzi\u0119czno\u015bci\u0105 i nadziej\u0105.<\/strong><\/p> <p style=\"text-align: justify;\">Poprzez wyobra\u017cenie pewnego rodzaju obrazu, kt\u00f3ry reprezentowa\u0142 nasze lata przynale\u017cno\u015bci do Zgromadzenia, wskaza\u0142y\u015bmy punkty trudne, momenty, kt\u00f3re wywo\u0142a\u0142y <strong>smutek, rado\u015b\u0107, zamieszanie, niepok\u00f3j<\/strong>... niekt\u00f3re z nich s\u0105 przechowywane przez nas w pami\u0119ci i nie zosta\u0142y wypowiedziane, ale z kt\u00f3rymi umiemy sobie radzi\u0107 i z nimi \u017cy\u0107. Bardzo konstruktywne by\u0142o dzielenie si\u0119 w parach powt\u00f3rnym czytaniem, kt\u00f3re ka\u017cdy z nas zrobi\u0142, i dzielenie si\u0119 nim p\u00f3\u017aniej w grupie. Zosta\u0142y\u015bmy r\u00f3wnie\u017c zaproszone do u\u015bwiadomienia sobie, dok\u0105d zmierzamy oraz do wykrycia trosk i trudno\u015bci, kt\u00f3re nas niepokoi\u0142y.<\/p> <p style=\"text-align: justify;\"><img loading=\"lazy\" decoding=\"async\" width=\"240\" height=\"300\" class=\"alignright size-medium wp-image-40159\" src=\"https:\/\/filles-de-la-charite.org\/wp-content\/uploads\/2023\/06\/191228-formacion-4-240x300.jpg\" alt=\"\">Zrobi\u0142y\u015bmy nast\u0119pny krok pos\u0142uguj\u0105c si\u0119 \u015bwiadkiem wskazanym nam przez Pana, Izajaszem <strong>\u201eOto jestem, po\u015blij mnie\u201d\u00a0<\/strong>(Iz 6,8) i zgodnie z tekstem pog\u0142\u0119bia\u0142y\u015bmy nasz\u0105 podr\u00f3\u017c pedagogiczn\u0105, w szczeg\u00f3lno\u015bci w 3 elementach, kt\u00f3re musimy wzi\u0105\u0107 pod uwag\u0119 w \u017cyciu jako klucz naszego powo\u0142ania: <strong>do\u015bwiadczenie teofaniczne, proces konsekracji, kt\u00f3ry nas kszta\u0142tuje i wysy\u0142a na misj\u0119.<\/strong><\/p> <p style=\"text-align: justify;\">Z pragnieniem \u017cycia, by ka\u017cdy dzie\u0144 by\u0142 coraz bardziej zakorzeniony i zwi\u0105zany z Bogiem, to znaczy \u017cycia \u015bwiadomo\u015bci\u0105 misji, rozpocz\u0119\u0142y\u015bmy dzie\u0144 od wsp\u00f3lnej <strong>w\u0119dr\u00f3wki \u015bcie\u017ckami<\/strong>wyznaczonych zada\u0144, na kt\u00f3rej pog\u0142\u0119bia\u0142y\u015bmy przes\u0142anie: \u201e<strong>By\u0107 doros\u0142ym<\/strong>, po\u015br\u00f3d innych rzeczy, <strong>poprzez zdolno\u015b\u0107 do pracy<\/strong>\u201d, przypominaj\u0105ce nam, \u017ce zadania nie s\u0105 misj\u0105. <strong>Miejsce Motywacji<\/strong>, w kt\u00f3rym odkry\u0142y\u015bmy, \u017ce <strong>\u201eto, co robimy, jest wa\u017cne, ale jeszcze bardziej to, co nas motywuje do tego, co robimy\u201d\u00a0<\/strong>oraz jak wa\u017cne jest rozpoznanie g\u0142\u00f3wnych argumentacji do poprawy zarz\u0105dzania nimi, a tak\u017ce troska o te motywacje, kt\u00f3re popychaj\u0105 nas do robienia tego, co robimy. Najwa\u017cniejszym dla nas wydarzeniem by\u0142a zach\u0119ta, by prosi\u0107 o dar Ducha \u015awi\u0119tego, i\u015b\u0107 w kierunku procesu zjednoczenia i \u201e\u017cy\u0107 \u017cyciem jako misj\u0105\u201d oraz \u017cy\u0107 w blisko\u015bci i <strong>Wsp\u00f3lnocie\u00a0<\/strong>w postawie <strong>c\u00f3rek i si\u00f3str. <\/strong><\/p> <p style=\"text-align: justify;\"><img loading=\"lazy\" decoding=\"async\" width=\"300\" height=\"300\" class=\"alignleft size-medium wp-image-40160\" src=\"https:\/\/filles-de-la-charite.org\/wp-content\/uploads\/2023\/06\/191228-formacion-5-300x300.jpg\" alt=\"\">Niedziel\u0119 po\u015bwi\u0119ci\u0142y\u015bmy zg\u0142\u0119bianiu r\u00f3\u017cnych punkt\u00f3w szczeg\u00f3lnego zainteresowania, kt\u00f3re podczas naszych rozm\u00f3w odzwierciedla\u0142y zatroskanie na naszej drodze powo\u0142aniowej. By\u0142y to: do\u015bwiadczenie <strong>\u201ezdezorientowanych\u201d \u015bwiadk\u00f3w<\/strong>, kt\u00f3rzy pod\u0105\u017caj\u0105 innymi \u015bcie\u017ckami ni\u017c te wyznaczone, aby spojrze\u0107 na Jezusa; <strong>trudno\u015bci w zintegrowaniu \u017cycia jako misji<\/strong>; <strong>potrzeby le\u017c\u0105ce u podstaw g\u0142\u00f3wnych motywacji<\/strong>, bo im bardziej s\u0105 one zr\u00f3wnowa\u017cone, tym lepiej mo\u017cemy odpowiedzie\u0107 w naszym oddaniu sie dla innych; <strong>warto\u015bci, kt\u00f3re maj\u0105 \u017cywotne interesy, relacje z Bogiem w czasach przeciwno\u015bci losu, utrata wa\u017cnych dla nas os\u00f3b, znaczenie u\u015bwiadomienia sobie obecno\u015bci Boga w naszym \u017cyciu poprzez chwile za\u017cy\u0142o\u015bci z Nim, odkrycie osobistego powo\u0142ania w ramach wsp\u00f3lnego powo\u0142ania oraz trudno\u015bci oddania Bogu centralnego miejsca w naszym \u017cyciu i rezygnacji z w\u0142asnego ja.<\/strong><\/p> <p style=\"text-align: justify;\">Zako\u0144czy\u0142y\u015bmy to wspania\u0142e spotkanie, dzi\u0119kuj\u0105c Bogu za wszystko, co nam da\u0142, z przekonaniem o potrzebie dalszego pog\u0142\u0119biania naszej ludzkiej formacji, aby by\u0107 S\u0142u\u017cebnicami Pana i ludzi w potrzebie. Jak zawsze dzi\u0119kujemy Siostrom, kt\u00f3re zawsze witaj\u0105 nas z rado\u015bci\u0105 i serdeczno\u015bci\u0105.<\/p> <p style=\"text-align: right;\"><strong>\u00a0<\/strong><em>Siostra Maria Jos\u00e9 Alias, Siostra Mi\u0142osierdzia<\/em><\/p> <img loading=\"lazy\" decoding=\"async\" width=\"1280\" height=\"720\" class=\"aligncenter wp-image-40158 size-full\" src=\"https:\/\/filles-de-la-charite.org\/wp-content\/uploads\/2023\/06\/191228-formacion-3.jpg\" alt=\"\"> <img loading=\"lazy\" decoding=\"async\" width=\"1280\" height=\"720\" class=\"alignleft wp-image-40157 size-full\" src=\"https:\/\/filles-de-la-charite.org\/wp-content\/uploads\/2023\/06\/191228-formacion-2.jpg\" alt=\"\"> <img loading=\"lazy\" decoding=\"async\" width=\"1280\" height=\"720\" class=\"aligncenter size-full wp-image-40156\" src=\"https:\/\/filles-de-la-charite.org\/wp-content\/uploads\/2023\/06\/191228-formacion-1.jpg\" alt=\"\"><\/p>\n","protected":false},"excerpt":{"rendered":"<p>W dniach 28 listopada &#8211; 1 grudnia odby\u0142o si\u0119 spotkanie formacyjne w Los Almendros (Madryt). Do\u0142\u0105czy\u0142y do nas Lola Arrieta i Cova Orejas, Siostry Karmelitanki z Vedruny, kt\u00f3re uczestnicz\u0105 w znanym Projekcie Towarzyszenia \u201eRuaj\u201d. By\u0142y odpowiedzialne za przedstawienie tematu: \u201eHistoria \u017cycia powo\u0142aniem\u201d\u00a0oraz podanie nam sposob\u00f3w, kt\u00f3re pozwoli\u0142by nam osi\u0105gn\u0105\u0107 cel jaki postawi\u0142y\u015bmy sobie na pocz\u0105tku:Ponownie [&hellip;]<\/p>\n","protected":false},"author":1,"featured_media":14324,"comment_status":"closed","ping_status":"closed","sticky":false,"template":"","format":"standard","meta":{"_acf_changed":false,"footnotes":"","_links_to":"","_links_to_target":""},"categories":[767],"tags":[],"class_list":["post-23929","post","type-post","status-publish","format-standard","has-post-thumbnail","hentry","category-espana-pl"],"acf":[],"yoast_head":"<!-- This site is optimized with the Yoast SEO plugin v27.5 - https:\/\/yoast.com\/product\/yoast-seo-wordpress\/ -->\n<title>Mi\u0119dzyprowincjalne spotkanie Si\u00f3str formacji pocz\u0105tkowej w Hiszpanii - Filles de la Charit\u00e9<\/title>\n<meta name=\"robots\" content=\"index, follow, max-snippet:-1, max-image-preview:large, max-video-preview:-1\" \/>\n<link rel=\"canonical\" href=\"https:\/\/filles-de-la-charite.org\/pl\/interprovincial-meeting-of-initial-formation-sisters-of-spain-4\/\" \/>\n<meta property=\"og:locale\" content=\"pl_PL\" \/>\n<meta property=\"og:type\" content=\"article\" \/>\n<meta property=\"og:title\" content=\"Mi\u0119dzyprowincjalne spotkanie Si\u00f3str formacji pocz\u0105tkowej w Hiszpanii - Filles de la Charit\u00e9\" \/>\n<meta property=\"og:description\" content=\"W dniach 28 listopada &#8211; 1 grudnia odby\u0142o si\u0119 spotkanie formacyjne w Los Almendros (Madryt). Do\u0142\u0105czy\u0142y do nas Lola Arrieta i Cova Orejas, Siostry Karmelitanki z Vedruny, kt\u00f3re uczestnicz\u0105 w znanym Projekcie Towarzyszenia \u201eRuaj\u201d. By\u0142y odpowiedzialne za przedstawienie tematu: \u201eHistoria \u017cycia powo\u0142aniem\u201d\u00a0oraz podanie nam sposob\u00f3w, kt\u00f3re pozwoli\u0142by nam osi\u0105gn\u0105\u0107 cel jaki postawi\u0142y\u015bmy sobie na pocz\u0105tku:Ponownie [&hellip;]\" \/>\n<meta property=\"og:url\" content=\"https:\/\/filles-de-la-charite.org\/pl\/interprovincial-meeting-of-initial-formation-sisters-of-spain-4\/\" \/>\n<meta property=\"og:site_name\" content=\"Filles de la Charit\u00e9\" \/>\n<meta property=\"article:published_time\" content=\"2019-12-28T17:21:05+00:00\" \/>\n<meta property=\"article:modified_time\" content=\"2024-03-17T17:51:49+00:00\" \/>\n<meta property=\"og:image\" content=\"https:\/\/filles-de-la-charite.org\/wp-content\/uploads\/2023\/06\/191228-formacion-5-1.jpg\" \/>\n\t<meta property=\"og:image:width\" content=\"1200\" \/>\n\t<meta property=\"og:image:height\" content=\"1200\" \/>\n\t<meta property=\"og:image:type\" content=\"image\/jpeg\" \/>\n<meta name=\"author\" content=\"admin\" \/>\n<meta name=\"twitter:card\" content=\"summary_large_image\" \/>\n<meta name=\"twitter:label1\" content=\"Napisane przez\" \/>\n\t<meta name=\"twitter:data1\" content=\"admin\" \/>\n\t<meta name=\"twitter:label2\" content=\"Szacowany czas czytania\" \/>\n\t<meta name=\"twitter:data2\" content=\"3 minuty\" \/>\n<script type=\"application\/ld+json\" class=\"yoast-schema-graph\">{\"@context\":\"https:\\\/\\\/schema.org\",\"@graph\":[{\"@type\":\"Article\",\"@id\":\"https:\\\/\\\/filles-de-la-charite.org\\\/pl\\\/interprovincial-meeting-of-initial-formation-sisters-of-spain-4\\\/#article\",\"isPartOf\":{\"@id\":\"https:\\\/\\\/filles-de-la-charite.org\\\/pl\\\/interprovincial-meeting-of-initial-formation-sisters-of-spain-4\\\/\"},\"author\":{\"name\":\"admin\",\"@id\":\"https:\\\/\\\/filles-de-la-charite.org\\\/pl\\\/#\\\/schema\\\/person\\\/427567b2eccfc2dd7d206da186a1f438\"},\"headline\":\"Mi\u0119dzyprowincjalne spotkanie Si\u00f3str formacji pocz\u0105tkowej w Hiszpanii\",\"datePublished\":\"2019-12-28T17:21:05+00:00\",\"dateModified\":\"2024-03-17T17:51:49+00:00\",\"mainEntityOfPage\":{\"@id\":\"https:\\\/\\\/filles-de-la-charite.org\\\/pl\\\/interprovincial-meeting-of-initial-formation-sisters-of-spain-4\\\/\"},\"wordCount\":660,\"publisher\":{\"@id\":\"https:\\\/\\\/filles-de-la-charite.org\\\/pl\\\/#organization\"},\"image\":{\"@id\":\"https:\\\/\\\/filles-de-la-charite.org\\\/pl\\\/interprovincial-meeting-of-initial-formation-sisters-of-spain-4\\\/#primaryimage\"},\"thumbnailUrl\":\"https:\\\/\\\/filles-de-la-charite.org\\\/wp-content\\\/uploads\\\/2023\\\/06\\\/191228-formacion-5-1.jpg\",\"articleSection\":[\"Hiszpania\"],\"inLanguage\":\"pl-PL\"},{\"@type\":\"WebPage\",\"@id\":\"https:\\\/\\\/filles-de-la-charite.org\\\/pl\\\/interprovincial-meeting-of-initial-formation-sisters-of-spain-4\\\/\",\"url\":\"https:\\\/\\\/filles-de-la-charite.org\\\/pl\\\/interprovincial-meeting-of-initial-formation-sisters-of-spain-4\\\/\",\"name\":\"Mi\u0119dzyprowincjalne spotkanie Si\u00f3str formacji pocz\u0105tkowej w Hiszpanii - Filles de la Charit\u00e9\",\"isPartOf\":{\"@id\":\"https:\\\/\\\/filles-de-la-charite.org\\\/pl\\\/#website\"},\"primaryImageOfPage\":{\"@id\":\"https:\\\/\\\/filles-de-la-charite.org\\\/pl\\\/interprovincial-meeting-of-initial-formation-sisters-of-spain-4\\\/#primaryimage\"},\"image\":{\"@id\":\"https:\\\/\\\/filles-de-la-charite.org\\\/pl\\\/interprovincial-meeting-of-initial-formation-sisters-of-spain-4\\\/#primaryimage\"},\"thumbnailUrl\":\"https:\\\/\\\/filles-de-la-charite.org\\\/wp-content\\\/uploads\\\/2023\\\/06\\\/191228-formacion-5-1.jpg\",\"datePublished\":\"2019-12-28T17:21:05+00:00\",\"dateModified\":\"2024-03-17T17:51:49+00:00\",\"breadcrumb\":{\"@id\":\"https:\\\/\\\/filles-de-la-charite.org\\\/pl\\\/interprovincial-meeting-of-initial-formation-sisters-of-spain-4\\\/#breadcrumb\"},\"inLanguage\":\"pl-PL\",\"potentialAction\":[{\"@type\":\"ReadAction\",\"target\":[\"https:\\\/\\\/filles-de-la-charite.org\\\/pl\\\/interprovincial-meeting-of-initial-formation-sisters-of-spain-4\\\/\"]}]},{\"@type\":\"ImageObject\",\"inLanguage\":\"pl-PL\",\"@id\":\"https:\\\/\\\/filles-de-la-charite.org\\\/pl\\\/interprovincial-meeting-of-initial-formation-sisters-of-spain-4\\\/#primaryimage\",\"url\":\"https:\\\/\\\/filles-de-la-charite.org\\\/wp-content\\\/uploads\\\/2023\\\/06\\\/191228-formacion-5-1.jpg\",\"contentUrl\":\"https:\\\/\\\/filles-de-la-charite.org\\\/wp-content\\\/uploads\\\/2023\\\/06\\\/191228-formacion-5-1.jpg\",\"width\":1200,\"height\":1200},{\"@type\":\"BreadcrumbList\",\"@id\":\"https:\\\/\\\/filles-de-la-charite.org\\\/pl\\\/interprovincial-meeting-of-initial-formation-sisters-of-spain-4\\\/#breadcrumb\",\"itemListElement\":[{\"@type\":\"ListItem\",\"position\":1,\"name\":\"Hiszpania\",\"item\":\"https:\\\/\\\/filles-de-la-charite.org\\\/pl\\\/category\\\/espana-pl\\\/\"},{\"@type\":\"ListItem\",\"position\":2,\"name\":\"Mi\u0119dzyprowincjalne spotkanie Si\u00f3str formacji pocz\u0105tkowej w Hiszpanii\"}]},{\"@type\":\"WebSite\",\"@id\":\"https:\\\/\\\/filles-de-la-charite.org\\\/pl\\\/#website\",\"url\":\"https:\\\/\\\/filles-de-la-charite.org\\\/pl\\\/\",\"name\":\"Hijas de la Caridad\",\"description\":\"L\u2019amour de J\u00e9sus nous presse \u00e0 prendre soin des personnes les plus d\u00e9munies\",\"publisher\":{\"@id\":\"https:\\\/\\\/filles-de-la-charite.org\\\/pl\\\/#organization\"},\"potentialAction\":[{\"@type\":\"SearchAction\",\"target\":{\"@type\":\"EntryPoint\",\"urlTemplate\":\"https:\\\/\\\/filles-de-la-charite.org\\\/pl\\\/?s={search_term_string}\"},\"query-input\":{\"@type\":\"PropertyValueSpecification\",\"valueRequired\":true,\"valueName\":\"search_term_string\"}}],\"inLanguage\":\"pl-PL\"},{\"@type\":\"Organization\",\"@id\":\"https:\\\/\\\/filles-de-la-charite.org\\\/pl\\\/#organization\",\"name\":\"Hijas de la Caridad\",\"url\":\"https:\\\/\\\/filles-de-la-charite.org\\\/pl\\\/\",\"logo\":{\"@type\":\"ImageObject\",\"inLanguage\":\"pl-PL\",\"@id\":\"https:\\\/\\\/filles-de-la-charite.org\\\/pl\\\/#\\\/schema\\\/logo\\\/image\\\/\",\"url\":\"https:\\\/\\\/filles-de-la-charite.org\\\/wp-content\\\/uploads\\\/2023\\\/03\\\/isotipo-Hijas-de-la-Caridad.png\",\"contentUrl\":\"https:\\\/\\\/filles-de-la-charite.org\\\/wp-content\\\/uploads\\\/2023\\\/03\\\/isotipo-Hijas-de-la-Caridad.png\",\"width\":1417,\"height\":1417,\"caption\":\"Hijas de la Caridad\"},\"image\":{\"@id\":\"https:\\\/\\\/filles-de-la-charite.org\\\/pl\\\/#\\\/schema\\\/logo\\\/image\\\/\"}},{\"@type\":\"Person\",\"@id\":\"https:\\\/\\\/filles-de-la-charite.org\\\/pl\\\/#\\\/schema\\\/person\\\/427567b2eccfc2dd7d206da186a1f438\",\"name\":\"admin\",\"image\":{\"@type\":\"ImageObject\",\"inLanguage\":\"pl-PL\",\"@id\":\"https:\\\/\\\/secure.gravatar.com\\\/avatar\\\/948b492cce32b586ac2db0eaa926ee87024f7afe218d73b397ea5ddfc5f43ea1?s=96&d=mm&r=g\",\"url\":\"https:\\\/\\\/secure.gravatar.com\\\/avatar\\\/948b492cce32b586ac2db0eaa926ee87024f7afe218d73b397ea5ddfc5f43ea1?s=96&d=mm&r=g\",\"contentUrl\":\"https:\\\/\\\/secure.gravatar.com\\\/avatar\\\/948b492cce32b586ac2db0eaa926ee87024f7afe218d73b397ea5ddfc5f43ea1?s=96&d=mm&r=g\",\"caption\":\"admin\"},\"sameAs\":[\"https:\\\/\\\/filles-de-la-charite.org\"],\"url\":\"https:\\\/\\\/filles-de-la-charite.org\\\/pl\\\/author\\\/caridad\\\/\"}]}<\/script>\n<!-- \/ Yoast SEO plugin. -->","yoast_head_json":{"title":"Mi\u0119dzyprowincjalne spotkanie Si\u00f3str formacji pocz\u0105tkowej w Hiszpanii - Filles de la Charit\u00e9","robots":{"index":"index","follow":"follow","max-snippet":"max-snippet:-1","max-image-preview":"max-image-preview:large","max-video-preview":"max-video-preview:-1"},"canonical":"https:\/\/filles-de-la-charite.org\/pl\/interprovincial-meeting-of-initial-formation-sisters-of-spain-4\/","og_locale":"pl_PL","og_type":"article","og_title":"Mi\u0119dzyprowincjalne spotkanie Si\u00f3str formacji pocz\u0105tkowej w Hiszpanii - Filles de la Charit\u00e9","og_description":"W dniach 28 listopada &#8211; 1 grudnia odby\u0142o si\u0119 spotkanie formacyjne w Los Almendros (Madryt). Do\u0142\u0105czy\u0142y do nas Lola Arrieta i Cova Orejas, Siostry Karmelitanki z Vedruny, kt\u00f3re uczestnicz\u0105 w znanym Projekcie Towarzyszenia \u201eRuaj\u201d. By\u0142y odpowiedzialne za przedstawienie tematu: \u201eHistoria \u017cycia powo\u0142aniem\u201d\u00a0oraz podanie nam sposob\u00f3w, kt\u00f3re pozwoli\u0142by nam osi\u0105gn\u0105\u0107 cel jaki postawi\u0142y\u015bmy sobie na pocz\u0105tku:Ponownie [&hellip;]","og_url":"https:\/\/filles-de-la-charite.org\/pl\/interprovincial-meeting-of-initial-formation-sisters-of-spain-4\/","og_site_name":"Filles de la Charit\u00e9","article_published_time":"2019-12-28T17:21:05+00:00","article_modified_time":"2024-03-17T17:51:49+00:00","og_image":[{"width":1200,"height":1200,"url":"https:\/\/filles-de-la-charite.org\/wp-content\/uploads\/2023\/06\/191228-formacion-5-1.jpg","type":"image\/jpeg"}],"author":"admin","twitter_card":"summary_large_image","twitter_misc":{"Napisane przez":"admin","Szacowany czas czytania":"3 minuty"},"schema":{"@context":"https:\/\/schema.org","@graph":[{"@type":"Article","@id":"https:\/\/filles-de-la-charite.org\/pl\/interprovincial-meeting-of-initial-formation-sisters-of-spain-4\/#article","isPartOf":{"@id":"https:\/\/filles-de-la-charite.org\/pl\/interprovincial-meeting-of-initial-formation-sisters-of-spain-4\/"},"author":{"name":"admin","@id":"https:\/\/filles-de-la-charite.org\/pl\/#\/schema\/person\/427567b2eccfc2dd7d206da186a1f438"},"headline":"Mi\u0119dzyprowincjalne spotkanie Si\u00f3str formacji pocz\u0105tkowej w Hiszpanii","datePublished":"2019-12-28T17:21:05+00:00","dateModified":"2024-03-17T17:51:49+00:00","mainEntityOfPage":{"@id":"https:\/\/filles-de-la-charite.org\/pl\/interprovincial-meeting-of-initial-formation-sisters-of-spain-4\/"},"wordCount":660,"publisher":{"@id":"https:\/\/filles-de-la-charite.org\/pl\/#organization"},"image":{"@id":"https:\/\/filles-de-la-charite.org\/pl\/interprovincial-meeting-of-initial-formation-sisters-of-spain-4\/#primaryimage"},"thumbnailUrl":"https:\/\/filles-de-la-charite.org\/wp-content\/uploads\/2023\/06\/191228-formacion-5-1.jpg","articleSection":["Hiszpania"],"inLanguage":"pl-PL"},{"@type":"WebPage","@id":"https:\/\/filles-de-la-charite.org\/pl\/interprovincial-meeting-of-initial-formation-sisters-of-spain-4\/","url":"https:\/\/filles-de-la-charite.org\/pl\/interprovincial-meeting-of-initial-formation-sisters-of-spain-4\/","name":"Mi\u0119dzyprowincjalne spotkanie Si\u00f3str formacji pocz\u0105tkowej w Hiszpanii - Filles de la Charit\u00e9","isPartOf":{"@id":"https:\/\/filles-de-la-charite.org\/pl\/#website"},"primaryImageOfPage":{"@id":"https:\/\/filles-de-la-charite.org\/pl\/interprovincial-meeting-of-initial-formation-sisters-of-spain-4\/#primaryimage"},"image":{"@id":"https:\/\/filles-de-la-charite.org\/pl\/interprovincial-meeting-of-initial-formation-sisters-of-spain-4\/#primaryimage"},"thumbnailUrl":"https:\/\/filles-de-la-charite.org\/wp-content\/uploads\/2023\/06\/191228-formacion-5-1.jpg","datePublished":"2019-12-28T17:21:05+00:00","dateModified":"2024-03-17T17:51:49+00:00","breadcrumb":{"@id":"https:\/\/filles-de-la-charite.org\/pl\/interprovincial-meeting-of-initial-formation-sisters-of-spain-4\/#breadcrumb"},"inLanguage":"pl-PL","potentialAction":[{"@type":"ReadAction","target":["https:\/\/filles-de-la-charite.org\/pl\/interprovincial-meeting-of-initial-formation-sisters-of-spain-4\/"]}]},{"@type":"ImageObject","inLanguage":"pl-PL","@id":"https:\/\/filles-de-la-charite.org\/pl\/interprovincial-meeting-of-initial-formation-sisters-of-spain-4\/#primaryimage","url":"https:\/\/filles-de-la-charite.org\/wp-content\/uploads\/2023\/06\/191228-formacion-5-1.jpg","contentUrl":"https:\/\/filles-de-la-charite.org\/wp-content\/uploads\/2023\/06\/191228-formacion-5-1.jpg","width":1200,"height":1200},{"@type":"BreadcrumbList","@id":"https:\/\/filles-de-la-charite.org\/pl\/interprovincial-meeting-of-initial-formation-sisters-of-spain-4\/#breadcrumb","itemListElement":[{"@type":"ListItem","position":1,"name":"Hiszpania","item":"https:\/\/filles-de-la-charite.org\/pl\/category\/espana-pl\/"},{"@type":"ListItem","position":2,"name":"Mi\u0119dzyprowincjalne spotkanie Si\u00f3str formacji pocz\u0105tkowej w Hiszpanii"}]},{"@type":"WebSite","@id":"https:\/\/filles-de-la-charite.org\/pl\/#website","url":"https:\/\/filles-de-la-charite.org\/pl\/","name":"Hijas de la Caridad","description":"L\u2019amour de J\u00e9sus nous presse \u00e0 prendre soin des personnes les plus d\u00e9munies","publisher":{"@id":"https:\/\/filles-de-la-charite.org\/pl\/#organization"},"potentialAction":[{"@type":"SearchAction","target":{"@type":"EntryPoint","urlTemplate":"https:\/\/filles-de-la-charite.org\/pl\/?s={search_term_string}"},"query-input":{"@type":"PropertyValueSpecification","valueRequired":true,"valueName":"search_term_string"}}],"inLanguage":"pl-PL"},{"@type":"Organization","@id":"https:\/\/filles-de-la-charite.org\/pl\/#organization","name":"Hijas de la Caridad","url":"https:\/\/filles-de-la-charite.org\/pl\/","logo":{"@type":"ImageObject","inLanguage":"pl-PL","@id":"https:\/\/filles-de-la-charite.org\/pl\/#\/schema\/logo\/image\/","url":"https:\/\/filles-de-la-charite.org\/wp-content\/uploads\/2023\/03\/isotipo-Hijas-de-la-Caridad.png","contentUrl":"https:\/\/filles-de-la-charite.org\/wp-content\/uploads\/2023\/03\/isotipo-Hijas-de-la-Caridad.png","width":1417,"height":1417,"caption":"Hijas de la Caridad"},"image":{"@id":"https:\/\/filles-de-la-charite.org\/pl\/#\/schema\/logo\/image\/"}},{"@type":"Person","@id":"https:\/\/filles-de-la-charite.org\/pl\/#\/schema\/person\/427567b2eccfc2dd7d206da186a1f438","name":"admin","image":{"@type":"ImageObject","inLanguage":"pl-PL","@id":"https:\/\/secure.gravatar.com\/avatar\/948b492cce32b586ac2db0eaa926ee87024f7afe218d73b397ea5ddfc5f43ea1?s=96&d=mm&r=g","url":"https:\/\/secure.gravatar.com\/avatar\/948b492cce32b586ac2db0eaa926ee87024f7afe218d73b397ea5ddfc5f43ea1?s=96&d=mm&r=g","contentUrl":"https:\/\/secure.gravatar.com\/avatar\/948b492cce32b586ac2db0eaa926ee87024f7afe218d73b397ea5ddfc5f43ea1?s=96&d=mm&r=g","caption":"admin"},"sameAs":["https:\/\/filles-de-la-charite.org"],"url":"https:\/\/filles-de-la-charite.org\/pl\/author\/caridad\/"}]}},"_links":{"self":[{"href":"https:\/\/filles-de-la-charite.org\/pl\/wp-json\/wp\/v2\/posts\/23929","targetHints":{"allow":["GET"]}}],"collection":[{"href":"https:\/\/filles-de-la-charite.org\/pl\/wp-json\/wp\/v2\/posts"}],"about":[{"href":"https:\/\/filles-de-la-charite.org\/pl\/wp-json\/wp\/v2\/types\/post"}],"author":[{"embeddable":true,"href":"https:\/\/filles-de-la-charite.org\/pl\/wp-json\/wp\/v2\/users\/1"}],"replies":[{"embeddable":true,"href":"https:\/\/filles-de-la-charite.org\/pl\/wp-json\/wp\/v2\/comments?post=23929"}],"version-history":[{"count":1,"href":"https:\/\/filles-de-la-charite.org\/pl\/wp-json\/wp\/v2\/posts\/23929\/revisions"}],"predecessor-version":[{"id":23930,"href":"https:\/\/filles-de-la-charite.org\/pl\/wp-json\/wp\/v2\/posts\/23929\/revisions\/23930"}],"wp:featuredmedia":[{"embeddable":true,"href":"https:\/\/filles-de-la-charite.org\/pl\/wp-json\/wp\/v2\/media\/14324"}],"wp:attachment":[{"href":"https:\/\/filles-de-la-charite.org\/pl\/wp-json\/wp\/v2\/media?parent=23929"}],"wp:term":[{"taxonomy":"category","embeddable":true,"href":"https:\/\/filles-de-la-charite.org\/pl\/wp-json\/wp\/v2\/categories?post=23929"},{"taxonomy":"post_tag","embeddable":true,"href":"https:\/\/filles-de-la-charite.org\/pl\/wp-json\/wp\/v2\/tags?post=23929"}],"curies":[{"name":"wp","href":"https:\/\/api.w.org\/{rel}","templated":true}]}}