{"id":23933,"date":"2020-01-13T23:36:03","date_gmt":"2020-01-13T22:36:03","guid":{"rendered":"https:\/\/hijascaridad.sjdigitaldemo.ovh\/christmas-prayer-celebration-at-san-vicente-de-paul-integral-program-4\/"},"modified":"2024-03-17T18:51:40","modified_gmt":"2024-03-17T17:51:40","slug":"christmas-prayer-celebration-at-san-vicente-de-paul-integral-program-4","status":"publish","type":"post","link":"https:\/\/filles-de-la-charite.org\/pl\/christmas-prayer-celebration-at-san-vicente-de-paul-integral-program-4\/","title":{"rendered":"Bo\u017conarodzeniowe Jase\u0142ka w \u201eIntegralnym programie \u015aw. Wincentego a Paulo"},"content":{"rendered":"\n<p><p style=\"text-align: justify;\"><strong>W pierwszym Betlejem\u00a0<\/strong>by\u0142a obecna ca\u0142a \u015awi\u0119ta Rodzina. Podczas tej celebracji przyszli\u015bmy i my <strong>modli\u0107 si\u0119, \u015bwi\u0119towa\u0107 i odtworzy\u0107 wydarzenia z tamtej \u015awi\u0119tej Nocy<\/strong>. Kontemplujmy <strong>ub\u00f3stwo Maryi i J\u00f3zefa<\/strong>, Rodzic\u00f3w Jezusa, kt\u00f3rzy musz\u0105 umie\u015bci\u0107 Syna Bo\u017cego <strong>w \u017c\u0142\u00f3bku, na sianie, poniewa\u017c nie by\u0142o dla nich miejsca.<\/strong><\/p> <p style=\"text-align: justify;\"><strong>PRZYGOTOWANIE \u017b\u0141\u00d3BKA\u00a0<\/strong>(Osoba przedstawiaj\u0105ca Matk\u0119 Bo\u017c\u0105 przygotowuje \u017c\u0142\u00f3bek...) \u201eWyobra\u017a sobie\u201d\u2026 \u201epoczuj\u201d\u2026 \u201edotknij\u201d\u2026 miejsca, w kt\u00f3rym narodzi\u0142 si\u0119 Jezus w \u015brodku nocy\u2026 Pomy\u015bl o czasach obecnych, gdy do\u015bwiadczamy \u201enocy ...\u201d; nawet w tych chwilach B\u00f3g staje si\u0119 obecny, aby odpowiedzie\u0107 na pytania o sens naszego istnienia: <strong>Kim jestem? Sk\u0105d pochodz\u0119? Dlaczego cierpi\u0119? Dlaczego umr\u0119?<\/strong>... Aby odpowiedzie\u0107 na te pytania, <strong>B\u00f3g sta\u0142 si\u0119 Cz\u0142owiekiem, by zaja\u015bnie\u0107 tym, co w mroku i \u015bmierci mieszkaj\u0105 i by rozja\u015bni\u0107 ciemno\u015bci i cierpienie\u00a0<\/strong>(por. \u0141k 1,79).<\/p> http:\/\/youtu.be\/u3-VftP_At8\u00a0 <p style=\"text-align: justify;\"><strong>KOL\u0118DA...<\/strong>Zbli\u017camy si\u0119 do Rodzic\u00f3w Jezusa, <strong>MARYI i J\u00d3ZEFA<\/strong>. <strong>Maryja<\/strong>kontempluje Syna i pokazuje <strong>Go wszystkim, kt\u00f3rzy Go odwiedzaj\u0105<\/strong>. Na pozdrowienie anio\u0142a, kt\u00f3ry poprosi\u0142 j\u0105, aby by\u0142a Matk\u0105 Boga, Maryja odpowiedzia\u0142a: <strong>\u201eNiech mi si\u0119 stanie wed\u0142ug s\u0142owa twego\u201d\u00a0<\/strong>(\u0141k 1,38). <strong>Maryja nie otrzyma\u0142a swego Syna tylko dla siebie, ale dla wszystkich, kt\u00f3rzy chc\u0105 si\u0119 do Niego zbli\u017cy\u0107.<\/strong><\/p> <p style=\"text-align: justify;\"><strong><img loading=\"lazy\" decoding=\"async\" width=\"221\" height=\"360\" class=\"alignright  wp-image-40306\" src=\"https:\/\/filles-de-la-charite.org\/wp-content\/uploads\/2023\/06\/200113-Christmas-01-184x300.jpg\" alt=\"\">J\u00d3ZEF <\/strong>wraz z Maryj\u0105, opiekuje si\u0119 i chroni \u015awi\u0119ta Rodzin\u0119. Ostrze\u017cony przed zagro\u017ceniem ze strony Heroda, <strong>nie waha\u0142 si\u0119 wyruszy\u0107 na emigracj\u0119 do Egiptu <\/strong>(por. Mt 2,13-15). Po \u015bmierci Heroda wr\u00f3ci\u0142 z Rodzin\u0105 do Nazaretu, aby wraz z Maryj\u0105 kontynuowa\u0107 wychowywanie JEZUSA.<\/p> <p style=\"text-align: justify;\"><strong>JEZUS\u00a0<\/strong>(M\u0119\u017cczyzna bior\u0105cy udzia\u0142 w jase\u0142kach przynosi Dzieci\u0119) <strong>B\u00f3g objawia si\u0119 w Dzieci\u0119ciu<\/strong>. W s\u0142abo\u015bci i krucho\u015bci ukrywa Swoj\u0105 moc, kt\u00f3ra stwarza i przemienia wszystko. B\u00f3g jako Dziecko objawia wielko\u015b\u0107 Swojej mi\u0142o\u015bci. Rozumiemy uczucia Maryi i J\u00f3zefa patrz\u0105cych na Jezusa, dostrzegli\u015bmy obecno\u015b\u0107 Boga w Ich \u017cyciu. <strong>\u201e\u017bycie objawi\u0142o si\u0119\u201d<\/strong>. (1 J 1,2)<\/p> <p style=\"text-align: justify;\"><strong>PASTERZE<\/strong>(dzieci z bior\u0105ce udzia\u0142 w jase\u0142kach podchodz\u0105 do \u017c\u0142\u00f3bka) Kiedy pasterzom zosta\u0142a og\u0142oszona wielka nowina, poczuli si\u0119 bardzo szcz\u0119\u015bliwi. To najskromniejsi i najbiedniejsi wiedz\u0105 jak\u0105 zaj\u0105\u0107 postaw\u0119 wobec wydarzenia Wcielenia. Nie maj\u0105 \u017cadnego daru dla Jezusa poza ich w\u0142asnym sercem.<\/p> <p style=\"text-align: justify;\"><strong>MAGOWIE <\/strong>(pracownicy bior\u0105cy udzia\u0142 w jase\u0142kach sk\u0142adaj\u0105 korony wok\u00f3\u0142 \u017c\u0142\u00f3bka). Postacie trzech M\u0119drc\u00f3w obserwuj\u0105cych gwiazd\u0119 wyruszy\u0142y do Betlejem, aby ofiarowa\u0107 swoje dary: z\u0142oto, kadzid\u0142o i mirr\u0119. <strong>Z\u0142oto honoruje kr\u00f3lewsko\u015b\u0107 Jezusa; kadzid\u0142o Jego bosko\u015b\u0107; mirra Jego cz\u0142owiecze\u0144stwo. Ka\u017cdy z nas musi by\u0107 \u201edobr\u0105 nowin\u0105\u201d dla innych,<\/strong>poprzez nasze s\u0142owa, nasze gesty, nasze dzia\u0142ania, z konkretnymi czynami mi\u0142osierdzia pokazuj\u0105cymi rado\u015b\u0107 z odnalezienia Jezusa i Jego mi\u0142o\u015bci.<\/p> <div class=\"et_pb_slider et_pb_slider_fullwidth_off et_pb_gallery_post_type\">\n\t\t\t\t<div class=\"et_pb_slides\">\n\t\t\t\t\t\n\t\t\t\t<\/div>\n\t\t\t<\/div> <p style=\"text-align: justify;\"><strong>Szopka Betlejemska jest przygotowana<\/strong>, s\u0105 obecne wszystkie postacie opr\u00f3cz nas. Dostali\u015bmy kartk\u0119 papieru, na kt\u00f3rej ka\u017cdy m\u00f3g\u0142 napisa\u0107 sen, pro\u015bb\u0119, wspomnienie o naszym dzieci\u0144stwie... <strong>Wszyscy przedstawili swoje prace i uczcili Dzieci\u0105tko<\/strong>. Betlejem m\u00f3wi nam o Bo\u017cej mi\u0142o\u015bci, kt\u00f3ra jest bliska ka\u017cdej osobie, bez wzgl\u0119du na jej stan i sytuacj\u0119.<\/p> <p style=\"text-align: justify;\"><strong>\u015aWI\u0104TECZNY POEMAT <\/strong>W te \u015awi\u0119ta Bo\u017cego Narodzenia powiedz dzieciom, \u017ce <strong>miliony ludzi g\u0142oduj\u0105... i grzechem jest wyrzucanie jedzenia do \u015bmieci.<\/strong><\/p> <p style=\"text-align: justify;\">Powiedz im... \u017ce <strong>zasoby Planety i naszych rodzic\u00f3w s\u0105 ograniczone i trzeba nimi dobrze zarz\u0105dza\u0107, <\/strong>aby zagwarantowa\u0107 przysz\u0142o\u015b\u0107 wszystkim ludziom.<\/p> <p style=\"text-align: justify;\">Powiedz im... <strong>\u017ce ten, kto ma wi\u0119cej, nie jest szcz\u0119\u015bliwszy ni\u017c ten, kto ma mniej.<\/strong><\/p> <p style=\"text-align: justify;\">Powiedz im... <strong>\u017ce podczas Bo\u017cego Narodzenia \u015bwi\u0119tujemy JEZUSA, SYNA BO\u017bEGO, KT\u00d3RY PRZYSZED\u0141 Z NIEBA NA ZIEMI\u0118, BY BY\u0106 NASZYM NAJLEPSZYM PRZYJACIELEM.<\/strong><\/p> <div class=\"et_pb_slider et_pb_slider_fullwidth_off et_pb_gallery_post_type\">\n\t\t\t\t<div class=\"et_pb_slides\">\n\t\t\t\t\t\n\t\t\t\t<\/div>\n\t\t\t<\/div><\/p>\n","protected":false},"excerpt":{"rendered":"<p>W pierwszym Betlejem\u00a0by\u0142a obecna ca\u0142a \u015awi\u0119ta Rodzina. Podczas tej celebracji przyszli\u015bmy i my modli\u0107 si\u0119, \u015bwi\u0119towa\u0107 i odtworzy\u0107 wydarzenia z tamtej \u015awi\u0119tej Nocy. Kontemplujmy ub\u00f3stwo Maryi i J\u00f3zefa, Rodzic\u00f3w Jezusa, kt\u00f3rzy musz\u0105 umie\u015bci\u0107 Syna Bo\u017cego w \u017c\u0142\u00f3bku, na sianie, poniewa\u017c nie by\u0142o dla nich miejsca. PRZYGOTOWANIE \u017b\u0141\u00d3BKA\u00a0(Osoba przedstawiaj\u0105ca Matk\u0119 Bo\u017c\u0105 przygotowuje \u017c\u0142\u00f3bek&#8230;) \u201eWyobra\u017a sobie\u201d\u2026 \u201epoczuj\u201d\u2026 [&hellip;]<\/p>\n","protected":false},"author":1,"featured_media":14338,"comment_status":"closed","ping_status":"closed","sticky":false,"template":"","format":"standard","meta":{"_acf_changed":false,"footnotes":"","_links_to":"","_links_to_target":""},"categories":[709],"tags":[],"class_list":["post-23933","post","type-post","status-publish","format-standard","has-post-thumbnail","hentry","category-swieta-ludwika-hiszpania-pl"],"acf":[],"yoast_head":"<!-- This site is optimized with the Yoast SEO plugin v27.5 - https:\/\/yoast.com\/product\/yoast-seo-wordpress\/ -->\n<title>Bo\u017conarodzeniowe Jase\u0142ka w \u201eIntegralnym programie \u015aw. Wincentego a Paulo - Filles de la Charit\u00e9<\/title>\n<meta name=\"robots\" content=\"index, follow, max-snippet:-1, max-image-preview:large, max-video-preview:-1\" \/>\n<link rel=\"canonical\" href=\"https:\/\/filles-de-la-charite.org\/pl\/christmas-prayer-celebration-at-san-vicente-de-paul-integral-program-4\/\" \/>\n<meta property=\"og:locale\" content=\"pl_PL\" \/>\n<meta property=\"og:type\" content=\"article\" \/>\n<meta property=\"og:title\" content=\"Bo\u017conarodzeniowe Jase\u0142ka w \u201eIntegralnym programie \u015aw. Wincentego a Paulo - Filles de la Charit\u00e9\" \/>\n<meta property=\"og:description\" content=\"W pierwszym Betlejem\u00a0by\u0142a obecna ca\u0142a \u015awi\u0119ta Rodzina. Podczas tej celebracji przyszli\u015bmy i my modli\u0107 si\u0119, \u015bwi\u0119towa\u0107 i odtworzy\u0107 wydarzenia z tamtej \u015awi\u0119tej Nocy. Kontemplujmy ub\u00f3stwo Maryi i J\u00f3zefa, Rodzic\u00f3w Jezusa, kt\u00f3rzy musz\u0105 umie\u015bci\u0107 Syna Bo\u017cego w \u017c\u0142\u00f3bku, na sianie, poniewa\u017c nie by\u0142o dla nich miejsca. PRZYGOTOWANIE \u017b\u0141\u00d3BKA\u00a0(Osoba przedstawiaj\u0105ca Matk\u0119 Bo\u017c\u0105 przygotowuje \u017c\u0142\u00f3bek&#8230;) \u201eWyobra\u017a sobie\u201d\u2026 \u201epoczuj\u201d\u2026 [&hellip;]\" \/>\n<meta property=\"og:url\" content=\"https:\/\/filles-de-la-charite.org\/pl\/christmas-prayer-celebration-at-san-vicente-de-paul-integral-program-4\/\" \/>\n<meta property=\"og:site_name\" content=\"Filles de la Charit\u00e9\" \/>\n<meta property=\"article:published_time\" content=\"2020-01-13T22:36:03+00:00\" \/>\n<meta property=\"article:modified_time\" content=\"2024-03-17T17:51:40+00:00\" \/>\n<meta property=\"og:image\" content=\"https:\/\/filles-de-la-charite.org\/wp-content\/uploads\/2023\/06\/200113-Christmas-thmb-300x200-1.jpg\" \/>\n\t<meta property=\"og:image:width\" content=\"300\" \/>\n\t<meta property=\"og:image:height\" content=\"200\" \/>\n\t<meta property=\"og:image:type\" content=\"image\/jpeg\" \/>\n<meta name=\"author\" content=\"admin\" \/>\n<meta name=\"twitter:card\" content=\"summary_large_image\" \/>\n<meta name=\"twitter:label1\" content=\"Napisane przez\" \/>\n\t<meta name=\"twitter:data1\" content=\"admin\" \/>\n\t<meta name=\"twitter:label2\" content=\"Szacowany czas czytania\" \/>\n\t<meta name=\"twitter:data2\" content=\"4 minuty\" \/>\n<script type=\"application\/ld+json\" class=\"yoast-schema-graph\">{\"@context\":\"https:\\\/\\\/schema.org\",\"@graph\":[{\"@type\":\"Article\",\"@id\":\"https:\\\/\\\/filles-de-la-charite.org\\\/pl\\\/christmas-prayer-celebration-at-san-vicente-de-paul-integral-program-4\\\/#article\",\"isPartOf\":{\"@id\":\"https:\\\/\\\/filles-de-la-charite.org\\\/pl\\\/christmas-prayer-celebration-at-san-vicente-de-paul-integral-program-4\\\/\"},\"author\":{\"name\":\"admin\",\"@id\":\"https:\\\/\\\/filles-de-la-charite.org\\\/pl\\\/#\\\/schema\\\/person\\\/427567b2eccfc2dd7d206da186a1f438\"},\"headline\":\"Bo\u017conarodzeniowe Jase\u0142ka w \u201eIntegralnym programie \u015aw. Wincentego a Paulo\",\"datePublished\":\"2020-01-13T22:36:03+00:00\",\"dateModified\":\"2024-03-17T17:51:40+00:00\",\"mainEntityOfPage\":{\"@id\":\"https:\\\/\\\/filles-de-la-charite.org\\\/pl\\\/christmas-prayer-celebration-at-san-vicente-de-paul-integral-program-4\\\/\"},\"wordCount\":752,\"publisher\":{\"@id\":\"https:\\\/\\\/filles-de-la-charite.org\\\/pl\\\/#organization\"},\"image\":{\"@id\":\"https:\\\/\\\/filles-de-la-charite.org\\\/pl\\\/christmas-prayer-celebration-at-san-vicente-de-paul-integral-program-4\\\/#primaryimage\"},\"thumbnailUrl\":\"https:\\\/\\\/filles-de-la-charite.org\\\/wp-content\\\/uploads\\\/2023\\\/06\\\/200113-Christmas-thmb-300x200-1.jpg\",\"articleSection\":[\"\u015awi\u0119ta Ludwika - Hiszpania\"],\"inLanguage\":\"pl-PL\"},{\"@type\":\"WebPage\",\"@id\":\"https:\\\/\\\/filles-de-la-charite.org\\\/pl\\\/christmas-prayer-celebration-at-san-vicente-de-paul-integral-program-4\\\/\",\"url\":\"https:\\\/\\\/filles-de-la-charite.org\\\/pl\\\/christmas-prayer-celebration-at-san-vicente-de-paul-integral-program-4\\\/\",\"name\":\"Bo\u017conarodzeniowe Jase\u0142ka w \u201eIntegralnym programie \u015aw. Wincentego a Paulo - Filles de la Charit\u00e9\",\"isPartOf\":{\"@id\":\"https:\\\/\\\/filles-de-la-charite.org\\\/pl\\\/#website\"},\"primaryImageOfPage\":{\"@id\":\"https:\\\/\\\/filles-de-la-charite.org\\\/pl\\\/christmas-prayer-celebration-at-san-vicente-de-paul-integral-program-4\\\/#primaryimage\"},\"image\":{\"@id\":\"https:\\\/\\\/filles-de-la-charite.org\\\/pl\\\/christmas-prayer-celebration-at-san-vicente-de-paul-integral-program-4\\\/#primaryimage\"},\"thumbnailUrl\":\"https:\\\/\\\/filles-de-la-charite.org\\\/wp-content\\\/uploads\\\/2023\\\/06\\\/200113-Christmas-thmb-300x200-1.jpg\",\"datePublished\":\"2020-01-13T22:36:03+00:00\",\"dateModified\":\"2024-03-17T17:51:40+00:00\",\"breadcrumb\":{\"@id\":\"https:\\\/\\\/filles-de-la-charite.org\\\/pl\\\/christmas-prayer-celebration-at-san-vicente-de-paul-integral-program-4\\\/#breadcrumb\"},\"inLanguage\":\"pl-PL\",\"potentialAction\":[{\"@type\":\"ReadAction\",\"target\":[\"https:\\\/\\\/filles-de-la-charite.org\\\/pl\\\/christmas-prayer-celebration-at-san-vicente-de-paul-integral-program-4\\\/\"]}]},{\"@type\":\"ImageObject\",\"inLanguage\":\"pl-PL\",\"@id\":\"https:\\\/\\\/filles-de-la-charite.org\\\/pl\\\/christmas-prayer-celebration-at-san-vicente-de-paul-integral-program-4\\\/#primaryimage\",\"url\":\"https:\\\/\\\/filles-de-la-charite.org\\\/wp-content\\\/uploads\\\/2023\\\/06\\\/200113-Christmas-thmb-300x200-1.jpg\",\"contentUrl\":\"https:\\\/\\\/filles-de-la-charite.org\\\/wp-content\\\/uploads\\\/2023\\\/06\\\/200113-Christmas-thmb-300x200-1.jpg\",\"width\":300,\"height\":200},{\"@type\":\"BreadcrumbList\",\"@id\":\"https:\\\/\\\/filles-de-la-charite.org\\\/pl\\\/christmas-prayer-celebration-at-san-vicente-de-paul-integral-program-4\\\/#breadcrumb\",\"itemListElement\":[{\"@type\":\"ListItem\",\"position\":1,\"name\":\"Siostry Mi\u0142osierdzia\",\"item\":\"https:\\\/\\\/filles-de-la-charite.org\\\/pl\\\/category\\\/siostry-milosierdzia\\\/\"},{\"@type\":\"ListItem\",\"position\":2,\"name\":\"Bo\u017conarodzeniowe Jase\u0142ka w \u201eIntegralnym programie \u015aw. Wincentego a Paulo\"}]},{\"@type\":\"WebSite\",\"@id\":\"https:\\\/\\\/filles-de-la-charite.org\\\/pl\\\/#website\",\"url\":\"https:\\\/\\\/filles-de-la-charite.org\\\/pl\\\/\",\"name\":\"Hijas de la Caridad\",\"description\":\"L\u2019amour de J\u00e9sus nous presse \u00e0 prendre soin des personnes les plus d\u00e9munies\",\"publisher\":{\"@id\":\"https:\\\/\\\/filles-de-la-charite.org\\\/pl\\\/#organization\"},\"potentialAction\":[{\"@type\":\"SearchAction\",\"target\":{\"@type\":\"EntryPoint\",\"urlTemplate\":\"https:\\\/\\\/filles-de-la-charite.org\\\/pl\\\/?s={search_term_string}\"},\"query-input\":{\"@type\":\"PropertyValueSpecification\",\"valueRequired\":true,\"valueName\":\"search_term_string\"}}],\"inLanguage\":\"pl-PL\"},{\"@type\":\"Organization\",\"@id\":\"https:\\\/\\\/filles-de-la-charite.org\\\/pl\\\/#organization\",\"name\":\"Hijas de la Caridad\",\"url\":\"https:\\\/\\\/filles-de-la-charite.org\\\/pl\\\/\",\"logo\":{\"@type\":\"ImageObject\",\"inLanguage\":\"pl-PL\",\"@id\":\"https:\\\/\\\/filles-de-la-charite.org\\\/pl\\\/#\\\/schema\\\/logo\\\/image\\\/\",\"url\":\"https:\\\/\\\/filles-de-la-charite.org\\\/wp-content\\\/uploads\\\/2023\\\/03\\\/isotipo-Hijas-de-la-Caridad.png\",\"contentUrl\":\"https:\\\/\\\/filles-de-la-charite.org\\\/wp-content\\\/uploads\\\/2023\\\/03\\\/isotipo-Hijas-de-la-Caridad.png\",\"width\":1417,\"height\":1417,\"caption\":\"Hijas de la Caridad\"},\"image\":{\"@id\":\"https:\\\/\\\/filles-de-la-charite.org\\\/pl\\\/#\\\/schema\\\/logo\\\/image\\\/\"}},{\"@type\":\"Person\",\"@id\":\"https:\\\/\\\/filles-de-la-charite.org\\\/pl\\\/#\\\/schema\\\/person\\\/427567b2eccfc2dd7d206da186a1f438\",\"name\":\"admin\",\"image\":{\"@type\":\"ImageObject\",\"inLanguage\":\"pl-PL\",\"@id\":\"https:\\\/\\\/secure.gravatar.com\\\/avatar\\\/948b492cce32b586ac2db0eaa926ee87024f7afe218d73b397ea5ddfc5f43ea1?s=96&d=mm&r=g\",\"url\":\"https:\\\/\\\/secure.gravatar.com\\\/avatar\\\/948b492cce32b586ac2db0eaa926ee87024f7afe218d73b397ea5ddfc5f43ea1?s=96&d=mm&r=g\",\"contentUrl\":\"https:\\\/\\\/secure.gravatar.com\\\/avatar\\\/948b492cce32b586ac2db0eaa926ee87024f7afe218d73b397ea5ddfc5f43ea1?s=96&d=mm&r=g\",\"caption\":\"admin\"},\"sameAs\":[\"https:\\\/\\\/filles-de-la-charite.org\"],\"url\":\"https:\\\/\\\/filles-de-la-charite.org\\\/pl\\\/author\\\/caridad\\\/\"}]}<\/script>\n<!-- \/ Yoast SEO plugin. -->","yoast_head_json":{"title":"Bo\u017conarodzeniowe Jase\u0142ka w \u201eIntegralnym programie \u015aw. Wincentego a Paulo - Filles de la Charit\u00e9","robots":{"index":"index","follow":"follow","max-snippet":"max-snippet:-1","max-image-preview":"max-image-preview:large","max-video-preview":"max-video-preview:-1"},"canonical":"https:\/\/filles-de-la-charite.org\/pl\/christmas-prayer-celebration-at-san-vicente-de-paul-integral-program-4\/","og_locale":"pl_PL","og_type":"article","og_title":"Bo\u017conarodzeniowe Jase\u0142ka w \u201eIntegralnym programie \u015aw. Wincentego a Paulo - Filles de la Charit\u00e9","og_description":"W pierwszym Betlejem\u00a0by\u0142a obecna ca\u0142a \u015awi\u0119ta Rodzina. Podczas tej celebracji przyszli\u015bmy i my modli\u0107 si\u0119, \u015bwi\u0119towa\u0107 i odtworzy\u0107 wydarzenia z tamtej \u015awi\u0119tej Nocy. Kontemplujmy ub\u00f3stwo Maryi i J\u00f3zefa, Rodzic\u00f3w Jezusa, kt\u00f3rzy musz\u0105 umie\u015bci\u0107 Syna Bo\u017cego w \u017c\u0142\u00f3bku, na sianie, poniewa\u017c nie by\u0142o dla nich miejsca. PRZYGOTOWANIE \u017b\u0141\u00d3BKA\u00a0(Osoba przedstawiaj\u0105ca Matk\u0119 Bo\u017c\u0105 przygotowuje \u017c\u0142\u00f3bek&#8230;) \u201eWyobra\u017a sobie\u201d\u2026 \u201epoczuj\u201d\u2026 [&hellip;]","og_url":"https:\/\/filles-de-la-charite.org\/pl\/christmas-prayer-celebration-at-san-vicente-de-paul-integral-program-4\/","og_site_name":"Filles de la Charit\u00e9","article_published_time":"2020-01-13T22:36:03+00:00","article_modified_time":"2024-03-17T17:51:40+00:00","og_image":[{"width":300,"height":200,"url":"https:\/\/filles-de-la-charite.org\/wp-content\/uploads\/2023\/06\/200113-Christmas-thmb-300x200-1.jpg","type":"image\/jpeg"}],"author":"admin","twitter_card":"summary_large_image","twitter_misc":{"Napisane przez":"admin","Szacowany czas czytania":"4 minuty"},"schema":{"@context":"https:\/\/schema.org","@graph":[{"@type":"Article","@id":"https:\/\/filles-de-la-charite.org\/pl\/christmas-prayer-celebration-at-san-vicente-de-paul-integral-program-4\/#article","isPartOf":{"@id":"https:\/\/filles-de-la-charite.org\/pl\/christmas-prayer-celebration-at-san-vicente-de-paul-integral-program-4\/"},"author":{"name":"admin","@id":"https:\/\/filles-de-la-charite.org\/pl\/#\/schema\/person\/427567b2eccfc2dd7d206da186a1f438"},"headline":"Bo\u017conarodzeniowe Jase\u0142ka w \u201eIntegralnym programie \u015aw. Wincentego a Paulo","datePublished":"2020-01-13T22:36:03+00:00","dateModified":"2024-03-17T17:51:40+00:00","mainEntityOfPage":{"@id":"https:\/\/filles-de-la-charite.org\/pl\/christmas-prayer-celebration-at-san-vicente-de-paul-integral-program-4\/"},"wordCount":752,"publisher":{"@id":"https:\/\/filles-de-la-charite.org\/pl\/#organization"},"image":{"@id":"https:\/\/filles-de-la-charite.org\/pl\/christmas-prayer-celebration-at-san-vicente-de-paul-integral-program-4\/#primaryimage"},"thumbnailUrl":"https:\/\/filles-de-la-charite.org\/wp-content\/uploads\/2023\/06\/200113-Christmas-thmb-300x200-1.jpg","articleSection":["\u015awi\u0119ta Ludwika - Hiszpania"],"inLanguage":"pl-PL"},{"@type":"WebPage","@id":"https:\/\/filles-de-la-charite.org\/pl\/christmas-prayer-celebration-at-san-vicente-de-paul-integral-program-4\/","url":"https:\/\/filles-de-la-charite.org\/pl\/christmas-prayer-celebration-at-san-vicente-de-paul-integral-program-4\/","name":"Bo\u017conarodzeniowe Jase\u0142ka w \u201eIntegralnym programie \u015aw. Wincentego a Paulo - Filles de la Charit\u00e9","isPartOf":{"@id":"https:\/\/filles-de-la-charite.org\/pl\/#website"},"primaryImageOfPage":{"@id":"https:\/\/filles-de-la-charite.org\/pl\/christmas-prayer-celebration-at-san-vicente-de-paul-integral-program-4\/#primaryimage"},"image":{"@id":"https:\/\/filles-de-la-charite.org\/pl\/christmas-prayer-celebration-at-san-vicente-de-paul-integral-program-4\/#primaryimage"},"thumbnailUrl":"https:\/\/filles-de-la-charite.org\/wp-content\/uploads\/2023\/06\/200113-Christmas-thmb-300x200-1.jpg","datePublished":"2020-01-13T22:36:03+00:00","dateModified":"2024-03-17T17:51:40+00:00","breadcrumb":{"@id":"https:\/\/filles-de-la-charite.org\/pl\/christmas-prayer-celebration-at-san-vicente-de-paul-integral-program-4\/#breadcrumb"},"inLanguage":"pl-PL","potentialAction":[{"@type":"ReadAction","target":["https:\/\/filles-de-la-charite.org\/pl\/christmas-prayer-celebration-at-san-vicente-de-paul-integral-program-4\/"]}]},{"@type":"ImageObject","inLanguage":"pl-PL","@id":"https:\/\/filles-de-la-charite.org\/pl\/christmas-prayer-celebration-at-san-vicente-de-paul-integral-program-4\/#primaryimage","url":"https:\/\/filles-de-la-charite.org\/wp-content\/uploads\/2023\/06\/200113-Christmas-thmb-300x200-1.jpg","contentUrl":"https:\/\/filles-de-la-charite.org\/wp-content\/uploads\/2023\/06\/200113-Christmas-thmb-300x200-1.jpg","width":300,"height":200},{"@type":"BreadcrumbList","@id":"https:\/\/filles-de-la-charite.org\/pl\/christmas-prayer-celebration-at-san-vicente-de-paul-integral-program-4\/#breadcrumb","itemListElement":[{"@type":"ListItem","position":1,"name":"Siostry Mi\u0142osierdzia","item":"https:\/\/filles-de-la-charite.org\/pl\/category\/siostry-milosierdzia\/"},{"@type":"ListItem","position":2,"name":"Bo\u017conarodzeniowe Jase\u0142ka w \u201eIntegralnym programie \u015aw. Wincentego a Paulo"}]},{"@type":"WebSite","@id":"https:\/\/filles-de-la-charite.org\/pl\/#website","url":"https:\/\/filles-de-la-charite.org\/pl\/","name":"Hijas de la Caridad","description":"L\u2019amour de J\u00e9sus nous presse \u00e0 prendre soin des personnes les plus d\u00e9munies","publisher":{"@id":"https:\/\/filles-de-la-charite.org\/pl\/#organization"},"potentialAction":[{"@type":"SearchAction","target":{"@type":"EntryPoint","urlTemplate":"https:\/\/filles-de-la-charite.org\/pl\/?s={search_term_string}"},"query-input":{"@type":"PropertyValueSpecification","valueRequired":true,"valueName":"search_term_string"}}],"inLanguage":"pl-PL"},{"@type":"Organization","@id":"https:\/\/filles-de-la-charite.org\/pl\/#organization","name":"Hijas de la Caridad","url":"https:\/\/filles-de-la-charite.org\/pl\/","logo":{"@type":"ImageObject","inLanguage":"pl-PL","@id":"https:\/\/filles-de-la-charite.org\/pl\/#\/schema\/logo\/image\/","url":"https:\/\/filles-de-la-charite.org\/wp-content\/uploads\/2023\/03\/isotipo-Hijas-de-la-Caridad.png","contentUrl":"https:\/\/filles-de-la-charite.org\/wp-content\/uploads\/2023\/03\/isotipo-Hijas-de-la-Caridad.png","width":1417,"height":1417,"caption":"Hijas de la Caridad"},"image":{"@id":"https:\/\/filles-de-la-charite.org\/pl\/#\/schema\/logo\/image\/"}},{"@type":"Person","@id":"https:\/\/filles-de-la-charite.org\/pl\/#\/schema\/person\/427567b2eccfc2dd7d206da186a1f438","name":"admin","image":{"@type":"ImageObject","inLanguage":"pl-PL","@id":"https:\/\/secure.gravatar.com\/avatar\/948b492cce32b586ac2db0eaa926ee87024f7afe218d73b397ea5ddfc5f43ea1?s=96&d=mm&r=g","url":"https:\/\/secure.gravatar.com\/avatar\/948b492cce32b586ac2db0eaa926ee87024f7afe218d73b397ea5ddfc5f43ea1?s=96&d=mm&r=g","contentUrl":"https:\/\/secure.gravatar.com\/avatar\/948b492cce32b586ac2db0eaa926ee87024f7afe218d73b397ea5ddfc5f43ea1?s=96&d=mm&r=g","caption":"admin"},"sameAs":["https:\/\/filles-de-la-charite.org"],"url":"https:\/\/filles-de-la-charite.org\/pl\/author\/caridad\/"}]}},"_links":{"self":[{"href":"https:\/\/filles-de-la-charite.org\/pl\/wp-json\/wp\/v2\/posts\/23933","targetHints":{"allow":["GET"]}}],"collection":[{"href":"https:\/\/filles-de-la-charite.org\/pl\/wp-json\/wp\/v2\/posts"}],"about":[{"href":"https:\/\/filles-de-la-charite.org\/pl\/wp-json\/wp\/v2\/types\/post"}],"author":[{"embeddable":true,"href":"https:\/\/filles-de-la-charite.org\/pl\/wp-json\/wp\/v2\/users\/1"}],"replies":[{"embeddable":true,"href":"https:\/\/filles-de-la-charite.org\/pl\/wp-json\/wp\/v2\/comments?post=23933"}],"version-history":[{"count":2,"href":"https:\/\/filles-de-la-charite.org\/pl\/wp-json\/wp\/v2\/posts\/23933\/revisions"}],"predecessor-version":[{"id":23938,"href":"https:\/\/filles-de-la-charite.org\/pl\/wp-json\/wp\/v2\/posts\/23933\/revisions\/23938"}],"wp:featuredmedia":[{"embeddable":true,"href":"https:\/\/filles-de-la-charite.org\/pl\/wp-json\/wp\/v2\/media\/14338"}],"wp:attachment":[{"href":"https:\/\/filles-de-la-charite.org\/pl\/wp-json\/wp\/v2\/media?parent=23933"}],"wp:term":[{"taxonomy":"category","embeddable":true,"href":"https:\/\/filles-de-la-charite.org\/pl\/wp-json\/wp\/v2\/categories?post=23933"},{"taxonomy":"post_tag","embeddable":true,"href":"https:\/\/filles-de-la-charite.org\/pl\/wp-json\/wp\/v2\/tags?post=23933"}],"curies":[{"name":"wp","href":"https:\/\/api.w.org\/{rel}","templated":true}]}}