{"id":23941,"date":"2020-02-03T23:26:38","date_gmt":"2020-02-03T22:26:38","guid":{"rendered":"https:\/\/hijascaridad.sjdigitaldemo.ovh\/first-year-in-the-interprovincial-project-in-melilla-4\/"},"modified":"2024-03-17T18:51:25","modified_gmt":"2024-03-17T17:51:25","slug":"first-year-in-the-interprovincial-project-in-melilla-4","status":"publish","type":"post","link":"https:\/\/filles-de-la-charite.org\/pl\/first-year-in-the-interprovincial-project-in-melilla-4\/","title":{"rendered":"Pierwszy rok w Mi\u0119dzyprowincjonalnym Projekcie w Melilli"},"content":{"rendered":"\n<p>W odpowiedzi na wezwanie Papie\u017ca, by \u201eby\u0107 Wsp\u00f3lnot\u0105 w drodze\u201d, Prowincje Si\u00f3str Mi\u0142osierdzia Hiszpanii uda\u0142y si\u0119 do Melilli w Hiszpanii, aby utworzy\u0107 mi\u0119dzyprowincjalne duszpasterstwo, kt\u00f3re dzia\u0142a\u0142oby na rzecz z\u0142agodzenia trudnej sytuacji dzieci imigrant\u00f3w mieszkaj\u0105cych na ulicach.<\/p>\n\n\n\n<p>Rok temu, ufaj\u0105c Bo\u017cej Opatrzno\u015bci, pi\u0119\u0107 Si\u00f3str Mi\u0142osierdzia przyby\u0142o do Melilli z pierwszymi zadaniami, aby si\u0119 pozna\u0107 na wzajem, osiedli\u0107 i umeblowa\u0107 nowy dom oraz spotka\u0107 si\u0119 z tamtejsz\u0105 ludno\u015bci\u0105. Ks. Rafael, proboszcz, przywita\u0142 nas i pom\u00f3g\u0142 nam odnale\u017a\u0107 drog\u0119 do miasta.<\/p>\n\n\n\n<p>Ten pierwszy rok by\u0142 przyk\u0142adem na\u015bladowania Jezusa z Nazaretu, kt\u00f3ry chodzi\u0142 z wioski do wioski, rozmawiaj\u0105c, s\u0142uchaj\u0105c i pocieszaj\u0105c. Zacz\u0119\u0142y\u015bmy robi\u0107 to samo. Szuka\u0142y\u015bmy miejsc, w kt\u00f3rych mieszkali m\u0142odzi ludzie, spotyka\u0142y\u015bmy si\u0119 z w\u0142adzami i wsp\u00f3\u0142pracownikami, studiowa\u0142y\u015bmy j\u0119zyki: arabski i francuski, aby pomog\u0142y nam w komunikacji z dzie\u0107mi.<\/p>\n\n\n\n<p>Teraz oferujemy miejsce, w kt\u00f3rym dzieci mog\u0105 sp\u0119dza\u0107 popo\u0142udnia ucz\u0105c si\u0119 hiszpa\u0144skiego lub utrzymywa\u0107 kontakty si\u0119 z rodzin\u0105 i przyjaci\u00f3\u0142mi przez Internet. O godz. 21.00 towarzyszymy grupie wolontariuszy, kt\u00f3rzy roznosz\u0105 jedzenie wszystkim, kt\u00f3rzy s\u0105 na ulicy (nie zawsze s\u0105 to ludzie m\u0142odzi). Zdarza\u0142o si\u0119 nawet 100 os\u00f3b.<\/p>\n\n\n\n<p>M\u0142odzi ludzie chc\u0105 wyje\u017cd\u017ca\u0107 na P\u00f3\u0142wysep. Aby to zrobi\u0107, cz\u0119sto podejmuj\u0105 du\u017ce ryzyko, podr\u00f3\u017cuj\u0105c pod ci\u0119\u017car\u00f3wkami lub chowaj\u0105c si\u0119 na \u0142odziach. Wiedz\u0105, \u017ce niekt\u00f3rym si\u0119 nie uda, ale nadal podejmuj\u0105 ryzyko.<\/p>\n\n\n\n<div class=\"wp-block-image\"><figure class=\"aligncenter size-large\"><img decoding=\"async\" src=\"https:\/\/filles-de-la-charite.org\/wp-content\/uploads\/2023\/06\/200204-Melila-3-4-768x792-1.jpg\" alt=\"\" class=\"wp-image-41084\" \/><\/figure><\/div>\n\n\n\n<p>W Melilli wsp\u00f3\u0142pracujemy z parafialnym Caritas odwiedzaj\u0105c rodziny, ucz\u0105c kurs\u00f3w j\u0119zykowych i prowadz\u0105c katechezy; jedna Siostra wsp\u00f3\u0142pracuje w Radzie parafialnej, grupie liturgicznej itp.<\/p>\n\n\n\n<p>Ka\u017cdego dnia jedna Siostra jedzie do Nador w Maroku, aby wsp\u00f3\u0142pracowa\u0107 z Delegacj\u0105 Imigracyjn\u0105. Imigranci z subsaharyjskiej wyspy mieszkaj\u0105 w obozach i otrzymuj\u0105 pomoc w g\u00f3rach. W pi\u0105tkowe popo\u0142udnia odwiedzamy CETI, o\u015brodek przetrzymywania cudzoziemc\u00f3w, gdzie spotykamy imigrant\u00f3w szukaj\u0105cych azylu i mog\u0105cych przenie\u015b\u0107 si\u0119 na P\u00f3\u0142wysep (wielu przyby\u0142o \u0142\u00f3dkami lub przeskoczy\u0142o ogrodzenie graniczne). Czasami mamy przyjemno\u015b\u0107 spotka\u0107 ich ponownie w g\u00f3rach Nador lub na P\u00f3\u0142wyspie. Kiedy przechodz\u0105 na P\u00f3\u0142wysep, kontynuujemy kontakt z niekt\u00f3rymi z nich.<\/p>\n\n\n\n<p>Do\u015bwiadczy\u0142y\u015bmy, jak wa\u017cne jest po\u015bwi\u0119canie czasu na tworzenie Wsp\u00f3lnoty z szacunkiem i mi\u0142o\u015bci\u0105. Nauczy\u0142y\u015bmy si\u0119 ufa\u0107 Bo\u017cej Opatrzno\u015bci w\u00f3wczas, gdy nie wiedzia\u0142y\u015bmy, co b\u0119dziemy robi\u0107. Bo\u017ca Opatrzno\u015b\u0107 pokazuje nam na co dzie\u0144 \u201eCO ROBI\u0106 I JAK ZROBI\u0106\u201d.<\/p>\n\n\n\n<p>Gdy pojawiaj\u0105 si\u0119 inne potrzeby, z otwarto\u015bci\u0105 reagujemy na wszystko, o co prosi nas Bo\u017ca Opatrzno\u015b\u0107. Stopniowo w miar\u0119 potrzeb podejmujemy inne wyzwania.<\/p>\n\n\n\n<div class=\"wp-block-image\"><figure class=\"aligncenter size-large\"><img decoding=\"async\" src=\"https:\/\/filles-de-la-charite.org\/wp-content\/uploads\/2023\/06\/200204-Melila-1-2-768x792-1.jpg\" alt=\"\" class=\"wp-image-41076\" \/><\/figure><\/div>\n","protected":false},"excerpt":{"rendered":"<p>W odpowiedzi na wezwanie Papie\u017ca, by \u201eby\u0107 Wsp\u00f3lnot\u0105 w drodze\u201d, Prowincje Si\u00f3str Mi\u0142osierdzia Hiszpanii uda\u0142y si\u0119 do Melilli w Hiszpanii, aby utworzy\u0107 mi\u0119dzyprowincjalne duszpasterstwo, kt\u00f3re dzia\u0142a\u0142oby na rzecz z\u0142agodzenia trudnej sytuacji dzieci imigrant\u00f3w mieszkaj\u0105cych na ulicach. Rok temu, ufaj\u0105c Bo\u017cej Opatrzno\u015bci, pi\u0119\u0107 Si\u00f3str Mi\u0142osierdzia przyby\u0142o do Melilli z pierwszymi zadaniami, aby si\u0119 pozna\u0107 na wzajem, [&hellip;]<\/p>\n","protected":false},"author":1,"featured_media":14358,"comment_status":"closed","ping_status":"closed","sticky":false,"template":"","format":"standard","meta":{"_acf_changed":false,"footnotes":"","_links_to":"","_links_to_target":""},"categories":[767],"tags":[],"class_list":["post-23941","post","type-post","status-publish","format-standard","has-post-thumbnail","hentry","category-espana-pl"],"acf":[],"yoast_head":"<!-- This site is optimized with the Yoast SEO plugin v27.5 - https:\/\/yoast.com\/product\/yoast-seo-wordpress\/ -->\n<title>Pierwszy rok w Mi\u0119dzyprowincjonalnym Projekcie w Melilli - Filles de la Charit\u00e9<\/title>\n<meta name=\"robots\" content=\"index, follow, max-snippet:-1, max-image-preview:large, max-video-preview:-1\" \/>\n<link rel=\"canonical\" href=\"https:\/\/filles-de-la-charite.org\/pl\/first-year-in-the-interprovincial-project-in-melilla-4\/\" \/>\n<meta property=\"og:locale\" content=\"pl_PL\" \/>\n<meta property=\"og:type\" content=\"article\" \/>\n<meta property=\"og:title\" content=\"Pierwszy rok w Mi\u0119dzyprowincjonalnym Projekcie w Melilli - Filles de la Charit\u00e9\" \/>\n<meta property=\"og:description\" content=\"W odpowiedzi na wezwanie Papie\u017ca, by \u201eby\u0107 Wsp\u00f3lnot\u0105 w drodze\u201d, Prowincje Si\u00f3str Mi\u0142osierdzia Hiszpanii uda\u0142y si\u0119 do Melilli w Hiszpanii, aby utworzy\u0107 mi\u0119dzyprowincjalne duszpasterstwo, kt\u00f3re dzia\u0142a\u0142oby na rzecz z\u0142agodzenia trudnej sytuacji dzieci imigrant\u00f3w mieszkaj\u0105cych na ulicach. Rok temu, ufaj\u0105c Bo\u017cej Opatrzno\u015bci, pi\u0119\u0107 Si\u00f3str Mi\u0142osierdzia przyby\u0142o do Melilli z pierwszymi zadaniami, aby si\u0119 pozna\u0107 na wzajem, [&hellip;]\" \/>\n<meta property=\"og:url\" content=\"https:\/\/filles-de-la-charite.org\/pl\/first-year-in-the-interprovincial-project-in-melilla-4\/\" \/>\n<meta property=\"og:site_name\" content=\"Filles de la Charit\u00e9\" \/>\n<meta property=\"article:published_time\" content=\"2020-02-03T22:26:38+00:00\" \/>\n<meta property=\"article:modified_time\" content=\"2024-03-17T17:51:25+00:00\" \/>\n<meta property=\"og:image\" content=\"https:\/\/filles-de-la-charite.org\/wp-content\/uploads\/2023\/06\/200204-Melila-thmb.jpg\" \/>\n\t<meta property=\"og:image:width\" content=\"450\" \/>\n\t<meta property=\"og:image:height\" content=\"300\" \/>\n\t<meta property=\"og:image:type\" content=\"image\/jpeg\" \/>\n<meta name=\"author\" content=\"admin\" \/>\n<meta name=\"twitter:card\" content=\"summary_large_image\" \/>\n<meta name=\"twitter:label1\" content=\"Napisane przez\" \/>\n\t<meta name=\"twitter:data1\" content=\"admin\" \/>\n\t<meta name=\"twitter:label2\" content=\"Szacowany czas czytania\" \/>\n\t<meta name=\"twitter:data2\" content=\"2 minuty\" \/>\n<script type=\"application\/ld+json\" class=\"yoast-schema-graph\">{\"@context\":\"https:\\\/\\\/schema.org\",\"@graph\":[{\"@type\":\"Article\",\"@id\":\"https:\\\/\\\/filles-de-la-charite.org\\\/pl\\\/first-year-in-the-interprovincial-project-in-melilla-4\\\/#article\",\"isPartOf\":{\"@id\":\"https:\\\/\\\/filles-de-la-charite.org\\\/pl\\\/first-year-in-the-interprovincial-project-in-melilla-4\\\/\"},\"author\":{\"name\":\"admin\",\"@id\":\"https:\\\/\\\/filles-de-la-charite.org\\\/pl\\\/#\\\/schema\\\/person\\\/427567b2eccfc2dd7d206da186a1f438\"},\"headline\":\"Pierwszy rok w Mi\u0119dzyprowincjonalnym Projekcie w Melilli\",\"datePublished\":\"2020-02-03T22:26:38+00:00\",\"dateModified\":\"2024-03-17T17:51:25+00:00\",\"mainEntityOfPage\":{\"@id\":\"https:\\\/\\\/filles-de-la-charite.org\\\/pl\\\/first-year-in-the-interprovincial-project-in-melilla-4\\\/\"},\"wordCount\":476,\"publisher\":{\"@id\":\"https:\\\/\\\/filles-de-la-charite.org\\\/pl\\\/#organization\"},\"image\":{\"@id\":\"https:\\\/\\\/filles-de-la-charite.org\\\/pl\\\/first-year-in-the-interprovincial-project-in-melilla-4\\\/#primaryimage\"},\"thumbnailUrl\":\"https:\\\/\\\/filles-de-la-charite.org\\\/wp-content\\\/uploads\\\/2023\\\/06\\\/200204-Melila-thmb.jpg\",\"articleSection\":[\"Hiszpania\"],\"inLanguage\":\"pl-PL\"},{\"@type\":\"WebPage\",\"@id\":\"https:\\\/\\\/filles-de-la-charite.org\\\/pl\\\/first-year-in-the-interprovincial-project-in-melilla-4\\\/\",\"url\":\"https:\\\/\\\/filles-de-la-charite.org\\\/pl\\\/first-year-in-the-interprovincial-project-in-melilla-4\\\/\",\"name\":\"Pierwszy rok w Mi\u0119dzyprowincjonalnym Projekcie w Melilli - Filles de la Charit\u00e9\",\"isPartOf\":{\"@id\":\"https:\\\/\\\/filles-de-la-charite.org\\\/pl\\\/#website\"},\"primaryImageOfPage\":{\"@id\":\"https:\\\/\\\/filles-de-la-charite.org\\\/pl\\\/first-year-in-the-interprovincial-project-in-melilla-4\\\/#primaryimage\"},\"image\":{\"@id\":\"https:\\\/\\\/filles-de-la-charite.org\\\/pl\\\/first-year-in-the-interprovincial-project-in-melilla-4\\\/#primaryimage\"},\"thumbnailUrl\":\"https:\\\/\\\/filles-de-la-charite.org\\\/wp-content\\\/uploads\\\/2023\\\/06\\\/200204-Melila-thmb.jpg\",\"datePublished\":\"2020-02-03T22:26:38+00:00\",\"dateModified\":\"2024-03-17T17:51:25+00:00\",\"breadcrumb\":{\"@id\":\"https:\\\/\\\/filles-de-la-charite.org\\\/pl\\\/first-year-in-the-interprovincial-project-in-melilla-4\\\/#breadcrumb\"},\"inLanguage\":\"pl-PL\",\"potentialAction\":[{\"@type\":\"ReadAction\",\"target\":[\"https:\\\/\\\/filles-de-la-charite.org\\\/pl\\\/first-year-in-the-interprovincial-project-in-melilla-4\\\/\"]}]},{\"@type\":\"ImageObject\",\"inLanguage\":\"pl-PL\",\"@id\":\"https:\\\/\\\/filles-de-la-charite.org\\\/pl\\\/first-year-in-the-interprovincial-project-in-melilla-4\\\/#primaryimage\",\"url\":\"https:\\\/\\\/filles-de-la-charite.org\\\/wp-content\\\/uploads\\\/2023\\\/06\\\/200204-Melila-thmb.jpg\",\"contentUrl\":\"https:\\\/\\\/filles-de-la-charite.org\\\/wp-content\\\/uploads\\\/2023\\\/06\\\/200204-Melila-thmb.jpg\",\"width\":450,\"height\":300},{\"@type\":\"BreadcrumbList\",\"@id\":\"https:\\\/\\\/filles-de-la-charite.org\\\/pl\\\/first-year-in-the-interprovincial-project-in-melilla-4\\\/#breadcrumb\",\"itemListElement\":[{\"@type\":\"ListItem\",\"position\":1,\"name\":\"Hiszpania\",\"item\":\"https:\\\/\\\/filles-de-la-charite.org\\\/pl\\\/category\\\/espana-pl\\\/\"},{\"@type\":\"ListItem\",\"position\":2,\"name\":\"Pierwszy rok w Mi\u0119dzyprowincjonalnym Projekcie w Melilli\"}]},{\"@type\":\"WebSite\",\"@id\":\"https:\\\/\\\/filles-de-la-charite.org\\\/pl\\\/#website\",\"url\":\"https:\\\/\\\/filles-de-la-charite.org\\\/pl\\\/\",\"name\":\"Hijas de la Caridad\",\"description\":\"L\u2019amour de J\u00e9sus nous presse \u00e0 prendre soin des personnes les plus d\u00e9munies\",\"publisher\":{\"@id\":\"https:\\\/\\\/filles-de-la-charite.org\\\/pl\\\/#organization\"},\"potentialAction\":[{\"@type\":\"SearchAction\",\"target\":{\"@type\":\"EntryPoint\",\"urlTemplate\":\"https:\\\/\\\/filles-de-la-charite.org\\\/pl\\\/?s={search_term_string}\"},\"query-input\":{\"@type\":\"PropertyValueSpecification\",\"valueRequired\":true,\"valueName\":\"search_term_string\"}}],\"inLanguage\":\"pl-PL\"},{\"@type\":\"Organization\",\"@id\":\"https:\\\/\\\/filles-de-la-charite.org\\\/pl\\\/#organization\",\"name\":\"Hijas de la Caridad\",\"url\":\"https:\\\/\\\/filles-de-la-charite.org\\\/pl\\\/\",\"logo\":{\"@type\":\"ImageObject\",\"inLanguage\":\"pl-PL\",\"@id\":\"https:\\\/\\\/filles-de-la-charite.org\\\/pl\\\/#\\\/schema\\\/logo\\\/image\\\/\",\"url\":\"https:\\\/\\\/filles-de-la-charite.org\\\/wp-content\\\/uploads\\\/2023\\\/03\\\/isotipo-Hijas-de-la-Caridad.png\",\"contentUrl\":\"https:\\\/\\\/filles-de-la-charite.org\\\/wp-content\\\/uploads\\\/2023\\\/03\\\/isotipo-Hijas-de-la-Caridad.png\",\"width\":1417,\"height\":1417,\"caption\":\"Hijas de la Caridad\"},\"image\":{\"@id\":\"https:\\\/\\\/filles-de-la-charite.org\\\/pl\\\/#\\\/schema\\\/logo\\\/image\\\/\"}},{\"@type\":\"Person\",\"@id\":\"https:\\\/\\\/filles-de-la-charite.org\\\/pl\\\/#\\\/schema\\\/person\\\/427567b2eccfc2dd7d206da186a1f438\",\"name\":\"admin\",\"image\":{\"@type\":\"ImageObject\",\"inLanguage\":\"pl-PL\",\"@id\":\"https:\\\/\\\/secure.gravatar.com\\\/avatar\\\/948b492cce32b586ac2db0eaa926ee87024f7afe218d73b397ea5ddfc5f43ea1?s=96&d=mm&r=g\",\"url\":\"https:\\\/\\\/secure.gravatar.com\\\/avatar\\\/948b492cce32b586ac2db0eaa926ee87024f7afe218d73b397ea5ddfc5f43ea1?s=96&d=mm&r=g\",\"contentUrl\":\"https:\\\/\\\/secure.gravatar.com\\\/avatar\\\/948b492cce32b586ac2db0eaa926ee87024f7afe218d73b397ea5ddfc5f43ea1?s=96&d=mm&r=g\",\"caption\":\"admin\"},\"sameAs\":[\"https:\\\/\\\/filles-de-la-charite.org\"],\"url\":\"https:\\\/\\\/filles-de-la-charite.org\\\/pl\\\/author\\\/caridad\\\/\"}]}<\/script>\n<!-- \/ Yoast SEO plugin. -->","yoast_head_json":{"title":"Pierwszy rok w Mi\u0119dzyprowincjonalnym Projekcie w Melilli - Filles de la Charit\u00e9","robots":{"index":"index","follow":"follow","max-snippet":"max-snippet:-1","max-image-preview":"max-image-preview:large","max-video-preview":"max-video-preview:-1"},"canonical":"https:\/\/filles-de-la-charite.org\/pl\/first-year-in-the-interprovincial-project-in-melilla-4\/","og_locale":"pl_PL","og_type":"article","og_title":"Pierwszy rok w Mi\u0119dzyprowincjonalnym Projekcie w Melilli - Filles de la Charit\u00e9","og_description":"W odpowiedzi na wezwanie Papie\u017ca, by \u201eby\u0107 Wsp\u00f3lnot\u0105 w drodze\u201d, Prowincje Si\u00f3str Mi\u0142osierdzia Hiszpanii uda\u0142y si\u0119 do Melilli w Hiszpanii, aby utworzy\u0107 mi\u0119dzyprowincjalne duszpasterstwo, kt\u00f3re dzia\u0142a\u0142oby na rzecz z\u0142agodzenia trudnej sytuacji dzieci imigrant\u00f3w mieszkaj\u0105cych na ulicach. Rok temu, ufaj\u0105c Bo\u017cej Opatrzno\u015bci, pi\u0119\u0107 Si\u00f3str Mi\u0142osierdzia przyby\u0142o do Melilli z pierwszymi zadaniami, aby si\u0119 pozna\u0107 na wzajem, [&hellip;]","og_url":"https:\/\/filles-de-la-charite.org\/pl\/first-year-in-the-interprovincial-project-in-melilla-4\/","og_site_name":"Filles de la Charit\u00e9","article_published_time":"2020-02-03T22:26:38+00:00","article_modified_time":"2024-03-17T17:51:25+00:00","og_image":[{"width":450,"height":300,"url":"https:\/\/filles-de-la-charite.org\/wp-content\/uploads\/2023\/06\/200204-Melila-thmb.jpg","type":"image\/jpeg"}],"author":"admin","twitter_card":"summary_large_image","twitter_misc":{"Napisane przez":"admin","Szacowany czas czytania":"2 minuty"},"schema":{"@context":"https:\/\/schema.org","@graph":[{"@type":"Article","@id":"https:\/\/filles-de-la-charite.org\/pl\/first-year-in-the-interprovincial-project-in-melilla-4\/#article","isPartOf":{"@id":"https:\/\/filles-de-la-charite.org\/pl\/first-year-in-the-interprovincial-project-in-melilla-4\/"},"author":{"name":"admin","@id":"https:\/\/filles-de-la-charite.org\/pl\/#\/schema\/person\/427567b2eccfc2dd7d206da186a1f438"},"headline":"Pierwszy rok w Mi\u0119dzyprowincjonalnym Projekcie w Melilli","datePublished":"2020-02-03T22:26:38+00:00","dateModified":"2024-03-17T17:51:25+00:00","mainEntityOfPage":{"@id":"https:\/\/filles-de-la-charite.org\/pl\/first-year-in-the-interprovincial-project-in-melilla-4\/"},"wordCount":476,"publisher":{"@id":"https:\/\/filles-de-la-charite.org\/pl\/#organization"},"image":{"@id":"https:\/\/filles-de-la-charite.org\/pl\/first-year-in-the-interprovincial-project-in-melilla-4\/#primaryimage"},"thumbnailUrl":"https:\/\/filles-de-la-charite.org\/wp-content\/uploads\/2023\/06\/200204-Melila-thmb.jpg","articleSection":["Hiszpania"],"inLanguage":"pl-PL"},{"@type":"WebPage","@id":"https:\/\/filles-de-la-charite.org\/pl\/first-year-in-the-interprovincial-project-in-melilla-4\/","url":"https:\/\/filles-de-la-charite.org\/pl\/first-year-in-the-interprovincial-project-in-melilla-4\/","name":"Pierwszy rok w Mi\u0119dzyprowincjonalnym Projekcie w Melilli - Filles de la Charit\u00e9","isPartOf":{"@id":"https:\/\/filles-de-la-charite.org\/pl\/#website"},"primaryImageOfPage":{"@id":"https:\/\/filles-de-la-charite.org\/pl\/first-year-in-the-interprovincial-project-in-melilla-4\/#primaryimage"},"image":{"@id":"https:\/\/filles-de-la-charite.org\/pl\/first-year-in-the-interprovincial-project-in-melilla-4\/#primaryimage"},"thumbnailUrl":"https:\/\/filles-de-la-charite.org\/wp-content\/uploads\/2023\/06\/200204-Melila-thmb.jpg","datePublished":"2020-02-03T22:26:38+00:00","dateModified":"2024-03-17T17:51:25+00:00","breadcrumb":{"@id":"https:\/\/filles-de-la-charite.org\/pl\/first-year-in-the-interprovincial-project-in-melilla-4\/#breadcrumb"},"inLanguage":"pl-PL","potentialAction":[{"@type":"ReadAction","target":["https:\/\/filles-de-la-charite.org\/pl\/first-year-in-the-interprovincial-project-in-melilla-4\/"]}]},{"@type":"ImageObject","inLanguage":"pl-PL","@id":"https:\/\/filles-de-la-charite.org\/pl\/first-year-in-the-interprovincial-project-in-melilla-4\/#primaryimage","url":"https:\/\/filles-de-la-charite.org\/wp-content\/uploads\/2023\/06\/200204-Melila-thmb.jpg","contentUrl":"https:\/\/filles-de-la-charite.org\/wp-content\/uploads\/2023\/06\/200204-Melila-thmb.jpg","width":450,"height":300},{"@type":"BreadcrumbList","@id":"https:\/\/filles-de-la-charite.org\/pl\/first-year-in-the-interprovincial-project-in-melilla-4\/#breadcrumb","itemListElement":[{"@type":"ListItem","position":1,"name":"Hiszpania","item":"https:\/\/filles-de-la-charite.org\/pl\/category\/espana-pl\/"},{"@type":"ListItem","position":2,"name":"Pierwszy rok w Mi\u0119dzyprowincjonalnym Projekcie w Melilli"}]},{"@type":"WebSite","@id":"https:\/\/filles-de-la-charite.org\/pl\/#website","url":"https:\/\/filles-de-la-charite.org\/pl\/","name":"Hijas de la Caridad","description":"L\u2019amour de J\u00e9sus nous presse \u00e0 prendre soin des personnes les plus d\u00e9munies","publisher":{"@id":"https:\/\/filles-de-la-charite.org\/pl\/#organization"},"potentialAction":[{"@type":"SearchAction","target":{"@type":"EntryPoint","urlTemplate":"https:\/\/filles-de-la-charite.org\/pl\/?s={search_term_string}"},"query-input":{"@type":"PropertyValueSpecification","valueRequired":true,"valueName":"search_term_string"}}],"inLanguage":"pl-PL"},{"@type":"Organization","@id":"https:\/\/filles-de-la-charite.org\/pl\/#organization","name":"Hijas de la Caridad","url":"https:\/\/filles-de-la-charite.org\/pl\/","logo":{"@type":"ImageObject","inLanguage":"pl-PL","@id":"https:\/\/filles-de-la-charite.org\/pl\/#\/schema\/logo\/image\/","url":"https:\/\/filles-de-la-charite.org\/wp-content\/uploads\/2023\/03\/isotipo-Hijas-de-la-Caridad.png","contentUrl":"https:\/\/filles-de-la-charite.org\/wp-content\/uploads\/2023\/03\/isotipo-Hijas-de-la-Caridad.png","width":1417,"height":1417,"caption":"Hijas de la Caridad"},"image":{"@id":"https:\/\/filles-de-la-charite.org\/pl\/#\/schema\/logo\/image\/"}},{"@type":"Person","@id":"https:\/\/filles-de-la-charite.org\/pl\/#\/schema\/person\/427567b2eccfc2dd7d206da186a1f438","name":"admin","image":{"@type":"ImageObject","inLanguage":"pl-PL","@id":"https:\/\/secure.gravatar.com\/avatar\/948b492cce32b586ac2db0eaa926ee87024f7afe218d73b397ea5ddfc5f43ea1?s=96&d=mm&r=g","url":"https:\/\/secure.gravatar.com\/avatar\/948b492cce32b586ac2db0eaa926ee87024f7afe218d73b397ea5ddfc5f43ea1?s=96&d=mm&r=g","contentUrl":"https:\/\/secure.gravatar.com\/avatar\/948b492cce32b586ac2db0eaa926ee87024f7afe218d73b397ea5ddfc5f43ea1?s=96&d=mm&r=g","caption":"admin"},"sameAs":["https:\/\/filles-de-la-charite.org"],"url":"https:\/\/filles-de-la-charite.org\/pl\/author\/caridad\/"}]}},"_links":{"self":[{"href":"https:\/\/filles-de-la-charite.org\/pl\/wp-json\/wp\/v2\/posts\/23941","targetHints":{"allow":["GET"]}}],"collection":[{"href":"https:\/\/filles-de-la-charite.org\/pl\/wp-json\/wp\/v2\/posts"}],"about":[{"href":"https:\/\/filles-de-la-charite.org\/pl\/wp-json\/wp\/v2\/types\/post"}],"author":[{"embeddable":true,"href":"https:\/\/filles-de-la-charite.org\/pl\/wp-json\/wp\/v2\/users\/1"}],"replies":[{"embeddable":true,"href":"https:\/\/filles-de-la-charite.org\/pl\/wp-json\/wp\/v2\/comments?post=23941"}],"version-history":[{"count":1,"href":"https:\/\/filles-de-la-charite.org\/pl\/wp-json\/wp\/v2\/posts\/23941\/revisions"}],"predecessor-version":[{"id":23945,"href":"https:\/\/filles-de-la-charite.org\/pl\/wp-json\/wp\/v2\/posts\/23941\/revisions\/23945"}],"wp:featuredmedia":[{"embeddable":true,"href":"https:\/\/filles-de-la-charite.org\/pl\/wp-json\/wp\/v2\/media\/14358"}],"wp:attachment":[{"href":"https:\/\/filles-de-la-charite.org\/pl\/wp-json\/wp\/v2\/media?parent=23941"}],"wp:term":[{"taxonomy":"category","embeddable":true,"href":"https:\/\/filles-de-la-charite.org\/pl\/wp-json\/wp\/v2\/categories?post=23941"},{"taxonomy":"post_tag","embeddable":true,"href":"https:\/\/filles-de-la-charite.org\/pl\/wp-json\/wp\/v2\/tags?post=23941"}],"curies":[{"name":"wp","href":"https:\/\/api.w.org\/{rel}","templated":true}]}}