{"id":23962,"date":"2020-02-14T11:55:44","date_gmt":"2020-02-14T10:55:44","guid":{"rendered":"https:\/\/hijascaridad.sjdigitaldemo.ovh\/vincent-helps-the-vincentian-familys-response-to-the-taal-volcano-eruption-in-the-philippines-4\/"},"modified":"2024-03-17T18:51:07","modified_gmt":"2024-03-17T17:51:07","slug":"vincent-helps-the-vincentian-familys-response-to-the-taal-volcano-eruption-in-the-philippines-4","status":"publish","type":"post","link":"https:\/\/filles-de-la-charite.org\/pl\/vincent-helps-the-vincentian-familys-response-to-the-taal-volcano-eruption-in-the-philippines-4\/","title":{"rendered":"Pomoc Wincentego: Odpowied\u017a Rodziny Wincenty\u0144skiej na erupcj\u0119 wulkanu Taal na Filipinach"},"content":{"rendered":"\n<p><p style=\"text-align: justify;\">Kiedy wybuch\u0142 wulkan Taal w dniu 12 stycznia 2020 roku, spo\u015br\u00f3d tych, kt\u00f3rzy mocno ucierpieli z powodu popio\u0142u wulkanicznego, by\u0142y dwie wsp\u00f3lnoty Si\u00f3str Mi\u0142osierdzia znajduj\u0105ce si\u0119 w mie\u015bcie Tagaytay: Dom rekolekcyjny \u015aw. Ludwiki i Wsp\u00f3lnoty Seminarium.<\/p> <p style=\"text-align: justify;\"><img loading=\"lazy\" decoding=\"async\" width=\"240\" height=\"300\" class=\"alignright size-medium wp-image-40459\" src=\"https:\/\/filles-de-la-charite.org\/wp-content\/uploads\/2023\/06\/200214-Taal-1-240x300.jpg\" alt=\"\">Dzie\u0144 po wybuchu Siostry odwiedzi\u0142y r\u00f3\u017cne centra ewakuacyjne, aby uzyska\u0107 informacje z pierwszej r\u0119ki na temat sytuacji ewakuowanych. Zebrano dane obejmuj\u0105ce liczb\u0119 dotkni\u0119tych rodzin, dost\u0119pne miejsca w o\u015brodkach ewakuacyjnych oraz najpilniejsze potrzeby ewakuowanych, a tak\u017ce os\u00f3b pracuj\u0105cych w Domu \u015aw. Ludwiki, kt\u00f3rych rodziny r\u00f3wnie\u017c zosta\u0142y g\u0142\u0119boko dotkni\u0119te kataklizmem. Dane te zosta\u0142y uwzgl\u0119dnione<\/p> <p style=\"text-align: justify;\">w planowaniu przeprowadzonym przez Siostr\u0119 Wizytatork\u0119, Mari\u0119 Ann\u0119 Rosario G. Evidente, wraz z cz\u0142onkami wsp\u00f3lnoty Domu \u015aw. Ludwiki i Siostry Prze\u0142o\u017conej z Regionu Sto\u0142ecznego (NCR), aby om\u00f3wi\u0107 natychmiastow\u0105 odpowied\u017a Prowincji nios\u0105cej pomoc.<\/p> <img loading=\"lazy\" decoding=\"async\" width=\"817\" height=\"613\" class=\"aligncenter size-full wp-image-40460\" src=\"https:\/\/filles-de-la-charite.org\/wp-content\/uploads\/2023\/06\/Taal-2.png\" alt=\"\"> <p style=\"text-align: justify;\">Wst\u0119pne planowanie zaowocowa\u0142o r\u00f3wnie\u017c decyzj\u0105 o wsp\u00f3\u0142pracy z innymi cz\u0142onkami Rodziny Wincenty\u0144skiej w ramach tak zwanej \u201ePomocy Wincentego\u201d. Wolontariusze zostali wys\u0142ani do r\u00f3\u017cnych o\u015brodk\u00f3w ewakuacyjnych, ale ich ograniczony dost\u0119p do tych o\u015brodk\u00f3w w celu prowadzenia wsparcia psycho-spo\u0142eczno-duchowego, sk\u0142oni\u0142 Prowincj\u0119 do otwarcia wsp\u00f3lnoty Domu \u015aw. Ludwiki, aby pomie\u015bci\u0107 osoby i rodziny niezarejestrowane w \u017cadnym z tych o\u015brodk\u00f3w i zapewni\u0107 im posi\u0142ki, opiek\u0119 zdrowotn\u0105 oraz podstawowe potrzeby dla ich dobrego samopoczucia, a tak\u017ce towarzyszy\u0107 im w tej chwili w ich psycho-spo\u0142eczno-duchowej podr\u00f3\u017cy.<\/p> <p style=\"text-align: justify;\">Kiedy trwaj\u0105ca dzia\u0142alno\u015b\u0107 wulkanu Taal ze \u015bladami p\u0119kni\u0119\u0107 w kilku wioskach sk\u0142oni\u0142a rz\u0105d do ca\u0142kowitej ewakuacji ludno\u015bci lub zamkni\u0119cia obszaru w promieniu 14 kilometr\u00f3w od centrum krateru, Dom \u015aw. Ludwiki zosta\u0142 r\u00f3wnie\u017c obj\u0119ty. Wdro\u017cono plan ewakuacji z zagro\u017conych teren\u00f3w. Wszyscy zostali ewakuowani w bezpieczne miejsca: niekt\u00f3rzy trafili do swoich rodzin, a niekt\u00f3rzy do zarejestrowanych o\u015brodk\u00f3w ewakuacyjnych. Siostry i \u015bwieccy wolontariusze wr\u00f3cili do Manili. Rosalie Rendu Development Center, Inc., znajduj\u0105ce si\u0119 w Domu Prowincjonalnym Si\u00f3str Mi\u0142osierdzia, s\u0142u\u017cy teraz jako WINCENTY\u0143SKIE CENTRUM POMOCY TAAL.<\/p> <p style=\"text-align: justify;\">W ci\u0105gu najbli\u017cszych dw\u00f3ch tygodni dzia\u0142alno\u015bci Zesp\u00f3\u0142 postanowi\u0142 uruchomi\u0107 projekt \u201eOPERACJA MOBILNEJ POMOCY\u201d na dotkni\u0119tych obszarach, do kt\u00f3rych nie dotar\u0142a jeszcze pomoc rz\u0105dowa. Zesp\u00f3\u0142 z Ksi\u0119dzem Wizytatorem Gregorio Ba\u00f1aga, Jr., odwiedzi mo\u017cliwe obszary, aby ustali\u0107, w jaki spos\u00f3b mo\u017cemy rozszerzy\u0107 nasz\u0105 pos\u0142ug\u0119 mi\u0142o\u015bci.<\/p> <img loading=\"lazy\" decoding=\"async\" width=\"877\" height=\"952\" class=\"aligncenter size-full wp-image-40461\" src=\"https:\/\/filles-de-la-charite.org\/wp-content\/uploads\/2023\/06\/Taal-6.png\" alt=\"\"> <p style=\"text-align: justify;\">Niech B\u00f3g nadal b\u0142ogos\u0142awi nasze pokorne wysi\u0142ki na rzecz z\u0142agodzenia cierpie\u0144 naszych si\u00f3str i braci w sytuacji kryzysowej! B\u00f3g, kt\u00f3rego kochaj\u0105ca Opatrzno\u015b\u0107 objawia si\u0119 przez wszystkich, kt\u00f3rzy pomogli materialnie i duchowo, jest naszym JEDYNYM RZECZYWISTYM BEZPIECZE\u0143STWEM. Wszystkich powierzamy Maryi Niepokalanej od Cudownego Medalika!<\/p> <p style=\"text-align: right;\"><em><span style=\"color: #0432ff;\">S. Marylou O. Espora, Siostra Mi\u0142osierdzia Koordynator Operacji Taal<\/span><\/em><\/p> <img loading=\"lazy\" decoding=\"async\" width=\"640\" height=\"640\" class=\"aligncenter size-full wp-image-40464\" src=\"https:\/\/filles-de-la-charite.org\/wp-content\/uploads\/2023\/06\/200214-Taal-6.jpg\" alt=\"\"> <img loading=\"lazy\" decoding=\"async\" width=\"720\" height=\"540\" class=\"aligncenter size-full wp-image-40463\" src=\"https:\/\/filles-de-la-charite.org\/wp-content\/uploads\/2023\/06\/200214-Taal-5.jpg\" alt=\"\"> <img loading=\"lazy\" decoding=\"async\" width=\"512\" height=\"640\" class=\"aligncenter size-full wp-image-40462\" src=\"https:\/\/filles-de-la-charite.org\/wp-content\/uploads\/2023\/06\/200214-Taal-4.jpg\" alt=\"\"><\/p>\n","protected":false},"excerpt":{"rendered":"<p>Kiedy wybuch\u0142 wulkan Taal w dniu 12 stycznia 2020 roku, spo\u015br\u00f3d tych, kt\u00f3rzy mocno ucierpieli z powodu popio\u0142u wulkanicznego, by\u0142y dwie wsp\u00f3lnoty Si\u00f3str Mi\u0142osierdzia znajduj\u0105ce si\u0119 w mie\u015bcie Tagaytay: Dom rekolekcyjny \u015aw. Ludwiki i Wsp\u00f3lnoty Seminarium. Dzie\u0144 po wybuchu Siostry odwiedzi\u0142y r\u00f3\u017cne centra ewakuacyjne, aby uzyska\u0107 informacje z pierwszej r\u0119ki na temat sytuacji ewakuowanych. Zebrano [&hellip;]<\/p>\n","protected":false},"author":1,"featured_media":14427,"comment_status":"closed","ping_status":"closed","sticky":false,"template":"","format":"standard","meta":{"_acf_changed":false,"_et_pb_use_builder":"","_et_pb_old_content":"","_et_gb_content_width":"","footnotes":"","_links_to":"","_links_to_target":""},"categories":[762],"tags":[],"class_list":["post-23962","post","type-post","status-publish","format-standard","has-post-thumbnail","hentry","category-swieta-ludwika-azja-pl"],"acf":[],"yoast_head":"<!-- This site is optimized with the Yoast SEO plugin v27.4 - https:\/\/yoast.com\/product\/yoast-seo-wordpress\/ -->\n<title>Pomoc Wincentego: Odpowied\u017a Rodziny Wincenty\u0144skiej na erupcj\u0119 wulkanu Taal na Filipinach - Filles de la Charit\u00e9<\/title>\n<meta name=\"robots\" content=\"index, follow, max-snippet:-1, max-image-preview:large, max-video-preview:-1\" \/>\n<link rel=\"canonical\" href=\"https:\/\/filles-de-la-charite.org\/pl\/vincent-helps-the-vincentian-familys-response-to-the-taal-volcano-eruption-in-the-philippines-4\/\" \/>\n<meta property=\"og:locale\" content=\"pl_PL\" \/>\n<meta property=\"og:type\" content=\"article\" \/>\n<meta property=\"og:title\" content=\"Pomoc Wincentego: Odpowied\u017a Rodziny Wincenty\u0144skiej na erupcj\u0119 wulkanu Taal na Filipinach - Filles de la Charit\u00e9\" \/>\n<meta property=\"og:description\" content=\"Kiedy wybuch\u0142 wulkan Taal w dniu 12 stycznia 2020 roku, spo\u015br\u00f3d tych, kt\u00f3rzy mocno ucierpieli z powodu popio\u0142u wulkanicznego, by\u0142y dwie wsp\u00f3lnoty Si\u00f3str Mi\u0142osierdzia znajduj\u0105ce si\u0119 w mie\u015bcie Tagaytay: Dom rekolekcyjny \u015aw. Ludwiki i Wsp\u00f3lnoty Seminarium. Dzie\u0144 po wybuchu Siostry odwiedzi\u0142y r\u00f3\u017cne centra ewakuacyjne, aby uzyska\u0107 informacje z pierwszej r\u0119ki na temat sytuacji ewakuowanych. Zebrano [&hellip;]\" \/>\n<meta property=\"og:url\" content=\"https:\/\/filles-de-la-charite.org\/pl\/vincent-helps-the-vincentian-familys-response-to-the-taal-volcano-eruption-in-the-philippines-4\/\" \/>\n<meta property=\"og:site_name\" content=\"Filles de la Charit\u00e9\" \/>\n<meta property=\"article:published_time\" content=\"2020-02-14T10:55:44+00:00\" \/>\n<meta property=\"article:modified_time\" content=\"2024-03-17T17:51:07+00:00\" \/>\n<meta property=\"og:image\" content=\"https:\/\/filles-de-la-charite.org\/wp-content\/uploads\/2023\/06\/200214-Taal-6.jpg\" \/>\n\t<meta property=\"og:image:width\" content=\"640\" \/>\n\t<meta property=\"og:image:height\" content=\"640\" \/>\n\t<meta property=\"og:image:type\" content=\"image\/jpeg\" \/>\n<meta name=\"author\" content=\"admin\" \/>\n<meta name=\"twitter:card\" content=\"summary_large_image\" \/>\n<meta name=\"twitter:label1\" content=\"Napisane przez\" \/>\n\t<meta name=\"twitter:data1\" content=\"admin\" \/>\n\t<meta name=\"twitter:label2\" content=\"Szacowany czas czytania\" \/>\n\t<meta name=\"twitter:data2\" content=\"2 minuty\" \/>\n<script type=\"application\/ld+json\" class=\"yoast-schema-graph\">{\"@context\":\"https:\\\/\\\/schema.org\",\"@graph\":[{\"@type\":\"Article\",\"@id\":\"https:\\\/\\\/filles-de-la-charite.org\\\/pl\\\/vincent-helps-the-vincentian-familys-response-to-the-taal-volcano-eruption-in-the-philippines-4\\\/#article\",\"isPartOf\":{\"@id\":\"https:\\\/\\\/filles-de-la-charite.org\\\/pl\\\/vincent-helps-the-vincentian-familys-response-to-the-taal-volcano-eruption-in-the-philippines-4\\\/\"},\"author\":{\"name\":\"admin\",\"@id\":\"https:\\\/\\\/filles-de-la-charite.org\\\/pl\\\/#\\\/schema\\\/person\\\/427567b2eccfc2dd7d206da186a1f438\"},\"headline\":\"Pomoc Wincentego: Odpowied\u017a Rodziny Wincenty\u0144skiej na erupcj\u0119 wulkanu Taal na Filipinach\",\"datePublished\":\"2020-02-14T10:55:44+00:00\",\"dateModified\":\"2024-03-17T17:51:07+00:00\",\"mainEntityOfPage\":{\"@id\":\"https:\\\/\\\/filles-de-la-charite.org\\\/pl\\\/vincent-helps-the-vincentian-familys-response-to-the-taal-volcano-eruption-in-the-philippines-4\\\/\"},\"wordCount\":499,\"publisher\":{\"@id\":\"https:\\\/\\\/filles-de-la-charite.org\\\/pl\\\/#organization\"},\"image\":{\"@id\":\"https:\\\/\\\/filles-de-la-charite.org\\\/pl\\\/vincent-helps-the-vincentian-familys-response-to-the-taal-volcano-eruption-in-the-philippines-4\\\/#primaryimage\"},\"thumbnailUrl\":\"https:\\\/\\\/filles-de-la-charite.org\\\/wp-content\\\/uploads\\\/2023\\\/06\\\/200214-Taal-6.jpg\",\"articleSection\":[\"\u015awi\u0119ta Ludwika \u2013 Azja\"],\"inLanguage\":\"pl-PL\"},{\"@type\":\"WebPage\",\"@id\":\"https:\\\/\\\/filles-de-la-charite.org\\\/pl\\\/vincent-helps-the-vincentian-familys-response-to-the-taal-volcano-eruption-in-the-philippines-4\\\/\",\"url\":\"https:\\\/\\\/filles-de-la-charite.org\\\/pl\\\/vincent-helps-the-vincentian-familys-response-to-the-taal-volcano-eruption-in-the-philippines-4\\\/\",\"name\":\"Pomoc Wincentego: Odpowied\u017a Rodziny Wincenty\u0144skiej na erupcj\u0119 wulkanu Taal na Filipinach - Filles de la Charit\u00e9\",\"isPartOf\":{\"@id\":\"https:\\\/\\\/filles-de-la-charite.org\\\/pl\\\/#website\"},\"primaryImageOfPage\":{\"@id\":\"https:\\\/\\\/filles-de-la-charite.org\\\/pl\\\/vincent-helps-the-vincentian-familys-response-to-the-taal-volcano-eruption-in-the-philippines-4\\\/#primaryimage\"},\"image\":{\"@id\":\"https:\\\/\\\/filles-de-la-charite.org\\\/pl\\\/vincent-helps-the-vincentian-familys-response-to-the-taal-volcano-eruption-in-the-philippines-4\\\/#primaryimage\"},\"thumbnailUrl\":\"https:\\\/\\\/filles-de-la-charite.org\\\/wp-content\\\/uploads\\\/2023\\\/06\\\/200214-Taal-6.jpg\",\"datePublished\":\"2020-02-14T10:55:44+00:00\",\"dateModified\":\"2024-03-17T17:51:07+00:00\",\"breadcrumb\":{\"@id\":\"https:\\\/\\\/filles-de-la-charite.org\\\/pl\\\/vincent-helps-the-vincentian-familys-response-to-the-taal-volcano-eruption-in-the-philippines-4\\\/#breadcrumb\"},\"inLanguage\":\"pl-PL\",\"potentialAction\":[{\"@type\":\"ReadAction\",\"target\":[\"https:\\\/\\\/filles-de-la-charite.org\\\/pl\\\/vincent-helps-the-vincentian-familys-response-to-the-taal-volcano-eruption-in-the-philippines-4\\\/\"]}]},{\"@type\":\"ImageObject\",\"inLanguage\":\"pl-PL\",\"@id\":\"https:\\\/\\\/filles-de-la-charite.org\\\/pl\\\/vincent-helps-the-vincentian-familys-response-to-the-taal-volcano-eruption-in-the-philippines-4\\\/#primaryimage\",\"url\":\"https:\\\/\\\/filles-de-la-charite.org\\\/wp-content\\\/uploads\\\/2023\\\/06\\\/200214-Taal-6.jpg\",\"contentUrl\":\"https:\\\/\\\/filles-de-la-charite.org\\\/wp-content\\\/uploads\\\/2023\\\/06\\\/200214-Taal-6.jpg\",\"width\":640,\"height\":640},{\"@type\":\"BreadcrumbList\",\"@id\":\"https:\\\/\\\/filles-de-la-charite.org\\\/pl\\\/vincent-helps-the-vincentian-familys-response-to-the-taal-volcano-eruption-in-the-philippines-4\\\/#breadcrumb\",\"itemListElement\":[{\"@type\":\"ListItem\",\"position\":1,\"name\":\"Indonezja\",\"item\":\"https:\\\/\\\/filles-de-la-charite.org\\\/pl\\\/category\\\/indonezja\\\/\"},{\"@type\":\"ListItem\",\"position\":2,\"name\":\"Pomoc Wincentego: Odpowied\u017a Rodziny Wincenty\u0144skiej na erupcj\u0119 wulkanu Taal na Filipinach\"}]},{\"@type\":\"WebSite\",\"@id\":\"https:\\\/\\\/filles-de-la-charite.org\\\/pl\\\/#website\",\"url\":\"https:\\\/\\\/filles-de-la-charite.org\\\/pl\\\/\",\"name\":\"Hijas de la Caridad\",\"description\":\"L\u2019amour de J\u00e9sus nous presse \u00e0 prendre soin des personnes les plus d\u00e9munies\",\"publisher\":{\"@id\":\"https:\\\/\\\/filles-de-la-charite.org\\\/pl\\\/#organization\"},\"potentialAction\":[{\"@type\":\"SearchAction\",\"target\":{\"@type\":\"EntryPoint\",\"urlTemplate\":\"https:\\\/\\\/filles-de-la-charite.org\\\/pl\\\/?s={search_term_string}\"},\"query-input\":{\"@type\":\"PropertyValueSpecification\",\"valueRequired\":true,\"valueName\":\"search_term_string\"}}],\"inLanguage\":\"pl-PL\"},{\"@type\":\"Organization\",\"@id\":\"https:\\\/\\\/filles-de-la-charite.org\\\/pl\\\/#organization\",\"name\":\"Hijas de la Caridad\",\"url\":\"https:\\\/\\\/filles-de-la-charite.org\\\/pl\\\/\",\"logo\":{\"@type\":\"ImageObject\",\"inLanguage\":\"pl-PL\",\"@id\":\"https:\\\/\\\/filles-de-la-charite.org\\\/pl\\\/#\\\/schema\\\/logo\\\/image\\\/\",\"url\":\"https:\\\/\\\/filles-de-la-charite.org\\\/wp-content\\\/uploads\\\/2023\\\/03\\\/isotipo-Hijas-de-la-Caridad.png\",\"contentUrl\":\"https:\\\/\\\/filles-de-la-charite.org\\\/wp-content\\\/uploads\\\/2023\\\/03\\\/isotipo-Hijas-de-la-Caridad.png\",\"width\":1417,\"height\":1417,\"caption\":\"Hijas de la Caridad\"},\"image\":{\"@id\":\"https:\\\/\\\/filles-de-la-charite.org\\\/pl\\\/#\\\/schema\\\/logo\\\/image\\\/\"}},{\"@type\":\"Person\",\"@id\":\"https:\\\/\\\/filles-de-la-charite.org\\\/pl\\\/#\\\/schema\\\/person\\\/427567b2eccfc2dd7d206da186a1f438\",\"name\":\"admin\",\"image\":{\"@type\":\"ImageObject\",\"inLanguage\":\"pl-PL\",\"@id\":\"https:\\\/\\\/secure.gravatar.com\\\/avatar\\\/948b492cce32b586ac2db0eaa926ee87024f7afe218d73b397ea5ddfc5f43ea1?s=96&d=mm&r=g\",\"url\":\"https:\\\/\\\/secure.gravatar.com\\\/avatar\\\/948b492cce32b586ac2db0eaa926ee87024f7afe218d73b397ea5ddfc5f43ea1?s=96&d=mm&r=g\",\"contentUrl\":\"https:\\\/\\\/secure.gravatar.com\\\/avatar\\\/948b492cce32b586ac2db0eaa926ee87024f7afe218d73b397ea5ddfc5f43ea1?s=96&d=mm&r=g\",\"caption\":\"admin\"},\"sameAs\":[\"https:\\\/\\\/filles-de-la-charite.org\"],\"url\":\"https:\\\/\\\/filles-de-la-charite.org\\\/pl\\\/author\\\/caridad\\\/\"}]}<\/script>\n<!-- \/ Yoast SEO plugin. -->","yoast_head_json":{"title":"Pomoc Wincentego: Odpowied\u017a Rodziny Wincenty\u0144skiej na erupcj\u0119 wulkanu Taal na Filipinach - Filles de la Charit\u00e9","robots":{"index":"index","follow":"follow","max-snippet":"max-snippet:-1","max-image-preview":"max-image-preview:large","max-video-preview":"max-video-preview:-1"},"canonical":"https:\/\/filles-de-la-charite.org\/pl\/vincent-helps-the-vincentian-familys-response-to-the-taal-volcano-eruption-in-the-philippines-4\/","og_locale":"pl_PL","og_type":"article","og_title":"Pomoc Wincentego: Odpowied\u017a Rodziny Wincenty\u0144skiej na erupcj\u0119 wulkanu Taal na Filipinach - Filles de la Charit\u00e9","og_description":"Kiedy wybuch\u0142 wulkan Taal w dniu 12 stycznia 2020 roku, spo\u015br\u00f3d tych, kt\u00f3rzy mocno ucierpieli z powodu popio\u0142u wulkanicznego, by\u0142y dwie wsp\u00f3lnoty Si\u00f3str Mi\u0142osierdzia znajduj\u0105ce si\u0119 w mie\u015bcie Tagaytay: Dom rekolekcyjny \u015aw. Ludwiki i Wsp\u00f3lnoty Seminarium. Dzie\u0144 po wybuchu Siostry odwiedzi\u0142y r\u00f3\u017cne centra ewakuacyjne, aby uzyska\u0107 informacje z pierwszej r\u0119ki na temat sytuacji ewakuowanych. Zebrano [&hellip;]","og_url":"https:\/\/filles-de-la-charite.org\/pl\/vincent-helps-the-vincentian-familys-response-to-the-taal-volcano-eruption-in-the-philippines-4\/","og_site_name":"Filles de la Charit\u00e9","article_published_time":"2020-02-14T10:55:44+00:00","article_modified_time":"2024-03-17T17:51:07+00:00","og_image":[{"width":640,"height":640,"url":"https:\/\/filles-de-la-charite.org\/wp-content\/uploads\/2023\/06\/200214-Taal-6.jpg","type":"image\/jpeg"}],"author":"admin","twitter_card":"summary_large_image","twitter_misc":{"Napisane przez":"admin","Szacowany czas czytania":"2 minuty"},"schema":{"@context":"https:\/\/schema.org","@graph":[{"@type":"Article","@id":"https:\/\/filles-de-la-charite.org\/pl\/vincent-helps-the-vincentian-familys-response-to-the-taal-volcano-eruption-in-the-philippines-4\/#article","isPartOf":{"@id":"https:\/\/filles-de-la-charite.org\/pl\/vincent-helps-the-vincentian-familys-response-to-the-taal-volcano-eruption-in-the-philippines-4\/"},"author":{"name":"admin","@id":"https:\/\/filles-de-la-charite.org\/pl\/#\/schema\/person\/427567b2eccfc2dd7d206da186a1f438"},"headline":"Pomoc Wincentego: Odpowied\u017a Rodziny Wincenty\u0144skiej na erupcj\u0119 wulkanu Taal na Filipinach","datePublished":"2020-02-14T10:55:44+00:00","dateModified":"2024-03-17T17:51:07+00:00","mainEntityOfPage":{"@id":"https:\/\/filles-de-la-charite.org\/pl\/vincent-helps-the-vincentian-familys-response-to-the-taal-volcano-eruption-in-the-philippines-4\/"},"wordCount":499,"publisher":{"@id":"https:\/\/filles-de-la-charite.org\/pl\/#organization"},"image":{"@id":"https:\/\/filles-de-la-charite.org\/pl\/vincent-helps-the-vincentian-familys-response-to-the-taal-volcano-eruption-in-the-philippines-4\/#primaryimage"},"thumbnailUrl":"https:\/\/filles-de-la-charite.org\/wp-content\/uploads\/2023\/06\/200214-Taal-6.jpg","articleSection":["\u015awi\u0119ta Ludwika \u2013 Azja"],"inLanguage":"pl-PL"},{"@type":"WebPage","@id":"https:\/\/filles-de-la-charite.org\/pl\/vincent-helps-the-vincentian-familys-response-to-the-taal-volcano-eruption-in-the-philippines-4\/","url":"https:\/\/filles-de-la-charite.org\/pl\/vincent-helps-the-vincentian-familys-response-to-the-taal-volcano-eruption-in-the-philippines-4\/","name":"Pomoc Wincentego: Odpowied\u017a Rodziny Wincenty\u0144skiej na erupcj\u0119 wulkanu Taal na Filipinach - Filles de la Charit\u00e9","isPartOf":{"@id":"https:\/\/filles-de-la-charite.org\/pl\/#website"},"primaryImageOfPage":{"@id":"https:\/\/filles-de-la-charite.org\/pl\/vincent-helps-the-vincentian-familys-response-to-the-taal-volcano-eruption-in-the-philippines-4\/#primaryimage"},"image":{"@id":"https:\/\/filles-de-la-charite.org\/pl\/vincent-helps-the-vincentian-familys-response-to-the-taal-volcano-eruption-in-the-philippines-4\/#primaryimage"},"thumbnailUrl":"https:\/\/filles-de-la-charite.org\/wp-content\/uploads\/2023\/06\/200214-Taal-6.jpg","datePublished":"2020-02-14T10:55:44+00:00","dateModified":"2024-03-17T17:51:07+00:00","breadcrumb":{"@id":"https:\/\/filles-de-la-charite.org\/pl\/vincent-helps-the-vincentian-familys-response-to-the-taal-volcano-eruption-in-the-philippines-4\/#breadcrumb"},"inLanguage":"pl-PL","potentialAction":[{"@type":"ReadAction","target":["https:\/\/filles-de-la-charite.org\/pl\/vincent-helps-the-vincentian-familys-response-to-the-taal-volcano-eruption-in-the-philippines-4\/"]}]},{"@type":"ImageObject","inLanguage":"pl-PL","@id":"https:\/\/filles-de-la-charite.org\/pl\/vincent-helps-the-vincentian-familys-response-to-the-taal-volcano-eruption-in-the-philippines-4\/#primaryimage","url":"https:\/\/filles-de-la-charite.org\/wp-content\/uploads\/2023\/06\/200214-Taal-6.jpg","contentUrl":"https:\/\/filles-de-la-charite.org\/wp-content\/uploads\/2023\/06\/200214-Taal-6.jpg","width":640,"height":640},{"@type":"BreadcrumbList","@id":"https:\/\/filles-de-la-charite.org\/pl\/vincent-helps-the-vincentian-familys-response-to-the-taal-volcano-eruption-in-the-philippines-4\/#breadcrumb","itemListElement":[{"@type":"ListItem","position":1,"name":"Indonezja","item":"https:\/\/filles-de-la-charite.org\/pl\/category\/indonezja\/"},{"@type":"ListItem","position":2,"name":"Pomoc Wincentego: Odpowied\u017a Rodziny Wincenty\u0144skiej na erupcj\u0119 wulkanu Taal na Filipinach"}]},{"@type":"WebSite","@id":"https:\/\/filles-de-la-charite.org\/pl\/#website","url":"https:\/\/filles-de-la-charite.org\/pl\/","name":"Hijas de la Caridad","description":"L\u2019amour de J\u00e9sus nous presse \u00e0 prendre soin des personnes les plus d\u00e9munies","publisher":{"@id":"https:\/\/filles-de-la-charite.org\/pl\/#organization"},"potentialAction":[{"@type":"SearchAction","target":{"@type":"EntryPoint","urlTemplate":"https:\/\/filles-de-la-charite.org\/pl\/?s={search_term_string}"},"query-input":{"@type":"PropertyValueSpecification","valueRequired":true,"valueName":"search_term_string"}}],"inLanguage":"pl-PL"},{"@type":"Organization","@id":"https:\/\/filles-de-la-charite.org\/pl\/#organization","name":"Hijas de la Caridad","url":"https:\/\/filles-de-la-charite.org\/pl\/","logo":{"@type":"ImageObject","inLanguage":"pl-PL","@id":"https:\/\/filles-de-la-charite.org\/pl\/#\/schema\/logo\/image\/","url":"https:\/\/filles-de-la-charite.org\/wp-content\/uploads\/2023\/03\/isotipo-Hijas-de-la-Caridad.png","contentUrl":"https:\/\/filles-de-la-charite.org\/wp-content\/uploads\/2023\/03\/isotipo-Hijas-de-la-Caridad.png","width":1417,"height":1417,"caption":"Hijas de la Caridad"},"image":{"@id":"https:\/\/filles-de-la-charite.org\/pl\/#\/schema\/logo\/image\/"}},{"@type":"Person","@id":"https:\/\/filles-de-la-charite.org\/pl\/#\/schema\/person\/427567b2eccfc2dd7d206da186a1f438","name":"admin","image":{"@type":"ImageObject","inLanguage":"pl-PL","@id":"https:\/\/secure.gravatar.com\/avatar\/948b492cce32b586ac2db0eaa926ee87024f7afe218d73b397ea5ddfc5f43ea1?s=96&d=mm&r=g","url":"https:\/\/secure.gravatar.com\/avatar\/948b492cce32b586ac2db0eaa926ee87024f7afe218d73b397ea5ddfc5f43ea1?s=96&d=mm&r=g","contentUrl":"https:\/\/secure.gravatar.com\/avatar\/948b492cce32b586ac2db0eaa926ee87024f7afe218d73b397ea5ddfc5f43ea1?s=96&d=mm&r=g","caption":"admin"},"sameAs":["https:\/\/filles-de-la-charite.org"],"url":"https:\/\/filles-de-la-charite.org\/pl\/author\/caridad\/"}]}},"_links":{"self":[{"href":"https:\/\/filles-de-la-charite.org\/pl\/wp-json\/wp\/v2\/posts\/23962","targetHints":{"allow":["GET"]}}],"collection":[{"href":"https:\/\/filles-de-la-charite.org\/pl\/wp-json\/wp\/v2\/posts"}],"about":[{"href":"https:\/\/filles-de-la-charite.org\/pl\/wp-json\/wp\/v2\/types\/post"}],"author":[{"embeddable":true,"href":"https:\/\/filles-de-la-charite.org\/pl\/wp-json\/wp\/v2\/users\/1"}],"replies":[{"embeddable":true,"href":"https:\/\/filles-de-la-charite.org\/pl\/wp-json\/wp\/v2\/comments?post=23962"}],"version-history":[{"count":1,"href":"https:\/\/filles-de-la-charite.org\/pl\/wp-json\/wp\/v2\/posts\/23962\/revisions"}],"predecessor-version":[{"id":23964,"href":"https:\/\/filles-de-la-charite.org\/pl\/wp-json\/wp\/v2\/posts\/23962\/revisions\/23964"}],"wp:featuredmedia":[{"embeddable":true,"href":"https:\/\/filles-de-la-charite.org\/pl\/wp-json\/wp\/v2\/media\/14427"}],"wp:attachment":[{"href":"https:\/\/filles-de-la-charite.org\/pl\/wp-json\/wp\/v2\/media?parent=23962"}],"wp:term":[{"taxonomy":"category","embeddable":true,"href":"https:\/\/filles-de-la-charite.org\/pl\/wp-json\/wp\/v2\/categories?post=23962"},{"taxonomy":"post_tag","embeddable":true,"href":"https:\/\/filles-de-la-charite.org\/pl\/wp-json\/wp\/v2\/tags?post=23962"}],"curies":[{"name":"wp","href":"https:\/\/api.w.org\/{rel}","templated":true}]}}