{"id":23967,"date":"2020-02-21T22:00:33","date_gmt":"2020-02-21T21:00:33","guid":{"rendered":"https:\/\/hijascaridad.sjdigitaldemo.ovh\/santa-isabel-school-of-madrid-receives-award-4\/"},"modified":"2024-03-17T18:50:55","modified_gmt":"2024-03-17T17:50:55","slug":"santa-isabel-school-of-madrid-receives-award-4","status":"publish","type":"post","link":"https:\/\/filles-de-la-charite.org\/pl\/santa-isabel-school-of-madrid-receives-award-4\/","title":{"rendered":"Szko\u0142a Santa Isabel w Madrycie otrzyma\u0142a nagrod\u0119"},"content":{"rendered":"\n<p><p style=\"text-align: justify;\">Szko\u0142a Santa Isabel ma 700 uczni\u00f3w z 58 narodowo\u015bci. \u201eTylko 1% to Hiszpanie, reszta to imigranci z rodzin, kt\u00f3re znajduj\u0105 si\u0119 w trudnej sytuacji\u201d. By podkre\u015bli\u0107 pe\u0142nion\u0105 pos\u0142ug\u0119 wobec tych uczni\u00f3w Hiszpa\u0144ska Komisja Pomocy Uchod\u017acom (CEAR) przyzna\u0142a szkole nagrod\u0119 \u201eJuan Mar\u00eda Bandr\u00e9s Shelter Actions Award\u201d.<\/p> <p style=\"text-align: justify;\">Studenci \u00abnie musz\u0105 nic p\u0142aci\u0107\u00bb. Administracja pokrywa cz\u0119\u015b\u0107 ich studi\u00f3w, a Siostry zaspokajaj\u0105 inne potrzeby. Gmina Madrytu p\u0142aci za podr\u0119czniki szkolne podczas pierwszych trzech kurs\u00f3w podstawowych, a Siostry zaopatruj\u0105 student\u00f3w w mundurki. Dzieci cz\u0119sto \u201eprzychodz\u0105 bez mundurku i bez jedzenia\u201d. Z pomoc\u0105 Czerwonego Krzy\u017ca dwa razy w tygodniu szko\u0142a rozdaje kosze z jedzeniem, poniewa\u017c \u201ewielu z tych, kt\u00f3rzy przychodz\u0105 do szkolnej sto\u0142\u00f3wki, spo\u017cywa tam jedyny posi\u0142ek\u201d.<\/p> <p style=\"text-align: justify;\"><img loading=\"lazy\" decoding=\"async\" width=\"360\" height=\"360\" class=\" wp-image-40471 alignright\" src=\"https:\/\/filles-de-la-charite.org\/wp-content\/uploads\/2023\/06\/200221-Isabel-2-300x300.jpg\" alt=\"\">\u201eS\u0105 takie dzieci, kt\u00f3re przychodz\u0105 do szko\u0142y, ale po dw\u00f3ch lub trzech miesi\u0105cach wyje\u017cd\u017caj\u0105, poniewa\u017c s\u0105 przenoszone w inne miejsca przez organizacje takie jak CEAR\u201d. Oceniany jest ich poziom wiedzy, a nast\u0119pnie s\u0105 przydzielani do \u201ezespo\u0142u ludzi, kt\u00f3rzy po rozeznaniu ich potrzeb staraj\u0105 si\u0119 je zaspokoi\u0107\u201d. W niekt\u00f3rych przypadkach dzieci nie znaj\u0105 hiszpa\u0144skiego, ale grupa \u201ebardzo oddanych\u201d nauczycieli po\u015bwi\u0119ca czas na nauczanie j\u0119zyka i zajmuje si\u0119 specjalnie ich potrzebami.<\/p> <p style=\"text-align: justify;\">Centrum Opieki nad Dzie\u0107mi Rady Miasta Madrytu towarzyszy uczniom z Santa Isabel. \u201eNiekt\u00f3rzy stracili rodzic\u00f3w lub rodze\u0144stwo i chcemy, aby prze\u017cyli swoje dzieci\u0144stwo w spos\u00f3b, kt\u00f3rego wcze\u015bniej nie znali\u201d. Tego rodzaju pomoc oferuj\u0105 tak\u017ce instytucje ko\u015bcielne, takie jak \u201eFundacja Luz Casanova\u201d, kt\u00f3ra szczeg\u00f3lnie troszczy si\u0119 o dzieci do\u015bwiadczaj\u0105ce przemocy w swoich domach. \u201eZnamy wszystkie dzieci, a ich rodziny wsp\u00f3\u0142pracuj\u0105 z nami w sprawach zdyscyplinowania i prowadzenia spokojnego trybu \u017cycia\u201d. B\u0119d\u0105c \u015bwiadomi r\u00f3\u017cnic kulturowych, dyscyplina to jedna z warto\u015bci, kt\u00f3re szko\u0142a przestrzega, a poszanowanie zasad ma fundamentalne znaczenie dla wspierania wymiany pogl\u0105d\u00f3w mi\u0119dzy uczniami.<\/p> <p style=\"text-align: justify;\"><img loading=\"lazy\" decoding=\"async\" width=\"257\" height=\"360\" class=\"alignleft wp-image-40472\" src=\"https:\/\/filles-de-la-charite.org\/wp-content\/uploads\/2023\/06\/200221-Isabel-5-214x300.jpg\" alt=\"\">W wyniku takiego, pe\u0142nego pokoju dzia\u0142ania, rodziny wi\u0119kszo\u015bci uczni\u00f3w mieszkaj\u0105cych na peryferiach Madrytu \u201ewol\u0105 jecha\u0107 autobusami i poci\u0105gami i przyje\u017cd\u017ca\u0107 do szko\u0142y ze wzgl\u0119du na atmosfer\u0119 tolerancji i przyja\u017ani\u201d. Wielu tak\u017ce rodzic\u00f3w uczy\u0142o si\u0119 w o\u015brodku szkolnym, kt\u00f3ry oferuje kursy dla doros\u0142ych i kt\u00f3ry zdoby\u0142 pierwsz\u0105 nagrod\u0119 za \u201eNacional de Compensaci\u00f3n Educativa\u201d w 2005 r. \u201eSzko\u0142a Santa Isabel jest o\u015brodkiem referencyjnym w s\u0105siedztwie\u201d.<\/p> <p style=\"text-align: justify;\"><strong>Ewangelizacja przez przyk\u0142ad <\/strong><\/p> <p style=\"text-align: justify;\">Szko\u0142a Santa Isabel jest szko\u0142\u0105 katolick\u0105 i dlatego ma zaj\u0119cia z religii. Jest to co\u015b, co wed\u0142ug do\u015bwiadczenia Siostry Carmen Benavides, rodzice akceptuj\u0105 niezale\u017cnie od ich przekona\u0144. Ale poza ksi\u0105\u017ckami, m\u00f3wi Siostra Dyrektor, podstawowym sposobem ewangelizacji jest przyk\u0142ad. \u00abJestem Siostr\u0105 Mi\u0142osierdzia przez 40 lat i s\u0142u\u017c\u0119 Chrystusowi w osobie Ubogich, tak jak prosi\u0142 nas \u015bwi\u0119ty Wincenty a Paulo; to jest jedyna rzecz, kt\u00f3ra mnie interesuje\u00bb.<\/p> <p style=\"text-align: justify;\">Siostra Benavides, kt\u00f3ra jest przekonana, \u017ce \u201eChrystus jest w ka\u017cdym dziecku\u201d, argumentuje, \u017ce \u201eza ka\u017cdym razem, gdy walcz\u0119 o poszanowanie ich praw, \u017cyj\u0119 Ewangeli\u0105\u201d. \u201eNajwa\u017cniejsze jest to, by\u015bmy przekazuj\u0105c dzieciom mi\u0142o\u015b\u0107 Boga, oni mogli czu\u0107 si\u0119 przez to kochani i dowarto\u015bciowani\u201d, podsumowuje.<\/p> <p style=\"text-align: right;\"><span style=\"color: #0000ff;\"><em>Rodrigo Moreno Quicios Data publikacji: 9 stycznia 2020 roku<\/em><\/span><\/p> <img loading=\"lazy\" decoding=\"async\" width=\"720\" height=\"450\" class=\"aligncenter wp-image-40474 size-full\" src=\"https:\/\/filles-de-la-charite.org\/wp-content\/uploads\/2023\/06\/200221-Isabel-3.jpg\" alt=\"\"> <img loading=\"lazy\" decoding=\"async\" width=\"720\" height=\"450\" class=\"aligncenter wp-image-40475 size-full\" src=\"https:\/\/filles-de-la-charite.org\/wp-content\/uploads\/2023\/06\/200221-Isabel-4.jpg\" alt=\"\"> <img loading=\"lazy\" decoding=\"async\" width=\"720\" height=\"405\" class=\"aligncenter size-full wp-image-40473\" src=\"https:\/\/filles-de-la-charite.org\/wp-content\/uploads\/2023\/06\/200221-Isabel-1.jpg\" alt=\"\"> <img loading=\"lazy\" decoding=\"async\" width=\"720\" height=\"405\" class=\"aligncenter wp-image-40476 size-full\" src=\"https:\/\/filles-de-la-charite.org\/wp-content\/uploads\/2023\/06\/200221-Isabel-6.jpg\" alt=\"\"> <img loading=\"lazy\" decoding=\"async\" width=\"720\" height=\"600\" class=\"aligncenter size-full wp-image-40477\" src=\"https:\/\/filles-de-la-charite.org\/wp-content\/uploads\/2023\/06\/200221-Isabel-7.jpg\" alt=\"\"><\/p>\n","protected":false},"excerpt":{"rendered":"<p>Szko\u0142a Santa Isabel ma 700 uczni\u00f3w z 58 narodowo\u015bci. \u201eTylko 1% to Hiszpanie, reszta to imigranci z rodzin, kt\u00f3re znajduj\u0105 si\u0119 w trudnej sytuacji\u201d. By podkre\u015bli\u0107 pe\u0142nion\u0105 pos\u0142ug\u0119 wobec tych uczni\u00f3w Hiszpa\u0144ska Komisja Pomocy Uchod\u017acom (CEAR) przyzna\u0142a szkole nagrod\u0119 \u201eJuan Mar\u00eda Bandr\u00e9s Shelter Actions Award\u201d. Studenci \u00abnie musz\u0105 nic p\u0142aci\u0107\u00bb. Administracja pokrywa cz\u0119\u015b\u0107 ich studi\u00f3w, [&hellip;]<\/p>\n","protected":false},"author":1,"featured_media":14471,"comment_status":"closed","ping_status":"closed","sticky":false,"template":"","format":"standard","meta":{"_acf_changed":false,"_et_pb_use_builder":"","_et_pb_old_content":"","_et_gb_content_width":"","footnotes":"","_links_to":"","_links_to_target":""},"categories":[806],"tags":[],"class_list":["post-23967","post","type-post","status-publish","format-standard","has-post-thumbnail","hentry","category-espana-sur-pl"],"acf":[],"yoast_head":"<!-- This site is optimized with the Yoast SEO plugin v27.5 - https:\/\/yoast.com\/product\/yoast-seo-wordpress\/ -->\n<title>Szko\u0142a Santa Isabel w Madrycie otrzyma\u0142a nagrod\u0119 - Filles de la Charit\u00e9<\/title>\n<meta name=\"robots\" content=\"index, follow, max-snippet:-1, max-image-preview:large, max-video-preview:-1\" \/>\n<link rel=\"canonical\" href=\"https:\/\/filles-de-la-charite.org\/pl\/santa-isabel-school-of-madrid-receives-award-4\/\" \/>\n<meta property=\"og:locale\" content=\"pl_PL\" \/>\n<meta property=\"og:type\" content=\"article\" \/>\n<meta property=\"og:title\" content=\"Szko\u0142a Santa Isabel w Madrycie otrzyma\u0142a nagrod\u0119 - Filles de la Charit\u00e9\" \/>\n<meta property=\"og:description\" content=\"Szko\u0142a Santa Isabel ma 700 uczni\u00f3w z 58 narodowo\u015bci. \u201eTylko 1% to Hiszpanie, reszta to imigranci z rodzin, kt\u00f3re znajduj\u0105 si\u0119 w trudnej sytuacji\u201d. By podkre\u015bli\u0107 pe\u0142nion\u0105 pos\u0142ug\u0119 wobec tych uczni\u00f3w Hiszpa\u0144ska Komisja Pomocy Uchod\u017acom (CEAR) przyzna\u0142a szkole nagrod\u0119 \u201eJuan Mar\u00eda Bandr\u00e9s Shelter Actions Award\u201d. Studenci \u00abnie musz\u0105 nic p\u0142aci\u0107\u00bb. Administracja pokrywa cz\u0119\u015b\u0107 ich studi\u00f3w, [&hellip;]\" \/>\n<meta property=\"og:url\" content=\"https:\/\/filles-de-la-charite.org\/pl\/santa-isabel-school-of-madrid-receives-award-4\/\" \/>\n<meta property=\"og:site_name\" content=\"Filles de la Charit\u00e9\" \/>\n<meta property=\"article:published_time\" content=\"2020-02-21T21:00:33+00:00\" \/>\n<meta property=\"article:modified_time\" content=\"2024-03-17T17:50:55+00:00\" \/>\n<meta property=\"og:image\" content=\"https:\/\/filles-de-la-charite.org\/wp-content\/uploads\/2023\/06\/200221-Isabel-1.jpg\" \/>\n\t<meta property=\"og:image:width\" content=\"720\" \/>\n\t<meta property=\"og:image:height\" content=\"405\" \/>\n\t<meta property=\"og:image:type\" content=\"image\/jpeg\" \/>\n<meta name=\"author\" content=\"admin\" \/>\n<meta name=\"twitter:card\" content=\"summary_large_image\" \/>\n<meta name=\"twitter:label1\" content=\"Napisane przez\" \/>\n\t<meta name=\"twitter:data1\" content=\"admin\" \/>\n\t<meta name=\"twitter:label2\" content=\"Szacowany czas czytania\" \/>\n\t<meta name=\"twitter:data2\" content=\"3 minuty\" \/>\n<script type=\"application\/ld+json\" class=\"yoast-schema-graph\">{\"@context\":\"https:\\\/\\\/schema.org\",\"@graph\":[{\"@type\":\"Article\",\"@id\":\"https:\\\/\\\/filles-de-la-charite.org\\\/pl\\\/santa-isabel-school-of-madrid-receives-award-4\\\/#article\",\"isPartOf\":{\"@id\":\"https:\\\/\\\/filles-de-la-charite.org\\\/pl\\\/santa-isabel-school-of-madrid-receives-award-4\\\/\"},\"author\":{\"name\":\"admin\",\"@id\":\"https:\\\/\\\/filles-de-la-charite.org\\\/pl\\\/#\\\/schema\\\/person\\\/427567b2eccfc2dd7d206da186a1f438\"},\"headline\":\"Szko\u0142a Santa Isabel w Madrycie otrzyma\u0142a nagrod\u0119\",\"datePublished\":\"2020-02-21T21:00:33+00:00\",\"dateModified\":\"2024-03-17T17:50:55+00:00\",\"mainEntityOfPage\":{\"@id\":\"https:\\\/\\\/filles-de-la-charite.org\\\/pl\\\/santa-isabel-school-of-madrid-receives-award-4\\\/\"},\"wordCount\":566,\"publisher\":{\"@id\":\"https:\\\/\\\/filles-de-la-charite.org\\\/pl\\\/#organization\"},\"image\":{\"@id\":\"https:\\\/\\\/filles-de-la-charite.org\\\/pl\\\/santa-isabel-school-of-madrid-receives-award-4\\\/#primaryimage\"},\"thumbnailUrl\":\"https:\\\/\\\/filles-de-la-charite.org\\\/wp-content\\\/uploads\\\/2023\\\/06\\\/200221-Isabel-1.jpg\",\"articleSection\":[\"Espa\u00f1a-Sur\"],\"inLanguage\":\"pl-PL\"},{\"@type\":\"WebPage\",\"@id\":\"https:\\\/\\\/filles-de-la-charite.org\\\/pl\\\/santa-isabel-school-of-madrid-receives-award-4\\\/\",\"url\":\"https:\\\/\\\/filles-de-la-charite.org\\\/pl\\\/santa-isabel-school-of-madrid-receives-award-4\\\/\",\"name\":\"Szko\u0142a Santa Isabel w Madrycie otrzyma\u0142a nagrod\u0119 - Filles de la Charit\u00e9\",\"isPartOf\":{\"@id\":\"https:\\\/\\\/filles-de-la-charite.org\\\/pl\\\/#website\"},\"primaryImageOfPage\":{\"@id\":\"https:\\\/\\\/filles-de-la-charite.org\\\/pl\\\/santa-isabel-school-of-madrid-receives-award-4\\\/#primaryimage\"},\"image\":{\"@id\":\"https:\\\/\\\/filles-de-la-charite.org\\\/pl\\\/santa-isabel-school-of-madrid-receives-award-4\\\/#primaryimage\"},\"thumbnailUrl\":\"https:\\\/\\\/filles-de-la-charite.org\\\/wp-content\\\/uploads\\\/2023\\\/06\\\/200221-Isabel-1.jpg\",\"datePublished\":\"2020-02-21T21:00:33+00:00\",\"dateModified\":\"2024-03-17T17:50:55+00:00\",\"breadcrumb\":{\"@id\":\"https:\\\/\\\/filles-de-la-charite.org\\\/pl\\\/santa-isabel-school-of-madrid-receives-award-4\\\/#breadcrumb\"},\"inLanguage\":\"pl-PL\",\"potentialAction\":[{\"@type\":\"ReadAction\",\"target\":[\"https:\\\/\\\/filles-de-la-charite.org\\\/pl\\\/santa-isabel-school-of-madrid-receives-award-4\\\/\"]}]},{\"@type\":\"ImageObject\",\"inLanguage\":\"pl-PL\",\"@id\":\"https:\\\/\\\/filles-de-la-charite.org\\\/pl\\\/santa-isabel-school-of-madrid-receives-award-4\\\/#primaryimage\",\"url\":\"https:\\\/\\\/filles-de-la-charite.org\\\/wp-content\\\/uploads\\\/2023\\\/06\\\/200221-Isabel-1.jpg\",\"contentUrl\":\"https:\\\/\\\/filles-de-la-charite.org\\\/wp-content\\\/uploads\\\/2023\\\/06\\\/200221-Isabel-1.jpg\",\"width\":720,\"height\":405},{\"@type\":\"BreadcrumbList\",\"@id\":\"https:\\\/\\\/filles-de-la-charite.org\\\/pl\\\/santa-isabel-school-of-madrid-receives-award-4\\\/#breadcrumb\",\"itemListElement\":[{\"@type\":\"ListItem\",\"position\":1,\"name\":\"Rio de Janeiro - Brazylia\",\"item\":\"https:\\\/\\\/filles-de-la-charite.org\\\/pl\\\/category\\\/rio-de-janeiro-brazylia-pl\\\/\"},{\"@type\":\"ListItem\",\"position\":2,\"name\":\"Szko\u0142a Santa Isabel w Madrycie otrzyma\u0142a nagrod\u0119\"}]},{\"@type\":\"WebSite\",\"@id\":\"https:\\\/\\\/filles-de-la-charite.org\\\/pl\\\/#website\",\"url\":\"https:\\\/\\\/filles-de-la-charite.org\\\/pl\\\/\",\"name\":\"Hijas de la Caridad\",\"description\":\"L\u2019amour de J\u00e9sus nous presse \u00e0 prendre soin des personnes les plus d\u00e9munies\",\"publisher\":{\"@id\":\"https:\\\/\\\/filles-de-la-charite.org\\\/pl\\\/#organization\"},\"potentialAction\":[{\"@type\":\"SearchAction\",\"target\":{\"@type\":\"EntryPoint\",\"urlTemplate\":\"https:\\\/\\\/filles-de-la-charite.org\\\/pl\\\/?s={search_term_string}\"},\"query-input\":{\"@type\":\"PropertyValueSpecification\",\"valueRequired\":true,\"valueName\":\"search_term_string\"}}],\"inLanguage\":\"pl-PL\"},{\"@type\":\"Organization\",\"@id\":\"https:\\\/\\\/filles-de-la-charite.org\\\/pl\\\/#organization\",\"name\":\"Hijas de la Caridad\",\"url\":\"https:\\\/\\\/filles-de-la-charite.org\\\/pl\\\/\",\"logo\":{\"@type\":\"ImageObject\",\"inLanguage\":\"pl-PL\",\"@id\":\"https:\\\/\\\/filles-de-la-charite.org\\\/pl\\\/#\\\/schema\\\/logo\\\/image\\\/\",\"url\":\"https:\\\/\\\/filles-de-la-charite.org\\\/wp-content\\\/uploads\\\/2023\\\/03\\\/isotipo-Hijas-de-la-Caridad.png\",\"contentUrl\":\"https:\\\/\\\/filles-de-la-charite.org\\\/wp-content\\\/uploads\\\/2023\\\/03\\\/isotipo-Hijas-de-la-Caridad.png\",\"width\":1417,\"height\":1417,\"caption\":\"Hijas de la Caridad\"},\"image\":{\"@id\":\"https:\\\/\\\/filles-de-la-charite.org\\\/pl\\\/#\\\/schema\\\/logo\\\/image\\\/\"}},{\"@type\":\"Person\",\"@id\":\"https:\\\/\\\/filles-de-la-charite.org\\\/pl\\\/#\\\/schema\\\/person\\\/427567b2eccfc2dd7d206da186a1f438\",\"name\":\"admin\",\"image\":{\"@type\":\"ImageObject\",\"inLanguage\":\"pl-PL\",\"@id\":\"https:\\\/\\\/secure.gravatar.com\\\/avatar\\\/948b492cce32b586ac2db0eaa926ee87024f7afe218d73b397ea5ddfc5f43ea1?s=96&d=mm&r=g\",\"url\":\"https:\\\/\\\/secure.gravatar.com\\\/avatar\\\/948b492cce32b586ac2db0eaa926ee87024f7afe218d73b397ea5ddfc5f43ea1?s=96&d=mm&r=g\",\"contentUrl\":\"https:\\\/\\\/secure.gravatar.com\\\/avatar\\\/948b492cce32b586ac2db0eaa926ee87024f7afe218d73b397ea5ddfc5f43ea1?s=96&d=mm&r=g\",\"caption\":\"admin\"},\"sameAs\":[\"https:\\\/\\\/filles-de-la-charite.org\"],\"url\":\"https:\\\/\\\/filles-de-la-charite.org\\\/pl\\\/author\\\/caridad\\\/\"}]}<\/script>\n<!-- \/ Yoast SEO plugin. -->","yoast_head_json":{"title":"Szko\u0142a Santa Isabel w Madrycie otrzyma\u0142a nagrod\u0119 - Filles de la Charit\u00e9","robots":{"index":"index","follow":"follow","max-snippet":"max-snippet:-1","max-image-preview":"max-image-preview:large","max-video-preview":"max-video-preview:-1"},"canonical":"https:\/\/filles-de-la-charite.org\/pl\/santa-isabel-school-of-madrid-receives-award-4\/","og_locale":"pl_PL","og_type":"article","og_title":"Szko\u0142a Santa Isabel w Madrycie otrzyma\u0142a nagrod\u0119 - Filles de la Charit\u00e9","og_description":"Szko\u0142a Santa Isabel ma 700 uczni\u00f3w z 58 narodowo\u015bci. \u201eTylko 1% to Hiszpanie, reszta to imigranci z rodzin, kt\u00f3re znajduj\u0105 si\u0119 w trudnej sytuacji\u201d. By podkre\u015bli\u0107 pe\u0142nion\u0105 pos\u0142ug\u0119 wobec tych uczni\u00f3w Hiszpa\u0144ska Komisja Pomocy Uchod\u017acom (CEAR) przyzna\u0142a szkole nagrod\u0119 \u201eJuan Mar\u00eda Bandr\u00e9s Shelter Actions Award\u201d. Studenci \u00abnie musz\u0105 nic p\u0142aci\u0107\u00bb. Administracja pokrywa cz\u0119\u015b\u0107 ich studi\u00f3w, [&hellip;]","og_url":"https:\/\/filles-de-la-charite.org\/pl\/santa-isabel-school-of-madrid-receives-award-4\/","og_site_name":"Filles de la Charit\u00e9","article_published_time":"2020-02-21T21:00:33+00:00","article_modified_time":"2024-03-17T17:50:55+00:00","og_image":[{"width":720,"height":405,"url":"https:\/\/filles-de-la-charite.org\/wp-content\/uploads\/2023\/06\/200221-Isabel-1.jpg","type":"image\/jpeg"}],"author":"admin","twitter_card":"summary_large_image","twitter_misc":{"Napisane przez":"admin","Szacowany czas czytania":"3 minuty"},"schema":{"@context":"https:\/\/schema.org","@graph":[{"@type":"Article","@id":"https:\/\/filles-de-la-charite.org\/pl\/santa-isabel-school-of-madrid-receives-award-4\/#article","isPartOf":{"@id":"https:\/\/filles-de-la-charite.org\/pl\/santa-isabel-school-of-madrid-receives-award-4\/"},"author":{"name":"admin","@id":"https:\/\/filles-de-la-charite.org\/pl\/#\/schema\/person\/427567b2eccfc2dd7d206da186a1f438"},"headline":"Szko\u0142a Santa Isabel w Madrycie otrzyma\u0142a nagrod\u0119","datePublished":"2020-02-21T21:00:33+00:00","dateModified":"2024-03-17T17:50:55+00:00","mainEntityOfPage":{"@id":"https:\/\/filles-de-la-charite.org\/pl\/santa-isabel-school-of-madrid-receives-award-4\/"},"wordCount":566,"publisher":{"@id":"https:\/\/filles-de-la-charite.org\/pl\/#organization"},"image":{"@id":"https:\/\/filles-de-la-charite.org\/pl\/santa-isabel-school-of-madrid-receives-award-4\/#primaryimage"},"thumbnailUrl":"https:\/\/filles-de-la-charite.org\/wp-content\/uploads\/2023\/06\/200221-Isabel-1.jpg","articleSection":["Espa\u00f1a-Sur"],"inLanguage":"pl-PL"},{"@type":"WebPage","@id":"https:\/\/filles-de-la-charite.org\/pl\/santa-isabel-school-of-madrid-receives-award-4\/","url":"https:\/\/filles-de-la-charite.org\/pl\/santa-isabel-school-of-madrid-receives-award-4\/","name":"Szko\u0142a Santa Isabel w Madrycie otrzyma\u0142a nagrod\u0119 - Filles de la Charit\u00e9","isPartOf":{"@id":"https:\/\/filles-de-la-charite.org\/pl\/#website"},"primaryImageOfPage":{"@id":"https:\/\/filles-de-la-charite.org\/pl\/santa-isabel-school-of-madrid-receives-award-4\/#primaryimage"},"image":{"@id":"https:\/\/filles-de-la-charite.org\/pl\/santa-isabel-school-of-madrid-receives-award-4\/#primaryimage"},"thumbnailUrl":"https:\/\/filles-de-la-charite.org\/wp-content\/uploads\/2023\/06\/200221-Isabel-1.jpg","datePublished":"2020-02-21T21:00:33+00:00","dateModified":"2024-03-17T17:50:55+00:00","breadcrumb":{"@id":"https:\/\/filles-de-la-charite.org\/pl\/santa-isabel-school-of-madrid-receives-award-4\/#breadcrumb"},"inLanguage":"pl-PL","potentialAction":[{"@type":"ReadAction","target":["https:\/\/filles-de-la-charite.org\/pl\/santa-isabel-school-of-madrid-receives-award-4\/"]}]},{"@type":"ImageObject","inLanguage":"pl-PL","@id":"https:\/\/filles-de-la-charite.org\/pl\/santa-isabel-school-of-madrid-receives-award-4\/#primaryimage","url":"https:\/\/filles-de-la-charite.org\/wp-content\/uploads\/2023\/06\/200221-Isabel-1.jpg","contentUrl":"https:\/\/filles-de-la-charite.org\/wp-content\/uploads\/2023\/06\/200221-Isabel-1.jpg","width":720,"height":405},{"@type":"BreadcrumbList","@id":"https:\/\/filles-de-la-charite.org\/pl\/santa-isabel-school-of-madrid-receives-award-4\/#breadcrumb","itemListElement":[{"@type":"ListItem","position":1,"name":"Rio de Janeiro - Brazylia","item":"https:\/\/filles-de-la-charite.org\/pl\/category\/rio-de-janeiro-brazylia-pl\/"},{"@type":"ListItem","position":2,"name":"Szko\u0142a Santa Isabel w Madrycie otrzyma\u0142a nagrod\u0119"}]},{"@type":"WebSite","@id":"https:\/\/filles-de-la-charite.org\/pl\/#website","url":"https:\/\/filles-de-la-charite.org\/pl\/","name":"Hijas de la Caridad","description":"L\u2019amour de J\u00e9sus nous presse \u00e0 prendre soin des personnes les plus d\u00e9munies","publisher":{"@id":"https:\/\/filles-de-la-charite.org\/pl\/#organization"},"potentialAction":[{"@type":"SearchAction","target":{"@type":"EntryPoint","urlTemplate":"https:\/\/filles-de-la-charite.org\/pl\/?s={search_term_string}"},"query-input":{"@type":"PropertyValueSpecification","valueRequired":true,"valueName":"search_term_string"}}],"inLanguage":"pl-PL"},{"@type":"Organization","@id":"https:\/\/filles-de-la-charite.org\/pl\/#organization","name":"Hijas de la Caridad","url":"https:\/\/filles-de-la-charite.org\/pl\/","logo":{"@type":"ImageObject","inLanguage":"pl-PL","@id":"https:\/\/filles-de-la-charite.org\/pl\/#\/schema\/logo\/image\/","url":"https:\/\/filles-de-la-charite.org\/wp-content\/uploads\/2023\/03\/isotipo-Hijas-de-la-Caridad.png","contentUrl":"https:\/\/filles-de-la-charite.org\/wp-content\/uploads\/2023\/03\/isotipo-Hijas-de-la-Caridad.png","width":1417,"height":1417,"caption":"Hijas de la Caridad"},"image":{"@id":"https:\/\/filles-de-la-charite.org\/pl\/#\/schema\/logo\/image\/"}},{"@type":"Person","@id":"https:\/\/filles-de-la-charite.org\/pl\/#\/schema\/person\/427567b2eccfc2dd7d206da186a1f438","name":"admin","image":{"@type":"ImageObject","inLanguage":"pl-PL","@id":"https:\/\/secure.gravatar.com\/avatar\/948b492cce32b586ac2db0eaa926ee87024f7afe218d73b397ea5ddfc5f43ea1?s=96&d=mm&r=g","url":"https:\/\/secure.gravatar.com\/avatar\/948b492cce32b586ac2db0eaa926ee87024f7afe218d73b397ea5ddfc5f43ea1?s=96&d=mm&r=g","contentUrl":"https:\/\/secure.gravatar.com\/avatar\/948b492cce32b586ac2db0eaa926ee87024f7afe218d73b397ea5ddfc5f43ea1?s=96&d=mm&r=g","caption":"admin"},"sameAs":["https:\/\/filles-de-la-charite.org"],"url":"https:\/\/filles-de-la-charite.org\/pl\/author\/caridad\/"}]}},"_links":{"self":[{"href":"https:\/\/filles-de-la-charite.org\/pl\/wp-json\/wp\/v2\/posts\/23967","targetHints":{"allow":["GET"]}}],"collection":[{"href":"https:\/\/filles-de-la-charite.org\/pl\/wp-json\/wp\/v2\/posts"}],"about":[{"href":"https:\/\/filles-de-la-charite.org\/pl\/wp-json\/wp\/v2\/types\/post"}],"author":[{"embeddable":true,"href":"https:\/\/filles-de-la-charite.org\/pl\/wp-json\/wp\/v2\/users\/1"}],"replies":[{"embeddable":true,"href":"https:\/\/filles-de-la-charite.org\/pl\/wp-json\/wp\/v2\/comments?post=23967"}],"version-history":[{"count":1,"href":"https:\/\/filles-de-la-charite.org\/pl\/wp-json\/wp\/v2\/posts\/23967\/revisions"}],"predecessor-version":[{"id":23969,"href":"https:\/\/filles-de-la-charite.org\/pl\/wp-json\/wp\/v2\/posts\/23967\/revisions\/23969"}],"wp:featuredmedia":[{"embeddable":true,"href":"https:\/\/filles-de-la-charite.org\/pl\/wp-json\/wp\/v2\/media\/14471"}],"wp:attachment":[{"href":"https:\/\/filles-de-la-charite.org\/pl\/wp-json\/wp\/v2\/media?parent=23967"}],"wp:term":[{"taxonomy":"category","embeddable":true,"href":"https:\/\/filles-de-la-charite.org\/pl\/wp-json\/wp\/v2\/categories?post=23967"},{"taxonomy":"post_tag","embeddable":true,"href":"https:\/\/filles-de-la-charite.org\/pl\/wp-json\/wp\/v2\/tags?post=23967"}],"curies":[{"name":"wp","href":"https:\/\/api.w.org\/{rel}","templated":true}]}}