{"id":23976,"date":"2020-03-06T22:57:14","date_gmt":"2020-03-06T21:57:14","guid":{"rendered":"https:\/\/hijascaridad.sjdigitaldemo.ovh\/fifty-years-of-service-of-the-daughters-of-charity-in-cameroon-4\/"},"modified":"2024-03-17T18:50:44","modified_gmt":"2024-03-17T17:50:44","slug":"fifty-years-of-service-of-the-daughters-of-charity-in-cameroon-4","status":"publish","type":"post","link":"https:\/\/filles-de-la-charite.org\/pl\/fifty-years-of-service-of-the-daughters-of-charity-in-cameroon-4\/","title":{"rendered":"Jubileusz 50 lat s\u0142u\u017cby Si\u00f3str Mi\u0142osierdzia na Kameru\u0144skiej Ziemii"},"content":{"rendered":"\n<div class=\"wp-block-image\"><figure class=\"alignleft size-large\"><img decoding=\"async\" src=\"https:\/\/filles-de-la-charite.org\/wp-content\/uploads\/2023\/06\/200306-Cameroon-thmb.jpg\" alt=\"\" class=\"wp-image-41017\"\/><\/figure><\/div>\n\n\n\n<p class=\"Style\"><b><i>Jedno zdanie z historii&nbsp;<\/i><\/b> Dnia 16 lutego 1968 roku Rada Prowincji Si\u00f3str Mi\u0142osierdzia w Szwajcarii odpowiedzia\u0142a pozytywnie na pro\u015bb\u0119 Jego Eminencji NDONGMO,&nbsp;Ksi\u0119dza Biskupa Nkongsamby, i zdecydowa\u0142a otworzy\u0107 Misj\u0119 Katolick\u0105 w Dchang w Kamerunie. Konwencja zosta\u0142a podpisana przez bp NDONGMO 25 lipca 1969 roku i przez Matk\u0119 Chiron 28 lipca 1969 roku.<\/p>\n\n\n\n<div class=\"wp-block-image\"><figure class=\"alignright size-full is-resized\"><img loading=\"lazy\" decoding=\"async\" src=\"https:\/\/filles-de-la-charite.org\/wp-content\/uploads\/2023\/06\/200306-Cameroon-01.jpg\" alt=\"\" class=\"wp-image-40931\" width=\"343\" height=\"480\"\/><\/figure><\/div>\n\n\n\n<p class=\"Style\"><b><i><span lang=\"FR\">Nasze \u015awi\u0119towanie&nbsp;<\/span><\/i><\/b><span lang=\"FR\"> Dnia 15 lutego dzi\u0119kowali\u015bmy Panu Bogu za 50 lat pos\u0142ugi Si\u00f3str Mi\u0142osierdzia w Kamerunie. 50 lat pos\u0142ugi to obfito\u015bci \u0142ask, to osoby stoj\u0105ce u pocz\u0105tku dzie\u0142a i pokolenia Ubogich. To czas obserwacji, adaptacji i organizacji, czynienia s\u0142u\u017cby coraz bardziej skuteczn\u0105. Na 50 lat \u0142aski sk\u0142ada si\u0119 rownie\u017c dar mi\u0142o\u015bci, ofiary, zapa\u0142u, odwagi, \u017cycia tak wielu os\u00f3b. To wreszcie tyle podjetych decyzji dla chwaly Bo\u017cej, dobra Ko\u015bcio\u0142a i Ubogich.Wszystko to staralismy si\u0119 obiec my\u015bl\u0105 i modlitw\u0105 podczas prze\u017cywanego w naszej parafii specjalnego Triduum, na kt\u00f3re sk\u0142ada\u0142a si\u0119 Adoracja Naj\u015bwi\u0119tszego Sakramentu, kr\u00f3tka katecheza w temecie mi\u0142osierdzia i naszego charyzmatu oraz Eucharystia w wigili\u0119 uroczysto\u015bci.<\/span><\/p>\n\n\n\n<p class=\"Style\"><span lang=\"FR\">Dnia 15 lutego we Mszy \u015awi\u0119tej sprawowanej w naszej parafii pod przewodnictwem&nbsp; Biskupa diecezji, z udzia\u0142em licznego duchowie\u0144stwa, uczestniczy\u0142y lokalne w\u0142adze cywilne, Siostra Emmanuelle i Siostra Magi&nbsp;z Prowincji Szwajcarii (dawne misjonarki w Kamerunie), wi\u0119kszo\u015b\u0107 Si\u00f3str naszej Prowincji, delegacje r\u00f3\u017cnych zgromadze\u0144 zakonnych, cz\u0142onkowie rodzin naszych Si\u00f3str, nasi pracownicy, parafianie oraz Ubodzy. Spo\u015br\u00f3d tych ostatnio wymienionych 50-ciu otrzyma\u0142o imienne zaproszenie.&nbsp; Grupy M\u0142odych z parafii przygotowa\u0142y pi\u0119kn\u0105 opraw\u0119 liturgiczn\u0105. Ksi\u0105dz Biskup wyg\u0142osi\u0142 homili\u0119 na temat mi\u0142osierdzia i po\u015bwi\u0119cenia. Na pocz\u0119tku Eucharystii Siostry ze Szwajcarii przypomnia\u0142y histori\u0119 przybycia pionierek do Kamerunu i pocz\u0105tki dzia\u0142alno\u015bci. <\/span>Za\u015b przed zako\u0144czeniem jedna z naszych pierwszych Si\u00f3str da\u0142a \u015bwiadectwo.<\/p>\n\n\n\n<figure class=\"wp-block-gallery columns-2 is-cropped wp-block-gallery-1 is-layout-flex wp-block-gallery-is-layout-flex\"><ul class=\"blocks-gallery-grid\"><li class=\"blocks-gallery-item\"><figure><a href=\"https:\/\/filles-de-la-charite.org\/wp-content\/uploads\/2023\/06\/200306-Cameroon-10-1024x576.jpg\" data-rel=\"lightbox-image-0\" data-rl_title=\"\" data-rl_caption=\"\" title=\"\"><img decoding=\"async\" src=\"https:\/\/filles-de-la-charite.org\/wp-content\/uploads\/2023\/06\/200306-Cameroon-10-1024x576.jpg\" alt=\"\" data-id=\"41001\" data-full-url=\"https:\/\/filles-de-la-charite.org\/wp-content\/uploads\/2023\/06\/200306-Cameroon-10.jpg\" data-link=\"https:\/\/www.filles-de-la-charite.org\/uncategorized-fr\/congres-international-de-pastorale-pour-les-personnes-agees-ce-29-31-janvier-2020-theme-la-richesse-des-annees\/attachment\/200306-cameroon-10\/\" class=\"wp-image-41001\"\/><\/a><\/figure><\/li><li class=\"blocks-gallery-item\"><figure><a href=\"https:\/\/filles-de-la-charite.org\/wp-content\/uploads\/2023\/06\/200306-Cameroon-09-1024x576.jpg\" data-rel=\"lightbox-image-1\" data-rl_title=\"\" data-rl_caption=\"\" title=\"\"><img decoding=\"async\" src=\"https:\/\/filles-de-la-charite.org\/wp-content\/uploads\/2023\/06\/200306-Cameroon-09-1024x576.jpg\" alt=\"\" data-id=\"40993\" data-full-url=\"https:\/\/filles-de-la-charite.org\/wp-content\/uploads\/2023\/06\/200306-Cameroon-09.jpg\" data-link=\"https:\/\/www.filles-de-la-charite.org\/uncategorized-fr\/congres-international-de-pastorale-pour-les-personnes-agees-ce-29-31-janvier-2020-theme-la-richesse-des-annees\/attachment\/200306-cameroon-09\/\" class=\"wp-image-40993\"\/><\/a><\/figure><\/li><li class=\"blocks-gallery-item\"><figure><a href=\"https:\/\/filles-de-la-charite.org\/wp-content\/uploads\/2023\/06\/200306-Cameroon-08-1024x576.jpg\" data-rel=\"lightbox-image-2\" data-rl_title=\"\" data-rl_caption=\"\" title=\"\"><img decoding=\"async\" src=\"https:\/\/filles-de-la-charite.org\/wp-content\/uploads\/2023\/06\/200306-Cameroon-08-1024x576.jpg\" alt=\"\" data-id=\"40985\" data-full-url=\"https:\/\/filles-de-la-charite.org\/wp-content\/uploads\/2023\/06\/200306-Cameroon-08.jpg\" data-link=\"https:\/\/www.filles-de-la-charite.org\/uncategorized-fr\/congres-international-de-pastorale-pour-les-personnes-agees-ce-29-31-janvier-2020-theme-la-richesse-des-annees\/attachment\/200306-cameroon-08\/\" class=\"wp-image-40985\"\/><\/a><\/figure><\/li><li class=\"blocks-gallery-item\"><figure><a href=\"https:\/\/filles-de-la-charite.org\/wp-content\/uploads\/2023\/06\/200306-Cameroon-07-1024x576.jpg\" data-rel=\"lightbox-image-3\" data-rl_title=\"\" data-rl_caption=\"\" title=\"\"><img decoding=\"async\" src=\"https:\/\/filles-de-la-charite.org\/wp-content\/uploads\/2023\/06\/200306-Cameroon-07-1024x576.jpg\" alt=\"\" data-id=\"40977\" data-full-url=\"https:\/\/filles-de-la-charite.org\/wp-content\/uploads\/2023\/06\/200306-Cameroon-07.jpg\" data-link=\"https:\/\/www.filles-de-la-charite.org\/uncategorized-fr\/congres-international-de-pastorale-pour-les-personnes-agees-ce-29-31-janvier-2020-theme-la-richesse-des-annees\/attachment\/200306-cameroon-07\/\" class=\"wp-image-40977\"\/><\/a><\/figure><\/li><li class=\"blocks-gallery-item\"><figure><a href=\"https:\/\/filles-de-la-charite.org\/wp-content\/uploads\/2023\/06\/200306-Cameroon-06-1024x576.jpg\" data-rel=\"lightbox-image-4\" data-rl_title=\"\" data-rl_caption=\"\" title=\"\"><img decoding=\"async\" src=\"https:\/\/filles-de-la-charite.org\/wp-content\/uploads\/2023\/06\/200306-Cameroon-06-1024x576.jpg\" alt=\"\" data-id=\"40969\" data-full-url=\"https:\/\/filles-de-la-charite.org\/wp-content\/uploads\/2023\/06\/200306-Cameroon-06.jpg\" data-link=\"https:\/\/www.filles-de-la-charite.org\/uncategorized-fr\/congres-international-de-pastorale-pour-les-personnes-agees-ce-29-31-janvier-2020-theme-la-richesse-des-annees\/attachment\/200306-cameroon-06\/\" class=\"wp-image-40969\"\/><\/a><\/figure><\/li><li class=\"blocks-gallery-item\"><figure><a href=\"https:\/\/filles-de-la-charite.org\/wp-content\/uploads\/2023\/06\/200306-Cameroon-05-1024x576.jpg\" data-rel=\"lightbox-image-5\" data-rl_title=\"\" data-rl_caption=\"\" title=\"\"><img decoding=\"async\" src=\"https:\/\/filles-de-la-charite.org\/wp-content\/uploads\/2023\/06\/200306-Cameroon-05-1024x576.jpg\" alt=\"\" data-id=\"40961\" data-full-url=\"https:\/\/filles-de-la-charite.org\/wp-content\/uploads\/2023\/06\/200306-Cameroon-05.jpg\" data-link=\"https:\/\/www.filles-de-la-charite.org\/uncategorized-fr\/congres-international-de-pastorale-pour-les-personnes-agees-ce-29-31-janvier-2020-theme-la-richesse-des-annees\/attachment\/200306-cameroon-05\/\" class=\"wp-image-40961\"\/><\/a><\/figure><\/li><li class=\"blocks-gallery-item\"><figure><a href=\"https:\/\/filles-de-la-charite.org\/wp-content\/uploads\/2023\/06\/200306-Cameroon-04-1024x576.jpg\" data-rel=\"lightbox-image-6\" data-rl_title=\"\" data-rl_caption=\"\" title=\"\"><img decoding=\"async\" src=\"https:\/\/filles-de-la-charite.org\/wp-content\/uploads\/2023\/06\/200306-Cameroon-04-1024x576.jpg\" alt=\"\" data-id=\"40953\" data-full-url=\"https:\/\/filles-de-la-charite.org\/wp-content\/uploads\/2023\/06\/200306-Cameroon-04.jpg\" data-link=\"https:\/\/www.filles-de-la-charite.org\/uncategorized-fr\/congres-international-de-pastorale-pour-les-personnes-agees-ce-29-31-janvier-2020-theme-la-richesse-des-annees\/attachment\/200306-cameroon-04\/\" class=\"wp-image-40953\"\/><\/a><\/figure><\/li><li class=\"blocks-gallery-item\"><figure><a href=\"https:\/\/filles-de-la-charite.org\/wp-content\/uploads\/2023\/06\/200306-Cameroon-02-1024x576.jpg\" data-rel=\"lightbox-image-7\" data-rl_title=\"\" data-rl_caption=\"\" title=\"\"><img decoding=\"async\" src=\"https:\/\/filles-de-la-charite.org\/wp-content\/uploads\/2023\/06\/200306-Cameroon-02-1024x576.jpg\" alt=\"\" data-id=\"40938\" data-full-url=\"https:\/\/filles-de-la-charite.org\/wp-content\/uploads\/2023\/06\/200306-Cameroon-02.jpg\" data-link=\"https:\/\/www.filles-de-la-charite.org\/uncategorized-fr\/congres-international-de-pastorale-pour-les-personnes-agees-ce-29-31-janvier-2020-theme-la-richesse-des-annees\/attachment\/200306-cameroon-02\/\" class=\"wp-image-40938\"\/><\/a><\/figure><\/li><\/ul><\/figure>\n\n\n\n<div class=\"wp-block-image\"><figure class=\"alignright size-large is-resized\"><img loading=\"lazy\" decoding=\"async\" src=\"https:\/\/filles-de-la-charite.org\/wp-content\/uploads\/2023\/06\/200306-Cameroon-03-683x1024.jpg\" alt=\"\" class=\"wp-image-40946\" width=\"342\" height=\"512\"\/><\/figure><\/div>\n\n\n\n<p class=\"Style\">Po tej cz\u0119\u015bci uroczysto\u015bci przeszli\u015bmy wszyscy na dziedziniec naszej szko\u0142y na pocz\u0119stunek. Czas posi\u0142ku ubogacony by\u0142 \u015bpiewem ch\u00f3ru, ta\u0144cem dzieci i Go\u015bci. Pod koniec Ksi\u0105dz Biskup napocz\u0105\u0142 Jubileuszowe ciasto.&nbsp; Uroku dodawa\u0142y specjalne dekoracje ko\u015bcio\u0142a i dziedzi\u0144ca szkolnego, a tak\u017ce bluzki z logo Roku Jubileuszowego, w kt\u00f3re ubrani byli obecni Go\u015bcie. Wieczorem Siostry ze Szwajcarii zwiedza\u0142y nasze dzie\u0142a podkre\u015blaj\u0105c zmiany, kt\u00f3re zasz\u0142y od czasu opuszczenia przez nie Kamerunu a\u017c do chwili obecnej. Pytaniom stawianym Siostrom i wspomnieniom nie by\u0142o ko\u0144ca.<\/p>\n\n\n\n<p class=\"Style\">Nazajutrz Siostra Emmanuelle i Siostra Magi w towarzystwie naszej Siostry Wizytatorki odwiedzi\u0142y wsp\u00f3lnot\u0119 Si\u00f3str Mi\u0142osierdzia w Foumban. \u017begnaj\u0105c si\u0119 m\u00f3wili\u015bmy sobie do zobaczenia na kolejnej rocznicy z pewno\u015bci\u0105 wcze\u015bniej ni\u017c za kolejne 50 lat.<span style=\"font-size: inherit;\"> <\/span><\/p>\n\n\n\n<p><em>Siostry z Kamerunu<\/em><\/p>\n","protected":false},"excerpt":{"rendered":"<p>Jedno zdanie z historii&nbsp; Dnia 16 lutego 1968 roku Rada Prowincji Si\u00f3str Mi\u0142osierdzia w Szwajcarii odpowiedzia\u0142a pozytywnie na pro\u015bb\u0119 Jego Eminencji NDONGMO,&nbsp;Ksi\u0119dza Biskupa Nkongsamby, i zdecydowa\u0142a otworzy\u0107 Misj\u0119 Katolick\u0105 w Dchang w Kamerunie. Konwencja zosta\u0142a podpisana przez bp NDONGMO 25 lipca 1969 roku i przez Matk\u0119 Chiron 28 lipca 1969 roku. Nasze \u015awi\u0119towanie&nbsp; Dnia 15 [&hellip;]<\/p>\n","protected":false},"author":1,"featured_media":14558,"comment_status":"closed","ping_status":"closed","sticky":false,"template":"","format":"standard","meta":{"_acf_changed":false,"footnotes":"","_links_to":"","_links_to_target":""},"categories":[610],"tags":[],"class_list":["post-23976","post","type-post","status-publish","format-standard","has-post-thumbnail","hentry","category-kamerun-pl"],"acf":[],"yoast_head":"<!-- This site is optimized with the Yoast SEO plugin v27.5 - https:\/\/yoast.com\/product\/yoast-seo-wordpress\/ -->\n<title>Jubileusz 50 lat s\u0142u\u017cby Si\u00f3str Mi\u0142osierdzia na Kameru\u0144skiej Ziemii - Filles de la Charit\u00e9<\/title>\n<meta name=\"robots\" content=\"index, follow, max-snippet:-1, max-image-preview:large, max-video-preview:-1\" \/>\n<link rel=\"canonical\" href=\"https:\/\/filles-de-la-charite.org\/pl\/fifty-years-of-service-of-the-daughters-of-charity-in-cameroon-4\/\" \/>\n<meta property=\"og:locale\" content=\"pl_PL\" \/>\n<meta property=\"og:type\" content=\"article\" \/>\n<meta property=\"og:title\" content=\"Jubileusz 50 lat s\u0142u\u017cby Si\u00f3str Mi\u0142osierdzia na Kameru\u0144skiej Ziemii - Filles de la Charit\u00e9\" \/>\n<meta property=\"og:description\" content=\"Jedno zdanie z historii&nbsp; Dnia 16 lutego 1968 roku Rada Prowincji Si\u00f3str Mi\u0142osierdzia w Szwajcarii odpowiedzia\u0142a pozytywnie na pro\u015bb\u0119 Jego Eminencji NDONGMO,&nbsp;Ksi\u0119dza Biskupa Nkongsamby, i zdecydowa\u0142a otworzy\u0107 Misj\u0119 Katolick\u0105 w Dchang w Kamerunie. Konwencja zosta\u0142a podpisana przez bp NDONGMO 25 lipca 1969 roku i przez Matk\u0119 Chiron 28 lipca 1969 roku. Nasze \u015awi\u0119towanie&nbsp; Dnia 15 [&hellip;]\" \/>\n<meta property=\"og:url\" content=\"https:\/\/filles-de-la-charite.org\/pl\/fifty-years-of-service-of-the-daughters-of-charity-in-cameroon-4\/\" \/>\n<meta property=\"og:site_name\" content=\"Filles de la Charit\u00e9\" \/>\n<meta property=\"article:published_time\" content=\"2020-03-06T21:57:14+00:00\" \/>\n<meta property=\"article:modified_time\" content=\"2024-03-17T17:50:44+00:00\" \/>\n<meta property=\"og:image\" content=\"https:\/\/filles-de-la-charite.org\/wp-content\/uploads\/2023\/06\/200306-Cameroon-FTD.jpg\" \/>\n\t<meta property=\"og:image:width\" content=\"1201\" \/>\n\t<meta property=\"og:image:height\" content=\"630\" \/>\n\t<meta property=\"og:image:type\" content=\"image\/jpeg\" \/>\n<meta name=\"author\" content=\"admin\" \/>\n<meta name=\"twitter:card\" content=\"summary_large_image\" \/>\n<meta name=\"twitter:label1\" content=\"Napisane przez\" \/>\n\t<meta name=\"twitter:data1\" content=\"admin\" \/>\n\t<meta name=\"twitter:label2\" content=\"Szacowany czas czytania\" \/>\n\t<meta name=\"twitter:data2\" content=\"2 minuty\" \/>\n<script type=\"application\/ld+json\" class=\"yoast-schema-graph\">{\"@context\":\"https:\\\/\\\/schema.org\",\"@graph\":[{\"@type\":\"Article\",\"@id\":\"https:\\\/\\\/filles-de-la-charite.org\\\/pl\\\/fifty-years-of-service-of-the-daughters-of-charity-in-cameroon-4\\\/#article\",\"isPartOf\":{\"@id\":\"https:\\\/\\\/filles-de-la-charite.org\\\/pl\\\/fifty-years-of-service-of-the-daughters-of-charity-in-cameroon-4\\\/\"},\"author\":{\"name\":\"admin\",\"@id\":\"https:\\\/\\\/filles-de-la-charite.org\\\/pl\\\/#\\\/schema\\\/person\\\/427567b2eccfc2dd7d206da186a1f438\"},\"headline\":\"Jubileusz 50 lat s\u0142u\u017cby Si\u00f3str Mi\u0142osierdzia na Kameru\u0144skiej Ziemii\",\"datePublished\":\"2020-03-06T21:57:14+00:00\",\"dateModified\":\"2024-03-17T17:50:44+00:00\",\"mainEntityOfPage\":{\"@id\":\"https:\\\/\\\/filles-de-la-charite.org\\\/pl\\\/fifty-years-of-service-of-the-daughters-of-charity-in-cameroon-4\\\/\"},\"wordCount\":483,\"publisher\":{\"@id\":\"https:\\\/\\\/filles-de-la-charite.org\\\/pl\\\/#organization\"},\"image\":{\"@id\":\"https:\\\/\\\/filles-de-la-charite.org\\\/pl\\\/fifty-years-of-service-of-the-daughters-of-charity-in-cameroon-4\\\/#primaryimage\"},\"thumbnailUrl\":\"https:\\\/\\\/filles-de-la-charite.org\\\/wp-content\\\/uploads\\\/2023\\\/06\\\/200306-Cameroon-FTD.jpg\",\"articleSection\":[\"Kamerun\"],\"inLanguage\":\"pl-PL\"},{\"@type\":\"WebPage\",\"@id\":\"https:\\\/\\\/filles-de-la-charite.org\\\/pl\\\/fifty-years-of-service-of-the-daughters-of-charity-in-cameroon-4\\\/\",\"url\":\"https:\\\/\\\/filles-de-la-charite.org\\\/pl\\\/fifty-years-of-service-of-the-daughters-of-charity-in-cameroon-4\\\/\",\"name\":\"Jubileusz 50 lat s\u0142u\u017cby Si\u00f3str Mi\u0142osierdzia na Kameru\u0144skiej Ziemii - Filles de la Charit\u00e9\",\"isPartOf\":{\"@id\":\"https:\\\/\\\/filles-de-la-charite.org\\\/pl\\\/#website\"},\"primaryImageOfPage\":{\"@id\":\"https:\\\/\\\/filles-de-la-charite.org\\\/pl\\\/fifty-years-of-service-of-the-daughters-of-charity-in-cameroon-4\\\/#primaryimage\"},\"image\":{\"@id\":\"https:\\\/\\\/filles-de-la-charite.org\\\/pl\\\/fifty-years-of-service-of-the-daughters-of-charity-in-cameroon-4\\\/#primaryimage\"},\"thumbnailUrl\":\"https:\\\/\\\/filles-de-la-charite.org\\\/wp-content\\\/uploads\\\/2023\\\/06\\\/200306-Cameroon-FTD.jpg\",\"datePublished\":\"2020-03-06T21:57:14+00:00\",\"dateModified\":\"2024-03-17T17:50:44+00:00\",\"breadcrumb\":{\"@id\":\"https:\\\/\\\/filles-de-la-charite.org\\\/pl\\\/fifty-years-of-service-of-the-daughters-of-charity-in-cameroon-4\\\/#breadcrumb\"},\"inLanguage\":\"pl-PL\",\"potentialAction\":[{\"@type\":\"ReadAction\",\"target\":[\"https:\\\/\\\/filles-de-la-charite.org\\\/pl\\\/fifty-years-of-service-of-the-daughters-of-charity-in-cameroon-4\\\/\"]}]},{\"@type\":\"ImageObject\",\"inLanguage\":\"pl-PL\",\"@id\":\"https:\\\/\\\/filles-de-la-charite.org\\\/pl\\\/fifty-years-of-service-of-the-daughters-of-charity-in-cameroon-4\\\/#primaryimage\",\"url\":\"https:\\\/\\\/filles-de-la-charite.org\\\/wp-content\\\/uploads\\\/2023\\\/06\\\/200306-Cameroon-FTD.jpg\",\"contentUrl\":\"https:\\\/\\\/filles-de-la-charite.org\\\/wp-content\\\/uploads\\\/2023\\\/06\\\/200306-Cameroon-FTD.jpg\",\"width\":1201,\"height\":630},{\"@type\":\"BreadcrumbList\",\"@id\":\"https:\\\/\\\/filles-de-la-charite.org\\\/pl\\\/fifty-years-of-service-of-the-daughters-of-charity-in-cameroon-4\\\/#breadcrumb\",\"itemListElement\":[{\"@type\":\"ListItem\",\"position\":1,\"name\":\"Indie Poludniowe\",\"item\":\"https:\\\/\\\/filles-de-la-charite.org\\\/pl\\\/category\\\/india-del-sur-pl\\\/\"},{\"@type\":\"ListItem\",\"position\":2,\"name\":\"Jubileusz 50 lat s\u0142u\u017cby Si\u00f3str Mi\u0142osierdzia na Kameru\u0144skiej Ziemii\"}]},{\"@type\":\"WebSite\",\"@id\":\"https:\\\/\\\/filles-de-la-charite.org\\\/pl\\\/#website\",\"url\":\"https:\\\/\\\/filles-de-la-charite.org\\\/pl\\\/\",\"name\":\"Hijas de la Caridad\",\"description\":\"L\u2019amour de J\u00e9sus nous presse \u00e0 prendre soin des personnes les plus d\u00e9munies\",\"publisher\":{\"@id\":\"https:\\\/\\\/filles-de-la-charite.org\\\/pl\\\/#organization\"},\"potentialAction\":[{\"@type\":\"SearchAction\",\"target\":{\"@type\":\"EntryPoint\",\"urlTemplate\":\"https:\\\/\\\/filles-de-la-charite.org\\\/pl\\\/?s={search_term_string}\"},\"query-input\":{\"@type\":\"PropertyValueSpecification\",\"valueRequired\":true,\"valueName\":\"search_term_string\"}}],\"inLanguage\":\"pl-PL\"},{\"@type\":\"Organization\",\"@id\":\"https:\\\/\\\/filles-de-la-charite.org\\\/pl\\\/#organization\",\"name\":\"Hijas de la Caridad\",\"url\":\"https:\\\/\\\/filles-de-la-charite.org\\\/pl\\\/\",\"logo\":{\"@type\":\"ImageObject\",\"inLanguage\":\"pl-PL\",\"@id\":\"https:\\\/\\\/filles-de-la-charite.org\\\/pl\\\/#\\\/schema\\\/logo\\\/image\\\/\",\"url\":\"https:\\\/\\\/filles-de-la-charite.org\\\/wp-content\\\/uploads\\\/2023\\\/03\\\/isotipo-Hijas-de-la-Caridad.png\",\"contentUrl\":\"https:\\\/\\\/filles-de-la-charite.org\\\/wp-content\\\/uploads\\\/2023\\\/03\\\/isotipo-Hijas-de-la-Caridad.png\",\"width\":1417,\"height\":1417,\"caption\":\"Hijas de la Caridad\"},\"image\":{\"@id\":\"https:\\\/\\\/filles-de-la-charite.org\\\/pl\\\/#\\\/schema\\\/logo\\\/image\\\/\"}},{\"@type\":\"Person\",\"@id\":\"https:\\\/\\\/filles-de-la-charite.org\\\/pl\\\/#\\\/schema\\\/person\\\/427567b2eccfc2dd7d206da186a1f438\",\"name\":\"admin\",\"image\":{\"@type\":\"ImageObject\",\"inLanguage\":\"pl-PL\",\"@id\":\"https:\\\/\\\/secure.gravatar.com\\\/avatar\\\/948b492cce32b586ac2db0eaa926ee87024f7afe218d73b397ea5ddfc5f43ea1?s=96&d=mm&r=g\",\"url\":\"https:\\\/\\\/secure.gravatar.com\\\/avatar\\\/948b492cce32b586ac2db0eaa926ee87024f7afe218d73b397ea5ddfc5f43ea1?s=96&d=mm&r=g\",\"contentUrl\":\"https:\\\/\\\/secure.gravatar.com\\\/avatar\\\/948b492cce32b586ac2db0eaa926ee87024f7afe218d73b397ea5ddfc5f43ea1?s=96&d=mm&r=g\",\"caption\":\"admin\"},\"sameAs\":[\"https:\\\/\\\/filles-de-la-charite.org\"],\"url\":\"https:\\\/\\\/filles-de-la-charite.org\\\/pl\\\/author\\\/caridad\\\/\"}]}<\/script>\n<!-- \/ Yoast SEO plugin. -->","yoast_head_json":{"title":"Jubileusz 50 lat s\u0142u\u017cby Si\u00f3str Mi\u0142osierdzia na Kameru\u0144skiej Ziemii - Filles de la Charit\u00e9","robots":{"index":"index","follow":"follow","max-snippet":"max-snippet:-1","max-image-preview":"max-image-preview:large","max-video-preview":"max-video-preview:-1"},"canonical":"https:\/\/filles-de-la-charite.org\/pl\/fifty-years-of-service-of-the-daughters-of-charity-in-cameroon-4\/","og_locale":"pl_PL","og_type":"article","og_title":"Jubileusz 50 lat s\u0142u\u017cby Si\u00f3str Mi\u0142osierdzia na Kameru\u0144skiej Ziemii - Filles de la Charit\u00e9","og_description":"Jedno zdanie z historii&nbsp; Dnia 16 lutego 1968 roku Rada Prowincji Si\u00f3str Mi\u0142osierdzia w Szwajcarii odpowiedzia\u0142a pozytywnie na pro\u015bb\u0119 Jego Eminencji NDONGMO,&nbsp;Ksi\u0119dza Biskupa Nkongsamby, i zdecydowa\u0142a otworzy\u0107 Misj\u0119 Katolick\u0105 w Dchang w Kamerunie. Konwencja zosta\u0142a podpisana przez bp NDONGMO 25 lipca 1969 roku i przez Matk\u0119 Chiron 28 lipca 1969 roku. Nasze \u015awi\u0119towanie&nbsp; Dnia 15 [&hellip;]","og_url":"https:\/\/filles-de-la-charite.org\/pl\/fifty-years-of-service-of-the-daughters-of-charity-in-cameroon-4\/","og_site_name":"Filles de la Charit\u00e9","article_published_time":"2020-03-06T21:57:14+00:00","article_modified_time":"2024-03-17T17:50:44+00:00","og_image":[{"width":1201,"height":630,"url":"https:\/\/filles-de-la-charite.org\/wp-content\/uploads\/2023\/06\/200306-Cameroon-FTD.jpg","type":"image\/jpeg"}],"author":"admin","twitter_card":"summary_large_image","twitter_misc":{"Napisane przez":"admin","Szacowany czas czytania":"2 minuty"},"schema":{"@context":"https:\/\/schema.org","@graph":[{"@type":"Article","@id":"https:\/\/filles-de-la-charite.org\/pl\/fifty-years-of-service-of-the-daughters-of-charity-in-cameroon-4\/#article","isPartOf":{"@id":"https:\/\/filles-de-la-charite.org\/pl\/fifty-years-of-service-of-the-daughters-of-charity-in-cameroon-4\/"},"author":{"name":"admin","@id":"https:\/\/filles-de-la-charite.org\/pl\/#\/schema\/person\/427567b2eccfc2dd7d206da186a1f438"},"headline":"Jubileusz 50 lat s\u0142u\u017cby Si\u00f3str Mi\u0142osierdzia na Kameru\u0144skiej Ziemii","datePublished":"2020-03-06T21:57:14+00:00","dateModified":"2024-03-17T17:50:44+00:00","mainEntityOfPage":{"@id":"https:\/\/filles-de-la-charite.org\/pl\/fifty-years-of-service-of-the-daughters-of-charity-in-cameroon-4\/"},"wordCount":483,"publisher":{"@id":"https:\/\/filles-de-la-charite.org\/pl\/#organization"},"image":{"@id":"https:\/\/filles-de-la-charite.org\/pl\/fifty-years-of-service-of-the-daughters-of-charity-in-cameroon-4\/#primaryimage"},"thumbnailUrl":"https:\/\/filles-de-la-charite.org\/wp-content\/uploads\/2023\/06\/200306-Cameroon-FTD.jpg","articleSection":["Kamerun"],"inLanguage":"pl-PL"},{"@type":"WebPage","@id":"https:\/\/filles-de-la-charite.org\/pl\/fifty-years-of-service-of-the-daughters-of-charity-in-cameroon-4\/","url":"https:\/\/filles-de-la-charite.org\/pl\/fifty-years-of-service-of-the-daughters-of-charity-in-cameroon-4\/","name":"Jubileusz 50 lat s\u0142u\u017cby Si\u00f3str Mi\u0142osierdzia na Kameru\u0144skiej Ziemii - Filles de la Charit\u00e9","isPartOf":{"@id":"https:\/\/filles-de-la-charite.org\/pl\/#website"},"primaryImageOfPage":{"@id":"https:\/\/filles-de-la-charite.org\/pl\/fifty-years-of-service-of-the-daughters-of-charity-in-cameroon-4\/#primaryimage"},"image":{"@id":"https:\/\/filles-de-la-charite.org\/pl\/fifty-years-of-service-of-the-daughters-of-charity-in-cameroon-4\/#primaryimage"},"thumbnailUrl":"https:\/\/filles-de-la-charite.org\/wp-content\/uploads\/2023\/06\/200306-Cameroon-FTD.jpg","datePublished":"2020-03-06T21:57:14+00:00","dateModified":"2024-03-17T17:50:44+00:00","breadcrumb":{"@id":"https:\/\/filles-de-la-charite.org\/pl\/fifty-years-of-service-of-the-daughters-of-charity-in-cameroon-4\/#breadcrumb"},"inLanguage":"pl-PL","potentialAction":[{"@type":"ReadAction","target":["https:\/\/filles-de-la-charite.org\/pl\/fifty-years-of-service-of-the-daughters-of-charity-in-cameroon-4\/"]}]},{"@type":"ImageObject","inLanguage":"pl-PL","@id":"https:\/\/filles-de-la-charite.org\/pl\/fifty-years-of-service-of-the-daughters-of-charity-in-cameroon-4\/#primaryimage","url":"https:\/\/filles-de-la-charite.org\/wp-content\/uploads\/2023\/06\/200306-Cameroon-FTD.jpg","contentUrl":"https:\/\/filles-de-la-charite.org\/wp-content\/uploads\/2023\/06\/200306-Cameroon-FTD.jpg","width":1201,"height":630},{"@type":"BreadcrumbList","@id":"https:\/\/filles-de-la-charite.org\/pl\/fifty-years-of-service-of-the-daughters-of-charity-in-cameroon-4\/#breadcrumb","itemListElement":[{"@type":"ListItem","position":1,"name":"Indie Poludniowe","item":"https:\/\/filles-de-la-charite.org\/pl\/category\/india-del-sur-pl\/"},{"@type":"ListItem","position":2,"name":"Jubileusz 50 lat s\u0142u\u017cby Si\u00f3str Mi\u0142osierdzia na Kameru\u0144skiej Ziemii"}]},{"@type":"WebSite","@id":"https:\/\/filles-de-la-charite.org\/pl\/#website","url":"https:\/\/filles-de-la-charite.org\/pl\/","name":"Hijas de la Caridad","description":"L\u2019amour de J\u00e9sus nous presse \u00e0 prendre soin des personnes les plus d\u00e9munies","publisher":{"@id":"https:\/\/filles-de-la-charite.org\/pl\/#organization"},"potentialAction":[{"@type":"SearchAction","target":{"@type":"EntryPoint","urlTemplate":"https:\/\/filles-de-la-charite.org\/pl\/?s={search_term_string}"},"query-input":{"@type":"PropertyValueSpecification","valueRequired":true,"valueName":"search_term_string"}}],"inLanguage":"pl-PL"},{"@type":"Organization","@id":"https:\/\/filles-de-la-charite.org\/pl\/#organization","name":"Hijas de la Caridad","url":"https:\/\/filles-de-la-charite.org\/pl\/","logo":{"@type":"ImageObject","inLanguage":"pl-PL","@id":"https:\/\/filles-de-la-charite.org\/pl\/#\/schema\/logo\/image\/","url":"https:\/\/filles-de-la-charite.org\/wp-content\/uploads\/2023\/03\/isotipo-Hijas-de-la-Caridad.png","contentUrl":"https:\/\/filles-de-la-charite.org\/wp-content\/uploads\/2023\/03\/isotipo-Hijas-de-la-Caridad.png","width":1417,"height":1417,"caption":"Hijas de la Caridad"},"image":{"@id":"https:\/\/filles-de-la-charite.org\/pl\/#\/schema\/logo\/image\/"}},{"@type":"Person","@id":"https:\/\/filles-de-la-charite.org\/pl\/#\/schema\/person\/427567b2eccfc2dd7d206da186a1f438","name":"admin","image":{"@type":"ImageObject","inLanguage":"pl-PL","@id":"https:\/\/secure.gravatar.com\/avatar\/948b492cce32b586ac2db0eaa926ee87024f7afe218d73b397ea5ddfc5f43ea1?s=96&d=mm&r=g","url":"https:\/\/secure.gravatar.com\/avatar\/948b492cce32b586ac2db0eaa926ee87024f7afe218d73b397ea5ddfc5f43ea1?s=96&d=mm&r=g","contentUrl":"https:\/\/secure.gravatar.com\/avatar\/948b492cce32b586ac2db0eaa926ee87024f7afe218d73b397ea5ddfc5f43ea1?s=96&d=mm&r=g","caption":"admin"},"sameAs":["https:\/\/filles-de-la-charite.org"],"url":"https:\/\/filles-de-la-charite.org\/pl\/author\/caridad\/"}]}},"_links":{"self":[{"href":"https:\/\/filles-de-la-charite.org\/pl\/wp-json\/wp\/v2\/posts\/23976","targetHints":{"allow":["GET"]}}],"collection":[{"href":"https:\/\/filles-de-la-charite.org\/pl\/wp-json\/wp\/v2\/posts"}],"about":[{"href":"https:\/\/filles-de-la-charite.org\/pl\/wp-json\/wp\/v2\/types\/post"}],"author":[{"embeddable":true,"href":"https:\/\/filles-de-la-charite.org\/pl\/wp-json\/wp\/v2\/users\/1"}],"replies":[{"embeddable":true,"href":"https:\/\/filles-de-la-charite.org\/pl\/wp-json\/wp\/v2\/comments?post=23976"}],"version-history":[{"count":2,"href":"https:\/\/filles-de-la-charite.org\/pl\/wp-json\/wp\/v2\/posts\/23976\/revisions"}],"predecessor-version":[{"id":34546,"href":"https:\/\/filles-de-la-charite.org\/pl\/wp-json\/wp\/v2\/posts\/23976\/revisions\/34546"}],"wp:featuredmedia":[{"embeddable":true,"href":"https:\/\/filles-de-la-charite.org\/pl\/wp-json\/wp\/v2\/media\/14558"}],"wp:attachment":[{"href":"https:\/\/filles-de-la-charite.org\/pl\/wp-json\/wp\/v2\/media?parent=23976"}],"wp:term":[{"taxonomy":"category","embeddable":true,"href":"https:\/\/filles-de-la-charite.org\/pl\/wp-json\/wp\/v2\/categories?post=23976"},{"taxonomy":"post_tag","embeddable":true,"href":"https:\/\/filles-de-la-charite.org\/pl\/wp-json\/wp\/v2\/tags?post=23976"}],"curies":[{"name":"wp","href":"https:\/\/api.w.org\/{rel}","templated":true}]}}