{"id":23984,"date":"2020-03-16T22:40:22","date_gmt":"2020-03-16T21:40:22","guid":{"rendered":"https:\/\/hijascaridad.sjdigitaldemo.ovh\/fr-tomaz-mavric-cm-superior-general-visits-the-daughters-of-charity-in-australia-4\/"},"modified":"2024-03-17T18:50:31","modified_gmt":"2024-03-17T17:50:31","slug":"fr-tomaz-mavric-cm-superior-general-visits-the-daughters-of-charity-in-australia-4","status":"publish","type":"post","link":"https:\/\/filles-de-la-charite.org\/pl\/fr-tomaz-mavric-cm-superior-general-visits-the-daughters-of-charity-in-australia-4\/","title":{"rendered":"Wizyta Prze\u0142o\u017conego Generalnego, O. Toma\u017ea Mavri\u010da CM w Australii"},"content":{"rendered":"\n<p><p style=\"text-align: justify;\">Prze\u0142o\u017cony Generalny Zgromadzenia Misji, O. Toma\u017e Mavri\u010d, podczas swojej wizyty u Ksi\u0119\u017cy Misjonarzy w Prowincji Oceanii, odwiedzi\u0142 tak\u017ce Siostry Mi\u0142osierdzia \u015bw. Wincentego a Paulo. Przylecia\u0142 we wtorek, 11 lutego, z Melbourne.<\/p> <p style=\"text-align: justify;\">O. Genera\u0142a przywita\u0142o dwadzie\u015bcia pi\u0119\u0107 Si\u00f3str Mi\u0142osierdzia. O. Toma\u017e po wej\u015bciu do sali konferencyjnej osobi\u015bcie przywita\u0142 si\u0119 z ka\u017cd\u0105 Siostr\u0105, po czym wypili\u015bmy herbat\u0119, co wprowadzi\u0142o serdeczn\u0105 atmosfer\u0119. Nast\u0119pnie O. Toma\u017e skierowa\u0142 do nas nieformalne przem\u00f3wienie, a nast\u0119pnie by\u0142 czas na pytania i odpowiedzi. By\u0142y\u015bmy zachwycone prostot\u0105 Ojca w odpowiadaniu na pytania Si\u00f3str, jak r\u00f3wnie\u017c podziwia\u0142y\u015bmy jego wiedz\u0119 na temat wydarze\u0144 w \u015bwiecie, niekoniecznie zwi\u0105zanych z Rodzin\u0105 Wincenty\u0144sk\u0105.<\/p> <p style=\"text-align: justify;\"><img loading=\"lazy\" decoding=\"async\" width=\"288\" height=\"360\" class=\"alignright wp-image-40561\" src=\"https:\/\/filles-de-la-charite.org\/wp-content\/uploads\/2023\/06\/0316-Australia-2-240x300.jpg\" alt=\"\">Po godzinie rozmowy z Ojcem, udali\u015bmy si\u0119 naszego Domu Opieki &#8211; Bethany Villa, po\u0142o\u017conym obok, by odwiedzi\u0107 cztery Siostry wymagaj\u0105ce sta\u0142ej opieki . Mimo, \u017ce trzy z nich maj\u0105 ponad dziewi\u0119\u0107dziesi\u0105t lat, ich rado\u015b\u0107 ze spotkania z Prze\u0142o\u017conym Generalnym i mo\u017cliwo\u015b\u0107 rozmowy z nim by\u0142a nieopisan\u0105 rado\u015bci\u0105. Jedna z tych Si\u00f3str le\u017ca\u0142a w \u0142\u00f3\u017cku, jej u\u015bmiech by\u0142 ol\u015bniewaj\u0105cy, a jej twarz promienia\u0142a, gdy zosta\u0142a przedstawiona Ojcu. Wizyta Ojca u czwartej Siostry by\u0142a d\u0142u\u017csza, poniewa\u017c by\u0142a w stanie zaj\u0105\u0107 go d\u0142u\u017cej! Siostra ta wyrazi\u0142a prawdziwy podziw dla pism ks. Toma\u017ea i ch\u0119tnie o tym mu powiedzia\u0142a! Nast\u0119pnie opowiedzia\u0142a mu o swoim zaanga\u017cowaniu w Bethany Villa, np. prowadzenie sesji z poezji z ma\u0142\u0105 grup\u0105 mieszka\u0144c\u00f3w czy cotygodniowych refleksji podczas Adwentu i Wielkiego Postu tak\u017ce z grup\u0105 mieszka\u0144c\u00f3w. O. Toma\u017e poprosi\u0142 Siostr\u0119 o wyrecytowanie jakiego\u015b wiersza. Siostra recytowa\u0142a wiersz po wierszu przez co najmniej trzy minuty bez \u017cadnej podpowiedzi! Ojciec Toma\u017e by\u0142 zafascynowany! W Australii powiedzieliby\u015bmy, \u017ce \u201eby\u0142 oszo\u0142omiony\u201d!!!<\/p> <p style=\"text-align: justify;\">Nast\u0119pnie razem z O. Toma\u017eem przeszli\u015bmy przez Dom, odwiedzaj\u0105c trzech rezydent\u00f3w. Jednym z nich jest m\u0119\u017cczyzna, kt\u00f3ry by\u0142 Dyrektorem i przez wiele lat zasiada\u0142 w Regionalnej Radzie Doradczej. Teraz ma ponad dziewi\u0119\u0107dziesi\u0105t lat i mieszka z \u017con\u0105 w naszym Domu Opieki pod wezwaniem \u015bw. Katarzyny. Przedstawi\u0142am ma\u0142\u017conk\u00f3w O. Genera\u0142owi wyra\u017caj\u0105c wdzi\u0119czno\u015b\u0107 za jego wieloletni\u0105 s\u0142u\u017cb\u0119 Wsp\u00f3lnocie i lojaln\u0105 przyja\u017a\u0144 z Siostrami. Nast\u0119pnie O. Toma\u017e odwiedzi\u0142, kobiet\u0119, W\u0142oszk\u0119, kt\u00f3ra przez pewien czas mieszka\u0142a u \u015bw. Katarzyny i niestety jest ju\u017c przykuta do \u0142\u00f3\u017cka. \u015awietnie rozmawiali po w\u0142osku! Wreszcie O. Toma\u017e pob\u0142ogos\u0142awi\u0142 rodzon\u0105 siostr\u0119 jednej z naszych Si\u00f3str, kt\u00f3ra r\u00f3wnie\u017c przebywa w tym domu.<\/p> <img loading=\"lazy\" decoding=\"async\" width=\"720\" height=\"360\" class=\"aligncenter size-full wp-image-40560\" src=\"https:\/\/filles-de-la-charite.org\/wp-content\/uploads\/2023\/06\/0316-Australia-1.jpg\" alt=\"\"> <p style=\"text-align: justify;\">Po powrocie do sali konferencyjnej O. Toma\u017e celebrowa\u0142 Eucharysti\u0119, a wiecz\u00f3r zako\u0144czy\u0142 si\u0119 wsp\u00f3lnym posi\u0142kiem. Dzie\u0144 11 luty by\u0142 nie tylko \u015awi\u0119tem Matki Bo\u017cej z Lourdes, ale tak\u017ce dok\u0142adnie miesi\u0105c przed po\u0142\u0105czeniem Prowincji Australii i Wielkiej Brytanii, by utworzy\u0107 Prowincj\u0119 Rosalie Rendu.<\/p> <p style=\"text-align: justify;\">O. Toma\u017e po\u015bwi\u0119ci\u0142 nam bardzo du\u017co swojego czasu, dlatego kilka Si\u00f3str skorzysta\u0142o z okazji, aby osobi\u015bcie porozmawia\u0107 z nim na temat ich przesz\u0142ych lub obecnych pos\u0142ug, ich zainteresowania zaanga\u017cowaniem naszych Si\u00f3str w innych cz\u0119\u015bciach \u015bwiata, w kt\u00f3rych jest wiele cierpienia. By\u0142y tak\u017ce zainteresowane odniesieniem si\u0119 O. Toma\u017ea do bycia &#8222;narz\u0119dziami&#8221; zmian poprzez reprezentacj\u0119 wincenty\u0144sk\u0105 na szczeblu ONZ.<\/p> <img loading=\"lazy\" decoding=\"async\" width=\"1200\" height=\"800\" class=\"aligncenter size-full wp-image-40562\" src=\"https:\/\/filles-de-la-charite.org\/wp-content\/uploads\/2023\/06\/0316-Australia-3.jpg\" alt=\"\"> <p style=\"text-align: justify;\">O. Toma\u017e odni\u00f3s\u0142 si\u0119 do po\u017car\u00f3w w Australii, o kt\u00f3rych by\u0142o g\u0142o\u015bno w ca\u0142ym \u015bwiecie! Chocia\u017c nasze Siostry, ich rodziny, domy i ludzie, kt\u00f3rym s\u0142u\u017cymy, dzi\u0119ki Bogu, nie zostali nimi dotkni\u0119ci, niemniej by\u0142o wiele tragedii zwi\u0105zanych z utrat\u0105 \u017cycia, mienia i zwierz\u0105t. Australijczycy s\u0105 bardzo hojni w takich momentach, a tym bardziej, gdy zdarzaj\u0105 si\u0119 jakie\u015b katastrofy lub tragedie. Przez miesi\u0105ce nasz\u0105 najwi\u0119ksz\u0105 trosk\u0105 w modlitwie by\u0142o wstawianie si\u0119 u Boga o deszcz. W ko\u0144cu B\u00f3g odpowiedzia\u0142, zsy\u0142aj\u0105c gwa\u0142towne deszcze i burze przez ca\u0142e trzy dni. Upa\u0142y spowodowa\u0142y r\u00f3wnie\u017c wysuszenie zbiornik\u00f3w wodnych, ale B\u00f3g \u0142askawie wys\u0142ucha\u0142 pr\u00f3\u015bb w intencji naszego kraju skierowanych do Niego z ca\u0142ego \u015bwiata. Dzi\u0119ki takiej modlitwie zbiorniki te nie s\u0105 ju\u017c puste. Podczas tych nieprzerwanych deszcz\u00f3w ogromne drzewo spad\u0142o na naro\u017cnik dachu Domu Opieki \u015awi\u0119tej Katarzyny, w zwi\u0105zku z czym pi\u0119ciu mieszka\u0144c\u00f3w musia\u0142o zosta\u0107 przeniesionych do innej cz\u0119\u015bci Domu. Dzi\u0119ki Bogu \u017caden z nich nie zosta\u0142 ranny. Ich pokoje s\u0105 wci\u0105\u017c w naprawie. Wiecz\u00f3r, w kt\u00f3rym O. Toma\u017e przyby\u0142 do Sydney, by\u0142 pierwsz\u0105 z deszczowych burzowych nocy!<\/p> <p style=\"text-align: right;\"><span style=\"color: #0432ff;\"><i>Celine Quadros Siostra Mi\u0142osierdzia<\/i><\/span><\/p> <img loading=\"lazy\" decoding=\"async\" width=\"1280\" height=\"720\" class=\"aligncenter size-full wp-image-40563\" src=\"https:\/\/filles-de-la-charite.org\/wp-content\/uploads\/2023\/06\/0316-Australia-4.jpg\" alt=\"\"><\/p>\n","protected":false},"excerpt":{"rendered":"<p>Prze\u0142o\u017cony Generalny Zgromadzenia Misji, O. Toma\u017e Mavri\u010d, podczas swojej wizyty u Ksi\u0119\u017cy Misjonarzy w Prowincji Oceanii, odwiedzi\u0142 tak\u017ce Siostry Mi\u0142osierdzia \u015bw. Wincentego a Paulo. Przylecia\u0142 we wtorek, 11 lutego, z Melbourne. O. Genera\u0142a przywita\u0142o dwadzie\u015bcia pi\u0119\u0107 Si\u00f3str Mi\u0142osierdzia. O. Toma\u017e po wej\u015bciu do sali konferencyjnej osobi\u015bcie przywita\u0142 si\u0119 z ka\u017cd\u0105 Siostr\u0105, po czym wypili\u015bmy herbat\u0119, [&hellip;]<\/p>\n","protected":false},"author":1,"featured_media":14590,"comment_status":"closed","ping_status":"closed","sticky":false,"template":"","format":"standard","meta":{"_acf_changed":false,"_et_pb_use_builder":"","_et_pb_old_content":"","_et_gb_content_width":"","footnotes":"","_links_to":"","_links_to_target":""},"categories":[671],"tags":[],"class_list":["post-23984","post","type-post","status-publish","format-standard","has-post-thumbnail","hentry","category-rosalie-rendu-wielka-brytania-i-australia-pl"],"acf":[],"yoast_head":"<!-- This site is optimized with the Yoast SEO plugin v27.5 - https:\/\/yoast.com\/product\/yoast-seo-wordpress\/ -->\n<title>Wizyta Prze\u0142o\u017conego Generalnego, O. Toma\u017ea Mavri\u010da CM w Australii - Filles de la Charit\u00e9<\/title>\n<meta name=\"robots\" content=\"index, follow, max-snippet:-1, max-image-preview:large, max-video-preview:-1\" \/>\n<link rel=\"canonical\" href=\"https:\/\/filles-de-la-charite.org\/pl\/fr-tomaz-mavric-cm-superior-general-visits-the-daughters-of-charity-in-australia-4\/\" \/>\n<meta property=\"og:locale\" content=\"pl_PL\" \/>\n<meta property=\"og:type\" content=\"article\" \/>\n<meta property=\"og:title\" content=\"Wizyta Prze\u0142o\u017conego Generalnego, O. Toma\u017ea Mavri\u010da CM w Australii - Filles de la Charit\u00e9\" \/>\n<meta property=\"og:description\" content=\"Prze\u0142o\u017cony Generalny Zgromadzenia Misji, O. Toma\u017e Mavri\u010d, podczas swojej wizyty u Ksi\u0119\u017cy Misjonarzy w Prowincji Oceanii, odwiedzi\u0142 tak\u017ce Siostry Mi\u0142osierdzia \u015bw. Wincentego a Paulo. Przylecia\u0142 we wtorek, 11 lutego, z Melbourne. O. Genera\u0142a przywita\u0142o dwadzie\u015bcia pi\u0119\u0107 Si\u00f3str Mi\u0142osierdzia. O. Toma\u017e po wej\u015bciu do sali konferencyjnej osobi\u015bcie przywita\u0142 si\u0119 z ka\u017cd\u0105 Siostr\u0105, po czym wypili\u015bmy herbat\u0119, [&hellip;]\" \/>\n<meta property=\"og:url\" content=\"https:\/\/filles-de-la-charite.org\/pl\/fr-tomaz-mavric-cm-superior-general-visits-the-daughters-of-charity-in-australia-4\/\" \/>\n<meta property=\"og:site_name\" content=\"Filles de la Charit\u00e9\" \/>\n<meta property=\"article:published_time\" content=\"2020-03-16T21:40:22+00:00\" \/>\n<meta property=\"article:modified_time\" content=\"2024-03-17T17:50:31+00:00\" \/>\n<meta property=\"og:image\" content=\"https:\/\/filles-de-la-charite.org\/wp-content\/uploads\/2023\/06\/0316-Australia-5.jpg\" \/>\n\t<meta property=\"og:image:width\" content=\"1280\" \/>\n\t<meta property=\"og:image:height\" content=\"720\" \/>\n\t<meta property=\"og:image:type\" content=\"image\/jpeg\" \/>\n<meta name=\"author\" content=\"admin\" \/>\n<meta name=\"twitter:card\" content=\"summary_large_image\" \/>\n<meta name=\"twitter:label1\" content=\"Napisane przez\" \/>\n\t<meta name=\"twitter:data1\" content=\"admin\" \/>\n\t<meta name=\"twitter:label2\" content=\"Szacowany czas czytania\" \/>\n\t<meta name=\"twitter:data2\" content=\"4 minuty\" \/>\n<script type=\"application\/ld+json\" class=\"yoast-schema-graph\">{\"@context\":\"https:\\\/\\\/schema.org\",\"@graph\":[{\"@type\":\"Article\",\"@id\":\"https:\\\/\\\/filles-de-la-charite.org\\\/pl\\\/fr-tomaz-mavric-cm-superior-general-visits-the-daughters-of-charity-in-australia-4\\\/#article\",\"isPartOf\":{\"@id\":\"https:\\\/\\\/filles-de-la-charite.org\\\/pl\\\/fr-tomaz-mavric-cm-superior-general-visits-the-daughters-of-charity-in-australia-4\\\/\"},\"author\":{\"name\":\"admin\",\"@id\":\"https:\\\/\\\/filles-de-la-charite.org\\\/pl\\\/#\\\/schema\\\/person\\\/427567b2eccfc2dd7d206da186a1f438\"},\"headline\":\"Wizyta Prze\u0142o\u017conego Generalnego, O. Toma\u017ea Mavri\u010da CM w Australii\",\"datePublished\":\"2020-03-16T21:40:22+00:00\",\"dateModified\":\"2024-03-17T17:50:31+00:00\",\"mainEntityOfPage\":{\"@id\":\"https:\\\/\\\/filles-de-la-charite.org\\\/pl\\\/fr-tomaz-mavric-cm-superior-general-visits-the-daughters-of-charity-in-australia-4\\\/\"},\"wordCount\":812,\"publisher\":{\"@id\":\"https:\\\/\\\/filles-de-la-charite.org\\\/pl\\\/#organization\"},\"image\":{\"@id\":\"https:\\\/\\\/filles-de-la-charite.org\\\/pl\\\/fr-tomaz-mavric-cm-superior-general-visits-the-daughters-of-charity-in-australia-4\\\/#primaryimage\"},\"thumbnailUrl\":\"https:\\\/\\\/filles-de-la-charite.org\\\/wp-content\\\/uploads\\\/2023\\\/06\\\/0316-Australia-5.jpg\",\"articleSection\":[\"Rosalie Rendu - Wielka Brytania i Australia\"],\"inLanguage\":\"pl-PL\"},{\"@type\":\"WebPage\",\"@id\":\"https:\\\/\\\/filles-de-la-charite.org\\\/pl\\\/fr-tomaz-mavric-cm-superior-general-visits-the-daughters-of-charity-in-australia-4\\\/\",\"url\":\"https:\\\/\\\/filles-de-la-charite.org\\\/pl\\\/fr-tomaz-mavric-cm-superior-general-visits-the-daughters-of-charity-in-australia-4\\\/\",\"name\":\"Wizyta Prze\u0142o\u017conego Generalnego, O. Toma\u017ea Mavri\u010da CM w Australii - Filles de la Charit\u00e9\",\"isPartOf\":{\"@id\":\"https:\\\/\\\/filles-de-la-charite.org\\\/pl\\\/#website\"},\"primaryImageOfPage\":{\"@id\":\"https:\\\/\\\/filles-de-la-charite.org\\\/pl\\\/fr-tomaz-mavric-cm-superior-general-visits-the-daughters-of-charity-in-australia-4\\\/#primaryimage\"},\"image\":{\"@id\":\"https:\\\/\\\/filles-de-la-charite.org\\\/pl\\\/fr-tomaz-mavric-cm-superior-general-visits-the-daughters-of-charity-in-australia-4\\\/#primaryimage\"},\"thumbnailUrl\":\"https:\\\/\\\/filles-de-la-charite.org\\\/wp-content\\\/uploads\\\/2023\\\/06\\\/0316-Australia-5.jpg\",\"datePublished\":\"2020-03-16T21:40:22+00:00\",\"dateModified\":\"2024-03-17T17:50:31+00:00\",\"breadcrumb\":{\"@id\":\"https:\\\/\\\/filles-de-la-charite.org\\\/pl\\\/fr-tomaz-mavric-cm-superior-general-visits-the-daughters-of-charity-in-australia-4\\\/#breadcrumb\"},\"inLanguage\":\"pl-PL\",\"potentialAction\":[{\"@type\":\"ReadAction\",\"target\":[\"https:\\\/\\\/filles-de-la-charite.org\\\/pl\\\/fr-tomaz-mavric-cm-superior-general-visits-the-daughters-of-charity-in-australia-4\\\/\"]}]},{\"@type\":\"ImageObject\",\"inLanguage\":\"pl-PL\",\"@id\":\"https:\\\/\\\/filles-de-la-charite.org\\\/pl\\\/fr-tomaz-mavric-cm-superior-general-visits-the-daughters-of-charity-in-australia-4\\\/#primaryimage\",\"url\":\"https:\\\/\\\/filles-de-la-charite.org\\\/wp-content\\\/uploads\\\/2023\\\/06\\\/0316-Australia-5.jpg\",\"contentUrl\":\"https:\\\/\\\/filles-de-la-charite.org\\\/wp-content\\\/uploads\\\/2023\\\/06\\\/0316-Australia-5.jpg\",\"width\":1280,\"height\":720},{\"@type\":\"BreadcrumbList\",\"@id\":\"https:\\\/\\\/filles-de-la-charite.org\\\/pl\\\/fr-tomaz-mavric-cm-superior-general-visits-the-daughters-of-charity-in-australia-4\\\/#breadcrumb\",\"itemListElement\":[{\"@type\":\"ListItem\",\"position\":1,\"name\":\"\u015awi\u0119ta Ludwika \u2013 Azja\",\"item\":\"https:\\\/\\\/filles-de-la-charite.org\\\/pl\\\/category\\\/swieta-ludwika-azja-pl\\\/\"},{\"@type\":\"ListItem\",\"position\":2,\"name\":\"Wizyta Prze\u0142o\u017conego Generalnego, O. Toma\u017ea Mavri\u010da CM w Australii\"}]},{\"@type\":\"WebSite\",\"@id\":\"https:\\\/\\\/filles-de-la-charite.org\\\/pl\\\/#website\",\"url\":\"https:\\\/\\\/filles-de-la-charite.org\\\/pl\\\/\",\"name\":\"Hijas de la Caridad\",\"description\":\"L\u2019amour de J\u00e9sus nous presse \u00e0 prendre soin des personnes les plus d\u00e9munies\",\"publisher\":{\"@id\":\"https:\\\/\\\/filles-de-la-charite.org\\\/pl\\\/#organization\"},\"potentialAction\":[{\"@type\":\"SearchAction\",\"target\":{\"@type\":\"EntryPoint\",\"urlTemplate\":\"https:\\\/\\\/filles-de-la-charite.org\\\/pl\\\/?s={search_term_string}\"},\"query-input\":{\"@type\":\"PropertyValueSpecification\",\"valueRequired\":true,\"valueName\":\"search_term_string\"}}],\"inLanguage\":\"pl-PL\"},{\"@type\":\"Organization\",\"@id\":\"https:\\\/\\\/filles-de-la-charite.org\\\/pl\\\/#organization\",\"name\":\"Hijas de la Caridad\",\"url\":\"https:\\\/\\\/filles-de-la-charite.org\\\/pl\\\/\",\"logo\":{\"@type\":\"ImageObject\",\"inLanguage\":\"pl-PL\",\"@id\":\"https:\\\/\\\/filles-de-la-charite.org\\\/pl\\\/#\\\/schema\\\/logo\\\/image\\\/\",\"url\":\"https:\\\/\\\/filles-de-la-charite.org\\\/wp-content\\\/uploads\\\/2023\\\/03\\\/isotipo-Hijas-de-la-Caridad.png\",\"contentUrl\":\"https:\\\/\\\/filles-de-la-charite.org\\\/wp-content\\\/uploads\\\/2023\\\/03\\\/isotipo-Hijas-de-la-Caridad.png\",\"width\":1417,\"height\":1417,\"caption\":\"Hijas de la Caridad\"},\"image\":{\"@id\":\"https:\\\/\\\/filles-de-la-charite.org\\\/pl\\\/#\\\/schema\\\/logo\\\/image\\\/\"}},{\"@type\":\"Person\",\"@id\":\"https:\\\/\\\/filles-de-la-charite.org\\\/pl\\\/#\\\/schema\\\/person\\\/427567b2eccfc2dd7d206da186a1f438\",\"name\":\"admin\",\"image\":{\"@type\":\"ImageObject\",\"inLanguage\":\"pl-PL\",\"@id\":\"https:\\\/\\\/secure.gravatar.com\\\/avatar\\\/948b492cce32b586ac2db0eaa926ee87024f7afe218d73b397ea5ddfc5f43ea1?s=96&d=mm&r=g\",\"url\":\"https:\\\/\\\/secure.gravatar.com\\\/avatar\\\/948b492cce32b586ac2db0eaa926ee87024f7afe218d73b397ea5ddfc5f43ea1?s=96&d=mm&r=g\",\"contentUrl\":\"https:\\\/\\\/secure.gravatar.com\\\/avatar\\\/948b492cce32b586ac2db0eaa926ee87024f7afe218d73b397ea5ddfc5f43ea1?s=96&d=mm&r=g\",\"caption\":\"admin\"},\"sameAs\":[\"https:\\\/\\\/filles-de-la-charite.org\"],\"url\":\"https:\\\/\\\/filles-de-la-charite.org\\\/pl\\\/author\\\/caridad\\\/\"}]}<\/script>\n<!-- \/ Yoast SEO plugin. -->","yoast_head_json":{"title":"Wizyta Prze\u0142o\u017conego Generalnego, O. Toma\u017ea Mavri\u010da CM w Australii - Filles de la Charit\u00e9","robots":{"index":"index","follow":"follow","max-snippet":"max-snippet:-1","max-image-preview":"max-image-preview:large","max-video-preview":"max-video-preview:-1"},"canonical":"https:\/\/filles-de-la-charite.org\/pl\/fr-tomaz-mavric-cm-superior-general-visits-the-daughters-of-charity-in-australia-4\/","og_locale":"pl_PL","og_type":"article","og_title":"Wizyta Prze\u0142o\u017conego Generalnego, O. Toma\u017ea Mavri\u010da CM w Australii - Filles de la Charit\u00e9","og_description":"Prze\u0142o\u017cony Generalny Zgromadzenia Misji, O. Toma\u017e Mavri\u010d, podczas swojej wizyty u Ksi\u0119\u017cy Misjonarzy w Prowincji Oceanii, odwiedzi\u0142 tak\u017ce Siostry Mi\u0142osierdzia \u015bw. Wincentego a Paulo. Przylecia\u0142 we wtorek, 11 lutego, z Melbourne. O. Genera\u0142a przywita\u0142o dwadzie\u015bcia pi\u0119\u0107 Si\u00f3str Mi\u0142osierdzia. O. Toma\u017e po wej\u015bciu do sali konferencyjnej osobi\u015bcie przywita\u0142 si\u0119 z ka\u017cd\u0105 Siostr\u0105, po czym wypili\u015bmy herbat\u0119, [&hellip;]","og_url":"https:\/\/filles-de-la-charite.org\/pl\/fr-tomaz-mavric-cm-superior-general-visits-the-daughters-of-charity-in-australia-4\/","og_site_name":"Filles de la Charit\u00e9","article_published_time":"2020-03-16T21:40:22+00:00","article_modified_time":"2024-03-17T17:50:31+00:00","og_image":[{"width":1280,"height":720,"url":"https:\/\/filles-de-la-charite.org\/wp-content\/uploads\/2023\/06\/0316-Australia-5.jpg","type":"image\/jpeg"}],"author":"admin","twitter_card":"summary_large_image","twitter_misc":{"Napisane przez":"admin","Szacowany czas czytania":"4 minuty"},"schema":{"@context":"https:\/\/schema.org","@graph":[{"@type":"Article","@id":"https:\/\/filles-de-la-charite.org\/pl\/fr-tomaz-mavric-cm-superior-general-visits-the-daughters-of-charity-in-australia-4\/#article","isPartOf":{"@id":"https:\/\/filles-de-la-charite.org\/pl\/fr-tomaz-mavric-cm-superior-general-visits-the-daughters-of-charity-in-australia-4\/"},"author":{"name":"admin","@id":"https:\/\/filles-de-la-charite.org\/pl\/#\/schema\/person\/427567b2eccfc2dd7d206da186a1f438"},"headline":"Wizyta Prze\u0142o\u017conego Generalnego, O. Toma\u017ea Mavri\u010da CM w Australii","datePublished":"2020-03-16T21:40:22+00:00","dateModified":"2024-03-17T17:50:31+00:00","mainEntityOfPage":{"@id":"https:\/\/filles-de-la-charite.org\/pl\/fr-tomaz-mavric-cm-superior-general-visits-the-daughters-of-charity-in-australia-4\/"},"wordCount":812,"publisher":{"@id":"https:\/\/filles-de-la-charite.org\/pl\/#organization"},"image":{"@id":"https:\/\/filles-de-la-charite.org\/pl\/fr-tomaz-mavric-cm-superior-general-visits-the-daughters-of-charity-in-australia-4\/#primaryimage"},"thumbnailUrl":"https:\/\/filles-de-la-charite.org\/wp-content\/uploads\/2023\/06\/0316-Australia-5.jpg","articleSection":["Rosalie Rendu - Wielka Brytania i Australia"],"inLanguage":"pl-PL"},{"@type":"WebPage","@id":"https:\/\/filles-de-la-charite.org\/pl\/fr-tomaz-mavric-cm-superior-general-visits-the-daughters-of-charity-in-australia-4\/","url":"https:\/\/filles-de-la-charite.org\/pl\/fr-tomaz-mavric-cm-superior-general-visits-the-daughters-of-charity-in-australia-4\/","name":"Wizyta Prze\u0142o\u017conego Generalnego, O. Toma\u017ea Mavri\u010da CM w Australii - Filles de la Charit\u00e9","isPartOf":{"@id":"https:\/\/filles-de-la-charite.org\/pl\/#website"},"primaryImageOfPage":{"@id":"https:\/\/filles-de-la-charite.org\/pl\/fr-tomaz-mavric-cm-superior-general-visits-the-daughters-of-charity-in-australia-4\/#primaryimage"},"image":{"@id":"https:\/\/filles-de-la-charite.org\/pl\/fr-tomaz-mavric-cm-superior-general-visits-the-daughters-of-charity-in-australia-4\/#primaryimage"},"thumbnailUrl":"https:\/\/filles-de-la-charite.org\/wp-content\/uploads\/2023\/06\/0316-Australia-5.jpg","datePublished":"2020-03-16T21:40:22+00:00","dateModified":"2024-03-17T17:50:31+00:00","breadcrumb":{"@id":"https:\/\/filles-de-la-charite.org\/pl\/fr-tomaz-mavric-cm-superior-general-visits-the-daughters-of-charity-in-australia-4\/#breadcrumb"},"inLanguage":"pl-PL","potentialAction":[{"@type":"ReadAction","target":["https:\/\/filles-de-la-charite.org\/pl\/fr-tomaz-mavric-cm-superior-general-visits-the-daughters-of-charity-in-australia-4\/"]}]},{"@type":"ImageObject","inLanguage":"pl-PL","@id":"https:\/\/filles-de-la-charite.org\/pl\/fr-tomaz-mavric-cm-superior-general-visits-the-daughters-of-charity-in-australia-4\/#primaryimage","url":"https:\/\/filles-de-la-charite.org\/wp-content\/uploads\/2023\/06\/0316-Australia-5.jpg","contentUrl":"https:\/\/filles-de-la-charite.org\/wp-content\/uploads\/2023\/06\/0316-Australia-5.jpg","width":1280,"height":720},{"@type":"BreadcrumbList","@id":"https:\/\/filles-de-la-charite.org\/pl\/fr-tomaz-mavric-cm-superior-general-visits-the-daughters-of-charity-in-australia-4\/#breadcrumb","itemListElement":[{"@type":"ListItem","position":1,"name":"\u015awi\u0119ta Ludwika \u2013 Azja","item":"https:\/\/filles-de-la-charite.org\/pl\/category\/swieta-ludwika-azja-pl\/"},{"@type":"ListItem","position":2,"name":"Wizyta Prze\u0142o\u017conego Generalnego, O. Toma\u017ea Mavri\u010da CM w Australii"}]},{"@type":"WebSite","@id":"https:\/\/filles-de-la-charite.org\/pl\/#website","url":"https:\/\/filles-de-la-charite.org\/pl\/","name":"Hijas de la Caridad","description":"L\u2019amour de J\u00e9sus nous presse \u00e0 prendre soin des personnes les plus d\u00e9munies","publisher":{"@id":"https:\/\/filles-de-la-charite.org\/pl\/#organization"},"potentialAction":[{"@type":"SearchAction","target":{"@type":"EntryPoint","urlTemplate":"https:\/\/filles-de-la-charite.org\/pl\/?s={search_term_string}"},"query-input":{"@type":"PropertyValueSpecification","valueRequired":true,"valueName":"search_term_string"}}],"inLanguage":"pl-PL"},{"@type":"Organization","@id":"https:\/\/filles-de-la-charite.org\/pl\/#organization","name":"Hijas de la Caridad","url":"https:\/\/filles-de-la-charite.org\/pl\/","logo":{"@type":"ImageObject","inLanguage":"pl-PL","@id":"https:\/\/filles-de-la-charite.org\/pl\/#\/schema\/logo\/image\/","url":"https:\/\/filles-de-la-charite.org\/wp-content\/uploads\/2023\/03\/isotipo-Hijas-de-la-Caridad.png","contentUrl":"https:\/\/filles-de-la-charite.org\/wp-content\/uploads\/2023\/03\/isotipo-Hijas-de-la-Caridad.png","width":1417,"height":1417,"caption":"Hijas de la Caridad"},"image":{"@id":"https:\/\/filles-de-la-charite.org\/pl\/#\/schema\/logo\/image\/"}},{"@type":"Person","@id":"https:\/\/filles-de-la-charite.org\/pl\/#\/schema\/person\/427567b2eccfc2dd7d206da186a1f438","name":"admin","image":{"@type":"ImageObject","inLanguage":"pl-PL","@id":"https:\/\/secure.gravatar.com\/avatar\/948b492cce32b586ac2db0eaa926ee87024f7afe218d73b397ea5ddfc5f43ea1?s=96&d=mm&r=g","url":"https:\/\/secure.gravatar.com\/avatar\/948b492cce32b586ac2db0eaa926ee87024f7afe218d73b397ea5ddfc5f43ea1?s=96&d=mm&r=g","contentUrl":"https:\/\/secure.gravatar.com\/avatar\/948b492cce32b586ac2db0eaa926ee87024f7afe218d73b397ea5ddfc5f43ea1?s=96&d=mm&r=g","caption":"admin"},"sameAs":["https:\/\/filles-de-la-charite.org"],"url":"https:\/\/filles-de-la-charite.org\/pl\/author\/caridad\/"}]}},"_links":{"self":[{"href":"https:\/\/filles-de-la-charite.org\/pl\/wp-json\/wp\/v2\/posts\/23984","targetHints":{"allow":["GET"]}}],"collection":[{"href":"https:\/\/filles-de-la-charite.org\/pl\/wp-json\/wp\/v2\/posts"}],"about":[{"href":"https:\/\/filles-de-la-charite.org\/pl\/wp-json\/wp\/v2\/types\/post"}],"author":[{"embeddable":true,"href":"https:\/\/filles-de-la-charite.org\/pl\/wp-json\/wp\/v2\/users\/1"}],"replies":[{"embeddable":true,"href":"https:\/\/filles-de-la-charite.org\/pl\/wp-json\/wp\/v2\/comments?post=23984"}],"version-history":[{"count":1,"href":"https:\/\/filles-de-la-charite.org\/pl\/wp-json\/wp\/v2\/posts\/23984\/revisions"}],"predecessor-version":[{"id":23986,"href":"https:\/\/filles-de-la-charite.org\/pl\/wp-json\/wp\/v2\/posts\/23984\/revisions\/23986"}],"wp:featuredmedia":[{"embeddable":true,"href":"https:\/\/filles-de-la-charite.org\/pl\/wp-json\/wp\/v2\/media\/14590"}],"wp:attachment":[{"href":"https:\/\/filles-de-la-charite.org\/pl\/wp-json\/wp\/v2\/media?parent=23984"}],"wp:term":[{"taxonomy":"category","embeddable":true,"href":"https:\/\/filles-de-la-charite.org\/pl\/wp-json\/wp\/v2\/categories?post=23984"},{"taxonomy":"post_tag","embeddable":true,"href":"https:\/\/filles-de-la-charite.org\/pl\/wp-json\/wp\/v2\/tags?post=23984"}],"curies":[{"name":"wp","href":"https:\/\/api.w.org\/{rel}","templated":true}]}}