{"id":24067,"date":"2020-04-01T20:39:54","date_gmt":"2020-04-01T18:39:54","guid":{"rendered":"https:\/\/hijascaridad.sjdigitaldemo.ovh\/succession-in-the-company-4\/"},"modified":"2024-03-17T18:50:04","modified_gmt":"2024-03-17T17:50:04","slug":"succession-in-the-company-4","status":"publish","type":"post","link":"https:\/\/filles-de-la-charite.org\/pl\/succession-in-the-company-4\/","title":{"rendered":"Sukcesja w Zgromadzeniu"},"content":{"rendered":"\n<p class=\"has-text-align-center\"><h3 style=\"text-align: center;\"><span style=\"color: #0000ff;\">List Ojca Toma\u017ea Mavri\u010d, CM<\/span> <span style=\"color: #0000ff;\">Prze\u0142o\u017conego Generalnego<\/span> <span style=\"color: #0000ff;\">1 kwietnia 2020<\/span><\/h3> <p style=\"text-align: justify;\">Odej\u015bcie Siostry Kathleen pogr\u0105\u017ca nas wszystkich w smutku, ale niewzruszona wiara w Zmartwychwstanie podtrzymuje w nas nadziej\u0119, \u017ce zn\u00f3w si\u0119 zobaczymy i \u017ce b\u0119dziemy razem na wieki (\u2026) Ka\u017cda dobra organizacja posiada plan sukcesji. Zgromadzenie Si\u00f3str Mi\u0142osierdzia nie jest tu wyj\u0105tkiem. Przewidzia\u0142y to Wasze Konstytucje. Celem niniejszego listu jest poinformowanie Si\u00f3str o dzia\u0142aniach, jakie zosta\u0142y lub b\u0119d\u0105 podj\u0119te w tym zakresie.<\/p> <p style=\"padding-left: 30px;\"><span style=\"color: #0000ff;\">Konstytucja 66g precyzuje: <em>\u201eJej urz\u0105d <\/em>[Prze\u0142o\u017conej Generalnej]<em>wakuje w momencie wyga\u015bni\u0119cia mandatu albo z racji jej \u015bmierci(\u2026) W przypadku zwolnienia urz\u0119du Prze\u0142o\u017conej Generalnej, urz\u0105d sprawuje Asystentka Generalna do najbli\u017cszego Konwentu Generalnego zwyczajnego\u201d.<\/em><\/span><\/p> <p style=\"text-align: justify;\">Wraz ze \u015bmierci\u0105 Siostry Kathleen, Siostra Fran\u00e7oise PETIT, jako Asystentka Generalna, przej\u0119\u0142a t\u0119 funkcj\u0119 i b\u0119dzie j\u0105 pe\u0142ni\u0142a do nast\u0119pnego Konwentu Generalnego, kt\u00f3ry odb\u0119dzie si\u0119 w przysz\u0142ym roku. Ufam, \u017ce otoczycie Siostr\u0119 Fran\u00e7oise takim samym wsparciem i modlitw\u0105, jak otacza\u0142y\u015bcie nimi Siostr\u0119 Kathleen. Siostra Fran\u00e7oise by\u0142a cenn\u0105 pomoc\u0105 dla niej, zw\u0142aszcza w czasie choroby, a teraz liczy na Wasz\u0105 pomoc.<\/p><\/p>\n\n\n\n<figure class=\"wp-block-image size-large\"><img decoding=\"async\" src=\"https:\/\/filles-de-la-charite.org\/wp-content\/uploads\/2023\/06\/Appler-Petite-103-610x406-1.jpg\" alt=\"\" class=\"wp-image-40589\"\/><\/figure>\n\n\n\n<p class=\"has-text-align-center\"> \u00a0 \u00a0 \u00a0 \u00a0 \u00a0Ostatnia wizyta S. Kathleen w Prowincji. W listopadzie 2018, w Sardynii, z S. Fran\u00e7oise[\/caption]<\/p>\n","protected":false},"excerpt":{"rendered":"<p>List Ojca Toma\u017ea Mavri\u010d, CM Prze\u0142o\u017conego Generalnego 1 kwietnia 2020 Odej\u015bcie Siostry Kathleen pogr\u0105\u017ca nas wszystkich w smutku, ale niewzruszona wiara w Zmartwychwstanie podtrzymuje w nas nadziej\u0119, \u017ce zn\u00f3w si\u0119 zobaczymy i \u017ce b\u0119dziemy razem na wieki (\u2026) Ka\u017cda dobra organizacja posiada plan sukcesji. Zgromadzenie Si\u00f3str Mi\u0142osierdzia nie jest tu wyj\u0105tkiem. Przewidzia\u0142y to Wasze Konstytucje. [&hellip;]<\/p>\n","protected":false},"author":1,"featured_media":14623,"comment_status":"closed","ping_status":"closed","sticky":false,"template":"","format":"standard","meta":{"_acf_changed":false,"_et_pb_use_builder":"","_et_pb_old_content":"","_et_gb_content_width":"","footnotes":"","_links_to":"","_links_to_target":""},"categories":[560],"tags":[],"class_list":["post-24067","post","type-post","status-publish","format-standard","has-post-thumbnail","hentry","category-mother-house-pl"],"acf":[],"yoast_head":"<!-- This site is optimized with the Yoast SEO plugin v27.5 - https:\/\/yoast.com\/product\/yoast-seo-wordpress\/ -->\n<title>Sukcesja w Zgromadzeniu - Filles de la Charit\u00e9<\/title>\n<meta name=\"robots\" content=\"index, follow, max-snippet:-1, max-image-preview:large, max-video-preview:-1\" \/>\n<link rel=\"canonical\" href=\"https:\/\/filles-de-la-charite.org\/pl\/succession-in-the-company-4\/\" \/>\n<meta property=\"og:locale\" content=\"pl_PL\" \/>\n<meta property=\"og:type\" content=\"article\" \/>\n<meta property=\"og:title\" content=\"Sukcesja w Zgromadzeniu - Filles de la Charit\u00e9\" \/>\n<meta property=\"og:description\" content=\"List Ojca Toma\u017ea Mavri\u010d, CM Prze\u0142o\u017conego Generalnego 1 kwietnia 2020 Odej\u015bcie Siostry Kathleen pogr\u0105\u017ca nas wszystkich w smutku, ale niewzruszona wiara w Zmartwychwstanie podtrzymuje w nas nadziej\u0119, \u017ce zn\u00f3w si\u0119 zobaczymy i \u017ce b\u0119dziemy razem na wieki (\u2026) Ka\u017cda dobra organizacja posiada plan sukcesji. Zgromadzenie Si\u00f3str Mi\u0142osierdzia nie jest tu wyj\u0105tkiem. Przewidzia\u0142y to Wasze Konstytucje. [&hellip;]\" \/>\n<meta property=\"og:url\" content=\"https:\/\/filles-de-la-charite.org\/pl\/succession-in-the-company-4\/\" \/>\n<meta property=\"og:site_name\" content=\"Filles de la Charit\u00e9\" \/>\n<meta property=\"article:published_time\" content=\"2020-04-01T18:39:54+00:00\" \/>\n<meta property=\"article:modified_time\" content=\"2024-03-17T17:50:04+00:00\" \/>\n<meta property=\"og:image\" content=\"https:\/\/filles-de-la-charite.org\/wp-content\/uploads\/2023\/06\/Appler-Petite-103.jpg\" \/>\n\t<meta property=\"og:image:width\" content=\"1441\" \/>\n\t<meta property=\"og:image:height\" content=\"960\" \/>\n\t<meta property=\"og:image:type\" content=\"image\/jpeg\" \/>\n<meta name=\"author\" content=\"admin\" \/>\n<meta name=\"twitter:card\" content=\"summary_large_image\" \/>\n<meta name=\"twitter:label1\" content=\"Napisane przez\" \/>\n\t<meta name=\"twitter:data1\" content=\"admin\" \/>\n\t<meta name=\"twitter:label2\" content=\"Szacowany czas czytania\" \/>\n\t<meta name=\"twitter:data2\" content=\"1 minuta\" \/>\n<script type=\"application\/ld+json\" class=\"yoast-schema-graph\">{\"@context\":\"https:\\\/\\\/schema.org\",\"@graph\":[{\"@type\":\"Article\",\"@id\":\"https:\\\/\\\/filles-de-la-charite.org\\\/pl\\\/succession-in-the-company-4\\\/#article\",\"isPartOf\":{\"@id\":\"https:\\\/\\\/filles-de-la-charite.org\\\/pl\\\/succession-in-the-company-4\\\/\"},\"author\":{\"name\":\"admin\",\"@id\":\"https:\\\/\\\/filles-de-la-charite.org\\\/pl\\\/#\\\/schema\\\/person\\\/427567b2eccfc2dd7d206da186a1f438\"},\"headline\":\"Sukcesja w Zgromadzeniu\",\"datePublished\":\"2020-04-01T18:39:54+00:00\",\"dateModified\":\"2024-03-17T17:50:04+00:00\",\"mainEntityOfPage\":{\"@id\":\"https:\\\/\\\/filles-de-la-charite.org\\\/pl\\\/succession-in-the-company-4\\\/\"},\"wordCount\":220,\"publisher\":{\"@id\":\"https:\\\/\\\/filles-de-la-charite.org\\\/pl\\\/#organization\"},\"image\":{\"@id\":\"https:\\\/\\\/filles-de-la-charite.org\\\/pl\\\/succession-in-the-company-4\\\/#primaryimage\"},\"thumbnailUrl\":\"https:\\\/\\\/filles-de-la-charite.org\\\/wp-content\\\/uploads\\\/2023\\\/06\\\/Appler-Petite-103.jpg\",\"articleSection\":[\"Dom Macierzysty\"],\"inLanguage\":\"pl-PL\"},{\"@type\":\"WebPage\",\"@id\":\"https:\\\/\\\/filles-de-la-charite.org\\\/pl\\\/succession-in-the-company-4\\\/\",\"url\":\"https:\\\/\\\/filles-de-la-charite.org\\\/pl\\\/succession-in-the-company-4\\\/\",\"name\":\"Sukcesja w Zgromadzeniu - Filles de la Charit\u00e9\",\"isPartOf\":{\"@id\":\"https:\\\/\\\/filles-de-la-charite.org\\\/pl\\\/#website\"},\"primaryImageOfPage\":{\"@id\":\"https:\\\/\\\/filles-de-la-charite.org\\\/pl\\\/succession-in-the-company-4\\\/#primaryimage\"},\"image\":{\"@id\":\"https:\\\/\\\/filles-de-la-charite.org\\\/pl\\\/succession-in-the-company-4\\\/#primaryimage\"},\"thumbnailUrl\":\"https:\\\/\\\/filles-de-la-charite.org\\\/wp-content\\\/uploads\\\/2023\\\/06\\\/Appler-Petite-103.jpg\",\"datePublished\":\"2020-04-01T18:39:54+00:00\",\"dateModified\":\"2024-03-17T17:50:04+00:00\",\"breadcrumb\":{\"@id\":\"https:\\\/\\\/filles-de-la-charite.org\\\/pl\\\/succession-in-the-company-4\\\/#breadcrumb\"},\"inLanguage\":\"pl-PL\",\"potentialAction\":[{\"@type\":\"ReadAction\",\"target\":[\"https:\\\/\\\/filles-de-la-charite.org\\\/pl\\\/succession-in-the-company-4\\\/\"]}]},{\"@type\":\"ImageObject\",\"inLanguage\":\"pl-PL\",\"@id\":\"https:\\\/\\\/filles-de-la-charite.org\\\/pl\\\/succession-in-the-company-4\\\/#primaryimage\",\"url\":\"https:\\\/\\\/filles-de-la-charite.org\\\/wp-content\\\/uploads\\\/2023\\\/06\\\/Appler-Petite-103.jpg\",\"contentUrl\":\"https:\\\/\\\/filles-de-la-charite.org\\\/wp-content\\\/uploads\\\/2023\\\/06\\\/Appler-Petite-103.jpg\",\"width\":1441,\"height\":960},{\"@type\":\"BreadcrumbList\",\"@id\":\"https:\\\/\\\/filles-de-la-charite.org\\\/pl\\\/succession-in-the-company-4\\\/#breadcrumb\",\"itemListElement\":[{\"@type\":\"ListItem\",\"position\":1,\"name\":\"Warszawa - Polska\",\"item\":\"https:\\\/\\\/filles-de-la-charite.org\\\/pl\\\/category\\\/warszawa-polska-pl\\\/\"},{\"@type\":\"ListItem\",\"position\":2,\"name\":\"Sukcesja w Zgromadzeniu\"}]},{\"@type\":\"WebSite\",\"@id\":\"https:\\\/\\\/filles-de-la-charite.org\\\/pl\\\/#website\",\"url\":\"https:\\\/\\\/filles-de-la-charite.org\\\/pl\\\/\",\"name\":\"Hijas de la Caridad\",\"description\":\"L\u2019amour de J\u00e9sus nous presse \u00e0 prendre soin des personnes les plus d\u00e9munies\",\"publisher\":{\"@id\":\"https:\\\/\\\/filles-de-la-charite.org\\\/pl\\\/#organization\"},\"potentialAction\":[{\"@type\":\"SearchAction\",\"target\":{\"@type\":\"EntryPoint\",\"urlTemplate\":\"https:\\\/\\\/filles-de-la-charite.org\\\/pl\\\/?s={search_term_string}\"},\"query-input\":{\"@type\":\"PropertyValueSpecification\",\"valueRequired\":true,\"valueName\":\"search_term_string\"}}],\"inLanguage\":\"pl-PL\"},{\"@type\":\"Organization\",\"@id\":\"https:\\\/\\\/filles-de-la-charite.org\\\/pl\\\/#organization\",\"name\":\"Hijas de la Caridad\",\"url\":\"https:\\\/\\\/filles-de-la-charite.org\\\/pl\\\/\",\"logo\":{\"@type\":\"ImageObject\",\"inLanguage\":\"pl-PL\",\"@id\":\"https:\\\/\\\/filles-de-la-charite.org\\\/pl\\\/#\\\/schema\\\/logo\\\/image\\\/\",\"url\":\"https:\\\/\\\/filles-de-la-charite.org\\\/wp-content\\\/uploads\\\/2023\\\/03\\\/isotipo-Hijas-de-la-Caridad.png\",\"contentUrl\":\"https:\\\/\\\/filles-de-la-charite.org\\\/wp-content\\\/uploads\\\/2023\\\/03\\\/isotipo-Hijas-de-la-Caridad.png\",\"width\":1417,\"height\":1417,\"caption\":\"Hijas de la Caridad\"},\"image\":{\"@id\":\"https:\\\/\\\/filles-de-la-charite.org\\\/pl\\\/#\\\/schema\\\/logo\\\/image\\\/\"}},{\"@type\":\"Person\",\"@id\":\"https:\\\/\\\/filles-de-la-charite.org\\\/pl\\\/#\\\/schema\\\/person\\\/427567b2eccfc2dd7d206da186a1f438\",\"name\":\"admin\",\"image\":{\"@type\":\"ImageObject\",\"inLanguage\":\"pl-PL\",\"@id\":\"https:\\\/\\\/secure.gravatar.com\\\/avatar\\\/948b492cce32b586ac2db0eaa926ee87024f7afe218d73b397ea5ddfc5f43ea1?s=96&d=mm&r=g\",\"url\":\"https:\\\/\\\/secure.gravatar.com\\\/avatar\\\/948b492cce32b586ac2db0eaa926ee87024f7afe218d73b397ea5ddfc5f43ea1?s=96&d=mm&r=g\",\"contentUrl\":\"https:\\\/\\\/secure.gravatar.com\\\/avatar\\\/948b492cce32b586ac2db0eaa926ee87024f7afe218d73b397ea5ddfc5f43ea1?s=96&d=mm&r=g\",\"caption\":\"admin\"},\"sameAs\":[\"https:\\\/\\\/filles-de-la-charite.org\"],\"url\":\"https:\\\/\\\/filles-de-la-charite.org\\\/pl\\\/author\\\/caridad\\\/\"}]}<\/script>\n<!-- \/ Yoast SEO plugin. -->","yoast_head_json":{"title":"Sukcesja w Zgromadzeniu - Filles de la Charit\u00e9","robots":{"index":"index","follow":"follow","max-snippet":"max-snippet:-1","max-image-preview":"max-image-preview:large","max-video-preview":"max-video-preview:-1"},"canonical":"https:\/\/filles-de-la-charite.org\/pl\/succession-in-the-company-4\/","og_locale":"pl_PL","og_type":"article","og_title":"Sukcesja w Zgromadzeniu - Filles de la Charit\u00e9","og_description":"List Ojca Toma\u017ea Mavri\u010d, CM Prze\u0142o\u017conego Generalnego 1 kwietnia 2020 Odej\u015bcie Siostry Kathleen pogr\u0105\u017ca nas wszystkich w smutku, ale niewzruszona wiara w Zmartwychwstanie podtrzymuje w nas nadziej\u0119, \u017ce zn\u00f3w si\u0119 zobaczymy i \u017ce b\u0119dziemy razem na wieki (\u2026) Ka\u017cda dobra organizacja posiada plan sukcesji. Zgromadzenie Si\u00f3str Mi\u0142osierdzia nie jest tu wyj\u0105tkiem. Przewidzia\u0142y to Wasze Konstytucje. [&hellip;]","og_url":"https:\/\/filles-de-la-charite.org\/pl\/succession-in-the-company-4\/","og_site_name":"Filles de la Charit\u00e9","article_published_time":"2020-04-01T18:39:54+00:00","article_modified_time":"2024-03-17T17:50:04+00:00","og_image":[{"width":1441,"height":960,"url":"https:\/\/filles-de-la-charite.org\/wp-content\/uploads\/2023\/06\/Appler-Petite-103.jpg","type":"image\/jpeg"}],"author":"admin","twitter_card":"summary_large_image","twitter_misc":{"Napisane przez":"admin","Szacowany czas czytania":"1 minuta"},"schema":{"@context":"https:\/\/schema.org","@graph":[{"@type":"Article","@id":"https:\/\/filles-de-la-charite.org\/pl\/succession-in-the-company-4\/#article","isPartOf":{"@id":"https:\/\/filles-de-la-charite.org\/pl\/succession-in-the-company-4\/"},"author":{"name":"admin","@id":"https:\/\/filles-de-la-charite.org\/pl\/#\/schema\/person\/427567b2eccfc2dd7d206da186a1f438"},"headline":"Sukcesja w Zgromadzeniu","datePublished":"2020-04-01T18:39:54+00:00","dateModified":"2024-03-17T17:50:04+00:00","mainEntityOfPage":{"@id":"https:\/\/filles-de-la-charite.org\/pl\/succession-in-the-company-4\/"},"wordCount":220,"publisher":{"@id":"https:\/\/filles-de-la-charite.org\/pl\/#organization"},"image":{"@id":"https:\/\/filles-de-la-charite.org\/pl\/succession-in-the-company-4\/#primaryimage"},"thumbnailUrl":"https:\/\/filles-de-la-charite.org\/wp-content\/uploads\/2023\/06\/Appler-Petite-103.jpg","articleSection":["Dom Macierzysty"],"inLanguage":"pl-PL"},{"@type":"WebPage","@id":"https:\/\/filles-de-la-charite.org\/pl\/succession-in-the-company-4\/","url":"https:\/\/filles-de-la-charite.org\/pl\/succession-in-the-company-4\/","name":"Sukcesja w Zgromadzeniu - Filles de la Charit\u00e9","isPartOf":{"@id":"https:\/\/filles-de-la-charite.org\/pl\/#website"},"primaryImageOfPage":{"@id":"https:\/\/filles-de-la-charite.org\/pl\/succession-in-the-company-4\/#primaryimage"},"image":{"@id":"https:\/\/filles-de-la-charite.org\/pl\/succession-in-the-company-4\/#primaryimage"},"thumbnailUrl":"https:\/\/filles-de-la-charite.org\/wp-content\/uploads\/2023\/06\/Appler-Petite-103.jpg","datePublished":"2020-04-01T18:39:54+00:00","dateModified":"2024-03-17T17:50:04+00:00","breadcrumb":{"@id":"https:\/\/filles-de-la-charite.org\/pl\/succession-in-the-company-4\/#breadcrumb"},"inLanguage":"pl-PL","potentialAction":[{"@type":"ReadAction","target":["https:\/\/filles-de-la-charite.org\/pl\/succession-in-the-company-4\/"]}]},{"@type":"ImageObject","inLanguage":"pl-PL","@id":"https:\/\/filles-de-la-charite.org\/pl\/succession-in-the-company-4\/#primaryimage","url":"https:\/\/filles-de-la-charite.org\/wp-content\/uploads\/2023\/06\/Appler-Petite-103.jpg","contentUrl":"https:\/\/filles-de-la-charite.org\/wp-content\/uploads\/2023\/06\/Appler-Petite-103.jpg","width":1441,"height":960},{"@type":"BreadcrumbList","@id":"https:\/\/filles-de-la-charite.org\/pl\/succession-in-the-company-4\/#breadcrumb","itemListElement":[{"@type":"ListItem","position":1,"name":"Warszawa - Polska","item":"https:\/\/filles-de-la-charite.org\/pl\/category\/warszawa-polska-pl\/"},{"@type":"ListItem","position":2,"name":"Sukcesja w Zgromadzeniu"}]},{"@type":"WebSite","@id":"https:\/\/filles-de-la-charite.org\/pl\/#website","url":"https:\/\/filles-de-la-charite.org\/pl\/","name":"Hijas de la Caridad","description":"L\u2019amour de J\u00e9sus nous presse \u00e0 prendre soin des personnes les plus d\u00e9munies","publisher":{"@id":"https:\/\/filles-de-la-charite.org\/pl\/#organization"},"potentialAction":[{"@type":"SearchAction","target":{"@type":"EntryPoint","urlTemplate":"https:\/\/filles-de-la-charite.org\/pl\/?s={search_term_string}"},"query-input":{"@type":"PropertyValueSpecification","valueRequired":true,"valueName":"search_term_string"}}],"inLanguage":"pl-PL"},{"@type":"Organization","@id":"https:\/\/filles-de-la-charite.org\/pl\/#organization","name":"Hijas de la Caridad","url":"https:\/\/filles-de-la-charite.org\/pl\/","logo":{"@type":"ImageObject","inLanguage":"pl-PL","@id":"https:\/\/filles-de-la-charite.org\/pl\/#\/schema\/logo\/image\/","url":"https:\/\/filles-de-la-charite.org\/wp-content\/uploads\/2023\/03\/isotipo-Hijas-de-la-Caridad.png","contentUrl":"https:\/\/filles-de-la-charite.org\/wp-content\/uploads\/2023\/03\/isotipo-Hijas-de-la-Caridad.png","width":1417,"height":1417,"caption":"Hijas de la Caridad"},"image":{"@id":"https:\/\/filles-de-la-charite.org\/pl\/#\/schema\/logo\/image\/"}},{"@type":"Person","@id":"https:\/\/filles-de-la-charite.org\/pl\/#\/schema\/person\/427567b2eccfc2dd7d206da186a1f438","name":"admin","image":{"@type":"ImageObject","inLanguage":"pl-PL","@id":"https:\/\/secure.gravatar.com\/avatar\/948b492cce32b586ac2db0eaa926ee87024f7afe218d73b397ea5ddfc5f43ea1?s=96&d=mm&r=g","url":"https:\/\/secure.gravatar.com\/avatar\/948b492cce32b586ac2db0eaa926ee87024f7afe218d73b397ea5ddfc5f43ea1?s=96&d=mm&r=g","contentUrl":"https:\/\/secure.gravatar.com\/avatar\/948b492cce32b586ac2db0eaa926ee87024f7afe218d73b397ea5ddfc5f43ea1?s=96&d=mm&r=g","caption":"admin"},"sameAs":["https:\/\/filles-de-la-charite.org"],"url":"https:\/\/filles-de-la-charite.org\/pl\/author\/caridad\/"}]}},"_links":{"self":[{"href":"https:\/\/filles-de-la-charite.org\/pl\/wp-json\/wp\/v2\/posts\/24067","targetHints":{"allow":["GET"]}}],"collection":[{"href":"https:\/\/filles-de-la-charite.org\/pl\/wp-json\/wp\/v2\/posts"}],"about":[{"href":"https:\/\/filles-de-la-charite.org\/pl\/wp-json\/wp\/v2\/types\/post"}],"author":[{"embeddable":true,"href":"https:\/\/filles-de-la-charite.org\/pl\/wp-json\/wp\/v2\/users\/1"}],"replies":[{"embeddable":true,"href":"https:\/\/filles-de-la-charite.org\/pl\/wp-json\/wp\/v2\/comments?post=24067"}],"version-history":[{"count":1,"href":"https:\/\/filles-de-la-charite.org\/pl\/wp-json\/wp\/v2\/posts\/24067\/revisions"}],"predecessor-version":[{"id":24070,"href":"https:\/\/filles-de-la-charite.org\/pl\/wp-json\/wp\/v2\/posts\/24067\/revisions\/24070"}],"wp:featuredmedia":[{"embeddable":true,"href":"https:\/\/filles-de-la-charite.org\/pl\/wp-json\/wp\/v2\/media\/14623"}],"wp:attachment":[{"href":"https:\/\/filles-de-la-charite.org\/pl\/wp-json\/wp\/v2\/media?parent=24067"}],"wp:term":[{"taxonomy":"category","embeddable":true,"href":"https:\/\/filles-de-la-charite.org\/pl\/wp-json\/wp\/v2\/categories?post=24067"},{"taxonomy":"post_tag","embeddable":true,"href":"https:\/\/filles-de-la-charite.org\/pl\/wp-json\/wp\/v2\/tags?post=24067"}],"curies":[{"name":"wp","href":"https:\/\/api.w.org\/{rel}","templated":true}]}}