{"id":24074,"date":"2020-04-06T07:03:09","date_gmt":"2020-04-06T05:03:09","guid":{"rendered":"https:\/\/hijascaridad.sjdigitaldemo.ovh\/first-vincentian-formation-session-for-the-daughters-of-charity-of-brazil-4\/"},"modified":"2024-03-17T18:49:51","modified_gmt":"2024-03-17T17:49:51","slug":"first-vincentian-formation-session-for-the-daughters-of-charity-of-brazil-4","status":"publish","type":"post","link":"https:\/\/filles-de-la-charite.org\/pl\/first-vincentian-formation-session-for-the-daughters-of-charity-of-brazil-4\/","title":{"rendered":"Pierwsza Sesja Formacji Wincenty\u0144skiej dla Si\u00f3str Mi\u0142osierdzia w Brazylii"},"content":{"rendered":"\n<p><p style=\"text-align: justify;\">WIELBI DUSZA MOJA PANA! Tak, Magnificat za t\u0119 b\u0142ogos\u0142awion\u0105 inspiracj\u0119 do zorganizowania intensywnej sesji formacji wincenty\u0144skiej, kt\u00f3ra zgromadzi\u0142a wszystkie Prowincje Si\u00f3str Mi\u0142osierdzia Brazylii.<\/p> <p style=\"text-align: justify;\">Sesja Formacji Wincenty\u0144skiej dla Si\u00f3str Mi\u0142osierdzia \u015bw. Wincentego a Paulo z sze\u015bciu Prowincji Brazylii odby\u0142a si\u0119 w Rio de Janeiro od 1 lipca do 3 sierpnia 2019 roku. By\u0142 to czas dzielenia si\u0119, studiowania, o\u017cywiania charyzmatu wincenty\u0144skiego, ponownego odkrywania, poznawania, spotka\u0144\u2026 Niech B\u00f3g b\u0119dzie b\u0142ogos\u0142awiony! By\u0142a to inicjatywa o\u015bwiecona przez Ducha \u015awi\u0119tego i prowadzona przez Matczyn\u0105 obecno\u015b\u0107 Naj\u015bwi\u0119tszej Maryi Panny.<\/p> <p style=\"text-align: justify;\">Formacja mia\u0142a na celu o\u017cywienie naszej mi\u0142o\u015bci do Jezusa Chrystusa w osobie Ubogich, o\u017cywienie charyzmatu i naszego poczucia przynale\u017cno\u015bci do Zgromadzenia. Mia\u0142a tak\u017ce nam pom\u00f3c g\u0142\u0119biej zakorzeni\u0107 si\u0119 w naszym dziedzictwie wincenty\u0144skim, aby bardziej \u017cy\u0107 w wierno\u015bci i autentyczno\u015bci powo\u0142ania jako S\u0142u\u017cebnic i aby otworzy\u0107 drog\u0119 ku przysz\u0142o\u015bci, kt\u00f3r\u0105 o\u015bwieca Jezus Chrystus. Sesja faktycznie rozpocz\u0119\u0142a si\u0119 w maju 2018 roku, kiedy Siostry Wizytatorki spotka\u0142y si\u0119 w Domu Macierzystym w Pary\u017cu; modli\u0142y si\u0119 o rozeznanie pomys\u0142u i przedstawi\u0142y go Bogu. Nast\u0119pnie zosta\u0142y zaplanowane i przemy\u015blane szczeg\u00f3\u0142y oraz przekazane Siostrom Wizytatorkom, kt\u00f3re wyst\u0105pi\u0142y z pro\u015bb\u0105 do Rady Generalnej o zgod\u0119. Tak powsta\u0142a Pierwsza Sesja Formacji Wincenty\u0144skiej w Brazylii. Temat brzmia\u0142: \u201eOto nasze powo\u0142anie: BYCIE LUD\u0179MI BOGA I S\u0141U\u017bEBNICAMI NASZYCH BRACI I SI\u00d3STR\u201d. Po pierwsze, jeste\u015bmy powo\u0142ane do u\u015bwiadomienia sobie Bo\u017cego \u017cycia w nas; nast\u0119pnie jeste\u015bmy zaproszone, aby przyj\u0105\u0107 pozycj\u0119 uczenia si\u0119 poprzez studiowanie i modlitw\u0119 oraz pozwoli\u0107 Mistrzowi umy\u0107 nam nogi, aby\u015bmy mog\u0142y przyj\u0105\u0107 Ducha \u015awi\u0119tego i Go na\u015bladowa\u0107. Naszym prawdziwym powo\u0142aniem jest s\u0142u\u017cenie, dlatego WYCHODZIMY, aby spotka\u0107 si\u0119 z naszymi bra\u0107mi i siostrami, szczeg\u00f3lnie tymi najbardziej potrzebuj\u0105cymi, i aby s\u0142u\u017cy\u0107 im z mi\u0142o\u015bci\u0105.<\/p> <p style=\"text-align: justify;\">Wyra\u017camy nasz\u0105 wdzi\u0119czno\u015b\u0107 dla Matki Kathleen Appler i Rady Generalnej, dla Zespo\u0142u Organizacyjnego, Si\u00f3str Wizytatorek i ich Rad Prowincjalnych, Dyrektor\u00f3w Prowincjalnych i wszystkich innych os\u00f3b zaanga\u017cowanych, kt\u00f3re sprawi\u0142y, aby Pierwsza Sesja Formacji Wincenty\u0144skiej Si\u00f3str Mi\u0142osierdzia w Brazylii nabra\u0142a g\u0142\u0119bokiego znaczenia.<\/p> <p style=\"text-align: right;\"><em><span style=\"color: #333399;\">S. Faride Pereira Dutra - Prowincja Rio de Janeiro - Brazylia<\/span><\/em><\/p> <img loading=\"lazy\" decoding=\"async\" width=\"720\" height=\"514\" class=\"aligncenter size-full wp-image-40744\" src=\"https:\/\/filles-de-la-charite.org\/wp-content\/uploads\/2023\/06\/200306-Brazil-1.jpg\" alt=\"\"><\/p>\n","protected":false},"excerpt":{"rendered":"<p>WIELBI DUSZA MOJA PANA! Tak, Magnificat za t\u0119 b\u0142ogos\u0142awion\u0105 inspiracj\u0119 do zorganizowania intensywnej sesji formacji wincenty\u0144skiej, kt\u00f3ra zgromadzi\u0142a wszystkie Prowincje Si\u00f3str Mi\u0142osierdzia Brazylii. Sesja Formacji Wincenty\u0144skiej dla Si\u00f3str Mi\u0142osierdzia \u015bw. Wincentego a Paulo z sze\u015bciu Prowincji Brazylii odby\u0142a si\u0119 w Rio de Janeiro od 1 lipca do 3 sierpnia 2019 roku. By\u0142 to czas dzielenia [&hellip;]<\/p>\n","protected":false},"author":1,"featured_media":14638,"comment_status":"closed","ping_status":"closed","sticky":false,"template":"","format":"standard","meta":{"_acf_changed":false,"footnotes":"","_links_to":"","_links_to_target":""},"categories":[669],"tags":[],"class_list":["post-24074","post","type-post","status-publish","format-standard","has-post-thumbnail","hentry","category-rio-de-janeiro-brazylia-pl"],"acf":[],"yoast_head":"<!-- This site is optimized with the Yoast SEO plugin v27.5 - https:\/\/yoast.com\/product\/yoast-seo-wordpress\/ -->\n<title>Pierwsza Sesja Formacji Wincenty\u0144skiej dla Si\u00f3str Mi\u0142osierdzia w Brazylii - Filles de la Charit\u00e9<\/title>\n<meta name=\"robots\" content=\"index, follow, max-snippet:-1, max-image-preview:large, max-video-preview:-1\" \/>\n<link rel=\"canonical\" href=\"https:\/\/filles-de-la-charite.org\/pl\/first-vincentian-formation-session-for-the-daughters-of-charity-of-brazil-4\/\" \/>\n<meta property=\"og:locale\" content=\"pl_PL\" \/>\n<meta property=\"og:type\" content=\"article\" \/>\n<meta property=\"og:title\" content=\"Pierwsza Sesja Formacji Wincenty\u0144skiej dla Si\u00f3str Mi\u0142osierdzia w Brazylii - Filles de la Charit\u00e9\" \/>\n<meta property=\"og:description\" content=\"WIELBI DUSZA MOJA PANA! Tak, Magnificat za t\u0119 b\u0142ogos\u0142awion\u0105 inspiracj\u0119 do zorganizowania intensywnej sesji formacji wincenty\u0144skiej, kt\u00f3ra zgromadzi\u0142a wszystkie Prowincje Si\u00f3str Mi\u0142osierdzia Brazylii. Sesja Formacji Wincenty\u0144skiej dla Si\u00f3str Mi\u0142osierdzia \u015bw. Wincentego a Paulo z sze\u015bciu Prowincji Brazylii odby\u0142a si\u0119 w Rio de Janeiro od 1 lipca do 3 sierpnia 2019 roku. By\u0142 to czas dzielenia [&hellip;]\" \/>\n<meta property=\"og:url\" content=\"https:\/\/filles-de-la-charite.org\/pl\/first-vincentian-formation-session-for-the-daughters-of-charity-of-brazil-4\/\" \/>\n<meta property=\"og:site_name\" content=\"Filles de la Charit\u00e9\" \/>\n<meta property=\"article:published_time\" content=\"2020-04-06T05:03:09+00:00\" \/>\n<meta property=\"article:modified_time\" content=\"2024-03-17T17:49:51+00:00\" \/>\n<meta property=\"og:image\" content=\"https:\/\/filles-de-la-charite.org\/wp-content\/uploads\/2023\/06\/200406-Brazil-ftd.jpg\" \/>\n\t<meta property=\"og:image:width\" content=\"1200\" \/>\n\t<meta property=\"og:image:height\" content=\"630\" \/>\n\t<meta property=\"og:image:type\" content=\"image\/jpeg\" \/>\n<meta name=\"author\" content=\"admin\" \/>\n<meta name=\"twitter:card\" content=\"summary_large_image\" \/>\n<meta name=\"twitter:label1\" content=\"Napisane przez\" \/>\n\t<meta name=\"twitter:data1\" content=\"admin\" \/>\n\t<meta name=\"twitter:label2\" content=\"Szacowany czas czytania\" \/>\n\t<meta name=\"twitter:data2\" content=\"2 minuty\" \/>\n<script type=\"application\/ld+json\" class=\"yoast-schema-graph\">{\"@context\":\"https:\\\/\\\/schema.org\",\"@graph\":[{\"@type\":\"Article\",\"@id\":\"https:\\\/\\\/filles-de-la-charite.org\\\/pl\\\/first-vincentian-formation-session-for-the-daughters-of-charity-of-brazil-4\\\/#article\",\"isPartOf\":{\"@id\":\"https:\\\/\\\/filles-de-la-charite.org\\\/pl\\\/first-vincentian-formation-session-for-the-daughters-of-charity-of-brazil-4\\\/\"},\"author\":{\"name\":\"admin\",\"@id\":\"https:\\\/\\\/filles-de-la-charite.org\\\/pl\\\/#\\\/schema\\\/person\\\/427567b2eccfc2dd7d206da186a1f438\"},\"headline\":\"Pierwsza Sesja Formacji Wincenty\u0144skiej dla Si\u00f3str Mi\u0142osierdzia w Brazylii\",\"datePublished\":\"2020-04-06T05:03:09+00:00\",\"dateModified\":\"2024-03-17T17:49:51+00:00\",\"mainEntityOfPage\":{\"@id\":\"https:\\\/\\\/filles-de-la-charite.org\\\/pl\\\/first-vincentian-formation-session-for-the-daughters-of-charity-of-brazil-4\\\/\"},\"wordCount\":423,\"publisher\":{\"@id\":\"https:\\\/\\\/filles-de-la-charite.org\\\/pl\\\/#organization\"},\"image\":{\"@id\":\"https:\\\/\\\/filles-de-la-charite.org\\\/pl\\\/first-vincentian-formation-session-for-the-daughters-of-charity-of-brazil-4\\\/#primaryimage\"},\"thumbnailUrl\":\"https:\\\/\\\/filles-de-la-charite.org\\\/wp-content\\\/uploads\\\/2023\\\/06\\\/200406-Brazil-ftd.jpg\",\"articleSection\":[\"Rio de Janeiro - Brazylia\"],\"inLanguage\":\"pl-PL\"},{\"@type\":\"WebPage\",\"@id\":\"https:\\\/\\\/filles-de-la-charite.org\\\/pl\\\/first-vincentian-formation-session-for-the-daughters-of-charity-of-brazil-4\\\/\",\"url\":\"https:\\\/\\\/filles-de-la-charite.org\\\/pl\\\/first-vincentian-formation-session-for-the-daughters-of-charity-of-brazil-4\\\/\",\"name\":\"Pierwsza Sesja Formacji Wincenty\u0144skiej dla Si\u00f3str Mi\u0142osierdzia w Brazylii - Filles de la Charit\u00e9\",\"isPartOf\":{\"@id\":\"https:\\\/\\\/filles-de-la-charite.org\\\/pl\\\/#website\"},\"primaryImageOfPage\":{\"@id\":\"https:\\\/\\\/filles-de-la-charite.org\\\/pl\\\/first-vincentian-formation-session-for-the-daughters-of-charity-of-brazil-4\\\/#primaryimage\"},\"image\":{\"@id\":\"https:\\\/\\\/filles-de-la-charite.org\\\/pl\\\/first-vincentian-formation-session-for-the-daughters-of-charity-of-brazil-4\\\/#primaryimage\"},\"thumbnailUrl\":\"https:\\\/\\\/filles-de-la-charite.org\\\/wp-content\\\/uploads\\\/2023\\\/06\\\/200406-Brazil-ftd.jpg\",\"datePublished\":\"2020-04-06T05:03:09+00:00\",\"dateModified\":\"2024-03-17T17:49:51+00:00\",\"breadcrumb\":{\"@id\":\"https:\\\/\\\/filles-de-la-charite.org\\\/pl\\\/first-vincentian-formation-session-for-the-daughters-of-charity-of-brazil-4\\\/#breadcrumb\"},\"inLanguage\":\"pl-PL\",\"potentialAction\":[{\"@type\":\"ReadAction\",\"target\":[\"https:\\\/\\\/filles-de-la-charite.org\\\/pl\\\/first-vincentian-formation-session-for-the-daughters-of-charity-of-brazil-4\\\/\"]}]},{\"@type\":\"ImageObject\",\"inLanguage\":\"pl-PL\",\"@id\":\"https:\\\/\\\/filles-de-la-charite.org\\\/pl\\\/first-vincentian-formation-session-for-the-daughters-of-charity-of-brazil-4\\\/#primaryimage\",\"url\":\"https:\\\/\\\/filles-de-la-charite.org\\\/wp-content\\\/uploads\\\/2023\\\/06\\\/200406-Brazil-ftd.jpg\",\"contentUrl\":\"https:\\\/\\\/filles-de-la-charite.org\\\/wp-content\\\/uploads\\\/2023\\\/06\\\/200406-Brazil-ftd.jpg\",\"width\":1200,\"height\":630},{\"@type\":\"BreadcrumbList\",\"@id\":\"https:\\\/\\\/filles-de-la-charite.org\\\/pl\\\/first-vincentian-formation-session-for-the-daughters-of-charity-of-brazil-4\\\/#breadcrumb\",\"itemListElement\":[{\"@type\":\"ListItem\",\"position\":1,\"name\":\"Belo Horizonte - Brazylia\",\"item\":\"https:\\\/\\\/filles-de-la-charite.org\\\/pl\\\/category\\\/belo-horizonte-brazylia-pl\\\/\"},{\"@type\":\"ListItem\",\"position\":2,\"name\":\"Pierwsza Sesja Formacji Wincenty\u0144skiej dla Si\u00f3str Mi\u0142osierdzia w Brazylii\"}]},{\"@type\":\"WebSite\",\"@id\":\"https:\\\/\\\/filles-de-la-charite.org\\\/pl\\\/#website\",\"url\":\"https:\\\/\\\/filles-de-la-charite.org\\\/pl\\\/\",\"name\":\"Hijas de la Caridad\",\"description\":\"L\u2019amour de J\u00e9sus nous presse \u00e0 prendre soin des personnes les plus d\u00e9munies\",\"publisher\":{\"@id\":\"https:\\\/\\\/filles-de-la-charite.org\\\/pl\\\/#organization\"},\"potentialAction\":[{\"@type\":\"SearchAction\",\"target\":{\"@type\":\"EntryPoint\",\"urlTemplate\":\"https:\\\/\\\/filles-de-la-charite.org\\\/pl\\\/?s={search_term_string}\"},\"query-input\":{\"@type\":\"PropertyValueSpecification\",\"valueRequired\":true,\"valueName\":\"search_term_string\"}}],\"inLanguage\":\"pl-PL\"},{\"@type\":\"Organization\",\"@id\":\"https:\\\/\\\/filles-de-la-charite.org\\\/pl\\\/#organization\",\"name\":\"Hijas de la Caridad\",\"url\":\"https:\\\/\\\/filles-de-la-charite.org\\\/pl\\\/\",\"logo\":{\"@type\":\"ImageObject\",\"inLanguage\":\"pl-PL\",\"@id\":\"https:\\\/\\\/filles-de-la-charite.org\\\/pl\\\/#\\\/schema\\\/logo\\\/image\\\/\",\"url\":\"https:\\\/\\\/filles-de-la-charite.org\\\/wp-content\\\/uploads\\\/2023\\\/03\\\/isotipo-Hijas-de-la-Caridad.png\",\"contentUrl\":\"https:\\\/\\\/filles-de-la-charite.org\\\/wp-content\\\/uploads\\\/2023\\\/03\\\/isotipo-Hijas-de-la-Caridad.png\",\"width\":1417,\"height\":1417,\"caption\":\"Hijas de la Caridad\"},\"image\":{\"@id\":\"https:\\\/\\\/filles-de-la-charite.org\\\/pl\\\/#\\\/schema\\\/logo\\\/image\\\/\"}},{\"@type\":\"Person\",\"@id\":\"https:\\\/\\\/filles-de-la-charite.org\\\/pl\\\/#\\\/schema\\\/person\\\/427567b2eccfc2dd7d206da186a1f438\",\"name\":\"admin\",\"image\":{\"@type\":\"ImageObject\",\"inLanguage\":\"pl-PL\",\"@id\":\"https:\\\/\\\/secure.gravatar.com\\\/avatar\\\/948b492cce32b586ac2db0eaa926ee87024f7afe218d73b397ea5ddfc5f43ea1?s=96&d=mm&r=g\",\"url\":\"https:\\\/\\\/secure.gravatar.com\\\/avatar\\\/948b492cce32b586ac2db0eaa926ee87024f7afe218d73b397ea5ddfc5f43ea1?s=96&d=mm&r=g\",\"contentUrl\":\"https:\\\/\\\/secure.gravatar.com\\\/avatar\\\/948b492cce32b586ac2db0eaa926ee87024f7afe218d73b397ea5ddfc5f43ea1?s=96&d=mm&r=g\",\"caption\":\"admin\"},\"sameAs\":[\"https:\\\/\\\/filles-de-la-charite.org\"],\"url\":\"https:\\\/\\\/filles-de-la-charite.org\\\/pl\\\/author\\\/caridad\\\/\"}]}<\/script>\n<!-- \/ Yoast SEO plugin. -->","yoast_head_json":{"title":"Pierwsza Sesja Formacji Wincenty\u0144skiej dla Si\u00f3str Mi\u0142osierdzia w Brazylii - Filles de la Charit\u00e9","robots":{"index":"index","follow":"follow","max-snippet":"max-snippet:-1","max-image-preview":"max-image-preview:large","max-video-preview":"max-video-preview:-1"},"canonical":"https:\/\/filles-de-la-charite.org\/pl\/first-vincentian-formation-session-for-the-daughters-of-charity-of-brazil-4\/","og_locale":"pl_PL","og_type":"article","og_title":"Pierwsza Sesja Formacji Wincenty\u0144skiej dla Si\u00f3str Mi\u0142osierdzia w Brazylii - Filles de la Charit\u00e9","og_description":"WIELBI DUSZA MOJA PANA! Tak, Magnificat za t\u0119 b\u0142ogos\u0142awion\u0105 inspiracj\u0119 do zorganizowania intensywnej sesji formacji wincenty\u0144skiej, kt\u00f3ra zgromadzi\u0142a wszystkie Prowincje Si\u00f3str Mi\u0142osierdzia Brazylii. Sesja Formacji Wincenty\u0144skiej dla Si\u00f3str Mi\u0142osierdzia \u015bw. Wincentego a Paulo z sze\u015bciu Prowincji Brazylii odby\u0142a si\u0119 w Rio de Janeiro od 1 lipca do 3 sierpnia 2019 roku. By\u0142 to czas dzielenia [&hellip;]","og_url":"https:\/\/filles-de-la-charite.org\/pl\/first-vincentian-formation-session-for-the-daughters-of-charity-of-brazil-4\/","og_site_name":"Filles de la Charit\u00e9","article_published_time":"2020-04-06T05:03:09+00:00","article_modified_time":"2024-03-17T17:49:51+00:00","og_image":[{"width":1200,"height":630,"url":"https:\/\/filles-de-la-charite.org\/wp-content\/uploads\/2023\/06\/200406-Brazil-ftd.jpg","type":"image\/jpeg"}],"author":"admin","twitter_card":"summary_large_image","twitter_misc":{"Napisane przez":"admin","Szacowany czas czytania":"2 minuty"},"schema":{"@context":"https:\/\/schema.org","@graph":[{"@type":"Article","@id":"https:\/\/filles-de-la-charite.org\/pl\/first-vincentian-formation-session-for-the-daughters-of-charity-of-brazil-4\/#article","isPartOf":{"@id":"https:\/\/filles-de-la-charite.org\/pl\/first-vincentian-formation-session-for-the-daughters-of-charity-of-brazil-4\/"},"author":{"name":"admin","@id":"https:\/\/filles-de-la-charite.org\/pl\/#\/schema\/person\/427567b2eccfc2dd7d206da186a1f438"},"headline":"Pierwsza Sesja Formacji Wincenty\u0144skiej dla Si\u00f3str Mi\u0142osierdzia w Brazylii","datePublished":"2020-04-06T05:03:09+00:00","dateModified":"2024-03-17T17:49:51+00:00","mainEntityOfPage":{"@id":"https:\/\/filles-de-la-charite.org\/pl\/first-vincentian-formation-session-for-the-daughters-of-charity-of-brazil-4\/"},"wordCount":423,"publisher":{"@id":"https:\/\/filles-de-la-charite.org\/pl\/#organization"},"image":{"@id":"https:\/\/filles-de-la-charite.org\/pl\/first-vincentian-formation-session-for-the-daughters-of-charity-of-brazil-4\/#primaryimage"},"thumbnailUrl":"https:\/\/filles-de-la-charite.org\/wp-content\/uploads\/2023\/06\/200406-Brazil-ftd.jpg","articleSection":["Rio de Janeiro - Brazylia"],"inLanguage":"pl-PL"},{"@type":"WebPage","@id":"https:\/\/filles-de-la-charite.org\/pl\/first-vincentian-formation-session-for-the-daughters-of-charity-of-brazil-4\/","url":"https:\/\/filles-de-la-charite.org\/pl\/first-vincentian-formation-session-for-the-daughters-of-charity-of-brazil-4\/","name":"Pierwsza Sesja Formacji Wincenty\u0144skiej dla Si\u00f3str Mi\u0142osierdzia w Brazylii - Filles de la Charit\u00e9","isPartOf":{"@id":"https:\/\/filles-de-la-charite.org\/pl\/#website"},"primaryImageOfPage":{"@id":"https:\/\/filles-de-la-charite.org\/pl\/first-vincentian-formation-session-for-the-daughters-of-charity-of-brazil-4\/#primaryimage"},"image":{"@id":"https:\/\/filles-de-la-charite.org\/pl\/first-vincentian-formation-session-for-the-daughters-of-charity-of-brazil-4\/#primaryimage"},"thumbnailUrl":"https:\/\/filles-de-la-charite.org\/wp-content\/uploads\/2023\/06\/200406-Brazil-ftd.jpg","datePublished":"2020-04-06T05:03:09+00:00","dateModified":"2024-03-17T17:49:51+00:00","breadcrumb":{"@id":"https:\/\/filles-de-la-charite.org\/pl\/first-vincentian-formation-session-for-the-daughters-of-charity-of-brazil-4\/#breadcrumb"},"inLanguage":"pl-PL","potentialAction":[{"@type":"ReadAction","target":["https:\/\/filles-de-la-charite.org\/pl\/first-vincentian-formation-session-for-the-daughters-of-charity-of-brazil-4\/"]}]},{"@type":"ImageObject","inLanguage":"pl-PL","@id":"https:\/\/filles-de-la-charite.org\/pl\/first-vincentian-formation-session-for-the-daughters-of-charity-of-brazil-4\/#primaryimage","url":"https:\/\/filles-de-la-charite.org\/wp-content\/uploads\/2023\/06\/200406-Brazil-ftd.jpg","contentUrl":"https:\/\/filles-de-la-charite.org\/wp-content\/uploads\/2023\/06\/200406-Brazil-ftd.jpg","width":1200,"height":630},{"@type":"BreadcrumbList","@id":"https:\/\/filles-de-la-charite.org\/pl\/first-vincentian-formation-session-for-the-daughters-of-charity-of-brazil-4\/#breadcrumb","itemListElement":[{"@type":"ListItem","position":1,"name":"Belo Horizonte - Brazylia","item":"https:\/\/filles-de-la-charite.org\/pl\/category\/belo-horizonte-brazylia-pl\/"},{"@type":"ListItem","position":2,"name":"Pierwsza Sesja Formacji Wincenty\u0144skiej dla Si\u00f3str Mi\u0142osierdzia w Brazylii"}]},{"@type":"WebSite","@id":"https:\/\/filles-de-la-charite.org\/pl\/#website","url":"https:\/\/filles-de-la-charite.org\/pl\/","name":"Hijas de la Caridad","description":"L\u2019amour de J\u00e9sus nous presse \u00e0 prendre soin des personnes les plus d\u00e9munies","publisher":{"@id":"https:\/\/filles-de-la-charite.org\/pl\/#organization"},"potentialAction":[{"@type":"SearchAction","target":{"@type":"EntryPoint","urlTemplate":"https:\/\/filles-de-la-charite.org\/pl\/?s={search_term_string}"},"query-input":{"@type":"PropertyValueSpecification","valueRequired":true,"valueName":"search_term_string"}}],"inLanguage":"pl-PL"},{"@type":"Organization","@id":"https:\/\/filles-de-la-charite.org\/pl\/#organization","name":"Hijas de la Caridad","url":"https:\/\/filles-de-la-charite.org\/pl\/","logo":{"@type":"ImageObject","inLanguage":"pl-PL","@id":"https:\/\/filles-de-la-charite.org\/pl\/#\/schema\/logo\/image\/","url":"https:\/\/filles-de-la-charite.org\/wp-content\/uploads\/2023\/03\/isotipo-Hijas-de-la-Caridad.png","contentUrl":"https:\/\/filles-de-la-charite.org\/wp-content\/uploads\/2023\/03\/isotipo-Hijas-de-la-Caridad.png","width":1417,"height":1417,"caption":"Hijas de la Caridad"},"image":{"@id":"https:\/\/filles-de-la-charite.org\/pl\/#\/schema\/logo\/image\/"}},{"@type":"Person","@id":"https:\/\/filles-de-la-charite.org\/pl\/#\/schema\/person\/427567b2eccfc2dd7d206da186a1f438","name":"admin","image":{"@type":"ImageObject","inLanguage":"pl-PL","@id":"https:\/\/secure.gravatar.com\/avatar\/948b492cce32b586ac2db0eaa926ee87024f7afe218d73b397ea5ddfc5f43ea1?s=96&d=mm&r=g","url":"https:\/\/secure.gravatar.com\/avatar\/948b492cce32b586ac2db0eaa926ee87024f7afe218d73b397ea5ddfc5f43ea1?s=96&d=mm&r=g","contentUrl":"https:\/\/secure.gravatar.com\/avatar\/948b492cce32b586ac2db0eaa926ee87024f7afe218d73b397ea5ddfc5f43ea1?s=96&d=mm&r=g","caption":"admin"},"sameAs":["https:\/\/filles-de-la-charite.org"],"url":"https:\/\/filles-de-la-charite.org\/pl\/author\/caridad\/"}]}},"_links":{"self":[{"href":"https:\/\/filles-de-la-charite.org\/pl\/wp-json\/wp\/v2\/posts\/24074","targetHints":{"allow":["GET"]}}],"collection":[{"href":"https:\/\/filles-de-la-charite.org\/pl\/wp-json\/wp\/v2\/posts"}],"about":[{"href":"https:\/\/filles-de-la-charite.org\/pl\/wp-json\/wp\/v2\/types\/post"}],"author":[{"embeddable":true,"href":"https:\/\/filles-de-la-charite.org\/pl\/wp-json\/wp\/v2\/users\/1"}],"replies":[{"embeddable":true,"href":"https:\/\/filles-de-la-charite.org\/pl\/wp-json\/wp\/v2\/comments?post=24074"}],"version-history":[{"count":1,"href":"https:\/\/filles-de-la-charite.org\/pl\/wp-json\/wp\/v2\/posts\/24074\/revisions"}],"predecessor-version":[{"id":24075,"href":"https:\/\/filles-de-la-charite.org\/pl\/wp-json\/wp\/v2\/posts\/24074\/revisions\/24075"}],"wp:featuredmedia":[{"embeddable":true,"href":"https:\/\/filles-de-la-charite.org\/pl\/wp-json\/wp\/v2\/media\/14638"}],"wp:attachment":[{"href":"https:\/\/filles-de-la-charite.org\/pl\/wp-json\/wp\/v2\/media?parent=24074"}],"wp:term":[{"taxonomy":"category","embeddable":true,"href":"https:\/\/filles-de-la-charite.org\/pl\/wp-json\/wp\/v2\/categories?post=24074"},{"taxonomy":"post_tag","embeddable":true,"href":"https:\/\/filles-de-la-charite.org\/pl\/wp-json\/wp\/v2\/tags?post=24074"}],"curies":[{"name":"wp","href":"https:\/\/api.w.org\/{rel}","templated":true}]}}