{"id":24079,"date":"2020-04-10T21:54:43","date_gmt":"2020-04-10T19:54:43","guid":{"rendered":"https:\/\/hijascaridad.sjdigitaldemo.ovh\/ephata-break-through-the-gate-go-towards-encounter-4\/"},"modified":"2024-03-17T18:49:37","modified_gmt":"2024-03-17T17:49:37","slug":"ephata-break-through-the-gate-go-towards-encounter-4","status":"publish","type":"post","link":"https:\/\/filles-de-la-charite.org\/pl\/ephata-break-through-the-gate-go-towards-encounter-4\/","title":{"rendered":"Ephata! Przej\u015b\u0107 przez bram\u0119 \u2026 I\u015b\u0107 ku \u2026 Spotka\u0107."},"content":{"rendered":"\n<p><p style=\"text-align: justify;\"><span style=\"font-size: inherit;\">W pi\u0105tek, 21 lutego 2020 roku o godz. 17.00, wszystkie Siostry z Maroka, zgromadzi\u0142y si\u0119 w \u201eHiszpa\u0144skim Szpitalu\u201d w Tetouan i przywo\u0142uj\u0105c \u015bwiat\u0142a Ducha \u015awi\u0119tego, podj\u0119\u0142y refleksj\u0119 na temat pos\u0142ugi w duchu charyzmatu wincenty\u0144skiego Si\u00f3str Mi\u0142osierdzia w opiece i s\u0142u\u017cbie najbiedniejszym braciom i siostrom.<\/span><strong><span style=\"color: #929292;\"><img loading=\"lazy\" decoding=\"async\" width=\"300\" height=\"199\" class=\"alignleft size-medium wp-image-40754\" src=\"https:\/\/filles-de-la-charite.org\/wp-content\/uploads\/2023\/06\/200410-Ephata-thmb.jpg\" alt=\"\"><\/span><\/strong><\/p> <p style=\"text-align: justify;\">Siostra Paula przypomnia\u0142a nam o potrzebie wracania do naszych pocz\u0105tk\u00f3w i okazywania za to Bogu wdzi\u0119czno\u015bci. Siostra Wizytatorka, s. M\u00aa del Carmen Polo, Dyrektor Prowincji ks. Juan de la Rosa i Siostra Radna ds. Misji Ad-Gentes, s. Ana M\u00aa Guti\u00e9rrez, przywo\u0142ali te pocz\u0105tki w s\u0142owach powitania. Siostra M\u00aa del Carmen zaprosi\u0142a nas do postawienia sobie pytania: dok\u0105d zmierzamy? Zach\u0119ci\u0142a nas r\u00f3wnie\u017c, aby\u015bmy by\u0142y \u015bwiadome rzeczywisto\u015bci, kt\u00f3ra jest przed nami i kt\u00f3ra pomog\u0142aby nam rozezna\u0107 w \u015bwietle Ducha \u015awi\u0119tego nasze zasoby ludzkie, by odpowiedzie\u0107 na wezwania czasu z coraz wi\u0119ksz\u0105 dyspozycyjno\u015bci\u0105.<\/p> <img loading=\"lazy\" decoding=\"async\" width=\"1280\" height=\"720\" class=\"aligncenter size-full wp-image-40752\" src=\"https:\/\/filles-de-la-charite.org\/wp-content\/uploads\/2023\/06\/200410-Ephata-3.jpg\" alt=\"\"> <p style=\"text-align: justify;\">Nast\u0119pnie uda\u0142y\u015bmy si\u0119 na modlitw\u0119 i osobist\u0105 refleksj\u0119, po czym podzieli\u0142y\u015bmy si\u0119 na grupy, aby przestudiowa\u0107 i pochyli\u0107 si\u0119 nad dokumentem Mi\u0119dzykonwentowym z roku 2018 przygotowanym przez wsp\u00f3lnoty w Maroku. G\u0142\u0119boki i szczery dialog oraz pe\u0142ne zaanga\u017cowania spotkania koncentrowa\u0142y si\u0119 na potrzebie oceny i pilnym apelu o otwarcie si\u0119 na nowe wyzwania, kt\u00f3re wymagaj\u0105 hojnej odpowiedzi.<\/p> <p style=\"text-align: justify;\">Sobot\u0119 rozpocz\u0119\u0142y\u015bmy od porannej modlitwy Liturgii Godzin. Przygotowa\u0142y nas one na przywitanie ks. Manuel Corull\u00f3n, kt\u00f3ry o\u017cywi\u0142 sesj\u0119 bogactwem swojej wiedzy i do\u015bwiadczenia; wezwa\u0142 nas do pracy nad budowaniem Kr\u00f3lestwa Bo\u017cego, kt\u00f3re by o\u017cywi\u0142o w nas wsp\u00f3\u0142czucie, pok\u00f3j i przemian\u0119. Wezwa\u0142 nas r\u00f3wnie\u017c, aby\u015bmy by\u0142y \u017cywymi \u015bwiadkami dialogu, kt\u00f3ry B\u00f3g chce nawi\u0105za\u0107 z ka\u017cd\u0105 osob\u0105 i by ka\u017cdy m\u00f3g\u0142 si\u0119 poczu\u0107 uznany za cz\u0142onka ludzkiej rodziny.<\/p> <img loading=\"lazy\" decoding=\"async\" width=\"1280\" height=\"720\" class=\"aligncenter size-full wp-image-40751\" src=\"https:\/\/filles-de-la-charite.org\/wp-content\/uploads\/2023\/06\/200410-Ephata-2.jpg\" alt=\"\"> <p style=\"text-align: justify;\">W niedziel\u0119, po chwilach sp\u0119dzonych na refleksji i dialogu, Siostry spotka\u0142y si\u0119 z Siostr\u0105 M\u00aa del Carmen i Siostr\u0105 Ana M\u00aa, aby zaproponowa\u0107 &#8222;map\u0119 drogow\u0105&#8221;, kt\u00f3ra pomo\u017ce Radzie Prowincjalnej w podejmowaniu decyduj\u0105cych krok\u00f3w dla Prowincji, by i\u015b\u0107 \u015bcie\u017ck\u0105, kt\u00f3ra prowadzi\u0107 nas b\u0119dzie do miejsc, do kt\u00f3rych zaprasza nas Duch \u015awi\u0119ty i gdzie b\u0119dziemy czu\u0107 si\u0119 kochane, przyj\u0119te i gdzie b\u0119dziemy mog\u0142y do\u015bwiadczy\u0107 przebaczenia.<\/p> <p style=\"text-align: justify;\">Jeste\u015bmy wdzi\u0119czne Wsp\u00f3lnocie Si\u00f3str z Tetuan za go\u015bcinno\u015b\u0107 i tak dok\u0142adne przygotowanie Sesji, a tak\u017ce Siostrom z Maroka za ich udzia\u0142 i otwarto\u015b\u0107. To spotkanie pozwoli\u0142o nam przej\u015b\u0107 przez bram\u0119 &#8230; i\u015b\u0107 ku &#8230; spotka\u0107 &#8230;<\/p> <img loading=\"lazy\" decoding=\"async\" width=\"1281\" height=\"720\" class=\"aligncenter size-full wp-image-40750\" src=\"https:\/\/filles-de-la-charite.org\/wp-content\/uploads\/2023\/06\/200410-Ephata-1.jpg\" alt=\"\"> <p style=\"text-align: justify;\">Sesj\u0119 zako\u0144czy\u0142y\u015bmy z wielk\u0105 rado\u015bci\u0105 i wdzi\u0119czno\u015bci\u0105 Panu Bogu sprawuj\u0105c Eucharysti\u0119 przy aktywnym udziale starszych os\u00f3b ze Szpitala Hiszpa\u0144skiego.<\/p> <p style=\"text-align: right;\"><span style=\"color: #0000ff;\"><i>Siostra M\u00aa Trinidad Gonz\u00e1lez (\u0179r\u00f3d\u0142o: <a rel=\"noopener noreferrer\" href=\"http:\/\/hhccespanasur.org\/ephata-franquear-la-puertair-haciaencontrarse\/\" target=\"_blank\">strona Si\u00f3str Mi\u0142osierdzia Hiszpania-Po\u0142udnie<\/a>)<\/i><\/span><\/p><\/p>\n","protected":false},"excerpt":{"rendered":"<p>W pi\u0105tek, 21 lutego 2020 roku o godz. 17.00, wszystkie Siostry z Maroka, zgromadzi\u0142y si\u0119 w \u201eHiszpa\u0144skim Szpitalu\u201d w Tetouan i przywo\u0142uj\u0105c \u015bwiat\u0142a Ducha \u015awi\u0119tego, podj\u0119\u0142y refleksj\u0119 na temat pos\u0142ugi w duchu charyzmatu wincenty\u0144skiego Si\u00f3str Mi\u0142osierdzia w opiece i s\u0142u\u017cbie najbiedniejszym braciom i siostrom. Siostra Paula przypomnia\u0142a nam o potrzebie wracania do naszych pocz\u0105tk\u00f3w i [&hellip;]<\/p>\n","protected":false},"author":1,"featured_media":14664,"comment_status":"closed","ping_status":"closed","sticky":false,"template":"","format":"standard","meta":{"_acf_changed":false,"_et_pb_use_builder":"","_et_pb_old_content":"","_et_gb_content_width":"","footnotes":"","_links_to":"","_links_to_target":""},"categories":[806],"tags":[],"class_list":["post-24079","post","type-post","status-publish","format-standard","has-post-thumbnail","hentry","category-espana-sur-pl"],"acf":[],"yoast_head":"<!-- This site is optimized with the Yoast SEO plugin v27.5 - https:\/\/yoast.com\/product\/yoast-seo-wordpress\/ -->\n<title>Ephata! Przej\u015b\u0107 przez bram\u0119 \u2026 I\u015b\u0107 ku \u2026 Spotka\u0107. - Filles de la Charit\u00e9<\/title>\n<meta name=\"robots\" content=\"index, follow, max-snippet:-1, max-image-preview:large, max-video-preview:-1\" \/>\n<link rel=\"canonical\" href=\"https:\/\/filles-de-la-charite.org\/pl\/ephata-break-through-the-gate-go-towards-encounter-4\/\" \/>\n<meta property=\"og:locale\" content=\"pl_PL\" \/>\n<meta property=\"og:type\" content=\"article\" \/>\n<meta property=\"og:title\" content=\"Ephata! Przej\u015b\u0107 przez bram\u0119 \u2026 I\u015b\u0107 ku \u2026 Spotka\u0107. - Filles de la Charit\u00e9\" \/>\n<meta property=\"og:description\" content=\"W pi\u0105tek, 21 lutego 2020 roku o godz. 17.00, wszystkie Siostry z Maroka, zgromadzi\u0142y si\u0119 w \u201eHiszpa\u0144skim Szpitalu\u201d w Tetouan i przywo\u0142uj\u0105c \u015bwiat\u0142a Ducha \u015awi\u0119tego, podj\u0119\u0142y refleksj\u0119 na temat pos\u0142ugi w duchu charyzmatu wincenty\u0144skiego Si\u00f3str Mi\u0142osierdzia w opiece i s\u0142u\u017cbie najbiedniejszym braciom i siostrom. Siostra Paula przypomnia\u0142a nam o potrzebie wracania do naszych pocz\u0105tk\u00f3w i [&hellip;]\" \/>\n<meta property=\"og:url\" content=\"https:\/\/filles-de-la-charite.org\/pl\/ephata-break-through-the-gate-go-towards-encounter-4\/\" \/>\n<meta property=\"og:site_name\" content=\"Filles de la Charit\u00e9\" \/>\n<meta property=\"article:published_time\" content=\"2020-04-10T19:54:43+00:00\" \/>\n<meta property=\"article:modified_time\" content=\"2024-03-17T17:49:37+00:00\" \/>\n<meta property=\"og:image\" content=\"https:\/\/filles-de-la-charite.org\/wp-content\/uploads\/2023\/06\/200410-Ephata-thmb-300x199-1.jpg\" \/>\n\t<meta property=\"og:image:width\" content=\"300\" \/>\n\t<meta property=\"og:image:height\" content=\"199\" \/>\n\t<meta property=\"og:image:type\" content=\"image\/jpeg\" \/>\n<meta name=\"author\" content=\"admin\" \/>\n<meta name=\"twitter:card\" content=\"summary_large_image\" \/>\n<meta name=\"twitter:label1\" content=\"Napisane przez\" \/>\n\t<meta name=\"twitter:data1\" content=\"admin\" \/>\n\t<meta name=\"twitter:label2\" content=\"Szacowany czas czytania\" \/>\n\t<meta name=\"twitter:data2\" content=\"2 minuty\" \/>\n<script type=\"application\/ld+json\" class=\"yoast-schema-graph\">{\"@context\":\"https:\\\/\\\/schema.org\",\"@graph\":[{\"@type\":\"Article\",\"@id\":\"https:\\\/\\\/filles-de-la-charite.org\\\/pl\\\/ephata-break-through-the-gate-go-towards-encounter-4\\\/#article\",\"isPartOf\":{\"@id\":\"https:\\\/\\\/filles-de-la-charite.org\\\/pl\\\/ephata-break-through-the-gate-go-towards-encounter-4\\\/\"},\"author\":{\"name\":\"admin\",\"@id\":\"https:\\\/\\\/filles-de-la-charite.org\\\/pl\\\/#\\\/schema\\\/person\\\/427567b2eccfc2dd7d206da186a1f438\"},\"headline\":\"Ephata! Przej\u015b\u0107 przez bram\u0119 \u2026 I\u015b\u0107 ku \u2026 Spotka\u0107.\",\"datePublished\":\"2020-04-10T19:54:43+00:00\",\"dateModified\":\"2024-03-17T17:49:37+00:00\",\"mainEntityOfPage\":{\"@id\":\"https:\\\/\\\/filles-de-la-charite.org\\\/pl\\\/ephata-break-through-the-gate-go-towards-encounter-4\\\/\"},\"wordCount\":495,\"publisher\":{\"@id\":\"https:\\\/\\\/filles-de-la-charite.org\\\/pl\\\/#organization\"},\"image\":{\"@id\":\"https:\\\/\\\/filles-de-la-charite.org\\\/pl\\\/ephata-break-through-the-gate-go-towards-encounter-4\\\/#primaryimage\"},\"thumbnailUrl\":\"https:\\\/\\\/filles-de-la-charite.org\\\/wp-content\\\/uploads\\\/2023\\\/06\\\/200410-Ephata-thmb-300x199-1.jpg\",\"articleSection\":[\"Espa\u00f1a-Sur\"],\"inLanguage\":\"pl-PL\"},{\"@type\":\"WebPage\",\"@id\":\"https:\\\/\\\/filles-de-la-charite.org\\\/pl\\\/ephata-break-through-the-gate-go-towards-encounter-4\\\/\",\"url\":\"https:\\\/\\\/filles-de-la-charite.org\\\/pl\\\/ephata-break-through-the-gate-go-towards-encounter-4\\\/\",\"name\":\"Ephata! Przej\u015b\u0107 przez bram\u0119 \u2026 I\u015b\u0107 ku \u2026 Spotka\u0107. - Filles de la Charit\u00e9\",\"isPartOf\":{\"@id\":\"https:\\\/\\\/filles-de-la-charite.org\\\/pl\\\/#website\"},\"primaryImageOfPage\":{\"@id\":\"https:\\\/\\\/filles-de-la-charite.org\\\/pl\\\/ephata-break-through-the-gate-go-towards-encounter-4\\\/#primaryimage\"},\"image\":{\"@id\":\"https:\\\/\\\/filles-de-la-charite.org\\\/pl\\\/ephata-break-through-the-gate-go-towards-encounter-4\\\/#primaryimage\"},\"thumbnailUrl\":\"https:\\\/\\\/filles-de-la-charite.org\\\/wp-content\\\/uploads\\\/2023\\\/06\\\/200410-Ephata-thmb-300x199-1.jpg\",\"datePublished\":\"2020-04-10T19:54:43+00:00\",\"dateModified\":\"2024-03-17T17:49:37+00:00\",\"breadcrumb\":{\"@id\":\"https:\\\/\\\/filles-de-la-charite.org\\\/pl\\\/ephata-break-through-the-gate-go-towards-encounter-4\\\/#breadcrumb\"},\"inLanguage\":\"pl-PL\",\"potentialAction\":[{\"@type\":\"ReadAction\",\"target\":[\"https:\\\/\\\/filles-de-la-charite.org\\\/pl\\\/ephata-break-through-the-gate-go-towards-encounter-4\\\/\"]}]},{\"@type\":\"ImageObject\",\"inLanguage\":\"pl-PL\",\"@id\":\"https:\\\/\\\/filles-de-la-charite.org\\\/pl\\\/ephata-break-through-the-gate-go-towards-encounter-4\\\/#primaryimage\",\"url\":\"https:\\\/\\\/filles-de-la-charite.org\\\/wp-content\\\/uploads\\\/2023\\\/06\\\/200410-Ephata-thmb-300x199-1.jpg\",\"contentUrl\":\"https:\\\/\\\/filles-de-la-charite.org\\\/wp-content\\\/uploads\\\/2023\\\/06\\\/200410-Ephata-thmb-300x199-1.jpg\",\"width\":300,\"height\":199},{\"@type\":\"BreadcrumbList\",\"@id\":\"https:\\\/\\\/filles-de-la-charite.org\\\/pl\\\/ephata-break-through-the-gate-go-towards-encounter-4\\\/#breadcrumb\",\"itemListElement\":[{\"@type\":\"ListItem\",\"position\":1,\"name\":\"Espa\u00f1a-Sur\",\"item\":\"https:\\\/\\\/filles-de-la-charite.org\\\/pl\\\/category\\\/espana-sur-pl\\\/\"},{\"@type\":\"ListItem\",\"position\":2,\"name\":\"Ephata! Przej\u015b\u0107 przez bram\u0119 \u2026 I\u015b\u0107 ku \u2026 Spotka\u0107.\"}]},{\"@type\":\"WebSite\",\"@id\":\"https:\\\/\\\/filles-de-la-charite.org\\\/pl\\\/#website\",\"url\":\"https:\\\/\\\/filles-de-la-charite.org\\\/pl\\\/\",\"name\":\"Hijas de la Caridad\",\"description\":\"L\u2019amour de J\u00e9sus nous presse \u00e0 prendre soin des personnes les plus d\u00e9munies\",\"publisher\":{\"@id\":\"https:\\\/\\\/filles-de-la-charite.org\\\/pl\\\/#organization\"},\"potentialAction\":[{\"@type\":\"SearchAction\",\"target\":{\"@type\":\"EntryPoint\",\"urlTemplate\":\"https:\\\/\\\/filles-de-la-charite.org\\\/pl\\\/?s={search_term_string}\"},\"query-input\":{\"@type\":\"PropertyValueSpecification\",\"valueRequired\":true,\"valueName\":\"search_term_string\"}}],\"inLanguage\":\"pl-PL\"},{\"@type\":\"Organization\",\"@id\":\"https:\\\/\\\/filles-de-la-charite.org\\\/pl\\\/#organization\",\"name\":\"Hijas de la Caridad\",\"url\":\"https:\\\/\\\/filles-de-la-charite.org\\\/pl\\\/\",\"logo\":{\"@type\":\"ImageObject\",\"inLanguage\":\"pl-PL\",\"@id\":\"https:\\\/\\\/filles-de-la-charite.org\\\/pl\\\/#\\\/schema\\\/logo\\\/image\\\/\",\"url\":\"https:\\\/\\\/filles-de-la-charite.org\\\/wp-content\\\/uploads\\\/2023\\\/03\\\/isotipo-Hijas-de-la-Caridad.png\",\"contentUrl\":\"https:\\\/\\\/filles-de-la-charite.org\\\/wp-content\\\/uploads\\\/2023\\\/03\\\/isotipo-Hijas-de-la-Caridad.png\",\"width\":1417,\"height\":1417,\"caption\":\"Hijas de la Caridad\"},\"image\":{\"@id\":\"https:\\\/\\\/filles-de-la-charite.org\\\/pl\\\/#\\\/schema\\\/logo\\\/image\\\/\"}},{\"@type\":\"Person\",\"@id\":\"https:\\\/\\\/filles-de-la-charite.org\\\/pl\\\/#\\\/schema\\\/person\\\/427567b2eccfc2dd7d206da186a1f438\",\"name\":\"admin\",\"image\":{\"@type\":\"ImageObject\",\"inLanguage\":\"pl-PL\",\"@id\":\"https:\\\/\\\/secure.gravatar.com\\\/avatar\\\/948b492cce32b586ac2db0eaa926ee87024f7afe218d73b397ea5ddfc5f43ea1?s=96&d=mm&r=g\",\"url\":\"https:\\\/\\\/secure.gravatar.com\\\/avatar\\\/948b492cce32b586ac2db0eaa926ee87024f7afe218d73b397ea5ddfc5f43ea1?s=96&d=mm&r=g\",\"contentUrl\":\"https:\\\/\\\/secure.gravatar.com\\\/avatar\\\/948b492cce32b586ac2db0eaa926ee87024f7afe218d73b397ea5ddfc5f43ea1?s=96&d=mm&r=g\",\"caption\":\"admin\"},\"sameAs\":[\"https:\\\/\\\/filles-de-la-charite.org\"],\"url\":\"https:\\\/\\\/filles-de-la-charite.org\\\/pl\\\/author\\\/caridad\\\/\"}]}<\/script>\n<!-- \/ Yoast SEO plugin. -->","yoast_head_json":{"title":"Ephata! Przej\u015b\u0107 przez bram\u0119 \u2026 I\u015b\u0107 ku \u2026 Spotka\u0107. - Filles de la Charit\u00e9","robots":{"index":"index","follow":"follow","max-snippet":"max-snippet:-1","max-image-preview":"max-image-preview:large","max-video-preview":"max-video-preview:-1"},"canonical":"https:\/\/filles-de-la-charite.org\/pl\/ephata-break-through-the-gate-go-towards-encounter-4\/","og_locale":"pl_PL","og_type":"article","og_title":"Ephata! Przej\u015b\u0107 przez bram\u0119 \u2026 I\u015b\u0107 ku \u2026 Spotka\u0107. - Filles de la Charit\u00e9","og_description":"W pi\u0105tek, 21 lutego 2020 roku o godz. 17.00, wszystkie Siostry z Maroka, zgromadzi\u0142y si\u0119 w \u201eHiszpa\u0144skim Szpitalu\u201d w Tetouan i przywo\u0142uj\u0105c \u015bwiat\u0142a Ducha \u015awi\u0119tego, podj\u0119\u0142y refleksj\u0119 na temat pos\u0142ugi w duchu charyzmatu wincenty\u0144skiego Si\u00f3str Mi\u0142osierdzia w opiece i s\u0142u\u017cbie najbiedniejszym braciom i siostrom. Siostra Paula przypomnia\u0142a nam o potrzebie wracania do naszych pocz\u0105tk\u00f3w i [&hellip;]","og_url":"https:\/\/filles-de-la-charite.org\/pl\/ephata-break-through-the-gate-go-towards-encounter-4\/","og_site_name":"Filles de la Charit\u00e9","article_published_time":"2020-04-10T19:54:43+00:00","article_modified_time":"2024-03-17T17:49:37+00:00","og_image":[{"width":300,"height":199,"url":"https:\/\/filles-de-la-charite.org\/wp-content\/uploads\/2023\/06\/200410-Ephata-thmb-300x199-1.jpg","type":"image\/jpeg"}],"author":"admin","twitter_card":"summary_large_image","twitter_misc":{"Napisane przez":"admin","Szacowany czas czytania":"2 minuty"},"schema":{"@context":"https:\/\/schema.org","@graph":[{"@type":"Article","@id":"https:\/\/filles-de-la-charite.org\/pl\/ephata-break-through-the-gate-go-towards-encounter-4\/#article","isPartOf":{"@id":"https:\/\/filles-de-la-charite.org\/pl\/ephata-break-through-the-gate-go-towards-encounter-4\/"},"author":{"name":"admin","@id":"https:\/\/filles-de-la-charite.org\/pl\/#\/schema\/person\/427567b2eccfc2dd7d206da186a1f438"},"headline":"Ephata! Przej\u015b\u0107 przez bram\u0119 \u2026 I\u015b\u0107 ku \u2026 Spotka\u0107.","datePublished":"2020-04-10T19:54:43+00:00","dateModified":"2024-03-17T17:49:37+00:00","mainEntityOfPage":{"@id":"https:\/\/filles-de-la-charite.org\/pl\/ephata-break-through-the-gate-go-towards-encounter-4\/"},"wordCount":495,"publisher":{"@id":"https:\/\/filles-de-la-charite.org\/pl\/#organization"},"image":{"@id":"https:\/\/filles-de-la-charite.org\/pl\/ephata-break-through-the-gate-go-towards-encounter-4\/#primaryimage"},"thumbnailUrl":"https:\/\/filles-de-la-charite.org\/wp-content\/uploads\/2023\/06\/200410-Ephata-thmb-300x199-1.jpg","articleSection":["Espa\u00f1a-Sur"],"inLanguage":"pl-PL"},{"@type":"WebPage","@id":"https:\/\/filles-de-la-charite.org\/pl\/ephata-break-through-the-gate-go-towards-encounter-4\/","url":"https:\/\/filles-de-la-charite.org\/pl\/ephata-break-through-the-gate-go-towards-encounter-4\/","name":"Ephata! Przej\u015b\u0107 przez bram\u0119 \u2026 I\u015b\u0107 ku \u2026 Spotka\u0107. - Filles de la Charit\u00e9","isPartOf":{"@id":"https:\/\/filles-de-la-charite.org\/pl\/#website"},"primaryImageOfPage":{"@id":"https:\/\/filles-de-la-charite.org\/pl\/ephata-break-through-the-gate-go-towards-encounter-4\/#primaryimage"},"image":{"@id":"https:\/\/filles-de-la-charite.org\/pl\/ephata-break-through-the-gate-go-towards-encounter-4\/#primaryimage"},"thumbnailUrl":"https:\/\/filles-de-la-charite.org\/wp-content\/uploads\/2023\/06\/200410-Ephata-thmb-300x199-1.jpg","datePublished":"2020-04-10T19:54:43+00:00","dateModified":"2024-03-17T17:49:37+00:00","breadcrumb":{"@id":"https:\/\/filles-de-la-charite.org\/pl\/ephata-break-through-the-gate-go-towards-encounter-4\/#breadcrumb"},"inLanguage":"pl-PL","potentialAction":[{"@type":"ReadAction","target":["https:\/\/filles-de-la-charite.org\/pl\/ephata-break-through-the-gate-go-towards-encounter-4\/"]}]},{"@type":"ImageObject","inLanguage":"pl-PL","@id":"https:\/\/filles-de-la-charite.org\/pl\/ephata-break-through-the-gate-go-towards-encounter-4\/#primaryimage","url":"https:\/\/filles-de-la-charite.org\/wp-content\/uploads\/2023\/06\/200410-Ephata-thmb-300x199-1.jpg","contentUrl":"https:\/\/filles-de-la-charite.org\/wp-content\/uploads\/2023\/06\/200410-Ephata-thmb-300x199-1.jpg","width":300,"height":199},{"@type":"BreadcrumbList","@id":"https:\/\/filles-de-la-charite.org\/pl\/ephata-break-through-the-gate-go-towards-encounter-4\/#breadcrumb","itemListElement":[{"@type":"ListItem","position":1,"name":"Espa\u00f1a-Sur","item":"https:\/\/filles-de-la-charite.org\/pl\/category\/espana-sur-pl\/"},{"@type":"ListItem","position":2,"name":"Ephata! Przej\u015b\u0107 przez bram\u0119 \u2026 I\u015b\u0107 ku \u2026 Spotka\u0107."}]},{"@type":"WebSite","@id":"https:\/\/filles-de-la-charite.org\/pl\/#website","url":"https:\/\/filles-de-la-charite.org\/pl\/","name":"Hijas de la Caridad","description":"L\u2019amour de J\u00e9sus nous presse \u00e0 prendre soin des personnes les plus d\u00e9munies","publisher":{"@id":"https:\/\/filles-de-la-charite.org\/pl\/#organization"},"potentialAction":[{"@type":"SearchAction","target":{"@type":"EntryPoint","urlTemplate":"https:\/\/filles-de-la-charite.org\/pl\/?s={search_term_string}"},"query-input":{"@type":"PropertyValueSpecification","valueRequired":true,"valueName":"search_term_string"}}],"inLanguage":"pl-PL"},{"@type":"Organization","@id":"https:\/\/filles-de-la-charite.org\/pl\/#organization","name":"Hijas de la Caridad","url":"https:\/\/filles-de-la-charite.org\/pl\/","logo":{"@type":"ImageObject","inLanguage":"pl-PL","@id":"https:\/\/filles-de-la-charite.org\/pl\/#\/schema\/logo\/image\/","url":"https:\/\/filles-de-la-charite.org\/wp-content\/uploads\/2023\/03\/isotipo-Hijas-de-la-Caridad.png","contentUrl":"https:\/\/filles-de-la-charite.org\/wp-content\/uploads\/2023\/03\/isotipo-Hijas-de-la-Caridad.png","width":1417,"height":1417,"caption":"Hijas de la Caridad"},"image":{"@id":"https:\/\/filles-de-la-charite.org\/pl\/#\/schema\/logo\/image\/"}},{"@type":"Person","@id":"https:\/\/filles-de-la-charite.org\/pl\/#\/schema\/person\/427567b2eccfc2dd7d206da186a1f438","name":"admin","image":{"@type":"ImageObject","inLanguage":"pl-PL","@id":"https:\/\/secure.gravatar.com\/avatar\/948b492cce32b586ac2db0eaa926ee87024f7afe218d73b397ea5ddfc5f43ea1?s=96&d=mm&r=g","url":"https:\/\/secure.gravatar.com\/avatar\/948b492cce32b586ac2db0eaa926ee87024f7afe218d73b397ea5ddfc5f43ea1?s=96&d=mm&r=g","contentUrl":"https:\/\/secure.gravatar.com\/avatar\/948b492cce32b586ac2db0eaa926ee87024f7afe218d73b397ea5ddfc5f43ea1?s=96&d=mm&r=g","caption":"admin"},"sameAs":["https:\/\/filles-de-la-charite.org"],"url":"https:\/\/filles-de-la-charite.org\/pl\/author\/caridad\/"}]}},"_links":{"self":[{"href":"https:\/\/filles-de-la-charite.org\/pl\/wp-json\/wp\/v2\/posts\/24079","targetHints":{"allow":["GET"]}}],"collection":[{"href":"https:\/\/filles-de-la-charite.org\/pl\/wp-json\/wp\/v2\/posts"}],"about":[{"href":"https:\/\/filles-de-la-charite.org\/pl\/wp-json\/wp\/v2\/types\/post"}],"author":[{"embeddable":true,"href":"https:\/\/filles-de-la-charite.org\/pl\/wp-json\/wp\/v2\/users\/1"}],"replies":[{"embeddable":true,"href":"https:\/\/filles-de-la-charite.org\/pl\/wp-json\/wp\/v2\/comments?post=24079"}],"version-history":[{"count":1,"href":"https:\/\/filles-de-la-charite.org\/pl\/wp-json\/wp\/v2\/posts\/24079\/revisions"}],"predecessor-version":[{"id":24080,"href":"https:\/\/filles-de-la-charite.org\/pl\/wp-json\/wp\/v2\/posts\/24079\/revisions\/24080"}],"wp:featuredmedia":[{"embeddable":true,"href":"https:\/\/filles-de-la-charite.org\/pl\/wp-json\/wp\/v2\/media\/14664"}],"wp:attachment":[{"href":"https:\/\/filles-de-la-charite.org\/pl\/wp-json\/wp\/v2\/media?parent=24079"}],"wp:term":[{"taxonomy":"category","embeddable":true,"href":"https:\/\/filles-de-la-charite.org\/pl\/wp-json\/wp\/v2\/categories?post=24079"},{"taxonomy":"post_tag","embeddable":true,"href":"https:\/\/filles-de-la-charite.org\/pl\/wp-json\/wp\/v2\/tags?post=24079"}],"curies":[{"name":"wp","href":"https:\/\/api.w.org\/{rel}","templated":true}]}}