{"id":24087,"date":"2020-04-25T21:35:14","date_gmt":"2020-04-25T19:35:14","guid":{"rendered":"https:\/\/hijascaridad.sjdigitaldemo.ovh\/dzien-misyjny-dla-konsekrowanych-kobiet-diecezja-sassari-usmi-sardynia\/"},"modified":"2024-03-17T18:49:29","modified_gmt":"2024-03-17T17:49:29","slug":"dzien-misyjny-dla-konsekrowanych-kobiet-diecezja-sassari-usmi-sardynia","status":"publish","type":"post","link":"https:\/\/filles-de-la-charite.org\/pl\/dzien-misyjny-dla-konsekrowanych-kobiet-diecezja-sassari-usmi-sardynia\/","title":{"rendered":"Dzie\u0144 misyjny dla konsekrowanych kobiet, diecezja Sassari USMI, Sardynia"},"content":{"rendered":"\n<p><p style=\"text-align: justify;\"><b><span style=\"color: #929292;\">[Prowincja Sardynii]<\/span><\/b> \u00a0Z okazji Misyjnego Dnia 2019 roku dla Konsekrowanych Kobiet, kt\u00f3ry odby\u0142 si\u0119 na Sardynii, Siostra Anna Anedda, Siostra Mi\u0142osierdzia \u015bw. Wincentego a Paulo, Diecezjalna Delegatka Wy\u017cszych Prze\u0142o\u017conych we W\u0142oszech (USMI) zaproponowa\u0142a, aby miejsce spotkania odby\u0142o si\u0119 w Kaplicy Casa Santa Luisa Si\u00f3str Mi\u0142osierdzia. Mieszka tam wiele Si\u00f3str, kt\u00f3re z powodu wieku lub choroby nie pe\u0142ni\u0105 ju\u017c \u017cadnej pos\u0142ugi, ale nadal pozostaj\u0105 w \u201es\u0142u\u017cbie misji\u201d, w sercu Ko\u015bcio\u0142a, poprzez modlitw\u0119, ofiar\u0119 cierpienia i mi\u0142o\u015b\u0107 dla ludzko\u015bci, jak \u015bw. Teresa z Lisieux.<\/p> <p style=\"text-align: justify;\">Ks. Franco Granata z Klasztoru Karmelit\u00f3w w Sassari, kt\u00f3ry przewodniczy\u0142 Eucharystii, w swojej homilii podkre\u015bli\u0142 ten aspekt: nic nie jest w stanie powstrzyma\u0107 tego, kto nadal kocha, ani wiek, ani choroba lub nieprzyjazne \u015brodowisko. Msza \u015awi\u0119ta by\u0142a koncelebrowana przez: \u00a0Rektora Seminarium Duchownego, Dyrektora Diecezjalnego Centrum Powo\u0142a\u0144 i O. J\u00f3zefa z Klasztoru \u015bw. Marii. Reprezentowane by\u0142y prawie wszystkie zgromadzenia zakonne kobiet w Sassari, w szczeg\u00f3lno\u015bci Matka Adriana Reis Miranda, Prze\u0142o\u017cona Generalna Pobo\u017cnych Si\u00f3str \u015bw. Jana z Sassari i Matka Maria Scalas od Si\u00f3str Getsemani, tak\u017ce z Sassari.<\/p> <img loading=\"lazy\" decoding=\"async\" width=\"720\" height=\"720\" class=\"aligncenter size-full wp-image-40781\" src=\"https:\/\/filles-de-la-charite.org\/wp-content\/uploads\/2023\/06\/200425-Sardegna-1.jpg\" alt=\"\"> <p style=\"text-align: justify;\">Dzisiaj profesja zakonna zazwyczaj nie wymaga zmiany imion tak jak kiedy\u015b. Konsekrowani m\u0119\u017cczy\u017ani i kobiety zachowuj\u0105 to imi\u0119, kt\u00f3re otrzymali podczas chrztu, a kt\u00f3re to imi\u0119 jest pierwszym prawdziwym wezwaniem. Misja rodzi si\u0119 w chrzcielnicy. <em>Ochrzczeni i pos\u0142ani<\/em>jak wszyscy chrze\u015bcijanie, konsekrowani m\u0119\u017cczy\u017ani i kobiety, niekoniecznie s\u0105 wysy\u0142ani do odleg\u0142ych krain, ale tam, gdzie wysy\u0142a je pos\u0142usze\u0144stwo, czego przyk\u0142adem jest \u015bw. Teresa z Lisieux, Patronka Misji.<\/p> <img loading=\"lazy\" decoding=\"async\" width=\"719\" height=\"404\" class=\"aligncenter size-full wp-image-40782\" src=\"https:\/\/filles-de-la-charite.org\/wp-content\/uploads\/2023\/06\/200425-Sardegna-2.jpg\" alt=\"\"> <p style=\"text-align: justify;\">W czasie adoracji, po Eucharystii, przed Naj\u015bwi\u0119tszym Sakramentem i zanim ks. Ilario Bianchi zako\u0144czy\u0142 modlitw\u0119 b\u0142ogos\u0142awie\u0144stwem, ofiarowano pi\u0119\u0107 \u015bwiec reprezentuj\u0105cych oczekiwania, nadzieje, rado\u015bci i cierpienia narod\u00f3w na pi\u0119ciu kontynentach.<\/p> <img loading=\"lazy\" decoding=\"async\" width=\"719\" height=\"480\" class=\"aligncenter size-full wp-image-40783\" src=\"https:\/\/filles-de-la-charite.org\/wp-content\/uploads\/2023\/06\/200425-Sardegna-3.jpg\" alt=\"\"> <p style=\"text-align: justify;\">\u017byjemy w \u015bwiecie, kt\u00f3ry potrzebuje \u015bwiat\u0142a i ciep\u0142a Ewangelii i kt\u00f3ra mo\u017ce by\u0107 przyj\u0119ta przez wszystkich wierz\u0105cych, zw\u0142aszcza w czasach szybkich zmian. Dzi\u0119ki mi\u0142o\u015bci mo\u017cna natychmiast dotrze\u0107 do wszystkich zak\u0105tk\u00f3w ziemi, nawet do najodleglejszej wioski na Madagaskarze, w Brazylii i Indiach. To by\u0142o to co mog\u0142a zrobi\u0107 Ma\u0142a Tereska i zrozumia\u0142a, \u017ce \u201ew sercu Ko\u015bcio\u0142a, mojej Matki, b\u0119d\u0119 mi\u0142o\u015bci\u0105 i b\u0119d\u0119 wszystkim\u201d.<\/p> <p style=\"text-align: right;\"><i>Don Antonio Canu<\/i><\/p><\/p>\n","protected":false},"excerpt":{"rendered":"<p>[Prowincja Sardynii] \u00a0Z okazji Misyjnego Dnia 2019 roku dla Konsekrowanych Kobiet, kt\u00f3ry odby\u0142 si\u0119 na Sardynii, Siostra Anna Anedda, Siostra Mi\u0142osierdzia \u015bw. Wincentego a Paulo, Diecezjalna Delegatka Wy\u017cszych Prze\u0142o\u017conych we W\u0142oszech (USMI) zaproponowa\u0142a, aby miejsce spotkania odby\u0142o si\u0119 w Kaplicy Casa Santa Luisa Si\u00f3str Mi\u0142osierdzia. Mieszka tam wiele Si\u00f3str, kt\u00f3re z powodu wieku lub choroby [&hellip;]<\/p>\n","protected":false},"author":1,"featured_media":14690,"comment_status":"closed","ping_status":"closed","sticky":false,"template":"","format":"standard","meta":{"_acf_changed":false,"footnotes":"","_links_to":"","_links_to_target":""},"categories":[687],"tags":[],"class_list":["post-24087","post","type-post","status-publish","format-standard","has-post-thumbnail","hentry","category-sardynia-wlochy-pl"],"acf":[],"yoast_head":"<!-- This site is optimized with the Yoast SEO plugin v27.5 - https:\/\/yoast.com\/product\/yoast-seo-wordpress\/ -->\n<title>Dzie\u0144 misyjny dla konsekrowanych kobiet, diecezja Sassari USMI, Sardynia - Filles de la Charit\u00e9<\/title>\n<meta name=\"robots\" content=\"index, follow, max-snippet:-1, max-image-preview:large, max-video-preview:-1\" \/>\n<link rel=\"canonical\" href=\"https:\/\/filles-de-la-charite.org\/pl\/dzien-misyjny-dla-konsekrowanych-kobiet-diecezja-sassari-usmi-sardynia\/\" \/>\n<meta property=\"og:locale\" content=\"pl_PL\" \/>\n<meta property=\"og:type\" content=\"article\" \/>\n<meta property=\"og:title\" content=\"Dzie\u0144 misyjny dla konsekrowanych kobiet, diecezja Sassari USMI, Sardynia - Filles de la Charit\u00e9\" \/>\n<meta property=\"og:description\" content=\"[Prowincja Sardynii] \u00a0Z okazji Misyjnego Dnia 2019 roku dla Konsekrowanych Kobiet, kt\u00f3ry odby\u0142 si\u0119 na Sardynii, Siostra Anna Anedda, Siostra Mi\u0142osierdzia \u015bw. Wincentego a Paulo, Diecezjalna Delegatka Wy\u017cszych Prze\u0142o\u017conych we W\u0142oszech (USMI) zaproponowa\u0142a, aby miejsce spotkania odby\u0142o si\u0119 w Kaplicy Casa Santa Luisa Si\u00f3str Mi\u0142osierdzia. Mieszka tam wiele Si\u00f3str, kt\u00f3re z powodu wieku lub choroby [&hellip;]\" \/>\n<meta property=\"og:url\" content=\"https:\/\/filles-de-la-charite.org\/pl\/dzien-misyjny-dla-konsekrowanych-kobiet-diecezja-sassari-usmi-sardynia\/\" \/>\n<meta property=\"og:site_name\" content=\"Filles de la Charit\u00e9\" \/>\n<meta property=\"article:published_time\" content=\"2020-04-25T19:35:14+00:00\" \/>\n<meta property=\"article:modified_time\" content=\"2024-03-17T17:49:29+00:00\" \/>\n<meta property=\"og:image\" content=\"https:\/\/filles-de-la-charite.org\/wp-content\/uploads\/2023\/06\/200425-Sardegna-thmb.jpg\" \/>\n\t<meta property=\"og:image:width\" content=\"300\" \/>\n\t<meta property=\"og:image:height\" content=\"200\" \/>\n\t<meta property=\"og:image:type\" content=\"image\/jpeg\" \/>\n<meta name=\"author\" content=\"admin\" \/>\n<meta name=\"twitter:card\" content=\"summary_large_image\" \/>\n<meta name=\"twitter:label1\" content=\"Napisane przez\" \/>\n\t<meta name=\"twitter:data1\" content=\"admin\" \/>\n\t<meta name=\"twitter:label2\" content=\"Szacowany czas czytania\" \/>\n\t<meta name=\"twitter:data2\" content=\"2 minuty\" \/>\n<script type=\"application\/ld+json\" class=\"yoast-schema-graph\">{\"@context\":\"https:\\\/\\\/schema.org\",\"@graph\":[{\"@type\":\"Article\",\"@id\":\"https:\\\/\\\/filles-de-la-charite.org\\\/pl\\\/dzien-misyjny-dla-konsekrowanych-kobiet-diecezja-sassari-usmi-sardynia\\\/#article\",\"isPartOf\":{\"@id\":\"https:\\\/\\\/filles-de-la-charite.org\\\/pl\\\/dzien-misyjny-dla-konsekrowanych-kobiet-diecezja-sassari-usmi-sardynia\\\/\"},\"author\":{\"name\":\"admin\",\"@id\":\"https:\\\/\\\/filles-de-la-charite.org\\\/pl\\\/#\\\/schema\\\/person\\\/427567b2eccfc2dd7d206da186a1f438\"},\"headline\":\"Dzie\u0144 misyjny dla konsekrowanych kobiet, diecezja Sassari USMI, Sardynia\",\"datePublished\":\"2020-04-25T19:35:14+00:00\",\"dateModified\":\"2024-03-17T17:49:29+00:00\",\"mainEntityOfPage\":{\"@id\":\"https:\\\/\\\/filles-de-la-charite.org\\\/pl\\\/dzien-misyjny-dla-konsekrowanych-kobiet-diecezja-sassari-usmi-sardynia\\\/\"},\"wordCount\":419,\"publisher\":{\"@id\":\"https:\\\/\\\/filles-de-la-charite.org\\\/pl\\\/#organization\"},\"image\":{\"@id\":\"https:\\\/\\\/filles-de-la-charite.org\\\/pl\\\/dzien-misyjny-dla-konsekrowanych-kobiet-diecezja-sassari-usmi-sardynia\\\/#primaryimage\"},\"thumbnailUrl\":\"https:\\\/\\\/filles-de-la-charite.org\\\/wp-content\\\/uploads\\\/2023\\\/06\\\/200425-Sardegna-thmb.jpg\",\"articleSection\":[\"Sardynia - W\u0142ochy\"],\"inLanguage\":\"pl-PL\"},{\"@type\":\"WebPage\",\"@id\":\"https:\\\/\\\/filles-de-la-charite.org\\\/pl\\\/dzien-misyjny-dla-konsekrowanych-kobiet-diecezja-sassari-usmi-sardynia\\\/\",\"url\":\"https:\\\/\\\/filles-de-la-charite.org\\\/pl\\\/dzien-misyjny-dla-konsekrowanych-kobiet-diecezja-sassari-usmi-sardynia\\\/\",\"name\":\"Dzie\u0144 misyjny dla konsekrowanych kobiet, diecezja Sassari USMI, Sardynia - Filles de la Charit\u00e9\",\"isPartOf\":{\"@id\":\"https:\\\/\\\/filles-de-la-charite.org\\\/pl\\\/#website\"},\"primaryImageOfPage\":{\"@id\":\"https:\\\/\\\/filles-de-la-charite.org\\\/pl\\\/dzien-misyjny-dla-konsekrowanych-kobiet-diecezja-sassari-usmi-sardynia\\\/#primaryimage\"},\"image\":{\"@id\":\"https:\\\/\\\/filles-de-la-charite.org\\\/pl\\\/dzien-misyjny-dla-konsekrowanych-kobiet-diecezja-sassari-usmi-sardynia\\\/#primaryimage\"},\"thumbnailUrl\":\"https:\\\/\\\/filles-de-la-charite.org\\\/wp-content\\\/uploads\\\/2023\\\/06\\\/200425-Sardegna-thmb.jpg\",\"datePublished\":\"2020-04-25T19:35:14+00:00\",\"dateModified\":\"2024-03-17T17:49:29+00:00\",\"breadcrumb\":{\"@id\":\"https:\\\/\\\/filles-de-la-charite.org\\\/pl\\\/dzien-misyjny-dla-konsekrowanych-kobiet-diecezja-sassari-usmi-sardynia\\\/#breadcrumb\"},\"inLanguage\":\"pl-PL\",\"potentialAction\":[{\"@type\":\"ReadAction\",\"target\":[\"https:\\\/\\\/filles-de-la-charite.org\\\/pl\\\/dzien-misyjny-dla-konsekrowanych-kobiet-diecezja-sassari-usmi-sardynia\\\/\"]}]},{\"@type\":\"ImageObject\",\"inLanguage\":\"pl-PL\",\"@id\":\"https:\\\/\\\/filles-de-la-charite.org\\\/pl\\\/dzien-misyjny-dla-konsekrowanych-kobiet-diecezja-sassari-usmi-sardynia\\\/#primaryimage\",\"url\":\"https:\\\/\\\/filles-de-la-charite.org\\\/wp-content\\\/uploads\\\/2023\\\/06\\\/200425-Sardegna-thmb.jpg\",\"contentUrl\":\"https:\\\/\\\/filles-de-la-charite.org\\\/wp-content\\\/uploads\\\/2023\\\/06\\\/200425-Sardegna-thmb.jpg\",\"width\":300,\"height\":200},{\"@type\":\"BreadcrumbList\",\"@id\":\"https:\\\/\\\/filles-de-la-charite.org\\\/pl\\\/dzien-misyjny-dla-konsekrowanych-kobiet-diecezja-sassari-usmi-sardynia\\\/#breadcrumb\",\"itemListElement\":[{\"@type\":\"ListItem\",\"position\":1,\"name\":\"San Vincenzo &#8211; Italia\",\"item\":\"https:\\\/\\\/filles-de-la-charite.org\\\/pl\\\/category\\\/san-vincenzo-italia-pl\\\/\"},{\"@type\":\"ListItem\",\"position\":2,\"name\":\"Dzie\u0144 misyjny dla konsekrowanych kobiet, diecezja Sassari USMI, Sardynia\"}]},{\"@type\":\"WebSite\",\"@id\":\"https:\\\/\\\/filles-de-la-charite.org\\\/pl\\\/#website\",\"url\":\"https:\\\/\\\/filles-de-la-charite.org\\\/pl\\\/\",\"name\":\"Hijas de la Caridad\",\"description\":\"L\u2019amour de J\u00e9sus nous presse \u00e0 prendre soin des personnes les plus d\u00e9munies\",\"publisher\":{\"@id\":\"https:\\\/\\\/filles-de-la-charite.org\\\/pl\\\/#organization\"},\"potentialAction\":[{\"@type\":\"SearchAction\",\"target\":{\"@type\":\"EntryPoint\",\"urlTemplate\":\"https:\\\/\\\/filles-de-la-charite.org\\\/pl\\\/?s={search_term_string}\"},\"query-input\":{\"@type\":\"PropertyValueSpecification\",\"valueRequired\":true,\"valueName\":\"search_term_string\"}}],\"inLanguage\":\"pl-PL\"},{\"@type\":\"Organization\",\"@id\":\"https:\\\/\\\/filles-de-la-charite.org\\\/pl\\\/#organization\",\"name\":\"Hijas de la Caridad\",\"url\":\"https:\\\/\\\/filles-de-la-charite.org\\\/pl\\\/\",\"logo\":{\"@type\":\"ImageObject\",\"inLanguage\":\"pl-PL\",\"@id\":\"https:\\\/\\\/filles-de-la-charite.org\\\/pl\\\/#\\\/schema\\\/logo\\\/image\\\/\",\"url\":\"https:\\\/\\\/filles-de-la-charite.org\\\/wp-content\\\/uploads\\\/2023\\\/03\\\/isotipo-Hijas-de-la-Caridad.png\",\"contentUrl\":\"https:\\\/\\\/filles-de-la-charite.org\\\/wp-content\\\/uploads\\\/2023\\\/03\\\/isotipo-Hijas-de-la-Caridad.png\",\"width\":1417,\"height\":1417,\"caption\":\"Hijas de la Caridad\"},\"image\":{\"@id\":\"https:\\\/\\\/filles-de-la-charite.org\\\/pl\\\/#\\\/schema\\\/logo\\\/image\\\/\"}},{\"@type\":\"Person\",\"@id\":\"https:\\\/\\\/filles-de-la-charite.org\\\/pl\\\/#\\\/schema\\\/person\\\/427567b2eccfc2dd7d206da186a1f438\",\"name\":\"admin\",\"image\":{\"@type\":\"ImageObject\",\"inLanguage\":\"pl-PL\",\"@id\":\"https:\\\/\\\/secure.gravatar.com\\\/avatar\\\/948b492cce32b586ac2db0eaa926ee87024f7afe218d73b397ea5ddfc5f43ea1?s=96&d=mm&r=g\",\"url\":\"https:\\\/\\\/secure.gravatar.com\\\/avatar\\\/948b492cce32b586ac2db0eaa926ee87024f7afe218d73b397ea5ddfc5f43ea1?s=96&d=mm&r=g\",\"contentUrl\":\"https:\\\/\\\/secure.gravatar.com\\\/avatar\\\/948b492cce32b586ac2db0eaa926ee87024f7afe218d73b397ea5ddfc5f43ea1?s=96&d=mm&r=g\",\"caption\":\"admin\"},\"sameAs\":[\"https:\\\/\\\/filles-de-la-charite.org\"],\"url\":\"https:\\\/\\\/filles-de-la-charite.org\\\/pl\\\/author\\\/caridad\\\/\"}]}<\/script>\n<!-- \/ Yoast SEO plugin. -->","yoast_head_json":{"title":"Dzie\u0144 misyjny dla konsekrowanych kobiet, diecezja Sassari USMI, Sardynia - Filles de la Charit\u00e9","robots":{"index":"index","follow":"follow","max-snippet":"max-snippet:-1","max-image-preview":"max-image-preview:large","max-video-preview":"max-video-preview:-1"},"canonical":"https:\/\/filles-de-la-charite.org\/pl\/dzien-misyjny-dla-konsekrowanych-kobiet-diecezja-sassari-usmi-sardynia\/","og_locale":"pl_PL","og_type":"article","og_title":"Dzie\u0144 misyjny dla konsekrowanych kobiet, diecezja Sassari USMI, Sardynia - Filles de la Charit\u00e9","og_description":"[Prowincja Sardynii] \u00a0Z okazji Misyjnego Dnia 2019 roku dla Konsekrowanych Kobiet, kt\u00f3ry odby\u0142 si\u0119 na Sardynii, Siostra Anna Anedda, Siostra Mi\u0142osierdzia \u015bw. Wincentego a Paulo, Diecezjalna Delegatka Wy\u017cszych Prze\u0142o\u017conych we W\u0142oszech (USMI) zaproponowa\u0142a, aby miejsce spotkania odby\u0142o si\u0119 w Kaplicy Casa Santa Luisa Si\u00f3str Mi\u0142osierdzia. Mieszka tam wiele Si\u00f3str, kt\u00f3re z powodu wieku lub choroby [&hellip;]","og_url":"https:\/\/filles-de-la-charite.org\/pl\/dzien-misyjny-dla-konsekrowanych-kobiet-diecezja-sassari-usmi-sardynia\/","og_site_name":"Filles de la Charit\u00e9","article_published_time":"2020-04-25T19:35:14+00:00","article_modified_time":"2024-03-17T17:49:29+00:00","og_image":[{"width":300,"height":200,"url":"https:\/\/filles-de-la-charite.org\/wp-content\/uploads\/2023\/06\/200425-Sardegna-thmb.jpg","type":"image\/jpeg"}],"author":"admin","twitter_card":"summary_large_image","twitter_misc":{"Napisane przez":"admin","Szacowany czas czytania":"2 minuty"},"schema":{"@context":"https:\/\/schema.org","@graph":[{"@type":"Article","@id":"https:\/\/filles-de-la-charite.org\/pl\/dzien-misyjny-dla-konsekrowanych-kobiet-diecezja-sassari-usmi-sardynia\/#article","isPartOf":{"@id":"https:\/\/filles-de-la-charite.org\/pl\/dzien-misyjny-dla-konsekrowanych-kobiet-diecezja-sassari-usmi-sardynia\/"},"author":{"name":"admin","@id":"https:\/\/filles-de-la-charite.org\/pl\/#\/schema\/person\/427567b2eccfc2dd7d206da186a1f438"},"headline":"Dzie\u0144 misyjny dla konsekrowanych kobiet, diecezja Sassari USMI, Sardynia","datePublished":"2020-04-25T19:35:14+00:00","dateModified":"2024-03-17T17:49:29+00:00","mainEntityOfPage":{"@id":"https:\/\/filles-de-la-charite.org\/pl\/dzien-misyjny-dla-konsekrowanych-kobiet-diecezja-sassari-usmi-sardynia\/"},"wordCount":419,"publisher":{"@id":"https:\/\/filles-de-la-charite.org\/pl\/#organization"},"image":{"@id":"https:\/\/filles-de-la-charite.org\/pl\/dzien-misyjny-dla-konsekrowanych-kobiet-diecezja-sassari-usmi-sardynia\/#primaryimage"},"thumbnailUrl":"https:\/\/filles-de-la-charite.org\/wp-content\/uploads\/2023\/06\/200425-Sardegna-thmb.jpg","articleSection":["Sardynia - W\u0142ochy"],"inLanguage":"pl-PL"},{"@type":"WebPage","@id":"https:\/\/filles-de-la-charite.org\/pl\/dzien-misyjny-dla-konsekrowanych-kobiet-diecezja-sassari-usmi-sardynia\/","url":"https:\/\/filles-de-la-charite.org\/pl\/dzien-misyjny-dla-konsekrowanych-kobiet-diecezja-sassari-usmi-sardynia\/","name":"Dzie\u0144 misyjny dla konsekrowanych kobiet, diecezja Sassari USMI, Sardynia - Filles de la Charit\u00e9","isPartOf":{"@id":"https:\/\/filles-de-la-charite.org\/pl\/#website"},"primaryImageOfPage":{"@id":"https:\/\/filles-de-la-charite.org\/pl\/dzien-misyjny-dla-konsekrowanych-kobiet-diecezja-sassari-usmi-sardynia\/#primaryimage"},"image":{"@id":"https:\/\/filles-de-la-charite.org\/pl\/dzien-misyjny-dla-konsekrowanych-kobiet-diecezja-sassari-usmi-sardynia\/#primaryimage"},"thumbnailUrl":"https:\/\/filles-de-la-charite.org\/wp-content\/uploads\/2023\/06\/200425-Sardegna-thmb.jpg","datePublished":"2020-04-25T19:35:14+00:00","dateModified":"2024-03-17T17:49:29+00:00","breadcrumb":{"@id":"https:\/\/filles-de-la-charite.org\/pl\/dzien-misyjny-dla-konsekrowanych-kobiet-diecezja-sassari-usmi-sardynia\/#breadcrumb"},"inLanguage":"pl-PL","potentialAction":[{"@type":"ReadAction","target":["https:\/\/filles-de-la-charite.org\/pl\/dzien-misyjny-dla-konsekrowanych-kobiet-diecezja-sassari-usmi-sardynia\/"]}]},{"@type":"ImageObject","inLanguage":"pl-PL","@id":"https:\/\/filles-de-la-charite.org\/pl\/dzien-misyjny-dla-konsekrowanych-kobiet-diecezja-sassari-usmi-sardynia\/#primaryimage","url":"https:\/\/filles-de-la-charite.org\/wp-content\/uploads\/2023\/06\/200425-Sardegna-thmb.jpg","contentUrl":"https:\/\/filles-de-la-charite.org\/wp-content\/uploads\/2023\/06\/200425-Sardegna-thmb.jpg","width":300,"height":200},{"@type":"BreadcrumbList","@id":"https:\/\/filles-de-la-charite.org\/pl\/dzien-misyjny-dla-konsekrowanych-kobiet-diecezja-sassari-usmi-sardynia\/#breadcrumb","itemListElement":[{"@type":"ListItem","position":1,"name":"San Vincenzo &#8211; Italia","item":"https:\/\/filles-de-la-charite.org\/pl\/category\/san-vincenzo-italia-pl\/"},{"@type":"ListItem","position":2,"name":"Dzie\u0144 misyjny dla konsekrowanych kobiet, diecezja Sassari USMI, Sardynia"}]},{"@type":"WebSite","@id":"https:\/\/filles-de-la-charite.org\/pl\/#website","url":"https:\/\/filles-de-la-charite.org\/pl\/","name":"Hijas de la Caridad","description":"L\u2019amour de J\u00e9sus nous presse \u00e0 prendre soin des personnes les plus d\u00e9munies","publisher":{"@id":"https:\/\/filles-de-la-charite.org\/pl\/#organization"},"potentialAction":[{"@type":"SearchAction","target":{"@type":"EntryPoint","urlTemplate":"https:\/\/filles-de-la-charite.org\/pl\/?s={search_term_string}"},"query-input":{"@type":"PropertyValueSpecification","valueRequired":true,"valueName":"search_term_string"}}],"inLanguage":"pl-PL"},{"@type":"Organization","@id":"https:\/\/filles-de-la-charite.org\/pl\/#organization","name":"Hijas de la Caridad","url":"https:\/\/filles-de-la-charite.org\/pl\/","logo":{"@type":"ImageObject","inLanguage":"pl-PL","@id":"https:\/\/filles-de-la-charite.org\/pl\/#\/schema\/logo\/image\/","url":"https:\/\/filles-de-la-charite.org\/wp-content\/uploads\/2023\/03\/isotipo-Hijas-de-la-Caridad.png","contentUrl":"https:\/\/filles-de-la-charite.org\/wp-content\/uploads\/2023\/03\/isotipo-Hijas-de-la-Caridad.png","width":1417,"height":1417,"caption":"Hijas de la Caridad"},"image":{"@id":"https:\/\/filles-de-la-charite.org\/pl\/#\/schema\/logo\/image\/"}},{"@type":"Person","@id":"https:\/\/filles-de-la-charite.org\/pl\/#\/schema\/person\/427567b2eccfc2dd7d206da186a1f438","name":"admin","image":{"@type":"ImageObject","inLanguage":"pl-PL","@id":"https:\/\/secure.gravatar.com\/avatar\/948b492cce32b586ac2db0eaa926ee87024f7afe218d73b397ea5ddfc5f43ea1?s=96&d=mm&r=g","url":"https:\/\/secure.gravatar.com\/avatar\/948b492cce32b586ac2db0eaa926ee87024f7afe218d73b397ea5ddfc5f43ea1?s=96&d=mm&r=g","contentUrl":"https:\/\/secure.gravatar.com\/avatar\/948b492cce32b586ac2db0eaa926ee87024f7afe218d73b397ea5ddfc5f43ea1?s=96&d=mm&r=g","caption":"admin"},"sameAs":["https:\/\/filles-de-la-charite.org"],"url":"https:\/\/filles-de-la-charite.org\/pl\/author\/caridad\/"}]}},"_links":{"self":[{"href":"https:\/\/filles-de-la-charite.org\/pl\/wp-json\/wp\/v2\/posts\/24087","targetHints":{"allow":["GET"]}}],"collection":[{"href":"https:\/\/filles-de-la-charite.org\/pl\/wp-json\/wp\/v2\/posts"}],"about":[{"href":"https:\/\/filles-de-la-charite.org\/pl\/wp-json\/wp\/v2\/types\/post"}],"author":[{"embeddable":true,"href":"https:\/\/filles-de-la-charite.org\/pl\/wp-json\/wp\/v2\/users\/1"}],"replies":[{"embeddable":true,"href":"https:\/\/filles-de-la-charite.org\/pl\/wp-json\/wp\/v2\/comments?post=24087"}],"version-history":[{"count":1,"href":"https:\/\/filles-de-la-charite.org\/pl\/wp-json\/wp\/v2\/posts\/24087\/revisions"}],"predecessor-version":[{"id":24088,"href":"https:\/\/filles-de-la-charite.org\/pl\/wp-json\/wp\/v2\/posts\/24087\/revisions\/24088"}],"wp:featuredmedia":[{"embeddable":true,"href":"https:\/\/filles-de-la-charite.org\/pl\/wp-json\/wp\/v2\/media\/14690"}],"wp:attachment":[{"href":"https:\/\/filles-de-la-charite.org\/pl\/wp-json\/wp\/v2\/media?parent=24087"}],"wp:term":[{"taxonomy":"category","embeddable":true,"href":"https:\/\/filles-de-la-charite.org\/pl\/wp-json\/wp\/v2\/categories?post=24087"},{"taxonomy":"post_tag","embeddable":true,"href":"https:\/\/filles-de-la-charite.org\/pl\/wp-json\/wp\/v2\/tags?post=24087"}],"curies":[{"name":"wp","href":"https:\/\/api.w.org\/{rel}","templated":true}]}}