{"id":24181,"date":"2020-05-12T14:39:11","date_gmt":"2020-05-12T12:39:11","guid":{"rendered":"https:\/\/hijascaridad.sjdigitaldemo.ovh\/iskry-milosci\/"},"modified":"2024-03-17T18:49:02","modified_gmt":"2024-03-17T17:49:02","slug":"iskry-milosci","status":"publish","type":"post","link":"https:\/\/filles-de-la-charite.org\/pl\/iskry-milosci\/","title":{"rendered":"Iskry mi\u0142o\u015bci"},"content":{"rendered":"\n<p><div style=\"text-align: justify;\"><span style=\"color: #929292;\"><b>[Prowincja \u015aw. Ludwiki De Marillac &#8211; Azja]<\/b><\/span> Siostry Mi\u0142osierdzia Z Filipin I Misji W Papui-Nowej Gwinei, Czuj\u0105 Si\u0119 Wyr\u00f3\u017cnione Nawet &#8222;Iskierkami&#8221; Mo\u017cliwo\u015bci S\u0142u\u017cenia Potrzebuj\u0105cym W Tym Czasie Pandemii I Dziel\u0105 Si\u0119 Z Nami T\u0105 Prezentacj\u0105 Na Temat Ich Zaanga\u017cowania Dla Tych, Kt\u00f3rzy Stoj\u0105c Na Pierwszej Linii Nara\u017caj\u0105 Swoje \u017bycie\u2026<\/div>  http:\/\/youtu.be\/U_wNU-cAoAs <iframe loading=\"lazy\" src=\"\/\/www.slideshare.net\/slideshow\/embed_code\/key\/EFtkel4fKPtYUH\" width=\"595\" height=\"485\" frameborder=\"0\" marginwidth=\"0\" marginheight=\"0\" scrolling=\"no\" style=\"border:1px solid #CCC; border-width:1px; margin-bottom:5px; max-width: 100%;\" allowfullscreen=\"\"> <\/iframe> <div style=\"margin-bottom:5px\"> <strong> <a title=\"Iskry mi\u0142o\u015bci (Prowincja \u015aw. Ludwiki De Marillac - Azja)\" rel=\"noopener noreferrer\" href=\"\/\/www.slideshare.net\/toma65\/iskry-mioci-prowincja-w-ludwiki-de-marillac-azja\" target=\"_blank\">Iskry mi\u0142o\u015bci (Prowincja \u015aw. Ludwiki De Marillac &#8211; Azja)<\/a> <\/strong><\/div><\/p>\n","protected":false},"excerpt":{"rendered":"<p>[Prowincja \u015aw. Ludwiki De Marillac &#8211; Azja] Siostry Mi\u0142osierdzia Z Filipin I Misji W Papui-Nowej Gwinei, Czuj\u0105 Si\u0119 Wyr\u00f3\u017cnione Nawet &#8222;Iskierkami&#8221; Mo\u017cliwo\u015bci S\u0142u\u017cenia Potrzebuj\u0105cym W Tym Czasie Pandemii I Dziel\u0105 Si\u0119 Z Nami T\u0105 Prezentacj\u0105 Na Temat Ich Zaanga\u017cowania Dla Tych, Kt\u00f3rzy Stoj\u0105c Na Pierwszej Linii Nara\u017caj\u0105 Swoje \u017bycie\u2026 http:\/\/youtu.be\/U_wNU-cAoAs Iskry mi\u0142o\u015bci (Prowincja \u015aw. Ludwiki [&hellip;]<\/p>\n","protected":false},"author":1,"featured_media":14723,"comment_status":"closed","ping_status":"closed","sticky":false,"template":"","format":"standard","meta":{"_acf_changed":false,"_et_pb_use_builder":"","_et_pb_old_content":"","_et_gb_content_width":"","footnotes":"","_links_to":"","_links_to_target":""},"categories":[762],"tags":[],"class_list":["post-24181","post","type-post","status-publish","format-standard","has-post-thumbnail","hentry","category-swieta-ludwika-azja-pl"],"acf":[],"yoast_head":"<!-- This site is optimized with the Yoast SEO plugin v27.4 - https:\/\/yoast.com\/product\/yoast-seo-wordpress\/ -->\n<title>Iskry mi\u0142o\u015bci - Filles de la Charit\u00e9<\/title>\n<meta name=\"robots\" content=\"index, follow, max-snippet:-1, max-image-preview:large, max-video-preview:-1\" \/>\n<link rel=\"canonical\" href=\"https:\/\/filles-de-la-charite.org\/pl\/iskry-milosci\/\" \/>\n<meta property=\"og:locale\" content=\"pl_PL\" \/>\n<meta property=\"og:type\" content=\"article\" \/>\n<meta property=\"og:title\" content=\"Iskry mi\u0142o\u015bci - Filles de la Charit\u00e9\" \/>\n<meta property=\"og:description\" content=\"[Prowincja \u015aw. Ludwiki De Marillac &#8211; Azja] Siostry Mi\u0142osierdzia Z Filipin I Misji W Papui-Nowej Gwinei, Czuj\u0105 Si\u0119 Wyr\u00f3\u017cnione Nawet &#8222;Iskierkami&#8221; Mo\u017cliwo\u015bci S\u0142u\u017cenia Potrzebuj\u0105cym W Tym Czasie Pandemii I Dziel\u0105 Si\u0119 Z Nami T\u0105 Prezentacj\u0105 Na Temat Ich Zaanga\u017cowania Dla Tych, Kt\u00f3rzy Stoj\u0105c Na Pierwszej Linii Nara\u017caj\u0105 Swoje \u017bycie\u2026 http:\/\/youtu.be\/U_wNU-cAoAs Iskry mi\u0142o\u015bci (Prowincja \u015aw. Ludwiki [&hellip;]\" \/>\n<meta property=\"og:url\" content=\"https:\/\/filles-de-la-charite.org\/pl\/iskry-milosci\/\" \/>\n<meta property=\"og:site_name\" content=\"Filles de la Charit\u00e9\" \/>\n<meta property=\"article:published_time\" content=\"2020-05-12T12:39:11+00:00\" \/>\n<meta property=\"article:modified_time\" content=\"2024-03-17T17:49:02+00:00\" \/>\n<meta property=\"og:image\" content=\"https:\/\/filles-de-la-charite.org\/wp-content\/uploads\/2023\/06\/200512-SLM-Asia-thmb.jpg\" \/>\n\t<meta property=\"og:image:width\" content=\"450\" \/>\n\t<meta property=\"og:image:height\" content=\"300\" \/>\n\t<meta property=\"og:image:type\" content=\"image\/jpeg\" \/>\n<meta name=\"author\" content=\"admin\" \/>\n<meta name=\"twitter:card\" content=\"summary_large_image\" \/>\n<meta name=\"twitter:label1\" content=\"Napisane przez\" \/>\n\t<meta name=\"twitter:data1\" content=\"admin\" \/>\n<script type=\"application\/ld+json\" class=\"yoast-schema-graph\">{\"@context\":\"https:\\\/\\\/schema.org\",\"@graph\":[{\"@type\":\"Article\",\"@id\":\"https:\\\/\\\/filles-de-la-charite.org\\\/pl\\\/iskry-milosci\\\/#article\",\"isPartOf\":{\"@id\":\"https:\\\/\\\/filles-de-la-charite.org\\\/pl\\\/iskry-milosci\\\/\"},\"author\":{\"name\":\"admin\",\"@id\":\"https:\\\/\\\/filles-de-la-charite.org\\\/pl\\\/#\\\/schema\\\/person\\\/427567b2eccfc2dd7d206da186a1f438\"},\"headline\":\"Iskry mi\u0142o\u015bci\",\"datePublished\":\"2020-05-12T12:39:11+00:00\",\"dateModified\":\"2024-03-17T17:49:02+00:00\",\"mainEntityOfPage\":{\"@id\":\"https:\\\/\\\/filles-de-la-charite.org\\\/pl\\\/iskry-milosci\\\/\"},\"wordCount\":80,\"publisher\":{\"@id\":\"https:\\\/\\\/filles-de-la-charite.org\\\/pl\\\/#organization\"},\"image\":{\"@id\":\"https:\\\/\\\/filles-de-la-charite.org\\\/pl\\\/iskry-milosci\\\/#primaryimage\"},\"thumbnailUrl\":\"https:\\\/\\\/filles-de-la-charite.org\\\/wp-content\\\/uploads\\\/2023\\\/06\\\/200512-SLM-Asia-thmb.jpg\",\"articleSection\":[\"\u015awi\u0119ta Ludwika \u2013 Azja\"],\"inLanguage\":\"pl-PL\"},{\"@type\":\"WebPage\",\"@id\":\"https:\\\/\\\/filles-de-la-charite.org\\\/pl\\\/iskry-milosci\\\/\",\"url\":\"https:\\\/\\\/filles-de-la-charite.org\\\/pl\\\/iskry-milosci\\\/\",\"name\":\"Iskry mi\u0142o\u015bci - Filles de la Charit\u00e9\",\"isPartOf\":{\"@id\":\"https:\\\/\\\/filles-de-la-charite.org\\\/pl\\\/#website\"},\"primaryImageOfPage\":{\"@id\":\"https:\\\/\\\/filles-de-la-charite.org\\\/pl\\\/iskry-milosci\\\/#primaryimage\"},\"image\":{\"@id\":\"https:\\\/\\\/filles-de-la-charite.org\\\/pl\\\/iskry-milosci\\\/#primaryimage\"},\"thumbnailUrl\":\"https:\\\/\\\/filles-de-la-charite.org\\\/wp-content\\\/uploads\\\/2023\\\/06\\\/200512-SLM-Asia-thmb.jpg\",\"datePublished\":\"2020-05-12T12:39:11+00:00\",\"dateModified\":\"2024-03-17T17:49:02+00:00\",\"breadcrumb\":{\"@id\":\"https:\\\/\\\/filles-de-la-charite.org\\\/pl\\\/iskry-milosci\\\/#breadcrumb\"},\"inLanguage\":\"pl-PL\",\"potentialAction\":[{\"@type\":\"ReadAction\",\"target\":[\"https:\\\/\\\/filles-de-la-charite.org\\\/pl\\\/iskry-milosci\\\/\"]}]},{\"@type\":\"ImageObject\",\"inLanguage\":\"pl-PL\",\"@id\":\"https:\\\/\\\/filles-de-la-charite.org\\\/pl\\\/iskry-milosci\\\/#primaryimage\",\"url\":\"https:\\\/\\\/filles-de-la-charite.org\\\/wp-content\\\/uploads\\\/2023\\\/06\\\/200512-SLM-Asia-thmb.jpg\",\"contentUrl\":\"https:\\\/\\\/filles-de-la-charite.org\\\/wp-content\\\/uploads\\\/2023\\\/06\\\/200512-SLM-Asia-thmb.jpg\",\"width\":450,\"height\":300},{\"@type\":\"BreadcrumbList\",\"@id\":\"https:\\\/\\\/filles-de-la-charite.org\\\/pl\\\/iskry-milosci\\\/#breadcrumb\",\"itemListElement\":[{\"@type\":\"ListItem\",\"position\":1,\"name\":\"Indonezja\",\"item\":\"https:\\\/\\\/filles-de-la-charite.org\\\/pl\\\/category\\\/indonezja\\\/\"},{\"@type\":\"ListItem\",\"position\":2,\"name\":\"Iskry mi\u0142o\u015bci\"}]},{\"@type\":\"WebSite\",\"@id\":\"https:\\\/\\\/filles-de-la-charite.org\\\/pl\\\/#website\",\"url\":\"https:\\\/\\\/filles-de-la-charite.org\\\/pl\\\/\",\"name\":\"Hijas de la Caridad\",\"description\":\"L\u2019amour de J\u00e9sus nous presse \u00e0 prendre soin des personnes les plus d\u00e9munies\",\"publisher\":{\"@id\":\"https:\\\/\\\/filles-de-la-charite.org\\\/pl\\\/#organization\"},\"potentialAction\":[{\"@type\":\"SearchAction\",\"target\":{\"@type\":\"EntryPoint\",\"urlTemplate\":\"https:\\\/\\\/filles-de-la-charite.org\\\/pl\\\/?s={search_term_string}\"},\"query-input\":{\"@type\":\"PropertyValueSpecification\",\"valueRequired\":true,\"valueName\":\"search_term_string\"}}],\"inLanguage\":\"pl-PL\"},{\"@type\":\"Organization\",\"@id\":\"https:\\\/\\\/filles-de-la-charite.org\\\/pl\\\/#organization\",\"name\":\"Hijas de la Caridad\",\"url\":\"https:\\\/\\\/filles-de-la-charite.org\\\/pl\\\/\",\"logo\":{\"@type\":\"ImageObject\",\"inLanguage\":\"pl-PL\",\"@id\":\"https:\\\/\\\/filles-de-la-charite.org\\\/pl\\\/#\\\/schema\\\/logo\\\/image\\\/\",\"url\":\"https:\\\/\\\/filles-de-la-charite.org\\\/wp-content\\\/uploads\\\/2023\\\/03\\\/isotipo-Hijas-de-la-Caridad.png\",\"contentUrl\":\"https:\\\/\\\/filles-de-la-charite.org\\\/wp-content\\\/uploads\\\/2023\\\/03\\\/isotipo-Hijas-de-la-Caridad.png\",\"width\":1417,\"height\":1417,\"caption\":\"Hijas de la Caridad\"},\"image\":{\"@id\":\"https:\\\/\\\/filles-de-la-charite.org\\\/pl\\\/#\\\/schema\\\/logo\\\/image\\\/\"}},{\"@type\":\"Person\",\"@id\":\"https:\\\/\\\/filles-de-la-charite.org\\\/pl\\\/#\\\/schema\\\/person\\\/427567b2eccfc2dd7d206da186a1f438\",\"name\":\"admin\",\"image\":{\"@type\":\"ImageObject\",\"inLanguage\":\"pl-PL\",\"@id\":\"https:\\\/\\\/secure.gravatar.com\\\/avatar\\\/948b492cce32b586ac2db0eaa926ee87024f7afe218d73b397ea5ddfc5f43ea1?s=96&d=mm&r=g\",\"url\":\"https:\\\/\\\/secure.gravatar.com\\\/avatar\\\/948b492cce32b586ac2db0eaa926ee87024f7afe218d73b397ea5ddfc5f43ea1?s=96&d=mm&r=g\",\"contentUrl\":\"https:\\\/\\\/secure.gravatar.com\\\/avatar\\\/948b492cce32b586ac2db0eaa926ee87024f7afe218d73b397ea5ddfc5f43ea1?s=96&d=mm&r=g\",\"caption\":\"admin\"},\"sameAs\":[\"https:\\\/\\\/filles-de-la-charite.org\"],\"url\":\"https:\\\/\\\/filles-de-la-charite.org\\\/pl\\\/author\\\/caridad\\\/\"}]}<\/script>\n<!-- \/ Yoast SEO plugin. -->","yoast_head_json":{"title":"Iskry mi\u0142o\u015bci - Filles de la Charit\u00e9","robots":{"index":"index","follow":"follow","max-snippet":"max-snippet:-1","max-image-preview":"max-image-preview:large","max-video-preview":"max-video-preview:-1"},"canonical":"https:\/\/filles-de-la-charite.org\/pl\/iskry-milosci\/","og_locale":"pl_PL","og_type":"article","og_title":"Iskry mi\u0142o\u015bci - Filles de la Charit\u00e9","og_description":"[Prowincja \u015aw. Ludwiki De Marillac &#8211; Azja] Siostry Mi\u0142osierdzia Z Filipin I Misji W Papui-Nowej Gwinei, Czuj\u0105 Si\u0119 Wyr\u00f3\u017cnione Nawet &#8222;Iskierkami&#8221; Mo\u017cliwo\u015bci S\u0142u\u017cenia Potrzebuj\u0105cym W Tym Czasie Pandemii I Dziel\u0105 Si\u0119 Z Nami T\u0105 Prezentacj\u0105 Na Temat Ich Zaanga\u017cowania Dla Tych, Kt\u00f3rzy Stoj\u0105c Na Pierwszej Linii Nara\u017caj\u0105 Swoje \u017bycie\u2026 http:\/\/youtu.be\/U_wNU-cAoAs Iskry mi\u0142o\u015bci (Prowincja \u015aw. Ludwiki [&hellip;]","og_url":"https:\/\/filles-de-la-charite.org\/pl\/iskry-milosci\/","og_site_name":"Filles de la Charit\u00e9","article_published_time":"2020-05-12T12:39:11+00:00","article_modified_time":"2024-03-17T17:49:02+00:00","og_image":[{"width":450,"height":300,"url":"https:\/\/filles-de-la-charite.org\/wp-content\/uploads\/2023\/06\/200512-SLM-Asia-thmb.jpg","type":"image\/jpeg"}],"author":"admin","twitter_card":"summary_large_image","twitter_misc":{"Napisane przez":"admin"},"schema":{"@context":"https:\/\/schema.org","@graph":[{"@type":"Article","@id":"https:\/\/filles-de-la-charite.org\/pl\/iskry-milosci\/#article","isPartOf":{"@id":"https:\/\/filles-de-la-charite.org\/pl\/iskry-milosci\/"},"author":{"name":"admin","@id":"https:\/\/filles-de-la-charite.org\/pl\/#\/schema\/person\/427567b2eccfc2dd7d206da186a1f438"},"headline":"Iskry mi\u0142o\u015bci","datePublished":"2020-05-12T12:39:11+00:00","dateModified":"2024-03-17T17:49:02+00:00","mainEntityOfPage":{"@id":"https:\/\/filles-de-la-charite.org\/pl\/iskry-milosci\/"},"wordCount":80,"publisher":{"@id":"https:\/\/filles-de-la-charite.org\/pl\/#organization"},"image":{"@id":"https:\/\/filles-de-la-charite.org\/pl\/iskry-milosci\/#primaryimage"},"thumbnailUrl":"https:\/\/filles-de-la-charite.org\/wp-content\/uploads\/2023\/06\/200512-SLM-Asia-thmb.jpg","articleSection":["\u015awi\u0119ta Ludwika \u2013 Azja"],"inLanguage":"pl-PL"},{"@type":"WebPage","@id":"https:\/\/filles-de-la-charite.org\/pl\/iskry-milosci\/","url":"https:\/\/filles-de-la-charite.org\/pl\/iskry-milosci\/","name":"Iskry mi\u0142o\u015bci - Filles de la Charit\u00e9","isPartOf":{"@id":"https:\/\/filles-de-la-charite.org\/pl\/#website"},"primaryImageOfPage":{"@id":"https:\/\/filles-de-la-charite.org\/pl\/iskry-milosci\/#primaryimage"},"image":{"@id":"https:\/\/filles-de-la-charite.org\/pl\/iskry-milosci\/#primaryimage"},"thumbnailUrl":"https:\/\/filles-de-la-charite.org\/wp-content\/uploads\/2023\/06\/200512-SLM-Asia-thmb.jpg","datePublished":"2020-05-12T12:39:11+00:00","dateModified":"2024-03-17T17:49:02+00:00","breadcrumb":{"@id":"https:\/\/filles-de-la-charite.org\/pl\/iskry-milosci\/#breadcrumb"},"inLanguage":"pl-PL","potentialAction":[{"@type":"ReadAction","target":["https:\/\/filles-de-la-charite.org\/pl\/iskry-milosci\/"]}]},{"@type":"ImageObject","inLanguage":"pl-PL","@id":"https:\/\/filles-de-la-charite.org\/pl\/iskry-milosci\/#primaryimage","url":"https:\/\/filles-de-la-charite.org\/wp-content\/uploads\/2023\/06\/200512-SLM-Asia-thmb.jpg","contentUrl":"https:\/\/filles-de-la-charite.org\/wp-content\/uploads\/2023\/06\/200512-SLM-Asia-thmb.jpg","width":450,"height":300},{"@type":"BreadcrumbList","@id":"https:\/\/filles-de-la-charite.org\/pl\/iskry-milosci\/#breadcrumb","itemListElement":[{"@type":"ListItem","position":1,"name":"Indonezja","item":"https:\/\/filles-de-la-charite.org\/pl\/category\/indonezja\/"},{"@type":"ListItem","position":2,"name":"Iskry mi\u0142o\u015bci"}]},{"@type":"WebSite","@id":"https:\/\/filles-de-la-charite.org\/pl\/#website","url":"https:\/\/filles-de-la-charite.org\/pl\/","name":"Hijas de la Caridad","description":"L\u2019amour de J\u00e9sus nous presse \u00e0 prendre soin des personnes les plus d\u00e9munies","publisher":{"@id":"https:\/\/filles-de-la-charite.org\/pl\/#organization"},"potentialAction":[{"@type":"SearchAction","target":{"@type":"EntryPoint","urlTemplate":"https:\/\/filles-de-la-charite.org\/pl\/?s={search_term_string}"},"query-input":{"@type":"PropertyValueSpecification","valueRequired":true,"valueName":"search_term_string"}}],"inLanguage":"pl-PL"},{"@type":"Organization","@id":"https:\/\/filles-de-la-charite.org\/pl\/#organization","name":"Hijas de la Caridad","url":"https:\/\/filles-de-la-charite.org\/pl\/","logo":{"@type":"ImageObject","inLanguage":"pl-PL","@id":"https:\/\/filles-de-la-charite.org\/pl\/#\/schema\/logo\/image\/","url":"https:\/\/filles-de-la-charite.org\/wp-content\/uploads\/2023\/03\/isotipo-Hijas-de-la-Caridad.png","contentUrl":"https:\/\/filles-de-la-charite.org\/wp-content\/uploads\/2023\/03\/isotipo-Hijas-de-la-Caridad.png","width":1417,"height":1417,"caption":"Hijas de la Caridad"},"image":{"@id":"https:\/\/filles-de-la-charite.org\/pl\/#\/schema\/logo\/image\/"}},{"@type":"Person","@id":"https:\/\/filles-de-la-charite.org\/pl\/#\/schema\/person\/427567b2eccfc2dd7d206da186a1f438","name":"admin","image":{"@type":"ImageObject","inLanguage":"pl-PL","@id":"https:\/\/secure.gravatar.com\/avatar\/948b492cce32b586ac2db0eaa926ee87024f7afe218d73b397ea5ddfc5f43ea1?s=96&d=mm&r=g","url":"https:\/\/secure.gravatar.com\/avatar\/948b492cce32b586ac2db0eaa926ee87024f7afe218d73b397ea5ddfc5f43ea1?s=96&d=mm&r=g","contentUrl":"https:\/\/secure.gravatar.com\/avatar\/948b492cce32b586ac2db0eaa926ee87024f7afe218d73b397ea5ddfc5f43ea1?s=96&d=mm&r=g","caption":"admin"},"sameAs":["https:\/\/filles-de-la-charite.org"],"url":"https:\/\/filles-de-la-charite.org\/pl\/author\/caridad\/"}]}},"_links":{"self":[{"href":"https:\/\/filles-de-la-charite.org\/pl\/wp-json\/wp\/v2\/posts\/24181","targetHints":{"allow":["GET"]}}],"collection":[{"href":"https:\/\/filles-de-la-charite.org\/pl\/wp-json\/wp\/v2\/posts"}],"about":[{"href":"https:\/\/filles-de-la-charite.org\/pl\/wp-json\/wp\/v2\/types\/post"}],"author":[{"embeddable":true,"href":"https:\/\/filles-de-la-charite.org\/pl\/wp-json\/wp\/v2\/users\/1"}],"replies":[{"embeddable":true,"href":"https:\/\/filles-de-la-charite.org\/pl\/wp-json\/wp\/v2\/comments?post=24181"}],"version-history":[{"count":1,"href":"https:\/\/filles-de-la-charite.org\/pl\/wp-json\/wp\/v2\/posts\/24181\/revisions"}],"predecessor-version":[{"id":34530,"href":"https:\/\/filles-de-la-charite.org\/pl\/wp-json\/wp\/v2\/posts\/24181\/revisions\/34530"}],"wp:featuredmedia":[{"embeddable":true,"href":"https:\/\/filles-de-la-charite.org\/pl\/wp-json\/wp\/v2\/media\/14723"}],"wp:attachment":[{"href":"https:\/\/filles-de-la-charite.org\/pl\/wp-json\/wp\/v2\/media?parent=24181"}],"wp:term":[{"taxonomy":"category","embeddable":true,"href":"https:\/\/filles-de-la-charite.org\/pl\/wp-json\/wp\/v2\/categories?post=24181"},{"taxonomy":"post_tag","embeddable":true,"href":"https:\/\/filles-de-la-charite.org\/pl\/wp-json\/wp\/v2\/tags?post=24181"}],"curies":[{"name":"wp","href":"https:\/\/api.w.org\/{rel}","templated":true}]}}