{"id":24195,"date":"2020-06-02T22:14:29","date_gmt":"2020-06-02T20:14:29","guid":{"rendered":"https:\/\/hijascaridad.sjdigitaldemo.ovh\/being-gods-instruments-a-response-to-covid-19-4\/"},"modified":"2024-03-17T18:25:48","modified_gmt":"2024-03-17T17:25:48","slug":"being-gods-instruments-a-response-to-covid-19-4","status":"publish","type":"post","link":"https:\/\/filles-de-la-charite.org\/pl\/being-gods-instruments-a-response-to-covid-19-4\/","title":{"rendered":"Bycie narz\u0119dziami Boga: odpowied\u017a na COVID-19"},"content":{"rendered":"\n<p>Jako Siostry Domu Prowincjalnegoz Prowincji Po\u0142udniowych Indii, odpowiedzia\u0142y\u015bmy na nagl\u0105ce wezwanie Covid-19, rozdaj\u0105c paczki \u017cywieniowe i produkty higieniczne 1500 rodzinom ze slums\u00f3w, a tak\u017ce pracownikom, kt\u00f3rzy pochodz\u0105 z migracji i innym biednym ludziom na ulicach. Zakupi\u0142y\u015bmy te produkty w hurtowniach przy pomocy organizacji pozarz\u0105dowych (NGO) oraz Si\u00f3str, a tak\u017ce kandydatek do naszej Prowincji i os\u00f3b pracuj\u0105cych z nami. Uszyto i rozdano wraz z tymi paczkami oko\u0142o 3000 masek na twarz.<\/p>\n\n\n\n<p>Pomimo obawy przed zara\u017ceniem koronawirusem lub stania si\u0119 jego nosicielem, kt\u00f3ry m\u00f3g\u0142by zarazi\u0107 Wsp\u00f3lnot\u0119 i dzieci przebywaj\u0105ce w naszym domu, podj\u0119\u0142y\u015bmy ten \u015bmia\u0142y krok, by dotrze\u0107 do potrzebuj\u0105cych. Wi\u0119ksze ryzyko wi\u0105\u017ce si\u0119 jednak z zamkni\u0119ciem oczu na wirusa g\u0142odu, co sk\u0142oni\u0142o nas do przezwyci\u0119\u017cenia l\u0119ku przed chorob\u0105. Wyzwanie polega\u0142o na przestrzeganiu wszystkich \u015brodk\u00f3w ostro\u017cno\u015bci i przestrzeganiu zasad, a tak\u017ce pr\u00f3bie uzyskania zgody urz\u0119dnik\u00f3w pa\u0144stwowych i policji. W\u0142adze pocz\u0105tkowo waha\u0142y si\u0119, ale otrzyma\u0142y\u015bmy zgod\u0119; w rzeczywisto\u015bci byli \u017cyczliwi i wspierali nasze wysi\u0142ki.<\/p>\n\n\n\n<div class=\"wp-block-image\"><figure class=\"aligncenter\"><img decoding=\"async\" src=\"https:\/\/filles-de-la-charite.org\/wp-content\/uploads\/2023\/06\/200601-India-4.jpg\" alt=\"\" class=\"wp-image-41000\"\/><\/figure><\/div>\n\n\n\n<p>Cieszymy si\u0119, \u017ce B\u00f3g u\u017cy\u0142 nas jako swoich narz\u0119dzi, aby pocieszy\u0107 najbiedniejszych z biednych w spo\u0142ecze\u0144stwie; u\u015bmiechni\u0119te, pomarszczone twarze starszych wd\u00f3w i innych podobnych im os\u00f3b by\u0142y obrazem Boga i na zawsze pozostan\u0105 \u015bwie\u017ce w naszej pami\u0119ci.<\/p>\n\n\n\n<p>Podobnej pomocy udzielono najbardziej potrzebuj\u0105cym przez inne wsp\u00f3lnoty Si\u00f3str Mi\u0142osierdzia w Prowincji: Dom \u015bw. Wincentego w Manmadzie, Shanthi Rani Nilayam w Kallal, Dom Karunambika w Hemachandrapuram i Dom \u015bw. Wincentego w Oragadom.<\/p>\n\n\n\n<p class=\"has-text-align-right\">S. Rose CHIRAYIL Siostra Wizytatorka<\/p>\n\n\n\n<div class=\"wp-block-image\"><figure class=\"aligncenter\"><img decoding=\"async\" src=\"https:\/\/filles-de-la-charite.org\/wp-content\/uploads\/2023\/06\/200601-India-57.jpg\" alt=\"\" class=\"wp-image-41003\"\/><\/figure><\/div>\n\n\n\n<div class=\"wp-block-image\"><figure class=\"aligncenter\"><img decoding=\"async\" src=\"https:\/\/filles-de-la-charite.org\/wp-content\/uploads\/2023\/06\/200601-India-46.jpg\" alt=\"\" class=\"wp-image-41002\"\/><\/figure><\/div>\n\n\n\n<div class=\"wp-block-image\"><figure class=\"aligncenter\"><img decoding=\"async\" src=\"https:\/\/filles-de-la-charite.org\/wp-content\/uploads\/2023\/06\/200601-India-12.jpg\" alt=\"\" class=\"wp-image-41001\"\/><\/figure><\/div>\n","protected":false},"excerpt":{"rendered":"<p>Jako Siostry Domu Prowincjalnegoz Prowincji Po\u0142udniowych Indii, odpowiedzia\u0142y\u015bmy na nagl\u0105ce wezwanie Covid-19, rozdaj\u0105c paczki \u017cywieniowe i produkty higieniczne 1500 rodzinom ze slums\u00f3w, a tak\u017ce pracownikom, kt\u00f3rzy pochodz\u0105 z migracji i innym biednym ludziom na ulicach. Zakupi\u0142y\u015bmy te produkty w hurtowniach przy pomocy organizacji pozarz\u0105dowych (NGO) oraz Si\u00f3str, a tak\u017ce kandydatek do naszej Prowincji i os\u00f3b [&hellip;]<\/p>\n","protected":false},"author":1,"featured_media":14762,"comment_status":"closed","ping_status":"closed","sticky":false,"template":"","format":"standard","meta":{"_acf_changed":false,"_et_pb_use_builder":"","_et_pb_old_content":"","_et_gb_content_width":"","footnotes":"","_links_to":"","_links_to_target":""},"categories":[752],"tags":[],"class_list":["post-24195","post","type-post","status-publish","format-standard","has-post-thumbnail","hentry","category-india-del-sur-pl"],"acf":[],"yoast_head":"<!-- This site is optimized with the Yoast SEO plugin v27.5 - https:\/\/yoast.com\/product\/yoast-seo-wordpress\/ -->\n<title>Bycie narz\u0119dziami Boga: odpowied\u017a na COVID-19 - Filles de la Charit\u00e9<\/title>\n<meta name=\"robots\" content=\"index, follow, max-snippet:-1, max-image-preview:large, max-video-preview:-1\" \/>\n<link rel=\"canonical\" href=\"https:\/\/filles-de-la-charite.org\/pl\/being-gods-instruments-a-response-to-covid-19-4\/\" \/>\n<meta property=\"og:locale\" content=\"pl_PL\" \/>\n<meta property=\"og:type\" content=\"article\" \/>\n<meta property=\"og:title\" content=\"Bycie narz\u0119dziami Boga: odpowied\u017a na COVID-19 - Filles de la Charit\u00e9\" \/>\n<meta property=\"og:description\" content=\"Jako Siostry Domu Prowincjalnegoz Prowincji Po\u0142udniowych Indii, odpowiedzia\u0142y\u015bmy na nagl\u0105ce wezwanie Covid-19, rozdaj\u0105c paczki \u017cywieniowe i produkty higieniczne 1500 rodzinom ze slums\u00f3w, a tak\u017ce pracownikom, kt\u00f3rzy pochodz\u0105 z migracji i innym biednym ludziom na ulicach. Zakupi\u0142y\u015bmy te produkty w hurtowniach przy pomocy organizacji pozarz\u0105dowych (NGO) oraz Si\u00f3str, a tak\u017ce kandydatek do naszej Prowincji i os\u00f3b [&hellip;]\" \/>\n<meta property=\"og:url\" content=\"https:\/\/filles-de-la-charite.org\/pl\/being-gods-instruments-a-response-to-covid-19-4\/\" \/>\n<meta property=\"og:site_name\" content=\"Filles de la Charit\u00e9\" \/>\n<meta property=\"article:published_time\" content=\"2020-06-02T20:14:29+00:00\" \/>\n<meta property=\"article:modified_time\" content=\"2024-03-17T17:25:48+00:00\" \/>\n<meta property=\"og:image\" content=\"https:\/\/filles-de-la-charite.org\/wp-content\/uploads\/2023\/06\/200606-Nigeria-ftd.jpg\" \/>\n\t<meta property=\"og:image:width\" content=\"1200\" \/>\n\t<meta property=\"og:image:height\" content=\"630\" \/>\n\t<meta property=\"og:image:type\" content=\"image\/jpeg\" \/>\n<meta name=\"author\" content=\"admin\" \/>\n<meta name=\"twitter:card\" content=\"summary_large_image\" \/>\n<meta name=\"twitter:label1\" content=\"Napisane przez\" \/>\n\t<meta name=\"twitter:data1\" content=\"admin\" \/>\n\t<meta name=\"twitter:label2\" content=\"Szacowany czas czytania\" \/>\n\t<meta name=\"twitter:data2\" content=\"1 minuta\" \/>\n<script type=\"application\/ld+json\" class=\"yoast-schema-graph\">{\"@context\":\"https:\\\/\\\/schema.org\",\"@graph\":[{\"@type\":\"Article\",\"@id\":\"https:\\\/\\\/filles-de-la-charite.org\\\/pl\\\/being-gods-instruments-a-response-to-covid-19-4\\\/#article\",\"isPartOf\":{\"@id\":\"https:\\\/\\\/filles-de-la-charite.org\\\/pl\\\/being-gods-instruments-a-response-to-covid-19-4\\\/\"},\"author\":{\"name\":\"admin\",\"@id\":\"https:\\\/\\\/filles-de-la-charite.org\\\/pl\\\/#\\\/schema\\\/person\\\/427567b2eccfc2dd7d206da186a1f438\"},\"headline\":\"Bycie narz\u0119dziami Boga: odpowied\u017a na COVID-19\",\"datePublished\":\"2020-06-02T20:14:29+00:00\",\"dateModified\":\"2024-03-17T17:25:48+00:00\",\"mainEntityOfPage\":{\"@id\":\"https:\\\/\\\/filles-de-la-charite.org\\\/pl\\\/being-gods-instruments-a-response-to-covid-19-4\\\/\"},\"wordCount\":296,\"publisher\":{\"@id\":\"https:\\\/\\\/filles-de-la-charite.org\\\/pl\\\/#organization\"},\"image\":{\"@id\":\"https:\\\/\\\/filles-de-la-charite.org\\\/pl\\\/being-gods-instruments-a-response-to-covid-19-4\\\/#primaryimage\"},\"thumbnailUrl\":\"https:\\\/\\\/filles-de-la-charite.org\\\/wp-content\\\/uploads\\\/2023\\\/06\\\/200606-Nigeria-ftd.jpg\",\"articleSection\":[\"Indie Poludniowe\"],\"inLanguage\":\"pl-PL\"},{\"@type\":\"WebPage\",\"@id\":\"https:\\\/\\\/filles-de-la-charite.org\\\/pl\\\/being-gods-instruments-a-response-to-covid-19-4\\\/\",\"url\":\"https:\\\/\\\/filles-de-la-charite.org\\\/pl\\\/being-gods-instruments-a-response-to-covid-19-4\\\/\",\"name\":\"Bycie narz\u0119dziami Boga: odpowied\u017a na COVID-19 - Filles de la Charit\u00e9\",\"isPartOf\":{\"@id\":\"https:\\\/\\\/filles-de-la-charite.org\\\/pl\\\/#website\"},\"primaryImageOfPage\":{\"@id\":\"https:\\\/\\\/filles-de-la-charite.org\\\/pl\\\/being-gods-instruments-a-response-to-covid-19-4\\\/#primaryimage\"},\"image\":{\"@id\":\"https:\\\/\\\/filles-de-la-charite.org\\\/pl\\\/being-gods-instruments-a-response-to-covid-19-4\\\/#primaryimage\"},\"thumbnailUrl\":\"https:\\\/\\\/filles-de-la-charite.org\\\/wp-content\\\/uploads\\\/2023\\\/06\\\/200606-Nigeria-ftd.jpg\",\"datePublished\":\"2020-06-02T20:14:29+00:00\",\"dateModified\":\"2024-03-17T17:25:48+00:00\",\"breadcrumb\":{\"@id\":\"https:\\\/\\\/filles-de-la-charite.org\\\/pl\\\/being-gods-instruments-a-response-to-covid-19-4\\\/#breadcrumb\"},\"inLanguage\":\"pl-PL\",\"potentialAction\":[{\"@type\":\"ReadAction\",\"target\":[\"https:\\\/\\\/filles-de-la-charite.org\\\/pl\\\/being-gods-instruments-a-response-to-covid-19-4\\\/\"]}]},{\"@type\":\"ImageObject\",\"inLanguage\":\"pl-PL\",\"@id\":\"https:\\\/\\\/filles-de-la-charite.org\\\/pl\\\/being-gods-instruments-a-response-to-covid-19-4\\\/#primaryimage\",\"url\":\"https:\\\/\\\/filles-de-la-charite.org\\\/wp-content\\\/uploads\\\/2023\\\/06\\\/200606-Nigeria-ftd.jpg\",\"contentUrl\":\"https:\\\/\\\/filles-de-la-charite.org\\\/wp-content\\\/uploads\\\/2023\\\/06\\\/200606-Nigeria-ftd.jpg\",\"width\":1200,\"height\":630},{\"@type\":\"BreadcrumbList\",\"@id\":\"https:\\\/\\\/filles-de-la-charite.org\\\/pl\\\/being-gods-instruments-a-response-to-covid-19-4\\\/#breadcrumb\",\"itemListElement\":[{\"@type\":\"ListItem\",\"position\":1,\"name\":\"Indie Poludniowe\",\"item\":\"https:\\\/\\\/filles-de-la-charite.org\\\/pl\\\/category\\\/india-del-sur-pl\\\/\"},{\"@type\":\"ListItem\",\"position\":2,\"name\":\"Bycie narz\u0119dziami Boga: odpowied\u017a na COVID-19\"}]},{\"@type\":\"WebSite\",\"@id\":\"https:\\\/\\\/filles-de-la-charite.org\\\/pl\\\/#website\",\"url\":\"https:\\\/\\\/filles-de-la-charite.org\\\/pl\\\/\",\"name\":\"Hijas de la Caridad\",\"description\":\"L\u2019amour de J\u00e9sus nous presse \u00e0 prendre soin des personnes les plus d\u00e9munies\",\"publisher\":{\"@id\":\"https:\\\/\\\/filles-de-la-charite.org\\\/pl\\\/#organization\"},\"potentialAction\":[{\"@type\":\"SearchAction\",\"target\":{\"@type\":\"EntryPoint\",\"urlTemplate\":\"https:\\\/\\\/filles-de-la-charite.org\\\/pl\\\/?s={search_term_string}\"},\"query-input\":{\"@type\":\"PropertyValueSpecification\",\"valueRequired\":true,\"valueName\":\"search_term_string\"}}],\"inLanguage\":\"pl-PL\"},{\"@type\":\"Organization\",\"@id\":\"https:\\\/\\\/filles-de-la-charite.org\\\/pl\\\/#organization\",\"name\":\"Hijas de la Caridad\",\"url\":\"https:\\\/\\\/filles-de-la-charite.org\\\/pl\\\/\",\"logo\":{\"@type\":\"ImageObject\",\"inLanguage\":\"pl-PL\",\"@id\":\"https:\\\/\\\/filles-de-la-charite.org\\\/pl\\\/#\\\/schema\\\/logo\\\/image\\\/\",\"url\":\"https:\\\/\\\/filles-de-la-charite.org\\\/wp-content\\\/uploads\\\/2023\\\/03\\\/isotipo-Hijas-de-la-Caridad.png\",\"contentUrl\":\"https:\\\/\\\/filles-de-la-charite.org\\\/wp-content\\\/uploads\\\/2023\\\/03\\\/isotipo-Hijas-de-la-Caridad.png\",\"width\":1417,\"height\":1417,\"caption\":\"Hijas de la Caridad\"},\"image\":{\"@id\":\"https:\\\/\\\/filles-de-la-charite.org\\\/pl\\\/#\\\/schema\\\/logo\\\/image\\\/\"}},{\"@type\":\"Person\",\"@id\":\"https:\\\/\\\/filles-de-la-charite.org\\\/pl\\\/#\\\/schema\\\/person\\\/427567b2eccfc2dd7d206da186a1f438\",\"name\":\"admin\",\"image\":{\"@type\":\"ImageObject\",\"inLanguage\":\"pl-PL\",\"@id\":\"https:\\\/\\\/secure.gravatar.com\\\/avatar\\\/948b492cce32b586ac2db0eaa926ee87024f7afe218d73b397ea5ddfc5f43ea1?s=96&d=mm&r=g\",\"url\":\"https:\\\/\\\/secure.gravatar.com\\\/avatar\\\/948b492cce32b586ac2db0eaa926ee87024f7afe218d73b397ea5ddfc5f43ea1?s=96&d=mm&r=g\",\"contentUrl\":\"https:\\\/\\\/secure.gravatar.com\\\/avatar\\\/948b492cce32b586ac2db0eaa926ee87024f7afe218d73b397ea5ddfc5f43ea1?s=96&d=mm&r=g\",\"caption\":\"admin\"},\"sameAs\":[\"https:\\\/\\\/filles-de-la-charite.org\"],\"url\":\"https:\\\/\\\/filles-de-la-charite.org\\\/pl\\\/author\\\/caridad\\\/\"}]}<\/script>\n<!-- \/ Yoast SEO plugin. -->","yoast_head_json":{"title":"Bycie narz\u0119dziami Boga: odpowied\u017a na COVID-19 - Filles de la Charit\u00e9","robots":{"index":"index","follow":"follow","max-snippet":"max-snippet:-1","max-image-preview":"max-image-preview:large","max-video-preview":"max-video-preview:-1"},"canonical":"https:\/\/filles-de-la-charite.org\/pl\/being-gods-instruments-a-response-to-covid-19-4\/","og_locale":"pl_PL","og_type":"article","og_title":"Bycie narz\u0119dziami Boga: odpowied\u017a na COVID-19 - Filles de la Charit\u00e9","og_description":"Jako Siostry Domu Prowincjalnegoz Prowincji Po\u0142udniowych Indii, odpowiedzia\u0142y\u015bmy na nagl\u0105ce wezwanie Covid-19, rozdaj\u0105c paczki \u017cywieniowe i produkty higieniczne 1500 rodzinom ze slums\u00f3w, a tak\u017ce pracownikom, kt\u00f3rzy pochodz\u0105 z migracji i innym biednym ludziom na ulicach. Zakupi\u0142y\u015bmy te produkty w hurtowniach przy pomocy organizacji pozarz\u0105dowych (NGO) oraz Si\u00f3str, a tak\u017ce kandydatek do naszej Prowincji i os\u00f3b [&hellip;]","og_url":"https:\/\/filles-de-la-charite.org\/pl\/being-gods-instruments-a-response-to-covid-19-4\/","og_site_name":"Filles de la Charit\u00e9","article_published_time":"2020-06-02T20:14:29+00:00","article_modified_time":"2024-03-17T17:25:48+00:00","og_image":[{"width":1200,"height":630,"url":"https:\/\/filles-de-la-charite.org\/wp-content\/uploads\/2023\/06\/200606-Nigeria-ftd.jpg","type":"image\/jpeg"}],"author":"admin","twitter_card":"summary_large_image","twitter_misc":{"Napisane przez":"admin","Szacowany czas czytania":"1 minuta"},"schema":{"@context":"https:\/\/schema.org","@graph":[{"@type":"Article","@id":"https:\/\/filles-de-la-charite.org\/pl\/being-gods-instruments-a-response-to-covid-19-4\/#article","isPartOf":{"@id":"https:\/\/filles-de-la-charite.org\/pl\/being-gods-instruments-a-response-to-covid-19-4\/"},"author":{"name":"admin","@id":"https:\/\/filles-de-la-charite.org\/pl\/#\/schema\/person\/427567b2eccfc2dd7d206da186a1f438"},"headline":"Bycie narz\u0119dziami Boga: odpowied\u017a na COVID-19","datePublished":"2020-06-02T20:14:29+00:00","dateModified":"2024-03-17T17:25:48+00:00","mainEntityOfPage":{"@id":"https:\/\/filles-de-la-charite.org\/pl\/being-gods-instruments-a-response-to-covid-19-4\/"},"wordCount":296,"publisher":{"@id":"https:\/\/filles-de-la-charite.org\/pl\/#organization"},"image":{"@id":"https:\/\/filles-de-la-charite.org\/pl\/being-gods-instruments-a-response-to-covid-19-4\/#primaryimage"},"thumbnailUrl":"https:\/\/filles-de-la-charite.org\/wp-content\/uploads\/2023\/06\/200606-Nigeria-ftd.jpg","articleSection":["Indie Poludniowe"],"inLanguage":"pl-PL"},{"@type":"WebPage","@id":"https:\/\/filles-de-la-charite.org\/pl\/being-gods-instruments-a-response-to-covid-19-4\/","url":"https:\/\/filles-de-la-charite.org\/pl\/being-gods-instruments-a-response-to-covid-19-4\/","name":"Bycie narz\u0119dziami Boga: odpowied\u017a na COVID-19 - Filles de la Charit\u00e9","isPartOf":{"@id":"https:\/\/filles-de-la-charite.org\/pl\/#website"},"primaryImageOfPage":{"@id":"https:\/\/filles-de-la-charite.org\/pl\/being-gods-instruments-a-response-to-covid-19-4\/#primaryimage"},"image":{"@id":"https:\/\/filles-de-la-charite.org\/pl\/being-gods-instruments-a-response-to-covid-19-4\/#primaryimage"},"thumbnailUrl":"https:\/\/filles-de-la-charite.org\/wp-content\/uploads\/2023\/06\/200606-Nigeria-ftd.jpg","datePublished":"2020-06-02T20:14:29+00:00","dateModified":"2024-03-17T17:25:48+00:00","breadcrumb":{"@id":"https:\/\/filles-de-la-charite.org\/pl\/being-gods-instruments-a-response-to-covid-19-4\/#breadcrumb"},"inLanguage":"pl-PL","potentialAction":[{"@type":"ReadAction","target":["https:\/\/filles-de-la-charite.org\/pl\/being-gods-instruments-a-response-to-covid-19-4\/"]}]},{"@type":"ImageObject","inLanguage":"pl-PL","@id":"https:\/\/filles-de-la-charite.org\/pl\/being-gods-instruments-a-response-to-covid-19-4\/#primaryimage","url":"https:\/\/filles-de-la-charite.org\/wp-content\/uploads\/2023\/06\/200606-Nigeria-ftd.jpg","contentUrl":"https:\/\/filles-de-la-charite.org\/wp-content\/uploads\/2023\/06\/200606-Nigeria-ftd.jpg","width":1200,"height":630},{"@type":"BreadcrumbList","@id":"https:\/\/filles-de-la-charite.org\/pl\/being-gods-instruments-a-response-to-covid-19-4\/#breadcrumb","itemListElement":[{"@type":"ListItem","position":1,"name":"Indie Poludniowe","item":"https:\/\/filles-de-la-charite.org\/pl\/category\/india-del-sur-pl\/"},{"@type":"ListItem","position":2,"name":"Bycie narz\u0119dziami Boga: odpowied\u017a na COVID-19"}]},{"@type":"WebSite","@id":"https:\/\/filles-de-la-charite.org\/pl\/#website","url":"https:\/\/filles-de-la-charite.org\/pl\/","name":"Hijas de la Caridad","description":"L\u2019amour de J\u00e9sus nous presse \u00e0 prendre soin des personnes les plus d\u00e9munies","publisher":{"@id":"https:\/\/filles-de-la-charite.org\/pl\/#organization"},"potentialAction":[{"@type":"SearchAction","target":{"@type":"EntryPoint","urlTemplate":"https:\/\/filles-de-la-charite.org\/pl\/?s={search_term_string}"},"query-input":{"@type":"PropertyValueSpecification","valueRequired":true,"valueName":"search_term_string"}}],"inLanguage":"pl-PL"},{"@type":"Organization","@id":"https:\/\/filles-de-la-charite.org\/pl\/#organization","name":"Hijas de la Caridad","url":"https:\/\/filles-de-la-charite.org\/pl\/","logo":{"@type":"ImageObject","inLanguage":"pl-PL","@id":"https:\/\/filles-de-la-charite.org\/pl\/#\/schema\/logo\/image\/","url":"https:\/\/filles-de-la-charite.org\/wp-content\/uploads\/2023\/03\/isotipo-Hijas-de-la-Caridad.png","contentUrl":"https:\/\/filles-de-la-charite.org\/wp-content\/uploads\/2023\/03\/isotipo-Hijas-de-la-Caridad.png","width":1417,"height":1417,"caption":"Hijas de la Caridad"},"image":{"@id":"https:\/\/filles-de-la-charite.org\/pl\/#\/schema\/logo\/image\/"}},{"@type":"Person","@id":"https:\/\/filles-de-la-charite.org\/pl\/#\/schema\/person\/427567b2eccfc2dd7d206da186a1f438","name":"admin","image":{"@type":"ImageObject","inLanguage":"pl-PL","@id":"https:\/\/secure.gravatar.com\/avatar\/948b492cce32b586ac2db0eaa926ee87024f7afe218d73b397ea5ddfc5f43ea1?s=96&d=mm&r=g","url":"https:\/\/secure.gravatar.com\/avatar\/948b492cce32b586ac2db0eaa926ee87024f7afe218d73b397ea5ddfc5f43ea1?s=96&d=mm&r=g","contentUrl":"https:\/\/secure.gravatar.com\/avatar\/948b492cce32b586ac2db0eaa926ee87024f7afe218d73b397ea5ddfc5f43ea1?s=96&d=mm&r=g","caption":"admin"},"sameAs":["https:\/\/filles-de-la-charite.org"],"url":"https:\/\/filles-de-la-charite.org\/pl\/author\/caridad\/"}]}},"_links":{"self":[{"href":"https:\/\/filles-de-la-charite.org\/pl\/wp-json\/wp\/v2\/posts\/24195","targetHints":{"allow":["GET"]}}],"collection":[{"href":"https:\/\/filles-de-la-charite.org\/pl\/wp-json\/wp\/v2\/posts"}],"about":[{"href":"https:\/\/filles-de-la-charite.org\/pl\/wp-json\/wp\/v2\/types\/post"}],"author":[{"embeddable":true,"href":"https:\/\/filles-de-la-charite.org\/pl\/wp-json\/wp\/v2\/users\/1"}],"replies":[{"embeddable":true,"href":"https:\/\/filles-de-la-charite.org\/pl\/wp-json\/wp\/v2\/comments?post=24195"}],"version-history":[{"count":1,"href":"https:\/\/filles-de-la-charite.org\/pl\/wp-json\/wp\/v2\/posts\/24195\/revisions"}],"predecessor-version":[{"id":24196,"href":"https:\/\/filles-de-la-charite.org\/pl\/wp-json\/wp\/v2\/posts\/24195\/revisions\/24196"}],"wp:featuredmedia":[{"embeddable":true,"href":"https:\/\/filles-de-la-charite.org\/pl\/wp-json\/wp\/v2\/media\/14762"}],"wp:attachment":[{"href":"https:\/\/filles-de-la-charite.org\/pl\/wp-json\/wp\/v2\/media?parent=24195"}],"wp:term":[{"taxonomy":"category","embeddable":true,"href":"https:\/\/filles-de-la-charite.org\/pl\/wp-json\/wp\/v2\/categories?post=24195"},{"taxonomy":"post_tag","embeddable":true,"href":"https:\/\/filles-de-la-charite.org\/pl\/wp-json\/wp\/v2\/tags?post=24195"}],"curies":[{"name":"wp","href":"https:\/\/api.w.org\/{rel}","templated":true}]}}