{"id":24198,"date":"2020-06-06T21:45:45","date_gmt":"2020-06-06T19:45:45","guid":{"rendered":"https:\/\/hijascaridad.sjdigitaldemo.ovh\/with-courage-and-missionary-audacity-a-response-to-covid-19-pandemic-4\/"},"modified":"2024-03-17T18:25:27","modified_gmt":"2024-03-17T17:25:27","slug":"with-courage-and-missionary-audacity-a-response-to-covid-19-pandemic-4","status":"publish","type":"post","link":"https:\/\/filles-de-la-charite.org\/pl\/with-courage-and-missionary-audacity-a-response-to-covid-19-pandemic-4\/","title":{"rendered":"Z odwag\u0105 i \u015bmia\u0142o\u015bci\u0105 misyjn\u0105: odpowied\u017a na pandemi\u0119 COVID-19"},"content":{"rendered":"\n<p>Siostry z Prowincji Nigerii (pos\u0142uguj\u0105ce w Burkina Faso, Ghanie i Nigerii) uczestniczy\u0142y na r\u00f3\u017cne sposoby w walce z koronawirusem.<\/p>\n\n\n\n<p>Ich pomoc obejmowa\u0142a:<\/p>\n\n\n\n<ul class=\"wp-block-list\"><li>Kampanie u\u015bwiadamiaj\u0105ce na temat zapobiegania infekcji koronawirusem poprzez praktyczn\u0105 demonstracj\u0119<\/li><li>Zakup i dystrybucja artyku\u0142\u00f3w \u017cywno\u015bciowych w\u015br\u00f3d os\u00f3b biednych<\/li><li>Zakup materia\u0142\u00f3w i produkcja masek na twarz dla ubogich gospodarstw domowych i pracownik\u00f3w s\u0142u\u017cby zdrowia w celu ich ochrony<\/li><li>Produkcja i dystrybucja \u015brodk\u00f3w do dezynfekcji r\u0105k dla gospodarstw domowych i szpitali<\/li><li>Dystrybucja ulotek \u015awiatowej Organizacji Zdrowia dotycz\u0105cych \u015brodk\u00f3w ostro\u017cno\u015bci i bezpiecze\u0144stwa<\/li><li>Zakup i dystrybucja kran\u00f3w gumowych do cz\u0119stego mycia r\u0105k dla niekt\u00f3rych gospodarstw domowych, kt\u00f3re nie maj\u0105 bie\u017c\u0105cej wody z pokazem, jak ich u\u017cywa\u0107<\/li><li>Gdy Siostry stara\u0142y si\u0119 szerzy\u0107 \u015bwiadomo\u015b\u0107 na temat prewencji przed zaka\u017ceniem odkry\u0142y, \u017ce opr\u00f3cz l\u0119k\u00f3w i niepokoju, jakie ten wirus przyni\u00f3s\u0142 ludzko\u015bci, panuje wielki g\u0142\u00f3d w kraju. Staj\u0105c twarz\u0105 w twarz wobec ludzi g\u0142odnych Siostry zwr\u00f3ci\u0142y si\u0119 do rz\u0105du w sprawie pomocy \u017cywno\u015bciowej dla ludzi. Odpowied\u017a rz\u0105du jest minimalna, ale Siostry nie poddaj\u0105 si\u0119<\/li><li>Gotowanie i karmienie ludzi na ulicach: chorych psychicznie, bezdomnych, dzieci ulicy, \u017cebrak\u00f3w itp.<\/li><\/ul>\n\n\n\n<div class=\"wp-block-image\"><figure class=\"aligncenter\"><img decoding=\"async\" src=\"https:\/\/filles-de-la-charite.org\/wp-content\/uploads\/2023\/06\/200606-Nigeria-612.jpg\" alt=\"\" class=\"wp-image-41009\"\/><\/figure><\/div>\n\n\n\n<p>Spostrzegamy ten czas jako wielk\u0105 okazj\u0119, kt\u00f3r\u0105 B\u00f3g da\u0142 nam do poszukiwania z odwag\u0105 i \u015bmia\u0142o\u015bci\u0105 misyjn\u0105 najbardziej opuszczonych w swoich domach. Ten okres identyfikowania si\u0119 z biednymi i bezbronnymi pom\u00f3g\u0142 nam lepiej si\u0119 zastanowi\u0107 i doceni\u0107 mi\u0142o\u015b\u0107 Boga do nas. To wielka rado\u015b\u0107 im s\u0142u\u017cy\u0107. Niekt\u00f3re Siostry wychodz\u0105, by dzieli\u0107 si\u0119 jedzeniem z lud\u017ami na ulicach, niekt\u00f3re przynosz\u0105 je do wielu gospodarstw domowych w biednych regionach, ale zawsze ze \u015brodkami ochronnymi opartymi na wytycznych \u015awiatowej Organizacji Zdrowia i Rz\u0105du Federalnego.<\/p>\n\n\n\n<p>Prawie wszystkie wsp\u00f3lnoty w Prowincji przygotowywa\u0142y \u017cywno\u015b\u0107 dla biednych przebywaj\u0105cych w ich domach; kilka z nich zakupi\u0142o materia\u0142y do produkcji masek na twarz i dezynfekcji r\u0105k. Wiadomo\u015bci o pomocy udzielanej przez Siostry rozesz\u0142y si\u0119 do farmer\u00f3w; ci, kt\u00f3rzy wr\u00f3cili do wiosek, opowiedzieli swoj\u0105 histori\u0119 o tym, jak spotkali Boga, kt\u00f3ry jest dobry i troszczy si\u0119 o nich przez dobro\u0107 Si\u00f3str Mi\u0142osierdzia. To przyci\u0105gn\u0119\u0142o jeszcze wi\u0119cej potrzebuj\u0105cych: rozmowy telefoniczne i wiadomo\u015bci online s\u0105 wysy\u0142ane do Si\u00f3str Mi\u0142osierdzia, aby przyj\u015b\u0107 z pomoc\u0105 tak\u017ce innym ludziom co staje si\u0119 bardzo wymagaj\u0105ce.<\/p>\n\n\n\n<div class=\"wp-block-image\"><figure class=\"aligncenter\"><img decoding=\"async\" src=\"https:\/\/filles-de-la-charite.org\/wp-content\/uploads\/2023\/06\/200606-Nigeria-24.jpg\" alt=\"\" class=\"wp-image-41008\"\/><\/figure><\/div>\n\n\n\n<p>Tym ma\u0142ym gestem uda\u0142o nam si\u0119 dotrze\u0107 do oko\u0142o 7 830 os\u00f3b, w tym dzieci w Nigerii, Ghanie i Burkina Faso. Dzi\u0119kujemy Bogu, \u017ce mog\u0142y\u015bmy wywo\u0142a\u0107 u\u015bmiech na twarzach wielu os\u00f3b, a tak\u017ce dzi\u0119kujemy naszym wsp\u00f3\u0142pracownikom i darczy\u0144com, kt\u00f3rzy pomogli nam w odpowiedzi na potrzeby ludzi Ubogich. Misja dzielenia si\u0119 wci\u0105\u017c trwa, poniewa\u017c biedni musz\u0105 by\u0107 obs\u0142u\u017ceni. Niech Opatrzno\u015b\u0107 Bo\u017ca nas wyprzedza w naszym docieraniu do os\u00f3b \u017cyj\u0105cych w ub\u00f3stwie!<\/p>\n\n\n\n<p><em>S. Theresa EKE, Siostra Mi\u0142osierdzia<\/em><\/p>\n\n\n\n<div class=\"wp-block-image\"><figure class=\"aligncenter\"><img decoding=\"async\" src=\"https:\/\/filles-de-la-charite.org\/wp-content\/uploads\/2023\/06\/200606-Nigeria-05.jpg\" alt=\"\" class=\"wp-image-41014\"\/><\/figure><\/div>\n\n\n\n<div class=\"wp-block-image\"><figure class=\"aligncenter\"><img decoding=\"async\" src=\"https:\/\/filles-de-la-charite.org\/wp-content\/uploads\/2023\/06\/200606-Nigeria-03.jpg\" alt=\"\" class=\"wp-image-41013\"\/><\/figure><\/div>\n\n\n\n<div class=\"wp-block-image\"><figure class=\"aligncenter\"><img decoding=\"async\" src=\"https:\/\/filles-de-la-charite.org\/wp-content\/uploads\/2023\/06\/200606-Nigeria-01.jpg\" alt=\"\" class=\"wp-image-41012\"\/><\/figure><\/div>\n","protected":false},"excerpt":{"rendered":"<p>Siostry z Prowincji Nigerii (pos\u0142uguj\u0105ce w Burkina Faso, Ghanie i Nigerii) uczestniczy\u0142y na r\u00f3\u017cne sposoby w walce z koronawirusem. Ich pomoc obejmowa\u0142a: Kampanie u\u015bwiadamiaj\u0105ce na temat zapobiegania infekcji koronawirusem poprzez praktyczn\u0105 demonstracj\u0119 Zakup i dystrybucja artyku\u0142\u00f3w \u017cywno\u015bciowych w\u015br\u00f3d os\u00f3b biednych Zakup materia\u0142\u00f3w i produkcja masek na twarz dla ubogich gospodarstw domowych i pracownik\u00f3w s\u0142u\u017cby zdrowia [&hellip;]<\/p>\n","protected":false},"author":1,"featured_media":14800,"comment_status":"closed","ping_status":"closed","sticky":false,"template":"","format":"standard","meta":{"_acf_changed":false,"_et_pb_use_builder":"","_et_pb_old_content":"","_et_gb_content_width":"","footnotes":"","_links_to":"","_links_to_target":""},"categories":[627],"tags":[],"class_list":["post-24198","post","type-post","status-publish","format-standard","has-post-thumbnail","hentry","category-nigeria-pl"],"acf":[],"yoast_head":"<!-- This site is optimized with the Yoast SEO plugin v27.5 - https:\/\/yoast.com\/product\/yoast-seo-wordpress\/ -->\n<title>Z odwag\u0105 i \u015bmia\u0142o\u015bci\u0105 misyjn\u0105: odpowied\u017a na pandemi\u0119 COVID-19 - Filles de la Charit\u00e9<\/title>\n<meta name=\"robots\" content=\"index, follow, max-snippet:-1, max-image-preview:large, max-video-preview:-1\" \/>\n<link rel=\"canonical\" href=\"https:\/\/filles-de-la-charite.org\/pl\/with-courage-and-missionary-audacity-a-response-to-covid-19-pandemic-4\/\" \/>\n<meta property=\"og:locale\" content=\"pl_PL\" \/>\n<meta property=\"og:type\" content=\"article\" \/>\n<meta property=\"og:title\" content=\"Z odwag\u0105 i \u015bmia\u0142o\u015bci\u0105 misyjn\u0105: odpowied\u017a na pandemi\u0119 COVID-19 - Filles de la Charit\u00e9\" \/>\n<meta property=\"og:description\" content=\"Siostry z Prowincji Nigerii (pos\u0142uguj\u0105ce w Burkina Faso, Ghanie i Nigerii) uczestniczy\u0142y na r\u00f3\u017cne sposoby w walce z koronawirusem. Ich pomoc obejmowa\u0142a: Kampanie u\u015bwiadamiaj\u0105ce na temat zapobiegania infekcji koronawirusem poprzez praktyczn\u0105 demonstracj\u0119 Zakup i dystrybucja artyku\u0142\u00f3w \u017cywno\u015bciowych w\u015br\u00f3d os\u00f3b biednych Zakup materia\u0142\u00f3w i produkcja masek na twarz dla ubogich gospodarstw domowych i pracownik\u00f3w s\u0142u\u017cby zdrowia [&hellip;]\" \/>\n<meta property=\"og:url\" content=\"https:\/\/filles-de-la-charite.org\/pl\/with-courage-and-missionary-audacity-a-response-to-covid-19-pandemic-4\/\" \/>\n<meta property=\"og:site_name\" content=\"Filles de la Charit\u00e9\" \/>\n<meta property=\"article:published_time\" content=\"2020-06-06T19:45:45+00:00\" \/>\n<meta property=\"article:modified_time\" content=\"2024-03-17T17:25:27+00:00\" \/>\n<meta property=\"og:image\" content=\"https:\/\/filles-de-la-charite.org\/wp-content\/uploads\/2023\/06\/200606-Nigeria-thmb-2.jpg\" \/>\n\t<meta property=\"og:image:width\" content=\"300\" \/>\n\t<meta property=\"og:image:height\" content=\"200\" \/>\n\t<meta property=\"og:image:type\" content=\"image\/jpeg\" \/>\n<meta name=\"author\" content=\"admin\" \/>\n<meta name=\"twitter:card\" content=\"summary_large_image\" \/>\n<meta name=\"twitter:label1\" content=\"Napisane przez\" \/>\n\t<meta name=\"twitter:data1\" content=\"admin\" \/>\n\t<meta name=\"twitter:label2\" content=\"Szacowany czas czytania\" \/>\n\t<meta name=\"twitter:data2\" content=\"3 minuty\" \/>\n<script type=\"application\/ld+json\" class=\"yoast-schema-graph\">{\"@context\":\"https:\\\/\\\/schema.org\",\"@graph\":[{\"@type\":\"Article\",\"@id\":\"https:\\\/\\\/filles-de-la-charite.org\\\/pl\\\/with-courage-and-missionary-audacity-a-response-to-covid-19-pandemic-4\\\/#article\",\"isPartOf\":{\"@id\":\"https:\\\/\\\/filles-de-la-charite.org\\\/pl\\\/with-courage-and-missionary-audacity-a-response-to-covid-19-pandemic-4\\\/\"},\"author\":{\"name\":\"admin\",\"@id\":\"https:\\\/\\\/filles-de-la-charite.org\\\/pl\\\/#\\\/schema\\\/person\\\/427567b2eccfc2dd7d206da186a1f438\"},\"headline\":\"Z odwag\u0105 i \u015bmia\u0142o\u015bci\u0105 misyjn\u0105: odpowied\u017a na pandemi\u0119 COVID-19\",\"datePublished\":\"2020-06-06T19:45:45+00:00\",\"dateModified\":\"2024-03-17T17:25:27+00:00\",\"mainEntityOfPage\":{\"@id\":\"https:\\\/\\\/filles-de-la-charite.org\\\/pl\\\/with-courage-and-missionary-audacity-a-response-to-covid-19-pandemic-4\\\/\"},\"wordCount\":529,\"publisher\":{\"@id\":\"https:\\\/\\\/filles-de-la-charite.org\\\/pl\\\/#organization\"},\"image\":{\"@id\":\"https:\\\/\\\/filles-de-la-charite.org\\\/pl\\\/with-courage-and-missionary-audacity-a-response-to-covid-19-pandemic-4\\\/#primaryimage\"},\"thumbnailUrl\":\"https:\\\/\\\/filles-de-la-charite.org\\\/wp-content\\\/uploads\\\/2023\\\/06\\\/200606-Nigeria-thmb-2.jpg\",\"articleSection\":[\"Nigeria\"],\"inLanguage\":\"pl-PL\"},{\"@type\":\"WebPage\",\"@id\":\"https:\\\/\\\/filles-de-la-charite.org\\\/pl\\\/with-courage-and-missionary-audacity-a-response-to-covid-19-pandemic-4\\\/\",\"url\":\"https:\\\/\\\/filles-de-la-charite.org\\\/pl\\\/with-courage-and-missionary-audacity-a-response-to-covid-19-pandemic-4\\\/\",\"name\":\"Z odwag\u0105 i \u015bmia\u0142o\u015bci\u0105 misyjn\u0105: odpowied\u017a na pandemi\u0119 COVID-19 - Filles de la Charit\u00e9\",\"isPartOf\":{\"@id\":\"https:\\\/\\\/filles-de-la-charite.org\\\/pl\\\/#website\"},\"primaryImageOfPage\":{\"@id\":\"https:\\\/\\\/filles-de-la-charite.org\\\/pl\\\/with-courage-and-missionary-audacity-a-response-to-covid-19-pandemic-4\\\/#primaryimage\"},\"image\":{\"@id\":\"https:\\\/\\\/filles-de-la-charite.org\\\/pl\\\/with-courage-and-missionary-audacity-a-response-to-covid-19-pandemic-4\\\/#primaryimage\"},\"thumbnailUrl\":\"https:\\\/\\\/filles-de-la-charite.org\\\/wp-content\\\/uploads\\\/2023\\\/06\\\/200606-Nigeria-thmb-2.jpg\",\"datePublished\":\"2020-06-06T19:45:45+00:00\",\"dateModified\":\"2024-03-17T17:25:27+00:00\",\"breadcrumb\":{\"@id\":\"https:\\\/\\\/filles-de-la-charite.org\\\/pl\\\/with-courage-and-missionary-audacity-a-response-to-covid-19-pandemic-4\\\/#breadcrumb\"},\"inLanguage\":\"pl-PL\",\"potentialAction\":[{\"@type\":\"ReadAction\",\"target\":[\"https:\\\/\\\/filles-de-la-charite.org\\\/pl\\\/with-courage-and-missionary-audacity-a-response-to-covid-19-pandemic-4\\\/\"]}]},{\"@type\":\"ImageObject\",\"inLanguage\":\"pl-PL\",\"@id\":\"https:\\\/\\\/filles-de-la-charite.org\\\/pl\\\/with-courage-and-missionary-audacity-a-response-to-covid-19-pandemic-4\\\/#primaryimage\",\"url\":\"https:\\\/\\\/filles-de-la-charite.org\\\/wp-content\\\/uploads\\\/2023\\\/06\\\/200606-Nigeria-thmb-2.jpg\",\"contentUrl\":\"https:\\\/\\\/filles-de-la-charite.org\\\/wp-content\\\/uploads\\\/2023\\\/06\\\/200606-Nigeria-thmb-2.jpg\",\"width\":300,\"height\":200},{\"@type\":\"BreadcrumbList\",\"@id\":\"https:\\\/\\\/filles-de-la-charite.org\\\/pl\\\/with-courage-and-missionary-audacity-a-response-to-covid-19-pandemic-4\\\/#breadcrumb\",\"itemListElement\":[{\"@type\":\"ListItem\",\"position\":1,\"name\":\"Nigeria\",\"item\":\"https:\\\/\\\/filles-de-la-charite.org\\\/pl\\\/category\\\/nigeria-pl\\\/\"},{\"@type\":\"ListItem\",\"position\":2,\"name\":\"Z odwag\u0105 i \u015bmia\u0142o\u015bci\u0105 misyjn\u0105: odpowied\u017a na pandemi\u0119 COVID-19\"}]},{\"@type\":\"WebSite\",\"@id\":\"https:\\\/\\\/filles-de-la-charite.org\\\/pl\\\/#website\",\"url\":\"https:\\\/\\\/filles-de-la-charite.org\\\/pl\\\/\",\"name\":\"Hijas de la Caridad\",\"description\":\"L\u2019amour de J\u00e9sus nous presse \u00e0 prendre soin des personnes les plus d\u00e9munies\",\"publisher\":{\"@id\":\"https:\\\/\\\/filles-de-la-charite.org\\\/pl\\\/#organization\"},\"potentialAction\":[{\"@type\":\"SearchAction\",\"target\":{\"@type\":\"EntryPoint\",\"urlTemplate\":\"https:\\\/\\\/filles-de-la-charite.org\\\/pl\\\/?s={search_term_string}\"},\"query-input\":{\"@type\":\"PropertyValueSpecification\",\"valueRequired\":true,\"valueName\":\"search_term_string\"}}],\"inLanguage\":\"pl-PL\"},{\"@type\":\"Organization\",\"@id\":\"https:\\\/\\\/filles-de-la-charite.org\\\/pl\\\/#organization\",\"name\":\"Hijas de la Caridad\",\"url\":\"https:\\\/\\\/filles-de-la-charite.org\\\/pl\\\/\",\"logo\":{\"@type\":\"ImageObject\",\"inLanguage\":\"pl-PL\",\"@id\":\"https:\\\/\\\/filles-de-la-charite.org\\\/pl\\\/#\\\/schema\\\/logo\\\/image\\\/\",\"url\":\"https:\\\/\\\/filles-de-la-charite.org\\\/wp-content\\\/uploads\\\/2023\\\/03\\\/isotipo-Hijas-de-la-Caridad.png\",\"contentUrl\":\"https:\\\/\\\/filles-de-la-charite.org\\\/wp-content\\\/uploads\\\/2023\\\/03\\\/isotipo-Hijas-de-la-Caridad.png\",\"width\":1417,\"height\":1417,\"caption\":\"Hijas de la Caridad\"},\"image\":{\"@id\":\"https:\\\/\\\/filles-de-la-charite.org\\\/pl\\\/#\\\/schema\\\/logo\\\/image\\\/\"}},{\"@type\":\"Person\",\"@id\":\"https:\\\/\\\/filles-de-la-charite.org\\\/pl\\\/#\\\/schema\\\/person\\\/427567b2eccfc2dd7d206da186a1f438\",\"name\":\"admin\",\"image\":{\"@type\":\"ImageObject\",\"inLanguage\":\"pl-PL\",\"@id\":\"https:\\\/\\\/secure.gravatar.com\\\/avatar\\\/948b492cce32b586ac2db0eaa926ee87024f7afe218d73b397ea5ddfc5f43ea1?s=96&d=mm&r=g\",\"url\":\"https:\\\/\\\/secure.gravatar.com\\\/avatar\\\/948b492cce32b586ac2db0eaa926ee87024f7afe218d73b397ea5ddfc5f43ea1?s=96&d=mm&r=g\",\"contentUrl\":\"https:\\\/\\\/secure.gravatar.com\\\/avatar\\\/948b492cce32b586ac2db0eaa926ee87024f7afe218d73b397ea5ddfc5f43ea1?s=96&d=mm&r=g\",\"caption\":\"admin\"},\"sameAs\":[\"https:\\\/\\\/filles-de-la-charite.org\"],\"url\":\"https:\\\/\\\/filles-de-la-charite.org\\\/pl\\\/author\\\/caridad\\\/\"}]}<\/script>\n<!-- \/ Yoast SEO plugin. -->","yoast_head_json":{"title":"Z odwag\u0105 i \u015bmia\u0142o\u015bci\u0105 misyjn\u0105: odpowied\u017a na pandemi\u0119 COVID-19 - Filles de la Charit\u00e9","robots":{"index":"index","follow":"follow","max-snippet":"max-snippet:-1","max-image-preview":"max-image-preview:large","max-video-preview":"max-video-preview:-1"},"canonical":"https:\/\/filles-de-la-charite.org\/pl\/with-courage-and-missionary-audacity-a-response-to-covid-19-pandemic-4\/","og_locale":"pl_PL","og_type":"article","og_title":"Z odwag\u0105 i \u015bmia\u0142o\u015bci\u0105 misyjn\u0105: odpowied\u017a na pandemi\u0119 COVID-19 - Filles de la Charit\u00e9","og_description":"Siostry z Prowincji Nigerii (pos\u0142uguj\u0105ce w Burkina Faso, Ghanie i Nigerii) uczestniczy\u0142y na r\u00f3\u017cne sposoby w walce z koronawirusem. Ich pomoc obejmowa\u0142a: Kampanie u\u015bwiadamiaj\u0105ce na temat zapobiegania infekcji koronawirusem poprzez praktyczn\u0105 demonstracj\u0119 Zakup i dystrybucja artyku\u0142\u00f3w \u017cywno\u015bciowych w\u015br\u00f3d os\u00f3b biednych Zakup materia\u0142\u00f3w i produkcja masek na twarz dla ubogich gospodarstw domowych i pracownik\u00f3w s\u0142u\u017cby zdrowia [&hellip;]","og_url":"https:\/\/filles-de-la-charite.org\/pl\/with-courage-and-missionary-audacity-a-response-to-covid-19-pandemic-4\/","og_site_name":"Filles de la Charit\u00e9","article_published_time":"2020-06-06T19:45:45+00:00","article_modified_time":"2024-03-17T17:25:27+00:00","og_image":[{"width":300,"height":200,"url":"https:\/\/filles-de-la-charite.org\/wp-content\/uploads\/2023\/06\/200606-Nigeria-thmb-2.jpg","type":"image\/jpeg"}],"author":"admin","twitter_card":"summary_large_image","twitter_misc":{"Napisane przez":"admin","Szacowany czas czytania":"3 minuty"},"schema":{"@context":"https:\/\/schema.org","@graph":[{"@type":"Article","@id":"https:\/\/filles-de-la-charite.org\/pl\/with-courage-and-missionary-audacity-a-response-to-covid-19-pandemic-4\/#article","isPartOf":{"@id":"https:\/\/filles-de-la-charite.org\/pl\/with-courage-and-missionary-audacity-a-response-to-covid-19-pandemic-4\/"},"author":{"name":"admin","@id":"https:\/\/filles-de-la-charite.org\/pl\/#\/schema\/person\/427567b2eccfc2dd7d206da186a1f438"},"headline":"Z odwag\u0105 i \u015bmia\u0142o\u015bci\u0105 misyjn\u0105: odpowied\u017a na pandemi\u0119 COVID-19","datePublished":"2020-06-06T19:45:45+00:00","dateModified":"2024-03-17T17:25:27+00:00","mainEntityOfPage":{"@id":"https:\/\/filles-de-la-charite.org\/pl\/with-courage-and-missionary-audacity-a-response-to-covid-19-pandemic-4\/"},"wordCount":529,"publisher":{"@id":"https:\/\/filles-de-la-charite.org\/pl\/#organization"},"image":{"@id":"https:\/\/filles-de-la-charite.org\/pl\/with-courage-and-missionary-audacity-a-response-to-covid-19-pandemic-4\/#primaryimage"},"thumbnailUrl":"https:\/\/filles-de-la-charite.org\/wp-content\/uploads\/2023\/06\/200606-Nigeria-thmb-2.jpg","articleSection":["Nigeria"],"inLanguage":"pl-PL"},{"@type":"WebPage","@id":"https:\/\/filles-de-la-charite.org\/pl\/with-courage-and-missionary-audacity-a-response-to-covid-19-pandemic-4\/","url":"https:\/\/filles-de-la-charite.org\/pl\/with-courage-and-missionary-audacity-a-response-to-covid-19-pandemic-4\/","name":"Z odwag\u0105 i \u015bmia\u0142o\u015bci\u0105 misyjn\u0105: odpowied\u017a na pandemi\u0119 COVID-19 - Filles de la Charit\u00e9","isPartOf":{"@id":"https:\/\/filles-de-la-charite.org\/pl\/#website"},"primaryImageOfPage":{"@id":"https:\/\/filles-de-la-charite.org\/pl\/with-courage-and-missionary-audacity-a-response-to-covid-19-pandemic-4\/#primaryimage"},"image":{"@id":"https:\/\/filles-de-la-charite.org\/pl\/with-courage-and-missionary-audacity-a-response-to-covid-19-pandemic-4\/#primaryimage"},"thumbnailUrl":"https:\/\/filles-de-la-charite.org\/wp-content\/uploads\/2023\/06\/200606-Nigeria-thmb-2.jpg","datePublished":"2020-06-06T19:45:45+00:00","dateModified":"2024-03-17T17:25:27+00:00","breadcrumb":{"@id":"https:\/\/filles-de-la-charite.org\/pl\/with-courage-and-missionary-audacity-a-response-to-covid-19-pandemic-4\/#breadcrumb"},"inLanguage":"pl-PL","potentialAction":[{"@type":"ReadAction","target":["https:\/\/filles-de-la-charite.org\/pl\/with-courage-and-missionary-audacity-a-response-to-covid-19-pandemic-4\/"]}]},{"@type":"ImageObject","inLanguage":"pl-PL","@id":"https:\/\/filles-de-la-charite.org\/pl\/with-courage-and-missionary-audacity-a-response-to-covid-19-pandemic-4\/#primaryimage","url":"https:\/\/filles-de-la-charite.org\/wp-content\/uploads\/2023\/06\/200606-Nigeria-thmb-2.jpg","contentUrl":"https:\/\/filles-de-la-charite.org\/wp-content\/uploads\/2023\/06\/200606-Nigeria-thmb-2.jpg","width":300,"height":200},{"@type":"BreadcrumbList","@id":"https:\/\/filles-de-la-charite.org\/pl\/with-courage-and-missionary-audacity-a-response-to-covid-19-pandemic-4\/#breadcrumb","itemListElement":[{"@type":"ListItem","position":1,"name":"Nigeria","item":"https:\/\/filles-de-la-charite.org\/pl\/category\/nigeria-pl\/"},{"@type":"ListItem","position":2,"name":"Z odwag\u0105 i \u015bmia\u0142o\u015bci\u0105 misyjn\u0105: odpowied\u017a na pandemi\u0119 COVID-19"}]},{"@type":"WebSite","@id":"https:\/\/filles-de-la-charite.org\/pl\/#website","url":"https:\/\/filles-de-la-charite.org\/pl\/","name":"Hijas de la Caridad","description":"L\u2019amour de J\u00e9sus nous presse \u00e0 prendre soin des personnes les plus d\u00e9munies","publisher":{"@id":"https:\/\/filles-de-la-charite.org\/pl\/#organization"},"potentialAction":[{"@type":"SearchAction","target":{"@type":"EntryPoint","urlTemplate":"https:\/\/filles-de-la-charite.org\/pl\/?s={search_term_string}"},"query-input":{"@type":"PropertyValueSpecification","valueRequired":true,"valueName":"search_term_string"}}],"inLanguage":"pl-PL"},{"@type":"Organization","@id":"https:\/\/filles-de-la-charite.org\/pl\/#organization","name":"Hijas de la Caridad","url":"https:\/\/filles-de-la-charite.org\/pl\/","logo":{"@type":"ImageObject","inLanguage":"pl-PL","@id":"https:\/\/filles-de-la-charite.org\/pl\/#\/schema\/logo\/image\/","url":"https:\/\/filles-de-la-charite.org\/wp-content\/uploads\/2023\/03\/isotipo-Hijas-de-la-Caridad.png","contentUrl":"https:\/\/filles-de-la-charite.org\/wp-content\/uploads\/2023\/03\/isotipo-Hijas-de-la-Caridad.png","width":1417,"height":1417,"caption":"Hijas de la Caridad"},"image":{"@id":"https:\/\/filles-de-la-charite.org\/pl\/#\/schema\/logo\/image\/"}},{"@type":"Person","@id":"https:\/\/filles-de-la-charite.org\/pl\/#\/schema\/person\/427567b2eccfc2dd7d206da186a1f438","name":"admin","image":{"@type":"ImageObject","inLanguage":"pl-PL","@id":"https:\/\/secure.gravatar.com\/avatar\/948b492cce32b586ac2db0eaa926ee87024f7afe218d73b397ea5ddfc5f43ea1?s=96&d=mm&r=g","url":"https:\/\/secure.gravatar.com\/avatar\/948b492cce32b586ac2db0eaa926ee87024f7afe218d73b397ea5ddfc5f43ea1?s=96&d=mm&r=g","contentUrl":"https:\/\/secure.gravatar.com\/avatar\/948b492cce32b586ac2db0eaa926ee87024f7afe218d73b397ea5ddfc5f43ea1?s=96&d=mm&r=g","caption":"admin"},"sameAs":["https:\/\/filles-de-la-charite.org"],"url":"https:\/\/filles-de-la-charite.org\/pl\/author\/caridad\/"}]}},"_links":{"self":[{"href":"https:\/\/filles-de-la-charite.org\/pl\/wp-json\/wp\/v2\/posts\/24198","targetHints":{"allow":["GET"]}}],"collection":[{"href":"https:\/\/filles-de-la-charite.org\/pl\/wp-json\/wp\/v2\/posts"}],"about":[{"href":"https:\/\/filles-de-la-charite.org\/pl\/wp-json\/wp\/v2\/types\/post"}],"author":[{"embeddable":true,"href":"https:\/\/filles-de-la-charite.org\/pl\/wp-json\/wp\/v2\/users\/1"}],"replies":[{"embeddable":true,"href":"https:\/\/filles-de-la-charite.org\/pl\/wp-json\/wp\/v2\/comments?post=24198"}],"version-history":[{"count":1,"href":"https:\/\/filles-de-la-charite.org\/pl\/wp-json\/wp\/v2\/posts\/24198\/revisions"}],"predecessor-version":[{"id":24199,"href":"https:\/\/filles-de-la-charite.org\/pl\/wp-json\/wp\/v2\/posts\/24198\/revisions\/24199"}],"wp:featuredmedia":[{"embeddable":true,"href":"https:\/\/filles-de-la-charite.org\/pl\/wp-json\/wp\/v2\/media\/14800"}],"wp:attachment":[{"href":"https:\/\/filles-de-la-charite.org\/pl\/wp-json\/wp\/v2\/media?parent=24198"}],"wp:term":[{"taxonomy":"category","embeddable":true,"href":"https:\/\/filles-de-la-charite.org\/pl\/wp-json\/wp\/v2\/categories?post=24198"},{"taxonomy":"post_tag","embeddable":true,"href":"https:\/\/filles-de-la-charite.org\/pl\/wp-json\/wp\/v2\/tags?post=24198"}],"curies":[{"name":"wp","href":"https:\/\/api.w.org\/{rel}","templated":true}]}}