{"id":24201,"date":"2020-06-22T22:33:49","date_gmt":"2020-06-22T20:33:49","guid":{"rendered":"https:\/\/hijascaridad.sjdigitaldemo.ovh\/50th-anniversary-of-the-province-of-belo-horizonte-brazil-1970-2020-a-story-woven-with-golden-threads-4\/"},"modified":"2024-03-17T18:25:17","modified_gmt":"2024-03-17T17:25:17","slug":"50th-anniversary-of-the-province-of-belo-horizonte-brazil-1970-2020-a-story-woven-with-golden-threads-4","status":"publish","type":"post","link":"https:\/\/filles-de-la-charite.org\/pl\/50th-anniversary-of-the-province-of-belo-horizonte-brazil-1970-2020-a-story-woven-with-golden-threads-4\/","title":{"rendered":"50. rocznica Prowincji Belo Horizonte, Brazylia. 1970-2020 \u2013 historia utkana ze z\u0142otych nici"},"content":{"rendered":"\n<p><p style=\"text-align: justify;\">Rok 2020 to obchody 50. rocznicy utworzenia Prowincji Belo Horizonte w Brazylii.<\/p> <p style=\"text-align: justify;\">Dnia 17 maja 1970 roku, w Niedziel\u0119 Zes\u0142ania Ducha \u015awi\u0119tego, zosta\u0142a na nowo podzielona Brazylijska Prowincja Si\u00f3str Mi\u0142osierdzia, z kt\u00f3rej narodzi\u0142a si\u0119 Prowincja Belo Horizonte. Siostra Constan\u00e7a de Magalh\u00e3es Dutra zosta\u0142a mianowana Wizytatork\u0105 Prowincji. To by\u0142 nowy pocz\u0105tek!<\/p> <p style=\"text-align: justify;\">Dzi\u015b Siostry s\u0105 obecne w nast\u0119puj\u0105cych stanach Belo Horizonte: Minas Gerais, Goi\u00e1s, Tocantins i Dystrykt Federalny, s\u0142u\u017c\u0105c z zapa\u0142em i kreatywn\u0105 odwag\u0105 naszym Panom i Mistrzom. Siostry z energiczn\u0105 si\u0142\u0105 misyjn\u0105 otworzy\u0142y plac\u00f3wki w regionach pe\u0142nych cierpienia, przynosz\u0105c pociech\u0119 i nadziej\u0119 ludziom, inspiruj\u0105c i zach\u0119caj\u0105c do p\u00f3j\u015bcia naprz\u00f3d. Dzi\u0119ki dzia\u0142aniu Ducha \u015awi\u0119tego i pos\u0142udze mi\u0142o\u015bci tak wielu Si\u00f3str Mi\u0142osierdzia by\u0142a g\u0142oszona Ewangelia i wiele obszar\u00f3w uleg\u0142o przemianie.<\/p> <\/p>\n\n\n\n<div class=\"wp-block-image\"><figure class=\"alignright size-large is-resized\"><img decoding=\"async\" src=\"https:\/\/filles-de-la-charite.org\/wp-content\/uploads\/2023\/06\/200623-BeloHorizonte-3.jpg\" alt=\"\" class=\"wp-image-50938\" width=\"360\" height=\"NaN\"\/><\/figure><\/div>\n\n\n\n<p>Dzisiaj, pi\u0119\u0107dziesi\u0105t lat p\u00f3\u017aniej, z sercem uznaj\u0105cym dzia\u0142anie Boga przez nas, dzi\u0119kujemy Mu za t\u0119 pi\u0119kn\u0105 histori\u0119 utkan\u0105 z\u0142otymi ni\u0107mi przez r\u0119ce tak wielu Si\u00f3str, kt\u00f3re z mi\u0142o\u015bci\u0105 odda\u0142y si\u0119 s\u0142u\u017cbie Chrystusowi w Ubogich.<\/p>\n\n\n\n<p> <p style=\"text-align: justify;\">Ta pi\u0119\u0107dziesi\u0105ta rocznica powstania Prowincji jest czasem celebrowania i odnawiania charyzmatu, ponownego prze\u017cywania niezwyk\u0142ych wydarze\u0144, wdzi\u0119czno\u015bci za niezliczone b\u0142ogos\u0142awie\u0144stwa otrzymane od Pana, wzmocnienia modlitwy i zacie\u015bnienia wi\u0119zi jedno\u015bci.<\/p> <p style=\"text-align: justify;\">Tak wi\u0119c, w dniu 31 maja 2020 roku, w uroczysto\u015b\u0107 Zes\u0142ania Ducha \u015awi\u0119tego, pe\u0142ne rado\u015bci zgromadzi\u0142y\u015bmy si\u0119, aby podzi\u0119kowa\u0107 za przesz\u0142o\u015b\u0107 i na nowo rozbudzi\u0107 pasj\u0119, z jak\u0105 musimy \u017cy\u0107 tera\u017aniejszo\u015bci\u0105, zw\u0142aszcza w tych niepewnych czasach. Jak m\u00f3wi papie\u017c Franciszek: mamy nie tylko wspania\u0142\u0105 histori\u0119 do zapami\u0119tania i opowiedzenia, ale tak\u017ce wspania\u0142\u0105 histori\u0119 do budowania! W dzi\u0119kczynieniu zobowi\u0105zujemy si\u0119 do przyj\u0119cia przysz\u0142o\u015bci z nadziej\u0105, przysz\u0142o\u015bci, w kt\u00f3rej Duch poprowadzi nas do robienia rzeczy jeszcze wi\u0119kszych.<\/p> <p style=\"text-align: justify;\">Powierzamy Duchowi \u015awi\u0119temu Pocieszycielowi kierowanie nasz\u0105 ukochan\u0105 Prowincj\u0105 i pod opiek\u0105 Maryi, Jedynej Matki i Stra\u017cniczki Zgromadzenia, o\u017cywiamy nasz\u0105 si\u0142\u0119, id\u0105c razem naprz\u00f3d. Z ufno\u015bci\u0105 i rado\u015bci\u0105 pod\u0105\u017camy \u015bcie\u017ckami mi\u0142o\u015bci i misji oraz odpowiadamy na wezwania Zgromadzenia i Ko\u015bcio\u0142a, staraj\u0105c si\u0119 realizowa\u0107 temat Konwent\u00f3w: Ephata: Przej\u015b\u0107 przez bram\u0119\u2026 I\u015b\u0107 ku\u2026 Spotka\u0107.<\/p> <p style=\"text-align: right;\"><i><span style=\"color: #0432ff;\">Siostra Jane Carla G. SOUZA, Siostra Mi\u0142osierdzia, Prowincja Belo Horizonte, Brazylia<\/span><\/i><\/p>  <img loading=\"lazy\" decoding=\"async\" width=\"1281\" height=\"854\" class=\"aligncenter wp-image-41019 size-full\" src=\"https:\/\/filles-de-la-charite.org\/wp-content\/uploads\/2023\/06\/200623-BeloHorizonte-2.jpg\" alt=\"\"> <img loading=\"lazy\" decoding=\"async\" width=\"1280\" height=\"720\" class=\"aligncenter size-full wp-image-41021\" src=\"https:\/\/filles-de-la-charite.org\/wp-content\/uploads\/2023\/06\/200623-BeloHorizonte-4.jpg\" alt=\"\"><\/p>\n","protected":false},"excerpt":{"rendered":"<p>Rok 2020 to obchody 50. rocznicy utworzenia Prowincji Belo Horizonte w Brazylii. Dnia 17 maja 1970 roku, w Niedziel\u0119 Zes\u0142ania Ducha \u015awi\u0119tego, zosta\u0142a na nowo podzielona Brazylijska Prowincja Si\u00f3str Mi\u0142osierdzia, z kt\u00f3rej narodzi\u0142a si\u0119 Prowincja Belo Horizonte. Siostra Constan\u00e7a de Magalh\u00e3es Dutra zosta\u0142a mianowana Wizytatork\u0105 Prowincji. To by\u0142 nowy pocz\u0105tek! Dzi\u015b Siostry s\u0105 obecne w [&hellip;]<\/p>\n","protected":false},"author":1,"featured_media":14826,"comment_status":"closed","ping_status":"closed","sticky":false,"template":"","format":"standard","meta":{"_acf_changed":false,"footnotes":"","_links_to":"","_links_to_target":""},"categories":[575],"tags":[],"class_list":["post-24201","post","type-post","status-publish","format-standard","has-post-thumbnail","hentry","category-belo-horizonte-brazylia-pl"],"acf":[],"yoast_head":"<!-- This site is optimized with the Yoast SEO plugin v27.5 - https:\/\/yoast.com\/product\/yoast-seo-wordpress\/ -->\n<title>50. rocznica Prowincji Belo Horizonte, Brazylia. 1970-2020 \u2013 historia utkana ze z\u0142otych nici - Filles de la Charit\u00e9<\/title>\n<meta name=\"robots\" content=\"index, follow, max-snippet:-1, max-image-preview:large, max-video-preview:-1\" \/>\n<link rel=\"canonical\" href=\"https:\/\/filles-de-la-charite.org\/pl\/50th-anniversary-of-the-province-of-belo-horizonte-brazil-1970-2020-a-story-woven-with-golden-threads-4\/\" \/>\n<meta property=\"og:locale\" content=\"pl_PL\" \/>\n<meta property=\"og:type\" content=\"article\" \/>\n<meta property=\"og:title\" content=\"50. rocznica Prowincji Belo Horizonte, Brazylia. 1970-2020 \u2013 historia utkana ze z\u0142otych nici - Filles de la Charit\u00e9\" \/>\n<meta property=\"og:description\" content=\"Rok 2020 to obchody 50. rocznicy utworzenia Prowincji Belo Horizonte w Brazylii. Dnia 17 maja 1970 roku, w Niedziel\u0119 Zes\u0142ania Ducha \u015awi\u0119tego, zosta\u0142a na nowo podzielona Brazylijska Prowincja Si\u00f3str Mi\u0142osierdzia, z kt\u00f3rej narodzi\u0142a si\u0119 Prowincja Belo Horizonte. Siostra Constan\u00e7a de Magalh\u00e3es Dutra zosta\u0142a mianowana Wizytatork\u0105 Prowincji. To by\u0142 nowy pocz\u0105tek! Dzi\u015b Siostry s\u0105 obecne w [&hellip;]\" \/>\n<meta property=\"og:url\" content=\"https:\/\/filles-de-la-charite.org\/pl\/50th-anniversary-of-the-province-of-belo-horizonte-brazil-1970-2020-a-story-woven-with-golden-threads-4\/\" \/>\n<meta property=\"og:site_name\" content=\"Filles de la Charit\u00e9\" \/>\n<meta property=\"article:published_time\" content=\"2020-06-22T20:33:49+00:00\" \/>\n<meta property=\"article:modified_time\" content=\"2024-03-17T17:25:17+00:00\" \/>\n<meta property=\"og:image\" content=\"https:\/\/filles-de-la-charite.org\/wp-content\/uploads\/2023\/06\/200623-BeloHorizonte-1.jpg\" \/>\n\t<meta property=\"og:image:width\" content=\"1280\" \/>\n\t<meta property=\"og:image:height\" content=\"720\" \/>\n\t<meta property=\"og:image:type\" content=\"image\/jpeg\" \/>\n<meta name=\"author\" content=\"admin\" \/>\n<meta name=\"twitter:card\" content=\"summary_large_image\" \/>\n<meta name=\"twitter:label1\" content=\"Napisane przez\" \/>\n\t<meta name=\"twitter:data1\" content=\"admin\" \/>\n\t<meta name=\"twitter:label2\" content=\"Szacowany czas czytania\" \/>\n\t<meta name=\"twitter:data2\" content=\"2 minuty\" \/>\n<script type=\"application\/ld+json\" class=\"yoast-schema-graph\">{\"@context\":\"https:\\\/\\\/schema.org\",\"@graph\":[{\"@type\":\"Article\",\"@id\":\"https:\\\/\\\/filles-de-la-charite.org\\\/pl\\\/50th-anniversary-of-the-province-of-belo-horizonte-brazil-1970-2020-a-story-woven-with-golden-threads-4\\\/#article\",\"isPartOf\":{\"@id\":\"https:\\\/\\\/filles-de-la-charite.org\\\/pl\\\/50th-anniversary-of-the-province-of-belo-horizonte-brazil-1970-2020-a-story-woven-with-golden-threads-4\\\/\"},\"author\":{\"name\":\"admin\",\"@id\":\"https:\\\/\\\/filles-de-la-charite.org\\\/pl\\\/#\\\/schema\\\/person\\\/427567b2eccfc2dd7d206da186a1f438\"},\"headline\":\"50. rocznica Prowincji Belo Horizonte, Brazylia. 1970-2020 \u2013 historia utkana ze z\u0142otych nici\",\"datePublished\":\"2020-06-22T20:33:49+00:00\",\"dateModified\":\"2024-03-17T17:25:17+00:00\",\"mainEntityOfPage\":{\"@id\":\"https:\\\/\\\/filles-de-la-charite.org\\\/pl\\\/50th-anniversary-of-the-province-of-belo-horizonte-brazil-1970-2020-a-story-woven-with-golden-threads-4\\\/\"},\"wordCount\":430,\"publisher\":{\"@id\":\"https:\\\/\\\/filles-de-la-charite.org\\\/pl\\\/#organization\"},\"image\":{\"@id\":\"https:\\\/\\\/filles-de-la-charite.org\\\/pl\\\/50th-anniversary-of-the-province-of-belo-horizonte-brazil-1970-2020-a-story-woven-with-golden-threads-4\\\/#primaryimage\"},\"thumbnailUrl\":\"https:\\\/\\\/filles-de-la-charite.org\\\/wp-content\\\/uploads\\\/2023\\\/06\\\/200623-BeloHorizonte-1.jpg\",\"articleSection\":[\"Belo Horizonte - Brazylia\"],\"inLanguage\":\"pl-PL\"},{\"@type\":\"WebPage\",\"@id\":\"https:\\\/\\\/filles-de-la-charite.org\\\/pl\\\/50th-anniversary-of-the-province-of-belo-horizonte-brazil-1970-2020-a-story-woven-with-golden-threads-4\\\/\",\"url\":\"https:\\\/\\\/filles-de-la-charite.org\\\/pl\\\/50th-anniversary-of-the-province-of-belo-horizonte-brazil-1970-2020-a-story-woven-with-golden-threads-4\\\/\",\"name\":\"50. rocznica Prowincji Belo Horizonte, Brazylia. 1970-2020 \u2013 historia utkana ze z\u0142otych nici - Filles de la Charit\u00e9\",\"isPartOf\":{\"@id\":\"https:\\\/\\\/filles-de-la-charite.org\\\/pl\\\/#website\"},\"primaryImageOfPage\":{\"@id\":\"https:\\\/\\\/filles-de-la-charite.org\\\/pl\\\/50th-anniversary-of-the-province-of-belo-horizonte-brazil-1970-2020-a-story-woven-with-golden-threads-4\\\/#primaryimage\"},\"image\":{\"@id\":\"https:\\\/\\\/filles-de-la-charite.org\\\/pl\\\/50th-anniversary-of-the-province-of-belo-horizonte-brazil-1970-2020-a-story-woven-with-golden-threads-4\\\/#primaryimage\"},\"thumbnailUrl\":\"https:\\\/\\\/filles-de-la-charite.org\\\/wp-content\\\/uploads\\\/2023\\\/06\\\/200623-BeloHorizonte-1.jpg\",\"datePublished\":\"2020-06-22T20:33:49+00:00\",\"dateModified\":\"2024-03-17T17:25:17+00:00\",\"breadcrumb\":{\"@id\":\"https:\\\/\\\/filles-de-la-charite.org\\\/pl\\\/50th-anniversary-of-the-province-of-belo-horizonte-brazil-1970-2020-a-story-woven-with-golden-threads-4\\\/#breadcrumb\"},\"inLanguage\":\"pl-PL\",\"potentialAction\":[{\"@type\":\"ReadAction\",\"target\":[\"https:\\\/\\\/filles-de-la-charite.org\\\/pl\\\/50th-anniversary-of-the-province-of-belo-horizonte-brazil-1970-2020-a-story-woven-with-golden-threads-4\\\/\"]}]},{\"@type\":\"ImageObject\",\"inLanguage\":\"pl-PL\",\"@id\":\"https:\\\/\\\/filles-de-la-charite.org\\\/pl\\\/50th-anniversary-of-the-province-of-belo-horizonte-brazil-1970-2020-a-story-woven-with-golden-threads-4\\\/#primaryimage\",\"url\":\"https:\\\/\\\/filles-de-la-charite.org\\\/wp-content\\\/uploads\\\/2023\\\/06\\\/200623-BeloHorizonte-1.jpg\",\"contentUrl\":\"https:\\\/\\\/filles-de-la-charite.org\\\/wp-content\\\/uploads\\\/2023\\\/06\\\/200623-BeloHorizonte-1.jpg\",\"width\":1280,\"height\":720},{\"@type\":\"BreadcrumbList\",\"@id\":\"https:\\\/\\\/filles-de-la-charite.org\\\/pl\\\/50th-anniversary-of-the-province-of-belo-horizonte-brazil-1970-2020-a-story-woven-with-golden-threads-4\\\/#breadcrumb\",\"itemListElement\":[{\"@type\":\"ListItem\",\"position\":1,\"name\":\"Belo Horizonte - Brazylia\",\"item\":\"https:\\\/\\\/filles-de-la-charite.org\\\/pl\\\/category\\\/belo-horizonte-brazylia-pl\\\/\"},{\"@type\":\"ListItem\",\"position\":2,\"name\":\"50. rocznica Prowincji Belo Horizonte, Brazylia. 1970-2020 \u2013 historia utkana ze z\u0142otych nici\"}]},{\"@type\":\"WebSite\",\"@id\":\"https:\\\/\\\/filles-de-la-charite.org\\\/pl\\\/#website\",\"url\":\"https:\\\/\\\/filles-de-la-charite.org\\\/pl\\\/\",\"name\":\"Hijas de la Caridad\",\"description\":\"L\u2019amour de J\u00e9sus nous presse \u00e0 prendre soin des personnes les plus d\u00e9munies\",\"publisher\":{\"@id\":\"https:\\\/\\\/filles-de-la-charite.org\\\/pl\\\/#organization\"},\"potentialAction\":[{\"@type\":\"SearchAction\",\"target\":{\"@type\":\"EntryPoint\",\"urlTemplate\":\"https:\\\/\\\/filles-de-la-charite.org\\\/pl\\\/?s={search_term_string}\"},\"query-input\":{\"@type\":\"PropertyValueSpecification\",\"valueRequired\":true,\"valueName\":\"search_term_string\"}}],\"inLanguage\":\"pl-PL\"},{\"@type\":\"Organization\",\"@id\":\"https:\\\/\\\/filles-de-la-charite.org\\\/pl\\\/#organization\",\"name\":\"Hijas de la Caridad\",\"url\":\"https:\\\/\\\/filles-de-la-charite.org\\\/pl\\\/\",\"logo\":{\"@type\":\"ImageObject\",\"inLanguage\":\"pl-PL\",\"@id\":\"https:\\\/\\\/filles-de-la-charite.org\\\/pl\\\/#\\\/schema\\\/logo\\\/image\\\/\",\"url\":\"https:\\\/\\\/filles-de-la-charite.org\\\/wp-content\\\/uploads\\\/2023\\\/03\\\/isotipo-Hijas-de-la-Caridad.png\",\"contentUrl\":\"https:\\\/\\\/filles-de-la-charite.org\\\/wp-content\\\/uploads\\\/2023\\\/03\\\/isotipo-Hijas-de-la-Caridad.png\",\"width\":1417,\"height\":1417,\"caption\":\"Hijas de la Caridad\"},\"image\":{\"@id\":\"https:\\\/\\\/filles-de-la-charite.org\\\/pl\\\/#\\\/schema\\\/logo\\\/image\\\/\"}},{\"@type\":\"Person\",\"@id\":\"https:\\\/\\\/filles-de-la-charite.org\\\/pl\\\/#\\\/schema\\\/person\\\/427567b2eccfc2dd7d206da186a1f438\",\"name\":\"admin\",\"image\":{\"@type\":\"ImageObject\",\"inLanguage\":\"pl-PL\",\"@id\":\"https:\\\/\\\/secure.gravatar.com\\\/avatar\\\/948b492cce32b586ac2db0eaa926ee87024f7afe218d73b397ea5ddfc5f43ea1?s=96&d=mm&r=g\",\"url\":\"https:\\\/\\\/secure.gravatar.com\\\/avatar\\\/948b492cce32b586ac2db0eaa926ee87024f7afe218d73b397ea5ddfc5f43ea1?s=96&d=mm&r=g\",\"contentUrl\":\"https:\\\/\\\/secure.gravatar.com\\\/avatar\\\/948b492cce32b586ac2db0eaa926ee87024f7afe218d73b397ea5ddfc5f43ea1?s=96&d=mm&r=g\",\"caption\":\"admin\"},\"sameAs\":[\"https:\\\/\\\/filles-de-la-charite.org\"],\"url\":\"https:\\\/\\\/filles-de-la-charite.org\\\/pl\\\/author\\\/caridad\\\/\"}]}<\/script>\n<!-- \/ Yoast SEO plugin. -->","yoast_head_json":{"title":"50. rocznica Prowincji Belo Horizonte, Brazylia. 1970-2020 \u2013 historia utkana ze z\u0142otych nici - Filles de la Charit\u00e9","robots":{"index":"index","follow":"follow","max-snippet":"max-snippet:-1","max-image-preview":"max-image-preview:large","max-video-preview":"max-video-preview:-1"},"canonical":"https:\/\/filles-de-la-charite.org\/pl\/50th-anniversary-of-the-province-of-belo-horizonte-brazil-1970-2020-a-story-woven-with-golden-threads-4\/","og_locale":"pl_PL","og_type":"article","og_title":"50. rocznica Prowincji Belo Horizonte, Brazylia. 1970-2020 \u2013 historia utkana ze z\u0142otych nici - Filles de la Charit\u00e9","og_description":"Rok 2020 to obchody 50. rocznicy utworzenia Prowincji Belo Horizonte w Brazylii. Dnia 17 maja 1970 roku, w Niedziel\u0119 Zes\u0142ania Ducha \u015awi\u0119tego, zosta\u0142a na nowo podzielona Brazylijska Prowincja Si\u00f3str Mi\u0142osierdzia, z kt\u00f3rej narodzi\u0142a si\u0119 Prowincja Belo Horizonte. Siostra Constan\u00e7a de Magalh\u00e3es Dutra zosta\u0142a mianowana Wizytatork\u0105 Prowincji. To by\u0142 nowy pocz\u0105tek! Dzi\u015b Siostry s\u0105 obecne w [&hellip;]","og_url":"https:\/\/filles-de-la-charite.org\/pl\/50th-anniversary-of-the-province-of-belo-horizonte-brazil-1970-2020-a-story-woven-with-golden-threads-4\/","og_site_name":"Filles de la Charit\u00e9","article_published_time":"2020-06-22T20:33:49+00:00","article_modified_time":"2024-03-17T17:25:17+00:00","og_image":[{"width":1280,"height":720,"url":"https:\/\/filles-de-la-charite.org\/wp-content\/uploads\/2023\/06\/200623-BeloHorizonte-1.jpg","type":"image\/jpeg"}],"author":"admin","twitter_card":"summary_large_image","twitter_misc":{"Napisane przez":"admin","Szacowany czas czytania":"2 minuty"},"schema":{"@context":"https:\/\/schema.org","@graph":[{"@type":"Article","@id":"https:\/\/filles-de-la-charite.org\/pl\/50th-anniversary-of-the-province-of-belo-horizonte-brazil-1970-2020-a-story-woven-with-golden-threads-4\/#article","isPartOf":{"@id":"https:\/\/filles-de-la-charite.org\/pl\/50th-anniversary-of-the-province-of-belo-horizonte-brazil-1970-2020-a-story-woven-with-golden-threads-4\/"},"author":{"name":"admin","@id":"https:\/\/filles-de-la-charite.org\/pl\/#\/schema\/person\/427567b2eccfc2dd7d206da186a1f438"},"headline":"50. rocznica Prowincji Belo Horizonte, Brazylia. 1970-2020 \u2013 historia utkana ze z\u0142otych nici","datePublished":"2020-06-22T20:33:49+00:00","dateModified":"2024-03-17T17:25:17+00:00","mainEntityOfPage":{"@id":"https:\/\/filles-de-la-charite.org\/pl\/50th-anniversary-of-the-province-of-belo-horizonte-brazil-1970-2020-a-story-woven-with-golden-threads-4\/"},"wordCount":430,"publisher":{"@id":"https:\/\/filles-de-la-charite.org\/pl\/#organization"},"image":{"@id":"https:\/\/filles-de-la-charite.org\/pl\/50th-anniversary-of-the-province-of-belo-horizonte-brazil-1970-2020-a-story-woven-with-golden-threads-4\/#primaryimage"},"thumbnailUrl":"https:\/\/filles-de-la-charite.org\/wp-content\/uploads\/2023\/06\/200623-BeloHorizonte-1.jpg","articleSection":["Belo Horizonte - Brazylia"],"inLanguage":"pl-PL"},{"@type":"WebPage","@id":"https:\/\/filles-de-la-charite.org\/pl\/50th-anniversary-of-the-province-of-belo-horizonte-brazil-1970-2020-a-story-woven-with-golden-threads-4\/","url":"https:\/\/filles-de-la-charite.org\/pl\/50th-anniversary-of-the-province-of-belo-horizonte-brazil-1970-2020-a-story-woven-with-golden-threads-4\/","name":"50. rocznica Prowincji Belo Horizonte, Brazylia. 1970-2020 \u2013 historia utkana ze z\u0142otych nici - Filles de la Charit\u00e9","isPartOf":{"@id":"https:\/\/filles-de-la-charite.org\/pl\/#website"},"primaryImageOfPage":{"@id":"https:\/\/filles-de-la-charite.org\/pl\/50th-anniversary-of-the-province-of-belo-horizonte-brazil-1970-2020-a-story-woven-with-golden-threads-4\/#primaryimage"},"image":{"@id":"https:\/\/filles-de-la-charite.org\/pl\/50th-anniversary-of-the-province-of-belo-horizonte-brazil-1970-2020-a-story-woven-with-golden-threads-4\/#primaryimage"},"thumbnailUrl":"https:\/\/filles-de-la-charite.org\/wp-content\/uploads\/2023\/06\/200623-BeloHorizonte-1.jpg","datePublished":"2020-06-22T20:33:49+00:00","dateModified":"2024-03-17T17:25:17+00:00","breadcrumb":{"@id":"https:\/\/filles-de-la-charite.org\/pl\/50th-anniversary-of-the-province-of-belo-horizonte-brazil-1970-2020-a-story-woven-with-golden-threads-4\/#breadcrumb"},"inLanguage":"pl-PL","potentialAction":[{"@type":"ReadAction","target":["https:\/\/filles-de-la-charite.org\/pl\/50th-anniversary-of-the-province-of-belo-horizonte-brazil-1970-2020-a-story-woven-with-golden-threads-4\/"]}]},{"@type":"ImageObject","inLanguage":"pl-PL","@id":"https:\/\/filles-de-la-charite.org\/pl\/50th-anniversary-of-the-province-of-belo-horizonte-brazil-1970-2020-a-story-woven-with-golden-threads-4\/#primaryimage","url":"https:\/\/filles-de-la-charite.org\/wp-content\/uploads\/2023\/06\/200623-BeloHorizonte-1.jpg","contentUrl":"https:\/\/filles-de-la-charite.org\/wp-content\/uploads\/2023\/06\/200623-BeloHorizonte-1.jpg","width":1280,"height":720},{"@type":"BreadcrumbList","@id":"https:\/\/filles-de-la-charite.org\/pl\/50th-anniversary-of-the-province-of-belo-horizonte-brazil-1970-2020-a-story-woven-with-golden-threads-4\/#breadcrumb","itemListElement":[{"@type":"ListItem","position":1,"name":"Belo Horizonte - Brazylia","item":"https:\/\/filles-de-la-charite.org\/pl\/category\/belo-horizonte-brazylia-pl\/"},{"@type":"ListItem","position":2,"name":"50. rocznica Prowincji Belo Horizonte, Brazylia. 1970-2020 \u2013 historia utkana ze z\u0142otych nici"}]},{"@type":"WebSite","@id":"https:\/\/filles-de-la-charite.org\/pl\/#website","url":"https:\/\/filles-de-la-charite.org\/pl\/","name":"Hijas de la Caridad","description":"L\u2019amour de J\u00e9sus nous presse \u00e0 prendre soin des personnes les plus d\u00e9munies","publisher":{"@id":"https:\/\/filles-de-la-charite.org\/pl\/#organization"},"potentialAction":[{"@type":"SearchAction","target":{"@type":"EntryPoint","urlTemplate":"https:\/\/filles-de-la-charite.org\/pl\/?s={search_term_string}"},"query-input":{"@type":"PropertyValueSpecification","valueRequired":true,"valueName":"search_term_string"}}],"inLanguage":"pl-PL"},{"@type":"Organization","@id":"https:\/\/filles-de-la-charite.org\/pl\/#organization","name":"Hijas de la Caridad","url":"https:\/\/filles-de-la-charite.org\/pl\/","logo":{"@type":"ImageObject","inLanguage":"pl-PL","@id":"https:\/\/filles-de-la-charite.org\/pl\/#\/schema\/logo\/image\/","url":"https:\/\/filles-de-la-charite.org\/wp-content\/uploads\/2023\/03\/isotipo-Hijas-de-la-Caridad.png","contentUrl":"https:\/\/filles-de-la-charite.org\/wp-content\/uploads\/2023\/03\/isotipo-Hijas-de-la-Caridad.png","width":1417,"height":1417,"caption":"Hijas de la Caridad"},"image":{"@id":"https:\/\/filles-de-la-charite.org\/pl\/#\/schema\/logo\/image\/"}},{"@type":"Person","@id":"https:\/\/filles-de-la-charite.org\/pl\/#\/schema\/person\/427567b2eccfc2dd7d206da186a1f438","name":"admin","image":{"@type":"ImageObject","inLanguage":"pl-PL","@id":"https:\/\/secure.gravatar.com\/avatar\/948b492cce32b586ac2db0eaa926ee87024f7afe218d73b397ea5ddfc5f43ea1?s=96&d=mm&r=g","url":"https:\/\/secure.gravatar.com\/avatar\/948b492cce32b586ac2db0eaa926ee87024f7afe218d73b397ea5ddfc5f43ea1?s=96&d=mm&r=g","contentUrl":"https:\/\/secure.gravatar.com\/avatar\/948b492cce32b586ac2db0eaa926ee87024f7afe218d73b397ea5ddfc5f43ea1?s=96&d=mm&r=g","caption":"admin"},"sameAs":["https:\/\/filles-de-la-charite.org"],"url":"https:\/\/filles-de-la-charite.org\/pl\/author\/caridad\/"}]}},"_links":{"self":[{"href":"https:\/\/filles-de-la-charite.org\/pl\/wp-json\/wp\/v2\/posts\/24201","targetHints":{"allow":["GET"]}}],"collection":[{"href":"https:\/\/filles-de-la-charite.org\/pl\/wp-json\/wp\/v2\/posts"}],"about":[{"href":"https:\/\/filles-de-la-charite.org\/pl\/wp-json\/wp\/v2\/types\/post"}],"author":[{"embeddable":true,"href":"https:\/\/filles-de-la-charite.org\/pl\/wp-json\/wp\/v2\/users\/1"}],"replies":[{"embeddable":true,"href":"https:\/\/filles-de-la-charite.org\/pl\/wp-json\/wp\/v2\/comments?post=24201"}],"version-history":[{"count":1,"href":"https:\/\/filles-de-la-charite.org\/pl\/wp-json\/wp\/v2\/posts\/24201\/revisions"}],"predecessor-version":[{"id":24202,"href":"https:\/\/filles-de-la-charite.org\/pl\/wp-json\/wp\/v2\/posts\/24201\/revisions\/24202"}],"wp:featuredmedia":[{"embeddable":true,"href":"https:\/\/filles-de-la-charite.org\/pl\/wp-json\/wp\/v2\/media\/14826"}],"wp:attachment":[{"href":"https:\/\/filles-de-la-charite.org\/pl\/wp-json\/wp\/v2\/media?parent=24201"}],"wp:term":[{"taxonomy":"category","embeddable":true,"href":"https:\/\/filles-de-la-charite.org\/pl\/wp-json\/wp\/v2\/categories?post=24201"},{"taxonomy":"post_tag","embeddable":true,"href":"https:\/\/filles-de-la-charite.org\/pl\/wp-json\/wp\/v2\/tags?post=24201"}],"curies":[{"name":"wp","href":"https:\/\/api.w.org\/{rel}","templated":true}]}}