{"id":24211,"date":"2020-06-29T22:41:52","date_gmt":"2020-06-29T20:41:52","guid":{"rendered":"https:\/\/hijascaridad.sjdigitaldemo.ovh\/waiting-in-line-outside-the-soup-kitchen-of-the-daughters-of-charity-during-the-covid-19-in-madrid-4\/"},"modified":"2024-03-17T18:25:03","modified_gmt":"2024-03-17T17:25:03","slug":"waiting-in-line-outside-the-soup-kitchen-of-the-daughters-of-charity-during-the-covid-19-in-madrid-4","status":"publish","type":"post","link":"https:\/\/filles-de-la-charite.org\/pl\/waiting-in-line-outside-the-soup-kitchen-of-the-daughters-of-charity-during-the-covid-19-in-madrid-4\/","title":{"rendered":"Oczekiwanie w kolejce przed sto\u0142\u00f3wk\u0105 Si\u00f3str Mi\u0142osierdzia podczas COVID-19 w Madrycie"},"content":{"rendered":"\n<p><p style=\"text-align: justify;\">W okresie pandemii Centrum \u015aw. Wincentego a Paulo musia\u0142o dostosowa\u0107 swoj\u0105 pos\u0142ug\u0119 do obecnych okoliczno\u015bci. Ludzie w potrzebie musz\u0105 teraz czeka\u0107 w kolejce na zewn\u0105trz, aby otrzyma\u0107 posi\u0142ek, podczas gdy wcze\u015bniej by\u0142 podawany na tacy i mo\u017cna by\u0142o usi\u0105\u015b\u0107 przy stole. Posi\u0142ek, teraz w plastikowym pojemniku, zawiera mi\u0119so z ziemniakami, kanapk\u0119 z jajkiem, kanapk\u0119 z sardynk\u0105 i owoce. Jeden z oczekuj\u0105cych na posi\u0142ek b\u0119d\u0105cy artyst\u0105 wyrazi\u0142 swoj\u0105 wdzi\u0119czno\u015b\u0107 pi\u0119knym rysunkiem (patrz poni\u017cej).<\/p><\/p>\n\n\n\n<p><img loading=\"lazy\" decoding=\"async\" width=\"648\" height=\"486\" class=\"size-full wp-image-41041\" src=\"https:\/\/filles-de-la-charite.org\/wp-content\/uploads\/2023\/06\/0630-comedor-2.jpg\" alt=\"\"> <span style=\"color: #942092;\">Obrazek narysowany przez beneficjenta jako wyraz uznania<\/span> <\/p>\n\n\n\n<p><p style=\"text-align: justify;\">Centrum s\u0142u\u017cy\u0142o kiedy\u015b imigrantom p\u0142ci m\u0119skiej, ale obecnie oko\u0142o 50 % beneficjent\u00f3w to Hiszpanie. Kobiety zazwyczaj stanowi\u0142y 11% tych, kt\u00f3rzy otrzymywali pomoc, ale liczba ta wzros\u0142a, poniewa\u017c m\u0142ode opiekunki domowe straci\u0142y prac\u0119 i r\u00f3wnie\u017c przychodz\u0105 po jedzenie. Tak by\u0142o w przypadku Edity L\u00f3pez. Kiedy starsza kobieta, kt\u00f3r\u0105 si\u0119 opiekowa\u0142a zmar\u0142a z powodu koronawirusa, jej c\u00f3rka poprosi\u0142a j\u0105 o opuszczenie miejsca zamieszkania, w kt\u00f3rym Edita przebywa\u0142a przez 8 lat. Dano jej termin do 10 czerwca. Edita nie ma \u017cadnych oszcz\u0119dno\u015bci, poniewa\u017c wszystko, co zarobi\u0142a wysy\u0142a\u0142a do swojej rodziny w Paragwaju.<\/p> <p style=\"text-align: justify;\">Od 2016 roku pos\u0142uguje tutaj Siostra Josefa. Podczas recesji, w 2008 roku, pos\u0142ugiwa\u0142a w innym mie\u015bcie w o\u015brodku i twierdzi, \u017ce obecny kryzys jest powa\u017cniejszy. Problem w 2008 roku mia\u0142 charakter wy\u0142\u0105cznie finansowy, obecny to tak\u017ce kryzys zdrowotny. W 2008 roku \u201eosoby posiadaj\u0105ce rodziny, zw\u0142aszcza starsi rodzice i dziadkowie, pomog\u0142y uratowa\u0107 sytuacj\u0119. Ta pandemia spowodowa\u0142a odizolowanie starszych os\u00f3b, dzieci nie mog\u0105 by\u0107 z rodzicami ani towarzyszy\u0107 im w trudach.\u201d<\/p> <p style=\"text-align: justify;\">Oblicze ub\u00f3stwa sta\u0142o si\u0119 \"niewyra\u017ane\" i wida\u0107 to w kolejce: znany jest bezdomny, kt\u00f3ry zawsze tam by\u0142, ale teraz osoba, kt\u00f3ra by\u0142a samozatrudniona i niedawno straci\u0142a prac\u0119, tak\u017ce czeka w kolejce. Tych ostatnich mo\u017cna rozpozna\u0107 po tym, \u201e\u017ce przez kilka pierwszych dni wygl\u0105daj\u0105 na wycofanych\".<\/p> <img loading=\"lazy\" decoding=\"async\" width=\"640\" height=\"360\" class=\"aligncenter wp-image-41040\" src=\"https:\/\/filles-de-la-charite.org\/wp-content\/uploads\/2023\/06\/0630-comedor-1.jpg\" alt=\"\"> <p style=\"text-align: justify;\">Przy drzwiach stoi kilka zaparkowanych rower\u00f3w. Wzd\u0142u\u017c chodnika znajduje si\u0119 kilkana\u015bcie innych rowerzyst\u00f3w z plecakami, czekaj\u0105cych na paczk\u0119 z jedzeniem. Jest to odwrotno\u015b\u0107 zarabiania i spo\u017cywania posi\u0142ku w domu a bycia karmionym przez organizacje charytatywne. Jarrison przyje\u017cd\u017ca prawie codziennie oko\u0142o godz. 13:00. Przyjecha\u0142 z Peru osiem miesi\u0119cy temu, aby pracowa\u0107 i m\u00f3c wysy\u0142a\u0107 pieni\u0105dze do swojej rodziny, \u201eale teraz jest to niemo\u017cliwe\u201d. Zarabia oko\u0142o 400 euro \u201ei prawie wszystko idzie na czynsz za zakwaterowanie\u201d. \u201eTo, co otrzymuj\u0119 od Si\u00f3str Mi\u0142osierdzia wystarcza mi. Czasem zostawiam sobie co\u015b na obiad i kolacj\u0119. Da\u0142y mi r\u00f3wnie\u017c p\u0142aszcz przeciwdeszczowy, za kt\u00f3ry jestem bardzo wdzi\u0119czny \u201d, m\u00f3wi, id\u0105c w stron\u0119 przej\u015bcia, gdzie inni koledzy zatrzymali si\u0119 na lunch.<\/p> <p style=\"text-align: justify;\">Jeden z Hiszpan\u00f3w dzieli si\u0119 swoj\u0105 sytuacj\u0105 i wyja\u015bnia dlaczego musi \u017cebra\u0107:\u201eJestem Hiszpanem i Andaluzyjczykiem, maj\u0105c 10 euro na koncie\u201d.<\/p> <p style=\"text-align: justify;\"><strong><em>Modlimy si\u0119 o zako\u0144czenie tej pandemii i o to, aby Centrum \u015aw. Wincentego a Paulo mog\u0142o kontynuowa\u0107 swoj\u0105 integraln\u0105 s\u0142u\u017cb\u0119 naszym Siostrom i Braciom.<\/em><\/strong><\/p><\/p>\n","protected":false},"excerpt":{"rendered":"<p>W okresie pandemii Centrum \u015aw. Wincentego a Paulo musia\u0142o dostosowa\u0107 swoj\u0105 pos\u0142ug\u0119 do obecnych okoliczno\u015bci. Ludzie w potrzebie musz\u0105 teraz czeka\u0107 w kolejce na zewn\u0105trz, aby otrzyma\u0107 posi\u0142ek, podczas gdy wcze\u015bniej by\u0142 podawany na tacy i mo\u017cna by\u0142o usi\u0105\u015b\u0107 przy stole. Posi\u0142ek, teraz w plastikowym pojemniku, zawiera mi\u0119so z ziemniakami, kanapk\u0119 z jajkiem, kanapk\u0119 z [&hellip;]<\/p>\n","protected":false},"author":1,"featured_media":14896,"comment_status":"closed","ping_status":"closed","sticky":false,"template":"","format":"standard","meta":{"_acf_changed":false,"footnotes":"","_links_to":"","_links_to_target":""},"categories":[709],"tags":[],"class_list":["post-24211","post","type-post","status-publish","format-standard","has-post-thumbnail","hentry","category-swieta-ludwika-hiszpania-pl"],"acf":[],"yoast_head":"<!-- This site is optimized with the Yoast SEO plugin v27.5 - https:\/\/yoast.com\/product\/yoast-seo-wordpress\/ -->\n<title>Oczekiwanie w kolejce przed sto\u0142\u00f3wk\u0105 Si\u00f3str Mi\u0142osierdzia podczas COVID-19 w Madrycie - Filles de la Charit\u00e9<\/title>\n<meta name=\"robots\" content=\"index, follow, max-snippet:-1, max-image-preview:large, max-video-preview:-1\" \/>\n<link rel=\"canonical\" href=\"https:\/\/filles-de-la-charite.org\/pl\/waiting-in-line-outside-the-soup-kitchen-of-the-daughters-of-charity-during-the-covid-19-in-madrid-4\/\" \/>\n<meta property=\"og:locale\" content=\"pl_PL\" \/>\n<meta property=\"og:type\" content=\"article\" \/>\n<meta property=\"og:title\" content=\"Oczekiwanie w kolejce przed sto\u0142\u00f3wk\u0105 Si\u00f3str Mi\u0142osierdzia podczas COVID-19 w Madrycie - Filles de la Charit\u00e9\" \/>\n<meta property=\"og:description\" content=\"W okresie pandemii Centrum \u015aw. Wincentego a Paulo musia\u0142o dostosowa\u0107 swoj\u0105 pos\u0142ug\u0119 do obecnych okoliczno\u015bci. Ludzie w potrzebie musz\u0105 teraz czeka\u0107 w kolejce na zewn\u0105trz, aby otrzyma\u0107 posi\u0142ek, podczas gdy wcze\u015bniej by\u0142 podawany na tacy i mo\u017cna by\u0142o usi\u0105\u015b\u0107 przy stole. Posi\u0142ek, teraz w plastikowym pojemniku, zawiera mi\u0119so z ziemniakami, kanapk\u0119 z jajkiem, kanapk\u0119 z [&hellip;]\" \/>\n<meta property=\"og:url\" content=\"https:\/\/filles-de-la-charite.org\/pl\/waiting-in-line-outside-the-soup-kitchen-of-the-daughters-of-charity-during-the-covid-19-in-madrid-4\/\" \/>\n<meta property=\"og:site_name\" content=\"Filles de la Charit\u00e9\" \/>\n<meta property=\"article:published_time\" content=\"2020-06-29T20:41:52+00:00\" \/>\n<meta property=\"article:modified_time\" content=\"2024-03-17T17:25:03+00:00\" \/>\n<meta property=\"og:image\" content=\"https:\/\/filles-de-la-charite.org\/wp-content\/uploads\/2023\/06\/0630-comedor-thmb.jpg\" \/>\n\t<meta property=\"og:image:width\" content=\"420\" \/>\n\t<meta property=\"og:image:height\" content=\"280\" \/>\n\t<meta property=\"og:image:type\" content=\"image\/jpeg\" \/>\n<meta name=\"author\" content=\"admin\" \/>\n<meta name=\"twitter:card\" content=\"summary_large_image\" \/>\n<meta name=\"twitter:label1\" content=\"Napisane przez\" \/>\n\t<meta name=\"twitter:data1\" content=\"admin\" \/>\n\t<meta name=\"twitter:label2\" content=\"Szacowany czas czytania\" \/>\n\t<meta name=\"twitter:data2\" content=\"3 minuty\" \/>\n<script type=\"application\/ld+json\" class=\"yoast-schema-graph\">{\"@context\":\"https:\\\/\\\/schema.org\",\"@graph\":[{\"@type\":\"Article\",\"@id\":\"https:\\\/\\\/filles-de-la-charite.org\\\/pl\\\/waiting-in-line-outside-the-soup-kitchen-of-the-daughters-of-charity-during-the-covid-19-in-madrid-4\\\/#article\",\"isPartOf\":{\"@id\":\"https:\\\/\\\/filles-de-la-charite.org\\\/pl\\\/waiting-in-line-outside-the-soup-kitchen-of-the-daughters-of-charity-during-the-covid-19-in-madrid-4\\\/\"},\"author\":{\"name\":\"admin\",\"@id\":\"https:\\\/\\\/filles-de-la-charite.org\\\/pl\\\/#\\\/schema\\\/person\\\/427567b2eccfc2dd7d206da186a1f438\"},\"headline\":\"Oczekiwanie w kolejce przed sto\u0142\u00f3wk\u0105 Si\u00f3str Mi\u0142osierdzia podczas COVID-19 w Madrycie\",\"datePublished\":\"2020-06-29T20:41:52+00:00\",\"dateModified\":\"2024-03-17T17:25:03+00:00\",\"mainEntityOfPage\":{\"@id\":\"https:\\\/\\\/filles-de-la-charite.org\\\/pl\\\/waiting-in-line-outside-the-soup-kitchen-of-the-daughters-of-charity-during-the-covid-19-in-madrid-4\\\/\"},\"wordCount\":541,\"publisher\":{\"@id\":\"https:\\\/\\\/filles-de-la-charite.org\\\/pl\\\/#organization\"},\"image\":{\"@id\":\"https:\\\/\\\/filles-de-la-charite.org\\\/pl\\\/waiting-in-line-outside-the-soup-kitchen-of-the-daughters-of-charity-during-the-covid-19-in-madrid-4\\\/#primaryimage\"},\"thumbnailUrl\":\"https:\\\/\\\/filles-de-la-charite.org\\\/wp-content\\\/uploads\\\/2023\\\/06\\\/0630-comedor-thmb.jpg\",\"articleSection\":[\"\u015awi\u0119ta Ludwika - Hiszpania\"],\"inLanguage\":\"pl-PL\"},{\"@type\":\"WebPage\",\"@id\":\"https:\\\/\\\/filles-de-la-charite.org\\\/pl\\\/waiting-in-line-outside-the-soup-kitchen-of-the-daughters-of-charity-during-the-covid-19-in-madrid-4\\\/\",\"url\":\"https:\\\/\\\/filles-de-la-charite.org\\\/pl\\\/waiting-in-line-outside-the-soup-kitchen-of-the-daughters-of-charity-during-the-covid-19-in-madrid-4\\\/\",\"name\":\"Oczekiwanie w kolejce przed sto\u0142\u00f3wk\u0105 Si\u00f3str Mi\u0142osierdzia podczas COVID-19 w Madrycie - Filles de la Charit\u00e9\",\"isPartOf\":{\"@id\":\"https:\\\/\\\/filles-de-la-charite.org\\\/pl\\\/#website\"},\"primaryImageOfPage\":{\"@id\":\"https:\\\/\\\/filles-de-la-charite.org\\\/pl\\\/waiting-in-line-outside-the-soup-kitchen-of-the-daughters-of-charity-during-the-covid-19-in-madrid-4\\\/#primaryimage\"},\"image\":{\"@id\":\"https:\\\/\\\/filles-de-la-charite.org\\\/pl\\\/waiting-in-line-outside-the-soup-kitchen-of-the-daughters-of-charity-during-the-covid-19-in-madrid-4\\\/#primaryimage\"},\"thumbnailUrl\":\"https:\\\/\\\/filles-de-la-charite.org\\\/wp-content\\\/uploads\\\/2023\\\/06\\\/0630-comedor-thmb.jpg\",\"datePublished\":\"2020-06-29T20:41:52+00:00\",\"dateModified\":\"2024-03-17T17:25:03+00:00\",\"breadcrumb\":{\"@id\":\"https:\\\/\\\/filles-de-la-charite.org\\\/pl\\\/waiting-in-line-outside-the-soup-kitchen-of-the-daughters-of-charity-during-the-covid-19-in-madrid-4\\\/#breadcrumb\"},\"inLanguage\":\"pl-PL\",\"potentialAction\":[{\"@type\":\"ReadAction\",\"target\":[\"https:\\\/\\\/filles-de-la-charite.org\\\/pl\\\/waiting-in-line-outside-the-soup-kitchen-of-the-daughters-of-charity-during-the-covid-19-in-madrid-4\\\/\"]}]},{\"@type\":\"ImageObject\",\"inLanguage\":\"pl-PL\",\"@id\":\"https:\\\/\\\/filles-de-la-charite.org\\\/pl\\\/waiting-in-line-outside-the-soup-kitchen-of-the-daughters-of-charity-during-the-covid-19-in-madrid-4\\\/#primaryimage\",\"url\":\"https:\\\/\\\/filles-de-la-charite.org\\\/wp-content\\\/uploads\\\/2023\\\/06\\\/0630-comedor-thmb.jpg\",\"contentUrl\":\"https:\\\/\\\/filles-de-la-charite.org\\\/wp-content\\\/uploads\\\/2023\\\/06\\\/0630-comedor-thmb.jpg\",\"width\":420,\"height\":280},{\"@type\":\"BreadcrumbList\",\"@id\":\"https:\\\/\\\/filles-de-la-charite.org\\\/pl\\\/waiting-in-line-outside-the-soup-kitchen-of-the-daughters-of-charity-during-the-covid-19-in-madrid-4\\\/#breadcrumb\",\"itemListElement\":[{\"@type\":\"ListItem\",\"position\":1,\"name\":\"Siostry Mi\u0142osierdzia\",\"item\":\"https:\\\/\\\/filles-de-la-charite.org\\\/pl\\\/category\\\/siostry-milosierdzia\\\/\"},{\"@type\":\"ListItem\",\"position\":2,\"name\":\"Oczekiwanie w kolejce przed sto\u0142\u00f3wk\u0105 Si\u00f3str Mi\u0142osierdzia podczas COVID-19 w Madrycie\"}]},{\"@type\":\"WebSite\",\"@id\":\"https:\\\/\\\/filles-de-la-charite.org\\\/pl\\\/#website\",\"url\":\"https:\\\/\\\/filles-de-la-charite.org\\\/pl\\\/\",\"name\":\"Hijas de la Caridad\",\"description\":\"L\u2019amour de J\u00e9sus nous presse \u00e0 prendre soin des personnes les plus d\u00e9munies\",\"publisher\":{\"@id\":\"https:\\\/\\\/filles-de-la-charite.org\\\/pl\\\/#organization\"},\"potentialAction\":[{\"@type\":\"SearchAction\",\"target\":{\"@type\":\"EntryPoint\",\"urlTemplate\":\"https:\\\/\\\/filles-de-la-charite.org\\\/pl\\\/?s={search_term_string}\"},\"query-input\":{\"@type\":\"PropertyValueSpecification\",\"valueRequired\":true,\"valueName\":\"search_term_string\"}}],\"inLanguage\":\"pl-PL\"},{\"@type\":\"Organization\",\"@id\":\"https:\\\/\\\/filles-de-la-charite.org\\\/pl\\\/#organization\",\"name\":\"Hijas de la Caridad\",\"url\":\"https:\\\/\\\/filles-de-la-charite.org\\\/pl\\\/\",\"logo\":{\"@type\":\"ImageObject\",\"inLanguage\":\"pl-PL\",\"@id\":\"https:\\\/\\\/filles-de-la-charite.org\\\/pl\\\/#\\\/schema\\\/logo\\\/image\\\/\",\"url\":\"https:\\\/\\\/filles-de-la-charite.org\\\/wp-content\\\/uploads\\\/2023\\\/03\\\/isotipo-Hijas-de-la-Caridad.png\",\"contentUrl\":\"https:\\\/\\\/filles-de-la-charite.org\\\/wp-content\\\/uploads\\\/2023\\\/03\\\/isotipo-Hijas-de-la-Caridad.png\",\"width\":1417,\"height\":1417,\"caption\":\"Hijas de la Caridad\"},\"image\":{\"@id\":\"https:\\\/\\\/filles-de-la-charite.org\\\/pl\\\/#\\\/schema\\\/logo\\\/image\\\/\"}},{\"@type\":\"Person\",\"@id\":\"https:\\\/\\\/filles-de-la-charite.org\\\/pl\\\/#\\\/schema\\\/person\\\/427567b2eccfc2dd7d206da186a1f438\",\"name\":\"admin\",\"image\":{\"@type\":\"ImageObject\",\"inLanguage\":\"pl-PL\",\"@id\":\"https:\\\/\\\/secure.gravatar.com\\\/avatar\\\/948b492cce32b586ac2db0eaa926ee87024f7afe218d73b397ea5ddfc5f43ea1?s=96&d=mm&r=g\",\"url\":\"https:\\\/\\\/secure.gravatar.com\\\/avatar\\\/948b492cce32b586ac2db0eaa926ee87024f7afe218d73b397ea5ddfc5f43ea1?s=96&d=mm&r=g\",\"contentUrl\":\"https:\\\/\\\/secure.gravatar.com\\\/avatar\\\/948b492cce32b586ac2db0eaa926ee87024f7afe218d73b397ea5ddfc5f43ea1?s=96&d=mm&r=g\",\"caption\":\"admin\"},\"sameAs\":[\"https:\\\/\\\/filles-de-la-charite.org\"],\"url\":\"https:\\\/\\\/filles-de-la-charite.org\\\/pl\\\/author\\\/caridad\\\/\"}]}<\/script>\n<!-- \/ Yoast SEO plugin. -->","yoast_head_json":{"title":"Oczekiwanie w kolejce przed sto\u0142\u00f3wk\u0105 Si\u00f3str Mi\u0142osierdzia podczas COVID-19 w Madrycie - Filles de la Charit\u00e9","robots":{"index":"index","follow":"follow","max-snippet":"max-snippet:-1","max-image-preview":"max-image-preview:large","max-video-preview":"max-video-preview:-1"},"canonical":"https:\/\/filles-de-la-charite.org\/pl\/waiting-in-line-outside-the-soup-kitchen-of-the-daughters-of-charity-during-the-covid-19-in-madrid-4\/","og_locale":"pl_PL","og_type":"article","og_title":"Oczekiwanie w kolejce przed sto\u0142\u00f3wk\u0105 Si\u00f3str Mi\u0142osierdzia podczas COVID-19 w Madrycie - Filles de la Charit\u00e9","og_description":"W okresie pandemii Centrum \u015aw. Wincentego a Paulo musia\u0142o dostosowa\u0107 swoj\u0105 pos\u0142ug\u0119 do obecnych okoliczno\u015bci. Ludzie w potrzebie musz\u0105 teraz czeka\u0107 w kolejce na zewn\u0105trz, aby otrzyma\u0107 posi\u0142ek, podczas gdy wcze\u015bniej by\u0142 podawany na tacy i mo\u017cna by\u0142o usi\u0105\u015b\u0107 przy stole. Posi\u0142ek, teraz w plastikowym pojemniku, zawiera mi\u0119so z ziemniakami, kanapk\u0119 z jajkiem, kanapk\u0119 z [&hellip;]","og_url":"https:\/\/filles-de-la-charite.org\/pl\/waiting-in-line-outside-the-soup-kitchen-of-the-daughters-of-charity-during-the-covid-19-in-madrid-4\/","og_site_name":"Filles de la Charit\u00e9","article_published_time":"2020-06-29T20:41:52+00:00","article_modified_time":"2024-03-17T17:25:03+00:00","og_image":[{"width":420,"height":280,"url":"https:\/\/filles-de-la-charite.org\/wp-content\/uploads\/2023\/06\/0630-comedor-thmb.jpg","type":"image\/jpeg"}],"author":"admin","twitter_card":"summary_large_image","twitter_misc":{"Napisane przez":"admin","Szacowany czas czytania":"3 minuty"},"schema":{"@context":"https:\/\/schema.org","@graph":[{"@type":"Article","@id":"https:\/\/filles-de-la-charite.org\/pl\/waiting-in-line-outside-the-soup-kitchen-of-the-daughters-of-charity-during-the-covid-19-in-madrid-4\/#article","isPartOf":{"@id":"https:\/\/filles-de-la-charite.org\/pl\/waiting-in-line-outside-the-soup-kitchen-of-the-daughters-of-charity-during-the-covid-19-in-madrid-4\/"},"author":{"name":"admin","@id":"https:\/\/filles-de-la-charite.org\/pl\/#\/schema\/person\/427567b2eccfc2dd7d206da186a1f438"},"headline":"Oczekiwanie w kolejce przed sto\u0142\u00f3wk\u0105 Si\u00f3str Mi\u0142osierdzia podczas COVID-19 w Madrycie","datePublished":"2020-06-29T20:41:52+00:00","dateModified":"2024-03-17T17:25:03+00:00","mainEntityOfPage":{"@id":"https:\/\/filles-de-la-charite.org\/pl\/waiting-in-line-outside-the-soup-kitchen-of-the-daughters-of-charity-during-the-covid-19-in-madrid-4\/"},"wordCount":541,"publisher":{"@id":"https:\/\/filles-de-la-charite.org\/pl\/#organization"},"image":{"@id":"https:\/\/filles-de-la-charite.org\/pl\/waiting-in-line-outside-the-soup-kitchen-of-the-daughters-of-charity-during-the-covid-19-in-madrid-4\/#primaryimage"},"thumbnailUrl":"https:\/\/filles-de-la-charite.org\/wp-content\/uploads\/2023\/06\/0630-comedor-thmb.jpg","articleSection":["\u015awi\u0119ta Ludwika - Hiszpania"],"inLanguage":"pl-PL"},{"@type":"WebPage","@id":"https:\/\/filles-de-la-charite.org\/pl\/waiting-in-line-outside-the-soup-kitchen-of-the-daughters-of-charity-during-the-covid-19-in-madrid-4\/","url":"https:\/\/filles-de-la-charite.org\/pl\/waiting-in-line-outside-the-soup-kitchen-of-the-daughters-of-charity-during-the-covid-19-in-madrid-4\/","name":"Oczekiwanie w kolejce przed sto\u0142\u00f3wk\u0105 Si\u00f3str Mi\u0142osierdzia podczas COVID-19 w Madrycie - Filles de la Charit\u00e9","isPartOf":{"@id":"https:\/\/filles-de-la-charite.org\/pl\/#website"},"primaryImageOfPage":{"@id":"https:\/\/filles-de-la-charite.org\/pl\/waiting-in-line-outside-the-soup-kitchen-of-the-daughters-of-charity-during-the-covid-19-in-madrid-4\/#primaryimage"},"image":{"@id":"https:\/\/filles-de-la-charite.org\/pl\/waiting-in-line-outside-the-soup-kitchen-of-the-daughters-of-charity-during-the-covid-19-in-madrid-4\/#primaryimage"},"thumbnailUrl":"https:\/\/filles-de-la-charite.org\/wp-content\/uploads\/2023\/06\/0630-comedor-thmb.jpg","datePublished":"2020-06-29T20:41:52+00:00","dateModified":"2024-03-17T17:25:03+00:00","breadcrumb":{"@id":"https:\/\/filles-de-la-charite.org\/pl\/waiting-in-line-outside-the-soup-kitchen-of-the-daughters-of-charity-during-the-covid-19-in-madrid-4\/#breadcrumb"},"inLanguage":"pl-PL","potentialAction":[{"@type":"ReadAction","target":["https:\/\/filles-de-la-charite.org\/pl\/waiting-in-line-outside-the-soup-kitchen-of-the-daughters-of-charity-during-the-covid-19-in-madrid-4\/"]}]},{"@type":"ImageObject","inLanguage":"pl-PL","@id":"https:\/\/filles-de-la-charite.org\/pl\/waiting-in-line-outside-the-soup-kitchen-of-the-daughters-of-charity-during-the-covid-19-in-madrid-4\/#primaryimage","url":"https:\/\/filles-de-la-charite.org\/wp-content\/uploads\/2023\/06\/0630-comedor-thmb.jpg","contentUrl":"https:\/\/filles-de-la-charite.org\/wp-content\/uploads\/2023\/06\/0630-comedor-thmb.jpg","width":420,"height":280},{"@type":"BreadcrumbList","@id":"https:\/\/filles-de-la-charite.org\/pl\/waiting-in-line-outside-the-soup-kitchen-of-the-daughters-of-charity-during-the-covid-19-in-madrid-4\/#breadcrumb","itemListElement":[{"@type":"ListItem","position":1,"name":"Siostry Mi\u0142osierdzia","item":"https:\/\/filles-de-la-charite.org\/pl\/category\/siostry-milosierdzia\/"},{"@type":"ListItem","position":2,"name":"Oczekiwanie w kolejce przed sto\u0142\u00f3wk\u0105 Si\u00f3str Mi\u0142osierdzia podczas COVID-19 w Madrycie"}]},{"@type":"WebSite","@id":"https:\/\/filles-de-la-charite.org\/pl\/#website","url":"https:\/\/filles-de-la-charite.org\/pl\/","name":"Hijas de la Caridad","description":"L\u2019amour de J\u00e9sus nous presse \u00e0 prendre soin des personnes les plus d\u00e9munies","publisher":{"@id":"https:\/\/filles-de-la-charite.org\/pl\/#organization"},"potentialAction":[{"@type":"SearchAction","target":{"@type":"EntryPoint","urlTemplate":"https:\/\/filles-de-la-charite.org\/pl\/?s={search_term_string}"},"query-input":{"@type":"PropertyValueSpecification","valueRequired":true,"valueName":"search_term_string"}}],"inLanguage":"pl-PL"},{"@type":"Organization","@id":"https:\/\/filles-de-la-charite.org\/pl\/#organization","name":"Hijas de la Caridad","url":"https:\/\/filles-de-la-charite.org\/pl\/","logo":{"@type":"ImageObject","inLanguage":"pl-PL","@id":"https:\/\/filles-de-la-charite.org\/pl\/#\/schema\/logo\/image\/","url":"https:\/\/filles-de-la-charite.org\/wp-content\/uploads\/2023\/03\/isotipo-Hijas-de-la-Caridad.png","contentUrl":"https:\/\/filles-de-la-charite.org\/wp-content\/uploads\/2023\/03\/isotipo-Hijas-de-la-Caridad.png","width":1417,"height":1417,"caption":"Hijas de la Caridad"},"image":{"@id":"https:\/\/filles-de-la-charite.org\/pl\/#\/schema\/logo\/image\/"}},{"@type":"Person","@id":"https:\/\/filles-de-la-charite.org\/pl\/#\/schema\/person\/427567b2eccfc2dd7d206da186a1f438","name":"admin","image":{"@type":"ImageObject","inLanguage":"pl-PL","@id":"https:\/\/secure.gravatar.com\/avatar\/948b492cce32b586ac2db0eaa926ee87024f7afe218d73b397ea5ddfc5f43ea1?s=96&d=mm&r=g","url":"https:\/\/secure.gravatar.com\/avatar\/948b492cce32b586ac2db0eaa926ee87024f7afe218d73b397ea5ddfc5f43ea1?s=96&d=mm&r=g","contentUrl":"https:\/\/secure.gravatar.com\/avatar\/948b492cce32b586ac2db0eaa926ee87024f7afe218d73b397ea5ddfc5f43ea1?s=96&d=mm&r=g","caption":"admin"},"sameAs":["https:\/\/filles-de-la-charite.org"],"url":"https:\/\/filles-de-la-charite.org\/pl\/author\/caridad\/"}]}},"_links":{"self":[{"href":"https:\/\/filles-de-la-charite.org\/pl\/wp-json\/wp\/v2\/posts\/24211","targetHints":{"allow":["GET"]}}],"collection":[{"href":"https:\/\/filles-de-la-charite.org\/pl\/wp-json\/wp\/v2\/posts"}],"about":[{"href":"https:\/\/filles-de-la-charite.org\/pl\/wp-json\/wp\/v2\/types\/post"}],"author":[{"embeddable":true,"href":"https:\/\/filles-de-la-charite.org\/pl\/wp-json\/wp\/v2\/users\/1"}],"replies":[{"embeddable":true,"href":"https:\/\/filles-de-la-charite.org\/pl\/wp-json\/wp\/v2\/comments?post=24211"}],"version-history":[{"count":1,"href":"https:\/\/filles-de-la-charite.org\/pl\/wp-json\/wp\/v2\/posts\/24211\/revisions"}],"predecessor-version":[{"id":24212,"href":"https:\/\/filles-de-la-charite.org\/pl\/wp-json\/wp\/v2\/posts\/24211\/revisions\/24212"}],"wp:featuredmedia":[{"embeddable":true,"href":"https:\/\/filles-de-la-charite.org\/pl\/wp-json\/wp\/v2\/media\/14896"}],"wp:attachment":[{"href":"https:\/\/filles-de-la-charite.org\/pl\/wp-json\/wp\/v2\/media?parent=24211"}],"wp:term":[{"taxonomy":"category","embeddable":true,"href":"https:\/\/filles-de-la-charite.org\/pl\/wp-json\/wp\/v2\/categories?post=24211"},{"taxonomy":"post_tag","embeddable":true,"href":"https:\/\/filles-de-la-charite.org\/pl\/wp-json\/wp\/v2\/tags?post=24211"}],"curies":[{"name":"wp","href":"https:\/\/api.w.org\/{rel}","templated":true}]}}