{"id":24213,"date":"2020-07-03T11:07:18","date_gmt":"2020-07-03T09:07:18","guid":{"rendered":"https:\/\/hijascaridad.sjdigitaldemo.ovh\/did-you-say-lockdown-4\/"},"modified":"2024-03-17T18:24:41","modified_gmt":"2024-03-17T17:24:41","slug":"did-you-say-lockdown-4","status":"publish","type":"post","link":"https:\/\/filles-de-la-charite.org\/pl\/did-you-say-lockdown-4\/","title":{"rendered":"Czy powiedzieli\u015bcie \u201ezamkni\u0119cie\u201d?"},"content":{"rendered":"\n<p><p style=\"text-align: justify;\"><strong><span style=\"color: #929292;\"><img loading=\"lazy\" decoding=\"async\" width=\"300\" height=\"200\" class=\"alignleft size-full wp-image-41146\" src=\"https:\/\/filles-de-la-charite.org\/wp-content\/uploads\/2023\/06\/200703-lockdown-thmb.jpg\" alt=\"\"><\/span><\/strong>To s\u0142owo, wypowiedziane niezliczon\u0105 ilo\u015b\u0107 razy na ca\u0142ym \u015bwiecie od pocz\u0105tku tego roku i do\u015bwiadczane przez tyle samo os\u00f3b, spowodowa\u0142o cierpienie fizyczne, socjologiczne, psychologiczne, ekonomiczne, a tak\u017ce r\u00f3\u017cne przeciwno\u015bci losu; jego skala ujawni si\u0119 w kolejnych miesi\u0105cach. Przynios\u0142o jednak wyj\u0105tkowy potok hojno\u015bci, zar\u00f3wno duchowej, jak i materialnej. Na kr\u00f3tk\u0105 chwil\u0119 \u201eobr\u00f3\u0107my medal\u201d (jest to jedno ze s\u0142ynnych wyra\u017ce\u0144 \u015bw. Wincentego a Paulo) i odwa\u017cmy si\u0119 zobaczy\u0107 \u201eograniczenie\u201d z sercami pe\u0142nymi nadziei\u2026<\/p> <p style=\"text-align: justify;\">Ludzie w wielu miastach Francji zach\u0119cali entuzjastycznie pracownik\u00f3w s\u0142u\u017cby zdrowia, kt\u00f3rzy s\u0142u\u017cyli na pierwszym froncie bitwy: ka\u017cdego wieczoru o godzinie dwudziestej oklaskami, radosnym d\u017awi\u0119kiem z improwizowanych instrument\u00f3w rozbrzmiewaj\u0105cych na ulicach, wyra\u017cali poparcie i solidarno\u015b\u0107 oraz okazywali docenienie profesjonalizmu i po\u015bwi\u0119cenia pracownik\u00f3w medycznych. M\u00f3wi\u0105c konkretniej: przynoszono im posi\u0142ki i upominki; zosta\u0142a zorganizowana opieka nad ich dzie\u0107mi w celu odci\u0105\u017cenia wymaga\u0144 ich pracy.<\/p> <p style=\"text-align: justify;\">Pami\u0119tano tak\u017ce o tych, kt\u00f3rych praca okaza\u0142a si\u0119 niezb\u0119dna do przetrwania innych: kasjerzy, piekarze, \u015bmieciarze\u2026 oni nigdy nie zaprzestali pracy.<\/p> <p style=\"text-align: justify;\">Zosta\u0142y r\u00f3wnie\u017c zorganizowane chwile relaksu, aby zachowa\u0107 morale. W rzeczywisto\u015bci mieszkanie w apartamencie lub posiadanie ogrodu nie sprawia wra\u017cenia &#8222;ograniczenia&#8221;. Niekt\u00f3re z tych chwil by\u0142y kreatywne: z balkon\u00f3w lub dach\u00f3w animowa\u0142y gry, \u015bpiewa\u0142y popularne melodie lub gra\u0142y religijne i \u015bwieckie piosenki napisane specjalnie na t\u0119 okoliczno\u015b\u0107, zapraszaj\u0105c innych do ta\u0144ca; oddech \u015bwie\u017cego powietrza przed powrotem do czterech \u015bcian\u2026<\/p> <p style=\"text-align: justify;\">Z inicjatywy poszczeg\u00f3lnych os\u00f3b, stowarzysze\u0144, parafii, szk\u00f3\u0142 szczeg\u00f3lnie zwr\u00f3cono uwag\u0119 na osoby nara\u017cone i odizolowane: robiono zakupy, pomagano wykonywa\u0107 rozmowy telefoniczne, pisa\u0107 listy, podawa\u0107 posi\u0142ki, kontaktowa\u0107 si\u0119 z us\u0142ugami socjalnymi. Pracownicy s\u0142u\u017cby zdrowia, klerycy seminarium i m\u0142odzie\u017c dobrowolnie zamkn\u0119li si\u0119 na kilka tygodni w niekt\u00f3rych instytucjach, aby s\u0142u\u017cy\u0107 osobom starszym i unikn\u0105\u0107 infekcji.<\/p> <p style=\"text-align: justify;\">R\u00f3wnie\u017c wi\u0119\u017aniowie nie zostali zapomniani: bezp\u0142atny numer umo\u017cliwi\u0142 s\u0142uchanie ich przez 24 godziny na dob\u0119.<\/p> <p style=\"text-align: justify;\">Diecezja Paryska we wsp\u00f3\u0142pracy z Urz\u0119dem Miasta stolicy i udzia\u0142em ponad 500 wolontariuszy rozdawa\u0142a pakiety obiadowe dla os\u00f3b bezdomnych przez 7 dni w tygodniu; ponad 1400 zapakowanych posi\u0142k\u00f3w przygotowywanych by\u0142o codziennie dzi\u0119ki wysi\u0142kom renomowanej szko\u0142y \u015bredniej w Pary\u017cu.<\/p> <p style=\"text-align: justify;\">Wielu w\u0142a\u015bcicieli odroczy\u0142o p\u0142atno\u015bci czynsz\u00f3w najemc\u00f3w, a nawet anulowa\u0142o op\u0142aty za dzier\u017caw\u0119 lokali komercyjnych\u2026<\/p> <p style=\"text-align: justify;\">Ale \u201enie samym chlebem \u017cyje cz\u0142owiek\u201d!!! Ko\u015bcio\u0142y pozosta\u0142y otwarte, aby ci, kt\u00f3rzy wychodzili na zakupy podstawowych artyku\u0142\u00f3w, mogli dokona\u0107 kr\u00f3tkiej wizyty w dozwolonym czasie.<\/p> <p style=\"text-align: justify;\">Wszystkie techniczne \u015brodki komunikacji zosta\u0142y wykorzystane, aby przynie\u015b\u0107 pokarm duchowy: Eucharystia, kt\u00f3ra by\u0142a transmitowana na \u017cywo lub transmitowana przez radio, wszelkiego rodzaju modlitwy: uwielbienie, r\u00f3\u017caniec, adoracja Naj\u015bwi\u0119tszego Sakramentu, Droga Krzy\u017cowa, rekolekcje&#8230; Na \u015bwi\u0119to Zwiastowania Pa\u0144skiego (25 marca), zapalono \u015bwiece i umieszczono je w oknach, a dzwony ko\u015bcielne zadzwoni\u0142y w ca\u0142ej Francji!<\/p> <p style=\"text-align: justify;\">Czy po okresie \u201eograniczenia\u201d b\u0119dziemy nadal szerzy\u0107 t\u0119 kreatywno\u015b\u0107, zaanga\u017cowanie, zapa\u0142, wiar\u0119 i zdolno\u015b\u0107 do troszczenia si\u0119 o innych?<\/p><\/p>\n","protected":false},"excerpt":{"rendered":"<p>To s\u0142owo, wypowiedziane niezliczon\u0105 ilo\u015b\u0107 razy na ca\u0142ym \u015bwiecie od pocz\u0105tku tego roku i do\u015bwiadczane przez tyle samo os\u00f3b, spowodowa\u0142o cierpienie fizyczne, socjologiczne, psychologiczne, ekonomiczne, a tak\u017ce r\u00f3\u017cne przeciwno\u015bci losu; jego skala ujawni si\u0119 w kolejnych miesi\u0105cach. Przynios\u0142o jednak wyj\u0105tkowy potok hojno\u015bci, zar\u00f3wno duchowej, jak i materialnej. Na kr\u00f3tk\u0105 chwil\u0119 \u201eobr\u00f3\u0107my medal\u201d (jest to jedno [&hellip;]<\/p>\n","protected":false},"author":1,"featured_media":14903,"comment_status":"closed","ping_status":"closed","sticky":false,"template":"","format":"standard","meta":{"_acf_changed":false,"_et_pb_use_builder":"","_et_pb_old_content":"","_et_gb_content_width":"","footnotes":"","_links_to":"","_links_to_target":""},"categories":[565],"tags":[],"class_list":["post-24213","post","type-post","status-publish","format-standard","has-post-thumbnail","hentry","category-belgia-francja-szwajcaria-pl"],"acf":[],"yoast_head":"<!-- This site is optimized with the Yoast SEO plugin v27.5 - https:\/\/yoast.com\/product\/yoast-seo-wordpress\/ -->\n<title>Czy powiedzieli\u015bcie \u201ezamkni\u0119cie\u201d? - Filles de la Charit\u00e9<\/title>\n<meta name=\"robots\" content=\"index, follow, max-snippet:-1, max-image-preview:large, max-video-preview:-1\" \/>\n<link rel=\"canonical\" href=\"https:\/\/filles-de-la-charite.org\/pl\/did-you-say-lockdown-4\/\" \/>\n<meta property=\"og:locale\" content=\"pl_PL\" \/>\n<meta property=\"og:type\" content=\"article\" \/>\n<meta property=\"og:title\" content=\"Czy powiedzieli\u015bcie \u201ezamkni\u0119cie\u201d? - Filles de la Charit\u00e9\" \/>\n<meta property=\"og:description\" content=\"To s\u0142owo, wypowiedziane niezliczon\u0105 ilo\u015b\u0107 razy na ca\u0142ym \u015bwiecie od pocz\u0105tku tego roku i do\u015bwiadczane przez tyle samo os\u00f3b, spowodowa\u0142o cierpienie fizyczne, socjologiczne, psychologiczne, ekonomiczne, a tak\u017ce r\u00f3\u017cne przeciwno\u015bci losu; jego skala ujawni si\u0119 w kolejnych miesi\u0105cach. Przynios\u0142o jednak wyj\u0105tkowy potok hojno\u015bci, zar\u00f3wno duchowej, jak i materialnej. Na kr\u00f3tk\u0105 chwil\u0119 \u201eobr\u00f3\u0107my medal\u201d (jest to jedno [&hellip;]\" \/>\n<meta property=\"og:url\" content=\"https:\/\/filles-de-la-charite.org\/pl\/did-you-say-lockdown-4\/\" \/>\n<meta property=\"og:site_name\" content=\"Filles de la Charit\u00e9\" \/>\n<meta property=\"article:published_time\" content=\"2020-07-03T09:07:18+00:00\" \/>\n<meta property=\"article:modified_time\" content=\"2024-03-17T17:24:41+00:00\" \/>\n<meta property=\"og:image\" content=\"https:\/\/filles-de-la-charite.org\/wp-content\/uploads\/2023\/06\/200703-lockdown-ftd.jpg\" \/>\n\t<meta property=\"og:image:width\" content=\"1199\" \/>\n\t<meta property=\"og:image:height\" content=\"630\" \/>\n\t<meta property=\"og:image:type\" content=\"image\/jpeg\" \/>\n<meta name=\"author\" content=\"admin\" \/>\n<meta name=\"twitter:card\" content=\"summary_large_image\" \/>\n<meta name=\"twitter:label1\" content=\"Napisane przez\" \/>\n\t<meta name=\"twitter:data1\" content=\"admin\" \/>\n\t<meta name=\"twitter:label2\" content=\"Szacowany czas czytania\" \/>\n\t<meta name=\"twitter:data2\" content=\"3 minuty\" \/>\n<script type=\"application\/ld+json\" class=\"yoast-schema-graph\">{\"@context\":\"https:\\\/\\\/schema.org\",\"@graph\":[{\"@type\":\"Article\",\"@id\":\"https:\\\/\\\/filles-de-la-charite.org\\\/pl\\\/did-you-say-lockdown-4\\\/#article\",\"isPartOf\":{\"@id\":\"https:\\\/\\\/filles-de-la-charite.org\\\/pl\\\/did-you-say-lockdown-4\\\/\"},\"author\":{\"name\":\"admin\",\"@id\":\"https:\\\/\\\/filles-de-la-charite.org\\\/pl\\\/#\\\/schema\\\/person\\\/427567b2eccfc2dd7d206da186a1f438\"},\"headline\":\"Czy powiedzieli\u015bcie \u201ezamkni\u0119cie\u201d?\",\"datePublished\":\"2020-07-03T09:07:18+00:00\",\"dateModified\":\"2024-03-17T17:24:41+00:00\",\"mainEntityOfPage\":{\"@id\":\"https:\\\/\\\/filles-de-la-charite.org\\\/pl\\\/did-you-say-lockdown-4\\\/\"},\"wordCount\":547,\"publisher\":{\"@id\":\"https:\\\/\\\/filles-de-la-charite.org\\\/pl\\\/#organization\"},\"image\":{\"@id\":\"https:\\\/\\\/filles-de-la-charite.org\\\/pl\\\/did-you-say-lockdown-4\\\/#primaryimage\"},\"thumbnailUrl\":\"https:\\\/\\\/filles-de-la-charite.org\\\/wp-content\\\/uploads\\\/2023\\\/06\\\/200703-lockdown-ftd.jpg\",\"articleSection\":[\"Belgia-Francja-Szwajcaria\"],\"inLanguage\":\"pl-PL\"},{\"@type\":\"WebPage\",\"@id\":\"https:\\\/\\\/filles-de-la-charite.org\\\/pl\\\/did-you-say-lockdown-4\\\/\",\"url\":\"https:\\\/\\\/filles-de-la-charite.org\\\/pl\\\/did-you-say-lockdown-4\\\/\",\"name\":\"Czy powiedzieli\u015bcie \u201ezamkni\u0119cie\u201d? - Filles de la Charit\u00e9\",\"isPartOf\":{\"@id\":\"https:\\\/\\\/filles-de-la-charite.org\\\/pl\\\/#website\"},\"primaryImageOfPage\":{\"@id\":\"https:\\\/\\\/filles-de-la-charite.org\\\/pl\\\/did-you-say-lockdown-4\\\/#primaryimage\"},\"image\":{\"@id\":\"https:\\\/\\\/filles-de-la-charite.org\\\/pl\\\/did-you-say-lockdown-4\\\/#primaryimage\"},\"thumbnailUrl\":\"https:\\\/\\\/filles-de-la-charite.org\\\/wp-content\\\/uploads\\\/2023\\\/06\\\/200703-lockdown-ftd.jpg\",\"datePublished\":\"2020-07-03T09:07:18+00:00\",\"dateModified\":\"2024-03-17T17:24:41+00:00\",\"breadcrumb\":{\"@id\":\"https:\\\/\\\/filles-de-la-charite.org\\\/pl\\\/did-you-say-lockdown-4\\\/#breadcrumb\"},\"inLanguage\":\"pl-PL\",\"potentialAction\":[{\"@type\":\"ReadAction\",\"target\":[\"https:\\\/\\\/filles-de-la-charite.org\\\/pl\\\/did-you-say-lockdown-4\\\/\"]}]},{\"@type\":\"ImageObject\",\"inLanguage\":\"pl-PL\",\"@id\":\"https:\\\/\\\/filles-de-la-charite.org\\\/pl\\\/did-you-say-lockdown-4\\\/#primaryimage\",\"url\":\"https:\\\/\\\/filles-de-la-charite.org\\\/wp-content\\\/uploads\\\/2023\\\/06\\\/200703-lockdown-ftd.jpg\",\"contentUrl\":\"https:\\\/\\\/filles-de-la-charite.org\\\/wp-content\\\/uploads\\\/2023\\\/06\\\/200703-lockdown-ftd.jpg\",\"width\":1199,\"height\":630},{\"@type\":\"BreadcrumbList\",\"@id\":\"https:\\\/\\\/filles-de-la-charite.org\\\/pl\\\/did-you-say-lockdown-4\\\/#breadcrumb\",\"itemListElement\":[{\"@type\":\"ListItem\",\"position\":1,\"name\":\"Belgia-Francja-Szwajcaria\",\"item\":\"https:\\\/\\\/filles-de-la-charite.org\\\/pl\\\/category\\\/belgia-francja-szwajcaria-pl\\\/\"},{\"@type\":\"ListItem\",\"position\":2,\"name\":\"Czy powiedzieli\u015bcie \u201ezamkni\u0119cie\u201d?\"}]},{\"@type\":\"WebSite\",\"@id\":\"https:\\\/\\\/filles-de-la-charite.org\\\/pl\\\/#website\",\"url\":\"https:\\\/\\\/filles-de-la-charite.org\\\/pl\\\/\",\"name\":\"Hijas de la Caridad\",\"description\":\"L\u2019amour de J\u00e9sus nous presse \u00e0 prendre soin des personnes les plus d\u00e9munies\",\"publisher\":{\"@id\":\"https:\\\/\\\/filles-de-la-charite.org\\\/pl\\\/#organization\"},\"potentialAction\":[{\"@type\":\"SearchAction\",\"target\":{\"@type\":\"EntryPoint\",\"urlTemplate\":\"https:\\\/\\\/filles-de-la-charite.org\\\/pl\\\/?s={search_term_string}\"},\"query-input\":{\"@type\":\"PropertyValueSpecification\",\"valueRequired\":true,\"valueName\":\"search_term_string\"}}],\"inLanguage\":\"pl-PL\"},{\"@type\":\"Organization\",\"@id\":\"https:\\\/\\\/filles-de-la-charite.org\\\/pl\\\/#organization\",\"name\":\"Hijas de la Caridad\",\"url\":\"https:\\\/\\\/filles-de-la-charite.org\\\/pl\\\/\",\"logo\":{\"@type\":\"ImageObject\",\"inLanguage\":\"pl-PL\",\"@id\":\"https:\\\/\\\/filles-de-la-charite.org\\\/pl\\\/#\\\/schema\\\/logo\\\/image\\\/\",\"url\":\"https:\\\/\\\/filles-de-la-charite.org\\\/wp-content\\\/uploads\\\/2023\\\/03\\\/isotipo-Hijas-de-la-Caridad.png\",\"contentUrl\":\"https:\\\/\\\/filles-de-la-charite.org\\\/wp-content\\\/uploads\\\/2023\\\/03\\\/isotipo-Hijas-de-la-Caridad.png\",\"width\":1417,\"height\":1417,\"caption\":\"Hijas de la Caridad\"},\"image\":{\"@id\":\"https:\\\/\\\/filles-de-la-charite.org\\\/pl\\\/#\\\/schema\\\/logo\\\/image\\\/\"}},{\"@type\":\"Person\",\"@id\":\"https:\\\/\\\/filles-de-la-charite.org\\\/pl\\\/#\\\/schema\\\/person\\\/427567b2eccfc2dd7d206da186a1f438\",\"name\":\"admin\",\"image\":{\"@type\":\"ImageObject\",\"inLanguage\":\"pl-PL\",\"@id\":\"https:\\\/\\\/secure.gravatar.com\\\/avatar\\\/948b492cce32b586ac2db0eaa926ee87024f7afe218d73b397ea5ddfc5f43ea1?s=96&d=mm&r=g\",\"url\":\"https:\\\/\\\/secure.gravatar.com\\\/avatar\\\/948b492cce32b586ac2db0eaa926ee87024f7afe218d73b397ea5ddfc5f43ea1?s=96&d=mm&r=g\",\"contentUrl\":\"https:\\\/\\\/secure.gravatar.com\\\/avatar\\\/948b492cce32b586ac2db0eaa926ee87024f7afe218d73b397ea5ddfc5f43ea1?s=96&d=mm&r=g\",\"caption\":\"admin\"},\"sameAs\":[\"https:\\\/\\\/filles-de-la-charite.org\"],\"url\":\"https:\\\/\\\/filles-de-la-charite.org\\\/pl\\\/author\\\/caridad\\\/\"}]}<\/script>\n<!-- \/ Yoast SEO plugin. -->","yoast_head_json":{"title":"Czy powiedzieli\u015bcie \u201ezamkni\u0119cie\u201d? - Filles de la Charit\u00e9","robots":{"index":"index","follow":"follow","max-snippet":"max-snippet:-1","max-image-preview":"max-image-preview:large","max-video-preview":"max-video-preview:-1"},"canonical":"https:\/\/filles-de-la-charite.org\/pl\/did-you-say-lockdown-4\/","og_locale":"pl_PL","og_type":"article","og_title":"Czy powiedzieli\u015bcie \u201ezamkni\u0119cie\u201d? - Filles de la Charit\u00e9","og_description":"To s\u0142owo, wypowiedziane niezliczon\u0105 ilo\u015b\u0107 razy na ca\u0142ym \u015bwiecie od pocz\u0105tku tego roku i do\u015bwiadczane przez tyle samo os\u00f3b, spowodowa\u0142o cierpienie fizyczne, socjologiczne, psychologiczne, ekonomiczne, a tak\u017ce r\u00f3\u017cne przeciwno\u015bci losu; jego skala ujawni si\u0119 w kolejnych miesi\u0105cach. Przynios\u0142o jednak wyj\u0105tkowy potok hojno\u015bci, zar\u00f3wno duchowej, jak i materialnej. Na kr\u00f3tk\u0105 chwil\u0119 \u201eobr\u00f3\u0107my medal\u201d (jest to jedno [&hellip;]","og_url":"https:\/\/filles-de-la-charite.org\/pl\/did-you-say-lockdown-4\/","og_site_name":"Filles de la Charit\u00e9","article_published_time":"2020-07-03T09:07:18+00:00","article_modified_time":"2024-03-17T17:24:41+00:00","og_image":[{"width":1199,"height":630,"url":"https:\/\/filles-de-la-charite.org\/wp-content\/uploads\/2023\/06\/200703-lockdown-ftd.jpg","type":"image\/jpeg"}],"author":"admin","twitter_card":"summary_large_image","twitter_misc":{"Napisane przez":"admin","Szacowany czas czytania":"3 minuty"},"schema":{"@context":"https:\/\/schema.org","@graph":[{"@type":"Article","@id":"https:\/\/filles-de-la-charite.org\/pl\/did-you-say-lockdown-4\/#article","isPartOf":{"@id":"https:\/\/filles-de-la-charite.org\/pl\/did-you-say-lockdown-4\/"},"author":{"name":"admin","@id":"https:\/\/filles-de-la-charite.org\/pl\/#\/schema\/person\/427567b2eccfc2dd7d206da186a1f438"},"headline":"Czy powiedzieli\u015bcie \u201ezamkni\u0119cie\u201d?","datePublished":"2020-07-03T09:07:18+00:00","dateModified":"2024-03-17T17:24:41+00:00","mainEntityOfPage":{"@id":"https:\/\/filles-de-la-charite.org\/pl\/did-you-say-lockdown-4\/"},"wordCount":547,"publisher":{"@id":"https:\/\/filles-de-la-charite.org\/pl\/#organization"},"image":{"@id":"https:\/\/filles-de-la-charite.org\/pl\/did-you-say-lockdown-4\/#primaryimage"},"thumbnailUrl":"https:\/\/filles-de-la-charite.org\/wp-content\/uploads\/2023\/06\/200703-lockdown-ftd.jpg","articleSection":["Belgia-Francja-Szwajcaria"],"inLanguage":"pl-PL"},{"@type":"WebPage","@id":"https:\/\/filles-de-la-charite.org\/pl\/did-you-say-lockdown-4\/","url":"https:\/\/filles-de-la-charite.org\/pl\/did-you-say-lockdown-4\/","name":"Czy powiedzieli\u015bcie \u201ezamkni\u0119cie\u201d? - Filles de la Charit\u00e9","isPartOf":{"@id":"https:\/\/filles-de-la-charite.org\/pl\/#website"},"primaryImageOfPage":{"@id":"https:\/\/filles-de-la-charite.org\/pl\/did-you-say-lockdown-4\/#primaryimage"},"image":{"@id":"https:\/\/filles-de-la-charite.org\/pl\/did-you-say-lockdown-4\/#primaryimage"},"thumbnailUrl":"https:\/\/filles-de-la-charite.org\/wp-content\/uploads\/2023\/06\/200703-lockdown-ftd.jpg","datePublished":"2020-07-03T09:07:18+00:00","dateModified":"2024-03-17T17:24:41+00:00","breadcrumb":{"@id":"https:\/\/filles-de-la-charite.org\/pl\/did-you-say-lockdown-4\/#breadcrumb"},"inLanguage":"pl-PL","potentialAction":[{"@type":"ReadAction","target":["https:\/\/filles-de-la-charite.org\/pl\/did-you-say-lockdown-4\/"]}]},{"@type":"ImageObject","inLanguage":"pl-PL","@id":"https:\/\/filles-de-la-charite.org\/pl\/did-you-say-lockdown-4\/#primaryimage","url":"https:\/\/filles-de-la-charite.org\/wp-content\/uploads\/2023\/06\/200703-lockdown-ftd.jpg","contentUrl":"https:\/\/filles-de-la-charite.org\/wp-content\/uploads\/2023\/06\/200703-lockdown-ftd.jpg","width":1199,"height":630},{"@type":"BreadcrumbList","@id":"https:\/\/filles-de-la-charite.org\/pl\/did-you-say-lockdown-4\/#breadcrumb","itemListElement":[{"@type":"ListItem","position":1,"name":"Belgia-Francja-Szwajcaria","item":"https:\/\/filles-de-la-charite.org\/pl\/category\/belgia-francja-szwajcaria-pl\/"},{"@type":"ListItem","position":2,"name":"Czy powiedzieli\u015bcie \u201ezamkni\u0119cie\u201d?"}]},{"@type":"WebSite","@id":"https:\/\/filles-de-la-charite.org\/pl\/#website","url":"https:\/\/filles-de-la-charite.org\/pl\/","name":"Hijas de la Caridad","description":"L\u2019amour de J\u00e9sus nous presse \u00e0 prendre soin des personnes les plus d\u00e9munies","publisher":{"@id":"https:\/\/filles-de-la-charite.org\/pl\/#organization"},"potentialAction":[{"@type":"SearchAction","target":{"@type":"EntryPoint","urlTemplate":"https:\/\/filles-de-la-charite.org\/pl\/?s={search_term_string}"},"query-input":{"@type":"PropertyValueSpecification","valueRequired":true,"valueName":"search_term_string"}}],"inLanguage":"pl-PL"},{"@type":"Organization","@id":"https:\/\/filles-de-la-charite.org\/pl\/#organization","name":"Hijas de la Caridad","url":"https:\/\/filles-de-la-charite.org\/pl\/","logo":{"@type":"ImageObject","inLanguage":"pl-PL","@id":"https:\/\/filles-de-la-charite.org\/pl\/#\/schema\/logo\/image\/","url":"https:\/\/filles-de-la-charite.org\/wp-content\/uploads\/2023\/03\/isotipo-Hijas-de-la-Caridad.png","contentUrl":"https:\/\/filles-de-la-charite.org\/wp-content\/uploads\/2023\/03\/isotipo-Hijas-de-la-Caridad.png","width":1417,"height":1417,"caption":"Hijas de la Caridad"},"image":{"@id":"https:\/\/filles-de-la-charite.org\/pl\/#\/schema\/logo\/image\/"}},{"@type":"Person","@id":"https:\/\/filles-de-la-charite.org\/pl\/#\/schema\/person\/427567b2eccfc2dd7d206da186a1f438","name":"admin","image":{"@type":"ImageObject","inLanguage":"pl-PL","@id":"https:\/\/secure.gravatar.com\/avatar\/948b492cce32b586ac2db0eaa926ee87024f7afe218d73b397ea5ddfc5f43ea1?s=96&d=mm&r=g","url":"https:\/\/secure.gravatar.com\/avatar\/948b492cce32b586ac2db0eaa926ee87024f7afe218d73b397ea5ddfc5f43ea1?s=96&d=mm&r=g","contentUrl":"https:\/\/secure.gravatar.com\/avatar\/948b492cce32b586ac2db0eaa926ee87024f7afe218d73b397ea5ddfc5f43ea1?s=96&d=mm&r=g","caption":"admin"},"sameAs":["https:\/\/filles-de-la-charite.org"],"url":"https:\/\/filles-de-la-charite.org\/pl\/author\/caridad\/"}]}},"_links":{"self":[{"href":"https:\/\/filles-de-la-charite.org\/pl\/wp-json\/wp\/v2\/posts\/24213","targetHints":{"allow":["GET"]}}],"collection":[{"href":"https:\/\/filles-de-la-charite.org\/pl\/wp-json\/wp\/v2\/posts"}],"about":[{"href":"https:\/\/filles-de-la-charite.org\/pl\/wp-json\/wp\/v2\/types\/post"}],"author":[{"embeddable":true,"href":"https:\/\/filles-de-la-charite.org\/pl\/wp-json\/wp\/v2\/users\/1"}],"replies":[{"embeddable":true,"href":"https:\/\/filles-de-la-charite.org\/pl\/wp-json\/wp\/v2\/comments?post=24213"}],"version-history":[{"count":1,"href":"https:\/\/filles-de-la-charite.org\/pl\/wp-json\/wp\/v2\/posts\/24213\/revisions"}],"predecessor-version":[{"id":24214,"href":"https:\/\/filles-de-la-charite.org\/pl\/wp-json\/wp\/v2\/posts\/24213\/revisions\/24214"}],"wp:featuredmedia":[{"embeddable":true,"href":"https:\/\/filles-de-la-charite.org\/pl\/wp-json\/wp\/v2\/media\/14903"}],"wp:attachment":[{"href":"https:\/\/filles-de-la-charite.org\/pl\/wp-json\/wp\/v2\/media?parent=24213"}],"wp:term":[{"taxonomy":"category","embeddable":true,"href":"https:\/\/filles-de-la-charite.org\/pl\/wp-json\/wp\/v2\/categories?post=24213"},{"taxonomy":"post_tag","embeddable":true,"href":"https:\/\/filles-de-la-charite.org\/pl\/wp-json\/wp\/v2\/tags?post=24213"}],"curies":[{"name":"wp","href":"https:\/\/api.w.org\/{rel}","templated":true}]}}