{"id":24216,"date":"2020-07-27T21:42:45","date_gmt":"2020-07-27T19:42:45","guid":{"rendered":"https:\/\/hijascaridad.sjdigitaldemo.ovh\/laudato-si-awareness-raising-while-social-distancing-4\/"},"modified":"2023-06-26T07:47:58","modified_gmt":"2023-06-26T05:47:58","slug":"laudato-si-awareness-raising-while-social-distancing-4","status":"publish","type":"post","link":"https:\/\/filles-de-la-charite.org\/pl\/laudato-si-awareness-raising-while-social-distancing-4\/","title":{"rendered":"Laudato Si&#8217; &#8211; podnoszenie \u015bwiadomo\u015bci podczas \u201edystansowania spo\u0142ecznego\u201d"},"content":{"rendered":"\n<p><p style=\"text-align: justify;\"><strong><span style=\"color: #929292;\"><img loading=\"lazy\" decoding=\"async\" width=\"300\" height=\"200\" class=\"alignleft size-full wp-image-41205\" src=\"https:\/\/filles-de-la-charite.org\/wp-content\/uploads\/2023\/06\/0726-Laudato-Si-thmb.jpg\" alt=\"\"><\/span><\/strong><span style=\"color: #000000;\">M\u00f3wi si\u0119, \u017ce si\u0142a i stabilno\u015b\u0107 nale\u017c\u0105 do cech, kt\u00f3re nale\u017cy \u015bwi\u0119towa\u0107 kiedy obchodzimy pi\u0105t\u0105 rocznic\u0119 jakiego\u015b wydarzenia. Wyznaczaj\u0105c rok 2020 jako pocz\u0105tek \u201ewieloletniego planu wdra\u017cania Laudato Si\u201d, papie\u017c Franciszek zach\u0119ca nas do wzmocnienia i ustabilizowania naszej wiary w nowy spos\u00f3b.<\/span><\/p> Podtytu\u0142 \u201eTroska o nasz wsp\u00f3lny dom\u201d nie jest tym, czego zwykle oczekuje si\u0119 w dokumencie watyka\u0144skim &#8211; dla wielu nie jest wystarczaj\u0105co \u201e\u015bwi\u0119ty\u201d &#8211; w konwencjonalnym rozumieniu tego s\u0142owa. Chocia\u017c jest to d\u0142ugi dokument, sk\u0142adaj\u0105cy si\u0119 z 246 paragraf\u00f3w, tre\u015b\u0107 jego jest przyst\u0119pna, napisana w \u0142atwo przyswajalnym stylu i bardzo warta przeczytania. <p style=\"text-align: justify;\"><span style=\"color: #000000;\">W czerwcu 2020 roku, w Belfa\u015bcie, utworzy\u0142a si\u0119 ad hoc grupa 12 m\u0119\u017cczyzn i kobiet, aby przez cztery tygodnie czyta\u0107 i dzieli\u0107 si\u0119 Encyklik\u0105 papie\u017ca Franciszka, Laudato Si. Ten wsp\u00f3\u0142czesny \u015brodek da\u0142 ka\u017cdemu uczestnikowi mo\u017cliwo\u015b\u0107 znalezienia g\u0142osu. By\u0142o to wzbogacaj\u0105ce i cenne do\u015bwiadczenie dla wszystkich zainteresowanych. Niekt\u00f3rzy nigdy nie s\u0142yszeli o dokumencie! Inni wiedzieli o nim, ale poniewa\u017c jego znaczenie nie by\u0142o podkre\u015blone w Ko\u015bciele, szybko opu\u015bci\u0142o ich pami\u0119\u0107. Jeden z uczestnik\u00f3w skomentowa\u0142: \u201eNigdy nie my\u015bla\u0142em, \u017ce z przyjemno\u015bci\u0105 przeczytam ten papieski dokument! To jest wspania\u0142e.&#8221; Rzeczywi\u015bcie, przez te cztery tygodnie, by\u0142 to dobry spos\u00f3b na umocnienie naszej wiary. Poproszono o mo\u017cliwo\u015b\u0107 dalszych rozm\u00f3w w celu wykorzystania nowo zdobytej wiedzy.<\/span><\/p> <img loading=\"lazy\" decoding=\"async\" width=\"721\" height=\"450\" class=\"aligncenter size-full wp-image-41203\" src=\"https:\/\/filles-de-la-charite.org\/wp-content\/uploads\/2023\/06\/0726-Laudato-Si-1.jpg\" alt=\"\"> <p style=\"text-align: justify;\"><span style=\"color: #000000;\">Aby pobudzi\u0107 apetyt i wywo\u0142a\u0107 dyskusj\u0119, wybrano cztery tematy: Nasz wsp\u00f3lny dom, Integraln\u0105 ekologi\u0119, Mi\u0142o\u015b\u0107 spo\u0142eczn\u0105 &#8211; dialog i Rado\u015b\u0107 wyp\u0142ywaj\u0105ca z nadziei. To nakre\u015bli\u0142o osobist\u0105 podr\u00f3\u017c przez dokument. Z Laudato Si zosta\u0142y wybrane paragrafy w celu stymulowania jak najwi\u0119kszej liczby wy\u015bwietle\u0144, pr\u00f3bka znajduje si\u0119 poni\u017cej. Co tydzie\u0144 jeden z temat\u00f3w by\u0142 wysy\u0142any do uczestnik\u00f3w poczt\u0105 elektroniczn\u0105 przed naszym spotkaniem za pomoc\u0105 aplikacji \u201ezoom\u201d. Ograniczenia spowodowane przez koronawirusa mia\u0142y bardzo niewielki, je\u015bli w og\u00f3le, wp\u0142yw na nasze spotkania, ale przedsi\u0119wzi\u0119cie to by\u0142o bardzo cenne i mog\u0142o s\u0142u\u017cy\u0107 jako model dla innych zainteresowanych grup.<\/span><\/p> <table> <tbody> <tr> <td style=\"text-align: center;\"> <pre><span style=\"color: #008000;\"><em><b>Mi\u0142o\u015b\u0107 spo\u0142eczna jest kluczem do prawdziwego rozwoju...  i\u00a0zach\u0119ca do <em>kultury troski<\/em>,  przenikaj\u0105cej ca\u0142e spo\u0142ecze\u0144stwo. (Laudato Si 231)<\/b><\/em><\/span><\/pre> <\/td> <\/tr> <\/tbody> <\/table> \u00a0 <p style=\"text-align: justify;\"><b><span style=\"color: #000000;\">Mi\u0142o\u015b\u0107 spo\u0142eczna \u2013 dialog<\/span><\/b><\/p> <p style=\"text-align: justify;\"><span style=\"color: #000000;\">Dzi\u015b jednak musimy zda\u0107 sobie spraw\u0119, \u017ce prawdziwe podej\u015bcie ekologiczne zawsze staje si\u0119 podej\u015bciem spo\u0142ecznym; musi uwzgl\u0119dnia\u0107 kwestie sprawiedliwo\u015bci w debatach na temat \u015brodowiska, aby s\u0142ysze\u0107 zar\u00f3wno wo\u0142anie ziemi, jak i wo\u0142anie ubogich. (Laudato Si 49, 74, 93, 162, 165, 170, 171).<\/span><\/p> <p style=\"text-align: justify;\"><span style=\"color: #000000;\">Solidarno\u015b\u0107 mi\u0119dzypokoleniowa nie jest fakultatywna, ale jest podstawow\u0105 kwesti\u0105 sprawiedliwo\u015bci, poniewa\u017c \u015bwiat, kt\u00f3ry otrzymali\u015bmy, nale\u017cy r\u00f3wnie\u017c do tych, kt\u00f3rzy przyjd\u0105 po nas. (1Laudato Si 59, 161, 162, 166, 168, 172, 173, 174, 175).<\/span><\/p> <p style=\"text-align: right;\"><span style=\"color: #0000ff;\"><em>S. Anna Byrne, Siostra Mi\u0142osierdzia<\/em><\/span><\/p><\/p>\n","protected":false},"excerpt":{"rendered":"<p>M\u00f3wi si\u0119, \u017ce si\u0142a i stabilno\u015b\u0107 nale\u017c\u0105 do cech, kt\u00f3re nale\u017cy \u015bwi\u0119towa\u0107 kiedy obchodzimy pi\u0105t\u0105 rocznic\u0119 jakiego\u015b wydarzenia. Wyznaczaj\u0105c rok 2020 jako pocz\u0105tek \u201ewieloletniego planu wdra\u017cania Laudato Si\u201d, papie\u017c Franciszek zach\u0119ca nas do wzmocnienia i ustabilizowania naszej wiary w nowy spos\u00f3b. Podtytu\u0142 \u201eTroska o nasz wsp\u00f3lny dom\u201d nie jest tym, czego zwykle oczekuje si\u0119 w [&hellip;]<\/p>\n","protected":false},"author":1,"featured_media":14930,"comment_status":"closed","ping_status":"closed","sticky":false,"template":"","format":"standard","meta":{"_acf_changed":false,"_et_pb_use_builder":"","_et_pb_old_content":"","_et_gb_content_width":"","footnotes":"","_links_to":"","_links_to_target":""},"categories":[513],"tags":[],"class_list":["post-24216","post","type-post","status-publish","format-standard","has-post-thumbnail","hentry","category-irlandia"],"acf":[],"yoast_head":"<!-- This site is optimized with the Yoast SEO plugin v27.5 - https:\/\/yoast.com\/product\/yoast-seo-wordpress\/ -->\n<title>Laudato Si&#039; - podnoszenie \u015bwiadomo\u015bci podczas \u201edystansowania spo\u0142ecznego\u201d - Filles de la Charit\u00e9<\/title>\n<meta name=\"robots\" content=\"index, follow, max-snippet:-1, max-image-preview:large, max-video-preview:-1\" \/>\n<link rel=\"canonical\" href=\"https:\/\/filles-de-la-charite.org\/pl\/laudato-si-awareness-raising-while-social-distancing-4\/\" \/>\n<meta property=\"og:locale\" content=\"pl_PL\" \/>\n<meta property=\"og:type\" content=\"article\" \/>\n<meta property=\"og:title\" content=\"Laudato Si&#039; - podnoszenie \u015bwiadomo\u015bci podczas \u201edystansowania spo\u0142ecznego\u201d - Filles de la Charit\u00e9\" \/>\n<meta property=\"og:description\" content=\"M\u00f3wi si\u0119, \u017ce si\u0142a i stabilno\u015b\u0107 nale\u017c\u0105 do cech, kt\u00f3re nale\u017cy \u015bwi\u0119towa\u0107 kiedy obchodzimy pi\u0105t\u0105 rocznic\u0119 jakiego\u015b wydarzenia. Wyznaczaj\u0105c rok 2020 jako pocz\u0105tek \u201ewieloletniego planu wdra\u017cania Laudato Si\u201d, papie\u017c Franciszek zach\u0119ca nas do wzmocnienia i ustabilizowania naszej wiary w nowy spos\u00f3b. Podtytu\u0142 \u201eTroska o nasz wsp\u00f3lny dom\u201d nie jest tym, czego zwykle oczekuje si\u0119 w [&hellip;]\" \/>\n<meta property=\"og:url\" content=\"https:\/\/filles-de-la-charite.org\/pl\/laudato-si-awareness-raising-while-social-distancing-4\/\" \/>\n<meta property=\"og:site_name\" content=\"Filles de la Charit\u00e9\" \/>\n<meta property=\"article:published_time\" content=\"2020-07-27T19:42:45+00:00\" \/>\n<meta property=\"article:modified_time\" content=\"2023-06-26T05:47:58+00:00\" \/>\n<meta property=\"og:image\" content=\"https:\/\/filles-de-la-charite.org\/wp-content\/uploads\/2023\/06\/0726-Laudato-Si-FTD.jpg\" \/>\n\t<meta property=\"og:image:width\" content=\"1200\" \/>\n\t<meta property=\"og:image:height\" content=\"630\" \/>\n\t<meta property=\"og:image:type\" content=\"image\/jpeg\" \/>\n<meta name=\"author\" content=\"admin\" \/>\n<meta name=\"twitter:card\" content=\"summary_large_image\" \/>\n<meta name=\"twitter:label1\" content=\"Napisane przez\" \/>\n\t<meta name=\"twitter:data1\" content=\"admin\" \/>\n\t<meta name=\"twitter:label2\" content=\"Szacowany czas czytania\" \/>\n\t<meta name=\"twitter:data2\" content=\"2 minuty\" \/>\n<script type=\"application\/ld+json\" class=\"yoast-schema-graph\">{\"@context\":\"https:\\\/\\\/schema.org\",\"@graph\":[{\"@type\":\"Article\",\"@id\":\"https:\\\/\\\/filles-de-la-charite.org\\\/pl\\\/laudato-si-awareness-raising-while-social-distancing-4\\\/#article\",\"isPartOf\":{\"@id\":\"https:\\\/\\\/filles-de-la-charite.org\\\/pl\\\/laudato-si-awareness-raising-while-social-distancing-4\\\/\"},\"author\":{\"name\":\"admin\",\"@id\":\"https:\\\/\\\/filles-de-la-charite.org\\\/pl\\\/#\\\/schema\\\/person\\\/427567b2eccfc2dd7d206da186a1f438\"},\"headline\":\"Laudato Si&#8217; &#8211; podnoszenie \u015bwiadomo\u015bci podczas \u201edystansowania spo\u0142ecznego\u201d\",\"datePublished\":\"2020-07-27T19:42:45+00:00\",\"dateModified\":\"2023-06-26T05:47:58+00:00\",\"mainEntityOfPage\":{\"@id\":\"https:\\\/\\\/filles-de-la-charite.org\\\/pl\\\/laudato-si-awareness-raising-while-social-distancing-4\\\/\"},\"wordCount\":462,\"publisher\":{\"@id\":\"https:\\\/\\\/filles-de-la-charite.org\\\/pl\\\/#organization\"},\"image\":{\"@id\":\"https:\\\/\\\/filles-de-la-charite.org\\\/pl\\\/laudato-si-awareness-raising-while-social-distancing-4\\\/#primaryimage\"},\"thumbnailUrl\":\"https:\\\/\\\/filles-de-la-charite.org\\\/wp-content\\\/uploads\\\/2023\\\/06\\\/0726-Laudato-Si-FTD.jpg\",\"articleSection\":[\"Irlandia\"],\"inLanguage\":\"pl-PL\"},{\"@type\":\"WebPage\",\"@id\":\"https:\\\/\\\/filles-de-la-charite.org\\\/pl\\\/laudato-si-awareness-raising-while-social-distancing-4\\\/\",\"url\":\"https:\\\/\\\/filles-de-la-charite.org\\\/pl\\\/laudato-si-awareness-raising-while-social-distancing-4\\\/\",\"name\":\"Laudato Si' - podnoszenie \u015bwiadomo\u015bci podczas \u201edystansowania spo\u0142ecznego\u201d - Filles de la Charit\u00e9\",\"isPartOf\":{\"@id\":\"https:\\\/\\\/filles-de-la-charite.org\\\/pl\\\/#website\"},\"primaryImageOfPage\":{\"@id\":\"https:\\\/\\\/filles-de-la-charite.org\\\/pl\\\/laudato-si-awareness-raising-while-social-distancing-4\\\/#primaryimage\"},\"image\":{\"@id\":\"https:\\\/\\\/filles-de-la-charite.org\\\/pl\\\/laudato-si-awareness-raising-while-social-distancing-4\\\/#primaryimage\"},\"thumbnailUrl\":\"https:\\\/\\\/filles-de-la-charite.org\\\/wp-content\\\/uploads\\\/2023\\\/06\\\/0726-Laudato-Si-FTD.jpg\",\"datePublished\":\"2020-07-27T19:42:45+00:00\",\"dateModified\":\"2023-06-26T05:47:58+00:00\",\"breadcrumb\":{\"@id\":\"https:\\\/\\\/filles-de-la-charite.org\\\/pl\\\/laudato-si-awareness-raising-while-social-distancing-4\\\/#breadcrumb\"},\"inLanguage\":\"pl-PL\",\"potentialAction\":[{\"@type\":\"ReadAction\",\"target\":[\"https:\\\/\\\/filles-de-la-charite.org\\\/pl\\\/laudato-si-awareness-raising-while-social-distancing-4\\\/\"]}]},{\"@type\":\"ImageObject\",\"inLanguage\":\"pl-PL\",\"@id\":\"https:\\\/\\\/filles-de-la-charite.org\\\/pl\\\/laudato-si-awareness-raising-while-social-distancing-4\\\/#primaryimage\",\"url\":\"https:\\\/\\\/filles-de-la-charite.org\\\/wp-content\\\/uploads\\\/2023\\\/06\\\/0726-Laudato-Si-FTD.jpg\",\"contentUrl\":\"https:\\\/\\\/filles-de-la-charite.org\\\/wp-content\\\/uploads\\\/2023\\\/06\\\/0726-Laudato-Si-FTD.jpg\",\"width\":1200,\"height\":630},{\"@type\":\"BreadcrumbList\",\"@id\":\"https:\\\/\\\/filles-de-la-charite.org\\\/pl\\\/laudato-si-awareness-raising-while-social-distancing-4\\\/#breadcrumb\",\"itemListElement\":[{\"@type\":\"ListItem\",\"position\":1,\"name\":\"Espa\u00f1a-Norte\",\"item\":\"https:\\\/\\\/filles-de-la-charite.org\\\/pl\\\/category\\\/espana-norte-pl\\\/\"},{\"@type\":\"ListItem\",\"position\":2,\"name\":\"Laudato Si&#8217; &#8211; podnoszenie \u015bwiadomo\u015bci podczas \u201edystansowania spo\u0142ecznego\u201d\"}]},{\"@type\":\"WebSite\",\"@id\":\"https:\\\/\\\/filles-de-la-charite.org\\\/pl\\\/#website\",\"url\":\"https:\\\/\\\/filles-de-la-charite.org\\\/pl\\\/\",\"name\":\"Hijas de la Caridad\",\"description\":\"L\u2019amour de J\u00e9sus nous presse \u00e0 prendre soin des personnes les plus d\u00e9munies\",\"publisher\":{\"@id\":\"https:\\\/\\\/filles-de-la-charite.org\\\/pl\\\/#organization\"},\"potentialAction\":[{\"@type\":\"SearchAction\",\"target\":{\"@type\":\"EntryPoint\",\"urlTemplate\":\"https:\\\/\\\/filles-de-la-charite.org\\\/pl\\\/?s={search_term_string}\"},\"query-input\":{\"@type\":\"PropertyValueSpecification\",\"valueRequired\":true,\"valueName\":\"search_term_string\"}}],\"inLanguage\":\"pl-PL\"},{\"@type\":\"Organization\",\"@id\":\"https:\\\/\\\/filles-de-la-charite.org\\\/pl\\\/#organization\",\"name\":\"Hijas de la Caridad\",\"url\":\"https:\\\/\\\/filles-de-la-charite.org\\\/pl\\\/\",\"logo\":{\"@type\":\"ImageObject\",\"inLanguage\":\"pl-PL\",\"@id\":\"https:\\\/\\\/filles-de-la-charite.org\\\/pl\\\/#\\\/schema\\\/logo\\\/image\\\/\",\"url\":\"https:\\\/\\\/filles-de-la-charite.org\\\/wp-content\\\/uploads\\\/2023\\\/03\\\/isotipo-Hijas-de-la-Caridad.png\",\"contentUrl\":\"https:\\\/\\\/filles-de-la-charite.org\\\/wp-content\\\/uploads\\\/2023\\\/03\\\/isotipo-Hijas-de-la-Caridad.png\",\"width\":1417,\"height\":1417,\"caption\":\"Hijas de la Caridad\"},\"image\":{\"@id\":\"https:\\\/\\\/filles-de-la-charite.org\\\/pl\\\/#\\\/schema\\\/logo\\\/image\\\/\"}},{\"@type\":\"Person\",\"@id\":\"https:\\\/\\\/filles-de-la-charite.org\\\/pl\\\/#\\\/schema\\\/person\\\/427567b2eccfc2dd7d206da186a1f438\",\"name\":\"admin\",\"image\":{\"@type\":\"ImageObject\",\"inLanguage\":\"pl-PL\",\"@id\":\"https:\\\/\\\/secure.gravatar.com\\\/avatar\\\/948b492cce32b586ac2db0eaa926ee87024f7afe218d73b397ea5ddfc5f43ea1?s=96&d=mm&r=g\",\"url\":\"https:\\\/\\\/secure.gravatar.com\\\/avatar\\\/948b492cce32b586ac2db0eaa926ee87024f7afe218d73b397ea5ddfc5f43ea1?s=96&d=mm&r=g\",\"contentUrl\":\"https:\\\/\\\/secure.gravatar.com\\\/avatar\\\/948b492cce32b586ac2db0eaa926ee87024f7afe218d73b397ea5ddfc5f43ea1?s=96&d=mm&r=g\",\"caption\":\"admin\"},\"sameAs\":[\"https:\\\/\\\/filles-de-la-charite.org\"],\"url\":\"https:\\\/\\\/filles-de-la-charite.org\\\/pl\\\/author\\\/caridad\\\/\"}]}<\/script>\n<!-- \/ Yoast SEO plugin. -->","yoast_head_json":{"title":"Laudato Si' - podnoszenie \u015bwiadomo\u015bci podczas \u201edystansowania spo\u0142ecznego\u201d - Filles de la Charit\u00e9","robots":{"index":"index","follow":"follow","max-snippet":"max-snippet:-1","max-image-preview":"max-image-preview:large","max-video-preview":"max-video-preview:-1"},"canonical":"https:\/\/filles-de-la-charite.org\/pl\/laudato-si-awareness-raising-while-social-distancing-4\/","og_locale":"pl_PL","og_type":"article","og_title":"Laudato Si' - podnoszenie \u015bwiadomo\u015bci podczas \u201edystansowania spo\u0142ecznego\u201d - Filles de la Charit\u00e9","og_description":"M\u00f3wi si\u0119, \u017ce si\u0142a i stabilno\u015b\u0107 nale\u017c\u0105 do cech, kt\u00f3re nale\u017cy \u015bwi\u0119towa\u0107 kiedy obchodzimy pi\u0105t\u0105 rocznic\u0119 jakiego\u015b wydarzenia. Wyznaczaj\u0105c rok 2020 jako pocz\u0105tek \u201ewieloletniego planu wdra\u017cania Laudato Si\u201d, papie\u017c Franciszek zach\u0119ca nas do wzmocnienia i ustabilizowania naszej wiary w nowy spos\u00f3b. Podtytu\u0142 \u201eTroska o nasz wsp\u00f3lny dom\u201d nie jest tym, czego zwykle oczekuje si\u0119 w [&hellip;]","og_url":"https:\/\/filles-de-la-charite.org\/pl\/laudato-si-awareness-raising-while-social-distancing-4\/","og_site_name":"Filles de la Charit\u00e9","article_published_time":"2020-07-27T19:42:45+00:00","article_modified_time":"2023-06-26T05:47:58+00:00","og_image":[{"width":1200,"height":630,"url":"https:\/\/filles-de-la-charite.org\/wp-content\/uploads\/2023\/06\/0726-Laudato-Si-FTD.jpg","type":"image\/jpeg"}],"author":"admin","twitter_card":"summary_large_image","twitter_misc":{"Napisane przez":"admin","Szacowany czas czytania":"2 minuty"},"schema":{"@context":"https:\/\/schema.org","@graph":[{"@type":"Article","@id":"https:\/\/filles-de-la-charite.org\/pl\/laudato-si-awareness-raising-while-social-distancing-4\/#article","isPartOf":{"@id":"https:\/\/filles-de-la-charite.org\/pl\/laudato-si-awareness-raising-while-social-distancing-4\/"},"author":{"name":"admin","@id":"https:\/\/filles-de-la-charite.org\/pl\/#\/schema\/person\/427567b2eccfc2dd7d206da186a1f438"},"headline":"Laudato Si&#8217; &#8211; podnoszenie \u015bwiadomo\u015bci podczas \u201edystansowania spo\u0142ecznego\u201d","datePublished":"2020-07-27T19:42:45+00:00","dateModified":"2023-06-26T05:47:58+00:00","mainEntityOfPage":{"@id":"https:\/\/filles-de-la-charite.org\/pl\/laudato-si-awareness-raising-while-social-distancing-4\/"},"wordCount":462,"publisher":{"@id":"https:\/\/filles-de-la-charite.org\/pl\/#organization"},"image":{"@id":"https:\/\/filles-de-la-charite.org\/pl\/laudato-si-awareness-raising-while-social-distancing-4\/#primaryimage"},"thumbnailUrl":"https:\/\/filles-de-la-charite.org\/wp-content\/uploads\/2023\/06\/0726-Laudato-Si-FTD.jpg","articleSection":["Irlandia"],"inLanguage":"pl-PL"},{"@type":"WebPage","@id":"https:\/\/filles-de-la-charite.org\/pl\/laudato-si-awareness-raising-while-social-distancing-4\/","url":"https:\/\/filles-de-la-charite.org\/pl\/laudato-si-awareness-raising-while-social-distancing-4\/","name":"Laudato Si' - podnoszenie \u015bwiadomo\u015bci podczas \u201edystansowania spo\u0142ecznego\u201d - Filles de la Charit\u00e9","isPartOf":{"@id":"https:\/\/filles-de-la-charite.org\/pl\/#website"},"primaryImageOfPage":{"@id":"https:\/\/filles-de-la-charite.org\/pl\/laudato-si-awareness-raising-while-social-distancing-4\/#primaryimage"},"image":{"@id":"https:\/\/filles-de-la-charite.org\/pl\/laudato-si-awareness-raising-while-social-distancing-4\/#primaryimage"},"thumbnailUrl":"https:\/\/filles-de-la-charite.org\/wp-content\/uploads\/2023\/06\/0726-Laudato-Si-FTD.jpg","datePublished":"2020-07-27T19:42:45+00:00","dateModified":"2023-06-26T05:47:58+00:00","breadcrumb":{"@id":"https:\/\/filles-de-la-charite.org\/pl\/laudato-si-awareness-raising-while-social-distancing-4\/#breadcrumb"},"inLanguage":"pl-PL","potentialAction":[{"@type":"ReadAction","target":["https:\/\/filles-de-la-charite.org\/pl\/laudato-si-awareness-raising-while-social-distancing-4\/"]}]},{"@type":"ImageObject","inLanguage":"pl-PL","@id":"https:\/\/filles-de-la-charite.org\/pl\/laudato-si-awareness-raising-while-social-distancing-4\/#primaryimage","url":"https:\/\/filles-de-la-charite.org\/wp-content\/uploads\/2023\/06\/0726-Laudato-Si-FTD.jpg","contentUrl":"https:\/\/filles-de-la-charite.org\/wp-content\/uploads\/2023\/06\/0726-Laudato-Si-FTD.jpg","width":1200,"height":630},{"@type":"BreadcrumbList","@id":"https:\/\/filles-de-la-charite.org\/pl\/laudato-si-awareness-raising-while-social-distancing-4\/#breadcrumb","itemListElement":[{"@type":"ListItem","position":1,"name":"Espa\u00f1a-Norte","item":"https:\/\/filles-de-la-charite.org\/pl\/category\/espana-norte-pl\/"},{"@type":"ListItem","position":2,"name":"Laudato Si&#8217; &#8211; podnoszenie \u015bwiadomo\u015bci podczas \u201edystansowania spo\u0142ecznego\u201d"}]},{"@type":"WebSite","@id":"https:\/\/filles-de-la-charite.org\/pl\/#website","url":"https:\/\/filles-de-la-charite.org\/pl\/","name":"Hijas de la Caridad","description":"L\u2019amour de J\u00e9sus nous presse \u00e0 prendre soin des personnes les plus d\u00e9munies","publisher":{"@id":"https:\/\/filles-de-la-charite.org\/pl\/#organization"},"potentialAction":[{"@type":"SearchAction","target":{"@type":"EntryPoint","urlTemplate":"https:\/\/filles-de-la-charite.org\/pl\/?s={search_term_string}"},"query-input":{"@type":"PropertyValueSpecification","valueRequired":true,"valueName":"search_term_string"}}],"inLanguage":"pl-PL"},{"@type":"Organization","@id":"https:\/\/filles-de-la-charite.org\/pl\/#organization","name":"Hijas de la Caridad","url":"https:\/\/filles-de-la-charite.org\/pl\/","logo":{"@type":"ImageObject","inLanguage":"pl-PL","@id":"https:\/\/filles-de-la-charite.org\/pl\/#\/schema\/logo\/image\/","url":"https:\/\/filles-de-la-charite.org\/wp-content\/uploads\/2023\/03\/isotipo-Hijas-de-la-Caridad.png","contentUrl":"https:\/\/filles-de-la-charite.org\/wp-content\/uploads\/2023\/03\/isotipo-Hijas-de-la-Caridad.png","width":1417,"height":1417,"caption":"Hijas de la Caridad"},"image":{"@id":"https:\/\/filles-de-la-charite.org\/pl\/#\/schema\/logo\/image\/"}},{"@type":"Person","@id":"https:\/\/filles-de-la-charite.org\/pl\/#\/schema\/person\/427567b2eccfc2dd7d206da186a1f438","name":"admin","image":{"@type":"ImageObject","inLanguage":"pl-PL","@id":"https:\/\/secure.gravatar.com\/avatar\/948b492cce32b586ac2db0eaa926ee87024f7afe218d73b397ea5ddfc5f43ea1?s=96&d=mm&r=g","url":"https:\/\/secure.gravatar.com\/avatar\/948b492cce32b586ac2db0eaa926ee87024f7afe218d73b397ea5ddfc5f43ea1?s=96&d=mm&r=g","contentUrl":"https:\/\/secure.gravatar.com\/avatar\/948b492cce32b586ac2db0eaa926ee87024f7afe218d73b397ea5ddfc5f43ea1?s=96&d=mm&r=g","caption":"admin"},"sameAs":["https:\/\/filles-de-la-charite.org"],"url":"https:\/\/filles-de-la-charite.org\/pl\/author\/caridad\/"}]}},"_links":{"self":[{"href":"https:\/\/filles-de-la-charite.org\/pl\/wp-json\/wp\/v2\/posts\/24216","targetHints":{"allow":["GET"]}}],"collection":[{"href":"https:\/\/filles-de-la-charite.org\/pl\/wp-json\/wp\/v2\/posts"}],"about":[{"href":"https:\/\/filles-de-la-charite.org\/pl\/wp-json\/wp\/v2\/types\/post"}],"author":[{"embeddable":true,"href":"https:\/\/filles-de-la-charite.org\/pl\/wp-json\/wp\/v2\/users\/1"}],"replies":[{"embeddable":true,"href":"https:\/\/filles-de-la-charite.org\/pl\/wp-json\/wp\/v2\/comments?post=24216"}],"version-history":[{"count":1,"href":"https:\/\/filles-de-la-charite.org\/pl\/wp-json\/wp\/v2\/posts\/24216\/revisions"}],"predecessor-version":[{"id":24217,"href":"https:\/\/filles-de-la-charite.org\/pl\/wp-json\/wp\/v2\/posts\/24216\/revisions\/24217"}],"wp:featuredmedia":[{"embeddable":true,"href":"https:\/\/filles-de-la-charite.org\/pl\/wp-json\/wp\/v2\/media\/14930"}],"wp:attachment":[{"href":"https:\/\/filles-de-la-charite.org\/pl\/wp-json\/wp\/v2\/media?parent=24216"}],"wp:term":[{"taxonomy":"category","embeddable":true,"href":"https:\/\/filles-de-la-charite.org\/pl\/wp-json\/wp\/v2\/categories?post=24216"},{"taxonomy":"post_tag","embeddable":true,"href":"https:\/\/filles-de-la-charite.org\/pl\/wp-json\/wp\/v2\/tags?post=24216"}],"curies":[{"name":"wp","href":"https:\/\/api.w.org\/{rel}","templated":true}]}}