{"id":24224,"date":"2020-10-03T20:34:28","date_gmt":"2020-10-03T18:34:28","guid":{"rendered":"https:\/\/hijascaridad.sjdigitaldemo.ovh\/able-the-musical-4\/"},"modified":"2024-03-17T18:23:55","modified_gmt":"2024-03-17T17:23:55","slug":"able-the-musical-4","status":"publish","type":"post","link":"https:\/\/filles-de-la-charite.org\/pl\/able-the-musical-4\/","title":{"rendered":"UZDOLNIENI: Komedia muzyczna"},"content":{"rendered":"\nMuzyka to \u015brodek, kt\u00f3re \u0142\u0105czy wszystkich. W tym \u015bwietle powsta\u0142a koncepcja Able (Uzdolnieni): muzycznej komedii. By\u0142 to koncert, celem kt\u00f3rego by\u0142o zebranie funduszy dla Centrum Matki Bo\u017cej Zwyci\u0119skiej (OLV). Do Centrum przyje\u017cd\u017caj\u0105 osoby niepe\u0142nosprawne na hospitalizacj\u0119, operacj\u0119, reedukacj\u0119, formacj\u0119, odpoczynek itp.<\/p> <p style=\"text-align: justify;\">Koncert m\u00f3wi\u0142 o \u015bcie\u017cce adaptacji siebie, by sta\u0107 si\u0119 tym, kim chce si\u0119 by\u0107. W koncercie wzi\u0119\u0142y udzia\u0142 osoby o r\u00f3\u017cnych zdolno\u015bciach, personel OLV, przyjaciele i wolontariusze-muzycy.<\/p> <p style=\"text-align: justify;\">W repertuarze znalaz\u0142y si\u0119 s\u0142ynne piosenki filmowe, kt\u00f3re s\u0105 inspiruj\u0105ce i nawi\u0105zuj\u0105 do \u017cycia os\u00f3b o r\u00f3\u017cnych zdolno\u015bciach, przebywaj\u0105cych obecnie w OLV. Punktem kulminacyjnym koncertu by\u0142 ho\u0142d dla absolwent\u00f3w OLV, kt\u00f3rych \u017cyciowe osi\u0105gni\u0119cia s\u0105 \u017cywym dziedzictwem nie\u017cyj\u0105cej ju\u017c Siostra Cecilii WOOD, MM, Za\u0142o\u017cycielki OLV.<\/p> <p style=\"text-align: justify;\">Osoby niepe\u0142nosprawne, przewa\u017cnie na w\u00f3zku inwalidzkim, wykona\u0142y poruszaj\u0105c\u0105 wersj\u0119 JOYFUL, JOYFUL z filmu \u201eSister Act\u201d. Siostra Maria Glenda JAVA, Siostra Mi\u0142osierdzia, sama jako muzyk, by\u0142a u steru tego musicalu by\u0142a.<\/p> <p style=\"text-align: justify;\">Wcze\u015bniej NIEAKTYWNI,\u00a0 jednak KOMPETENTNI, a teraz ZDOLNI&#8230;<\/p> <img loading=\"lazy\" decoding=\"async\" width=\"1280\" height=\"720\" class=\"aligncenter size-full wp-image-41398\" src=\"https:\/\/filles-de-la-charite.org\/wp-content\/uploads\/2023\/06\/201004-Able-1.jpg\" alt=\"\"> <img loading=\"lazy\" decoding=\"async\" width=\"1281\" height=\"721\" class=\"aligncenter size-full wp-image-41399\" src=\"https:\/\/filles-de-la-charite.org\/wp-content\/uploads\/2023\/06\/201004-Able-2.jpg\" alt=\"\"> <img loading=\"lazy\" decoding=\"async\" width=\"1281\" height=\"720\" class=\"aligncenter size-full wp-image-41400\" src=\"https:\/\/filles-de-la-charite.org\/wp-content\/uploads\/2023\/06\/201004-Able-3.jpg\" alt=\"\"><\/p>\n","protected":false},"excerpt":{"rendered":"<p>Muzyka to \u015brodek, kt\u00f3re \u0142\u0105czy wszystkich. W tym \u015bwietle powsta\u0142a koncepcja Able (Uzdolnieni): muzycznej komedii. By\u0142 to koncert, celem kt\u00f3rego by\u0142o zebranie funduszy dla Centrum Matki Bo\u017cej Zwyci\u0119skiej (OLV). Do Centrum przyje\u017cd\u017caj\u0105 osoby niepe\u0142nosprawne na hospitalizacj\u0119, operacj\u0119, reedukacj\u0119, formacj\u0119, odpoczynek itp. Koncert m\u00f3wi\u0142 o \u015bcie\u017cce adaptacji siebie, by sta\u0107 si\u0119 tym, kim chce si\u0119 by\u0107. [&hellip;]<\/p>\n","protected":false},"author":1,"featured_media":15088,"comment_status":"closed","ping_status":"closed","sticky":false,"template":"","format":"standard","meta":{"_acf_changed":false,"_et_pb_use_builder":"","_et_pb_old_content":"","_et_gb_content_width":"","footnotes":"","_links_to":"","_links_to_target":""},"categories":[762],"tags":[],"class_list":["post-24224","post","type-post","status-publish","format-standard","has-post-thumbnail","hentry","category-swieta-ludwika-azja-pl"],"acf":[],"yoast_head":"<!-- This site is optimized with the Yoast SEO plugin v27.4 - https:\/\/yoast.com\/product\/yoast-seo-wordpress\/ -->\n<title>UZDOLNIENI: Komedia muzyczna - Filles de la Charit\u00e9<\/title>\n<meta name=\"robots\" content=\"index, follow, max-snippet:-1, max-image-preview:large, max-video-preview:-1\" \/>\n<link rel=\"canonical\" href=\"https:\/\/filles-de-la-charite.org\/pl\/able-the-musical-4\/\" \/>\n<meta property=\"og:locale\" content=\"pl_PL\" \/>\n<meta property=\"og:type\" content=\"article\" \/>\n<meta property=\"og:title\" content=\"UZDOLNIENI: Komedia muzyczna - Filles de la Charit\u00e9\" \/>\n<meta property=\"og:description\" content=\"Muzyka to \u015brodek, kt\u00f3re \u0142\u0105czy wszystkich. W tym \u015bwietle powsta\u0142a koncepcja Able (Uzdolnieni): muzycznej komedii. By\u0142 to koncert, celem kt\u00f3rego by\u0142o zebranie funduszy dla Centrum Matki Bo\u017cej Zwyci\u0119skiej (OLV). Do Centrum przyje\u017cd\u017caj\u0105 osoby niepe\u0142nosprawne na hospitalizacj\u0119, operacj\u0119, reedukacj\u0119, formacj\u0119, odpoczynek itp. Koncert m\u00f3wi\u0142 o \u015bcie\u017cce adaptacji siebie, by sta\u0107 si\u0119 tym, kim chce si\u0119 by\u0107. [&hellip;]\" \/>\n<meta property=\"og:url\" content=\"https:\/\/filles-de-la-charite.org\/pl\/able-the-musical-4\/\" \/>\n<meta property=\"og:site_name\" content=\"Filles de la Charit\u00e9\" \/>\n<meta property=\"article:published_time\" content=\"2020-10-03T18:34:28+00:00\" \/>\n<meta property=\"article:modified_time\" content=\"2024-03-17T17:23:55+00:00\" \/>\n<meta property=\"og:image\" content=\"https:\/\/filles-de-la-charite.org\/wp-content\/uploads\/2023\/06\/201004-Able-FTD.jpg\" \/>\n\t<meta property=\"og:image:width\" content=\"1200\" \/>\n\t<meta property=\"og:image:height\" content=\"630\" \/>\n\t<meta property=\"og:image:type\" content=\"image\/jpeg\" \/>\n<meta name=\"author\" content=\"admin\" \/>\n<meta name=\"twitter:card\" content=\"summary_large_image\" \/>\n<meta name=\"twitter:label1\" content=\"Napisane przez\" \/>\n\t<meta name=\"twitter:data1\" content=\"admin\" \/>\n\t<meta name=\"twitter:label2\" content=\"Szacowany czas czytania\" \/>\n\t<meta name=\"twitter:data2\" content=\"1 minuta\" \/>\n<script type=\"application\/ld+json\" class=\"yoast-schema-graph\">{\"@context\":\"https:\\\/\\\/schema.org\",\"@graph\":[{\"@type\":\"Article\",\"@id\":\"https:\\\/\\\/filles-de-la-charite.org\\\/pl\\\/able-the-musical-4\\\/#article\",\"isPartOf\":{\"@id\":\"https:\\\/\\\/filles-de-la-charite.org\\\/pl\\\/able-the-musical-4\\\/\"},\"author\":{\"name\":\"admin\",\"@id\":\"https:\\\/\\\/filles-de-la-charite.org\\\/pl\\\/#\\\/schema\\\/person\\\/427567b2eccfc2dd7d206da186a1f438\"},\"headline\":\"UZDOLNIENI: Komedia muzyczna\",\"datePublished\":\"2020-10-03T18:34:28+00:00\",\"dateModified\":\"2024-03-17T17:23:55+00:00\",\"mainEntityOfPage\":{\"@id\":\"https:\\\/\\\/filles-de-la-charite.org\\\/pl\\\/able-the-musical-4\\\/\"},\"wordCount\":193,\"publisher\":{\"@id\":\"https:\\\/\\\/filles-de-la-charite.org\\\/pl\\\/#organization\"},\"image\":{\"@id\":\"https:\\\/\\\/filles-de-la-charite.org\\\/pl\\\/able-the-musical-4\\\/#primaryimage\"},\"thumbnailUrl\":\"https:\\\/\\\/filles-de-la-charite.org\\\/wp-content\\\/uploads\\\/2023\\\/06\\\/201004-Able-FTD.jpg\",\"articleSection\":[\"\u015awi\u0119ta Ludwika \u2013 Azja\"],\"inLanguage\":\"pl-PL\"},{\"@type\":\"WebPage\",\"@id\":\"https:\\\/\\\/filles-de-la-charite.org\\\/pl\\\/able-the-musical-4\\\/\",\"url\":\"https:\\\/\\\/filles-de-la-charite.org\\\/pl\\\/able-the-musical-4\\\/\",\"name\":\"UZDOLNIENI: Komedia muzyczna - Filles de la Charit\u00e9\",\"isPartOf\":{\"@id\":\"https:\\\/\\\/filles-de-la-charite.org\\\/pl\\\/#website\"},\"primaryImageOfPage\":{\"@id\":\"https:\\\/\\\/filles-de-la-charite.org\\\/pl\\\/able-the-musical-4\\\/#primaryimage\"},\"image\":{\"@id\":\"https:\\\/\\\/filles-de-la-charite.org\\\/pl\\\/able-the-musical-4\\\/#primaryimage\"},\"thumbnailUrl\":\"https:\\\/\\\/filles-de-la-charite.org\\\/wp-content\\\/uploads\\\/2023\\\/06\\\/201004-Able-FTD.jpg\",\"datePublished\":\"2020-10-03T18:34:28+00:00\",\"dateModified\":\"2024-03-17T17:23:55+00:00\",\"breadcrumb\":{\"@id\":\"https:\\\/\\\/filles-de-la-charite.org\\\/pl\\\/able-the-musical-4\\\/#breadcrumb\"},\"inLanguage\":\"pl-PL\",\"potentialAction\":[{\"@type\":\"ReadAction\",\"target\":[\"https:\\\/\\\/filles-de-la-charite.org\\\/pl\\\/able-the-musical-4\\\/\"]}]},{\"@type\":\"ImageObject\",\"inLanguage\":\"pl-PL\",\"@id\":\"https:\\\/\\\/filles-de-la-charite.org\\\/pl\\\/able-the-musical-4\\\/#primaryimage\",\"url\":\"https:\\\/\\\/filles-de-la-charite.org\\\/wp-content\\\/uploads\\\/2023\\\/06\\\/201004-Able-FTD.jpg\",\"contentUrl\":\"https:\\\/\\\/filles-de-la-charite.org\\\/wp-content\\\/uploads\\\/2023\\\/06\\\/201004-Able-FTD.jpg\",\"width\":1200,\"height\":630},{\"@type\":\"BreadcrumbList\",\"@id\":\"https:\\\/\\\/filles-de-la-charite.org\\\/pl\\\/able-the-musical-4\\\/#breadcrumb\",\"itemListElement\":[{\"@type\":\"ListItem\",\"position\":1,\"name\":\"Indonezja\",\"item\":\"https:\\\/\\\/filles-de-la-charite.org\\\/pl\\\/category\\\/indonezja\\\/\"},{\"@type\":\"ListItem\",\"position\":2,\"name\":\"UZDOLNIENI: Komedia muzyczna\"}]},{\"@type\":\"WebSite\",\"@id\":\"https:\\\/\\\/filles-de-la-charite.org\\\/pl\\\/#website\",\"url\":\"https:\\\/\\\/filles-de-la-charite.org\\\/pl\\\/\",\"name\":\"Hijas de la Caridad\",\"description\":\"L\u2019amour de J\u00e9sus nous presse \u00e0 prendre soin des personnes les plus d\u00e9munies\",\"publisher\":{\"@id\":\"https:\\\/\\\/filles-de-la-charite.org\\\/pl\\\/#organization\"},\"potentialAction\":[{\"@type\":\"SearchAction\",\"target\":{\"@type\":\"EntryPoint\",\"urlTemplate\":\"https:\\\/\\\/filles-de-la-charite.org\\\/pl\\\/?s={search_term_string}\"},\"query-input\":{\"@type\":\"PropertyValueSpecification\",\"valueRequired\":true,\"valueName\":\"search_term_string\"}}],\"inLanguage\":\"pl-PL\"},{\"@type\":\"Organization\",\"@id\":\"https:\\\/\\\/filles-de-la-charite.org\\\/pl\\\/#organization\",\"name\":\"Hijas de la Caridad\",\"url\":\"https:\\\/\\\/filles-de-la-charite.org\\\/pl\\\/\",\"logo\":{\"@type\":\"ImageObject\",\"inLanguage\":\"pl-PL\",\"@id\":\"https:\\\/\\\/filles-de-la-charite.org\\\/pl\\\/#\\\/schema\\\/logo\\\/image\\\/\",\"url\":\"https:\\\/\\\/filles-de-la-charite.org\\\/wp-content\\\/uploads\\\/2023\\\/03\\\/isotipo-Hijas-de-la-Caridad.png\",\"contentUrl\":\"https:\\\/\\\/filles-de-la-charite.org\\\/wp-content\\\/uploads\\\/2023\\\/03\\\/isotipo-Hijas-de-la-Caridad.png\",\"width\":1417,\"height\":1417,\"caption\":\"Hijas de la Caridad\"},\"image\":{\"@id\":\"https:\\\/\\\/filles-de-la-charite.org\\\/pl\\\/#\\\/schema\\\/logo\\\/image\\\/\"}},{\"@type\":\"Person\",\"@id\":\"https:\\\/\\\/filles-de-la-charite.org\\\/pl\\\/#\\\/schema\\\/person\\\/427567b2eccfc2dd7d206da186a1f438\",\"name\":\"admin\",\"image\":{\"@type\":\"ImageObject\",\"inLanguage\":\"pl-PL\",\"@id\":\"https:\\\/\\\/secure.gravatar.com\\\/avatar\\\/948b492cce32b586ac2db0eaa926ee87024f7afe218d73b397ea5ddfc5f43ea1?s=96&d=mm&r=g\",\"url\":\"https:\\\/\\\/secure.gravatar.com\\\/avatar\\\/948b492cce32b586ac2db0eaa926ee87024f7afe218d73b397ea5ddfc5f43ea1?s=96&d=mm&r=g\",\"contentUrl\":\"https:\\\/\\\/secure.gravatar.com\\\/avatar\\\/948b492cce32b586ac2db0eaa926ee87024f7afe218d73b397ea5ddfc5f43ea1?s=96&d=mm&r=g\",\"caption\":\"admin\"},\"sameAs\":[\"https:\\\/\\\/filles-de-la-charite.org\"],\"url\":\"https:\\\/\\\/filles-de-la-charite.org\\\/pl\\\/author\\\/caridad\\\/\"}]}<\/script>\n<!-- \/ Yoast SEO plugin. -->","yoast_head_json":{"title":"UZDOLNIENI: Komedia muzyczna - Filles de la Charit\u00e9","robots":{"index":"index","follow":"follow","max-snippet":"max-snippet:-1","max-image-preview":"max-image-preview:large","max-video-preview":"max-video-preview:-1"},"canonical":"https:\/\/filles-de-la-charite.org\/pl\/able-the-musical-4\/","og_locale":"pl_PL","og_type":"article","og_title":"UZDOLNIENI: Komedia muzyczna - Filles de la Charit\u00e9","og_description":"Muzyka to \u015brodek, kt\u00f3re \u0142\u0105czy wszystkich. W tym \u015bwietle powsta\u0142a koncepcja Able (Uzdolnieni): muzycznej komedii. By\u0142 to koncert, celem kt\u00f3rego by\u0142o zebranie funduszy dla Centrum Matki Bo\u017cej Zwyci\u0119skiej (OLV). Do Centrum przyje\u017cd\u017caj\u0105 osoby niepe\u0142nosprawne na hospitalizacj\u0119, operacj\u0119, reedukacj\u0119, formacj\u0119, odpoczynek itp. Koncert m\u00f3wi\u0142 o \u015bcie\u017cce adaptacji siebie, by sta\u0107 si\u0119 tym, kim chce si\u0119 by\u0107. [&hellip;]","og_url":"https:\/\/filles-de-la-charite.org\/pl\/able-the-musical-4\/","og_site_name":"Filles de la Charit\u00e9","article_published_time":"2020-10-03T18:34:28+00:00","article_modified_time":"2024-03-17T17:23:55+00:00","og_image":[{"width":1200,"height":630,"url":"https:\/\/filles-de-la-charite.org\/wp-content\/uploads\/2023\/06\/201004-Able-FTD.jpg","type":"image\/jpeg"}],"author":"admin","twitter_card":"summary_large_image","twitter_misc":{"Napisane przez":"admin","Szacowany czas czytania":"1 minuta"},"schema":{"@context":"https:\/\/schema.org","@graph":[{"@type":"Article","@id":"https:\/\/filles-de-la-charite.org\/pl\/able-the-musical-4\/#article","isPartOf":{"@id":"https:\/\/filles-de-la-charite.org\/pl\/able-the-musical-4\/"},"author":{"name":"admin","@id":"https:\/\/filles-de-la-charite.org\/pl\/#\/schema\/person\/427567b2eccfc2dd7d206da186a1f438"},"headline":"UZDOLNIENI: Komedia muzyczna","datePublished":"2020-10-03T18:34:28+00:00","dateModified":"2024-03-17T17:23:55+00:00","mainEntityOfPage":{"@id":"https:\/\/filles-de-la-charite.org\/pl\/able-the-musical-4\/"},"wordCount":193,"publisher":{"@id":"https:\/\/filles-de-la-charite.org\/pl\/#organization"},"image":{"@id":"https:\/\/filles-de-la-charite.org\/pl\/able-the-musical-4\/#primaryimage"},"thumbnailUrl":"https:\/\/filles-de-la-charite.org\/wp-content\/uploads\/2023\/06\/201004-Able-FTD.jpg","articleSection":["\u015awi\u0119ta Ludwika \u2013 Azja"],"inLanguage":"pl-PL"},{"@type":"WebPage","@id":"https:\/\/filles-de-la-charite.org\/pl\/able-the-musical-4\/","url":"https:\/\/filles-de-la-charite.org\/pl\/able-the-musical-4\/","name":"UZDOLNIENI: Komedia muzyczna - Filles de la Charit\u00e9","isPartOf":{"@id":"https:\/\/filles-de-la-charite.org\/pl\/#website"},"primaryImageOfPage":{"@id":"https:\/\/filles-de-la-charite.org\/pl\/able-the-musical-4\/#primaryimage"},"image":{"@id":"https:\/\/filles-de-la-charite.org\/pl\/able-the-musical-4\/#primaryimage"},"thumbnailUrl":"https:\/\/filles-de-la-charite.org\/wp-content\/uploads\/2023\/06\/201004-Able-FTD.jpg","datePublished":"2020-10-03T18:34:28+00:00","dateModified":"2024-03-17T17:23:55+00:00","breadcrumb":{"@id":"https:\/\/filles-de-la-charite.org\/pl\/able-the-musical-4\/#breadcrumb"},"inLanguage":"pl-PL","potentialAction":[{"@type":"ReadAction","target":["https:\/\/filles-de-la-charite.org\/pl\/able-the-musical-4\/"]}]},{"@type":"ImageObject","inLanguage":"pl-PL","@id":"https:\/\/filles-de-la-charite.org\/pl\/able-the-musical-4\/#primaryimage","url":"https:\/\/filles-de-la-charite.org\/wp-content\/uploads\/2023\/06\/201004-Able-FTD.jpg","contentUrl":"https:\/\/filles-de-la-charite.org\/wp-content\/uploads\/2023\/06\/201004-Able-FTD.jpg","width":1200,"height":630},{"@type":"BreadcrumbList","@id":"https:\/\/filles-de-la-charite.org\/pl\/able-the-musical-4\/#breadcrumb","itemListElement":[{"@type":"ListItem","position":1,"name":"Indonezja","item":"https:\/\/filles-de-la-charite.org\/pl\/category\/indonezja\/"},{"@type":"ListItem","position":2,"name":"UZDOLNIENI: Komedia muzyczna"}]},{"@type":"WebSite","@id":"https:\/\/filles-de-la-charite.org\/pl\/#website","url":"https:\/\/filles-de-la-charite.org\/pl\/","name":"Hijas de la Caridad","description":"L\u2019amour de J\u00e9sus nous presse \u00e0 prendre soin des personnes les plus d\u00e9munies","publisher":{"@id":"https:\/\/filles-de-la-charite.org\/pl\/#organization"},"potentialAction":[{"@type":"SearchAction","target":{"@type":"EntryPoint","urlTemplate":"https:\/\/filles-de-la-charite.org\/pl\/?s={search_term_string}"},"query-input":{"@type":"PropertyValueSpecification","valueRequired":true,"valueName":"search_term_string"}}],"inLanguage":"pl-PL"},{"@type":"Organization","@id":"https:\/\/filles-de-la-charite.org\/pl\/#organization","name":"Hijas de la Caridad","url":"https:\/\/filles-de-la-charite.org\/pl\/","logo":{"@type":"ImageObject","inLanguage":"pl-PL","@id":"https:\/\/filles-de-la-charite.org\/pl\/#\/schema\/logo\/image\/","url":"https:\/\/filles-de-la-charite.org\/wp-content\/uploads\/2023\/03\/isotipo-Hijas-de-la-Caridad.png","contentUrl":"https:\/\/filles-de-la-charite.org\/wp-content\/uploads\/2023\/03\/isotipo-Hijas-de-la-Caridad.png","width":1417,"height":1417,"caption":"Hijas de la Caridad"},"image":{"@id":"https:\/\/filles-de-la-charite.org\/pl\/#\/schema\/logo\/image\/"}},{"@type":"Person","@id":"https:\/\/filles-de-la-charite.org\/pl\/#\/schema\/person\/427567b2eccfc2dd7d206da186a1f438","name":"admin","image":{"@type":"ImageObject","inLanguage":"pl-PL","@id":"https:\/\/secure.gravatar.com\/avatar\/948b492cce32b586ac2db0eaa926ee87024f7afe218d73b397ea5ddfc5f43ea1?s=96&d=mm&r=g","url":"https:\/\/secure.gravatar.com\/avatar\/948b492cce32b586ac2db0eaa926ee87024f7afe218d73b397ea5ddfc5f43ea1?s=96&d=mm&r=g","contentUrl":"https:\/\/secure.gravatar.com\/avatar\/948b492cce32b586ac2db0eaa926ee87024f7afe218d73b397ea5ddfc5f43ea1?s=96&d=mm&r=g","caption":"admin"},"sameAs":["https:\/\/filles-de-la-charite.org"],"url":"https:\/\/filles-de-la-charite.org\/pl\/author\/caridad\/"}]}},"_links":{"self":[{"href":"https:\/\/filles-de-la-charite.org\/pl\/wp-json\/wp\/v2\/posts\/24224","targetHints":{"allow":["GET"]}}],"collection":[{"href":"https:\/\/filles-de-la-charite.org\/pl\/wp-json\/wp\/v2\/posts"}],"about":[{"href":"https:\/\/filles-de-la-charite.org\/pl\/wp-json\/wp\/v2\/types\/post"}],"author":[{"embeddable":true,"href":"https:\/\/filles-de-la-charite.org\/pl\/wp-json\/wp\/v2\/users\/1"}],"replies":[{"embeddable":true,"href":"https:\/\/filles-de-la-charite.org\/pl\/wp-json\/wp\/v2\/comments?post=24224"}],"version-history":[{"count":1,"href":"https:\/\/filles-de-la-charite.org\/pl\/wp-json\/wp\/v2\/posts\/24224\/revisions"}],"predecessor-version":[{"id":24225,"href":"https:\/\/filles-de-la-charite.org\/pl\/wp-json\/wp\/v2\/posts\/24224\/revisions\/24225"}],"wp:featuredmedia":[{"embeddable":true,"href":"https:\/\/filles-de-la-charite.org\/pl\/wp-json\/wp\/v2\/media\/15088"}],"wp:attachment":[{"href":"https:\/\/filles-de-la-charite.org\/pl\/wp-json\/wp\/v2\/media?parent=24224"}],"wp:term":[{"taxonomy":"category","embeddable":true,"href":"https:\/\/filles-de-la-charite.org\/pl\/wp-json\/wp\/v2\/categories?post=24224"},{"taxonomy":"post_tag","embeddable":true,"href":"https:\/\/filles-de-la-charite.org\/pl\/wp-json\/wp\/v2\/tags?post=24224"}],"curies":[{"name":"wp","href":"https:\/\/api.w.org\/{rel}","templated":true}]}}