{"id":24226,"date":"2020-10-09T21:10:02","date_gmt":"2020-10-09T19:10:02","guid":{"rendered":"https:\/\/hijascaridad.sjdigitaldemo.ovh\/life-in-prison-during-the-lockdown-4\/"},"modified":"2024-03-17T18:23:45","modified_gmt":"2024-03-17T17:23:45","slug":"life-in-prison-during-the-lockdown-4","status":"publish","type":"post","link":"https:\/\/filles-de-la-charite.org\/pl\/life-in-prison-during-the-lockdown-4\/","title":{"rendered":"Do\u015bwiadczenie zamkni\u0119cia podczas pandemii"},"content":{"rendered":"\n<p><p style=\"text-align: justify;\"><strong><span style=\"color: #929292;\"><img loading=\"lazy\" decoding=\"async\" class=\"alignleft size-full wp-image-41409\" src=\"https:\/\/filles-de-la-charite.org\/wp-content\/uploads\/2023\/06\/1010-Confinement-thmb.jpg\" alt=\"\" width=\"300\" height=\"200\">[Prowincja Hiszpania-Po\u0142udnie] <\/span><span style=\"color: #000000;\">\u2666&nbsp;<\/span><\/strong><strong>Relacja z Duszpasterstwa Wi\u0119ziennego o dniach maksymalnej czujno\u015bci zdrowotnej osadzonych w Zak\u0142adach Karnych.<\/strong><\/p>\n<p style=\"text-align: justify;\">Zamkni\u0119cie z powodu pandemii, kt\u00f3re prze\u017cywali\u015bmy tygodniami, nauczy\u0142o nas docenia\u0107 sytuacje i zachowania, kt\u00f3re ka\u017cdego dnia przechodz\u0105 przez nasze \u017cycie, a my nie przywi\u0105zujemy do nich wagi jak\u0105 maj\u0105. Jedna z nich to swoboda poruszania si\u0119, a wraz z ni\u0105: wychodzenie i przychodzenie kiedy chcemy, spotykanie si\u0119 z rodzin\u0105 i przyjaci\u00f3\u0142mi, mo\u017cliwo\u015b\u0107 wyboru, dok\u0105d idziemy i kiedy.<!--more--> W ten spos\u00f3b na kilka dni stawiamy si\u0119 w sytuacji tych, kt\u00f3rzy cierpi\u0105 z powodu tej deprywacji: osadzonych w zak\u0142adach karnych.<\/p>\n<p style=\"text-align: justify;\">Siostra M\u00aa Dolores de Bethencourt jest cz\u0119\u015bci\u0105 zespo\u0142u odpowiedzialnego za duszpasterstwo penitencjarne i poprzez jej \u015bwiadectwo staramy si\u0119 \u201epostawi\u0107 na miejscu\u201d tych, kt\u00f3rzy przeszli przez izolacj\u0119 tego odosobnienia.<\/p>\n<p style=\"text-align: justify;\"><strong>\u2666 Jak wygl\u0105da\u0142a sytuacja pandemii i uwi\u0119zienia w zak\u0142adach karnych w Prowincji Las Palmas?<\/strong><\/p>\n<p style=\"text-align: justify;\">Ot\u00f3\u017c, jak we wszystkich o\u015brodkach na terenie kraju, od czasu regulacji wydanych przez w\u0142adze sanitarne, tak\u017ce w Zak\u0142adach Karnych zosta\u0142y wzmocnione przepisy. Wi\u0119\u017aniowie zamkni\u0119ci byli w swoich celach, bez kontaktu z innymi osadzonymi; zabronione by\u0142o komunikowanie si\u0119 z rodzin\u0105, wnoszenie paczek, pieni\u0119dzy&#8230; Wszystkie zaj\u0119cia zosta\u0142y odwo\u0142ane. Dla nas jak i dla wszystkich organizacji pozarz\u0105dowych, wej\u015bcie do o\u015brodka by\u0142o zamkni\u0119te, wi\u0119c nie by\u0142o niedzielnych uroczysto\u015bci, katechez itp. \u2026<\/p>\n<p style=\"text-align: justify;\"><img loading=\"lazy\" decoding=\"async\" class=\"alignright size-medium wp-image-41407\" src=\"https:\/\/filles-de-la-charite.org\/wp-content\/uploads\/2023\/06\/1010-Confinement-2-300x300.jpg\" alt=\"\" width=\"300\" height=\"300\"><strong>\u2666 Przez kilka tygodni w \u201ezamkni\u0119ciu\u201d byli\u015bmy w stanie zbli\u017cy\u0107 si\u0119 do tego, co poci\u0105ga za sob\u0105 pozbawienie wolno\u015bci\u2026. Jak to p\u00f3\u0142-zamkni\u0119cie tych, kt\u00f3rzy byli \u201ena zewn\u0105trz\u201d, by\u0142o cenione od wewn\u0105trz, przez wi\u0119\u017ani\u00f3w i wolontariat duszpasterstwa penitencjarnego?<\/strong><\/p>\n<p style=\"text-align: justify;\">Wi\u0119\u017aniowie mieli bardzo z\u0142y czas, ca\u0142kowicie odizolowani od \u015bwiata zewn\u0119trznego, czasem nie maj\u0105c \u017cadnych wiadomo\u015bci o swoich rodzinach. Prawd\u0105 jest, \u017ce o\u015brodek posiada\u0142 telefony kom\u00f3rkowe, dzi\u0119ki czemu osoby, kt\u00f3re o to poprosi\u0142y, mog\u0142y wykonywa\u0107 wideo rozmowy z rodzin\u0105 (z kontrol\u0105 czasu), co przyczyni\u0142o si\u0119 do wytworzenia spokoju.<\/p>\n<p style=\"text-align: justify;\"><strong>\u2666W jaki spos\u00f3b wolontariusze pozostawali w kontakcie i jakie dzia\u0142ania kontynuowano w o\u015brodkach penitencjarnych?<\/strong><\/p>\n<p style=\"text-align: justify;\">Wolontariat, cierpienie w domu, bez mo\u017cliwo\u015bci zrobienia \u201eczegokolwiek\u201d. Uda\u0142o nam si\u0119 nawi\u0105za\u0107 cotygodniowy kontakt telefoniczny z kierownikami o\u015brodka, kt\u00f3rzy informowali nas o sytuacji i prosili o \u015brodki, takie jak odzie\u017c i pieni\u0105dze, aby wi\u0119\u017aniowie mogli kupi\u0107 kart\u0119 telefoniczn\u0105 i przynajmniej mogli si\u0119 skontaktowa\u0107 z ich rodzinami.<\/p>\n<p style=\"text-align: justify;\">W 3 fazie \u201eodmra\u017cania\u201d, drzwi wi\u0119zienia nie zosta\u0142y jeszcze otwarte, tylko Kapelan i ja mogli\u015bmy do niego wej\u015b\u0107, i to &nbsp;tylko&nbsp;<strong>na indywidualne rozmowy z ka\u017cdym, kto o to poprosi\u0142,&nbsp;<\/strong>poniewa\u017c nie by\u0142o mo\u017cna jeszcze opuszcza\u0107 cel; deeskalacja by\u0142a przeprowadzana stopniowo.<\/p>\n<img loading=\"lazy\" decoding=\"async\" class=\"aligncenter size-full wp-image-41406\" src=\"https:\/\/filles-de-la-charite.org\/wp-content\/uploads\/2023\/06\/1010-Confinement-1.jpg\" alt=\"\" width=\"1280\" height=\"720\">\n<p style=\"text-align: justify;\"><strong>\u2666 Czy w tym roku jak zwykle odb\u0119dzie si\u0119 festiwal Merced? <\/strong><\/p>\n<p style=\"text-align: justify;\"><strong>&nbsp;<\/strong>W tej chwili wydaje si\u0119, \u017ce nie. Niedzielne Msze \u015awi\u0119te nie zosta\u0142y jeszcze wznowione, mamy nadziej\u0119, \u017ce wkr\u00f3tce zaczn\u0105 si\u0119 z ograniczon\u0105 liczb\u0105 miejsc. Bior\u0105c pod uwag\u0119 to, co wci\u0105\u017c jest komentowane, uwa\u017camy, \u017ce uroczysto\u015bci wok\u00f3\u0142 La Merced w tym roku s\u0105 zawieszone.<\/p>\n<p style=\"text-align: justify;\"><strong>\u2666 Czego nauczy\u0142o si\u0119 Duszpasterstwo Penitencjarne z tej pandemii?<\/strong><\/p>\n<p style=\"text-align: justify;\">Sytuacja p\u00f3\u0142wolno\u015bci, w kt\u00f3rej \u017cyli\u015bmy, pomog\u0142a nam zastanowi\u0107 si\u0119 i u\u015bwiadomi\u0107 sobie, jak trudne i skomplikowane mo\u017ce by\u0107 to \u201ezamkni\u0119cie\u201d dla naszych skazanych na sta\u0142e. To sk\u0142oni\u0142o nas do postawienia si\u0119 na ich miejscu i lepszego zrozumienia ich trudnej rzeczywisto\u015bci. Bardzo nam pomog\u0142y modlitwa i materia\u0142y szkoleniowe, kt\u00f3re co tydzie\u0144 wysy\u0142a\u0142a nam Delegacja Krajowa, aby \u201eutrzyma\u0107 przy \u017cyciu p\u0142omie\u0144 Duszpasterstwa Penitencjarnego\u201d.<\/p>\n<p style=\"text-align: justify;\"><strong>\u2666 A jak radzisz sobie Siostra z \u201enow\u0105 normalno\u015bci\u0105\u201d w planowaniu programu na nast\u0119pny rok akademicki?<\/strong><\/p>\n<p style=\"text-align: justify;\">Mamy nadziej\u0119, \u017ce wkr\u00f3tce odb\u0119dzie si\u0119 posiedzenie Sta\u0142ej Komisji i programy odb\u0119d\u0105 si\u0119 w odpowiednim miejscu i czasie.<\/p>\n<p style=\"text-align: right;\"><em><span style=\"color: #0432ff;\">Wywiad z Siostr\u0105 Mari\u0105 Dolores de Bethencourt, Siostr\u0105 Mi\u0142osierdzia\nProwincja Hiszpania-Po\u0142udnie<\/span><\/em><\/p><\/p>\n","protected":false},"excerpt":{"rendered":"<p>[Prowincja Hiszpania-Po\u0142udnie] \u2666&nbsp;Relacja z Duszpasterstwa Wi\u0119ziennego o dniach maksymalnej czujno\u015bci zdrowotnej osadzonych w Zak\u0142adach Karnych. Zamkni\u0119cie z powodu pandemii, kt\u00f3re prze\u017cywali\u015bmy tygodniami, nauczy\u0142o nas docenia\u0107 sytuacje i zachowania, kt\u00f3re ka\u017cdego dnia przechodz\u0105 przez nasze \u017cycie, a my nie przywi\u0105zujemy do nich wagi jak\u0105 maj\u0105. Jedna z nich to swoboda poruszania si\u0119, a wraz z ni\u0105: [&hellip;]<\/p>\n","protected":false},"author":1,"featured_media":15114,"comment_status":"closed","ping_status":"closed","sticky":false,"template":"","format":"standard","meta":{"_acf_changed":false,"_et_pb_use_builder":"","_et_pb_old_content":"","_et_gb_content_width":"","footnotes":"","_links_to":"","_links_to_target":""},"categories":[806],"tags":[],"class_list":["post-24226","post","type-post","status-publish","format-standard","has-post-thumbnail","hentry","category-espana-sur-pl"],"acf":[],"yoast_head":"<!-- This site is optimized with the Yoast SEO plugin v27.5 - https:\/\/yoast.com\/product\/yoast-seo-wordpress\/ -->\n<title>Do\u015bwiadczenie zamkni\u0119cia podczas pandemii - Filles de la Charit\u00e9<\/title>\n<meta name=\"robots\" content=\"index, follow, max-snippet:-1, max-image-preview:large, max-video-preview:-1\" \/>\n<link rel=\"canonical\" href=\"https:\/\/filles-de-la-charite.org\/pl\/life-in-prison-during-the-lockdown-4\/\" \/>\n<meta property=\"og:locale\" content=\"pl_PL\" \/>\n<meta property=\"og:type\" content=\"article\" \/>\n<meta property=\"og:title\" content=\"Do\u015bwiadczenie zamkni\u0119cia podczas pandemii - Filles de la Charit\u00e9\" \/>\n<meta property=\"og:description\" content=\"[Prowincja Hiszpania-Po\u0142udnie] \u2666&nbsp;Relacja z Duszpasterstwa Wi\u0119ziennego o dniach maksymalnej czujno\u015bci zdrowotnej osadzonych w Zak\u0142adach Karnych. Zamkni\u0119cie z powodu pandemii, kt\u00f3re prze\u017cywali\u015bmy tygodniami, nauczy\u0142o nas docenia\u0107 sytuacje i zachowania, kt\u00f3re ka\u017cdego dnia przechodz\u0105 przez nasze \u017cycie, a my nie przywi\u0105zujemy do nich wagi jak\u0105 maj\u0105. Jedna z nich to swoboda poruszania si\u0119, a wraz z ni\u0105: [&hellip;]\" \/>\n<meta property=\"og:url\" content=\"https:\/\/filles-de-la-charite.org\/pl\/life-in-prison-during-the-lockdown-4\/\" \/>\n<meta property=\"og:site_name\" content=\"Filles de la Charit\u00e9\" \/>\n<meta property=\"article:published_time\" content=\"2020-10-09T19:10:02+00:00\" \/>\n<meta property=\"article:modified_time\" content=\"2024-03-17T17:23:45+00:00\" \/>\n<meta property=\"og:image\" content=\"https:\/\/filles-de-la-charite.org\/wp-content\/uploads\/2023\/06\/1010-Confinement-FTD.jpg\" \/>\n\t<meta property=\"og:image:width\" content=\"1200\" \/>\n\t<meta property=\"og:image:height\" content=\"630\" \/>\n\t<meta property=\"og:image:type\" content=\"image\/jpeg\" \/>\n<meta name=\"author\" content=\"admin\" \/>\n<meta name=\"twitter:card\" content=\"summary_large_image\" \/>\n<meta name=\"twitter:label1\" content=\"Napisane przez\" \/>\n\t<meta name=\"twitter:data1\" content=\"admin\" \/>\n\t<meta name=\"twitter:label2\" content=\"Szacowany czas czytania\" \/>\n\t<meta name=\"twitter:data2\" content=\"3 minuty\" \/>\n<script type=\"application\/ld+json\" class=\"yoast-schema-graph\">{\"@context\":\"https:\\\/\\\/schema.org\",\"@graph\":[{\"@type\":\"Article\",\"@id\":\"https:\\\/\\\/filles-de-la-charite.org\\\/pl\\\/life-in-prison-during-the-lockdown-4\\\/#article\",\"isPartOf\":{\"@id\":\"https:\\\/\\\/filles-de-la-charite.org\\\/pl\\\/life-in-prison-during-the-lockdown-4\\\/\"},\"author\":{\"name\":\"admin\",\"@id\":\"https:\\\/\\\/filles-de-la-charite.org\\\/pl\\\/#\\\/schema\\\/person\\\/427567b2eccfc2dd7d206da186a1f438\"},\"headline\":\"Do\u015bwiadczenie zamkni\u0119cia podczas pandemii\",\"datePublished\":\"2020-10-09T19:10:02+00:00\",\"dateModified\":\"2024-03-17T17:23:45+00:00\",\"mainEntityOfPage\":{\"@id\":\"https:\\\/\\\/filles-de-la-charite.org\\\/pl\\\/life-in-prison-during-the-lockdown-4\\\/\"},\"wordCount\":684,\"publisher\":{\"@id\":\"https:\\\/\\\/filles-de-la-charite.org\\\/pl\\\/#organization\"},\"image\":{\"@id\":\"https:\\\/\\\/filles-de-la-charite.org\\\/pl\\\/life-in-prison-during-the-lockdown-4\\\/#primaryimage\"},\"thumbnailUrl\":\"https:\\\/\\\/filles-de-la-charite.org\\\/wp-content\\\/uploads\\\/2023\\\/06\\\/1010-Confinement-FTD.jpg\",\"articleSection\":[\"Espa\u00f1a-Sur\"],\"inLanguage\":\"pl-PL\"},{\"@type\":\"WebPage\",\"@id\":\"https:\\\/\\\/filles-de-la-charite.org\\\/pl\\\/life-in-prison-during-the-lockdown-4\\\/\",\"url\":\"https:\\\/\\\/filles-de-la-charite.org\\\/pl\\\/life-in-prison-during-the-lockdown-4\\\/\",\"name\":\"Do\u015bwiadczenie zamkni\u0119cia podczas pandemii - Filles de la Charit\u00e9\",\"isPartOf\":{\"@id\":\"https:\\\/\\\/filles-de-la-charite.org\\\/pl\\\/#website\"},\"primaryImageOfPage\":{\"@id\":\"https:\\\/\\\/filles-de-la-charite.org\\\/pl\\\/life-in-prison-during-the-lockdown-4\\\/#primaryimage\"},\"image\":{\"@id\":\"https:\\\/\\\/filles-de-la-charite.org\\\/pl\\\/life-in-prison-during-the-lockdown-4\\\/#primaryimage\"},\"thumbnailUrl\":\"https:\\\/\\\/filles-de-la-charite.org\\\/wp-content\\\/uploads\\\/2023\\\/06\\\/1010-Confinement-FTD.jpg\",\"datePublished\":\"2020-10-09T19:10:02+00:00\",\"dateModified\":\"2024-03-17T17:23:45+00:00\",\"breadcrumb\":{\"@id\":\"https:\\\/\\\/filles-de-la-charite.org\\\/pl\\\/life-in-prison-during-the-lockdown-4\\\/#breadcrumb\"},\"inLanguage\":\"pl-PL\",\"potentialAction\":[{\"@type\":\"ReadAction\",\"target\":[\"https:\\\/\\\/filles-de-la-charite.org\\\/pl\\\/life-in-prison-during-the-lockdown-4\\\/\"]}]},{\"@type\":\"ImageObject\",\"inLanguage\":\"pl-PL\",\"@id\":\"https:\\\/\\\/filles-de-la-charite.org\\\/pl\\\/life-in-prison-during-the-lockdown-4\\\/#primaryimage\",\"url\":\"https:\\\/\\\/filles-de-la-charite.org\\\/wp-content\\\/uploads\\\/2023\\\/06\\\/1010-Confinement-FTD.jpg\",\"contentUrl\":\"https:\\\/\\\/filles-de-la-charite.org\\\/wp-content\\\/uploads\\\/2023\\\/06\\\/1010-Confinement-FTD.jpg\",\"width\":1200,\"height\":630},{\"@type\":\"BreadcrumbList\",\"@id\":\"https:\\\/\\\/filles-de-la-charite.org\\\/pl\\\/life-in-prison-during-the-lockdown-4\\\/#breadcrumb\",\"itemListElement\":[{\"@type\":\"ListItem\",\"position\":1,\"name\":\"Espa\u00f1a-Sur\",\"item\":\"https:\\\/\\\/filles-de-la-charite.org\\\/pl\\\/category\\\/espana-sur-pl\\\/\"},{\"@type\":\"ListItem\",\"position\":2,\"name\":\"Do\u015bwiadczenie zamkni\u0119cia podczas pandemii\"}]},{\"@type\":\"WebSite\",\"@id\":\"https:\\\/\\\/filles-de-la-charite.org\\\/pl\\\/#website\",\"url\":\"https:\\\/\\\/filles-de-la-charite.org\\\/pl\\\/\",\"name\":\"Hijas de la Caridad\",\"description\":\"L\u2019amour de J\u00e9sus nous presse \u00e0 prendre soin des personnes les plus d\u00e9munies\",\"publisher\":{\"@id\":\"https:\\\/\\\/filles-de-la-charite.org\\\/pl\\\/#organization\"},\"potentialAction\":[{\"@type\":\"SearchAction\",\"target\":{\"@type\":\"EntryPoint\",\"urlTemplate\":\"https:\\\/\\\/filles-de-la-charite.org\\\/pl\\\/?s={search_term_string}\"},\"query-input\":{\"@type\":\"PropertyValueSpecification\",\"valueRequired\":true,\"valueName\":\"search_term_string\"}}],\"inLanguage\":\"pl-PL\"},{\"@type\":\"Organization\",\"@id\":\"https:\\\/\\\/filles-de-la-charite.org\\\/pl\\\/#organization\",\"name\":\"Hijas de la Caridad\",\"url\":\"https:\\\/\\\/filles-de-la-charite.org\\\/pl\\\/\",\"logo\":{\"@type\":\"ImageObject\",\"inLanguage\":\"pl-PL\",\"@id\":\"https:\\\/\\\/filles-de-la-charite.org\\\/pl\\\/#\\\/schema\\\/logo\\\/image\\\/\",\"url\":\"https:\\\/\\\/filles-de-la-charite.org\\\/wp-content\\\/uploads\\\/2023\\\/03\\\/isotipo-Hijas-de-la-Caridad.png\",\"contentUrl\":\"https:\\\/\\\/filles-de-la-charite.org\\\/wp-content\\\/uploads\\\/2023\\\/03\\\/isotipo-Hijas-de-la-Caridad.png\",\"width\":1417,\"height\":1417,\"caption\":\"Hijas de la Caridad\"},\"image\":{\"@id\":\"https:\\\/\\\/filles-de-la-charite.org\\\/pl\\\/#\\\/schema\\\/logo\\\/image\\\/\"}},{\"@type\":\"Person\",\"@id\":\"https:\\\/\\\/filles-de-la-charite.org\\\/pl\\\/#\\\/schema\\\/person\\\/427567b2eccfc2dd7d206da186a1f438\",\"name\":\"admin\",\"image\":{\"@type\":\"ImageObject\",\"inLanguage\":\"pl-PL\",\"@id\":\"https:\\\/\\\/secure.gravatar.com\\\/avatar\\\/948b492cce32b586ac2db0eaa926ee87024f7afe218d73b397ea5ddfc5f43ea1?s=96&d=mm&r=g\",\"url\":\"https:\\\/\\\/secure.gravatar.com\\\/avatar\\\/948b492cce32b586ac2db0eaa926ee87024f7afe218d73b397ea5ddfc5f43ea1?s=96&d=mm&r=g\",\"contentUrl\":\"https:\\\/\\\/secure.gravatar.com\\\/avatar\\\/948b492cce32b586ac2db0eaa926ee87024f7afe218d73b397ea5ddfc5f43ea1?s=96&d=mm&r=g\",\"caption\":\"admin\"},\"sameAs\":[\"https:\\\/\\\/filles-de-la-charite.org\"],\"url\":\"https:\\\/\\\/filles-de-la-charite.org\\\/pl\\\/author\\\/caridad\\\/\"}]}<\/script>\n<!-- \/ Yoast SEO plugin. -->","yoast_head_json":{"title":"Do\u015bwiadczenie zamkni\u0119cia podczas pandemii - Filles de la Charit\u00e9","robots":{"index":"index","follow":"follow","max-snippet":"max-snippet:-1","max-image-preview":"max-image-preview:large","max-video-preview":"max-video-preview:-1"},"canonical":"https:\/\/filles-de-la-charite.org\/pl\/life-in-prison-during-the-lockdown-4\/","og_locale":"pl_PL","og_type":"article","og_title":"Do\u015bwiadczenie zamkni\u0119cia podczas pandemii - Filles de la Charit\u00e9","og_description":"[Prowincja Hiszpania-Po\u0142udnie] \u2666&nbsp;Relacja z Duszpasterstwa Wi\u0119ziennego o dniach maksymalnej czujno\u015bci zdrowotnej osadzonych w Zak\u0142adach Karnych. Zamkni\u0119cie z powodu pandemii, kt\u00f3re prze\u017cywali\u015bmy tygodniami, nauczy\u0142o nas docenia\u0107 sytuacje i zachowania, kt\u00f3re ka\u017cdego dnia przechodz\u0105 przez nasze \u017cycie, a my nie przywi\u0105zujemy do nich wagi jak\u0105 maj\u0105. Jedna z nich to swoboda poruszania si\u0119, a wraz z ni\u0105: [&hellip;]","og_url":"https:\/\/filles-de-la-charite.org\/pl\/life-in-prison-during-the-lockdown-4\/","og_site_name":"Filles de la Charit\u00e9","article_published_time":"2020-10-09T19:10:02+00:00","article_modified_time":"2024-03-17T17:23:45+00:00","og_image":[{"width":1200,"height":630,"url":"https:\/\/filles-de-la-charite.org\/wp-content\/uploads\/2023\/06\/1010-Confinement-FTD.jpg","type":"image\/jpeg"}],"author":"admin","twitter_card":"summary_large_image","twitter_misc":{"Napisane przez":"admin","Szacowany czas czytania":"3 minuty"},"schema":{"@context":"https:\/\/schema.org","@graph":[{"@type":"Article","@id":"https:\/\/filles-de-la-charite.org\/pl\/life-in-prison-during-the-lockdown-4\/#article","isPartOf":{"@id":"https:\/\/filles-de-la-charite.org\/pl\/life-in-prison-during-the-lockdown-4\/"},"author":{"name":"admin","@id":"https:\/\/filles-de-la-charite.org\/pl\/#\/schema\/person\/427567b2eccfc2dd7d206da186a1f438"},"headline":"Do\u015bwiadczenie zamkni\u0119cia podczas pandemii","datePublished":"2020-10-09T19:10:02+00:00","dateModified":"2024-03-17T17:23:45+00:00","mainEntityOfPage":{"@id":"https:\/\/filles-de-la-charite.org\/pl\/life-in-prison-during-the-lockdown-4\/"},"wordCount":684,"publisher":{"@id":"https:\/\/filles-de-la-charite.org\/pl\/#organization"},"image":{"@id":"https:\/\/filles-de-la-charite.org\/pl\/life-in-prison-during-the-lockdown-4\/#primaryimage"},"thumbnailUrl":"https:\/\/filles-de-la-charite.org\/wp-content\/uploads\/2023\/06\/1010-Confinement-FTD.jpg","articleSection":["Espa\u00f1a-Sur"],"inLanguage":"pl-PL"},{"@type":"WebPage","@id":"https:\/\/filles-de-la-charite.org\/pl\/life-in-prison-during-the-lockdown-4\/","url":"https:\/\/filles-de-la-charite.org\/pl\/life-in-prison-during-the-lockdown-4\/","name":"Do\u015bwiadczenie zamkni\u0119cia podczas pandemii - Filles de la Charit\u00e9","isPartOf":{"@id":"https:\/\/filles-de-la-charite.org\/pl\/#website"},"primaryImageOfPage":{"@id":"https:\/\/filles-de-la-charite.org\/pl\/life-in-prison-during-the-lockdown-4\/#primaryimage"},"image":{"@id":"https:\/\/filles-de-la-charite.org\/pl\/life-in-prison-during-the-lockdown-4\/#primaryimage"},"thumbnailUrl":"https:\/\/filles-de-la-charite.org\/wp-content\/uploads\/2023\/06\/1010-Confinement-FTD.jpg","datePublished":"2020-10-09T19:10:02+00:00","dateModified":"2024-03-17T17:23:45+00:00","breadcrumb":{"@id":"https:\/\/filles-de-la-charite.org\/pl\/life-in-prison-during-the-lockdown-4\/#breadcrumb"},"inLanguage":"pl-PL","potentialAction":[{"@type":"ReadAction","target":["https:\/\/filles-de-la-charite.org\/pl\/life-in-prison-during-the-lockdown-4\/"]}]},{"@type":"ImageObject","inLanguage":"pl-PL","@id":"https:\/\/filles-de-la-charite.org\/pl\/life-in-prison-during-the-lockdown-4\/#primaryimage","url":"https:\/\/filles-de-la-charite.org\/wp-content\/uploads\/2023\/06\/1010-Confinement-FTD.jpg","contentUrl":"https:\/\/filles-de-la-charite.org\/wp-content\/uploads\/2023\/06\/1010-Confinement-FTD.jpg","width":1200,"height":630},{"@type":"BreadcrumbList","@id":"https:\/\/filles-de-la-charite.org\/pl\/life-in-prison-during-the-lockdown-4\/#breadcrumb","itemListElement":[{"@type":"ListItem","position":1,"name":"Espa\u00f1a-Sur","item":"https:\/\/filles-de-la-charite.org\/pl\/category\/espana-sur-pl\/"},{"@type":"ListItem","position":2,"name":"Do\u015bwiadczenie zamkni\u0119cia podczas pandemii"}]},{"@type":"WebSite","@id":"https:\/\/filles-de-la-charite.org\/pl\/#website","url":"https:\/\/filles-de-la-charite.org\/pl\/","name":"Hijas de la Caridad","description":"L\u2019amour de J\u00e9sus nous presse \u00e0 prendre soin des personnes les plus d\u00e9munies","publisher":{"@id":"https:\/\/filles-de-la-charite.org\/pl\/#organization"},"potentialAction":[{"@type":"SearchAction","target":{"@type":"EntryPoint","urlTemplate":"https:\/\/filles-de-la-charite.org\/pl\/?s={search_term_string}"},"query-input":{"@type":"PropertyValueSpecification","valueRequired":true,"valueName":"search_term_string"}}],"inLanguage":"pl-PL"},{"@type":"Organization","@id":"https:\/\/filles-de-la-charite.org\/pl\/#organization","name":"Hijas de la Caridad","url":"https:\/\/filles-de-la-charite.org\/pl\/","logo":{"@type":"ImageObject","inLanguage":"pl-PL","@id":"https:\/\/filles-de-la-charite.org\/pl\/#\/schema\/logo\/image\/","url":"https:\/\/filles-de-la-charite.org\/wp-content\/uploads\/2023\/03\/isotipo-Hijas-de-la-Caridad.png","contentUrl":"https:\/\/filles-de-la-charite.org\/wp-content\/uploads\/2023\/03\/isotipo-Hijas-de-la-Caridad.png","width":1417,"height":1417,"caption":"Hijas de la Caridad"},"image":{"@id":"https:\/\/filles-de-la-charite.org\/pl\/#\/schema\/logo\/image\/"}},{"@type":"Person","@id":"https:\/\/filles-de-la-charite.org\/pl\/#\/schema\/person\/427567b2eccfc2dd7d206da186a1f438","name":"admin","image":{"@type":"ImageObject","inLanguage":"pl-PL","@id":"https:\/\/secure.gravatar.com\/avatar\/948b492cce32b586ac2db0eaa926ee87024f7afe218d73b397ea5ddfc5f43ea1?s=96&d=mm&r=g","url":"https:\/\/secure.gravatar.com\/avatar\/948b492cce32b586ac2db0eaa926ee87024f7afe218d73b397ea5ddfc5f43ea1?s=96&d=mm&r=g","contentUrl":"https:\/\/secure.gravatar.com\/avatar\/948b492cce32b586ac2db0eaa926ee87024f7afe218d73b397ea5ddfc5f43ea1?s=96&d=mm&r=g","caption":"admin"},"sameAs":["https:\/\/filles-de-la-charite.org"],"url":"https:\/\/filles-de-la-charite.org\/pl\/author\/caridad\/"}]}},"_links":{"self":[{"href":"https:\/\/filles-de-la-charite.org\/pl\/wp-json\/wp\/v2\/posts\/24226","targetHints":{"allow":["GET"]}}],"collection":[{"href":"https:\/\/filles-de-la-charite.org\/pl\/wp-json\/wp\/v2\/posts"}],"about":[{"href":"https:\/\/filles-de-la-charite.org\/pl\/wp-json\/wp\/v2\/types\/post"}],"author":[{"embeddable":true,"href":"https:\/\/filles-de-la-charite.org\/pl\/wp-json\/wp\/v2\/users\/1"}],"replies":[{"embeddable":true,"href":"https:\/\/filles-de-la-charite.org\/pl\/wp-json\/wp\/v2\/comments?post=24226"}],"version-history":[{"count":1,"href":"https:\/\/filles-de-la-charite.org\/pl\/wp-json\/wp\/v2\/posts\/24226\/revisions"}],"predecessor-version":[{"id":24227,"href":"https:\/\/filles-de-la-charite.org\/pl\/wp-json\/wp\/v2\/posts\/24226\/revisions\/24227"}],"wp:featuredmedia":[{"embeddable":true,"href":"https:\/\/filles-de-la-charite.org\/pl\/wp-json\/wp\/v2\/media\/15114"}],"wp:attachment":[{"href":"https:\/\/filles-de-la-charite.org\/pl\/wp-json\/wp\/v2\/media?parent=24226"}],"wp:term":[{"taxonomy":"category","embeddable":true,"href":"https:\/\/filles-de-la-charite.org\/pl\/wp-json\/wp\/v2\/categories?post=24226"},{"taxonomy":"post_tag","embeddable":true,"href":"https:\/\/filles-de-la-charite.org\/pl\/wp-json\/wp\/v2\/tags?post=24226"}],"curies":[{"name":"wp","href":"https:\/\/api.w.org\/{rel}","templated":true}]}}