{"id":24228,"date":"2020-11-06T22:59:40","date_gmt":"2020-11-06T21:59:40","guid":{"rendered":"https:\/\/hijascaridad.sjdigitaldemo.ovh\/saint-vincent-in-haiti-4\/"},"modified":"2024-03-17T18:23:37","modified_gmt":"2024-03-17T17:23:37","slug":"saint-vincent-in-haiti-4","status":"publish","type":"post","link":"https:\/\/filles-de-la-charite.org\/pl\/saint-vincent-in-haiti-4\/","title":{"rendered":"\u015awi\u0119ty Wincenty na Haiti"},"content":{"rendered":"\n<p>W dniach 18-25 pa\u017adziernika obchodzili\u015bmy kolejny ju\u017c Tydzie\u0144 Misyjny. Sw\u0105 modlitw\u0105 i serdeczn\u0105 pami\u0119ci\u0105 otaczamy tych, kt\u00f3rzy zostawili sw\u00f3j ojczysty kraj i udali si\u0119 na misje <em>Ad Gentes<\/em>.<\/p>\n\n\n\n<p>S. Weronika, Polka nale\u017c\u0105ca do Prowincji Karaiby i kt\u00f3ra pos\u0142uguje w\u015br\u00f3d ubogiej ludno\u015bci Haiti, dzieli sie z nami tym, jak jej wsp\u00f3lnota prze\u017cywa\u0142a w tym roku Uroczysto\u015b\u0107 \u015aw. Wincentego a Paulo, Za\u0142o\u017cyciela Zgromadzenia.<\/p>\n\n\n\n<div class=\"wp-block-image\"><figure class=\"alignright\"><img decoding=\"async\" src=\"https:\/\/filles-de-la-charite.org\/wp-content\/uploads\/2023\/06\/201106-Haiti-4.jpg\" alt=\"\" class=\"wp-image-41517\"\/><\/figure><\/div>\n\n\n\n<p>Haiti<b> <\/b>to niewielka, zachodnia cz\u0119\u015b\u0107 drugiej z wysp w archipelagu Wielkich Antyli (Ameryka \u015arodkowa) granicz\u0105ca z Republik\u0105 Dominikany, otoczona przez Morze Karaibskie i Ocean Atlantycki. W 2008 roku na Haiti, w Gonaives, by\u0142a ogromna pow\u00f3d\u017a. Rodziny potraci\u0142y domy i przez trzy miesi\u0105ce dzieci z tych rodzin mieszka\u0142y u Si\u00f3str. Przez ponad tydzie\u0144 mieszkali u Si\u00f3str r\u00f3wnie\u017c ich rodzice. Dzieci przebywa\u0142y w domu Si\u00f3str, dop\u00f3ki ich Rodzice nie zorganizowali jakiego\u015b mieszkania, nie zbudowali domu, albo jakiego\u015b prowizorycznego pomieszczenia do \u017cycia. Ta tradycja zosta\u0142a. Dzieci co tydzie\u0144 przychodz\u0105 do Si\u00f3str. Zawsze jest ich oko\u0142o dwustu. Siostry staraj\u0105 si\u0119 zaspokoi\u0107 ich potrzeby duchowe i materialne.<\/p>\n\n\n\n<p>W tym roku przed Uroczysto\u015bci\u0105 \u015aw. Wincentego a Paulo Siostry wraz z dzie\u0107mi przygotowa\u0142y Triduum modlitewne. W \u015brod\u0119, czwartek i pi\u0105tek o godz.15.00 mia\u0142 miejsce wsp\u00f3lny R\u00f3\u017caniec i wsp\u00f3lny \u015bpiew. Ka\u017cdego dnia omawiany by\u0142 inny temat dotycz\u0105cy \u015awi\u0119tego Wincentego. Siostry przedstawi\u0142y najpierw \u017cycie \u015bw. Wincentego a p\u00f3\u017aniej jego dzia\u0142alno\u015b\u0107. Tak\u017ce przybli\u017cy\u0142y rys obu Zgromadze\u0144, kt\u00f3re \u015bw. Wincenty utworzy\u0142, by trzeciego dnia poruszy\u0107 jego duchowo\u015b\u0107. Siostry stara\u0142y si\u0119 tak\u017ce przygotowa\u0107 duchowo osoby, kt\u00f3re wsp\u00f3\u0142pracuj\u0105 z Siostrami i s\u0105 z nimi na co dzie\u0144.<\/p>\n\n\n\n<div class=\"wp-block-image\"><figure class=\"aligncenter\"><img decoding=\"async\" src=\"https:\/\/filles-de-la-charite.org\/wp-content\/uploads\/2023\/06\/201106-Haiti-5.jpg\" alt=\"\" class=\"wp-image-41518\"\/><\/figure><\/div>\n\n\n\n<p>Na uroczysto\u015b\u0107 \u015bw. Wincentego a Paulo, dnia 27 wrze\u015bnia, Siostry przygotowa\u0142y celebracj\u0119 paraliturgiczn\u0105, gdy\u017c nie m\u00f3g\u0142 by\u0107 obecny kap\u0142an. Mimo to, uroczysto\u015b\u0107 mia\u0142a charakter bardzo uroczysty. S. Weronika dzieli si\u0119: \u201eJestem pewna, \u017ce Jezus by\u0142 obecny, bo sam powiedzia\u0142 przecie\u017c, \u017ce &gt;&gt;Gdzie dw\u00f3ch&nbsp; lub trzech modli si\u0119 w Imi\u0119 moje, Ja Jestem po\u015br\u00f3d nich&lt;&lt;(Mt 18,20). A nas by\u0142o 400 dzieci i ponad 30 os\u00f3b personelu\u201d.&nbsp;<\/p>\n\n\n\n<p>Wszystkie stroje, kt\u00f3re&nbsp; dzieci ma\u0142y sobie podczas celebracji zosta\u0142y specjalnie uszyte na to \u015bwi\u0119towanie. I taka jest ju\u017c tradycja, \u017ce na takie szczeg\u00f3lne okazje dzieci maj\u0105 co roku inne stroje. Kupuj\u0105 je z w\u0142asnych pieni\u0119dzy, aby podczas tych celebracji, dobrze si\u0119 zaprezentowa\u0107 przed Bogiem i przed lud\u017ami.<\/p>\n\n\n\n<div class=\"wp-block-image\"><figure class=\"aligncenter\"><img decoding=\"async\" src=\"https:\/\/filles-de-la-charite.org\/wp-content\/uploads\/2023\/06\/201106-Haiti-1.jpg\" alt=\"\" class=\"wp-image-41514\"\/><\/figure><\/div>\n\n\n\n<p>Ka\u017cdej niedzieli Siostry zbieraj\u0105 dzieci w swoim domu, by wsp\u00f3lnie z nimi si\u0119 modli\u0107, po\u015bpiewa\u0107, pota\u0144czy\u0107. Formacj\u0105 tych dzieci zajmuje si\u0119 s. Natasza. Dzieci poznaj\u0105 osob\u0119 \u015bw. Wincentego, jego \u017cycie i jego dzia\u0142alno\u015b\u0107 charytatywn\u0105. Cieszymy si\u0119, \u017ce mo\u017cemy tak jak \u015bw. Wincenty s\u0142u\u017cy\u0107 dzieciom.<\/p>\n\n\n\n<p class=\"has-text-align-center\"><span style=\"color: #0432ff;\">\u015aw. Wincenty, m\u00f3dl si\u0119 za nami!<\/span><\/p>\n\n\n\n<p class=\"has-text-align-center\"><span style=\"color: #0432ff;\">S. Weronika, Prowincja Karaib\u00f3w<\/span><\/p>\n\n\n\n<div class=\"wp-block-image\"><figure class=\"aligncenter\"><img decoding=\"async\" src=\"https:\/\/filles-de-la-charite.org\/wp-content\/uploads\/2023\/06\/201106-Haiti-3.jpg\" alt=\"\" class=\"wp-image-41516\"\/><\/figure><\/div>\n","protected":false},"excerpt":{"rendered":"<p>W dniach 18-25 pa\u017adziernika obchodzili\u015bmy kolejny ju\u017c Tydzie\u0144 Misyjny. Sw\u0105 modlitw\u0105 i serdeczn\u0105 pami\u0119ci\u0105 otaczamy tych, kt\u00f3rzy zostawili sw\u00f3j ojczysty kraj i udali si\u0119 na misje Ad Gentes. S. Weronika, Polka nale\u017c\u0105ca do Prowincji Karaiby i kt\u00f3ra pos\u0142uguje w\u015br\u00f3d ubogiej ludno\u015bci Haiti, dzieli sie z nami tym, jak jej wsp\u00f3lnota prze\u017cywa\u0142a w tym roku Uroczysto\u015b\u0107 [&hellip;]<\/p>\n","protected":false},"author":1,"featured_media":15146,"comment_status":"closed","ping_status":"closed","sticky":false,"template":"","format":"standard","meta":{"_acf_changed":false,"_et_pb_use_builder":"","_et_pb_old_content":"","_et_gb_content_width":"","footnotes":"","_links_to":"","_links_to_target":""},"categories":[757],"tags":[],"class_list":["post-24228","post","type-post","status-publish","format-standard","has-post-thumbnail","hentry","category-caribe-pl"],"acf":[],"yoast_head":"<!-- This site is optimized with the Yoast SEO plugin v27.5 - https:\/\/yoast.com\/product\/yoast-seo-wordpress\/ -->\n<title>\u015awi\u0119ty Wincenty na Haiti - Filles de la Charit\u00e9<\/title>\n<meta name=\"robots\" content=\"index, follow, max-snippet:-1, max-image-preview:large, max-video-preview:-1\" \/>\n<link rel=\"canonical\" href=\"https:\/\/filles-de-la-charite.org\/pl\/saint-vincent-in-haiti-4\/\" \/>\n<meta property=\"og:locale\" content=\"pl_PL\" \/>\n<meta property=\"og:type\" content=\"article\" \/>\n<meta property=\"og:title\" content=\"\u015awi\u0119ty Wincenty na Haiti - Filles de la Charit\u00e9\" \/>\n<meta property=\"og:description\" content=\"W dniach 18-25 pa\u017adziernika obchodzili\u015bmy kolejny ju\u017c Tydzie\u0144 Misyjny. Sw\u0105 modlitw\u0105 i serdeczn\u0105 pami\u0119ci\u0105 otaczamy tych, kt\u00f3rzy zostawili sw\u00f3j ojczysty kraj i udali si\u0119 na misje Ad Gentes. S. Weronika, Polka nale\u017c\u0105ca do Prowincji Karaiby i kt\u00f3ra pos\u0142uguje w\u015br\u00f3d ubogiej ludno\u015bci Haiti, dzieli sie z nami tym, jak jej wsp\u00f3lnota prze\u017cywa\u0142a w tym roku Uroczysto\u015b\u0107 [&hellip;]\" \/>\n<meta property=\"og:url\" content=\"https:\/\/filles-de-la-charite.org\/pl\/saint-vincent-in-haiti-4\/\" \/>\n<meta property=\"og:site_name\" content=\"Filles de la Charit\u00e9\" \/>\n<meta property=\"article:published_time\" content=\"2020-11-06T21:59:40+00:00\" \/>\n<meta property=\"article:modified_time\" content=\"2024-03-17T17:23:37+00:00\" \/>\n<meta property=\"og:image\" content=\"https:\/\/filles-de-la-charite.org\/wp-content\/uploads\/2023\/06\/201106-Haiti-FTD.jpg\" \/>\n\t<meta property=\"og:image:width\" content=\"1200\" \/>\n\t<meta property=\"og:image:height\" content=\"630\" \/>\n\t<meta property=\"og:image:type\" content=\"image\/jpeg\" \/>\n<meta name=\"author\" content=\"admin\" \/>\n<meta name=\"twitter:card\" content=\"summary_large_image\" \/>\n<meta name=\"twitter:label1\" content=\"Napisane przez\" \/>\n\t<meta name=\"twitter:data1\" content=\"admin\" \/>\n\t<meta name=\"twitter:label2\" content=\"Szacowany czas czytania\" \/>\n\t<meta name=\"twitter:data2\" content=\"3 minuty\" \/>\n<script type=\"application\/ld+json\" class=\"yoast-schema-graph\">{\"@context\":\"https:\\\/\\\/schema.org\",\"@graph\":[{\"@type\":\"Article\",\"@id\":\"https:\\\/\\\/filles-de-la-charite.org\\\/pl\\\/saint-vincent-in-haiti-4\\\/#article\",\"isPartOf\":{\"@id\":\"https:\\\/\\\/filles-de-la-charite.org\\\/pl\\\/saint-vincent-in-haiti-4\\\/\"},\"author\":{\"name\":\"admin\",\"@id\":\"https:\\\/\\\/filles-de-la-charite.org\\\/pl\\\/#\\\/schema\\\/person\\\/427567b2eccfc2dd7d206da186a1f438\"},\"headline\":\"\u015awi\u0119ty Wincenty na Haiti\",\"datePublished\":\"2020-11-06T21:59:40+00:00\",\"dateModified\":\"2024-03-17T17:23:37+00:00\",\"mainEntityOfPage\":{\"@id\":\"https:\\\/\\\/filles-de-la-charite.org\\\/pl\\\/saint-vincent-in-haiti-4\\\/\"},\"wordCount\":499,\"publisher\":{\"@id\":\"https:\\\/\\\/filles-de-la-charite.org\\\/pl\\\/#organization\"},\"image\":{\"@id\":\"https:\\\/\\\/filles-de-la-charite.org\\\/pl\\\/saint-vincent-in-haiti-4\\\/#primaryimage\"},\"thumbnailUrl\":\"https:\\\/\\\/filles-de-la-charite.org\\\/wp-content\\\/uploads\\\/2023\\\/06\\\/201106-Haiti-FTD.jpg\",\"articleSection\":[\"Karaiby\"],\"inLanguage\":\"pl-PL\"},{\"@type\":\"WebPage\",\"@id\":\"https:\\\/\\\/filles-de-la-charite.org\\\/pl\\\/saint-vincent-in-haiti-4\\\/\",\"url\":\"https:\\\/\\\/filles-de-la-charite.org\\\/pl\\\/saint-vincent-in-haiti-4\\\/\",\"name\":\"\u015awi\u0119ty Wincenty na Haiti - Filles de la Charit\u00e9\",\"isPartOf\":{\"@id\":\"https:\\\/\\\/filles-de-la-charite.org\\\/pl\\\/#website\"},\"primaryImageOfPage\":{\"@id\":\"https:\\\/\\\/filles-de-la-charite.org\\\/pl\\\/saint-vincent-in-haiti-4\\\/#primaryimage\"},\"image\":{\"@id\":\"https:\\\/\\\/filles-de-la-charite.org\\\/pl\\\/saint-vincent-in-haiti-4\\\/#primaryimage\"},\"thumbnailUrl\":\"https:\\\/\\\/filles-de-la-charite.org\\\/wp-content\\\/uploads\\\/2023\\\/06\\\/201106-Haiti-FTD.jpg\",\"datePublished\":\"2020-11-06T21:59:40+00:00\",\"dateModified\":\"2024-03-17T17:23:37+00:00\",\"breadcrumb\":{\"@id\":\"https:\\\/\\\/filles-de-la-charite.org\\\/pl\\\/saint-vincent-in-haiti-4\\\/#breadcrumb\"},\"inLanguage\":\"pl-PL\",\"potentialAction\":[{\"@type\":\"ReadAction\",\"target\":[\"https:\\\/\\\/filles-de-la-charite.org\\\/pl\\\/saint-vincent-in-haiti-4\\\/\"]}]},{\"@type\":\"ImageObject\",\"inLanguage\":\"pl-PL\",\"@id\":\"https:\\\/\\\/filles-de-la-charite.org\\\/pl\\\/saint-vincent-in-haiti-4\\\/#primaryimage\",\"url\":\"https:\\\/\\\/filles-de-la-charite.org\\\/wp-content\\\/uploads\\\/2023\\\/06\\\/201106-Haiti-FTD.jpg\",\"contentUrl\":\"https:\\\/\\\/filles-de-la-charite.org\\\/wp-content\\\/uploads\\\/2023\\\/06\\\/201106-Haiti-FTD.jpg\",\"width\":1200,\"height\":630},{\"@type\":\"BreadcrumbList\",\"@id\":\"https:\\\/\\\/filles-de-la-charite.org\\\/pl\\\/saint-vincent-in-haiti-4\\\/#breadcrumb\",\"itemListElement\":[{\"@type\":\"ListItem\",\"position\":1,\"name\":\"Karaiby\",\"item\":\"https:\\\/\\\/filles-de-la-charite.org\\\/pl\\\/category\\\/caribe-pl\\\/\"},{\"@type\":\"ListItem\",\"position\":2,\"name\":\"\u015awi\u0119ty Wincenty na Haiti\"}]},{\"@type\":\"WebSite\",\"@id\":\"https:\\\/\\\/filles-de-la-charite.org\\\/pl\\\/#website\",\"url\":\"https:\\\/\\\/filles-de-la-charite.org\\\/pl\\\/\",\"name\":\"Hijas de la Caridad\",\"description\":\"L\u2019amour de J\u00e9sus nous presse \u00e0 prendre soin des personnes les plus d\u00e9munies\",\"publisher\":{\"@id\":\"https:\\\/\\\/filles-de-la-charite.org\\\/pl\\\/#organization\"},\"potentialAction\":[{\"@type\":\"SearchAction\",\"target\":{\"@type\":\"EntryPoint\",\"urlTemplate\":\"https:\\\/\\\/filles-de-la-charite.org\\\/pl\\\/?s={search_term_string}\"},\"query-input\":{\"@type\":\"PropertyValueSpecification\",\"valueRequired\":true,\"valueName\":\"search_term_string\"}}],\"inLanguage\":\"pl-PL\"},{\"@type\":\"Organization\",\"@id\":\"https:\\\/\\\/filles-de-la-charite.org\\\/pl\\\/#organization\",\"name\":\"Hijas de la Caridad\",\"url\":\"https:\\\/\\\/filles-de-la-charite.org\\\/pl\\\/\",\"logo\":{\"@type\":\"ImageObject\",\"inLanguage\":\"pl-PL\",\"@id\":\"https:\\\/\\\/filles-de-la-charite.org\\\/pl\\\/#\\\/schema\\\/logo\\\/image\\\/\",\"url\":\"https:\\\/\\\/filles-de-la-charite.org\\\/wp-content\\\/uploads\\\/2023\\\/03\\\/isotipo-Hijas-de-la-Caridad.png\",\"contentUrl\":\"https:\\\/\\\/filles-de-la-charite.org\\\/wp-content\\\/uploads\\\/2023\\\/03\\\/isotipo-Hijas-de-la-Caridad.png\",\"width\":1417,\"height\":1417,\"caption\":\"Hijas de la Caridad\"},\"image\":{\"@id\":\"https:\\\/\\\/filles-de-la-charite.org\\\/pl\\\/#\\\/schema\\\/logo\\\/image\\\/\"}},{\"@type\":\"Person\",\"@id\":\"https:\\\/\\\/filles-de-la-charite.org\\\/pl\\\/#\\\/schema\\\/person\\\/427567b2eccfc2dd7d206da186a1f438\",\"name\":\"admin\",\"image\":{\"@type\":\"ImageObject\",\"inLanguage\":\"pl-PL\",\"@id\":\"https:\\\/\\\/secure.gravatar.com\\\/avatar\\\/948b492cce32b586ac2db0eaa926ee87024f7afe218d73b397ea5ddfc5f43ea1?s=96&d=mm&r=g\",\"url\":\"https:\\\/\\\/secure.gravatar.com\\\/avatar\\\/948b492cce32b586ac2db0eaa926ee87024f7afe218d73b397ea5ddfc5f43ea1?s=96&d=mm&r=g\",\"contentUrl\":\"https:\\\/\\\/secure.gravatar.com\\\/avatar\\\/948b492cce32b586ac2db0eaa926ee87024f7afe218d73b397ea5ddfc5f43ea1?s=96&d=mm&r=g\",\"caption\":\"admin\"},\"sameAs\":[\"https:\\\/\\\/filles-de-la-charite.org\"],\"url\":\"https:\\\/\\\/filles-de-la-charite.org\\\/pl\\\/author\\\/caridad\\\/\"}]}<\/script>\n<!-- \/ Yoast SEO plugin. -->","yoast_head_json":{"title":"\u015awi\u0119ty Wincenty na Haiti - Filles de la Charit\u00e9","robots":{"index":"index","follow":"follow","max-snippet":"max-snippet:-1","max-image-preview":"max-image-preview:large","max-video-preview":"max-video-preview:-1"},"canonical":"https:\/\/filles-de-la-charite.org\/pl\/saint-vincent-in-haiti-4\/","og_locale":"pl_PL","og_type":"article","og_title":"\u015awi\u0119ty Wincenty na Haiti - Filles de la Charit\u00e9","og_description":"W dniach 18-25 pa\u017adziernika obchodzili\u015bmy kolejny ju\u017c Tydzie\u0144 Misyjny. Sw\u0105 modlitw\u0105 i serdeczn\u0105 pami\u0119ci\u0105 otaczamy tych, kt\u00f3rzy zostawili sw\u00f3j ojczysty kraj i udali si\u0119 na misje Ad Gentes. S. Weronika, Polka nale\u017c\u0105ca do Prowincji Karaiby i kt\u00f3ra pos\u0142uguje w\u015br\u00f3d ubogiej ludno\u015bci Haiti, dzieli sie z nami tym, jak jej wsp\u00f3lnota prze\u017cywa\u0142a w tym roku Uroczysto\u015b\u0107 [&hellip;]","og_url":"https:\/\/filles-de-la-charite.org\/pl\/saint-vincent-in-haiti-4\/","og_site_name":"Filles de la Charit\u00e9","article_published_time":"2020-11-06T21:59:40+00:00","article_modified_time":"2024-03-17T17:23:37+00:00","og_image":[{"width":1200,"height":630,"url":"https:\/\/filles-de-la-charite.org\/wp-content\/uploads\/2023\/06\/201106-Haiti-FTD.jpg","type":"image\/jpeg"}],"author":"admin","twitter_card":"summary_large_image","twitter_misc":{"Napisane przez":"admin","Szacowany czas czytania":"3 minuty"},"schema":{"@context":"https:\/\/schema.org","@graph":[{"@type":"Article","@id":"https:\/\/filles-de-la-charite.org\/pl\/saint-vincent-in-haiti-4\/#article","isPartOf":{"@id":"https:\/\/filles-de-la-charite.org\/pl\/saint-vincent-in-haiti-4\/"},"author":{"name":"admin","@id":"https:\/\/filles-de-la-charite.org\/pl\/#\/schema\/person\/427567b2eccfc2dd7d206da186a1f438"},"headline":"\u015awi\u0119ty Wincenty na Haiti","datePublished":"2020-11-06T21:59:40+00:00","dateModified":"2024-03-17T17:23:37+00:00","mainEntityOfPage":{"@id":"https:\/\/filles-de-la-charite.org\/pl\/saint-vincent-in-haiti-4\/"},"wordCount":499,"publisher":{"@id":"https:\/\/filles-de-la-charite.org\/pl\/#organization"},"image":{"@id":"https:\/\/filles-de-la-charite.org\/pl\/saint-vincent-in-haiti-4\/#primaryimage"},"thumbnailUrl":"https:\/\/filles-de-la-charite.org\/wp-content\/uploads\/2023\/06\/201106-Haiti-FTD.jpg","articleSection":["Karaiby"],"inLanguage":"pl-PL"},{"@type":"WebPage","@id":"https:\/\/filles-de-la-charite.org\/pl\/saint-vincent-in-haiti-4\/","url":"https:\/\/filles-de-la-charite.org\/pl\/saint-vincent-in-haiti-4\/","name":"\u015awi\u0119ty Wincenty na Haiti - Filles de la Charit\u00e9","isPartOf":{"@id":"https:\/\/filles-de-la-charite.org\/pl\/#website"},"primaryImageOfPage":{"@id":"https:\/\/filles-de-la-charite.org\/pl\/saint-vincent-in-haiti-4\/#primaryimage"},"image":{"@id":"https:\/\/filles-de-la-charite.org\/pl\/saint-vincent-in-haiti-4\/#primaryimage"},"thumbnailUrl":"https:\/\/filles-de-la-charite.org\/wp-content\/uploads\/2023\/06\/201106-Haiti-FTD.jpg","datePublished":"2020-11-06T21:59:40+00:00","dateModified":"2024-03-17T17:23:37+00:00","breadcrumb":{"@id":"https:\/\/filles-de-la-charite.org\/pl\/saint-vincent-in-haiti-4\/#breadcrumb"},"inLanguage":"pl-PL","potentialAction":[{"@type":"ReadAction","target":["https:\/\/filles-de-la-charite.org\/pl\/saint-vincent-in-haiti-4\/"]}]},{"@type":"ImageObject","inLanguage":"pl-PL","@id":"https:\/\/filles-de-la-charite.org\/pl\/saint-vincent-in-haiti-4\/#primaryimage","url":"https:\/\/filles-de-la-charite.org\/wp-content\/uploads\/2023\/06\/201106-Haiti-FTD.jpg","contentUrl":"https:\/\/filles-de-la-charite.org\/wp-content\/uploads\/2023\/06\/201106-Haiti-FTD.jpg","width":1200,"height":630},{"@type":"BreadcrumbList","@id":"https:\/\/filles-de-la-charite.org\/pl\/saint-vincent-in-haiti-4\/#breadcrumb","itemListElement":[{"@type":"ListItem","position":1,"name":"Karaiby","item":"https:\/\/filles-de-la-charite.org\/pl\/category\/caribe-pl\/"},{"@type":"ListItem","position":2,"name":"\u015awi\u0119ty Wincenty na Haiti"}]},{"@type":"WebSite","@id":"https:\/\/filles-de-la-charite.org\/pl\/#website","url":"https:\/\/filles-de-la-charite.org\/pl\/","name":"Hijas de la Caridad","description":"L\u2019amour de J\u00e9sus nous presse \u00e0 prendre soin des personnes les plus d\u00e9munies","publisher":{"@id":"https:\/\/filles-de-la-charite.org\/pl\/#organization"},"potentialAction":[{"@type":"SearchAction","target":{"@type":"EntryPoint","urlTemplate":"https:\/\/filles-de-la-charite.org\/pl\/?s={search_term_string}"},"query-input":{"@type":"PropertyValueSpecification","valueRequired":true,"valueName":"search_term_string"}}],"inLanguage":"pl-PL"},{"@type":"Organization","@id":"https:\/\/filles-de-la-charite.org\/pl\/#organization","name":"Hijas de la Caridad","url":"https:\/\/filles-de-la-charite.org\/pl\/","logo":{"@type":"ImageObject","inLanguage":"pl-PL","@id":"https:\/\/filles-de-la-charite.org\/pl\/#\/schema\/logo\/image\/","url":"https:\/\/filles-de-la-charite.org\/wp-content\/uploads\/2023\/03\/isotipo-Hijas-de-la-Caridad.png","contentUrl":"https:\/\/filles-de-la-charite.org\/wp-content\/uploads\/2023\/03\/isotipo-Hijas-de-la-Caridad.png","width":1417,"height":1417,"caption":"Hijas de la Caridad"},"image":{"@id":"https:\/\/filles-de-la-charite.org\/pl\/#\/schema\/logo\/image\/"}},{"@type":"Person","@id":"https:\/\/filles-de-la-charite.org\/pl\/#\/schema\/person\/427567b2eccfc2dd7d206da186a1f438","name":"admin","image":{"@type":"ImageObject","inLanguage":"pl-PL","@id":"https:\/\/secure.gravatar.com\/avatar\/948b492cce32b586ac2db0eaa926ee87024f7afe218d73b397ea5ddfc5f43ea1?s=96&d=mm&r=g","url":"https:\/\/secure.gravatar.com\/avatar\/948b492cce32b586ac2db0eaa926ee87024f7afe218d73b397ea5ddfc5f43ea1?s=96&d=mm&r=g","contentUrl":"https:\/\/secure.gravatar.com\/avatar\/948b492cce32b586ac2db0eaa926ee87024f7afe218d73b397ea5ddfc5f43ea1?s=96&d=mm&r=g","caption":"admin"},"sameAs":["https:\/\/filles-de-la-charite.org"],"url":"https:\/\/filles-de-la-charite.org\/pl\/author\/caridad\/"}]}},"_links":{"self":[{"href":"https:\/\/filles-de-la-charite.org\/pl\/wp-json\/wp\/v2\/posts\/24228","targetHints":{"allow":["GET"]}}],"collection":[{"href":"https:\/\/filles-de-la-charite.org\/pl\/wp-json\/wp\/v2\/posts"}],"about":[{"href":"https:\/\/filles-de-la-charite.org\/pl\/wp-json\/wp\/v2\/types\/post"}],"author":[{"embeddable":true,"href":"https:\/\/filles-de-la-charite.org\/pl\/wp-json\/wp\/v2\/users\/1"}],"replies":[{"embeddable":true,"href":"https:\/\/filles-de-la-charite.org\/pl\/wp-json\/wp\/v2\/comments?post=24228"}],"version-history":[{"count":1,"href":"https:\/\/filles-de-la-charite.org\/pl\/wp-json\/wp\/v2\/posts\/24228\/revisions"}],"predecessor-version":[{"id":24229,"href":"https:\/\/filles-de-la-charite.org\/pl\/wp-json\/wp\/v2\/posts\/24228\/revisions\/24229"}],"wp:featuredmedia":[{"embeddable":true,"href":"https:\/\/filles-de-la-charite.org\/pl\/wp-json\/wp\/v2\/media\/15146"}],"wp:attachment":[{"href":"https:\/\/filles-de-la-charite.org\/pl\/wp-json\/wp\/v2\/media?parent=24228"}],"wp:term":[{"taxonomy":"category","embeddable":true,"href":"https:\/\/filles-de-la-charite.org\/pl\/wp-json\/wp\/v2\/categories?post=24228"},{"taxonomy":"post_tag","embeddable":true,"href":"https:\/\/filles-de-la-charite.org\/pl\/wp-json\/wp\/v2\/tags?post=24228"}],"curies":[{"name":"wp","href":"https:\/\/api.w.org\/{rel}","templated":true}]}}