{"id":24234,"date":"2020-12-01T10:30:43","date_gmt":"2020-12-01T09:30:43","guid":{"rendered":"https:\/\/hijascaridad.sjdigitaldemo.ovh\/pielgrzymka-z-maryja-190-rocznica-objawien-najswietszej-marii-panny-sw-katarzynie-laboure\/"},"modified":"2024-03-17T18:23:05","modified_gmt":"2024-03-17T17:23:05","slug":"pielgrzymka-z-maryja-190-rocznica-objawien-najswietszej-marii-panny-sw-katarzynie-laboure","status":"publish","type":"post","link":"https:\/\/filles-de-la-charite.org\/pl\/pielgrzymka-z-maryja-190-rocznica-objawien-najswietszej-marii-panny-sw-katarzynie-laboure\/","title":{"rendered":"Pielgrzymka z Maryj\u0105: 190. rocznica Objawie\u0144 Naj\u015bwi\u0119tszej Marii Panny \u015bw. Katarzynie Labour\u00e9"},"content":{"rendered":"\n<div class=\"wp-block-image\"><figure class=\"aligncenter size-large\"><img decoding=\"async\" src=\"https:\/\/filles-de-la-charite.org\/wp-content\/uploads\/2023\/06\/5-2-1-1024x819.png\" alt=\"\" class=\"wp-image-59606\" \/><\/figure><\/div>\n\n\n\n<p>Z okazji 190. rocznicy Objawie\u0144 Naj\u015bwi\u0119tszej Maryi Panny \u015bw. Katarzynie Labour\u00e9, Ojciec \u015awi\u0119ty 11 listopada w Watykanie, w obecno\u015bci Prze\u0142o\u017conego Generalnego Zgromadzenia Misji, O. Toma\u017ea Mavri\u010d CM, i niewielkiej delegacji odpowiedzialnej za organizacj\u0119 pielgrzymek maryjnych do r\u00f3\u017cnych wsp\u00f3lnot we W\u0142oszech, po\u015bwi\u0119ci\u0142 statu\u0119 Matki Bo\u017cej Niepokalanej od Cudownego Medalika.<\/p>\n\n\n\n<p>Po\u015br\u00f3d trudnej sytuacji, w jakiej znalaz\u0142 si\u0119 \u015bwiat w wyniku pandemii COVID-19 i w spo\u0142ecze\u0144stwie naznaczonym konfliktami i napi\u0119ciami na wszystkich kontynentach, duchowe dzieci \u015bw. Wincentego a Paulo maryjn\u0105 pielgrzymk\u0105 rozpocz\u0119\u0142y podr\u00f3\u017c, aby g\u0142osi\u0107 mi\u0142osiern\u0105 mi\u0142o\u015b\u0107 Boga.<\/p>\n\n\n\n<div class=\"wp-block-image\"><figure class=\"aligncenter size-large\"><img decoding=\"async\" src=\"https:\/\/filles-de-la-charite.org\/wp-content\/uploads\/2023\/06\/4-3-1.jpg\" alt=\"\" class=\"wp-image-59607\" \/><\/figure><\/div>\n\n\n\n<p>W nocy z 18 na 19 lipca 1830 roku Naj\u015bwi\u0119tsza Maryja Panna ukaza\u0142a si\u0119 po raz pierwszy Katarzynie Labour\u00e9, m\u0142odej Siostrze Mi\u0142osierdzia \u015bw. Wincentego a Paulo. By\u0142o to do\u015b\u0107 d\u0142ugie spotkanie, podczas kt\u00f3rego Matka Bo\u017ca stwierdzi\u0142a: <em>Czasy s\u0105 bardzo z\u0142e. Nieszcz\u0119\u015bcia dotykaj\u0105 Francj\u0119 i ca\u0142y \u015bwiat do\u015bwiadczy nieszcz\u0119\u015b\u0107 wszelkiego rodzaju\u2026 Ale przychod\u017acie do stopni tego o\u0142tarza, obfite \u0142aski sp\u0142yn\u0105 na wszystkich, kt\u00f3rzy poprosz\u0105 o nie z wiar\u0105 i ufno\u015bci\u0105. B\u0119d\u0105 dane wielkim i ma\u0142ym.<\/em> Dnia 27 listopada 1830 roku Matka Bo\u017ca ponownie ukaza\u0142a si\u0119 Siostrze Katarzynie, trzymaj\u0105c w d\u0142oniach ma\u0142y glob (symbolizuj\u0105cy rodzaj ludzki). Siostra Katarzyna kontemplowa\u0142a pi\u0119kno Maryi i przyj\u0119\u0142a misj\u0119 wykonania medalika: <em>Osoby, kt\u00f3re go b\u0119d\u0105 nosi\u0142y, otrzymaj\u0105 wielkie \u0142aski.<\/em><\/p>\n\n\n\n<figure class=\"wp-block-gallery aligncenter columns-3 is-cropped wp-block-gallery-1 is-layout-flex wp-block-gallery-is-layout-flex\"><ul class=\"blocks-gallery-grid\"><li class=\"blocks-gallery-item\"><figure><img decoding=\"async\" src=\"https:\/\/filles-de-la-charite.org\/wp-content\/uploads\/2023\/06\/5-6-1-768x1024.jpg\" alt=\"\" data-id=\"59608\" data-full-url=\"https:\/\/filles-de-la-charite.org\/wp-content\/uploads\/2023\/06\/5-6-1.jpg\" data-link=\"https:\/\/www.filles-de-la-charite.org\/?attachment_id=59608\" class=\"wp-image-59608\" \/><\/figure><\/li><li class=\"blocks-gallery-item\"><figure><img decoding=\"async\" src=\"https:\/\/filles-de-la-charite.org\/wp-content\/uploads\/2023\/06\/2-6-1-683x1024.jpg\" alt=\"\" data-id=\"59609\" data-full-url=\"https:\/\/filles-de-la-charite.org\/wp-content\/uploads\/2023\/06\/2-6-1.jpg\" data-link=\"https:\/\/www.filles-de-la-charite.org\/?attachment_id=59609\" class=\"wp-image-59609\" \/><\/figure><\/li><li class=\"blocks-gallery-item\"><figure><img decoding=\"async\" src=\"https:\/\/filles-de-la-charite.org\/wp-content\/uploads\/2023\/06\/3-5.png\" alt=\"\" data-id=\"59610\" data-full-url=\"https:\/\/filles-de-la-charite.org\/wp-content\/uploads\/2023\/06\/3-5.png\" data-link=\"https:\/\/www.filles-de-la-charite.org\/?attachment_id=59610\" class=\"wp-image-59610\" \/><\/figure><\/li><\/ul><\/figure>\n\n\n\n<p>Dzi\u0119ki tej inicjatywie &#8211; pielgrzymki Maria Pellegrina, cz\u0142onkowie Rodziny Wincenty\u0144skiej na ca\u0142ym \u015bwiecie, chc\u0105 nam przypomnie\u0107, \u017ce Matka Bo\u017ca nadal zaprasza m\u0119\u017cczyzn i kobiety, aby przychodzili do st\u00f3p o\u0142tarza. Dzisiaj, sto dziewi\u0119\u0107dziesi\u0105t lat p\u00f3\u017aniej, Matka Bo\u017ca od Cudownego Medalika, nadal czuwa nad ludzko\u015bci\u0105 i anga\u017cuje si\u0119 w t\u0119 pielgrzymk\u0119, aby odwiedza\u0107 i spotyka\u0107 si\u0119 ze wsp\u00f3lnotami ko\u015bcielnymi we W\u0142oszech, wype\u0142niaj\u0105c w ten spos\u00f3b obietnic\u0119 mi\u0142o\u015bci zawart\u0105 w jej przes\u0142aniu: <em>Zawsze b\u0119d\u0119 z wami&#8230; ufajcie&#8230; nie zniech\u0119cajcie si\u0119.<\/em> Pielgrzymka Matki Bo\u017cej rozpocznie si\u0119 we wtorek 1 grudnia i potrwa do 22 listopada 2021 roku.<\/p>\n\n\n\n<p>R\u00f3\u017cne ga\u0142\u0119zie Rodziny Wincenty\u0144skiej, parafie i inne instytucje ko\u015bcielne s\u0105 zaproszone do udzia\u0142u w tej pielgrzymce, kt\u00f3ra potrwa trzy dni (spe\u0142niaj\u0105c wszystkie wymogi zdrowotne, kt\u00f3re zosta\u0142y ustanowione w wyniku COVID-19). Wydarzenia obejm\u0105: celebracj\u0119 przyj\u0119cia Statuy Matki Bo\u017cej, celebracj\u0119 Eucharystii, celebracj\u0119 Mi\u0142osierdzia, maryjno-wincenty\u0144sk\u0105 katechez\u0119, spotkania z dzie\u0107mi, m\u0142odzie\u017c\u0105 i doros\u0142ymi, modlitw\u0119 o powo\u0142ania, wieczerniki maryjne w domach ubogich i chorych (domach opieki i w o\u015brodkach), inicjatywy finansowe wspieraj\u0105ce wincenty\u0144skie dzie\u0142a misyjne.<\/p>\n\n\n\n<p><em>Elena Grazini<\/em><\/p>\n\n\n\n<p><em>Ufficio Stampa Famiglia Vincenziana <\/em><a href=\"mailto:elena@elenagrazini.it\"><em>elena@elenagrazini.it<\/em><\/a><em><\/em><\/p>\n","protected":false},"excerpt":{"rendered":"<p>Z okazji 190. rocznicy Objawie\u0144 Naj\u015bwi\u0119tszej Maryi Panny \u015bw. Katarzynie Labour\u00e9, Ojciec \u015awi\u0119ty 11 listopada w Watykanie, w obecno\u015bci Prze\u0142o\u017conego Generalnego Zgromadzenia Misji, O. Toma\u017ea Mavri\u010d CM, i niewielkiej delegacji odpowiedzialnej za organizacj\u0119 pielgrzymek maryjnych do r\u00f3\u017cnych wsp\u00f3lnot we W\u0142oszech, po\u015bwi\u0119ci\u0142 statu\u0119 Matki Bo\u017cej Niepokalanej od Cudownego Medalika. Po\u015br\u00f3d trudnej sytuacji, w jakiej znalaz\u0142 si\u0119 [&hellip;]<\/p>\n","protected":false},"author":1,"featured_media":15236,"comment_status":"closed","ping_status":"closed","sticky":false,"template":"","format":"standard","meta":{"_acf_changed":false,"_et_pb_use_builder":"","_et_pb_old_content":"","_et_gb_content_width":"","footnotes":"","_links_to":"","_links_to_target":""},"categories":[742],"tags":[],"class_list":["post-24234","post","type-post","status-publish","format-standard","has-post-thumbnail","hentry","category-san-vincenzo-italia-pl"],"acf":[],"yoast_head":"<!-- This site is optimized with the Yoast SEO plugin v27.5 - https:\/\/yoast.com\/product\/yoast-seo-wordpress\/ -->\n<title>Pielgrzymka z Maryj\u0105: 190. rocznica Objawie\u0144 Naj\u015bwi\u0119tszej Marii Panny \u015bw. Katarzynie Labour\u00e9 - Filles de la Charit\u00e9<\/title>\n<meta name=\"robots\" content=\"index, follow, max-snippet:-1, max-image-preview:large, max-video-preview:-1\" \/>\n<link rel=\"canonical\" href=\"https:\/\/filles-de-la-charite.org\/pl\/pielgrzymka-z-maryja-190-rocznica-objawien-najswietszej-marii-panny-sw-katarzynie-laboure\/\" \/>\n<meta property=\"og:locale\" content=\"pl_PL\" \/>\n<meta property=\"og:type\" content=\"article\" \/>\n<meta property=\"og:title\" content=\"Pielgrzymka z Maryj\u0105: 190. rocznica Objawie\u0144 Naj\u015bwi\u0119tszej Marii Panny \u015bw. Katarzynie Labour\u00e9 - Filles de la Charit\u00e9\" \/>\n<meta property=\"og:description\" content=\"Z okazji 190. rocznicy Objawie\u0144 Naj\u015bwi\u0119tszej Maryi Panny \u015bw. Katarzynie Labour\u00e9, Ojciec \u015awi\u0119ty 11 listopada w Watykanie, w obecno\u015bci Prze\u0142o\u017conego Generalnego Zgromadzenia Misji, O. Toma\u017ea Mavri\u010d CM, i niewielkiej delegacji odpowiedzialnej za organizacj\u0119 pielgrzymek maryjnych do r\u00f3\u017cnych wsp\u00f3lnot we W\u0142oszech, po\u015bwi\u0119ci\u0142 statu\u0119 Matki Bo\u017cej Niepokalanej od Cudownego Medalika. Po\u015br\u00f3d trudnej sytuacji, w jakiej znalaz\u0142 si\u0119 [&hellip;]\" \/>\n<meta property=\"og:url\" content=\"https:\/\/filles-de-la-charite.org\/pl\/pielgrzymka-z-maryja-190-rocznica-objawien-najswietszej-marii-panny-sw-katarzynie-laboure\/\" \/>\n<meta property=\"og:site_name\" content=\"Filles de la Charit\u00e9\" \/>\n<meta property=\"article:published_time\" content=\"2020-12-01T09:30:43+00:00\" \/>\n<meta property=\"article:modified_time\" content=\"2024-03-17T17:23:05+00:00\" \/>\n<meta property=\"og:image\" content=\"https:\/\/filles-de-la-charite.org\/wp-content\/uploads\/2023\/06\/1-1024x683.png\" \/>\n\t<meta property=\"og:image:width\" content=\"1024\" \/>\n\t<meta property=\"og:image:height\" content=\"683\" \/>\n\t<meta property=\"og:image:type\" content=\"image\/png\" \/>\n<meta name=\"author\" content=\"admin\" \/>\n<meta name=\"twitter:card\" content=\"summary_large_image\" \/>\n<meta name=\"twitter:label1\" content=\"Napisane przez\" \/>\n\t<meta name=\"twitter:data1\" content=\"admin\" \/>\n\t<meta name=\"twitter:label2\" content=\"Szacowany czas czytania\" \/>\n\t<meta name=\"twitter:data2\" content=\"2 minuty\" \/>\n<script type=\"application\/ld+json\" class=\"yoast-schema-graph\">{\"@context\":\"https:\\\/\\\/schema.org\",\"@graph\":[{\"@type\":\"Article\",\"@id\":\"https:\\\/\\\/filles-de-la-charite.org\\\/pl\\\/pielgrzymka-z-maryja-190-rocznica-objawien-najswietszej-marii-panny-sw-katarzynie-laboure\\\/#article\",\"isPartOf\":{\"@id\":\"https:\\\/\\\/filles-de-la-charite.org\\\/pl\\\/pielgrzymka-z-maryja-190-rocznica-objawien-najswietszej-marii-panny-sw-katarzynie-laboure\\\/\"},\"author\":{\"name\":\"admin\",\"@id\":\"https:\\\/\\\/filles-de-la-charite.org\\\/pl\\\/#\\\/schema\\\/person\\\/427567b2eccfc2dd7d206da186a1f438\"},\"headline\":\"Pielgrzymka z Maryj\u0105: 190. rocznica Objawie\u0144 Naj\u015bwi\u0119tszej Marii Panny \u015bw. Katarzynie Labour\u00e9\",\"datePublished\":\"2020-12-01T09:30:43+00:00\",\"dateModified\":\"2024-03-17T17:23:05+00:00\",\"mainEntityOfPage\":{\"@id\":\"https:\\\/\\\/filles-de-la-charite.org\\\/pl\\\/pielgrzymka-z-maryja-190-rocznica-objawien-najswietszej-marii-panny-sw-katarzynie-laboure\\\/\"},\"wordCount\":475,\"publisher\":{\"@id\":\"https:\\\/\\\/filles-de-la-charite.org\\\/pl\\\/#organization\"},\"image\":{\"@id\":\"https:\\\/\\\/filles-de-la-charite.org\\\/pl\\\/pielgrzymka-z-maryja-190-rocznica-objawien-najswietszej-marii-panny-sw-katarzynie-laboure\\\/#primaryimage\"},\"thumbnailUrl\":\"https:\\\/\\\/filles-de-la-charite.org\\\/wp-content\\\/uploads\\\/2023\\\/06\\\/1.png\",\"articleSection\":[\"San Vincenzo &#8211; Italia\"],\"inLanguage\":\"pl-PL\"},{\"@type\":\"WebPage\",\"@id\":\"https:\\\/\\\/filles-de-la-charite.org\\\/pl\\\/pielgrzymka-z-maryja-190-rocznica-objawien-najswietszej-marii-panny-sw-katarzynie-laboure\\\/\",\"url\":\"https:\\\/\\\/filles-de-la-charite.org\\\/pl\\\/pielgrzymka-z-maryja-190-rocznica-objawien-najswietszej-marii-panny-sw-katarzynie-laboure\\\/\",\"name\":\"Pielgrzymka z Maryj\u0105: 190. rocznica Objawie\u0144 Naj\u015bwi\u0119tszej Marii Panny \u015bw. Katarzynie Labour\u00e9 - Filles de la Charit\u00e9\",\"isPartOf\":{\"@id\":\"https:\\\/\\\/filles-de-la-charite.org\\\/pl\\\/#website\"},\"primaryImageOfPage\":{\"@id\":\"https:\\\/\\\/filles-de-la-charite.org\\\/pl\\\/pielgrzymka-z-maryja-190-rocznica-objawien-najswietszej-marii-panny-sw-katarzynie-laboure\\\/#primaryimage\"},\"image\":{\"@id\":\"https:\\\/\\\/filles-de-la-charite.org\\\/pl\\\/pielgrzymka-z-maryja-190-rocznica-objawien-najswietszej-marii-panny-sw-katarzynie-laboure\\\/#primaryimage\"},\"thumbnailUrl\":\"https:\\\/\\\/filles-de-la-charite.org\\\/wp-content\\\/uploads\\\/2023\\\/06\\\/1.png\",\"datePublished\":\"2020-12-01T09:30:43+00:00\",\"dateModified\":\"2024-03-17T17:23:05+00:00\",\"breadcrumb\":{\"@id\":\"https:\\\/\\\/filles-de-la-charite.org\\\/pl\\\/pielgrzymka-z-maryja-190-rocznica-objawien-najswietszej-marii-panny-sw-katarzynie-laboure\\\/#breadcrumb\"},\"inLanguage\":\"pl-PL\",\"potentialAction\":[{\"@type\":\"ReadAction\",\"target\":[\"https:\\\/\\\/filles-de-la-charite.org\\\/pl\\\/pielgrzymka-z-maryja-190-rocznica-objawien-najswietszej-marii-panny-sw-katarzynie-laboure\\\/\"]}]},{\"@type\":\"ImageObject\",\"inLanguage\":\"pl-PL\",\"@id\":\"https:\\\/\\\/filles-de-la-charite.org\\\/pl\\\/pielgrzymka-z-maryja-190-rocznica-objawien-najswietszej-marii-panny-sw-katarzynie-laboure\\\/#primaryimage\",\"url\":\"https:\\\/\\\/filles-de-la-charite.org\\\/wp-content\\\/uploads\\\/2023\\\/06\\\/1.png\",\"contentUrl\":\"https:\\\/\\\/filles-de-la-charite.org\\\/wp-content\\\/uploads\\\/2023\\\/06\\\/1.png\",\"width\":1771,\"height\":1181},{\"@type\":\"BreadcrumbList\",\"@id\":\"https:\\\/\\\/filles-de-la-charite.org\\\/pl\\\/pielgrzymka-z-maryja-190-rocznica-objawien-najswietszej-marii-panny-sw-katarzynie-laboure\\\/#breadcrumb\",\"itemListElement\":[{\"@type\":\"ListItem\",\"position\":1,\"name\":\"San Vincenzo &#8211; Italia\",\"item\":\"https:\\\/\\\/filles-de-la-charite.org\\\/pl\\\/category\\\/san-vincenzo-italia-pl\\\/\"},{\"@type\":\"ListItem\",\"position\":2,\"name\":\"Pielgrzymka z Maryj\u0105: 190. rocznica Objawie\u0144 Naj\u015bwi\u0119tszej Marii Panny \u015bw. Katarzynie Labour\u00e9\"}]},{\"@type\":\"WebSite\",\"@id\":\"https:\\\/\\\/filles-de-la-charite.org\\\/pl\\\/#website\",\"url\":\"https:\\\/\\\/filles-de-la-charite.org\\\/pl\\\/\",\"name\":\"Hijas de la Caridad\",\"description\":\"L\u2019amour de J\u00e9sus nous presse \u00e0 prendre soin des personnes les plus d\u00e9munies\",\"publisher\":{\"@id\":\"https:\\\/\\\/filles-de-la-charite.org\\\/pl\\\/#organization\"},\"potentialAction\":[{\"@type\":\"SearchAction\",\"target\":{\"@type\":\"EntryPoint\",\"urlTemplate\":\"https:\\\/\\\/filles-de-la-charite.org\\\/pl\\\/?s={search_term_string}\"},\"query-input\":{\"@type\":\"PropertyValueSpecification\",\"valueRequired\":true,\"valueName\":\"search_term_string\"}}],\"inLanguage\":\"pl-PL\"},{\"@type\":\"Organization\",\"@id\":\"https:\\\/\\\/filles-de-la-charite.org\\\/pl\\\/#organization\",\"name\":\"Hijas de la Caridad\",\"url\":\"https:\\\/\\\/filles-de-la-charite.org\\\/pl\\\/\",\"logo\":{\"@type\":\"ImageObject\",\"inLanguage\":\"pl-PL\",\"@id\":\"https:\\\/\\\/filles-de-la-charite.org\\\/pl\\\/#\\\/schema\\\/logo\\\/image\\\/\",\"url\":\"https:\\\/\\\/filles-de-la-charite.org\\\/wp-content\\\/uploads\\\/2023\\\/03\\\/isotipo-Hijas-de-la-Caridad.png\",\"contentUrl\":\"https:\\\/\\\/filles-de-la-charite.org\\\/wp-content\\\/uploads\\\/2023\\\/03\\\/isotipo-Hijas-de-la-Caridad.png\",\"width\":1417,\"height\":1417,\"caption\":\"Hijas de la Caridad\"},\"image\":{\"@id\":\"https:\\\/\\\/filles-de-la-charite.org\\\/pl\\\/#\\\/schema\\\/logo\\\/image\\\/\"}},{\"@type\":\"Person\",\"@id\":\"https:\\\/\\\/filles-de-la-charite.org\\\/pl\\\/#\\\/schema\\\/person\\\/427567b2eccfc2dd7d206da186a1f438\",\"name\":\"admin\",\"image\":{\"@type\":\"ImageObject\",\"inLanguage\":\"pl-PL\",\"@id\":\"https:\\\/\\\/secure.gravatar.com\\\/avatar\\\/948b492cce32b586ac2db0eaa926ee87024f7afe218d73b397ea5ddfc5f43ea1?s=96&d=mm&r=g\",\"url\":\"https:\\\/\\\/secure.gravatar.com\\\/avatar\\\/948b492cce32b586ac2db0eaa926ee87024f7afe218d73b397ea5ddfc5f43ea1?s=96&d=mm&r=g\",\"contentUrl\":\"https:\\\/\\\/secure.gravatar.com\\\/avatar\\\/948b492cce32b586ac2db0eaa926ee87024f7afe218d73b397ea5ddfc5f43ea1?s=96&d=mm&r=g\",\"caption\":\"admin\"},\"sameAs\":[\"https:\\\/\\\/filles-de-la-charite.org\"],\"url\":\"https:\\\/\\\/filles-de-la-charite.org\\\/pl\\\/author\\\/caridad\\\/\"}]}<\/script>\n<!-- \/ Yoast SEO plugin. -->","yoast_head_json":{"title":"Pielgrzymka z Maryj\u0105: 190. rocznica Objawie\u0144 Naj\u015bwi\u0119tszej Marii Panny \u015bw. Katarzynie Labour\u00e9 - Filles de la Charit\u00e9","robots":{"index":"index","follow":"follow","max-snippet":"max-snippet:-1","max-image-preview":"max-image-preview:large","max-video-preview":"max-video-preview:-1"},"canonical":"https:\/\/filles-de-la-charite.org\/pl\/pielgrzymka-z-maryja-190-rocznica-objawien-najswietszej-marii-panny-sw-katarzynie-laboure\/","og_locale":"pl_PL","og_type":"article","og_title":"Pielgrzymka z Maryj\u0105: 190. rocznica Objawie\u0144 Naj\u015bwi\u0119tszej Marii Panny \u015bw. Katarzynie Labour\u00e9 - Filles de la Charit\u00e9","og_description":"Z okazji 190. rocznicy Objawie\u0144 Naj\u015bwi\u0119tszej Maryi Panny \u015bw. Katarzynie Labour\u00e9, Ojciec \u015awi\u0119ty 11 listopada w Watykanie, w obecno\u015bci Prze\u0142o\u017conego Generalnego Zgromadzenia Misji, O. Toma\u017ea Mavri\u010d CM, i niewielkiej delegacji odpowiedzialnej za organizacj\u0119 pielgrzymek maryjnych do r\u00f3\u017cnych wsp\u00f3lnot we W\u0142oszech, po\u015bwi\u0119ci\u0142 statu\u0119 Matki Bo\u017cej Niepokalanej od Cudownego Medalika. Po\u015br\u00f3d trudnej sytuacji, w jakiej znalaz\u0142 si\u0119 [&hellip;]","og_url":"https:\/\/filles-de-la-charite.org\/pl\/pielgrzymka-z-maryja-190-rocznica-objawien-najswietszej-marii-panny-sw-katarzynie-laboure\/","og_site_name":"Filles de la Charit\u00e9","article_published_time":"2020-12-01T09:30:43+00:00","article_modified_time":"2024-03-17T17:23:05+00:00","og_image":[{"width":1024,"height":683,"url":"https:\/\/filles-de-la-charite.org\/wp-content\/uploads\/2023\/06\/1-1024x683.png","type":"image\/png"}],"author":"admin","twitter_card":"summary_large_image","twitter_misc":{"Napisane przez":"admin","Szacowany czas czytania":"2 minuty"},"schema":{"@context":"https:\/\/schema.org","@graph":[{"@type":"Article","@id":"https:\/\/filles-de-la-charite.org\/pl\/pielgrzymka-z-maryja-190-rocznica-objawien-najswietszej-marii-panny-sw-katarzynie-laboure\/#article","isPartOf":{"@id":"https:\/\/filles-de-la-charite.org\/pl\/pielgrzymka-z-maryja-190-rocznica-objawien-najswietszej-marii-panny-sw-katarzynie-laboure\/"},"author":{"name":"admin","@id":"https:\/\/filles-de-la-charite.org\/pl\/#\/schema\/person\/427567b2eccfc2dd7d206da186a1f438"},"headline":"Pielgrzymka z Maryj\u0105: 190. rocznica Objawie\u0144 Naj\u015bwi\u0119tszej Marii Panny \u015bw. Katarzynie Labour\u00e9","datePublished":"2020-12-01T09:30:43+00:00","dateModified":"2024-03-17T17:23:05+00:00","mainEntityOfPage":{"@id":"https:\/\/filles-de-la-charite.org\/pl\/pielgrzymka-z-maryja-190-rocznica-objawien-najswietszej-marii-panny-sw-katarzynie-laboure\/"},"wordCount":475,"publisher":{"@id":"https:\/\/filles-de-la-charite.org\/pl\/#organization"},"image":{"@id":"https:\/\/filles-de-la-charite.org\/pl\/pielgrzymka-z-maryja-190-rocznica-objawien-najswietszej-marii-panny-sw-katarzynie-laboure\/#primaryimage"},"thumbnailUrl":"https:\/\/filles-de-la-charite.org\/wp-content\/uploads\/2023\/06\/1.png","articleSection":["San Vincenzo &#8211; Italia"],"inLanguage":"pl-PL"},{"@type":"WebPage","@id":"https:\/\/filles-de-la-charite.org\/pl\/pielgrzymka-z-maryja-190-rocznica-objawien-najswietszej-marii-panny-sw-katarzynie-laboure\/","url":"https:\/\/filles-de-la-charite.org\/pl\/pielgrzymka-z-maryja-190-rocznica-objawien-najswietszej-marii-panny-sw-katarzynie-laboure\/","name":"Pielgrzymka z Maryj\u0105: 190. rocznica Objawie\u0144 Naj\u015bwi\u0119tszej Marii Panny \u015bw. Katarzynie Labour\u00e9 - Filles de la Charit\u00e9","isPartOf":{"@id":"https:\/\/filles-de-la-charite.org\/pl\/#website"},"primaryImageOfPage":{"@id":"https:\/\/filles-de-la-charite.org\/pl\/pielgrzymka-z-maryja-190-rocznica-objawien-najswietszej-marii-panny-sw-katarzynie-laboure\/#primaryimage"},"image":{"@id":"https:\/\/filles-de-la-charite.org\/pl\/pielgrzymka-z-maryja-190-rocznica-objawien-najswietszej-marii-panny-sw-katarzynie-laboure\/#primaryimage"},"thumbnailUrl":"https:\/\/filles-de-la-charite.org\/wp-content\/uploads\/2023\/06\/1.png","datePublished":"2020-12-01T09:30:43+00:00","dateModified":"2024-03-17T17:23:05+00:00","breadcrumb":{"@id":"https:\/\/filles-de-la-charite.org\/pl\/pielgrzymka-z-maryja-190-rocznica-objawien-najswietszej-marii-panny-sw-katarzynie-laboure\/#breadcrumb"},"inLanguage":"pl-PL","potentialAction":[{"@type":"ReadAction","target":["https:\/\/filles-de-la-charite.org\/pl\/pielgrzymka-z-maryja-190-rocznica-objawien-najswietszej-marii-panny-sw-katarzynie-laboure\/"]}]},{"@type":"ImageObject","inLanguage":"pl-PL","@id":"https:\/\/filles-de-la-charite.org\/pl\/pielgrzymka-z-maryja-190-rocznica-objawien-najswietszej-marii-panny-sw-katarzynie-laboure\/#primaryimage","url":"https:\/\/filles-de-la-charite.org\/wp-content\/uploads\/2023\/06\/1.png","contentUrl":"https:\/\/filles-de-la-charite.org\/wp-content\/uploads\/2023\/06\/1.png","width":1771,"height":1181},{"@type":"BreadcrumbList","@id":"https:\/\/filles-de-la-charite.org\/pl\/pielgrzymka-z-maryja-190-rocznica-objawien-najswietszej-marii-panny-sw-katarzynie-laboure\/#breadcrumb","itemListElement":[{"@type":"ListItem","position":1,"name":"San Vincenzo &#8211; Italia","item":"https:\/\/filles-de-la-charite.org\/pl\/category\/san-vincenzo-italia-pl\/"},{"@type":"ListItem","position":2,"name":"Pielgrzymka z Maryj\u0105: 190. rocznica Objawie\u0144 Naj\u015bwi\u0119tszej Marii Panny \u015bw. Katarzynie Labour\u00e9"}]},{"@type":"WebSite","@id":"https:\/\/filles-de-la-charite.org\/pl\/#website","url":"https:\/\/filles-de-la-charite.org\/pl\/","name":"Hijas de la Caridad","description":"L\u2019amour de J\u00e9sus nous presse \u00e0 prendre soin des personnes les plus d\u00e9munies","publisher":{"@id":"https:\/\/filles-de-la-charite.org\/pl\/#organization"},"potentialAction":[{"@type":"SearchAction","target":{"@type":"EntryPoint","urlTemplate":"https:\/\/filles-de-la-charite.org\/pl\/?s={search_term_string}"},"query-input":{"@type":"PropertyValueSpecification","valueRequired":true,"valueName":"search_term_string"}}],"inLanguage":"pl-PL"},{"@type":"Organization","@id":"https:\/\/filles-de-la-charite.org\/pl\/#organization","name":"Hijas de la Caridad","url":"https:\/\/filles-de-la-charite.org\/pl\/","logo":{"@type":"ImageObject","inLanguage":"pl-PL","@id":"https:\/\/filles-de-la-charite.org\/pl\/#\/schema\/logo\/image\/","url":"https:\/\/filles-de-la-charite.org\/wp-content\/uploads\/2023\/03\/isotipo-Hijas-de-la-Caridad.png","contentUrl":"https:\/\/filles-de-la-charite.org\/wp-content\/uploads\/2023\/03\/isotipo-Hijas-de-la-Caridad.png","width":1417,"height":1417,"caption":"Hijas de la Caridad"},"image":{"@id":"https:\/\/filles-de-la-charite.org\/pl\/#\/schema\/logo\/image\/"}},{"@type":"Person","@id":"https:\/\/filles-de-la-charite.org\/pl\/#\/schema\/person\/427567b2eccfc2dd7d206da186a1f438","name":"admin","image":{"@type":"ImageObject","inLanguage":"pl-PL","@id":"https:\/\/secure.gravatar.com\/avatar\/948b492cce32b586ac2db0eaa926ee87024f7afe218d73b397ea5ddfc5f43ea1?s=96&d=mm&r=g","url":"https:\/\/secure.gravatar.com\/avatar\/948b492cce32b586ac2db0eaa926ee87024f7afe218d73b397ea5ddfc5f43ea1?s=96&d=mm&r=g","contentUrl":"https:\/\/secure.gravatar.com\/avatar\/948b492cce32b586ac2db0eaa926ee87024f7afe218d73b397ea5ddfc5f43ea1?s=96&d=mm&r=g","caption":"admin"},"sameAs":["https:\/\/filles-de-la-charite.org"],"url":"https:\/\/filles-de-la-charite.org\/pl\/author\/caridad\/"}]}},"_links":{"self":[{"href":"https:\/\/filles-de-la-charite.org\/pl\/wp-json\/wp\/v2\/posts\/24234","targetHints":{"allow":["GET"]}}],"collection":[{"href":"https:\/\/filles-de-la-charite.org\/pl\/wp-json\/wp\/v2\/posts"}],"about":[{"href":"https:\/\/filles-de-la-charite.org\/pl\/wp-json\/wp\/v2\/types\/post"}],"author":[{"embeddable":true,"href":"https:\/\/filles-de-la-charite.org\/pl\/wp-json\/wp\/v2\/users\/1"}],"replies":[{"embeddable":true,"href":"https:\/\/filles-de-la-charite.org\/pl\/wp-json\/wp\/v2\/comments?post=24234"}],"version-history":[{"count":1,"href":"https:\/\/filles-de-la-charite.org\/pl\/wp-json\/wp\/v2\/posts\/24234\/revisions"}],"predecessor-version":[{"id":24268,"href":"https:\/\/filles-de-la-charite.org\/pl\/wp-json\/wp\/v2\/posts\/24234\/revisions\/24268"}],"wp:featuredmedia":[{"embeddable":true,"href":"https:\/\/filles-de-la-charite.org\/pl\/wp-json\/wp\/v2\/media\/15236"}],"wp:attachment":[{"href":"https:\/\/filles-de-la-charite.org\/pl\/wp-json\/wp\/v2\/media?parent=24234"}],"wp:term":[{"taxonomy":"category","embeddable":true,"href":"https:\/\/filles-de-la-charite.org\/pl\/wp-json\/wp\/v2\/categories?post=24234"},{"taxonomy":"post_tag","embeddable":true,"href":"https:\/\/filles-de-la-charite.org\/pl\/wp-json\/wp\/v2\/tags?post=24234"}],"curies":[{"name":"wp","href":"https:\/\/api.w.org\/{rel}","templated":true}]}}