{"id":24293,"date":"2020-12-17T13:28:21","date_gmt":"2020-12-17T12:28:21","guid":{"rendered":"https:\/\/hijascaridad.sjdigitaldemo.ovh\/diouroup-senegal-historia-nowej-misji\/"},"modified":"2024-03-17T17:55:27","modified_gmt":"2024-03-17T16:55:27","slug":"diouroup-senegal-historia-nowej-misji","status":"publish","type":"post","link":"https:\/\/filles-de-la-charite.org\/pl\/diouroup-senegal-historia-nowej-misji\/","title":{"rendered":"Dioroup, Senegal: historia nowej misji"},"content":{"rendered":"\n<figure class=\"wp-block-image alignwide size-large\"><img decoding=\"async\" src=\"https:\/\/filles-de-la-charite.org\/wp-content\/uploads\/2023\/06\/2-11-1-1024x768.jpg\" alt=\"\" class=\"wp-image-59998\" \/><\/figure>\n\n\n\n<p>Mniej wi\u0119cej w 387. rocznic\u0119 powstania Zgromadzenia Si\u00f3str Mi\u0142osierdzia, wsp\u00f3lnota pi\u0119ciu Si\u00f3str z czterech narodowo\u015bci z Nouakchott, Mauretania, wyrazi\u0142a pragnienie wielu innych, kt\u00f3rzy chcieli p\u00f3j\u015b\u0107 troch\u0119 dalej w swoim spotkaniu z Chrystusem w ubogich. Opatrzno\u015b\u0107 Bo\u017ca towarzyszy\u0142a tej \u015bcie\u017cce i sprawi\u0142a, \u017ce \u200b\u200bdzi\u015b to miejsce ma swoj\u0105 lokalizacj\u0119: Diouroup w Senegalu.<\/p>\n\n\n\n<p>Przez ponad rok Prowincja Espa\u00f1a-Sur prowadzi\u0142a proces rozeznania, na zako\u0144czenie kt\u00f3rego Rada Generalna zatwierdzi\u0142a i przyj\u0119\u0142a z rado\u015bci\u0105 i nadziej\u0105 t\u0119 now\u0105 misj\u0119.<\/p>\n\n\n\n<div class=\"wp-block-image\"><figure class=\"aligncenter size-large\"><img decoding=\"async\" src=\"https:\/\/filles-de-la-charite.org\/wp-content\/uploads\/2023\/06\/3-3-1.jpg\" alt=\"\" class=\"wp-image-59999\" \/><\/figure><\/div>\n\n\n\n<p>Senegal to \u015bwieckie pa\u0144stwo znane ze swojej tolerancji religijnej; jego populacja sk\u0142ada si\u0119 z 94% muzu\u0142man\u00f3w i 6% katolik\u00f3w. Ko\u015bci\u00f3\u0142 katolicki ma 7 diecezji; Diouroup nale\u017cy do diecezji w Dakarze, mie\u015bcie, w kt\u00f3rym nie ma \u017cadnej wsp\u00f3lnoty religijnej.<\/p>\n\n\n\n<p>Papie\u017c Franciszek w swoim przes\u0142aniu DOMUND 2020 (\u015awiatow\u0105 Niedziel\u0119 Misyjn\u0105) powiedzia\u0142: \u201eW misji g\u0142oszenia Ewangelii wyruszasz, poniewa\u017c Duch ci\u0119 pobudza i niesie\u201d. Dnia 6 grudnia Wsp\u00f3lnota Parafialna z rado\u015bci\u0105 i nadziej\u0105 przyj\u0119\u0142a trzy Siostry Mi\u0142osierdzia, wierz\u0105c, \u017ce zosta\u0142y pos\u0142ane przez Boga, \u017ce Duch \u015awi\u0119ty przyprowadzi\u0142 je do Diouroup. Za ich po\u015brednictwem ca\u0142e Zgromadzenie Si\u00f3str Mi\u0142osierdzia jest obecne w tym mie\u015bcie, a obecno\u015b\u0107 Ko\u015bcio\u0142a katolickiego wzbogaca si\u0119 o nowy charyzmat.<\/p>\n\n\n\n<div class=\"wp-block-image\"><figure class=\"aligncenter size-large\"><img decoding=\"async\" src=\"https:\/\/filles-de-la-charite.org\/wp-content\/uploads\/2023\/06\/7-2-1.jpg\" alt=\"\" class=\"wp-image-60000\" \/><\/figure><\/div>\n\n\n\n<p>Nale\u017cy zwr\u00f3ci\u0107 uwag\u0119 na wa\u017cny szczeg\u00f3\u0142: wizerunek i nabo\u017ce\u0144stwo do Matki Bo\u017cej od Cudownego Medalika istnia\u0142o w tym miejscu przed przybyciem Si\u00f3str! Jasne jest zatem, Kto b\u0119dzie czuwa\u0142 nad t\u0105 Wsp\u00f3lnot\u0105 i jej misj\u0105.<\/p>\n\n\n\n<p>Dzi\u0119kujemy Bogu za Jego natchnienie, o\u015bwiecenie i opiek\u0119, a Naj\u015bwi\u0119tszej Dziewicy za jej wstawiennictwo.<\/p>\n\n\n\n<figure class=\"wp-block-gallery aligncenter columns-3 is-cropped wp-block-gallery-1 is-layout-flex wp-block-gallery-is-layout-flex\"><ul class=\"blocks-gallery-grid\"><li class=\"blocks-gallery-item\"><figure><img decoding=\"async\" src=\"https:\/\/filles-de-la-charite.org\/wp-content\/uploads\/2023\/06\/8-3-1.jpg\" alt=\"\" data-id=\"60001\" data-full-url=\"https:\/\/filles-de-la-charite.org\/wp-content\/uploads\/2023\/06\/8-3-1.jpg\" data-link=\"https:\/\/www.filles-de-la-charite.org\/?attachment_id=60001\" class=\"wp-image-60001\" \/><\/figure><\/li><li class=\"blocks-gallery-item\"><figure><img decoding=\"async\" src=\"https:\/\/filles-de-la-charite.org\/wp-content\/uploads\/2023\/06\/6-3-1.jpg\" alt=\"\" data-id=\"60004\" data-full-url=\"https:\/\/filles-de-la-charite.org\/wp-content\/uploads\/2023\/06\/6-3-1.jpg\" data-link=\"https:\/\/www.filles-de-la-charite.org\/?attachment_id=60004\" class=\"wp-image-60004\" \/><\/figure><\/li><li class=\"blocks-gallery-item\"><figure><img decoding=\"async\" src=\"https:\/\/filles-de-la-charite.org\/wp-content\/uploads\/2023\/06\/5-12-1-768x1024.jpg\" alt=\"\" data-id=\"60003\" data-full-url=\"https:\/\/filles-de-la-charite.org\/wp-content\/uploads\/2023\/06\/5-12-1.jpg\" data-link=\"https:\/\/www.filles-de-la-charite.org\/?attachment_id=60003\" class=\"wp-image-60003\" \/><\/figure><\/li><li class=\"blocks-gallery-item\"><figure><img decoding=\"async\" src=\"https:\/\/filles-de-la-charite.org\/wp-content\/uploads\/2023\/06\/4-10-1-1024x576.jpg\" alt=\"\" data-id=\"60002\" data-full-url=\"https:\/\/filles-de-la-charite.org\/wp-content\/uploads\/2023\/06\/4-10-1.jpg\" data-link=\"https:\/\/www.filles-de-la-charite.org\/?attachment_id=60002\" class=\"wp-image-60002\" \/><\/figure><\/li><\/ul><\/figure>\n","protected":false},"excerpt":{"rendered":"<p>Mniej wi\u0119cej w 387. rocznic\u0119 powstania Zgromadzenia Si\u00f3str Mi\u0142osierdzia, wsp\u00f3lnota pi\u0119ciu Si\u00f3str z czterech narodowo\u015bci z Nouakchott, Mauretania, wyrazi\u0142a pragnienie wielu innych, kt\u00f3rzy chcieli p\u00f3j\u015b\u0107 troch\u0119 dalej w swoim spotkaniu z Chrystusem w ubogich. Opatrzno\u015b\u0107 Bo\u017ca towarzyszy\u0142a tej \u015bcie\u017cce i sprawi\u0142a, \u017ce \u200b\u200bdzi\u015b to miejsce ma swoj\u0105 lokalizacj\u0119: Diouroup w Senegalu. Przez ponad rok Prowincja [&hellip;]<\/p>\n","protected":false},"author":1,"featured_media":15311,"comment_status":"closed","ping_status":"closed","sticky":false,"template":"","format":"standard","meta":{"_acf_changed":false,"_et_pb_use_builder":"","_et_pb_old_content":"","_et_gb_content_width":"","footnotes":"","_links_to":"","_links_to_target":""},"categories":[806],"tags":[],"class_list":["post-24293","post","type-post","status-publish","format-standard","has-post-thumbnail","hentry","category-espana-sur-pl"],"acf":[],"yoast_head":"<!-- This site is optimized with the Yoast SEO plugin v27.5 - https:\/\/yoast.com\/product\/yoast-seo-wordpress\/ -->\n<title>Dioroup, Senegal: historia nowej misji - Filles de la Charit\u00e9<\/title>\n<meta name=\"robots\" content=\"index, follow, max-snippet:-1, max-image-preview:large, max-video-preview:-1\" \/>\n<link rel=\"canonical\" href=\"https:\/\/filles-de-la-charite.org\/pl\/diouroup-senegal-historia-nowej-misji\/\" \/>\n<meta property=\"og:locale\" content=\"pl_PL\" \/>\n<meta property=\"og:type\" content=\"article\" \/>\n<meta property=\"og:title\" content=\"Dioroup, Senegal: historia nowej misji - Filles de la Charit\u00e9\" \/>\n<meta property=\"og:description\" content=\"Mniej wi\u0119cej w 387. rocznic\u0119 powstania Zgromadzenia Si\u00f3str Mi\u0142osierdzia, wsp\u00f3lnota pi\u0119ciu Si\u00f3str z czterech narodowo\u015bci z Nouakchott, Mauretania, wyrazi\u0142a pragnienie wielu innych, kt\u00f3rzy chcieli p\u00f3j\u015b\u0107 troch\u0119 dalej w swoim spotkaniu z Chrystusem w ubogich. Opatrzno\u015b\u0107 Bo\u017ca towarzyszy\u0142a tej \u015bcie\u017cce i sprawi\u0142a, \u017ce \u200b\u200bdzi\u015b to miejsce ma swoj\u0105 lokalizacj\u0119: Diouroup w Senegalu. Przez ponad rok Prowincja [&hellip;]\" \/>\n<meta property=\"og:url\" content=\"https:\/\/filles-de-la-charite.org\/pl\/diouroup-senegal-historia-nowej-misji\/\" \/>\n<meta property=\"og:site_name\" content=\"Filles de la Charit\u00e9\" \/>\n<meta property=\"article:published_time\" content=\"2020-12-17T12:28:21+00:00\" \/>\n<meta property=\"article:modified_time\" content=\"2024-03-17T16:55:27+00:00\" \/>\n<meta property=\"og:image\" content=\"https:\/\/filles-de-la-charite.org\/wp-content\/uploads\/2023\/06\/1-1.jpg\" \/>\n\t<meta property=\"og:image:width\" content=\"810\" \/>\n\t<meta property=\"og:image:height\" content=\"1080\" \/>\n\t<meta property=\"og:image:type\" content=\"image\/jpeg\" \/>\n<meta name=\"author\" content=\"admin\" \/>\n<meta name=\"twitter:card\" content=\"summary_large_image\" \/>\n<meta name=\"twitter:label1\" content=\"Napisane przez\" \/>\n\t<meta name=\"twitter:data1\" content=\"admin\" \/>\n\t<meta name=\"twitter:label2\" content=\"Szacowany czas czytania\" \/>\n\t<meta name=\"twitter:data2\" content=\"1 minuta\" \/>\n<script type=\"application\/ld+json\" class=\"yoast-schema-graph\">{\"@context\":\"https:\\\/\\\/schema.org\",\"@graph\":[{\"@type\":\"Article\",\"@id\":\"https:\\\/\\\/filles-de-la-charite.org\\\/pl\\\/diouroup-senegal-historia-nowej-misji\\\/#article\",\"isPartOf\":{\"@id\":\"https:\\\/\\\/filles-de-la-charite.org\\\/pl\\\/diouroup-senegal-historia-nowej-misji\\\/\"},\"author\":{\"name\":\"admin\",\"@id\":\"https:\\\/\\\/filles-de-la-charite.org\\\/pl\\\/#\\\/schema\\\/person\\\/427567b2eccfc2dd7d206da186a1f438\"},\"headline\":\"Dioroup, Senegal: historia nowej misji\",\"datePublished\":\"2020-12-17T12:28:21+00:00\",\"dateModified\":\"2024-03-17T16:55:27+00:00\",\"mainEntityOfPage\":{\"@id\":\"https:\\\/\\\/filles-de-la-charite.org\\\/pl\\\/diouroup-senegal-historia-nowej-misji\\\/\"},\"wordCount\":290,\"publisher\":{\"@id\":\"https:\\\/\\\/filles-de-la-charite.org\\\/pl\\\/#organization\"},\"image\":{\"@id\":\"https:\\\/\\\/filles-de-la-charite.org\\\/pl\\\/diouroup-senegal-historia-nowej-misji\\\/#primaryimage\"},\"thumbnailUrl\":\"https:\\\/\\\/filles-de-la-charite.org\\\/wp-content\\\/uploads\\\/2023\\\/06\\\/1-1.jpg\",\"articleSection\":[\"Espa\u00f1a-Sur\"],\"inLanguage\":\"pl-PL\"},{\"@type\":\"WebPage\",\"@id\":\"https:\\\/\\\/filles-de-la-charite.org\\\/pl\\\/diouroup-senegal-historia-nowej-misji\\\/\",\"url\":\"https:\\\/\\\/filles-de-la-charite.org\\\/pl\\\/diouroup-senegal-historia-nowej-misji\\\/\",\"name\":\"Dioroup, Senegal: historia nowej misji - Filles de la Charit\u00e9\",\"isPartOf\":{\"@id\":\"https:\\\/\\\/filles-de-la-charite.org\\\/pl\\\/#website\"},\"primaryImageOfPage\":{\"@id\":\"https:\\\/\\\/filles-de-la-charite.org\\\/pl\\\/diouroup-senegal-historia-nowej-misji\\\/#primaryimage\"},\"image\":{\"@id\":\"https:\\\/\\\/filles-de-la-charite.org\\\/pl\\\/diouroup-senegal-historia-nowej-misji\\\/#primaryimage\"},\"thumbnailUrl\":\"https:\\\/\\\/filles-de-la-charite.org\\\/wp-content\\\/uploads\\\/2023\\\/06\\\/1-1.jpg\",\"datePublished\":\"2020-12-17T12:28:21+00:00\",\"dateModified\":\"2024-03-17T16:55:27+00:00\",\"breadcrumb\":{\"@id\":\"https:\\\/\\\/filles-de-la-charite.org\\\/pl\\\/diouroup-senegal-historia-nowej-misji\\\/#breadcrumb\"},\"inLanguage\":\"pl-PL\",\"potentialAction\":[{\"@type\":\"ReadAction\",\"target\":[\"https:\\\/\\\/filles-de-la-charite.org\\\/pl\\\/diouroup-senegal-historia-nowej-misji\\\/\"]}]},{\"@type\":\"ImageObject\",\"inLanguage\":\"pl-PL\",\"@id\":\"https:\\\/\\\/filles-de-la-charite.org\\\/pl\\\/diouroup-senegal-historia-nowej-misji\\\/#primaryimage\",\"url\":\"https:\\\/\\\/filles-de-la-charite.org\\\/wp-content\\\/uploads\\\/2023\\\/06\\\/1-1.jpg\",\"contentUrl\":\"https:\\\/\\\/filles-de-la-charite.org\\\/wp-content\\\/uploads\\\/2023\\\/06\\\/1-1.jpg\",\"width\":810,\"height\":1080},{\"@type\":\"BreadcrumbList\",\"@id\":\"https:\\\/\\\/filles-de-la-charite.org\\\/pl\\\/diouroup-senegal-historia-nowej-misji\\\/#breadcrumb\",\"itemListElement\":[{\"@type\":\"ListItem\",\"position\":1,\"name\":\"Rio de Janeiro - Brazylia\",\"item\":\"https:\\\/\\\/filles-de-la-charite.org\\\/pl\\\/category\\\/rio-de-janeiro-brazylia-pl\\\/\"},{\"@type\":\"ListItem\",\"position\":2,\"name\":\"Dioroup, Senegal: historia nowej misji\"}]},{\"@type\":\"WebSite\",\"@id\":\"https:\\\/\\\/filles-de-la-charite.org\\\/pl\\\/#website\",\"url\":\"https:\\\/\\\/filles-de-la-charite.org\\\/pl\\\/\",\"name\":\"Hijas de la Caridad\",\"description\":\"L\u2019amour de J\u00e9sus nous presse \u00e0 prendre soin des personnes les plus d\u00e9munies\",\"publisher\":{\"@id\":\"https:\\\/\\\/filles-de-la-charite.org\\\/pl\\\/#organization\"},\"potentialAction\":[{\"@type\":\"SearchAction\",\"target\":{\"@type\":\"EntryPoint\",\"urlTemplate\":\"https:\\\/\\\/filles-de-la-charite.org\\\/pl\\\/?s={search_term_string}\"},\"query-input\":{\"@type\":\"PropertyValueSpecification\",\"valueRequired\":true,\"valueName\":\"search_term_string\"}}],\"inLanguage\":\"pl-PL\"},{\"@type\":\"Organization\",\"@id\":\"https:\\\/\\\/filles-de-la-charite.org\\\/pl\\\/#organization\",\"name\":\"Hijas de la Caridad\",\"url\":\"https:\\\/\\\/filles-de-la-charite.org\\\/pl\\\/\",\"logo\":{\"@type\":\"ImageObject\",\"inLanguage\":\"pl-PL\",\"@id\":\"https:\\\/\\\/filles-de-la-charite.org\\\/pl\\\/#\\\/schema\\\/logo\\\/image\\\/\",\"url\":\"https:\\\/\\\/filles-de-la-charite.org\\\/wp-content\\\/uploads\\\/2023\\\/03\\\/isotipo-Hijas-de-la-Caridad.png\",\"contentUrl\":\"https:\\\/\\\/filles-de-la-charite.org\\\/wp-content\\\/uploads\\\/2023\\\/03\\\/isotipo-Hijas-de-la-Caridad.png\",\"width\":1417,\"height\":1417,\"caption\":\"Hijas de la Caridad\"},\"image\":{\"@id\":\"https:\\\/\\\/filles-de-la-charite.org\\\/pl\\\/#\\\/schema\\\/logo\\\/image\\\/\"}},{\"@type\":\"Person\",\"@id\":\"https:\\\/\\\/filles-de-la-charite.org\\\/pl\\\/#\\\/schema\\\/person\\\/427567b2eccfc2dd7d206da186a1f438\",\"name\":\"admin\",\"image\":{\"@type\":\"ImageObject\",\"inLanguage\":\"pl-PL\",\"@id\":\"https:\\\/\\\/secure.gravatar.com\\\/avatar\\\/948b492cce32b586ac2db0eaa926ee87024f7afe218d73b397ea5ddfc5f43ea1?s=96&d=mm&r=g\",\"url\":\"https:\\\/\\\/secure.gravatar.com\\\/avatar\\\/948b492cce32b586ac2db0eaa926ee87024f7afe218d73b397ea5ddfc5f43ea1?s=96&d=mm&r=g\",\"contentUrl\":\"https:\\\/\\\/secure.gravatar.com\\\/avatar\\\/948b492cce32b586ac2db0eaa926ee87024f7afe218d73b397ea5ddfc5f43ea1?s=96&d=mm&r=g\",\"caption\":\"admin\"},\"sameAs\":[\"https:\\\/\\\/filles-de-la-charite.org\"],\"url\":\"https:\\\/\\\/filles-de-la-charite.org\\\/pl\\\/author\\\/caridad\\\/\"}]}<\/script>\n<!-- \/ Yoast SEO plugin. -->","yoast_head_json":{"title":"Dioroup, Senegal: historia nowej misji - Filles de la Charit\u00e9","robots":{"index":"index","follow":"follow","max-snippet":"max-snippet:-1","max-image-preview":"max-image-preview:large","max-video-preview":"max-video-preview:-1"},"canonical":"https:\/\/filles-de-la-charite.org\/pl\/diouroup-senegal-historia-nowej-misji\/","og_locale":"pl_PL","og_type":"article","og_title":"Dioroup, Senegal: historia nowej misji - Filles de la Charit\u00e9","og_description":"Mniej wi\u0119cej w 387. rocznic\u0119 powstania Zgromadzenia Si\u00f3str Mi\u0142osierdzia, wsp\u00f3lnota pi\u0119ciu Si\u00f3str z czterech narodowo\u015bci z Nouakchott, Mauretania, wyrazi\u0142a pragnienie wielu innych, kt\u00f3rzy chcieli p\u00f3j\u015b\u0107 troch\u0119 dalej w swoim spotkaniu z Chrystusem w ubogich. Opatrzno\u015b\u0107 Bo\u017ca towarzyszy\u0142a tej \u015bcie\u017cce i sprawi\u0142a, \u017ce \u200b\u200bdzi\u015b to miejsce ma swoj\u0105 lokalizacj\u0119: Diouroup w Senegalu. Przez ponad rok Prowincja [&hellip;]","og_url":"https:\/\/filles-de-la-charite.org\/pl\/diouroup-senegal-historia-nowej-misji\/","og_site_name":"Filles de la Charit\u00e9","article_published_time":"2020-12-17T12:28:21+00:00","article_modified_time":"2024-03-17T16:55:27+00:00","og_image":[{"width":810,"height":1080,"url":"https:\/\/filles-de-la-charite.org\/wp-content\/uploads\/2023\/06\/1-1.jpg","type":"image\/jpeg"}],"author":"admin","twitter_card":"summary_large_image","twitter_misc":{"Napisane przez":"admin","Szacowany czas czytania":"1 minuta"},"schema":{"@context":"https:\/\/schema.org","@graph":[{"@type":"Article","@id":"https:\/\/filles-de-la-charite.org\/pl\/diouroup-senegal-historia-nowej-misji\/#article","isPartOf":{"@id":"https:\/\/filles-de-la-charite.org\/pl\/diouroup-senegal-historia-nowej-misji\/"},"author":{"name":"admin","@id":"https:\/\/filles-de-la-charite.org\/pl\/#\/schema\/person\/427567b2eccfc2dd7d206da186a1f438"},"headline":"Dioroup, Senegal: historia nowej misji","datePublished":"2020-12-17T12:28:21+00:00","dateModified":"2024-03-17T16:55:27+00:00","mainEntityOfPage":{"@id":"https:\/\/filles-de-la-charite.org\/pl\/diouroup-senegal-historia-nowej-misji\/"},"wordCount":290,"publisher":{"@id":"https:\/\/filles-de-la-charite.org\/pl\/#organization"},"image":{"@id":"https:\/\/filles-de-la-charite.org\/pl\/diouroup-senegal-historia-nowej-misji\/#primaryimage"},"thumbnailUrl":"https:\/\/filles-de-la-charite.org\/wp-content\/uploads\/2023\/06\/1-1.jpg","articleSection":["Espa\u00f1a-Sur"],"inLanguage":"pl-PL"},{"@type":"WebPage","@id":"https:\/\/filles-de-la-charite.org\/pl\/diouroup-senegal-historia-nowej-misji\/","url":"https:\/\/filles-de-la-charite.org\/pl\/diouroup-senegal-historia-nowej-misji\/","name":"Dioroup, Senegal: historia nowej misji - Filles de la Charit\u00e9","isPartOf":{"@id":"https:\/\/filles-de-la-charite.org\/pl\/#website"},"primaryImageOfPage":{"@id":"https:\/\/filles-de-la-charite.org\/pl\/diouroup-senegal-historia-nowej-misji\/#primaryimage"},"image":{"@id":"https:\/\/filles-de-la-charite.org\/pl\/diouroup-senegal-historia-nowej-misji\/#primaryimage"},"thumbnailUrl":"https:\/\/filles-de-la-charite.org\/wp-content\/uploads\/2023\/06\/1-1.jpg","datePublished":"2020-12-17T12:28:21+00:00","dateModified":"2024-03-17T16:55:27+00:00","breadcrumb":{"@id":"https:\/\/filles-de-la-charite.org\/pl\/diouroup-senegal-historia-nowej-misji\/#breadcrumb"},"inLanguage":"pl-PL","potentialAction":[{"@type":"ReadAction","target":["https:\/\/filles-de-la-charite.org\/pl\/diouroup-senegal-historia-nowej-misji\/"]}]},{"@type":"ImageObject","inLanguage":"pl-PL","@id":"https:\/\/filles-de-la-charite.org\/pl\/diouroup-senegal-historia-nowej-misji\/#primaryimage","url":"https:\/\/filles-de-la-charite.org\/wp-content\/uploads\/2023\/06\/1-1.jpg","contentUrl":"https:\/\/filles-de-la-charite.org\/wp-content\/uploads\/2023\/06\/1-1.jpg","width":810,"height":1080},{"@type":"BreadcrumbList","@id":"https:\/\/filles-de-la-charite.org\/pl\/diouroup-senegal-historia-nowej-misji\/#breadcrumb","itemListElement":[{"@type":"ListItem","position":1,"name":"Rio de Janeiro - Brazylia","item":"https:\/\/filles-de-la-charite.org\/pl\/category\/rio-de-janeiro-brazylia-pl\/"},{"@type":"ListItem","position":2,"name":"Dioroup, Senegal: historia nowej misji"}]},{"@type":"WebSite","@id":"https:\/\/filles-de-la-charite.org\/pl\/#website","url":"https:\/\/filles-de-la-charite.org\/pl\/","name":"Hijas de la Caridad","description":"L\u2019amour de J\u00e9sus nous presse \u00e0 prendre soin des personnes les plus d\u00e9munies","publisher":{"@id":"https:\/\/filles-de-la-charite.org\/pl\/#organization"},"potentialAction":[{"@type":"SearchAction","target":{"@type":"EntryPoint","urlTemplate":"https:\/\/filles-de-la-charite.org\/pl\/?s={search_term_string}"},"query-input":{"@type":"PropertyValueSpecification","valueRequired":true,"valueName":"search_term_string"}}],"inLanguage":"pl-PL"},{"@type":"Organization","@id":"https:\/\/filles-de-la-charite.org\/pl\/#organization","name":"Hijas de la Caridad","url":"https:\/\/filles-de-la-charite.org\/pl\/","logo":{"@type":"ImageObject","inLanguage":"pl-PL","@id":"https:\/\/filles-de-la-charite.org\/pl\/#\/schema\/logo\/image\/","url":"https:\/\/filles-de-la-charite.org\/wp-content\/uploads\/2023\/03\/isotipo-Hijas-de-la-Caridad.png","contentUrl":"https:\/\/filles-de-la-charite.org\/wp-content\/uploads\/2023\/03\/isotipo-Hijas-de-la-Caridad.png","width":1417,"height":1417,"caption":"Hijas de la Caridad"},"image":{"@id":"https:\/\/filles-de-la-charite.org\/pl\/#\/schema\/logo\/image\/"}},{"@type":"Person","@id":"https:\/\/filles-de-la-charite.org\/pl\/#\/schema\/person\/427567b2eccfc2dd7d206da186a1f438","name":"admin","image":{"@type":"ImageObject","inLanguage":"pl-PL","@id":"https:\/\/secure.gravatar.com\/avatar\/948b492cce32b586ac2db0eaa926ee87024f7afe218d73b397ea5ddfc5f43ea1?s=96&d=mm&r=g","url":"https:\/\/secure.gravatar.com\/avatar\/948b492cce32b586ac2db0eaa926ee87024f7afe218d73b397ea5ddfc5f43ea1?s=96&d=mm&r=g","contentUrl":"https:\/\/secure.gravatar.com\/avatar\/948b492cce32b586ac2db0eaa926ee87024f7afe218d73b397ea5ddfc5f43ea1?s=96&d=mm&r=g","caption":"admin"},"sameAs":["https:\/\/filles-de-la-charite.org"],"url":"https:\/\/filles-de-la-charite.org\/pl\/author\/caridad\/"}]}},"_links":{"self":[{"href":"https:\/\/filles-de-la-charite.org\/pl\/wp-json\/wp\/v2\/posts\/24293","targetHints":{"allow":["GET"]}}],"collection":[{"href":"https:\/\/filles-de-la-charite.org\/pl\/wp-json\/wp\/v2\/posts"}],"about":[{"href":"https:\/\/filles-de-la-charite.org\/pl\/wp-json\/wp\/v2\/types\/post"}],"author":[{"embeddable":true,"href":"https:\/\/filles-de-la-charite.org\/pl\/wp-json\/wp\/v2\/users\/1"}],"replies":[{"embeddable":true,"href":"https:\/\/filles-de-la-charite.org\/pl\/wp-json\/wp\/v2\/comments?post=24293"}],"version-history":[{"count":1,"href":"https:\/\/filles-de-la-charite.org\/pl\/wp-json\/wp\/v2\/posts\/24293\/revisions"}],"predecessor-version":[{"id":24339,"href":"https:\/\/filles-de-la-charite.org\/pl\/wp-json\/wp\/v2\/posts\/24293\/revisions\/24339"}],"wp:featuredmedia":[{"embeddable":true,"href":"https:\/\/filles-de-la-charite.org\/pl\/wp-json\/wp\/v2\/media\/15311"}],"wp:attachment":[{"href":"https:\/\/filles-de-la-charite.org\/pl\/wp-json\/wp\/v2\/media?parent=24293"}],"wp:term":[{"taxonomy":"category","embeddable":true,"href":"https:\/\/filles-de-la-charite.org\/pl\/wp-json\/wp\/v2\/categories?post=24293"},{"taxonomy":"post_tag","embeddable":true,"href":"https:\/\/filles-de-la-charite.org\/pl\/wp-json\/wp\/v2\/tags?post=24293"}],"curies":[{"name":"wp","href":"https:\/\/api.w.org\/{rel}","templated":true}]}}