{"id":24388,"date":"2021-01-01T19:16:26","date_gmt":"2021-01-01T18:16:26","guid":{"rendered":"https:\/\/hijascaridad.sjdigitaldemo.ovh\/konwent-prowincjalny-siostr-milosierdzia-31-lipca-10-sierpnia-2020-roku\/"},"modified":"2024-03-17T17:54:55","modified_gmt":"2024-03-17T16:54:55","slug":"konwent-prowincjalny-siostr-milosierdzia-31-lipca-10-sierpnia-2020-roku","status":"publish","type":"post","link":"https:\/\/filles-de-la-charite.org\/pl\/konwent-prowincjalny-siostr-milosierdzia-31-lipca-10-sierpnia-2020-roku\/","title":{"rendered":"Konwent Prowincjalny Si\u00f3str Mi\u0142osierdzia, 31 lipca &#8211; 10 sierpnia 2020 roku"},"content":{"rendered":"\n<div class=\"wp-block-image\"><figure class=\"aligncenter size-large\"><img decoding=\"async\" src=\"https:\/\/filles-de-la-charite.org\/wp-content\/uploads\/2023\/06\/Assemblea-5-6-1024x769.jpg\" alt=\"\" class=\"wp-image-60443\" \/><\/figure><\/div>\n\n\n\n<p>Konwent Prowincjalny Si\u00f3str Mi\u0142osierdzia na Sardynii odby\u0142 si\u0119 w Cagliari od 31 lipca do 10 sierpnia 2020 w Domu Prowincjalnym Mater Nostra. Konwentowi przewodniczy\u0142a i obrady prowadzi\u0142a Siostra Caterina Bua, Wizytatorka Prowincji oraz Ks. Italo Zedde, Dyrektor Prowincji. Temat i logo Konwentu maj\u0105 g\u0142\u0119bokie znaczenie i s\u0105 nieod\u0142\u0105czne, zar\u00f3wno dlatego, \u017ce doskonale wpisuj\u0105 si\u0119 w drog\u0119 Ko\u015bcio\u0142a, jak i z my\u015bl\u0105 o Konwencie Generalnym w 2021 roku, kt\u00f3re nada tematowi mi\u0119dzynarodow\u0105 perspektyw\u0119.<\/p>\n\n\n\n<p>Praca 56 uczestniczek z r\u00f3\u017cnych wsp\u00f3lnot lokalnych rozpocz\u0119\u0142a si\u0119 od dzi\u0119kczynienia Bogu za \u0142aski, kt\u00f3re otrzyma\u0142y\u015bmy w ci\u0105gu ostatnich sze\u015bciu lat jako Zgromadzenie w Sardynii, kt\u00f3rego charyzmat, Caritas Christi urget nos, przekazany nam przez \u015bw. Wincentego a Paulo (1581-1660), jest do dzi\u015b pal\u0105co aktualny. To w\u0142a\u015bnie dzi\u0119ki temu \u201edzi\u0119kuj\u0119\u201d, a tak\u017ce potwierdzeniu priorytetu ewangelizacji, wytyczy\u0142y\u015bmy nowe drogi dzielenia si\u0119 i braterstwa, mi\u0142o\u015bci i s\u0142u\u017cby Ubogim.<\/p>\n\n\n\n<div class=\"wp-block-image\"><figure class=\"aligncenter size-large\"><img decoding=\"async\" src=\"https:\/\/filles-de-la-charite.org\/wp-content\/uploads\/2023\/06\/Assemblea2-1-4-1024x769.jpg\" alt=\"\" class=\"wp-image-60444\" \/><\/figure><\/div>\n\n\n\n<p>Konwent przygotowa\u0142 nas r\u00f3wnie\u017c do po\u0142\u0105czenia naszej Prowincji z innymi Prowincjami i chocia\u017c wyra\u017cono wiele \u201eobaw\u201d, wykaza\u0142y\u015bmy wielkie zaufanie do Bo\u017cej Opatrzno\u015bci. W ten spos\u00f3b nasz Konwent nabra\u0142 wi\u0119kszego entuzjazmu i bardziej radosnej atmosfery, maj\u0105c nadziej\u0119, \u017ce tradycyjne i nowe pos\u0142ugi zostan\u0105 odnowione i rozkwitn\u0105 ponownie cho\u0107 w niewielkim stopniu, jednak zawsze odwa\u017cnie naprz\u00f3d pomimo ub\u00f3stwa zasob\u00f3w ludzkich i ca\u0142kowicie ufne w mi\u0142o\u015b\u0107 do Ojca, kt\u00f3ry, jak m\u00f3wi \u015bw. Wincenty a Paulo, B\u00f3g kocha Ubogich, a tym samym kocha tych, kt\u00f3rzy kochaj\u0105 Ubogich.<\/p>\n\n\n\n<p>Kiedy pochyli\u0142y\u015bmy si\u0119 nad \"Laudato Si'' papie\u017ca Franciszka, B\u00f3g wskaza\u0142 nam kierunek. Papie\u017c zach\u0119ca nas do wyj\u015bcia poza siebie, do przyj\u0119cia najs\u0142abszych, do troski o stworzenie w naszych codziennych dzia\u0142aniach, ... kt\u00f3re poprzez edukacj\u0119 mog\u0105 nas sk\u0142oni\u0107 do kszta\u0142towania prostszego stylu \u017cycia (por. LS 211). To Duch Bo\u017cy kierowa\u0142 i o\u017cywia\u0142 nasze dni. Dzia\u0142a\u0142 w nas poprzez wymian\u0119 i refleksje, kt\u00f3re pobudza\u0142y nas do otwierania \u201edrzwi\u201d, a kt\u00f3re by\u0142y chwilami niezwyk\u0142ymi, z mi\u0142o\u015bci do misji, do g\u0142\u0119bszych relacji i do \u017cycia duchowego.<\/p>\n\n\n\n<div class=\"wp-block-image\"><figure class=\"aligncenter size-large\"><img decoding=\"async\" src=\"https:\/\/filles-de-la-charite.org\/wp-content\/uploads\/2023\/06\/Assemblea-3-5-1024x769.jpg\" alt=\"\" class=\"wp-image-60445\" \/><\/figure><\/div>\n\n\n\n<p>Ka\u017cda z nas, Si\u00f3str Mi\u0142osierdzia, jest zaproszona do zakorzenienia si\u0119 w Bogu, kontynuuj\u0105c wkraczanie w \u015bwiat, w kt\u00f3rym \u017cyjemy, otwieraj\u0105c si\u0119 na Innego, ufaj\u0105c i modl\u0105c si\u0119, aby Boska Dobro\u0107 da\u0142a impuls i \u017cycie wszystkim naszym dzia\u0142aniom i o\u017cywia\u0142a je jeszcze bardziej swoim Duchem (por. \u015bw. Wincenty 6 grudnia 1658, VII, 389, t\u0142um. XIV, 614).<\/p>\n\n\n\n<p>W programie popo\u0142udniowym obejrza\u0142y\u015bmy kr\u00f3tki film przedstawiaj\u0105cy nasze starsze Siostry, z kt\u00f3rymi przeprowadzono wywiad. Ka\u017cda m\u00f3wi\u0142a prosto i realistycznie o swoim dzisiejszym \u017cyciu. Ka\u017cde \u015bwiadectwo by\u0142o inne, ale wydoby\u0142y si\u0119 ze skarbu charyzmatu wsp\u00f3lnym darem duchowym, kt\u00f3ry nie starzeje si\u0119 z biegiem lat i staje si\u0119 ofiar\u0105 z siebie i modlitw\u0105 za Ubogich, za Zgromadzenie, Ko\u015bci\u00f3\u0142 i Wsp\u00f3lnot\u0119 parafialn\u0105. Ich cenna obecno\u015b\u0107 jest namacalnym znakiem ca\u0142kowitego po\u015bwi\u0119cenia si\u0119 Bogu. Nasze spotkania podkre\u015bli\u0142y warto\u015b\u0107 tych Si\u00f3str oraz jak wa\u017cne jest odwiedzanie ich, okazywania im serdecznej uwagi i utrzymywania sta\u0142ych siostrzanych relacji, kt\u00f3re s\u0105 niezb\u0119dne, aby ich odpowied\u017a na powo\u0142anie by\u0142a \u017cywa i aktywna ponadczasowo, aby piel\u0119gnowa\u0142y zainteresowania, anga\u017cowa\u0142y w jak\u0105\u015b prac\u0119, bez wzgl\u0119du na to, jak du\u017ca czy ma\u0142a - i by nadal mog\u0142y dawa\u0107 siebie z rado\u015bci\u0105 a\u017c do ostatniej chwili.<\/p>\n\n\n\n<figure class=\"wp-block-image alignwide size-large\"><img decoding=\"async\" src=\"https:\/\/filles-de-la-charite.org\/wp-content\/uploads\/2023\/06\/Bez_tytulu_1-6.jpg\" alt=\"\" class=\"wp-image-60446\" \/><\/figure>\n\n\n\n<p>Po\u015bwi\u0119cono te\u017c uwag\u0119 niekt\u00f3rym wsp\u00f3lnotom w p\u00f3\u0142nocnej Sardynii, kt\u00f3re zosta\u0142y przekszta\u0142cone i powi\u0119kszone, aby sta\u0142y si\u0119 wielokierunkowymi o\u015brodkami. Dnia 9 sierpnia \u015bpiewem Magnificat podzi\u0119kowa\u0142y\u015bmy Bogu za cuda Jego Mi\u0142o\u015bci i zako\u0144czy\u0142y\u015bmy nasz\u0105 wsp\u00f3ln\u0105 prac\u0119.<\/p>\n\n\n\n<p><em>Siostra Rita Columbano, Siostra Mi\u0142osierdzia, Prowincja Sardynii<\/em><\/p>\n","protected":false},"excerpt":{"rendered":"<p>Konwent Prowincjalny Si\u00f3str Mi\u0142osierdzia na Sardynii odby\u0142 si\u0119 w Cagliari od 31 lipca do 10 sierpnia 2020 w Domu Prowincjalnym Mater Nostra. Konwentowi przewodniczy\u0142a i obrady prowadzi\u0142a Siostra Caterina Bua, Wizytatorka Prowincji oraz Ks. Italo Zedde, Dyrektor Prowincji. Temat i logo Konwentu maj\u0105 g\u0142\u0119bokie znaczenie i s\u0105 nieod\u0142\u0105czne, zar\u00f3wno dlatego, \u017ce doskonale wpisuj\u0105 si\u0119 w [&hellip;]<\/p>\n","protected":false},"author":1,"featured_media":15399,"comment_status":"closed","ping_status":"closed","sticky":false,"template":"","format":"standard","meta":{"_acf_changed":false,"footnotes":"","_links_to":"","_links_to_target":""},"categories":[687],"tags":[],"class_list":["post-24388","post","type-post","status-publish","format-standard","has-post-thumbnail","hentry","category-sardynia-wlochy-pl"],"acf":[],"yoast_head":"<!-- This site is optimized with the Yoast SEO plugin v27.5 - https:\/\/yoast.com\/product\/yoast-seo-wordpress\/ -->\n<title>Konwent Prowincjalny Si\u00f3str Mi\u0142osierdzia, 31 lipca - 10 sierpnia 2020 roku - Filles de la Charit\u00e9<\/title>\n<meta name=\"robots\" content=\"index, follow, max-snippet:-1, max-image-preview:large, max-video-preview:-1\" \/>\n<link rel=\"canonical\" href=\"https:\/\/filles-de-la-charite.org\/pl\/konwent-prowincjalny-siostr-milosierdzia-31-lipca-10-sierpnia-2020-roku\/\" \/>\n<meta property=\"og:locale\" content=\"pl_PL\" \/>\n<meta property=\"og:type\" content=\"article\" \/>\n<meta property=\"og:title\" content=\"Konwent Prowincjalny Si\u00f3str Mi\u0142osierdzia, 31 lipca - 10 sierpnia 2020 roku - Filles de la Charit\u00e9\" \/>\n<meta property=\"og:description\" content=\"Konwent Prowincjalny Si\u00f3str Mi\u0142osierdzia na Sardynii odby\u0142 si\u0119 w Cagliari od 31 lipca do 10 sierpnia 2020 w Domu Prowincjalnym Mater Nostra. Konwentowi przewodniczy\u0142a i obrady prowadzi\u0142a Siostra Caterina Bua, Wizytatorka Prowincji oraz Ks. Italo Zedde, Dyrektor Prowincji. Temat i logo Konwentu maj\u0105 g\u0142\u0119bokie znaczenie i s\u0105 nieod\u0142\u0105czne, zar\u00f3wno dlatego, \u017ce doskonale wpisuj\u0105 si\u0119 w [&hellip;]\" \/>\n<meta property=\"og:url\" content=\"https:\/\/filles-de-la-charite.org\/pl\/konwent-prowincjalny-siostr-milosierdzia-31-lipca-10-sierpnia-2020-roku\/\" \/>\n<meta property=\"og:site_name\" content=\"Filles de la Charit\u00e9\" \/>\n<meta property=\"article:published_time\" content=\"2021-01-01T18:16:26+00:00\" \/>\n<meta property=\"article:modified_time\" content=\"2024-03-17T16:54:55+00:00\" \/>\n<meta property=\"og:image\" content=\"https:\/\/filles-de-la-charite.org\/wp-content\/uploads\/2023\/06\/Bez_tytulu_1-1.jpg\" \/>\n\t<meta property=\"og:image:width\" content=\"634\" \/>\n\t<meta property=\"og:image:height\" content=\"331\" \/>\n\t<meta property=\"og:image:type\" content=\"image\/jpeg\" \/>\n<meta name=\"author\" content=\"admin\" \/>\n<meta name=\"twitter:card\" content=\"summary_large_image\" \/>\n<meta name=\"twitter:label1\" content=\"Napisane przez\" \/>\n\t<meta name=\"twitter:data1\" content=\"admin\" \/>\n\t<meta name=\"twitter:label2\" content=\"Szacowany czas czytania\" \/>\n\t<meta name=\"twitter:data2\" content=\"3 minuty\" \/>\n<script type=\"application\/ld+json\" class=\"yoast-schema-graph\">{\"@context\":\"https:\\\/\\\/schema.org\",\"@graph\":[{\"@type\":\"Article\",\"@id\":\"https:\\\/\\\/filles-de-la-charite.org\\\/pl\\\/konwent-prowincjalny-siostr-milosierdzia-31-lipca-10-sierpnia-2020-roku\\\/#article\",\"isPartOf\":{\"@id\":\"https:\\\/\\\/filles-de-la-charite.org\\\/pl\\\/konwent-prowincjalny-siostr-milosierdzia-31-lipca-10-sierpnia-2020-roku\\\/\"},\"author\":{\"name\":\"admin\",\"@id\":\"https:\\\/\\\/filles-de-la-charite.org\\\/pl\\\/#\\\/schema\\\/person\\\/427567b2eccfc2dd7d206da186a1f438\"},\"headline\":\"Konwent Prowincjalny Si\u00f3str Mi\u0142osierdzia, 31 lipca &#8211; 10 sierpnia 2020 roku\",\"datePublished\":\"2021-01-01T18:16:26+00:00\",\"dateModified\":\"2024-03-17T16:54:55+00:00\",\"mainEntityOfPage\":{\"@id\":\"https:\\\/\\\/filles-de-la-charite.org\\\/pl\\\/konwent-prowincjalny-siostr-milosierdzia-31-lipca-10-sierpnia-2020-roku\\\/\"},\"wordCount\":676,\"publisher\":{\"@id\":\"https:\\\/\\\/filles-de-la-charite.org\\\/pl\\\/#organization\"},\"image\":{\"@id\":\"https:\\\/\\\/filles-de-la-charite.org\\\/pl\\\/konwent-prowincjalny-siostr-milosierdzia-31-lipca-10-sierpnia-2020-roku\\\/#primaryimage\"},\"thumbnailUrl\":\"https:\\\/\\\/filles-de-la-charite.org\\\/wp-content\\\/uploads\\\/2023\\\/06\\\/Bez_tytulu_1-1.jpg\",\"articleSection\":[\"Sardynia - W\u0142ochy\"],\"inLanguage\":\"pl-PL\"},{\"@type\":\"WebPage\",\"@id\":\"https:\\\/\\\/filles-de-la-charite.org\\\/pl\\\/konwent-prowincjalny-siostr-milosierdzia-31-lipca-10-sierpnia-2020-roku\\\/\",\"url\":\"https:\\\/\\\/filles-de-la-charite.org\\\/pl\\\/konwent-prowincjalny-siostr-milosierdzia-31-lipca-10-sierpnia-2020-roku\\\/\",\"name\":\"Konwent Prowincjalny Si\u00f3str Mi\u0142osierdzia, 31 lipca - 10 sierpnia 2020 roku - Filles de la Charit\u00e9\",\"isPartOf\":{\"@id\":\"https:\\\/\\\/filles-de-la-charite.org\\\/pl\\\/#website\"},\"primaryImageOfPage\":{\"@id\":\"https:\\\/\\\/filles-de-la-charite.org\\\/pl\\\/konwent-prowincjalny-siostr-milosierdzia-31-lipca-10-sierpnia-2020-roku\\\/#primaryimage\"},\"image\":{\"@id\":\"https:\\\/\\\/filles-de-la-charite.org\\\/pl\\\/konwent-prowincjalny-siostr-milosierdzia-31-lipca-10-sierpnia-2020-roku\\\/#primaryimage\"},\"thumbnailUrl\":\"https:\\\/\\\/filles-de-la-charite.org\\\/wp-content\\\/uploads\\\/2023\\\/06\\\/Bez_tytulu_1-1.jpg\",\"datePublished\":\"2021-01-01T18:16:26+00:00\",\"dateModified\":\"2024-03-17T16:54:55+00:00\",\"breadcrumb\":{\"@id\":\"https:\\\/\\\/filles-de-la-charite.org\\\/pl\\\/konwent-prowincjalny-siostr-milosierdzia-31-lipca-10-sierpnia-2020-roku\\\/#breadcrumb\"},\"inLanguage\":\"pl-PL\",\"potentialAction\":[{\"@type\":\"ReadAction\",\"target\":[\"https:\\\/\\\/filles-de-la-charite.org\\\/pl\\\/konwent-prowincjalny-siostr-milosierdzia-31-lipca-10-sierpnia-2020-roku\\\/\"]}]},{\"@type\":\"ImageObject\",\"inLanguage\":\"pl-PL\",\"@id\":\"https:\\\/\\\/filles-de-la-charite.org\\\/pl\\\/konwent-prowincjalny-siostr-milosierdzia-31-lipca-10-sierpnia-2020-roku\\\/#primaryimage\",\"url\":\"https:\\\/\\\/filles-de-la-charite.org\\\/wp-content\\\/uploads\\\/2023\\\/06\\\/Bez_tytulu_1-1.jpg\",\"contentUrl\":\"https:\\\/\\\/filles-de-la-charite.org\\\/wp-content\\\/uploads\\\/2023\\\/06\\\/Bez_tytulu_1-1.jpg\",\"width\":634,\"height\":331},{\"@type\":\"BreadcrumbList\",\"@id\":\"https:\\\/\\\/filles-de-la-charite.org\\\/pl\\\/konwent-prowincjalny-siostr-milosierdzia-31-lipca-10-sierpnia-2020-roku\\\/#breadcrumb\",\"itemListElement\":[{\"@type\":\"ListItem\",\"position\":1,\"name\":\"San Vincenzo &#8211; Italia\",\"item\":\"https:\\\/\\\/filles-de-la-charite.org\\\/pl\\\/category\\\/san-vincenzo-italia-pl\\\/\"},{\"@type\":\"ListItem\",\"position\":2,\"name\":\"Konwent Prowincjalny Si\u00f3str Mi\u0142osierdzia, 31 lipca &#8211; 10 sierpnia 2020 roku\"}]},{\"@type\":\"WebSite\",\"@id\":\"https:\\\/\\\/filles-de-la-charite.org\\\/pl\\\/#website\",\"url\":\"https:\\\/\\\/filles-de-la-charite.org\\\/pl\\\/\",\"name\":\"Hijas de la Caridad\",\"description\":\"L\u2019amour de J\u00e9sus nous presse \u00e0 prendre soin des personnes les plus d\u00e9munies\",\"publisher\":{\"@id\":\"https:\\\/\\\/filles-de-la-charite.org\\\/pl\\\/#organization\"},\"potentialAction\":[{\"@type\":\"SearchAction\",\"target\":{\"@type\":\"EntryPoint\",\"urlTemplate\":\"https:\\\/\\\/filles-de-la-charite.org\\\/pl\\\/?s={search_term_string}\"},\"query-input\":{\"@type\":\"PropertyValueSpecification\",\"valueRequired\":true,\"valueName\":\"search_term_string\"}}],\"inLanguage\":\"pl-PL\"},{\"@type\":\"Organization\",\"@id\":\"https:\\\/\\\/filles-de-la-charite.org\\\/pl\\\/#organization\",\"name\":\"Hijas de la Caridad\",\"url\":\"https:\\\/\\\/filles-de-la-charite.org\\\/pl\\\/\",\"logo\":{\"@type\":\"ImageObject\",\"inLanguage\":\"pl-PL\",\"@id\":\"https:\\\/\\\/filles-de-la-charite.org\\\/pl\\\/#\\\/schema\\\/logo\\\/image\\\/\",\"url\":\"https:\\\/\\\/filles-de-la-charite.org\\\/wp-content\\\/uploads\\\/2023\\\/03\\\/isotipo-Hijas-de-la-Caridad.png\",\"contentUrl\":\"https:\\\/\\\/filles-de-la-charite.org\\\/wp-content\\\/uploads\\\/2023\\\/03\\\/isotipo-Hijas-de-la-Caridad.png\",\"width\":1417,\"height\":1417,\"caption\":\"Hijas de la Caridad\"},\"image\":{\"@id\":\"https:\\\/\\\/filles-de-la-charite.org\\\/pl\\\/#\\\/schema\\\/logo\\\/image\\\/\"}},{\"@type\":\"Person\",\"@id\":\"https:\\\/\\\/filles-de-la-charite.org\\\/pl\\\/#\\\/schema\\\/person\\\/427567b2eccfc2dd7d206da186a1f438\",\"name\":\"admin\",\"image\":{\"@type\":\"ImageObject\",\"inLanguage\":\"pl-PL\",\"@id\":\"https:\\\/\\\/secure.gravatar.com\\\/avatar\\\/948b492cce32b586ac2db0eaa926ee87024f7afe218d73b397ea5ddfc5f43ea1?s=96&d=mm&r=g\",\"url\":\"https:\\\/\\\/secure.gravatar.com\\\/avatar\\\/948b492cce32b586ac2db0eaa926ee87024f7afe218d73b397ea5ddfc5f43ea1?s=96&d=mm&r=g\",\"contentUrl\":\"https:\\\/\\\/secure.gravatar.com\\\/avatar\\\/948b492cce32b586ac2db0eaa926ee87024f7afe218d73b397ea5ddfc5f43ea1?s=96&d=mm&r=g\",\"caption\":\"admin\"},\"sameAs\":[\"https:\\\/\\\/filles-de-la-charite.org\"],\"url\":\"https:\\\/\\\/filles-de-la-charite.org\\\/pl\\\/author\\\/caridad\\\/\"}]}<\/script>\n<!-- \/ Yoast SEO plugin. -->","yoast_head_json":{"title":"Konwent Prowincjalny Si\u00f3str Mi\u0142osierdzia, 31 lipca - 10 sierpnia 2020 roku - Filles de la Charit\u00e9","robots":{"index":"index","follow":"follow","max-snippet":"max-snippet:-1","max-image-preview":"max-image-preview:large","max-video-preview":"max-video-preview:-1"},"canonical":"https:\/\/filles-de-la-charite.org\/pl\/konwent-prowincjalny-siostr-milosierdzia-31-lipca-10-sierpnia-2020-roku\/","og_locale":"pl_PL","og_type":"article","og_title":"Konwent Prowincjalny Si\u00f3str Mi\u0142osierdzia, 31 lipca - 10 sierpnia 2020 roku - Filles de la Charit\u00e9","og_description":"Konwent Prowincjalny Si\u00f3str Mi\u0142osierdzia na Sardynii odby\u0142 si\u0119 w Cagliari od 31 lipca do 10 sierpnia 2020 w Domu Prowincjalnym Mater Nostra. Konwentowi przewodniczy\u0142a i obrady prowadzi\u0142a Siostra Caterina Bua, Wizytatorka Prowincji oraz Ks. Italo Zedde, Dyrektor Prowincji. Temat i logo Konwentu maj\u0105 g\u0142\u0119bokie znaczenie i s\u0105 nieod\u0142\u0105czne, zar\u00f3wno dlatego, \u017ce doskonale wpisuj\u0105 si\u0119 w [&hellip;]","og_url":"https:\/\/filles-de-la-charite.org\/pl\/konwent-prowincjalny-siostr-milosierdzia-31-lipca-10-sierpnia-2020-roku\/","og_site_name":"Filles de la Charit\u00e9","article_published_time":"2021-01-01T18:16:26+00:00","article_modified_time":"2024-03-17T16:54:55+00:00","og_image":[{"width":634,"height":331,"url":"https:\/\/filles-de-la-charite.org\/wp-content\/uploads\/2023\/06\/Bez_tytulu_1-1.jpg","type":"image\/jpeg"}],"author":"admin","twitter_card":"summary_large_image","twitter_misc":{"Napisane przez":"admin","Szacowany czas czytania":"3 minuty"},"schema":{"@context":"https:\/\/schema.org","@graph":[{"@type":"Article","@id":"https:\/\/filles-de-la-charite.org\/pl\/konwent-prowincjalny-siostr-milosierdzia-31-lipca-10-sierpnia-2020-roku\/#article","isPartOf":{"@id":"https:\/\/filles-de-la-charite.org\/pl\/konwent-prowincjalny-siostr-milosierdzia-31-lipca-10-sierpnia-2020-roku\/"},"author":{"name":"admin","@id":"https:\/\/filles-de-la-charite.org\/pl\/#\/schema\/person\/427567b2eccfc2dd7d206da186a1f438"},"headline":"Konwent Prowincjalny Si\u00f3str Mi\u0142osierdzia, 31 lipca &#8211; 10 sierpnia 2020 roku","datePublished":"2021-01-01T18:16:26+00:00","dateModified":"2024-03-17T16:54:55+00:00","mainEntityOfPage":{"@id":"https:\/\/filles-de-la-charite.org\/pl\/konwent-prowincjalny-siostr-milosierdzia-31-lipca-10-sierpnia-2020-roku\/"},"wordCount":676,"publisher":{"@id":"https:\/\/filles-de-la-charite.org\/pl\/#organization"},"image":{"@id":"https:\/\/filles-de-la-charite.org\/pl\/konwent-prowincjalny-siostr-milosierdzia-31-lipca-10-sierpnia-2020-roku\/#primaryimage"},"thumbnailUrl":"https:\/\/filles-de-la-charite.org\/wp-content\/uploads\/2023\/06\/Bez_tytulu_1-1.jpg","articleSection":["Sardynia - W\u0142ochy"],"inLanguage":"pl-PL"},{"@type":"WebPage","@id":"https:\/\/filles-de-la-charite.org\/pl\/konwent-prowincjalny-siostr-milosierdzia-31-lipca-10-sierpnia-2020-roku\/","url":"https:\/\/filles-de-la-charite.org\/pl\/konwent-prowincjalny-siostr-milosierdzia-31-lipca-10-sierpnia-2020-roku\/","name":"Konwent Prowincjalny Si\u00f3str Mi\u0142osierdzia, 31 lipca - 10 sierpnia 2020 roku - Filles de la Charit\u00e9","isPartOf":{"@id":"https:\/\/filles-de-la-charite.org\/pl\/#website"},"primaryImageOfPage":{"@id":"https:\/\/filles-de-la-charite.org\/pl\/konwent-prowincjalny-siostr-milosierdzia-31-lipca-10-sierpnia-2020-roku\/#primaryimage"},"image":{"@id":"https:\/\/filles-de-la-charite.org\/pl\/konwent-prowincjalny-siostr-milosierdzia-31-lipca-10-sierpnia-2020-roku\/#primaryimage"},"thumbnailUrl":"https:\/\/filles-de-la-charite.org\/wp-content\/uploads\/2023\/06\/Bez_tytulu_1-1.jpg","datePublished":"2021-01-01T18:16:26+00:00","dateModified":"2024-03-17T16:54:55+00:00","breadcrumb":{"@id":"https:\/\/filles-de-la-charite.org\/pl\/konwent-prowincjalny-siostr-milosierdzia-31-lipca-10-sierpnia-2020-roku\/#breadcrumb"},"inLanguage":"pl-PL","potentialAction":[{"@type":"ReadAction","target":["https:\/\/filles-de-la-charite.org\/pl\/konwent-prowincjalny-siostr-milosierdzia-31-lipca-10-sierpnia-2020-roku\/"]}]},{"@type":"ImageObject","inLanguage":"pl-PL","@id":"https:\/\/filles-de-la-charite.org\/pl\/konwent-prowincjalny-siostr-milosierdzia-31-lipca-10-sierpnia-2020-roku\/#primaryimage","url":"https:\/\/filles-de-la-charite.org\/wp-content\/uploads\/2023\/06\/Bez_tytulu_1-1.jpg","contentUrl":"https:\/\/filles-de-la-charite.org\/wp-content\/uploads\/2023\/06\/Bez_tytulu_1-1.jpg","width":634,"height":331},{"@type":"BreadcrumbList","@id":"https:\/\/filles-de-la-charite.org\/pl\/konwent-prowincjalny-siostr-milosierdzia-31-lipca-10-sierpnia-2020-roku\/#breadcrumb","itemListElement":[{"@type":"ListItem","position":1,"name":"San Vincenzo &#8211; Italia","item":"https:\/\/filles-de-la-charite.org\/pl\/category\/san-vincenzo-italia-pl\/"},{"@type":"ListItem","position":2,"name":"Konwent Prowincjalny Si\u00f3str Mi\u0142osierdzia, 31 lipca &#8211; 10 sierpnia 2020 roku"}]},{"@type":"WebSite","@id":"https:\/\/filles-de-la-charite.org\/pl\/#website","url":"https:\/\/filles-de-la-charite.org\/pl\/","name":"Hijas de la Caridad","description":"L\u2019amour de J\u00e9sus nous presse \u00e0 prendre soin des personnes les plus d\u00e9munies","publisher":{"@id":"https:\/\/filles-de-la-charite.org\/pl\/#organization"},"potentialAction":[{"@type":"SearchAction","target":{"@type":"EntryPoint","urlTemplate":"https:\/\/filles-de-la-charite.org\/pl\/?s={search_term_string}"},"query-input":{"@type":"PropertyValueSpecification","valueRequired":true,"valueName":"search_term_string"}}],"inLanguage":"pl-PL"},{"@type":"Organization","@id":"https:\/\/filles-de-la-charite.org\/pl\/#organization","name":"Hijas de la Caridad","url":"https:\/\/filles-de-la-charite.org\/pl\/","logo":{"@type":"ImageObject","inLanguage":"pl-PL","@id":"https:\/\/filles-de-la-charite.org\/pl\/#\/schema\/logo\/image\/","url":"https:\/\/filles-de-la-charite.org\/wp-content\/uploads\/2023\/03\/isotipo-Hijas-de-la-Caridad.png","contentUrl":"https:\/\/filles-de-la-charite.org\/wp-content\/uploads\/2023\/03\/isotipo-Hijas-de-la-Caridad.png","width":1417,"height":1417,"caption":"Hijas de la Caridad"},"image":{"@id":"https:\/\/filles-de-la-charite.org\/pl\/#\/schema\/logo\/image\/"}},{"@type":"Person","@id":"https:\/\/filles-de-la-charite.org\/pl\/#\/schema\/person\/427567b2eccfc2dd7d206da186a1f438","name":"admin","image":{"@type":"ImageObject","inLanguage":"pl-PL","@id":"https:\/\/secure.gravatar.com\/avatar\/948b492cce32b586ac2db0eaa926ee87024f7afe218d73b397ea5ddfc5f43ea1?s=96&d=mm&r=g","url":"https:\/\/secure.gravatar.com\/avatar\/948b492cce32b586ac2db0eaa926ee87024f7afe218d73b397ea5ddfc5f43ea1?s=96&d=mm&r=g","contentUrl":"https:\/\/secure.gravatar.com\/avatar\/948b492cce32b586ac2db0eaa926ee87024f7afe218d73b397ea5ddfc5f43ea1?s=96&d=mm&r=g","caption":"admin"},"sameAs":["https:\/\/filles-de-la-charite.org"],"url":"https:\/\/filles-de-la-charite.org\/pl\/author\/caridad\/"}]}},"_links":{"self":[{"href":"https:\/\/filles-de-la-charite.org\/pl\/wp-json\/wp\/v2\/posts\/24388","targetHints":{"allow":["GET"]}}],"collection":[{"href":"https:\/\/filles-de-la-charite.org\/pl\/wp-json\/wp\/v2\/posts"}],"about":[{"href":"https:\/\/filles-de-la-charite.org\/pl\/wp-json\/wp\/v2\/types\/post"}],"author":[{"embeddable":true,"href":"https:\/\/filles-de-la-charite.org\/pl\/wp-json\/wp\/v2\/users\/1"}],"replies":[{"embeddable":true,"href":"https:\/\/filles-de-la-charite.org\/pl\/wp-json\/wp\/v2\/comments?post=24388"}],"version-history":[{"count":1,"href":"https:\/\/filles-de-la-charite.org\/pl\/wp-json\/wp\/v2\/posts\/24388\/revisions"}],"predecessor-version":[{"id":24413,"href":"https:\/\/filles-de-la-charite.org\/pl\/wp-json\/wp\/v2\/posts\/24388\/revisions\/24413"}],"wp:featuredmedia":[{"embeddable":true,"href":"https:\/\/filles-de-la-charite.org\/pl\/wp-json\/wp\/v2\/media\/15399"}],"wp:attachment":[{"href":"https:\/\/filles-de-la-charite.org\/pl\/wp-json\/wp\/v2\/media?parent=24388"}],"wp:term":[{"taxonomy":"category","embeddable":true,"href":"https:\/\/filles-de-la-charite.org\/pl\/wp-json\/wp\/v2\/categories?post=24388"},{"taxonomy":"post_tag","embeddable":true,"href":"https:\/\/filles-de-la-charite.org\/pl\/wp-json\/wp\/v2\/tags?post=24388"}],"curies":[{"name":"wp","href":"https:\/\/api.w.org\/{rel}","templated":true}]}}