{"id":24416,"date":"2021-02-01T13:44:32","date_gmt":"2021-02-01T12:44:32","guid":{"rendered":"https:\/\/hijascaridad.sjdigitaldemo.ovh\/odpowiedz-na-problem-bezdomnosci-kobiet\/"},"modified":"2024-03-17T17:54:35","modified_gmt":"2024-03-17T16:54:35","slug":"odpowiedz-na-problem-bezdomnosci-kobiet","status":"publish","type":"post","link":"https:\/\/filles-de-la-charite.org\/pl\/odpowiedz-na-problem-bezdomnosci-kobiet\/","title":{"rendered":"Odpowied\u017a na problem \u201ebezdomno\u015bci\u201d Kobiet"},"content":{"rendered":"\n<div class=\"wp-block-image\"><figure class=\"alignleft size-large is-resized\"><img loading=\"lazy\" decoding=\"async\" src=\"https:\/\/filles-de-la-charite.org\/wp-content\/uploads\/2023\/06\/2-logo.jpeg\" alt=\"\" class=\"wp-image-60947\" width=\"210\" height=\"210\" \/><figcaption><em>Logo Stowarzyszenia<\/em><\/figcaption><\/figure><\/div>\n\n\n\n<p>Wsp\u00f3\u0142praca pomi\u0119dzy Mi\u0119dzynarodowym Stowarzyszeniem Mi\u0142osierdzia (FFESV), Stowarzyszeniem \u015bw. Wincentego a Paulo (SSVP) i Kongregacj\u0105 Zgromadzenia Misji (CM) zaowocowa\u0142a utworzeniem Centrum dla oko\u0142o dwudziestu kobiet przy ulicy de S\u00e8vres 97 w Pary\u017cu. Centrum otrzyma\u0142o nazw\u0119 &#8222;Accueil Louise et Rosalie&#8221; i zosta\u0142o otwarte 12 listopada 2020 roku, w g\u0105szczu kwarantanny na\u0142o\u017conej przez Covid-19.<\/p>\n\n\n\n<p>Maj\u0105c motyw przewodni \u201euda\u0107 si\u0119 na peryferie\u201d, wszyscy wsp\u00f3\u0142tw\u00f3rcy projektu przez trzy lata ci\u0119\u017cko pracowali, aby pokona\u0107 wiele przeszk\u00f3d, ka\u017cdy z nich mia\u0142 sw\u00f3j udzia\u0142:<\/p>\n\n\n\n<p>&#8211; Kongregacja Misji odpowiedzialna by\u0142a za zapewnienie miejsca;<\/p>\n\n\n\n<p>&#8211; Mi\u0119dzynarodowe Stowarzyszenie Mi\u0142osierdzia i Stowarzyszenie \u015bw. Wincentego a Paulo za znalezienie \u017ar\u00f3de\u0142 finansowania i poszukanie projektanta wn\u0119trz, kt\u00f3ry przekszta\u0142ci powierzchni\u0119 160 m2 w praktyczn\u0105 przestrze\u0144 spe\u0142niaj\u0105c\u0105 wszystkie standardy, kt\u00f3rych jest wiele we Francji. (Konieczne by\u0142o zainstalowanie windy towarowej na niewielkiej elewacji mi\u0119dzy dziedzi\u0144cem a lokalem; umo\u017cliwiaj\u0105ca dost\u0119p dla w\u00f3zka inwalidzkiego do ma\u0142ej kuchni o powierzchni 10 m2 itp.). Zamieszczone zdj\u0119cia w tym artykule daj\u0105 wgl\u0105d w udane przedsi\u0119wzi\u0119cie.<\/p>\n\n\n\n<p>Oczywi\u015bcie, obecna sytuacja zdrowotna ogranicza dni i godziny przyj\u0119\u0107, liczb\u0119 przyjmowanych os\u00f3b i wydawanych posi\u0142k\u00f3w, ale nie dotyczy to wolontariuszek, kt\u00f3re przychodz\u0105 na spotkania!<\/p>\n\n\n\n<p>W godzinach porannych kobiety spotykaj\u0105 si\u0119 z koordynatorem dnia, kt\u00f3ry przygotowuje rozbudowan\u0105 modlitw\u0119; po czym nast\u0119puje dialog. Korzystaj\u0105 r\u00f3wnie\u017c ze spotka\u0144 z profesjonalistami, kt\u00f3rzy s\u0142u\u017c\u0105 w o\u015brodku, a tak\u017ce maj\u0105 czas na to, aby wzmocni\u0107 si\u0119 duchowo oraz mog\u0105 korzysta\u0107 z regularnych czyta\u0144 duchowych, refleksji i dzielenia si\u0119 wydarzeniami z przesz\u0142o\u015bci, aby lepiej \u017cy\u0107 w tera\u017aniejszo\u015bci.<\/p>\n\n\n\n<p>Siostra Mi\u0142osierdzia natomiast zaproponowa\u0142a pomoc zwi\u0105zan\u0105 z piel\u0119gnacj\u0105 st\u00f3p\u2026<\/p>\n\n\n\n<p>Stowarzyszenie wybra\u0142o elastyczn\u0105 organizacj\u0119 projektu, bior\u0105c pod uwag\u0119, \u017ce \u201ewydarzenie to B\u00f3g\u201d (Matka Suzanne Guillemin). Wszystko jest mo\u017cliwe\u2026<\/p>\n\n\n\n<figure class=\"wp-block-gallery aligncenter columns-3 is-cropped wp-block-gallery-1 is-layout-flex wp-block-gallery-is-layout-flex\"><ul class=\"blocks-gallery-grid\"><li class=\"blocks-gallery-item\"><figure><img decoding=\"async\" src=\"https:\/\/filles-de-la-charite.org\/wp-content\/uploads\/2023\/06\/3-768x1024-1.jpeg\" alt=\"\" data-id=\"60948\" data-full-url=\"https:\/\/www.filles-de-la-charite.org\/wp-content\/uploads\/news\/February 2021\/3-.jpeg\" data-link=\"https:\/\/www.filles-de-la-charite.org\/?attachment_id=60948\" class=\"wp-image-60948\" \/><figcaption class=\"blocks-gallery-item__caption\">Recepcja, a z ty\u0142u kuchnia<\/figcaption><\/figure><\/li><li class=\"blocks-gallery-item\"><figure><img decoding=\"async\" src=\"https:\/\/filles-de-la-charite.org\/wp-content\/uploads\/2023\/06\/4-1024x768-1.jpeg\" alt=\"\" data-id=\"60949\" data-full-url=\"https:\/\/www.filles-de-la-charite.org\/wp-content\/uploads\/news\/February 2021\/4.jpeg\" data-link=\"https:\/\/www.filles-de-la-charite.org\/?attachment_id=60949\" class=\"wp-image-60949\" \/><figcaption class=\"blocks-gallery-item__caption\">Pralnia <\/figcaption><\/figure><\/li><li class=\"blocks-gallery-item\"><figure><img decoding=\"async\" src=\"https:\/\/filles-de-la-charite.org\/wp-content\/uploads\/2023\/06\/5-768x1024-1.jpeg\" alt=\"\" data-id=\"60945\" data-full-url=\"https:\/\/www.filles-de-la-charite.org\/wp-content\/uploads\/news\/February 2021\/5-.jpeg\" data-link=\"https:\/\/www.filles-de-la-charite.org\/?attachment_id=60945\" class=\"wp-image-60945\" \/><figcaption class=\"blocks-gallery-item__caption\">Prysznice<\/figcaption><\/figure><\/li><\/ul><\/figure>\n\n\n\n<p>Tym samym kobiety zaznajomione z \u201ebezdomno\u015bci\u0105\u201d odnajduj\u0105 w Centrum ciep\u0142e, bezwarunkowe przyj\u0119cie i dobrze ogrzane pomieszczenia; s\u0105 prysznice, pralki, suszarki, komputer, k\u0105cik do spania lub w razie potrzeby, aby odpocz\u0105\u0107 oraz jest serwowany posi\u0142ek zgodnie z przepisami sanitarnymi. Zorganizowano ju\u017c warsztaty, podczas kt\u00f3rych wykonano m.in. \u015bwi\u0105teczne Bo\u017conarodzeniowe dekoracje. Te kobiety, kt\u00f3re obecnie przechodz\u0105 przez Centrum, maj\u0105 kontakt z pracownikami socjalnymi. Mog\u0142y te\u017c skonsultowa\u0107 si\u0119 z \u201eprzewodnikiem solidarno\u015bci\u201d. Zosta\u0142y przys\u0142ane do o\u015brodka przez inne stowarzyszenia b\u0105d\u017a&nbsp; zadzwoni\u0142y do SAMU Social (jest to numer telefonu pogotowia ratunkowego i pomocy dla bezdomnych) lub przyby\u0142y do Centrum \u201epoczt\u0105 pantoflow\u0105\u201d.<\/p>\n\n\n\n<p>\u017byczymy \u201epowodzenia\u201d temu nowemu Stowarzyszeniu krocz\u0105cemu \u015bladami Opatrzno\u015bci! <\/p>\n\n\n\n<div class=\"wp-block-image\"><figure class=\"aligncenter size-large\"><img decoding=\"async\" src=\"https:\/\/filles-de-la-charite.org\/wp-content\/uploads\/2023\/06\/1-1024x768-1.jpeg\" alt=\"\" class=\"wp-image-60946\" \/><figcaption><em>Pani de Villeneuve, Dyrektor ACCUEIL LOUISE ET ROSALIE<\/em><\/figcaption><\/figure><\/div>\n\n\n\n<p>Wywiad z Dyrektorem Centrum \u201eLouise i Rosalie\u201d, Pani\u0105 de Villeneuve.<\/p>\n","protected":false},"excerpt":{"rendered":"<p>Wsp\u00f3\u0142praca pomi\u0119dzy Mi\u0119dzynarodowym Stowarzyszeniem Mi\u0142osierdzia (FFESV), Stowarzyszeniem \u015bw. Wincentego a Paulo (SSVP) i Kongregacj\u0105 Zgromadzenia Misji (CM) zaowocowa\u0142a utworzeniem Centrum dla oko\u0142o dwudziestu kobiet przy ulicy de S\u00e8vres 97 w Pary\u017cu. Centrum otrzyma\u0142o nazw\u0119 &#8222;Accueil Louise et Rosalie&#8221; i zosta\u0142o otwarte 12 listopada 2020 roku, w g\u0105szczu kwarantanny na\u0142o\u017conej przez Covid-19. Maj\u0105c motyw przewodni \u201euda\u0107 [&hellip;]<\/p>\n","protected":false},"author":1,"featured_media":15487,"comment_status":"closed","ping_status":"closed","sticky":false,"template":"","format":"standard","meta":{"_acf_changed":false,"_et_pb_use_builder":"","_et_pb_old_content":"","_et_gb_content_width":"","footnotes":"","_links_to":"","_links_to_target":""},"categories":[565],"tags":[],"class_list":["post-24416","post","type-post","status-publish","format-standard","has-post-thumbnail","hentry","category-belgia-francja-szwajcaria-pl"],"acf":[],"yoast_head":"<!-- This site is optimized with the Yoast SEO plugin v27.5 - https:\/\/yoast.com\/product\/yoast-seo-wordpress\/ -->\n<title>Odpowied\u017a na problem \u201ebezdomno\u015bci\u201d Kobiet - Filles de la Charit\u00e9<\/title>\n<meta name=\"robots\" content=\"index, follow, max-snippet:-1, max-image-preview:large, max-video-preview:-1\" \/>\n<link rel=\"canonical\" href=\"https:\/\/filles-de-la-charite.org\/pl\/odpowiedz-na-problem-bezdomnosci-kobiet\/\" \/>\n<meta property=\"og:locale\" content=\"pl_PL\" \/>\n<meta property=\"og:type\" content=\"article\" \/>\n<meta property=\"og:title\" content=\"Odpowied\u017a na problem \u201ebezdomno\u015bci\u201d Kobiet - Filles de la Charit\u00e9\" \/>\n<meta property=\"og:description\" content=\"Wsp\u00f3\u0142praca pomi\u0119dzy Mi\u0119dzynarodowym Stowarzyszeniem Mi\u0142osierdzia (FFESV), Stowarzyszeniem \u015bw. Wincentego a Paulo (SSVP) i Kongregacj\u0105 Zgromadzenia Misji (CM) zaowocowa\u0142a utworzeniem Centrum dla oko\u0142o dwudziestu kobiet przy ulicy de S\u00e8vres 97 w Pary\u017cu. Centrum otrzyma\u0142o nazw\u0119 &#8222;Accueil Louise et Rosalie&#8221; i zosta\u0142o otwarte 12 listopada 2020 roku, w g\u0105szczu kwarantanny na\u0142o\u017conej przez Covid-19. Maj\u0105c motyw przewodni \u201euda\u0107 [&hellip;]\" \/>\n<meta property=\"og:url\" content=\"https:\/\/filles-de-la-charite.org\/pl\/odpowiedz-na-problem-bezdomnosci-kobiet\/\" \/>\n<meta property=\"og:site_name\" content=\"Filles de la Charit\u00e9\" \/>\n<meta property=\"article:published_time\" content=\"2021-02-01T12:44:32+00:00\" \/>\n<meta property=\"article:modified_time\" content=\"2024-03-17T16:54:35+00:00\" \/>\n<meta property=\"og:image\" content=\"https:\/\/filles-de-la-charite.org\/wp-content\/uploads\/2023\/06\/1.jpeg\" \/>\n\t<meta property=\"og:image:width\" content=\"1280\" \/>\n\t<meta property=\"og:image:height\" content=\"960\" \/>\n\t<meta property=\"og:image:type\" content=\"image\/jpeg\" \/>\n<meta name=\"author\" content=\"admin\" \/>\n<meta name=\"twitter:card\" content=\"summary_large_image\" \/>\n<meta name=\"twitter:label1\" content=\"Napisane przez\" \/>\n\t<meta name=\"twitter:data1\" content=\"admin\" \/>\n\t<meta name=\"twitter:label2\" content=\"Szacowany czas czytania\" \/>\n\t<meta name=\"twitter:data2\" content=\"3 minuty\" \/>\n<script type=\"application\/ld+json\" class=\"yoast-schema-graph\">{\"@context\":\"https:\\\/\\\/schema.org\",\"@graph\":[{\"@type\":\"Article\",\"@id\":\"https:\\\/\\\/filles-de-la-charite.org\\\/pl\\\/odpowiedz-na-problem-bezdomnosci-kobiet\\\/#article\",\"isPartOf\":{\"@id\":\"https:\\\/\\\/filles-de-la-charite.org\\\/pl\\\/odpowiedz-na-problem-bezdomnosci-kobiet\\\/\"},\"author\":{\"name\":\"admin\",\"@id\":\"https:\\\/\\\/filles-de-la-charite.org\\\/pl\\\/#\\\/schema\\\/person\\\/427567b2eccfc2dd7d206da186a1f438\"},\"headline\":\"Odpowied\u017a na problem \u201ebezdomno\u015bci\u201d Kobiet\",\"datePublished\":\"2021-02-01T12:44:32+00:00\",\"dateModified\":\"2024-03-17T16:54:35+00:00\",\"mainEntityOfPage\":{\"@id\":\"https:\\\/\\\/filles-de-la-charite.org\\\/pl\\\/odpowiedz-na-problem-bezdomnosci-kobiet\\\/\"},\"wordCount\":480,\"publisher\":{\"@id\":\"https:\\\/\\\/filles-de-la-charite.org\\\/pl\\\/#organization\"},\"image\":{\"@id\":\"https:\\\/\\\/filles-de-la-charite.org\\\/pl\\\/odpowiedz-na-problem-bezdomnosci-kobiet\\\/#primaryimage\"},\"thumbnailUrl\":\"https:\\\/\\\/filles-de-la-charite.org\\\/wp-content\\\/uploads\\\/2023\\\/06\\\/1.jpeg\",\"articleSection\":[\"Belgia-Francja-Szwajcaria\"],\"inLanguage\":\"pl-PL\"},{\"@type\":\"WebPage\",\"@id\":\"https:\\\/\\\/filles-de-la-charite.org\\\/pl\\\/odpowiedz-na-problem-bezdomnosci-kobiet\\\/\",\"url\":\"https:\\\/\\\/filles-de-la-charite.org\\\/pl\\\/odpowiedz-na-problem-bezdomnosci-kobiet\\\/\",\"name\":\"Odpowied\u017a na problem \u201ebezdomno\u015bci\u201d Kobiet - Filles de la Charit\u00e9\",\"isPartOf\":{\"@id\":\"https:\\\/\\\/filles-de-la-charite.org\\\/pl\\\/#website\"},\"primaryImageOfPage\":{\"@id\":\"https:\\\/\\\/filles-de-la-charite.org\\\/pl\\\/odpowiedz-na-problem-bezdomnosci-kobiet\\\/#primaryimage\"},\"image\":{\"@id\":\"https:\\\/\\\/filles-de-la-charite.org\\\/pl\\\/odpowiedz-na-problem-bezdomnosci-kobiet\\\/#primaryimage\"},\"thumbnailUrl\":\"https:\\\/\\\/filles-de-la-charite.org\\\/wp-content\\\/uploads\\\/2023\\\/06\\\/1.jpeg\",\"datePublished\":\"2021-02-01T12:44:32+00:00\",\"dateModified\":\"2024-03-17T16:54:35+00:00\",\"breadcrumb\":{\"@id\":\"https:\\\/\\\/filles-de-la-charite.org\\\/pl\\\/odpowiedz-na-problem-bezdomnosci-kobiet\\\/#breadcrumb\"},\"inLanguage\":\"pl-PL\",\"potentialAction\":[{\"@type\":\"ReadAction\",\"target\":[\"https:\\\/\\\/filles-de-la-charite.org\\\/pl\\\/odpowiedz-na-problem-bezdomnosci-kobiet\\\/\"]}]},{\"@type\":\"ImageObject\",\"inLanguage\":\"pl-PL\",\"@id\":\"https:\\\/\\\/filles-de-la-charite.org\\\/pl\\\/odpowiedz-na-problem-bezdomnosci-kobiet\\\/#primaryimage\",\"url\":\"https:\\\/\\\/filles-de-la-charite.org\\\/wp-content\\\/uploads\\\/2023\\\/06\\\/1.jpeg\",\"contentUrl\":\"https:\\\/\\\/filles-de-la-charite.org\\\/wp-content\\\/uploads\\\/2023\\\/06\\\/1.jpeg\",\"width\":1280,\"height\":960},{\"@type\":\"BreadcrumbList\",\"@id\":\"https:\\\/\\\/filles-de-la-charite.org\\\/pl\\\/odpowiedz-na-problem-bezdomnosci-kobiet\\\/#breadcrumb\",\"itemListElement\":[{\"@type\":\"ListItem\",\"position\":1,\"name\":\"Belgia-Francja-Szwajcaria\",\"item\":\"https:\\\/\\\/filles-de-la-charite.org\\\/pl\\\/category\\\/belgia-francja-szwajcaria-pl\\\/\"},{\"@type\":\"ListItem\",\"position\":2,\"name\":\"Odpowied\u017a na problem \u201ebezdomno\u015bci\u201d Kobiet\"}]},{\"@type\":\"WebSite\",\"@id\":\"https:\\\/\\\/filles-de-la-charite.org\\\/pl\\\/#website\",\"url\":\"https:\\\/\\\/filles-de-la-charite.org\\\/pl\\\/\",\"name\":\"Hijas de la Caridad\",\"description\":\"L\u2019amour de J\u00e9sus nous presse \u00e0 prendre soin des personnes les plus d\u00e9munies\",\"publisher\":{\"@id\":\"https:\\\/\\\/filles-de-la-charite.org\\\/pl\\\/#organization\"},\"potentialAction\":[{\"@type\":\"SearchAction\",\"target\":{\"@type\":\"EntryPoint\",\"urlTemplate\":\"https:\\\/\\\/filles-de-la-charite.org\\\/pl\\\/?s={search_term_string}\"},\"query-input\":{\"@type\":\"PropertyValueSpecification\",\"valueRequired\":true,\"valueName\":\"search_term_string\"}}],\"inLanguage\":\"pl-PL\"},{\"@type\":\"Organization\",\"@id\":\"https:\\\/\\\/filles-de-la-charite.org\\\/pl\\\/#organization\",\"name\":\"Hijas de la Caridad\",\"url\":\"https:\\\/\\\/filles-de-la-charite.org\\\/pl\\\/\",\"logo\":{\"@type\":\"ImageObject\",\"inLanguage\":\"pl-PL\",\"@id\":\"https:\\\/\\\/filles-de-la-charite.org\\\/pl\\\/#\\\/schema\\\/logo\\\/image\\\/\",\"url\":\"https:\\\/\\\/filles-de-la-charite.org\\\/wp-content\\\/uploads\\\/2023\\\/03\\\/isotipo-Hijas-de-la-Caridad.png\",\"contentUrl\":\"https:\\\/\\\/filles-de-la-charite.org\\\/wp-content\\\/uploads\\\/2023\\\/03\\\/isotipo-Hijas-de-la-Caridad.png\",\"width\":1417,\"height\":1417,\"caption\":\"Hijas de la Caridad\"},\"image\":{\"@id\":\"https:\\\/\\\/filles-de-la-charite.org\\\/pl\\\/#\\\/schema\\\/logo\\\/image\\\/\"}},{\"@type\":\"Person\",\"@id\":\"https:\\\/\\\/filles-de-la-charite.org\\\/pl\\\/#\\\/schema\\\/person\\\/427567b2eccfc2dd7d206da186a1f438\",\"name\":\"admin\",\"image\":{\"@type\":\"ImageObject\",\"inLanguage\":\"pl-PL\",\"@id\":\"https:\\\/\\\/secure.gravatar.com\\\/avatar\\\/948b492cce32b586ac2db0eaa926ee87024f7afe218d73b397ea5ddfc5f43ea1?s=96&d=mm&r=g\",\"url\":\"https:\\\/\\\/secure.gravatar.com\\\/avatar\\\/948b492cce32b586ac2db0eaa926ee87024f7afe218d73b397ea5ddfc5f43ea1?s=96&d=mm&r=g\",\"contentUrl\":\"https:\\\/\\\/secure.gravatar.com\\\/avatar\\\/948b492cce32b586ac2db0eaa926ee87024f7afe218d73b397ea5ddfc5f43ea1?s=96&d=mm&r=g\",\"caption\":\"admin\"},\"sameAs\":[\"https:\\\/\\\/filles-de-la-charite.org\"],\"url\":\"https:\\\/\\\/filles-de-la-charite.org\\\/pl\\\/author\\\/caridad\\\/\"}]}<\/script>\n<!-- \/ Yoast SEO plugin. -->","yoast_head_json":{"title":"Odpowied\u017a na problem \u201ebezdomno\u015bci\u201d Kobiet - Filles de la Charit\u00e9","robots":{"index":"index","follow":"follow","max-snippet":"max-snippet:-1","max-image-preview":"max-image-preview:large","max-video-preview":"max-video-preview:-1"},"canonical":"https:\/\/filles-de-la-charite.org\/pl\/odpowiedz-na-problem-bezdomnosci-kobiet\/","og_locale":"pl_PL","og_type":"article","og_title":"Odpowied\u017a na problem \u201ebezdomno\u015bci\u201d Kobiet - Filles de la Charit\u00e9","og_description":"Wsp\u00f3\u0142praca pomi\u0119dzy Mi\u0119dzynarodowym Stowarzyszeniem Mi\u0142osierdzia (FFESV), Stowarzyszeniem \u015bw. Wincentego a Paulo (SSVP) i Kongregacj\u0105 Zgromadzenia Misji (CM) zaowocowa\u0142a utworzeniem Centrum dla oko\u0142o dwudziestu kobiet przy ulicy de S\u00e8vres 97 w Pary\u017cu. Centrum otrzyma\u0142o nazw\u0119 &#8222;Accueil Louise et Rosalie&#8221; i zosta\u0142o otwarte 12 listopada 2020 roku, w g\u0105szczu kwarantanny na\u0142o\u017conej przez Covid-19. Maj\u0105c motyw przewodni \u201euda\u0107 [&hellip;]","og_url":"https:\/\/filles-de-la-charite.org\/pl\/odpowiedz-na-problem-bezdomnosci-kobiet\/","og_site_name":"Filles de la Charit\u00e9","article_published_time":"2021-02-01T12:44:32+00:00","article_modified_time":"2024-03-17T16:54:35+00:00","og_image":[{"width":1280,"height":960,"url":"https:\/\/filles-de-la-charite.org\/wp-content\/uploads\/2023\/06\/1.jpeg","type":"image\/jpeg"}],"author":"admin","twitter_card":"summary_large_image","twitter_misc":{"Napisane przez":"admin","Szacowany czas czytania":"3 minuty"},"schema":{"@context":"https:\/\/schema.org","@graph":[{"@type":"Article","@id":"https:\/\/filles-de-la-charite.org\/pl\/odpowiedz-na-problem-bezdomnosci-kobiet\/#article","isPartOf":{"@id":"https:\/\/filles-de-la-charite.org\/pl\/odpowiedz-na-problem-bezdomnosci-kobiet\/"},"author":{"name":"admin","@id":"https:\/\/filles-de-la-charite.org\/pl\/#\/schema\/person\/427567b2eccfc2dd7d206da186a1f438"},"headline":"Odpowied\u017a na problem \u201ebezdomno\u015bci\u201d Kobiet","datePublished":"2021-02-01T12:44:32+00:00","dateModified":"2024-03-17T16:54:35+00:00","mainEntityOfPage":{"@id":"https:\/\/filles-de-la-charite.org\/pl\/odpowiedz-na-problem-bezdomnosci-kobiet\/"},"wordCount":480,"publisher":{"@id":"https:\/\/filles-de-la-charite.org\/pl\/#organization"},"image":{"@id":"https:\/\/filles-de-la-charite.org\/pl\/odpowiedz-na-problem-bezdomnosci-kobiet\/#primaryimage"},"thumbnailUrl":"https:\/\/filles-de-la-charite.org\/wp-content\/uploads\/2023\/06\/1.jpeg","articleSection":["Belgia-Francja-Szwajcaria"],"inLanguage":"pl-PL"},{"@type":"WebPage","@id":"https:\/\/filles-de-la-charite.org\/pl\/odpowiedz-na-problem-bezdomnosci-kobiet\/","url":"https:\/\/filles-de-la-charite.org\/pl\/odpowiedz-na-problem-bezdomnosci-kobiet\/","name":"Odpowied\u017a na problem \u201ebezdomno\u015bci\u201d Kobiet - Filles de la Charit\u00e9","isPartOf":{"@id":"https:\/\/filles-de-la-charite.org\/pl\/#website"},"primaryImageOfPage":{"@id":"https:\/\/filles-de-la-charite.org\/pl\/odpowiedz-na-problem-bezdomnosci-kobiet\/#primaryimage"},"image":{"@id":"https:\/\/filles-de-la-charite.org\/pl\/odpowiedz-na-problem-bezdomnosci-kobiet\/#primaryimage"},"thumbnailUrl":"https:\/\/filles-de-la-charite.org\/wp-content\/uploads\/2023\/06\/1.jpeg","datePublished":"2021-02-01T12:44:32+00:00","dateModified":"2024-03-17T16:54:35+00:00","breadcrumb":{"@id":"https:\/\/filles-de-la-charite.org\/pl\/odpowiedz-na-problem-bezdomnosci-kobiet\/#breadcrumb"},"inLanguage":"pl-PL","potentialAction":[{"@type":"ReadAction","target":["https:\/\/filles-de-la-charite.org\/pl\/odpowiedz-na-problem-bezdomnosci-kobiet\/"]}]},{"@type":"ImageObject","inLanguage":"pl-PL","@id":"https:\/\/filles-de-la-charite.org\/pl\/odpowiedz-na-problem-bezdomnosci-kobiet\/#primaryimage","url":"https:\/\/filles-de-la-charite.org\/wp-content\/uploads\/2023\/06\/1.jpeg","contentUrl":"https:\/\/filles-de-la-charite.org\/wp-content\/uploads\/2023\/06\/1.jpeg","width":1280,"height":960},{"@type":"BreadcrumbList","@id":"https:\/\/filles-de-la-charite.org\/pl\/odpowiedz-na-problem-bezdomnosci-kobiet\/#breadcrumb","itemListElement":[{"@type":"ListItem","position":1,"name":"Belgia-Francja-Szwajcaria","item":"https:\/\/filles-de-la-charite.org\/pl\/category\/belgia-francja-szwajcaria-pl\/"},{"@type":"ListItem","position":2,"name":"Odpowied\u017a na problem \u201ebezdomno\u015bci\u201d Kobiet"}]},{"@type":"WebSite","@id":"https:\/\/filles-de-la-charite.org\/pl\/#website","url":"https:\/\/filles-de-la-charite.org\/pl\/","name":"Hijas de la Caridad","description":"L\u2019amour de J\u00e9sus nous presse \u00e0 prendre soin des personnes les plus d\u00e9munies","publisher":{"@id":"https:\/\/filles-de-la-charite.org\/pl\/#organization"},"potentialAction":[{"@type":"SearchAction","target":{"@type":"EntryPoint","urlTemplate":"https:\/\/filles-de-la-charite.org\/pl\/?s={search_term_string}"},"query-input":{"@type":"PropertyValueSpecification","valueRequired":true,"valueName":"search_term_string"}}],"inLanguage":"pl-PL"},{"@type":"Organization","@id":"https:\/\/filles-de-la-charite.org\/pl\/#organization","name":"Hijas de la Caridad","url":"https:\/\/filles-de-la-charite.org\/pl\/","logo":{"@type":"ImageObject","inLanguage":"pl-PL","@id":"https:\/\/filles-de-la-charite.org\/pl\/#\/schema\/logo\/image\/","url":"https:\/\/filles-de-la-charite.org\/wp-content\/uploads\/2023\/03\/isotipo-Hijas-de-la-Caridad.png","contentUrl":"https:\/\/filles-de-la-charite.org\/wp-content\/uploads\/2023\/03\/isotipo-Hijas-de-la-Caridad.png","width":1417,"height":1417,"caption":"Hijas de la Caridad"},"image":{"@id":"https:\/\/filles-de-la-charite.org\/pl\/#\/schema\/logo\/image\/"}},{"@type":"Person","@id":"https:\/\/filles-de-la-charite.org\/pl\/#\/schema\/person\/427567b2eccfc2dd7d206da186a1f438","name":"admin","image":{"@type":"ImageObject","inLanguage":"pl-PL","@id":"https:\/\/secure.gravatar.com\/avatar\/948b492cce32b586ac2db0eaa926ee87024f7afe218d73b397ea5ddfc5f43ea1?s=96&d=mm&r=g","url":"https:\/\/secure.gravatar.com\/avatar\/948b492cce32b586ac2db0eaa926ee87024f7afe218d73b397ea5ddfc5f43ea1?s=96&d=mm&r=g","contentUrl":"https:\/\/secure.gravatar.com\/avatar\/948b492cce32b586ac2db0eaa926ee87024f7afe218d73b397ea5ddfc5f43ea1?s=96&d=mm&r=g","caption":"admin"},"sameAs":["https:\/\/filles-de-la-charite.org"],"url":"https:\/\/filles-de-la-charite.org\/pl\/author\/caridad\/"}]}},"_links":{"self":[{"href":"https:\/\/filles-de-la-charite.org\/pl\/wp-json\/wp\/v2\/posts\/24416","targetHints":{"allow":["GET"]}}],"collection":[{"href":"https:\/\/filles-de-la-charite.org\/pl\/wp-json\/wp\/v2\/posts"}],"about":[{"href":"https:\/\/filles-de-la-charite.org\/pl\/wp-json\/wp\/v2\/types\/post"}],"author":[{"embeddable":true,"href":"https:\/\/filles-de-la-charite.org\/pl\/wp-json\/wp\/v2\/users\/1"}],"replies":[{"embeddable":true,"href":"https:\/\/filles-de-la-charite.org\/pl\/wp-json\/wp\/v2\/comments?post=24416"}],"version-history":[{"count":1,"href":"https:\/\/filles-de-la-charite.org\/pl\/wp-json\/wp\/v2\/posts\/24416\/revisions"}],"predecessor-version":[{"id":24417,"href":"https:\/\/filles-de-la-charite.org\/pl\/wp-json\/wp\/v2\/posts\/24416\/revisions\/24417"}],"wp:featuredmedia":[{"embeddable":true,"href":"https:\/\/filles-de-la-charite.org\/pl\/wp-json\/wp\/v2\/media\/15487"}],"wp:attachment":[{"href":"https:\/\/filles-de-la-charite.org\/pl\/wp-json\/wp\/v2\/media?parent=24416"}],"wp:term":[{"taxonomy":"category","embeddable":true,"href":"https:\/\/filles-de-la-charite.org\/pl\/wp-json\/wp\/v2\/categories?post=24416"},{"taxonomy":"post_tag","embeddable":true,"href":"https:\/\/filles-de-la-charite.org\/pl\/wp-json\/wp\/v2\/tags?post=24416"}],"curies":[{"name":"wp","href":"https:\/\/api.w.org\/{rel}","templated":true}]}}