{"id":24418,"date":"2021-02-28T23:00:00","date_gmt":"2021-02-28T22:00:00","guid":{"rendered":"https:\/\/hijascaridad.sjdigitaldemo.ovh\/prowincja-ktora-nigdy-nie-spi\/"},"modified":"2024-03-17T17:54:22","modified_gmt":"2024-03-17T16:54:22","slug":"prowincja-ktora-nigdy-nie-spi","status":"publish","type":"post","link":"https:\/\/filles-de-la-charite.org\/pl\/prowincja-ktora-nigdy-nie-spi\/","title":{"rendered":"Prowincja, kt\u00f3ra nigdy nie \u015bpi"},"content":{"rendered":"\n<p>Pod koniec d\u0142ugiego okresu dyskusji i rozeznania mi\u0119dzy Prowincjami Australii i Wielkiej Brytanii oraz gdy podj\u0119to decyzj\u0119 o integracji tych dw\u00f3ch Prowincji, zasi\u0119gni\u0119to opinii Si\u00f3str w sprawie nazwy nowej prowincji. Siostra Marie Raw, Radna Generalna, kt\u00f3ra by\u0142a z nami 11 marca 2020 roku w Londynie, zaznaczy\u0142a: <em>\u201eJedn\u0105 z najbardziej ekscytuj\u0105cych rzeczy w tej integracji by\u0142o przyj\u0119cie nowej nazwy. Wyb\u00f3r osoby na patrona oznacza i zwiastuje zupe\u0142nie now\u0105 to\u017csamo\u015b\u0107 i nowy zapa\u0142\u201d.<\/em> Wi\u0119c jak\u0105 osob\u0119 wybrano? Nasz\u0105 Siostr\u0119 &#8211; Rosalie Rendu, Siostr\u0119 Mi\u0142osierdzia p\u0142on\u0105ca mi\u0142o\u015bci\u0105 do ubogich.<\/p>\n\n\n\n<div class=\"wp-block-image\"><figure class=\"aligncenter size-large\"><img decoding=\"async\" src=\"https:\/\/filles-de-la-charite.org\/wp-content\/uploads\/2023\/06\/Figure-4.-The-Integration-Cake-Kopia.jpg\" alt=\"\" class=\"wp-image-61343\" \/><figcaption>Tort integracyjny<\/figcaption><\/figure><\/div>\n\n\n\n<p>W lutym 2020 roku Siostra Marie Raw, Siostra Ellen Flynn, Wizytatorka, ks. Paul Roche CM, Dyrektor Prowincjalny, wraz z czterema Siostrami z Wielkiej Brytanii, wyruszyli do Australii, do Sydney, gdzie rozpocz\u0105\u0142 si\u0119 proces integracji. Spotkanie odby\u0142o si\u0119 ze wszystkimi Siostrami i trwa\u0142o dwa dni. By\u0142 to czas na \u015bwi\u0119towanie przesz\u0142o\u015bci, patrzenie w przysz\u0142o\u015b\u0107 a jako symbol sadzono drzewo eukaliptusa na terenie Marsfield. Wkr\u00f3tce po powrocie tej grupy do Londynu, do Domu Prowincjalnego w Mill Hill, przyby\u0142o pi\u0119\u0107 Si\u00f3str z Australii, kt\u00f3rym towarzyszy\u0142 ks. Phil Robson, CM. Kulminacj\u0105 dw\u00f3ch dni obchod\u00f3w by\u0142a oficjalna integracja, transmitowana na \u017cywo w ca\u0142ej Prowincji z parafii Wincenty\u0144skiej w Mill Hill. Nast\u0119pnie, po uroczystym posi\u0142ku, wszyscy wr\u00f3cili do ogrodu Domu Prowincjalnego, gdzie posadzono drugie drzewo eukaliptusowe.<\/p>\n\n\n\n<figure class=\"wp-block-gallery aligncenter columns-3 is-cropped wp-block-gallery-1 is-layout-flex wp-block-gallery-is-layout-flex\"><ul class=\"blocks-gallery-grid\"><li class=\"blocks-gallery-item\"><figure><img decoding=\"async\" src=\"https:\/\/filles-de-la-charite.org\/wp-content\/uploads\/2023\/06\/Figure-1.-The-first-Eucalyptus-tree-planted-in-the-grounds-at-Marsfield-Copy.png\" alt=\"\" data-id=\"61341\" data-full-url=\"https:\/\/filles-de-la-charite.org\/wp-content\/uploads\/2023\/06\/Figure-1.-The-first-Eucalyptus-tree-planted-in-the-grounds-at-Marsfield-Copy.png\" data-link=\"https:\/\/www.filles-de-la-charite.org\/?attachment_id=61341\" class=\"wp-image-61341\" \/><figcaption class=\"blocks-gallery-item__caption\">Pierwsze drzewo eukaliptusowe rok po zasadzeniu na terenie Marsfield<\/figcaption><\/figure><\/li><li class=\"blocks-gallery-item\"><figure><img decoding=\"async\" src=\"https:\/\/filles-de-la-charite.org\/wp-content\/uploads\/2023\/06\/Figure-2.-Planting-of-a-Eucalyptus-tree-at-Mill-Hill.-Copy.png\" alt=\"\" data-id=\"61342\" data-full-url=\"https:\/\/filles-de-la-charite.org\/wp-content\/uploads\/2023\/06\/Figure-2.-Planting-of-a-Eucalyptus-tree-at-Mill-Hill.-Copy.png\" data-link=\"https:\/\/www.filles-de-la-charite.org\/?attachment_id=61342\" class=\"wp-image-61342\" \/><figcaption class=\"blocks-gallery-item__caption\">Sadzenie drzewa eukaliptusowego w Mill Hill<\/figcaption><\/figure><\/li><li class=\"blocks-gallery-item\"><figure><img decoding=\"async\" src=\"https:\/\/filles-de-la-charite.org\/wp-content\/uploads\/2023\/06\/Figure-3.-The-second-Eucalyptus-tree-at-Mill-Hill-2021-768x1024-1.jpg\" alt=\"\" data-id=\"61340\" data-full-url=\"https:\/\/www.filles-de-la-charite.org\/wp-content\/uploads\/news\/March 2021\/Figure-3.-The-second-Eucalyptus-tree-at-Mill-Hill-2021-scaled.jpg\" data-link=\"https:\/\/www.filles-de-la-charite.org\/?attachment_id=61340\" class=\"wp-image-61340\" \/><figcaption class=\"blocks-gallery-item__caption\"> Drugie drzewo eukaliptusowe w Mill Hill, rok p\u00f3\u017aniej (2021)<\/figcaption><\/figure><\/li><\/ul><\/figure>\n\n\n\n<p>W nast\u0119pnych kilku miesi\u0105cach wszyscy z niecierpliwo\u015bci\u0105 czekali\u015bmy na Konwent Prowincjalny, kt\u00f3ry mia\u0142 by\u0107 pierwsz\u0105 okazj\u0105 do wzajemnego poznania si\u0119. Jednak wiemy, co sta\u0142o si\u0119 p\u00f3\u017aniej! Wirus Covid 19, kt\u00f3ry nie zna granic i kt\u00f3ry dotkn\u0105\u0142 nas wszystkich, utrzymywa\u0142 i fizycznie dzieli nas w obu obszarach Prowincji.<\/p>\n\n\n\n<p>Dzi\u0119ki wielkim wysi\u0142kom i pomys\u0142owo\u015bci Siostry Ellen, Rady Prowincjalnej i trzech moderator\u00f3w, nasz Konwent Prowincjalny zosta\u0142 szybko przeorganizowany, aby umo\u017cliwi\u0107 nam w nim udzia\u0142 poprzez ZOOM. Wcze\u015bniej przeszli\u015bmy techniczne szkolenie, czasami rozpaczali\u015bmy z powodu naszych ci\u0105g\u0142ych b\u0142\u0119d\u00f3w, ale kiedy jako delegaci siedzieli\u015bmy przed naszymi indywidualnymi urz\u0105dzeniami, nie by\u0142o wi\u0119kszych problem\u00f3w! Byli\u015bmy zdumieni synergi\u0105 i po\u0142\u0105czeniem. \u017bycie na dw\u00f3ch r\u00f3\u017cnych p\u00f3\u0142kulach z r\u00f3\u017cnic\u0105 czasu, w zale\u017cno\u015bci od pory roku, wynosz\u0105c\u0105 9 lub 11 godzin, jest wyzwaniem!<\/p>\n\n\n\n<div class=\"wp-block-image\"><figure class=\"aligncenter size-large\"><img decoding=\"async\" src=\"https:\/\/filles-de-la-charite.org\/wp-content\/uploads\/2023\/06\/Figure-5.-Display-Provincial-Assembly-Kopia.jpg\" alt=\"\" class=\"wp-image-61344\" \/><figcaption>Dekoracja, Konwent Prowincjalny<\/figcaption><\/figure><\/div>\n\n\n\n<p>Nadal u\u017cywamy Zoom do spotka\u0144, dzielenia si\u0119 informacjami, prezentowania sobie nawzajem naszych Wsp\u00f3lnot i pos\u0142ug, a tak\u017ce do \u015bwi\u0119towania i rekreacji. Nasz nowo utworzony zesp\u00f3\u0142 ds. komunikacji informuje nas o nowo\u015bciach i wydarzeniach, podejmowanych dzia\u0142aniach, w kt\u00f3rych mo\u017cemy bra\u0107 udzia\u0142 &#8222;siedz\u0105c&#8221; w fotelach, a tak\u017ce wykorzystuje platformy medi\u00f3w spo\u0142eczno\u015bciowych, aby szerzej udost\u0119pnia\u0107 nasz\u0105 histori\u0119.<\/p>\n\n\n\n<p>Nasze ostatnie spotkanie Prowincjalne w zbli\u017ceniu Zoom dotyczy\u0142o ustanowienia nowej Radnej Prowincjalnej dnia 21 stycznia. Siostra Marie Raw by\u0142a obecna ze swojego biura w Domu Macierzystym, Wsp\u00f3lnoty w Wielkiej Brytanii i Australii po\u0142\u0105czy\u0142y si\u0119 online, a Wsp\u00f3lnota Domu Prowincjalnego, razem z Siostr\u0105 Ellen, Wizytatork\u0105, Siostr\u0105 Kathleen Kennedy, odchodz\u0105c\u0105 Radn\u0105, zebra\u0142a si\u0119, aby powita\u0107 Siostr\u0119 Maureen Tinkler.<\/p>\n\n\n\n<div class=\"wp-block-image\"><figure class=\"aligncenter size-large\"><img decoding=\"async\" src=\"https:\/\/filles-de-la-charite.org\/wp-content\/uploads\/2023\/06\/Figure-6.-L-R.-Sr.-Maureen-Tinkler-Sr.-Ellen-Flynn-Sr.-Kathleen-Kennedy-1024x644-1.jpg\" alt=\"\" class=\"wp-image-61345\" \/><figcaption>(L-P) S. Maureen TINKLER, S. Ellen FLYNN, S. Kathleen KENNEDY<\/figcaption><\/figure><\/div>\n\n\n\n<p>Wkr\u00f3tce nadejdzie nasza pierwsza rocznica. Rok, kt\u00f3rego nigdy nie mogliby\u015bmy sobie wyobrazi\u0107. We wst\u0119pie do niedawnej ksi\u0105\u017cki napisanej przez Papie\u017ca Franciszka \u201ePowr\u00f3\u0107my do marze\u0144. Droga ku lepszej przysz\u0142o\u015bci\u201d, papie\u017c m\u00f3wi: <em>Ten kryzys wywo\u0142a\u0142 now\u0105 odwag\u0119 i wsp\u00f3\u0142czucie. Niekt\u00f3rzy odpowiedzieli pragnieniem ponownego wyobra\u017cenia sobie naszego \u015bwiata; inni przyszli z pomoc\u0105 potrzebuj\u0105cym w konkretny spos\u00f3b, kt\u00f3ry mo\u017ce zmieni\u0107 cierpienie bli\u017aniego. To nape\u0142nia mnie nadziej\u0105, \u017ce mo\u017cemy wyj\u015b\u0107 z tego kryzysu lepsi. Ale musimy jasno widzie\u0107, dobrze wybiera\u0107 i dzia\u0142a\u0107 s\u0142usznie.<\/em><\/p>\n\n\n\n<p>Razem idziemy naprz\u00f3d z nadziej\u0105, o\u015bmielaj\u0105c si\u0119 marzy\u0107 o lepszej przysz\u0142o\u015bci &#8211; czym\u015b nowym dla ca\u0142ej ludzko\u015bci i naszego wsp\u00f3lnego domu.<\/p>\n\n\n\n<p class=\"has-text-align-left\">S. Liz Ferrie, <em>Siostra Mi\u0142osierdzia<\/em><\/p>\n","protected":false},"excerpt":{"rendered":"<p>Pod koniec d\u0142ugiego okresu dyskusji i rozeznania mi\u0119dzy Prowincjami Australii i Wielkiej Brytanii oraz gdy podj\u0119to decyzj\u0119 o integracji tych dw\u00f3ch Prowincji, zasi\u0119gni\u0119to opinii Si\u00f3str w sprawie nazwy nowej prowincji. Siostra Marie Raw, Radna Generalna, kt\u00f3ra by\u0142a z nami 11 marca 2020 roku w Londynie, zaznaczy\u0142a: \u201eJedn\u0105 z najbardziej ekscytuj\u0105cych rzeczy w tej integracji by\u0142o [&hellip;]<\/p>\n","protected":false},"author":1,"featured_media":15531,"comment_status":"closed","ping_status":"closed","sticky":false,"template":"","format":"standard","meta":{"_acf_changed":false,"_et_pb_use_builder":"","_et_pb_old_content":"","_et_gb_content_width":"","footnotes":"","_links_to":"","_links_to_target":""},"categories":[671],"tags":[],"class_list":["post-24418","post","type-post","status-publish","format-standard","has-post-thumbnail","hentry","category-rosalie-rendu-wielka-brytania-i-australia-pl"],"acf":[],"yoast_head":"<!-- This site is optimized with the Yoast SEO plugin v27.5 - https:\/\/yoast.com\/product\/yoast-seo-wordpress\/ -->\n<title>Prowincja, kt\u00f3ra nigdy nie \u015bpi - Filles de la Charit\u00e9<\/title>\n<meta name=\"robots\" content=\"index, follow, max-snippet:-1, max-image-preview:large, max-video-preview:-1\" \/>\n<link rel=\"canonical\" href=\"https:\/\/filles-de-la-charite.org\/pl\/prowincja-ktora-nigdy-nie-spi\/\" \/>\n<meta property=\"og:locale\" content=\"pl_PL\" \/>\n<meta property=\"og:type\" content=\"article\" \/>\n<meta property=\"og:title\" content=\"Prowincja, kt\u00f3ra nigdy nie \u015bpi - Filles de la Charit\u00e9\" \/>\n<meta property=\"og:description\" content=\"Pod koniec d\u0142ugiego okresu dyskusji i rozeznania mi\u0119dzy Prowincjami Australii i Wielkiej Brytanii oraz gdy podj\u0119to decyzj\u0119 o integracji tych dw\u00f3ch Prowincji, zasi\u0119gni\u0119to opinii Si\u00f3str w sprawie nazwy nowej prowincji. Siostra Marie Raw, Radna Generalna, kt\u00f3ra by\u0142a z nami 11 marca 2020 roku w Londynie, zaznaczy\u0142a: \u201eJedn\u0105 z najbardziej ekscytuj\u0105cych rzeczy w tej integracji by\u0142o [&hellip;]\" \/>\n<meta property=\"og:url\" content=\"https:\/\/filles-de-la-charite.org\/pl\/prowincja-ktora-nigdy-nie-spi\/\" \/>\n<meta property=\"og:site_name\" content=\"Filles de la Charit\u00e9\" \/>\n<meta property=\"article:published_time\" content=\"2021-02-28T22:00:00+00:00\" \/>\n<meta property=\"article:modified_time\" content=\"2024-03-17T16:54:22+00:00\" \/>\n<meta property=\"og:image\" content=\"https:\/\/filles-de-la-charite.org\/wp-content\/uploads\/2023\/06\/Figure-6.-L-R.-Sr.-Maureen-Tinkler-Sr.-Ellen-Flynn-Sr.-Kathleen-Kennedy.jpg\" \/>\n\t<meta property=\"og:image:width\" content=\"2374\" \/>\n\t<meta property=\"og:image:height\" content=\"1494\" \/>\n\t<meta property=\"og:image:type\" content=\"image\/jpeg\" \/>\n<meta name=\"author\" content=\"admin\" \/>\n<meta name=\"twitter:card\" content=\"summary_large_image\" \/>\n<meta name=\"twitter:label1\" content=\"Napisane przez\" \/>\n\t<meta name=\"twitter:data1\" content=\"admin\" \/>\n\t<meta name=\"twitter:label2\" content=\"Szacowany czas czytania\" \/>\n\t<meta name=\"twitter:data2\" content=\"4 minuty\" \/>\n<script type=\"application\/ld+json\" class=\"yoast-schema-graph\">{\"@context\":\"https:\\\/\\\/schema.org\",\"@graph\":[{\"@type\":\"Article\",\"@id\":\"https:\\\/\\\/filles-de-la-charite.org\\\/pl\\\/prowincja-ktora-nigdy-nie-spi\\\/#article\",\"isPartOf\":{\"@id\":\"https:\\\/\\\/filles-de-la-charite.org\\\/pl\\\/prowincja-ktora-nigdy-nie-spi\\\/\"},\"author\":{\"name\":\"admin\",\"@id\":\"https:\\\/\\\/filles-de-la-charite.org\\\/pl\\\/#\\\/schema\\\/person\\\/427567b2eccfc2dd7d206da186a1f438\"},\"headline\":\"Prowincja, kt\u00f3ra nigdy nie \u015bpi\",\"datePublished\":\"2021-02-28T22:00:00+00:00\",\"dateModified\":\"2024-03-17T16:54:22+00:00\",\"mainEntityOfPage\":{\"@id\":\"https:\\\/\\\/filles-de-la-charite.org\\\/pl\\\/prowincja-ktora-nigdy-nie-spi\\\/\"},\"wordCount\":712,\"publisher\":{\"@id\":\"https:\\\/\\\/filles-de-la-charite.org\\\/pl\\\/#organization\"},\"image\":{\"@id\":\"https:\\\/\\\/filles-de-la-charite.org\\\/pl\\\/prowincja-ktora-nigdy-nie-spi\\\/#primaryimage\"},\"thumbnailUrl\":\"https:\\\/\\\/filles-de-la-charite.org\\\/wp-content\\\/uploads\\\/2023\\\/06\\\/Figure-6.-L-R.-Sr.-Maureen-Tinkler-Sr.-Ellen-Flynn-Sr.-Kathleen-Kennedy.jpg\",\"articleSection\":[\"Rosalie Rendu - Wielka Brytania i Australia\"],\"inLanguage\":\"pl-PL\"},{\"@type\":\"WebPage\",\"@id\":\"https:\\\/\\\/filles-de-la-charite.org\\\/pl\\\/prowincja-ktora-nigdy-nie-spi\\\/\",\"url\":\"https:\\\/\\\/filles-de-la-charite.org\\\/pl\\\/prowincja-ktora-nigdy-nie-spi\\\/\",\"name\":\"Prowincja, kt\u00f3ra nigdy nie \u015bpi - Filles de la Charit\u00e9\",\"isPartOf\":{\"@id\":\"https:\\\/\\\/filles-de-la-charite.org\\\/pl\\\/#website\"},\"primaryImageOfPage\":{\"@id\":\"https:\\\/\\\/filles-de-la-charite.org\\\/pl\\\/prowincja-ktora-nigdy-nie-spi\\\/#primaryimage\"},\"image\":{\"@id\":\"https:\\\/\\\/filles-de-la-charite.org\\\/pl\\\/prowincja-ktora-nigdy-nie-spi\\\/#primaryimage\"},\"thumbnailUrl\":\"https:\\\/\\\/filles-de-la-charite.org\\\/wp-content\\\/uploads\\\/2023\\\/06\\\/Figure-6.-L-R.-Sr.-Maureen-Tinkler-Sr.-Ellen-Flynn-Sr.-Kathleen-Kennedy.jpg\",\"datePublished\":\"2021-02-28T22:00:00+00:00\",\"dateModified\":\"2024-03-17T16:54:22+00:00\",\"breadcrumb\":{\"@id\":\"https:\\\/\\\/filles-de-la-charite.org\\\/pl\\\/prowincja-ktora-nigdy-nie-spi\\\/#breadcrumb\"},\"inLanguage\":\"pl-PL\",\"potentialAction\":[{\"@type\":\"ReadAction\",\"target\":[\"https:\\\/\\\/filles-de-la-charite.org\\\/pl\\\/prowincja-ktora-nigdy-nie-spi\\\/\"]}]},{\"@type\":\"ImageObject\",\"inLanguage\":\"pl-PL\",\"@id\":\"https:\\\/\\\/filles-de-la-charite.org\\\/pl\\\/prowincja-ktora-nigdy-nie-spi\\\/#primaryimage\",\"url\":\"https:\\\/\\\/filles-de-la-charite.org\\\/wp-content\\\/uploads\\\/2023\\\/06\\\/Figure-6.-L-R.-Sr.-Maureen-Tinkler-Sr.-Ellen-Flynn-Sr.-Kathleen-Kennedy.jpg\",\"contentUrl\":\"https:\\\/\\\/filles-de-la-charite.org\\\/wp-content\\\/uploads\\\/2023\\\/06\\\/Figure-6.-L-R.-Sr.-Maureen-Tinkler-Sr.-Ellen-Flynn-Sr.-Kathleen-Kennedy.jpg\",\"width\":2374,\"height\":1494},{\"@type\":\"BreadcrumbList\",\"@id\":\"https:\\\/\\\/filles-de-la-charite.org\\\/pl\\\/prowincja-ktora-nigdy-nie-spi\\\/#breadcrumb\",\"itemListElement\":[{\"@type\":\"ListItem\",\"position\":1,\"name\":\"\u015awi\u0119ta Ludwika \u2013 Azja\",\"item\":\"https:\\\/\\\/filles-de-la-charite.org\\\/pl\\\/category\\\/swieta-ludwika-azja-pl\\\/\"},{\"@type\":\"ListItem\",\"position\":2,\"name\":\"Prowincja, kt\u00f3ra nigdy nie \u015bpi\"}]},{\"@type\":\"WebSite\",\"@id\":\"https:\\\/\\\/filles-de-la-charite.org\\\/pl\\\/#website\",\"url\":\"https:\\\/\\\/filles-de-la-charite.org\\\/pl\\\/\",\"name\":\"Hijas de la Caridad\",\"description\":\"L\u2019amour de J\u00e9sus nous presse \u00e0 prendre soin des personnes les plus d\u00e9munies\",\"publisher\":{\"@id\":\"https:\\\/\\\/filles-de-la-charite.org\\\/pl\\\/#organization\"},\"potentialAction\":[{\"@type\":\"SearchAction\",\"target\":{\"@type\":\"EntryPoint\",\"urlTemplate\":\"https:\\\/\\\/filles-de-la-charite.org\\\/pl\\\/?s={search_term_string}\"},\"query-input\":{\"@type\":\"PropertyValueSpecification\",\"valueRequired\":true,\"valueName\":\"search_term_string\"}}],\"inLanguage\":\"pl-PL\"},{\"@type\":\"Organization\",\"@id\":\"https:\\\/\\\/filles-de-la-charite.org\\\/pl\\\/#organization\",\"name\":\"Hijas de la Caridad\",\"url\":\"https:\\\/\\\/filles-de-la-charite.org\\\/pl\\\/\",\"logo\":{\"@type\":\"ImageObject\",\"inLanguage\":\"pl-PL\",\"@id\":\"https:\\\/\\\/filles-de-la-charite.org\\\/pl\\\/#\\\/schema\\\/logo\\\/image\\\/\",\"url\":\"https:\\\/\\\/filles-de-la-charite.org\\\/wp-content\\\/uploads\\\/2023\\\/03\\\/isotipo-Hijas-de-la-Caridad.png\",\"contentUrl\":\"https:\\\/\\\/filles-de-la-charite.org\\\/wp-content\\\/uploads\\\/2023\\\/03\\\/isotipo-Hijas-de-la-Caridad.png\",\"width\":1417,\"height\":1417,\"caption\":\"Hijas de la Caridad\"},\"image\":{\"@id\":\"https:\\\/\\\/filles-de-la-charite.org\\\/pl\\\/#\\\/schema\\\/logo\\\/image\\\/\"}},{\"@type\":\"Person\",\"@id\":\"https:\\\/\\\/filles-de-la-charite.org\\\/pl\\\/#\\\/schema\\\/person\\\/427567b2eccfc2dd7d206da186a1f438\",\"name\":\"admin\",\"image\":{\"@type\":\"ImageObject\",\"inLanguage\":\"pl-PL\",\"@id\":\"https:\\\/\\\/secure.gravatar.com\\\/avatar\\\/948b492cce32b586ac2db0eaa926ee87024f7afe218d73b397ea5ddfc5f43ea1?s=96&d=mm&r=g\",\"url\":\"https:\\\/\\\/secure.gravatar.com\\\/avatar\\\/948b492cce32b586ac2db0eaa926ee87024f7afe218d73b397ea5ddfc5f43ea1?s=96&d=mm&r=g\",\"contentUrl\":\"https:\\\/\\\/secure.gravatar.com\\\/avatar\\\/948b492cce32b586ac2db0eaa926ee87024f7afe218d73b397ea5ddfc5f43ea1?s=96&d=mm&r=g\",\"caption\":\"admin\"},\"sameAs\":[\"https:\\\/\\\/filles-de-la-charite.org\"],\"url\":\"https:\\\/\\\/filles-de-la-charite.org\\\/pl\\\/author\\\/caridad\\\/\"}]}<\/script>\n<!-- \/ Yoast SEO plugin. -->","yoast_head_json":{"title":"Prowincja, kt\u00f3ra nigdy nie \u015bpi - Filles de la Charit\u00e9","robots":{"index":"index","follow":"follow","max-snippet":"max-snippet:-1","max-image-preview":"max-image-preview:large","max-video-preview":"max-video-preview:-1"},"canonical":"https:\/\/filles-de-la-charite.org\/pl\/prowincja-ktora-nigdy-nie-spi\/","og_locale":"pl_PL","og_type":"article","og_title":"Prowincja, kt\u00f3ra nigdy nie \u015bpi - Filles de la Charit\u00e9","og_description":"Pod koniec d\u0142ugiego okresu dyskusji i rozeznania mi\u0119dzy Prowincjami Australii i Wielkiej Brytanii oraz gdy podj\u0119to decyzj\u0119 o integracji tych dw\u00f3ch Prowincji, zasi\u0119gni\u0119to opinii Si\u00f3str w sprawie nazwy nowej prowincji. Siostra Marie Raw, Radna Generalna, kt\u00f3ra by\u0142a z nami 11 marca 2020 roku w Londynie, zaznaczy\u0142a: \u201eJedn\u0105 z najbardziej ekscytuj\u0105cych rzeczy w tej integracji by\u0142o [&hellip;]","og_url":"https:\/\/filles-de-la-charite.org\/pl\/prowincja-ktora-nigdy-nie-spi\/","og_site_name":"Filles de la Charit\u00e9","article_published_time":"2021-02-28T22:00:00+00:00","article_modified_time":"2024-03-17T16:54:22+00:00","og_image":[{"width":2374,"height":1494,"url":"https:\/\/filles-de-la-charite.org\/wp-content\/uploads\/2023\/06\/Figure-6.-L-R.-Sr.-Maureen-Tinkler-Sr.-Ellen-Flynn-Sr.-Kathleen-Kennedy.jpg","type":"image\/jpeg"}],"author":"admin","twitter_card":"summary_large_image","twitter_misc":{"Napisane przez":"admin","Szacowany czas czytania":"4 minuty"},"schema":{"@context":"https:\/\/schema.org","@graph":[{"@type":"Article","@id":"https:\/\/filles-de-la-charite.org\/pl\/prowincja-ktora-nigdy-nie-spi\/#article","isPartOf":{"@id":"https:\/\/filles-de-la-charite.org\/pl\/prowincja-ktora-nigdy-nie-spi\/"},"author":{"name":"admin","@id":"https:\/\/filles-de-la-charite.org\/pl\/#\/schema\/person\/427567b2eccfc2dd7d206da186a1f438"},"headline":"Prowincja, kt\u00f3ra nigdy nie \u015bpi","datePublished":"2021-02-28T22:00:00+00:00","dateModified":"2024-03-17T16:54:22+00:00","mainEntityOfPage":{"@id":"https:\/\/filles-de-la-charite.org\/pl\/prowincja-ktora-nigdy-nie-spi\/"},"wordCount":712,"publisher":{"@id":"https:\/\/filles-de-la-charite.org\/pl\/#organization"},"image":{"@id":"https:\/\/filles-de-la-charite.org\/pl\/prowincja-ktora-nigdy-nie-spi\/#primaryimage"},"thumbnailUrl":"https:\/\/filles-de-la-charite.org\/wp-content\/uploads\/2023\/06\/Figure-6.-L-R.-Sr.-Maureen-Tinkler-Sr.-Ellen-Flynn-Sr.-Kathleen-Kennedy.jpg","articleSection":["Rosalie Rendu - Wielka Brytania i Australia"],"inLanguage":"pl-PL"},{"@type":"WebPage","@id":"https:\/\/filles-de-la-charite.org\/pl\/prowincja-ktora-nigdy-nie-spi\/","url":"https:\/\/filles-de-la-charite.org\/pl\/prowincja-ktora-nigdy-nie-spi\/","name":"Prowincja, kt\u00f3ra nigdy nie \u015bpi - Filles de la Charit\u00e9","isPartOf":{"@id":"https:\/\/filles-de-la-charite.org\/pl\/#website"},"primaryImageOfPage":{"@id":"https:\/\/filles-de-la-charite.org\/pl\/prowincja-ktora-nigdy-nie-spi\/#primaryimage"},"image":{"@id":"https:\/\/filles-de-la-charite.org\/pl\/prowincja-ktora-nigdy-nie-spi\/#primaryimage"},"thumbnailUrl":"https:\/\/filles-de-la-charite.org\/wp-content\/uploads\/2023\/06\/Figure-6.-L-R.-Sr.-Maureen-Tinkler-Sr.-Ellen-Flynn-Sr.-Kathleen-Kennedy.jpg","datePublished":"2021-02-28T22:00:00+00:00","dateModified":"2024-03-17T16:54:22+00:00","breadcrumb":{"@id":"https:\/\/filles-de-la-charite.org\/pl\/prowincja-ktora-nigdy-nie-spi\/#breadcrumb"},"inLanguage":"pl-PL","potentialAction":[{"@type":"ReadAction","target":["https:\/\/filles-de-la-charite.org\/pl\/prowincja-ktora-nigdy-nie-spi\/"]}]},{"@type":"ImageObject","inLanguage":"pl-PL","@id":"https:\/\/filles-de-la-charite.org\/pl\/prowincja-ktora-nigdy-nie-spi\/#primaryimage","url":"https:\/\/filles-de-la-charite.org\/wp-content\/uploads\/2023\/06\/Figure-6.-L-R.-Sr.-Maureen-Tinkler-Sr.-Ellen-Flynn-Sr.-Kathleen-Kennedy.jpg","contentUrl":"https:\/\/filles-de-la-charite.org\/wp-content\/uploads\/2023\/06\/Figure-6.-L-R.-Sr.-Maureen-Tinkler-Sr.-Ellen-Flynn-Sr.-Kathleen-Kennedy.jpg","width":2374,"height":1494},{"@type":"BreadcrumbList","@id":"https:\/\/filles-de-la-charite.org\/pl\/prowincja-ktora-nigdy-nie-spi\/#breadcrumb","itemListElement":[{"@type":"ListItem","position":1,"name":"\u015awi\u0119ta Ludwika \u2013 Azja","item":"https:\/\/filles-de-la-charite.org\/pl\/category\/swieta-ludwika-azja-pl\/"},{"@type":"ListItem","position":2,"name":"Prowincja, kt\u00f3ra nigdy nie \u015bpi"}]},{"@type":"WebSite","@id":"https:\/\/filles-de-la-charite.org\/pl\/#website","url":"https:\/\/filles-de-la-charite.org\/pl\/","name":"Hijas de la Caridad","description":"L\u2019amour de J\u00e9sus nous presse \u00e0 prendre soin des personnes les plus d\u00e9munies","publisher":{"@id":"https:\/\/filles-de-la-charite.org\/pl\/#organization"},"potentialAction":[{"@type":"SearchAction","target":{"@type":"EntryPoint","urlTemplate":"https:\/\/filles-de-la-charite.org\/pl\/?s={search_term_string}"},"query-input":{"@type":"PropertyValueSpecification","valueRequired":true,"valueName":"search_term_string"}}],"inLanguage":"pl-PL"},{"@type":"Organization","@id":"https:\/\/filles-de-la-charite.org\/pl\/#organization","name":"Hijas de la Caridad","url":"https:\/\/filles-de-la-charite.org\/pl\/","logo":{"@type":"ImageObject","inLanguage":"pl-PL","@id":"https:\/\/filles-de-la-charite.org\/pl\/#\/schema\/logo\/image\/","url":"https:\/\/filles-de-la-charite.org\/wp-content\/uploads\/2023\/03\/isotipo-Hijas-de-la-Caridad.png","contentUrl":"https:\/\/filles-de-la-charite.org\/wp-content\/uploads\/2023\/03\/isotipo-Hijas-de-la-Caridad.png","width":1417,"height":1417,"caption":"Hijas de la Caridad"},"image":{"@id":"https:\/\/filles-de-la-charite.org\/pl\/#\/schema\/logo\/image\/"}},{"@type":"Person","@id":"https:\/\/filles-de-la-charite.org\/pl\/#\/schema\/person\/427567b2eccfc2dd7d206da186a1f438","name":"admin","image":{"@type":"ImageObject","inLanguage":"pl-PL","@id":"https:\/\/secure.gravatar.com\/avatar\/948b492cce32b586ac2db0eaa926ee87024f7afe218d73b397ea5ddfc5f43ea1?s=96&d=mm&r=g","url":"https:\/\/secure.gravatar.com\/avatar\/948b492cce32b586ac2db0eaa926ee87024f7afe218d73b397ea5ddfc5f43ea1?s=96&d=mm&r=g","contentUrl":"https:\/\/secure.gravatar.com\/avatar\/948b492cce32b586ac2db0eaa926ee87024f7afe218d73b397ea5ddfc5f43ea1?s=96&d=mm&r=g","caption":"admin"},"sameAs":["https:\/\/filles-de-la-charite.org"],"url":"https:\/\/filles-de-la-charite.org\/pl\/author\/caridad\/"}]}},"_links":{"self":[{"href":"https:\/\/filles-de-la-charite.org\/pl\/wp-json\/wp\/v2\/posts\/24418","targetHints":{"allow":["GET"]}}],"collection":[{"href":"https:\/\/filles-de-la-charite.org\/pl\/wp-json\/wp\/v2\/posts"}],"about":[{"href":"https:\/\/filles-de-la-charite.org\/pl\/wp-json\/wp\/v2\/types\/post"}],"author":[{"embeddable":true,"href":"https:\/\/filles-de-la-charite.org\/pl\/wp-json\/wp\/v2\/users\/1"}],"replies":[{"embeddable":true,"href":"https:\/\/filles-de-la-charite.org\/pl\/wp-json\/wp\/v2\/comments?post=24418"}],"version-history":[{"count":1,"href":"https:\/\/filles-de-la-charite.org\/pl\/wp-json\/wp\/v2\/posts\/24418\/revisions"}],"predecessor-version":[{"id":24419,"href":"https:\/\/filles-de-la-charite.org\/pl\/wp-json\/wp\/v2\/posts\/24418\/revisions\/24419"}],"wp:featuredmedia":[{"embeddable":true,"href":"https:\/\/filles-de-la-charite.org\/pl\/wp-json\/wp\/v2\/media\/15531"}],"wp:attachment":[{"href":"https:\/\/filles-de-la-charite.org\/pl\/wp-json\/wp\/v2\/media?parent=24418"}],"wp:term":[{"taxonomy":"category","embeddable":true,"href":"https:\/\/filles-de-la-charite.org\/pl\/wp-json\/wp\/v2\/categories?post=24418"},{"taxonomy":"post_tag","embeddable":true,"href":"https:\/\/filles-de-la-charite.org\/pl\/wp-json\/wp\/v2\/tags?post=24418"}],"curies":[{"name":"wp","href":"https:\/\/api.w.org\/{rel}","templated":true}]}}