{"id":24422,"date":"2021-03-03T11:55:33","date_gmt":"2021-03-03T10:55:33","guid":{"rendered":"https:\/\/hijascaridad.sjdigitaldemo.ovh\/rodzina-emigrantow-stara-sie-zyc-pelnia-zycia-2\/"},"modified":"2024-03-17T17:54:01","modified_gmt":"2024-03-17T16:54:01","slug":"rodzina-emigrantow-stara-sie-zyc-pelnia-zycia-2","status":"publish","type":"post","link":"https:\/\/filles-de-la-charite.org\/pl\/rodzina-emigrantow-stara-sie-zyc-pelnia-zycia-2\/","title":{"rendered":"Rodzina emigrant\u00f3w stara si\u0119 \u017cy\u0107 pe\u0142ni\u0105 \u017cycia"},"content":{"rendered":"\n<p>Ojciec tej rodziny jest in\u017cynierem i ci\u0119\u017cko pracowa\u0142, aby zapewni\u0107 \u017conie i dzieciom wygodny poziom \u017cycia, ale z powodu wojny w jego kraju on i jego rodzina, byli \u015bwiadkami okrutnej \u015bmierci ich rodzic\u00f3w i innych cz\u0142onk\u00f3w rodziny bezradnie patrz\u0105c, jak ich dom i sklep zosta\u0142 podpalony. Przera\u017ceni uciekli i zamieszkali w obozie dla uchod\u017ac\u00f3w przez 9 miesi\u0119cy; jego \u017cona oczekiwa\u0142a dziecka i urodzi\u0142a w tym czasie syna. Do Portugalii przybyli 28 wrze\u015bnia 2016 r. z dzie\u0107mi w wieku od 3 miesi\u0119cy do 8 lat.<\/p>\n\n\n\n<p>Rodzina trafi\u0142a do nas za po\u015brednictwem Platformy dla Uchod\u017ac\u00f3w, organizacj\u0119 spo\u0142ecze\u0144stwa obywatelskiego, kt\u00f3ra wspiera uchod\u017ac\u00f3w w obecnym kryzysie humanitarnym. W odpowiedzi na zaproszenie instytucji publicznych, prywatnych, religijnych i cywilnych do przyj\u0119cia uchod\u017ac\u00f3w, przyj\u0119li\u015bmy te rodzin\u0119 z wielk\u0105 serdeczno\u015bci\u0105. Przygotowa\u0142y\u015bmy trzypokojowy dom w mie\u015bcie, upewniaj\u0105c si\u0119, \u017ce jest w nim wszystko, czego potrzebuj\u0105. Od tego czasu towarzyszymy tej rodzinie.<\/p>\n\n\n\n<p>Umo\u017cliwia\u0142y\u015bmy integracj\u0119 cz\u0142onk\u00f3w rodziny w spo\u0142ecze\u0144stwie udzielaj\u0105c wsparcia: materialnego, finansowego, psychologicznego i spo\u0142ecznego\u2026 chodz\u0105c z nimi do lekarzy, troszcz\u0105c si\u0119 o&nbsp; rozw\u00f3j, edukacj\u0119 i zdrowie dzieci, u\u0142atwiaj\u0105c po\u015bwiadczenie miejsca zamieszkania, zdobycie prawa jazdy dla ojca, oferowania im samochodu w ucz\u0119szczaniu do pracy i za\u0142atwiania innych spraw oraz zapewniaj\u0105c, aby pracownik socjalny pomaga\u0142 im w wype\u0142nianiu biurokratycznych wymog\u00f3w; osoba z Jordanii wsp\u00f3\u0142pracowa\u0142a z nami, szczeg\u00f3lnie przy t\u0142umaczeniach, aby\u015bmy mog\u0142y zrozumie\u0107 ich potrzeby.<\/p>\n\n\n\n<p>Mimo trudno\u015bci rodzina wykaza\u0142a si\u0119 zdolno\u015bci\u0105 do inkulturacji, organizacj\u0105 i ch\u0119ci\u0105 pokonywania trud\u00f3w \u017cycia. Znaleziono prac\u0119 dla ojca w jego zawodzie i stopniowo cz\u0142onkowie rodziny zyskiwali autonomi\u0119. Dzieci nauczy\u0142y si\u0119 j\u0119zyka i dzi\u015b s\u0105 ju\u017c dobrze zaadoptowane.&nbsp;<\/p>\n\n\n\n<p>By\u0142o to dla nas wielkie wyzwanie i okazja, aby pom\u00f3c im robi\u0107 post\u0119py i zapewni\u0107 dobre samopoczucie. Dzi\u0119ki ci\u0105g\u0142ej uwadze, s\u0142uchaniu, zainteresowaniu, animacji i dyspozycyjno\u015bci powsta\u0142a mi\u0119dzy nami a rodzin\u0105 braterska wi\u0119\u017a, kt\u00f3ra pomog\u0142a w leczeniu ran psychologicznych, b\u00f3lu wygnania i oddzielenia od innych cz\u0142onk\u00f3w rodziny\u2026 w d\u017awiganiu ci\u0119\u017caru cierpienia. Dla nas i dla rodziny by\u0142a to przygoda! wielkie wyzwanie! Wszystko by\u0142o takie dziwne dla nich i dla nas! j\u0119zyk, kultura, religia! Wsp\u00f3lnym wysi\u0142kiem zaj\u0119\u0142o to prawie 5 lat!<\/p>\n\n\n\n<div class=\"wp-block-image\"><figure class=\"aligncenter size-large\"><img decoding=\"async\" src=\"https:\/\/filles-de-la-charite.org\/wp-content\/uploads\/2023\/06\/4-1-1.jpg\" alt=\"\" class=\"wp-image-61466\" \/><\/figure><\/div>\n\n\n\n<p>Tak\u017ce w czasie pandemii zapewniono dzieciom pomoc w postaci komputera i laptopa podczas zaj\u0119\u0107 on-line. Niemo\u017cliwe jest, aby sze\u015bcioosobowa rodzina by\u0142a w pe\u0142ni niezale\u017cna, gdy na utrzymanie zarabia tylko ojciec. Matka cierpi bardzo z powodu choroby ko\u015bci; jedno z dzieci ma trudno\u015bci z koncentracj\u0105, co jest problemem dla jego rodzic\u00f3w, ale staraj\u0105 si\u0119 to przezwyci\u0119\u017ca\u0107 z wielk\u0105 wiar\u0105.&nbsp;<\/p>\n\n\n\n<p>Cieszymy si\u0119, \u017ce mog\u0142y\u015bmy przyj\u0105\u0107 t\u0119 rodzin\u0119, kt\u00f3ra w Portugalii dobrze si\u0119 integruje. Uwa\u017camy to za niezwykle pozytywne do\u015bwiadczenie dzielenia si\u0119 i wymiany opartej na wzajemnym szacunku kultur. Nasze gesty nadal maj\u0105 wp\u0142yw na \u017cycie tej rodziny.&nbsp; <\/p>\n\n\n\n<p>Dla nas EPHATA oznacza, \u201eotw\u00f3rz si\u0119\u201d. M\u00f3wi nam r\u00f3wnie\u017c, \u017ce \u201eWszystko, co uczynili\u015bcie jednemu z tych braci moich najmniejszych, Mnie\u015bcie uczynili\u201d (Mt 25,40). Jeste\u015bmy wezwane, aby\u015bmy g\u0142\u0119biej zakorzeniali si\u0119 w pasji dla ubogich, widz\u0105c w nich oblicze Chrystusa. \u201eMi\u0142o\u015b\u0107 Jezusa Ukrzy\u017cowanego przynagla nas\u201d do oderwania si\u0119 od tego, co zb\u0119dne, do opuszczenia naszych stref komfortu i do p\u00f3j\u015bcia do najbardziej potrzebuj\u0105cych, do spotkania si\u0119 z nimi oraz s\u0142u\u017cenia im.<\/p>\n\n\n\n<figure class=\"wp-block-image alignwide size-large\"><img decoding=\"async\" src=\"https:\/\/filles-de-la-charite.org\/wp-content\/uploads\/2023\/06\/3-1-1.jpg\" alt=\"\" class=\"wp-image-61469\" \/><\/figure>\n","protected":false},"excerpt":{"rendered":"<p>Ojciec tej rodziny jest in\u017cynierem i ci\u0119\u017cko pracowa\u0142, aby zapewni\u0107 \u017conie i dzieciom wygodny poziom \u017cycia, ale z powodu wojny w jego kraju on i jego rodzina, byli \u015bwiadkami okrutnej \u015bmierci ich rodzic\u00f3w i innych cz\u0142onk\u00f3w rodziny bezradnie patrz\u0105c, jak ich dom i sklep zosta\u0142 podpalony. Przera\u017ceni uciekli i zamieszkali w obozie dla uchod\u017ac\u00f3w przez [&hellip;]<\/p>\n","protected":false},"author":1,"featured_media":15601,"comment_status":"closed","ping_status":"closed","sticky":false,"template":"","format":"standard","meta":{"_acf_changed":false,"footnotes":"","_links_to":"","_links_to_target":""},"categories":[638],"tags":[],"class_list":["post-24422","post","type-post","status-publish","format-standard","has-post-thumbnail","hentry","category-portugalia-pl"],"acf":[],"yoast_head":"<!-- This site is optimized with the Yoast SEO plugin v27.5 - https:\/\/yoast.com\/product\/yoast-seo-wordpress\/ -->\n<title>Rodzina emigrant\u00f3w stara si\u0119 \u017cy\u0107 pe\u0142ni\u0105 \u017cycia - Filles de la Charit\u00e9<\/title>\n<meta name=\"robots\" content=\"index, follow, max-snippet:-1, max-image-preview:large, max-video-preview:-1\" \/>\n<link rel=\"canonical\" href=\"https:\/\/filles-de-la-charite.org\/pl\/rodzina-emigrantow-stara-sie-zyc-pelnia-zycia-2\/\" \/>\n<meta property=\"og:locale\" content=\"pl_PL\" \/>\n<meta property=\"og:type\" content=\"article\" \/>\n<meta property=\"og:title\" content=\"Rodzina emigrant\u00f3w stara si\u0119 \u017cy\u0107 pe\u0142ni\u0105 \u017cycia - Filles de la Charit\u00e9\" \/>\n<meta property=\"og:description\" content=\"Ojciec tej rodziny jest in\u017cynierem i ci\u0119\u017cko pracowa\u0142, aby zapewni\u0107 \u017conie i dzieciom wygodny poziom \u017cycia, ale z powodu wojny w jego kraju on i jego rodzina, byli \u015bwiadkami okrutnej \u015bmierci ich rodzic\u00f3w i innych cz\u0142onk\u00f3w rodziny bezradnie patrz\u0105c, jak ich dom i sklep zosta\u0142 podpalony. Przera\u017ceni uciekli i zamieszkali w obozie dla uchod\u017ac\u00f3w przez [&hellip;]\" \/>\n<meta property=\"og:url\" content=\"https:\/\/filles-de-la-charite.org\/pl\/rodzina-emigrantow-stara-sie-zyc-pelnia-zycia-2\/\" \/>\n<meta property=\"og:site_name\" content=\"Filles de la Charit\u00e9\" \/>\n<meta property=\"article:published_time\" content=\"2021-03-03T10:55:33+00:00\" \/>\n<meta property=\"article:modified_time\" content=\"2024-03-17T16:54:01+00:00\" \/>\n<meta property=\"og:image\" content=\"https:\/\/filles-de-la-charite.org\/wp-content\/uploads\/2023\/06\/1-1-1.jpg\" \/>\n\t<meta property=\"og:image:width\" content=\"751\" \/>\n\t<meta property=\"og:image:height\" content=\"447\" \/>\n\t<meta property=\"og:image:type\" content=\"image\/jpeg\" \/>\n<meta name=\"author\" content=\"admin\" \/>\n<meta name=\"twitter:card\" content=\"summary_large_image\" \/>\n<meta name=\"twitter:label1\" content=\"Napisane przez\" \/>\n\t<meta name=\"twitter:data1\" content=\"admin\" \/>\n\t<meta name=\"twitter:label2\" content=\"Szacowany czas czytania\" \/>\n\t<meta name=\"twitter:data2\" content=\"3 minuty\" \/>\n<script type=\"application\/ld+json\" class=\"yoast-schema-graph\">{\"@context\":\"https:\\\/\\\/schema.org\",\"@graph\":[{\"@type\":\"Article\",\"@id\":\"https:\\\/\\\/filles-de-la-charite.org\\\/pl\\\/rodzina-emigrantow-stara-sie-zyc-pelnia-zycia-2\\\/#article\",\"isPartOf\":{\"@id\":\"https:\\\/\\\/filles-de-la-charite.org\\\/pl\\\/rodzina-emigrantow-stara-sie-zyc-pelnia-zycia-2\\\/\"},\"author\":{\"name\":\"admin\",\"@id\":\"https:\\\/\\\/filles-de-la-charite.org\\\/pl\\\/#\\\/schema\\\/person\\\/427567b2eccfc2dd7d206da186a1f438\"},\"headline\":\"Rodzina emigrant\u00f3w stara si\u0119 \u017cy\u0107 pe\u0142ni\u0105 \u017cycia\",\"datePublished\":\"2021-03-03T10:55:33+00:00\",\"dateModified\":\"2024-03-17T16:54:01+00:00\",\"mainEntityOfPage\":{\"@id\":\"https:\\\/\\\/filles-de-la-charite.org\\\/pl\\\/rodzina-emigrantow-stara-sie-zyc-pelnia-zycia-2\\\/\"},\"wordCount\":623,\"publisher\":{\"@id\":\"https:\\\/\\\/filles-de-la-charite.org\\\/pl\\\/#organization\"},\"image\":{\"@id\":\"https:\\\/\\\/filles-de-la-charite.org\\\/pl\\\/rodzina-emigrantow-stara-sie-zyc-pelnia-zycia-2\\\/#primaryimage\"},\"thumbnailUrl\":\"https:\\\/\\\/filles-de-la-charite.org\\\/wp-content\\\/uploads\\\/2023\\\/06\\\/1-1-1.jpg\",\"articleSection\":[\"Portugalia\"],\"inLanguage\":\"pl-PL\"},{\"@type\":\"WebPage\",\"@id\":\"https:\\\/\\\/filles-de-la-charite.org\\\/pl\\\/rodzina-emigrantow-stara-sie-zyc-pelnia-zycia-2\\\/\",\"url\":\"https:\\\/\\\/filles-de-la-charite.org\\\/pl\\\/rodzina-emigrantow-stara-sie-zyc-pelnia-zycia-2\\\/\",\"name\":\"Rodzina emigrant\u00f3w stara si\u0119 \u017cy\u0107 pe\u0142ni\u0105 \u017cycia - Filles de la Charit\u00e9\",\"isPartOf\":{\"@id\":\"https:\\\/\\\/filles-de-la-charite.org\\\/pl\\\/#website\"},\"primaryImageOfPage\":{\"@id\":\"https:\\\/\\\/filles-de-la-charite.org\\\/pl\\\/rodzina-emigrantow-stara-sie-zyc-pelnia-zycia-2\\\/#primaryimage\"},\"image\":{\"@id\":\"https:\\\/\\\/filles-de-la-charite.org\\\/pl\\\/rodzina-emigrantow-stara-sie-zyc-pelnia-zycia-2\\\/#primaryimage\"},\"thumbnailUrl\":\"https:\\\/\\\/filles-de-la-charite.org\\\/wp-content\\\/uploads\\\/2023\\\/06\\\/1-1-1.jpg\",\"datePublished\":\"2021-03-03T10:55:33+00:00\",\"dateModified\":\"2024-03-17T16:54:01+00:00\",\"breadcrumb\":{\"@id\":\"https:\\\/\\\/filles-de-la-charite.org\\\/pl\\\/rodzina-emigrantow-stara-sie-zyc-pelnia-zycia-2\\\/#breadcrumb\"},\"inLanguage\":\"pl-PL\",\"potentialAction\":[{\"@type\":\"ReadAction\",\"target\":[\"https:\\\/\\\/filles-de-la-charite.org\\\/pl\\\/rodzina-emigrantow-stara-sie-zyc-pelnia-zycia-2\\\/\"]}]},{\"@type\":\"ImageObject\",\"inLanguage\":\"pl-PL\",\"@id\":\"https:\\\/\\\/filles-de-la-charite.org\\\/pl\\\/rodzina-emigrantow-stara-sie-zyc-pelnia-zycia-2\\\/#primaryimage\",\"url\":\"https:\\\/\\\/filles-de-la-charite.org\\\/wp-content\\\/uploads\\\/2023\\\/06\\\/1-1-1.jpg\",\"contentUrl\":\"https:\\\/\\\/filles-de-la-charite.org\\\/wp-content\\\/uploads\\\/2023\\\/06\\\/1-1-1.jpg\",\"width\":751,\"height\":447},{\"@type\":\"BreadcrumbList\",\"@id\":\"https:\\\/\\\/filles-de-la-charite.org\\\/pl\\\/rodzina-emigrantow-stara-sie-zyc-pelnia-zycia-2\\\/#breadcrumb\",\"itemListElement\":[{\"@type\":\"ListItem\",\"position\":1,\"name\":\"Portugalia\",\"item\":\"https:\\\/\\\/filles-de-la-charite.org\\\/pl\\\/category\\\/portugalia-pl\\\/\"},{\"@type\":\"ListItem\",\"position\":2,\"name\":\"Rodzina emigrant\u00f3w stara si\u0119 \u017cy\u0107 pe\u0142ni\u0105 \u017cycia\"}]},{\"@type\":\"WebSite\",\"@id\":\"https:\\\/\\\/filles-de-la-charite.org\\\/pl\\\/#website\",\"url\":\"https:\\\/\\\/filles-de-la-charite.org\\\/pl\\\/\",\"name\":\"Hijas de la Caridad\",\"description\":\"L\u2019amour de J\u00e9sus nous presse \u00e0 prendre soin des personnes les plus d\u00e9munies\",\"publisher\":{\"@id\":\"https:\\\/\\\/filles-de-la-charite.org\\\/pl\\\/#organization\"},\"potentialAction\":[{\"@type\":\"SearchAction\",\"target\":{\"@type\":\"EntryPoint\",\"urlTemplate\":\"https:\\\/\\\/filles-de-la-charite.org\\\/pl\\\/?s={search_term_string}\"},\"query-input\":{\"@type\":\"PropertyValueSpecification\",\"valueRequired\":true,\"valueName\":\"search_term_string\"}}],\"inLanguage\":\"pl-PL\"},{\"@type\":\"Organization\",\"@id\":\"https:\\\/\\\/filles-de-la-charite.org\\\/pl\\\/#organization\",\"name\":\"Hijas de la Caridad\",\"url\":\"https:\\\/\\\/filles-de-la-charite.org\\\/pl\\\/\",\"logo\":{\"@type\":\"ImageObject\",\"inLanguage\":\"pl-PL\",\"@id\":\"https:\\\/\\\/filles-de-la-charite.org\\\/pl\\\/#\\\/schema\\\/logo\\\/image\\\/\",\"url\":\"https:\\\/\\\/filles-de-la-charite.org\\\/wp-content\\\/uploads\\\/2023\\\/03\\\/isotipo-Hijas-de-la-Caridad.png\",\"contentUrl\":\"https:\\\/\\\/filles-de-la-charite.org\\\/wp-content\\\/uploads\\\/2023\\\/03\\\/isotipo-Hijas-de-la-Caridad.png\",\"width\":1417,\"height\":1417,\"caption\":\"Hijas de la Caridad\"},\"image\":{\"@id\":\"https:\\\/\\\/filles-de-la-charite.org\\\/pl\\\/#\\\/schema\\\/logo\\\/image\\\/\"}},{\"@type\":\"Person\",\"@id\":\"https:\\\/\\\/filles-de-la-charite.org\\\/pl\\\/#\\\/schema\\\/person\\\/427567b2eccfc2dd7d206da186a1f438\",\"name\":\"admin\",\"image\":{\"@type\":\"ImageObject\",\"inLanguage\":\"pl-PL\",\"@id\":\"https:\\\/\\\/secure.gravatar.com\\\/avatar\\\/948b492cce32b586ac2db0eaa926ee87024f7afe218d73b397ea5ddfc5f43ea1?s=96&d=mm&r=g\",\"url\":\"https:\\\/\\\/secure.gravatar.com\\\/avatar\\\/948b492cce32b586ac2db0eaa926ee87024f7afe218d73b397ea5ddfc5f43ea1?s=96&d=mm&r=g\",\"contentUrl\":\"https:\\\/\\\/secure.gravatar.com\\\/avatar\\\/948b492cce32b586ac2db0eaa926ee87024f7afe218d73b397ea5ddfc5f43ea1?s=96&d=mm&r=g\",\"caption\":\"admin\"},\"sameAs\":[\"https:\\\/\\\/filles-de-la-charite.org\"],\"url\":\"https:\\\/\\\/filles-de-la-charite.org\\\/pl\\\/author\\\/caridad\\\/\"}]}<\/script>\n<!-- \/ Yoast SEO plugin. -->","yoast_head_json":{"title":"Rodzina emigrant\u00f3w stara si\u0119 \u017cy\u0107 pe\u0142ni\u0105 \u017cycia - Filles de la Charit\u00e9","robots":{"index":"index","follow":"follow","max-snippet":"max-snippet:-1","max-image-preview":"max-image-preview:large","max-video-preview":"max-video-preview:-1"},"canonical":"https:\/\/filles-de-la-charite.org\/pl\/rodzina-emigrantow-stara-sie-zyc-pelnia-zycia-2\/","og_locale":"pl_PL","og_type":"article","og_title":"Rodzina emigrant\u00f3w stara si\u0119 \u017cy\u0107 pe\u0142ni\u0105 \u017cycia - Filles de la Charit\u00e9","og_description":"Ojciec tej rodziny jest in\u017cynierem i ci\u0119\u017cko pracowa\u0142, aby zapewni\u0107 \u017conie i dzieciom wygodny poziom \u017cycia, ale z powodu wojny w jego kraju on i jego rodzina, byli \u015bwiadkami okrutnej \u015bmierci ich rodzic\u00f3w i innych cz\u0142onk\u00f3w rodziny bezradnie patrz\u0105c, jak ich dom i sklep zosta\u0142 podpalony. Przera\u017ceni uciekli i zamieszkali w obozie dla uchod\u017ac\u00f3w przez [&hellip;]","og_url":"https:\/\/filles-de-la-charite.org\/pl\/rodzina-emigrantow-stara-sie-zyc-pelnia-zycia-2\/","og_site_name":"Filles de la Charit\u00e9","article_published_time":"2021-03-03T10:55:33+00:00","article_modified_time":"2024-03-17T16:54:01+00:00","og_image":[{"width":751,"height":447,"url":"https:\/\/filles-de-la-charite.org\/wp-content\/uploads\/2023\/06\/1-1-1.jpg","type":"image\/jpeg"}],"author":"admin","twitter_card":"summary_large_image","twitter_misc":{"Napisane przez":"admin","Szacowany czas czytania":"3 minuty"},"schema":{"@context":"https:\/\/schema.org","@graph":[{"@type":"Article","@id":"https:\/\/filles-de-la-charite.org\/pl\/rodzina-emigrantow-stara-sie-zyc-pelnia-zycia-2\/#article","isPartOf":{"@id":"https:\/\/filles-de-la-charite.org\/pl\/rodzina-emigrantow-stara-sie-zyc-pelnia-zycia-2\/"},"author":{"name":"admin","@id":"https:\/\/filles-de-la-charite.org\/pl\/#\/schema\/person\/427567b2eccfc2dd7d206da186a1f438"},"headline":"Rodzina emigrant\u00f3w stara si\u0119 \u017cy\u0107 pe\u0142ni\u0105 \u017cycia","datePublished":"2021-03-03T10:55:33+00:00","dateModified":"2024-03-17T16:54:01+00:00","mainEntityOfPage":{"@id":"https:\/\/filles-de-la-charite.org\/pl\/rodzina-emigrantow-stara-sie-zyc-pelnia-zycia-2\/"},"wordCount":623,"publisher":{"@id":"https:\/\/filles-de-la-charite.org\/pl\/#organization"},"image":{"@id":"https:\/\/filles-de-la-charite.org\/pl\/rodzina-emigrantow-stara-sie-zyc-pelnia-zycia-2\/#primaryimage"},"thumbnailUrl":"https:\/\/filles-de-la-charite.org\/wp-content\/uploads\/2023\/06\/1-1-1.jpg","articleSection":["Portugalia"],"inLanguage":"pl-PL"},{"@type":"WebPage","@id":"https:\/\/filles-de-la-charite.org\/pl\/rodzina-emigrantow-stara-sie-zyc-pelnia-zycia-2\/","url":"https:\/\/filles-de-la-charite.org\/pl\/rodzina-emigrantow-stara-sie-zyc-pelnia-zycia-2\/","name":"Rodzina emigrant\u00f3w stara si\u0119 \u017cy\u0107 pe\u0142ni\u0105 \u017cycia - Filles de la Charit\u00e9","isPartOf":{"@id":"https:\/\/filles-de-la-charite.org\/pl\/#website"},"primaryImageOfPage":{"@id":"https:\/\/filles-de-la-charite.org\/pl\/rodzina-emigrantow-stara-sie-zyc-pelnia-zycia-2\/#primaryimage"},"image":{"@id":"https:\/\/filles-de-la-charite.org\/pl\/rodzina-emigrantow-stara-sie-zyc-pelnia-zycia-2\/#primaryimage"},"thumbnailUrl":"https:\/\/filles-de-la-charite.org\/wp-content\/uploads\/2023\/06\/1-1-1.jpg","datePublished":"2021-03-03T10:55:33+00:00","dateModified":"2024-03-17T16:54:01+00:00","breadcrumb":{"@id":"https:\/\/filles-de-la-charite.org\/pl\/rodzina-emigrantow-stara-sie-zyc-pelnia-zycia-2\/#breadcrumb"},"inLanguage":"pl-PL","potentialAction":[{"@type":"ReadAction","target":["https:\/\/filles-de-la-charite.org\/pl\/rodzina-emigrantow-stara-sie-zyc-pelnia-zycia-2\/"]}]},{"@type":"ImageObject","inLanguage":"pl-PL","@id":"https:\/\/filles-de-la-charite.org\/pl\/rodzina-emigrantow-stara-sie-zyc-pelnia-zycia-2\/#primaryimage","url":"https:\/\/filles-de-la-charite.org\/wp-content\/uploads\/2023\/06\/1-1-1.jpg","contentUrl":"https:\/\/filles-de-la-charite.org\/wp-content\/uploads\/2023\/06\/1-1-1.jpg","width":751,"height":447},{"@type":"BreadcrumbList","@id":"https:\/\/filles-de-la-charite.org\/pl\/rodzina-emigrantow-stara-sie-zyc-pelnia-zycia-2\/#breadcrumb","itemListElement":[{"@type":"ListItem","position":1,"name":"Portugalia","item":"https:\/\/filles-de-la-charite.org\/pl\/category\/portugalia-pl\/"},{"@type":"ListItem","position":2,"name":"Rodzina emigrant\u00f3w stara si\u0119 \u017cy\u0107 pe\u0142ni\u0105 \u017cycia"}]},{"@type":"WebSite","@id":"https:\/\/filles-de-la-charite.org\/pl\/#website","url":"https:\/\/filles-de-la-charite.org\/pl\/","name":"Hijas de la Caridad","description":"L\u2019amour de J\u00e9sus nous presse \u00e0 prendre soin des personnes les plus d\u00e9munies","publisher":{"@id":"https:\/\/filles-de-la-charite.org\/pl\/#organization"},"potentialAction":[{"@type":"SearchAction","target":{"@type":"EntryPoint","urlTemplate":"https:\/\/filles-de-la-charite.org\/pl\/?s={search_term_string}"},"query-input":{"@type":"PropertyValueSpecification","valueRequired":true,"valueName":"search_term_string"}}],"inLanguage":"pl-PL"},{"@type":"Organization","@id":"https:\/\/filles-de-la-charite.org\/pl\/#organization","name":"Hijas de la Caridad","url":"https:\/\/filles-de-la-charite.org\/pl\/","logo":{"@type":"ImageObject","inLanguage":"pl-PL","@id":"https:\/\/filles-de-la-charite.org\/pl\/#\/schema\/logo\/image\/","url":"https:\/\/filles-de-la-charite.org\/wp-content\/uploads\/2023\/03\/isotipo-Hijas-de-la-Caridad.png","contentUrl":"https:\/\/filles-de-la-charite.org\/wp-content\/uploads\/2023\/03\/isotipo-Hijas-de-la-Caridad.png","width":1417,"height":1417,"caption":"Hijas de la Caridad"},"image":{"@id":"https:\/\/filles-de-la-charite.org\/pl\/#\/schema\/logo\/image\/"}},{"@type":"Person","@id":"https:\/\/filles-de-la-charite.org\/pl\/#\/schema\/person\/427567b2eccfc2dd7d206da186a1f438","name":"admin","image":{"@type":"ImageObject","inLanguage":"pl-PL","@id":"https:\/\/secure.gravatar.com\/avatar\/948b492cce32b586ac2db0eaa926ee87024f7afe218d73b397ea5ddfc5f43ea1?s=96&d=mm&r=g","url":"https:\/\/secure.gravatar.com\/avatar\/948b492cce32b586ac2db0eaa926ee87024f7afe218d73b397ea5ddfc5f43ea1?s=96&d=mm&r=g","contentUrl":"https:\/\/secure.gravatar.com\/avatar\/948b492cce32b586ac2db0eaa926ee87024f7afe218d73b397ea5ddfc5f43ea1?s=96&d=mm&r=g","caption":"admin"},"sameAs":["https:\/\/filles-de-la-charite.org"],"url":"https:\/\/filles-de-la-charite.org\/pl\/author\/caridad\/"}]}},"_links":{"self":[{"href":"https:\/\/filles-de-la-charite.org\/pl\/wp-json\/wp\/v2\/posts\/24422","targetHints":{"allow":["GET"]}}],"collection":[{"href":"https:\/\/filles-de-la-charite.org\/pl\/wp-json\/wp\/v2\/posts"}],"about":[{"href":"https:\/\/filles-de-la-charite.org\/pl\/wp-json\/wp\/v2\/types\/post"}],"author":[{"embeddable":true,"href":"https:\/\/filles-de-la-charite.org\/pl\/wp-json\/wp\/v2\/users\/1"}],"replies":[{"embeddable":true,"href":"https:\/\/filles-de-la-charite.org\/pl\/wp-json\/wp\/v2\/comments?post=24422"}],"version-history":[{"count":1,"href":"https:\/\/filles-de-la-charite.org\/pl\/wp-json\/wp\/v2\/posts\/24422\/revisions"}],"predecessor-version":[{"id":24423,"href":"https:\/\/filles-de-la-charite.org\/pl\/wp-json\/wp\/v2\/posts\/24422\/revisions\/24423"}],"wp:featuredmedia":[{"embeddable":true,"href":"https:\/\/filles-de-la-charite.org\/pl\/wp-json\/wp\/v2\/media\/15601"}],"wp:attachment":[{"href":"https:\/\/filles-de-la-charite.org\/pl\/wp-json\/wp\/v2\/media?parent=24422"}],"wp:term":[{"taxonomy":"category","embeddable":true,"href":"https:\/\/filles-de-la-charite.org\/pl\/wp-json\/wp\/v2\/categories?post=24422"},{"taxonomy":"post_tag","embeddable":true,"href":"https:\/\/filles-de-la-charite.org\/pl\/wp-json\/wp\/v2\/tags?post=24422"}],"curies":[{"name":"wp","href":"https:\/\/api.w.org\/{rel}","templated":true}]}}