{"id":24438,"date":"2021-03-31T22:00:00","date_gmt":"2021-03-31T20:00:00","guid":{"rendered":"https:\/\/hijascaridad.sjdigitaldemo.ovh\/chodzmy-w-nadziei\/"},"modified":"2024-03-17T17:53:21","modified_gmt":"2024-03-17T16:53:21","slug":"chodzmy-w-nadziei","status":"publish","type":"post","link":"https:\/\/filles-de-la-charite.org\/pl\/chodzmy-w-nadziei\/","title":{"rendered":"Chod\u017amy w nadziei"},"content":{"rendered":"\n<p>Dzielimy si\u0119 marzeniem, pragnieniem zakorzenionym w g\u0142\u0119bi naszej istoty. Przez Jezusa, Syna Bo\u017cego, wszyscy jeste\u015bmy synami i c\u00f3rkami tego samego Ojca a bra\u0107mi i siostrami mi\u0119dzy sob\u0105. Kiedy sytuacja na \u015bwiecie wydaje si\u0119 temu zaprzecza\u0107, musimy najpierw uwierzy\u0107, a nast\u0119pnie budowa\u0107: prawdziw\u0105 rodzin\u0119 zakorzenion\u0105 w rzeczywisto\u015bci i budowan\u0105 dzie\u0144 po dniu w ci\u0105g\u0142ym wysi\u0142ku przekszta\u0142cania cieni tego \u015bwiata w \u015bcie\u017cki \u015bwiat\u0142a. Na tej drodze urzeczywistniania tego marzenia, kt\u00f3re w nas mieszka, Papie\u017c Franciszek sk\u0142ada w nasze r\u0119ce i serca swoj\u0105 najnowsz\u0105 encyklik\u0119 Fratelli Tutti, wyborn\u0105 &#8222;lask\u0119 pasterza&#8221;. \u201eSnujmy marzenia jako jedna ludzko\u015b\u0107, jako w\u0119drowcy stworzeni z tego samego ludzkiego cia\u0142a, jako dzieci tej samej ziemi, kt\u00f3ra wszystkich nas go\u015bci, ka\u017cdego z bogactwem jego wiary czy jego przekona\u0144, ka\u017cdego z jego w\u0142asnym g\u0142osem, wszystkich jako braci!\u201d (Fratelli Tutti 8) Wejd\u017amy g\u0142\u0119boko, zanurzmy si\u0119 w \u017cyciu, kt\u00f3re jest wewn\u0105trz nas; B\u00f3g Ojciec nas obejmuje, Syn m\u00f3wi nam jak mamy tego dokona\u0107 a Duch nas pobudza, chod\u017amy!<\/p>\n\n\n\n<figure class=\"wp-block-embed-youtube wp-block-embed is-type-video is-provider-youtube wp-embed-aspect-16-9 wp-has-aspect-ratio\"><div class=\"wp-block-embed__wrapper\">\n<iframe loading=\"lazy\" title=\"Chod\u017amy w nadziei  PL\" width=\"1080\" height=\"608\" src=\"https:\/\/www.youtube.com\/embed\/4tyPQANa0WA?feature=oembed\"  allow=\"accelerometer; autoplay; clipboard-write; encrypted-media; gyroscope; picture-in-picture; web-share\" allowfullscreen><\/iframe>\n<\/div><\/figure>\n","protected":false},"excerpt":{"rendered":"<p>Dzielimy si\u0119 marzeniem, pragnieniem zakorzenionym w g\u0142\u0119bi naszej istoty. Przez Jezusa, Syna Bo\u017cego, wszyscy jeste\u015bmy synami i c\u00f3rkami tego samego Ojca a bra\u0107mi i siostrami mi\u0119dzy sob\u0105. Kiedy sytuacja na \u015bwiecie wydaje si\u0119 temu zaprzecza\u0107, musimy najpierw uwierzy\u0107, a nast\u0119pnie budowa\u0107: prawdziw\u0105 rodzin\u0119 zakorzenion\u0105 w rzeczywisto\u015bci i budowan\u0105 dzie\u0144 po dniu w ci\u0105g\u0142ym wysi\u0142ku przekszta\u0142cania [&hellip;]<\/p>\n","protected":false},"author":1,"featured_media":15622,"comment_status":"closed","ping_status":"closed","sticky":false,"template":"","format":"standard","meta":{"_acf_changed":false,"_et_pb_use_builder":"","_et_pb_old_content":"","_et_gb_content_width":"","footnotes":"","_links_to":"","_links_to_target":""},"categories":[757],"tags":[],"class_list":["post-24438","post","type-post","status-publish","format-standard","has-post-thumbnail","hentry","category-caribe-pl"],"acf":[],"yoast_head":"<!-- This site is optimized with the Yoast SEO plugin v27.5 - https:\/\/yoast.com\/product\/yoast-seo-wordpress\/ -->\n<title>Chod\u017amy w nadziei - Filles de la Charit\u00e9<\/title>\n<meta name=\"robots\" content=\"index, follow, max-snippet:-1, max-image-preview:large, max-video-preview:-1\" \/>\n<link rel=\"canonical\" href=\"https:\/\/filles-de-la-charite.org\/pl\/chodzmy-w-nadziei\/\" \/>\n<meta property=\"og:locale\" content=\"pl_PL\" \/>\n<meta property=\"og:type\" content=\"article\" \/>\n<meta property=\"og:title\" content=\"Chod\u017amy w nadziei - Filles de la Charit\u00e9\" \/>\n<meta property=\"og:description\" content=\"Dzielimy si\u0119 marzeniem, pragnieniem zakorzenionym w g\u0142\u0119bi naszej istoty. Przez Jezusa, Syna Bo\u017cego, wszyscy jeste\u015bmy synami i c\u00f3rkami tego samego Ojca a bra\u0107mi i siostrami mi\u0119dzy sob\u0105. Kiedy sytuacja na \u015bwiecie wydaje si\u0119 temu zaprzecza\u0107, musimy najpierw uwierzy\u0107, a nast\u0119pnie budowa\u0107: prawdziw\u0105 rodzin\u0119 zakorzenion\u0105 w rzeczywisto\u015bci i budowan\u0105 dzie\u0144 po dniu w ci\u0105g\u0142ym wysi\u0142ku przekszta\u0142cania [&hellip;]\" \/>\n<meta property=\"og:url\" content=\"https:\/\/filles-de-la-charite.org\/pl\/chodzmy-w-nadziei\/\" \/>\n<meta property=\"og:site_name\" content=\"Filles de la Charit\u00e9\" \/>\n<meta property=\"article:published_time\" content=\"2021-03-31T20:00:00+00:00\" \/>\n<meta property=\"article:modified_time\" content=\"2024-03-17T16:53:21+00:00\" \/>\n<meta property=\"og:image\" content=\"https:\/\/filles-de-la-charite.org\/wp-content\/uploads\/2023\/06\/thumbnail-scaled-1.jpg\" \/>\n\t<meta property=\"og:image:width\" content=\"2560\" \/>\n\t<meta property=\"og:image:height\" content=\"1440\" \/>\n\t<meta property=\"og:image:type\" content=\"image\/jpeg\" \/>\n<meta name=\"author\" content=\"admin\" \/>\n<meta name=\"twitter:card\" content=\"summary_large_image\" \/>\n<meta name=\"twitter:label1\" content=\"Napisane przez\" \/>\n\t<meta name=\"twitter:data1\" content=\"admin\" \/>\n\t<meta name=\"twitter:label2\" content=\"Szacowany czas czytania\" \/>\n\t<meta name=\"twitter:data2\" content=\"1 minuta\" \/>\n<script type=\"application\/ld+json\" class=\"yoast-schema-graph\">{\"@context\":\"https:\\\/\\\/schema.org\",\"@graph\":[{\"@type\":\"Article\",\"@id\":\"https:\\\/\\\/filles-de-la-charite.org\\\/pl\\\/chodzmy-w-nadziei\\\/#article\",\"isPartOf\":{\"@id\":\"https:\\\/\\\/filles-de-la-charite.org\\\/pl\\\/chodzmy-w-nadziei\\\/\"},\"author\":{\"name\":\"admin\",\"@id\":\"https:\\\/\\\/filles-de-la-charite.org\\\/pl\\\/#\\\/schema\\\/person\\\/427567b2eccfc2dd7d206da186a1f438\"},\"headline\":\"Chod\u017amy w nadziei\",\"datePublished\":\"2021-03-31T20:00:00+00:00\",\"dateModified\":\"2024-03-17T16:53:21+00:00\",\"mainEntityOfPage\":{\"@id\":\"https:\\\/\\\/filles-de-la-charite.org\\\/pl\\\/chodzmy-w-nadziei\\\/\"},\"wordCount\":194,\"publisher\":{\"@id\":\"https:\\\/\\\/filles-de-la-charite.org\\\/pl\\\/#organization\"},\"image\":{\"@id\":\"https:\\\/\\\/filles-de-la-charite.org\\\/pl\\\/chodzmy-w-nadziei\\\/#primaryimage\"},\"thumbnailUrl\":\"https:\\\/\\\/filles-de-la-charite.org\\\/wp-content\\\/uploads\\\/2023\\\/06\\\/thumbnail-scaled-1.jpg\",\"articleSection\":[\"Karaiby\"],\"inLanguage\":\"pl-PL\"},{\"@type\":\"WebPage\",\"@id\":\"https:\\\/\\\/filles-de-la-charite.org\\\/pl\\\/chodzmy-w-nadziei\\\/\",\"url\":\"https:\\\/\\\/filles-de-la-charite.org\\\/pl\\\/chodzmy-w-nadziei\\\/\",\"name\":\"Chod\u017amy w nadziei - Filles de la Charit\u00e9\",\"isPartOf\":{\"@id\":\"https:\\\/\\\/filles-de-la-charite.org\\\/pl\\\/#website\"},\"primaryImageOfPage\":{\"@id\":\"https:\\\/\\\/filles-de-la-charite.org\\\/pl\\\/chodzmy-w-nadziei\\\/#primaryimage\"},\"image\":{\"@id\":\"https:\\\/\\\/filles-de-la-charite.org\\\/pl\\\/chodzmy-w-nadziei\\\/#primaryimage\"},\"thumbnailUrl\":\"https:\\\/\\\/filles-de-la-charite.org\\\/wp-content\\\/uploads\\\/2023\\\/06\\\/thumbnail-scaled-1.jpg\",\"datePublished\":\"2021-03-31T20:00:00+00:00\",\"dateModified\":\"2024-03-17T16:53:21+00:00\",\"breadcrumb\":{\"@id\":\"https:\\\/\\\/filles-de-la-charite.org\\\/pl\\\/chodzmy-w-nadziei\\\/#breadcrumb\"},\"inLanguage\":\"pl-PL\",\"potentialAction\":[{\"@type\":\"ReadAction\",\"target\":[\"https:\\\/\\\/filles-de-la-charite.org\\\/pl\\\/chodzmy-w-nadziei\\\/\"]}]},{\"@type\":\"ImageObject\",\"inLanguage\":\"pl-PL\",\"@id\":\"https:\\\/\\\/filles-de-la-charite.org\\\/pl\\\/chodzmy-w-nadziei\\\/#primaryimage\",\"url\":\"https:\\\/\\\/filles-de-la-charite.org\\\/wp-content\\\/uploads\\\/2023\\\/06\\\/thumbnail-scaled-1.jpg\",\"contentUrl\":\"https:\\\/\\\/filles-de-la-charite.org\\\/wp-content\\\/uploads\\\/2023\\\/06\\\/thumbnail-scaled-1.jpg\",\"width\":2560,\"height\":1440},{\"@type\":\"BreadcrumbList\",\"@id\":\"https:\\\/\\\/filles-de-la-charite.org\\\/pl\\\/chodzmy-w-nadziei\\\/#breadcrumb\",\"itemListElement\":[{\"@type\":\"ListItem\",\"position\":1,\"name\":\"Karaiby\",\"item\":\"https:\\\/\\\/filles-de-la-charite.org\\\/pl\\\/category\\\/caribe-pl\\\/\"},{\"@type\":\"ListItem\",\"position\":2,\"name\":\"Chod\u017amy w nadziei\"}]},{\"@type\":\"WebSite\",\"@id\":\"https:\\\/\\\/filles-de-la-charite.org\\\/pl\\\/#website\",\"url\":\"https:\\\/\\\/filles-de-la-charite.org\\\/pl\\\/\",\"name\":\"Hijas de la Caridad\",\"description\":\"L\u2019amour de J\u00e9sus nous presse \u00e0 prendre soin des personnes les plus d\u00e9munies\",\"publisher\":{\"@id\":\"https:\\\/\\\/filles-de-la-charite.org\\\/pl\\\/#organization\"},\"potentialAction\":[{\"@type\":\"SearchAction\",\"target\":{\"@type\":\"EntryPoint\",\"urlTemplate\":\"https:\\\/\\\/filles-de-la-charite.org\\\/pl\\\/?s={search_term_string}\"},\"query-input\":{\"@type\":\"PropertyValueSpecification\",\"valueRequired\":true,\"valueName\":\"search_term_string\"}}],\"inLanguage\":\"pl-PL\"},{\"@type\":\"Organization\",\"@id\":\"https:\\\/\\\/filles-de-la-charite.org\\\/pl\\\/#organization\",\"name\":\"Hijas de la Caridad\",\"url\":\"https:\\\/\\\/filles-de-la-charite.org\\\/pl\\\/\",\"logo\":{\"@type\":\"ImageObject\",\"inLanguage\":\"pl-PL\",\"@id\":\"https:\\\/\\\/filles-de-la-charite.org\\\/pl\\\/#\\\/schema\\\/logo\\\/image\\\/\",\"url\":\"https:\\\/\\\/filles-de-la-charite.org\\\/wp-content\\\/uploads\\\/2023\\\/03\\\/isotipo-Hijas-de-la-Caridad.png\",\"contentUrl\":\"https:\\\/\\\/filles-de-la-charite.org\\\/wp-content\\\/uploads\\\/2023\\\/03\\\/isotipo-Hijas-de-la-Caridad.png\",\"width\":1417,\"height\":1417,\"caption\":\"Hijas de la Caridad\"},\"image\":{\"@id\":\"https:\\\/\\\/filles-de-la-charite.org\\\/pl\\\/#\\\/schema\\\/logo\\\/image\\\/\"}},{\"@type\":\"Person\",\"@id\":\"https:\\\/\\\/filles-de-la-charite.org\\\/pl\\\/#\\\/schema\\\/person\\\/427567b2eccfc2dd7d206da186a1f438\",\"name\":\"admin\",\"image\":{\"@type\":\"ImageObject\",\"inLanguage\":\"pl-PL\",\"@id\":\"https:\\\/\\\/secure.gravatar.com\\\/avatar\\\/948b492cce32b586ac2db0eaa926ee87024f7afe218d73b397ea5ddfc5f43ea1?s=96&d=mm&r=g\",\"url\":\"https:\\\/\\\/secure.gravatar.com\\\/avatar\\\/948b492cce32b586ac2db0eaa926ee87024f7afe218d73b397ea5ddfc5f43ea1?s=96&d=mm&r=g\",\"contentUrl\":\"https:\\\/\\\/secure.gravatar.com\\\/avatar\\\/948b492cce32b586ac2db0eaa926ee87024f7afe218d73b397ea5ddfc5f43ea1?s=96&d=mm&r=g\",\"caption\":\"admin\"},\"sameAs\":[\"https:\\\/\\\/filles-de-la-charite.org\"],\"url\":\"https:\\\/\\\/filles-de-la-charite.org\\\/pl\\\/author\\\/caridad\\\/\"}]}<\/script>\n<!-- \/ Yoast SEO plugin. -->","yoast_head_json":{"title":"Chod\u017amy w nadziei - Filles de la Charit\u00e9","robots":{"index":"index","follow":"follow","max-snippet":"max-snippet:-1","max-image-preview":"max-image-preview:large","max-video-preview":"max-video-preview:-1"},"canonical":"https:\/\/filles-de-la-charite.org\/pl\/chodzmy-w-nadziei\/","og_locale":"pl_PL","og_type":"article","og_title":"Chod\u017amy w nadziei - Filles de la Charit\u00e9","og_description":"Dzielimy si\u0119 marzeniem, pragnieniem zakorzenionym w g\u0142\u0119bi naszej istoty. Przez Jezusa, Syna Bo\u017cego, wszyscy jeste\u015bmy synami i c\u00f3rkami tego samego Ojca a bra\u0107mi i siostrami mi\u0119dzy sob\u0105. Kiedy sytuacja na \u015bwiecie wydaje si\u0119 temu zaprzecza\u0107, musimy najpierw uwierzy\u0107, a nast\u0119pnie budowa\u0107: prawdziw\u0105 rodzin\u0119 zakorzenion\u0105 w rzeczywisto\u015bci i budowan\u0105 dzie\u0144 po dniu w ci\u0105g\u0142ym wysi\u0142ku przekszta\u0142cania [&hellip;]","og_url":"https:\/\/filles-de-la-charite.org\/pl\/chodzmy-w-nadziei\/","og_site_name":"Filles de la Charit\u00e9","article_published_time":"2021-03-31T20:00:00+00:00","article_modified_time":"2024-03-17T16:53:21+00:00","og_image":[{"width":2560,"height":1440,"url":"https:\/\/filles-de-la-charite.org\/wp-content\/uploads\/2023\/06\/thumbnail-scaled-1.jpg","type":"image\/jpeg"}],"author":"admin","twitter_card":"summary_large_image","twitter_misc":{"Napisane przez":"admin","Szacowany czas czytania":"1 minuta"},"schema":{"@context":"https:\/\/schema.org","@graph":[{"@type":"Article","@id":"https:\/\/filles-de-la-charite.org\/pl\/chodzmy-w-nadziei\/#article","isPartOf":{"@id":"https:\/\/filles-de-la-charite.org\/pl\/chodzmy-w-nadziei\/"},"author":{"name":"admin","@id":"https:\/\/filles-de-la-charite.org\/pl\/#\/schema\/person\/427567b2eccfc2dd7d206da186a1f438"},"headline":"Chod\u017amy w nadziei","datePublished":"2021-03-31T20:00:00+00:00","dateModified":"2024-03-17T16:53:21+00:00","mainEntityOfPage":{"@id":"https:\/\/filles-de-la-charite.org\/pl\/chodzmy-w-nadziei\/"},"wordCount":194,"publisher":{"@id":"https:\/\/filles-de-la-charite.org\/pl\/#organization"},"image":{"@id":"https:\/\/filles-de-la-charite.org\/pl\/chodzmy-w-nadziei\/#primaryimage"},"thumbnailUrl":"https:\/\/filles-de-la-charite.org\/wp-content\/uploads\/2023\/06\/thumbnail-scaled-1.jpg","articleSection":["Karaiby"],"inLanguage":"pl-PL"},{"@type":"WebPage","@id":"https:\/\/filles-de-la-charite.org\/pl\/chodzmy-w-nadziei\/","url":"https:\/\/filles-de-la-charite.org\/pl\/chodzmy-w-nadziei\/","name":"Chod\u017amy w nadziei - Filles de la Charit\u00e9","isPartOf":{"@id":"https:\/\/filles-de-la-charite.org\/pl\/#website"},"primaryImageOfPage":{"@id":"https:\/\/filles-de-la-charite.org\/pl\/chodzmy-w-nadziei\/#primaryimage"},"image":{"@id":"https:\/\/filles-de-la-charite.org\/pl\/chodzmy-w-nadziei\/#primaryimage"},"thumbnailUrl":"https:\/\/filles-de-la-charite.org\/wp-content\/uploads\/2023\/06\/thumbnail-scaled-1.jpg","datePublished":"2021-03-31T20:00:00+00:00","dateModified":"2024-03-17T16:53:21+00:00","breadcrumb":{"@id":"https:\/\/filles-de-la-charite.org\/pl\/chodzmy-w-nadziei\/#breadcrumb"},"inLanguage":"pl-PL","potentialAction":[{"@type":"ReadAction","target":["https:\/\/filles-de-la-charite.org\/pl\/chodzmy-w-nadziei\/"]}]},{"@type":"ImageObject","inLanguage":"pl-PL","@id":"https:\/\/filles-de-la-charite.org\/pl\/chodzmy-w-nadziei\/#primaryimage","url":"https:\/\/filles-de-la-charite.org\/wp-content\/uploads\/2023\/06\/thumbnail-scaled-1.jpg","contentUrl":"https:\/\/filles-de-la-charite.org\/wp-content\/uploads\/2023\/06\/thumbnail-scaled-1.jpg","width":2560,"height":1440},{"@type":"BreadcrumbList","@id":"https:\/\/filles-de-la-charite.org\/pl\/chodzmy-w-nadziei\/#breadcrumb","itemListElement":[{"@type":"ListItem","position":1,"name":"Karaiby","item":"https:\/\/filles-de-la-charite.org\/pl\/category\/caribe-pl\/"},{"@type":"ListItem","position":2,"name":"Chod\u017amy w nadziei"}]},{"@type":"WebSite","@id":"https:\/\/filles-de-la-charite.org\/pl\/#website","url":"https:\/\/filles-de-la-charite.org\/pl\/","name":"Hijas de la Caridad","description":"L\u2019amour de J\u00e9sus nous presse \u00e0 prendre soin des personnes les plus d\u00e9munies","publisher":{"@id":"https:\/\/filles-de-la-charite.org\/pl\/#organization"},"potentialAction":[{"@type":"SearchAction","target":{"@type":"EntryPoint","urlTemplate":"https:\/\/filles-de-la-charite.org\/pl\/?s={search_term_string}"},"query-input":{"@type":"PropertyValueSpecification","valueRequired":true,"valueName":"search_term_string"}}],"inLanguage":"pl-PL"},{"@type":"Organization","@id":"https:\/\/filles-de-la-charite.org\/pl\/#organization","name":"Hijas de la Caridad","url":"https:\/\/filles-de-la-charite.org\/pl\/","logo":{"@type":"ImageObject","inLanguage":"pl-PL","@id":"https:\/\/filles-de-la-charite.org\/pl\/#\/schema\/logo\/image\/","url":"https:\/\/filles-de-la-charite.org\/wp-content\/uploads\/2023\/03\/isotipo-Hijas-de-la-Caridad.png","contentUrl":"https:\/\/filles-de-la-charite.org\/wp-content\/uploads\/2023\/03\/isotipo-Hijas-de-la-Caridad.png","width":1417,"height":1417,"caption":"Hijas de la Caridad"},"image":{"@id":"https:\/\/filles-de-la-charite.org\/pl\/#\/schema\/logo\/image\/"}},{"@type":"Person","@id":"https:\/\/filles-de-la-charite.org\/pl\/#\/schema\/person\/427567b2eccfc2dd7d206da186a1f438","name":"admin","image":{"@type":"ImageObject","inLanguage":"pl-PL","@id":"https:\/\/secure.gravatar.com\/avatar\/948b492cce32b586ac2db0eaa926ee87024f7afe218d73b397ea5ddfc5f43ea1?s=96&d=mm&r=g","url":"https:\/\/secure.gravatar.com\/avatar\/948b492cce32b586ac2db0eaa926ee87024f7afe218d73b397ea5ddfc5f43ea1?s=96&d=mm&r=g","contentUrl":"https:\/\/secure.gravatar.com\/avatar\/948b492cce32b586ac2db0eaa926ee87024f7afe218d73b397ea5ddfc5f43ea1?s=96&d=mm&r=g","caption":"admin"},"sameAs":["https:\/\/filles-de-la-charite.org"],"url":"https:\/\/filles-de-la-charite.org\/pl\/author\/caridad\/"}]}},"_links":{"self":[{"href":"https:\/\/filles-de-la-charite.org\/pl\/wp-json\/wp\/v2\/posts\/24438","targetHints":{"allow":["GET"]}}],"collection":[{"href":"https:\/\/filles-de-la-charite.org\/pl\/wp-json\/wp\/v2\/posts"}],"about":[{"href":"https:\/\/filles-de-la-charite.org\/pl\/wp-json\/wp\/v2\/types\/post"}],"author":[{"embeddable":true,"href":"https:\/\/filles-de-la-charite.org\/pl\/wp-json\/wp\/v2\/users\/1"}],"replies":[{"embeddable":true,"href":"https:\/\/filles-de-la-charite.org\/pl\/wp-json\/wp\/v2\/comments?post=24438"}],"version-history":[{"count":1,"href":"https:\/\/filles-de-la-charite.org\/pl\/wp-json\/wp\/v2\/posts\/24438\/revisions"}],"predecessor-version":[{"id":34510,"href":"https:\/\/filles-de-la-charite.org\/pl\/wp-json\/wp\/v2\/posts\/24438\/revisions\/34510"}],"wp:featuredmedia":[{"embeddable":true,"href":"https:\/\/filles-de-la-charite.org\/pl\/wp-json\/wp\/v2\/media\/15622"}],"wp:attachment":[{"href":"https:\/\/filles-de-la-charite.org\/pl\/wp-json\/wp\/v2\/media?parent=24438"}],"wp:term":[{"taxonomy":"category","embeddable":true,"href":"https:\/\/filles-de-la-charite.org\/pl\/wp-json\/wp\/v2\/categories?post=24438"},{"taxonomy":"post_tag","embeddable":true,"href":"https:\/\/filles-de-la-charite.org\/pl\/wp-json\/wp\/v2\/tags?post=24438"}],"curies":[{"name":"wp","href":"https:\/\/api.w.org\/{rel}","templated":true}]}}