{"id":24445,"date":"2021-04-26T11:31:33","date_gmt":"2021-04-26T09:31:33","guid":{"rendered":"https:\/\/hijascaridad.sjdigitaldemo.ovh\/konferencja-wincentynska-2021-ranny-czlowiek-kto-uwolni-nas-od-strachu\/"},"modified":"2024-03-17T17:52:46","modified_gmt":"2024-03-17T16:52:46","slug":"konferencja-wincentynska-2021-ranny-czlowiek-kto-uwolni-nas-od-strachu","status":"publish","type":"post","link":"https:\/\/filles-de-la-charite.org\/pl\/konferencja-wincentynska-2021-ranny-czlowiek-kto-uwolni-nas-od-strachu\/","title":{"rendered":"Konferencja Wincenty\u0144ska 2021 &#8222;Ranny cz\u0142owiek&#8230; kto uwolni nas od strachu?&#8221;"},"content":{"rendered":"\n<div class=\"wp-block-image\"><figure class=\"aligncenter size-large\"><img decoding=\"async\" src=\"https:\/\/filles-de-la-charite.org\/wp-content\/uploads\/2023\/06\/Poster-Seminario-2021-724x1024-1.jpg\" alt=\"\" class=\"wp-image-62235\" \/><\/figure><\/div>\n\n\n\n<p>W dniu 24 stycznia 2021 r. po raz pierwszy na \u017cywo na platformie Zoom by\u0142a transmitowana Konferencja Wincenty\u0144ska 2021. Zosta\u0142a przeprowadzona w ci\u0105gu jednego dnia dla ca\u0142ej Sardynii, zamiast dw\u00f3ch r\u00f3\u017cnych dni (jednego dla p\u00f3\u0142nocy i jednego dla po\u0142udnia naszej wyspy) jak to robiono w przesz\u0142o\u015bci. Transmisja na \u017cywo przejdzie do historii z powodu pandemii. W ci\u0105gu jednego dnia dla wszystkich cz\u0142onk\u00f3w odby\u0142o si\u0119 studium po\u015bwi\u0119cone pog\u0142\u0119bianiu duchowo\u015bci i nauczaniu \u015bw. Wincentego a Paulo.<\/p>\n\n\n\n<p>W wirtualnym spotkaniu wzi\u0119\u0142y udzia\u0142 ga\u0142\u0119zie nale\u017c\u0105ce do Rodziny Wincenty\u0144skiej \u0142\u0105cz\u0105c si\u0119 z Sassari, Olbii i Cagliari. By\u0142y to: osoby \u015bwieckie m\u0119\u017cczy\u017ani i kobiety z Konferencji \u015bw. Wincentego a Paulo za\u0142o\u017conych przez b\u0142. Fryderyka Ozanama, Siostry \u015bw. Joanny Antydy Thouret, Siostry Zgromadzenia Getsemani za\u0142o\u017conego przez ksi\u0119dza Manzell\u0119, Misjonarza ze Zgromadzenia Misji, najwi\u0119ksz\u0105 grup\u0119 Wolontariuszy Wincenty\u0144skich, Kap\u0142an\u00f3w Misji pracuj\u0105cych w Sassari i Cagliari oraz Siostry Mi\u0142osierdzia, kt\u00f3re s\u0105 dobrze znane w ka\u017cdym zak\u0105tku naszego kraju.<\/p>\n\n\n\n<div class=\"wp-block-image\"><figure class=\"aligncenter size-large\"><img decoding=\"async\" src=\"https:\/\/filles-de-la-charite.org\/wp-content\/uploads\/2023\/06\/2-1024x569-1.jpg\" alt=\"\" class=\"wp-image-62237\" \/><\/figure><\/div>\n\n\n\n<p>Po kr\u00f3tkiej modlitwie, kt\u00f3r\u0105 poprowadzi\u0142 ks. Beppe Crobu, Prze\u0142o\u017cony Casa della Missione w Cagliari, prelegent, ks. Nicola Albanesi CM, przedstawi\u0142 temat studium: Ranny cz\u0142owiek\u2026 kto uwolni nas od strachu? Prelegent wyra\u017anie podkre\u015bli\u0142, jak \u015bw. Wincenty staj\u0105c twarz\u0105 w twarz z rannym cz\u0142owiekiem (pandemia jest dla nas wszystkich ran\u0105 trudn\u0105 do wyleczenia), prze\u017cy\u0142 wyzwanie wiary. \u015aw. Wincenty, nasz nauczyciel, nadal pokazuje nam, jak pochyli\u0107 si\u0119 nad ranami cierpi\u0105cej ludzko\u015bci naszych czas\u00f3w.<\/p>\n\n\n\n<p>W centrum ka\u017cdej konferencji s\u0105 pytania, kt\u00f3re zawsze stawia\u0142y nam wyzwanie, je\u015bli chodzi o mi\u0142o\u015b\u0107, jak\u0105 my, Ksi\u0119\u017ca Misjonarze, darzymy Ubogich: czym ona jest i sk\u0105d pochodzi nasza mi\u0142o\u015b\u0107? Cz\u0119sto s\u0142yszeli\u015bmy, \u017ce musimy stara\u0107 si\u0119 kocha\u0107 innych, przezwyci\u0119\u017ca\u0107 niech\u0119\u0107, radzi\u0107 sobie w odra\u017caj\u0105cych sytuacjach. W jaki\u015b spos\u00f3b doszli\u015bmy do przekonania, \u017ce mi\u0142o\u015b\u0107 bli\u017aniego zale\u017cy od naszej dobrej woli. Oczywi\u015bcie, mi\u0142o\u015b\u0107 do naszych braci i si\u00f3str, zaczynaj\u0105c od tych najmniejszych, wymaga naszego dzia\u0142ania i pewnego zaanga\u017cowania, ale pochodzi to z rzeczywisto\u015bci, kt\u00f3ra le\u017cy g\u0142\u0119boko w naszej istocie, gdzie Mi\u0142o\u015b\u0107 jest wszechogarniaj\u0105ca.<\/p>\n\n\n\n<p>O. Nicola u\u015bwiadomi\u0142 nas, jakie musi by\u0107 dla nas autentyczne \u017ar\u00f3d\u0142o mi\u0142o\u015bci, co powinno o\u017cywia\u0107 nasz\u0105 dzia\u0142alno\u015b\u0107 charytatywn\u0105: \u201e\u0179r\u00f3d\u0142em naszej mi\u0142o\u015bci jest nic innego jak Mi\u0142o\u015b\u0107, kt\u00f3r\u0105 otrzymali\u015bmy. Wyp\u0142ywa to ze \u015bwiadomo\u015bci, \u017ce kocha nas B\u00f3g. Mi\u0142osierdzie jest zawsze owocem dzia\u0142ania Chrystusa w nas! Rozumiemy wtedy, jak serce przenikni\u0119te mi\u0142o\u015bci\u0105 Chrystusa poznaje nie tylko mi\u0142o\u015b\u0107 bli\u017aniego, ale tak\u017ce dar modlitwy! Mi\u0142o\u015b\u0107 do Ubogich potrzebuje \u017cywej wiary, nieustannego i ci\u0105g\u0142ego poszukiwania oblicza Boga. Mi\u0142o\u015b\u0107 Bo\u017ca, objawiona w Chrystusie i wylana przez Ducha, karmi mi\u0142o\u015b\u0107 do Ubogich, wspiera w chwilach pr\u00f3by, budzi si\u0119 w chwilach kryzysu i chroni, gdy grozi upadek. Wsp\u00f3lnota, kt\u00f3ra si\u0119 modli, kontempluje tajemnic\u0119 Chrystusa i \u017cyje w komunii troszcz\u0105c si\u0119 o siebie nawzajem, jest miejscem, z kt\u00f3rego czerpie si\u0119 ze \u017ar\u00f3d\u0142a bezwarunkowej mi\u0142o\u015bci i zyskuje si\u0142\u0119, by kocha\u0107 tych, kt\u00f3rzy s\u0105 niekochani, tych, kt\u00f3rym jest najtrudniej wierzy\u0107 w mi\u0142o\u015b\u0107 i by\u0107 otwartym na pi\u0119kno \u017cycia \u201d.<\/p>\n\n\n\n<div class=\"wp-block-image\"><figure class=\"aligncenter size-large\"><img decoding=\"async\" src=\"https:\/\/filles-de-la-charite.org\/wp-content\/uploads\/2023\/06\/5-1024x574-1.jpg\" alt=\"\" class=\"wp-image-62240\" \/><\/figure><\/div>\n\n\n\n<p>Na zako\u0144czenie Konferencji z rado\u015bci\u0105 wys\u0142uchali\u015bmy kr\u00f3tkiego przes\u0142ania biskupa Cagliari, pra\u0142ata Giuseppe Batturiego. Zach\u0119ci\u0142 nas, aby\u015bmy nadal anga\u017cowali si\u0119 w budowanie obrazu Ko\u015bcio\u0142a, kt\u00f3ry odpowiada na dzisiejsze potrzeby. Mamy nadziej\u0119, \u017ce w Konferencji Wincenty\u0144skiej 2022 b\u0119dziemy mogli uczestniczy\u0107 fizycznie! Na zako\u0144czenie spotkania O. Nicola zacytowa\u0142 \u015bw. Wincentego \u2026 uczy\u0144my te s\u0142owa w\u0142asnymi:<\/p>\n\n\n\n<div class=\"wp-block-image\"><figure class=\"aligncenter size-large\"><img decoding=\"async\" src=\"https:\/\/filles-de-la-charite.org\/wp-content\/uploads\/2023\/06\/6-1024x568-1.jpg\" alt=\"\" class=\"wp-image-62241\" \/><\/figure><\/div>\n\n\n\n<p><em>\u201eNajlepszym sposobem na zapewnienie sobie wiecznego szcz\u0119\u015bcia<br>jest \u017cycie i umieranie w s\u0142u\u017cbie Ubogim,<br>w ramionach Bo\u017cej Opatrzno\u015bci, w ca\u0142kowitym wyrzeczeniu si\u0119 siebie<br>i\u00a0 na\u015bladowaniu Jezusa Chrystusa\u201d.<\/em><\/p>\n\n\n\n<figure class=\"wp-block-gallery aligncenter columns-2 is-cropped wp-block-gallery-1 is-layout-flex wp-block-gallery-is-layout-flex\"><ul class=\"blocks-gallery-grid\"><li class=\"blocks-gallery-item\"><figure><img decoding=\"async\" src=\"https:\/\/filles-de-la-charite.org\/wp-content\/uploads\/2023\/06\/4-1024x573-1.jpg\" alt=\"\" data-id=\"62239\" data-full-url=\"https:\/\/www.filles-de-la-charite.org\/wp-content\/uploads\/news\/April 2021\/SARDINIA\/4.jpg\" data-link=\"https:\/\/www.filles-de-la-charite.org\/?attachment_id=62239\" class=\"wp-image-62239\" \/><\/figure><\/li><li class=\"blocks-gallery-item\"><figure><img decoding=\"async\" src=\"https:\/\/filles-de-la-charite.org\/wp-content\/uploads\/2023\/06\/3-1024x577-1.jpg\" alt=\"\" data-id=\"62238\" data-full-url=\"https:\/\/www.filles-de-la-charite.org\/wp-content\/uploads\/news\/April 2021\/SARDINIA\/3.jpg\" data-link=\"https:\/\/www.filles-de-la-charite.org\/?attachment_id=62238\" class=\"wp-image-62238\" \/><\/figure><\/li><\/ul><\/figure>\n","protected":false},"excerpt":{"rendered":"<p>W dniu 24 stycznia 2021 r. po raz pierwszy na \u017cywo na platformie Zoom by\u0142a transmitowana Konferencja Wincenty\u0144ska 2021. Zosta\u0142a przeprowadzona w ci\u0105gu jednego dnia dla ca\u0142ej Sardynii, zamiast dw\u00f3ch r\u00f3\u017cnych dni (jednego dla p\u00f3\u0142nocy i jednego dla po\u0142udnia naszej wyspy) jak to robiono w przesz\u0142o\u015bci. Transmisja na \u017cywo przejdzie do historii z powodu pandemii. [&hellip;]<\/p>\n","protected":false},"author":1,"featured_media":15786,"comment_status":"closed","ping_status":"closed","sticky":false,"template":"","format":"standard","meta":{"_acf_changed":false,"footnotes":"","_links_to":"","_links_to_target":""},"categories":[687],"tags":[],"class_list":["post-24445","post","type-post","status-publish","format-standard","has-post-thumbnail","hentry","category-sardynia-wlochy-pl"],"acf":[],"yoast_head":"<!-- This site is optimized with the Yoast SEO plugin v27.5 - https:\/\/yoast.com\/product\/yoast-seo-wordpress\/ -->\n<title>Konferencja Wincenty\u0144ska 2021 &quot;Ranny cz\u0142owiek... kto uwolni nas od strachu?&quot; - Filles de la Charit\u00e9<\/title>\n<meta name=\"robots\" content=\"index, follow, max-snippet:-1, max-image-preview:large, max-video-preview:-1\" \/>\n<link rel=\"canonical\" href=\"https:\/\/filles-de-la-charite.org\/pl\/konferencja-wincentynska-2021-ranny-czlowiek-kto-uwolni-nas-od-strachu\/\" \/>\n<meta property=\"og:locale\" content=\"pl_PL\" \/>\n<meta property=\"og:type\" content=\"article\" \/>\n<meta property=\"og:title\" content=\"Konferencja Wincenty\u0144ska 2021 &quot;Ranny cz\u0142owiek... kto uwolni nas od strachu?&quot; - Filles de la Charit\u00e9\" \/>\n<meta property=\"og:description\" content=\"W dniu 24 stycznia 2021 r. po raz pierwszy na \u017cywo na platformie Zoom by\u0142a transmitowana Konferencja Wincenty\u0144ska 2021. Zosta\u0142a przeprowadzona w ci\u0105gu jednego dnia dla ca\u0142ej Sardynii, zamiast dw\u00f3ch r\u00f3\u017cnych dni (jednego dla p\u00f3\u0142nocy i jednego dla po\u0142udnia naszej wyspy) jak to robiono w przesz\u0142o\u015bci. Transmisja na \u017cywo przejdzie do historii z powodu pandemii. [&hellip;]\" \/>\n<meta property=\"og:url\" content=\"https:\/\/filles-de-la-charite.org\/pl\/konferencja-wincentynska-2021-ranny-czlowiek-kto-uwolni-nas-od-strachu\/\" \/>\n<meta property=\"og:site_name\" content=\"Filles de la Charit\u00e9\" \/>\n<meta property=\"article:published_time\" content=\"2021-04-26T09:31:33+00:00\" \/>\n<meta property=\"article:modified_time\" content=\"2024-03-17T16:52:46+00:00\" \/>\n<meta property=\"og:image\" content=\"https:\/\/filles-de-la-charite.org\/wp-content\/uploads\/2023\/06\/1-5.jpg\" \/>\n\t<meta property=\"og:image:width\" content=\"1364\" \/>\n\t<meta property=\"og:image:height\" content=\"764\" \/>\n\t<meta property=\"og:image:type\" content=\"image\/jpeg\" \/>\n<meta name=\"author\" content=\"admin\" \/>\n<meta name=\"twitter:card\" content=\"summary_large_image\" \/>\n<meta name=\"twitter:label1\" content=\"Napisane przez\" \/>\n\t<meta name=\"twitter:data1\" content=\"admin\" \/>\n\t<meta name=\"twitter:label2\" content=\"Szacowany czas czytania\" \/>\n\t<meta name=\"twitter:data2\" content=\"4 minuty\" \/>\n<script type=\"application\/ld+json\" class=\"yoast-schema-graph\">{\"@context\":\"https:\\\/\\\/schema.org\",\"@graph\":[{\"@type\":\"Article\",\"@id\":\"https:\\\/\\\/filles-de-la-charite.org\\\/pl\\\/konferencja-wincentynska-2021-ranny-czlowiek-kto-uwolni-nas-od-strachu\\\/#article\",\"isPartOf\":{\"@id\":\"https:\\\/\\\/filles-de-la-charite.org\\\/pl\\\/konferencja-wincentynska-2021-ranny-czlowiek-kto-uwolni-nas-od-strachu\\\/\"},\"author\":{\"name\":\"admin\",\"@id\":\"https:\\\/\\\/filles-de-la-charite.org\\\/pl\\\/#\\\/schema\\\/person\\\/427567b2eccfc2dd7d206da186a1f438\"},\"headline\":\"Konferencja Wincenty\u0144ska 2021 &#8222;Ranny cz\u0142owiek&#8230; kto uwolni nas od strachu?&#8221;\",\"datePublished\":\"2021-04-26T09:31:33+00:00\",\"dateModified\":\"2024-03-17T16:52:46+00:00\",\"mainEntityOfPage\":{\"@id\":\"https:\\\/\\\/filles-de-la-charite.org\\\/pl\\\/konferencja-wincentynska-2021-ranny-czlowiek-kto-uwolni-nas-od-strachu\\\/\"},\"wordCount\":693,\"publisher\":{\"@id\":\"https:\\\/\\\/filles-de-la-charite.org\\\/pl\\\/#organization\"},\"image\":{\"@id\":\"https:\\\/\\\/filles-de-la-charite.org\\\/pl\\\/konferencja-wincentynska-2021-ranny-czlowiek-kto-uwolni-nas-od-strachu\\\/#primaryimage\"},\"thumbnailUrl\":\"https:\\\/\\\/filles-de-la-charite.org\\\/wp-content\\\/uploads\\\/2023\\\/06\\\/1-5.jpg\",\"articleSection\":[\"Sardynia - W\u0142ochy\"],\"inLanguage\":\"pl-PL\"},{\"@type\":\"WebPage\",\"@id\":\"https:\\\/\\\/filles-de-la-charite.org\\\/pl\\\/konferencja-wincentynska-2021-ranny-czlowiek-kto-uwolni-nas-od-strachu\\\/\",\"url\":\"https:\\\/\\\/filles-de-la-charite.org\\\/pl\\\/konferencja-wincentynska-2021-ranny-czlowiek-kto-uwolni-nas-od-strachu\\\/\",\"name\":\"Konferencja Wincenty\u0144ska 2021 \\\"Ranny cz\u0142owiek... kto uwolni nas od strachu?\\\" - Filles de la Charit\u00e9\",\"isPartOf\":{\"@id\":\"https:\\\/\\\/filles-de-la-charite.org\\\/pl\\\/#website\"},\"primaryImageOfPage\":{\"@id\":\"https:\\\/\\\/filles-de-la-charite.org\\\/pl\\\/konferencja-wincentynska-2021-ranny-czlowiek-kto-uwolni-nas-od-strachu\\\/#primaryimage\"},\"image\":{\"@id\":\"https:\\\/\\\/filles-de-la-charite.org\\\/pl\\\/konferencja-wincentynska-2021-ranny-czlowiek-kto-uwolni-nas-od-strachu\\\/#primaryimage\"},\"thumbnailUrl\":\"https:\\\/\\\/filles-de-la-charite.org\\\/wp-content\\\/uploads\\\/2023\\\/06\\\/1-5.jpg\",\"datePublished\":\"2021-04-26T09:31:33+00:00\",\"dateModified\":\"2024-03-17T16:52:46+00:00\",\"breadcrumb\":{\"@id\":\"https:\\\/\\\/filles-de-la-charite.org\\\/pl\\\/konferencja-wincentynska-2021-ranny-czlowiek-kto-uwolni-nas-od-strachu\\\/#breadcrumb\"},\"inLanguage\":\"pl-PL\",\"potentialAction\":[{\"@type\":\"ReadAction\",\"target\":[\"https:\\\/\\\/filles-de-la-charite.org\\\/pl\\\/konferencja-wincentynska-2021-ranny-czlowiek-kto-uwolni-nas-od-strachu\\\/\"]}]},{\"@type\":\"ImageObject\",\"inLanguage\":\"pl-PL\",\"@id\":\"https:\\\/\\\/filles-de-la-charite.org\\\/pl\\\/konferencja-wincentynska-2021-ranny-czlowiek-kto-uwolni-nas-od-strachu\\\/#primaryimage\",\"url\":\"https:\\\/\\\/filles-de-la-charite.org\\\/wp-content\\\/uploads\\\/2023\\\/06\\\/1-5.jpg\",\"contentUrl\":\"https:\\\/\\\/filles-de-la-charite.org\\\/wp-content\\\/uploads\\\/2023\\\/06\\\/1-5.jpg\",\"width\":1364,\"height\":764},{\"@type\":\"BreadcrumbList\",\"@id\":\"https:\\\/\\\/filles-de-la-charite.org\\\/pl\\\/konferencja-wincentynska-2021-ranny-czlowiek-kto-uwolni-nas-od-strachu\\\/#breadcrumb\",\"itemListElement\":[{\"@type\":\"ListItem\",\"position\":1,\"name\":\"San Vincenzo &#8211; Italia\",\"item\":\"https:\\\/\\\/filles-de-la-charite.org\\\/pl\\\/category\\\/san-vincenzo-italia-pl\\\/\"},{\"@type\":\"ListItem\",\"position\":2,\"name\":\"Konferencja Wincenty\u0144ska 2021 \u00abRanny cz\u0142owiek&#8230; kto uwolni nas od strachu?\u00bb\"}]},{\"@type\":\"WebSite\",\"@id\":\"https:\\\/\\\/filles-de-la-charite.org\\\/pl\\\/#website\",\"url\":\"https:\\\/\\\/filles-de-la-charite.org\\\/pl\\\/\",\"name\":\"Hijas de la Caridad\",\"description\":\"L\u2019amour de J\u00e9sus nous presse \u00e0 prendre soin des personnes les plus d\u00e9munies\",\"publisher\":{\"@id\":\"https:\\\/\\\/filles-de-la-charite.org\\\/pl\\\/#organization\"},\"potentialAction\":[{\"@type\":\"SearchAction\",\"target\":{\"@type\":\"EntryPoint\",\"urlTemplate\":\"https:\\\/\\\/filles-de-la-charite.org\\\/pl\\\/?s={search_term_string}\"},\"query-input\":{\"@type\":\"PropertyValueSpecification\",\"valueRequired\":true,\"valueName\":\"search_term_string\"}}],\"inLanguage\":\"pl-PL\"},{\"@type\":\"Organization\",\"@id\":\"https:\\\/\\\/filles-de-la-charite.org\\\/pl\\\/#organization\",\"name\":\"Hijas de la Caridad\",\"url\":\"https:\\\/\\\/filles-de-la-charite.org\\\/pl\\\/\",\"logo\":{\"@type\":\"ImageObject\",\"inLanguage\":\"pl-PL\",\"@id\":\"https:\\\/\\\/filles-de-la-charite.org\\\/pl\\\/#\\\/schema\\\/logo\\\/image\\\/\",\"url\":\"https:\\\/\\\/filles-de-la-charite.org\\\/wp-content\\\/uploads\\\/2023\\\/03\\\/isotipo-Hijas-de-la-Caridad.png\",\"contentUrl\":\"https:\\\/\\\/filles-de-la-charite.org\\\/wp-content\\\/uploads\\\/2023\\\/03\\\/isotipo-Hijas-de-la-Caridad.png\",\"width\":1417,\"height\":1417,\"caption\":\"Hijas de la Caridad\"},\"image\":{\"@id\":\"https:\\\/\\\/filles-de-la-charite.org\\\/pl\\\/#\\\/schema\\\/logo\\\/image\\\/\"}},{\"@type\":\"Person\",\"@id\":\"https:\\\/\\\/filles-de-la-charite.org\\\/pl\\\/#\\\/schema\\\/person\\\/427567b2eccfc2dd7d206da186a1f438\",\"name\":\"admin\",\"image\":{\"@type\":\"ImageObject\",\"inLanguage\":\"pl-PL\",\"@id\":\"https:\\\/\\\/secure.gravatar.com\\\/avatar\\\/948b492cce32b586ac2db0eaa926ee87024f7afe218d73b397ea5ddfc5f43ea1?s=96&d=mm&r=g\",\"url\":\"https:\\\/\\\/secure.gravatar.com\\\/avatar\\\/948b492cce32b586ac2db0eaa926ee87024f7afe218d73b397ea5ddfc5f43ea1?s=96&d=mm&r=g\",\"contentUrl\":\"https:\\\/\\\/secure.gravatar.com\\\/avatar\\\/948b492cce32b586ac2db0eaa926ee87024f7afe218d73b397ea5ddfc5f43ea1?s=96&d=mm&r=g\",\"caption\":\"admin\"},\"sameAs\":[\"https:\\\/\\\/filles-de-la-charite.org\"],\"url\":\"https:\\\/\\\/filles-de-la-charite.org\\\/pl\\\/author\\\/caridad\\\/\"}]}<\/script>\n<!-- \/ Yoast SEO plugin. -->","yoast_head_json":{"title":"Konferencja Wincenty\u0144ska 2021 \"Ranny cz\u0142owiek... kto uwolni nas od strachu?\" - Filles de la Charit\u00e9","robots":{"index":"index","follow":"follow","max-snippet":"max-snippet:-1","max-image-preview":"max-image-preview:large","max-video-preview":"max-video-preview:-1"},"canonical":"https:\/\/filles-de-la-charite.org\/pl\/konferencja-wincentynska-2021-ranny-czlowiek-kto-uwolni-nas-od-strachu\/","og_locale":"pl_PL","og_type":"article","og_title":"Konferencja Wincenty\u0144ska 2021 \"Ranny cz\u0142owiek... kto uwolni nas od strachu?\" - Filles de la Charit\u00e9","og_description":"W dniu 24 stycznia 2021 r. po raz pierwszy na \u017cywo na platformie Zoom by\u0142a transmitowana Konferencja Wincenty\u0144ska 2021. Zosta\u0142a przeprowadzona w ci\u0105gu jednego dnia dla ca\u0142ej Sardynii, zamiast dw\u00f3ch r\u00f3\u017cnych dni (jednego dla p\u00f3\u0142nocy i jednego dla po\u0142udnia naszej wyspy) jak to robiono w przesz\u0142o\u015bci. Transmisja na \u017cywo przejdzie do historii z powodu pandemii. [&hellip;]","og_url":"https:\/\/filles-de-la-charite.org\/pl\/konferencja-wincentynska-2021-ranny-czlowiek-kto-uwolni-nas-od-strachu\/","og_site_name":"Filles de la Charit\u00e9","article_published_time":"2021-04-26T09:31:33+00:00","article_modified_time":"2024-03-17T16:52:46+00:00","og_image":[{"width":1364,"height":764,"url":"https:\/\/filles-de-la-charite.org\/wp-content\/uploads\/2023\/06\/1-5.jpg","type":"image\/jpeg"}],"author":"admin","twitter_card":"summary_large_image","twitter_misc":{"Napisane przez":"admin","Szacowany czas czytania":"4 minuty"},"schema":{"@context":"https:\/\/schema.org","@graph":[{"@type":"Article","@id":"https:\/\/filles-de-la-charite.org\/pl\/konferencja-wincentynska-2021-ranny-czlowiek-kto-uwolni-nas-od-strachu\/#article","isPartOf":{"@id":"https:\/\/filles-de-la-charite.org\/pl\/konferencja-wincentynska-2021-ranny-czlowiek-kto-uwolni-nas-od-strachu\/"},"author":{"name":"admin","@id":"https:\/\/filles-de-la-charite.org\/pl\/#\/schema\/person\/427567b2eccfc2dd7d206da186a1f438"},"headline":"Konferencja Wincenty\u0144ska 2021 &#8222;Ranny cz\u0142owiek&#8230; kto uwolni nas od strachu?&#8221;","datePublished":"2021-04-26T09:31:33+00:00","dateModified":"2024-03-17T16:52:46+00:00","mainEntityOfPage":{"@id":"https:\/\/filles-de-la-charite.org\/pl\/konferencja-wincentynska-2021-ranny-czlowiek-kto-uwolni-nas-od-strachu\/"},"wordCount":693,"publisher":{"@id":"https:\/\/filles-de-la-charite.org\/pl\/#organization"},"image":{"@id":"https:\/\/filles-de-la-charite.org\/pl\/konferencja-wincentynska-2021-ranny-czlowiek-kto-uwolni-nas-od-strachu\/#primaryimage"},"thumbnailUrl":"https:\/\/filles-de-la-charite.org\/wp-content\/uploads\/2023\/06\/1-5.jpg","articleSection":["Sardynia - W\u0142ochy"],"inLanguage":"pl-PL"},{"@type":"WebPage","@id":"https:\/\/filles-de-la-charite.org\/pl\/konferencja-wincentynska-2021-ranny-czlowiek-kto-uwolni-nas-od-strachu\/","url":"https:\/\/filles-de-la-charite.org\/pl\/konferencja-wincentynska-2021-ranny-czlowiek-kto-uwolni-nas-od-strachu\/","name":"Konferencja Wincenty\u0144ska 2021 \"Ranny cz\u0142owiek... kto uwolni nas od strachu?\" - Filles de la Charit\u00e9","isPartOf":{"@id":"https:\/\/filles-de-la-charite.org\/pl\/#website"},"primaryImageOfPage":{"@id":"https:\/\/filles-de-la-charite.org\/pl\/konferencja-wincentynska-2021-ranny-czlowiek-kto-uwolni-nas-od-strachu\/#primaryimage"},"image":{"@id":"https:\/\/filles-de-la-charite.org\/pl\/konferencja-wincentynska-2021-ranny-czlowiek-kto-uwolni-nas-od-strachu\/#primaryimage"},"thumbnailUrl":"https:\/\/filles-de-la-charite.org\/wp-content\/uploads\/2023\/06\/1-5.jpg","datePublished":"2021-04-26T09:31:33+00:00","dateModified":"2024-03-17T16:52:46+00:00","breadcrumb":{"@id":"https:\/\/filles-de-la-charite.org\/pl\/konferencja-wincentynska-2021-ranny-czlowiek-kto-uwolni-nas-od-strachu\/#breadcrumb"},"inLanguage":"pl-PL","potentialAction":[{"@type":"ReadAction","target":["https:\/\/filles-de-la-charite.org\/pl\/konferencja-wincentynska-2021-ranny-czlowiek-kto-uwolni-nas-od-strachu\/"]}]},{"@type":"ImageObject","inLanguage":"pl-PL","@id":"https:\/\/filles-de-la-charite.org\/pl\/konferencja-wincentynska-2021-ranny-czlowiek-kto-uwolni-nas-od-strachu\/#primaryimage","url":"https:\/\/filles-de-la-charite.org\/wp-content\/uploads\/2023\/06\/1-5.jpg","contentUrl":"https:\/\/filles-de-la-charite.org\/wp-content\/uploads\/2023\/06\/1-5.jpg","width":1364,"height":764},{"@type":"BreadcrumbList","@id":"https:\/\/filles-de-la-charite.org\/pl\/konferencja-wincentynska-2021-ranny-czlowiek-kto-uwolni-nas-od-strachu\/#breadcrumb","itemListElement":[{"@type":"ListItem","position":1,"name":"San Vincenzo &#8211; Italia","item":"https:\/\/filles-de-la-charite.org\/pl\/category\/san-vincenzo-italia-pl\/"},{"@type":"ListItem","position":2,"name":"Konferencja Wincenty\u0144ska 2021 \u00abRanny cz\u0142owiek&#8230; kto uwolni nas od strachu?\u00bb"}]},{"@type":"WebSite","@id":"https:\/\/filles-de-la-charite.org\/pl\/#website","url":"https:\/\/filles-de-la-charite.org\/pl\/","name":"Hijas de la Caridad","description":"L\u2019amour de J\u00e9sus nous presse \u00e0 prendre soin des personnes les plus d\u00e9munies","publisher":{"@id":"https:\/\/filles-de-la-charite.org\/pl\/#organization"},"potentialAction":[{"@type":"SearchAction","target":{"@type":"EntryPoint","urlTemplate":"https:\/\/filles-de-la-charite.org\/pl\/?s={search_term_string}"},"query-input":{"@type":"PropertyValueSpecification","valueRequired":true,"valueName":"search_term_string"}}],"inLanguage":"pl-PL"},{"@type":"Organization","@id":"https:\/\/filles-de-la-charite.org\/pl\/#organization","name":"Hijas de la Caridad","url":"https:\/\/filles-de-la-charite.org\/pl\/","logo":{"@type":"ImageObject","inLanguage":"pl-PL","@id":"https:\/\/filles-de-la-charite.org\/pl\/#\/schema\/logo\/image\/","url":"https:\/\/filles-de-la-charite.org\/wp-content\/uploads\/2023\/03\/isotipo-Hijas-de-la-Caridad.png","contentUrl":"https:\/\/filles-de-la-charite.org\/wp-content\/uploads\/2023\/03\/isotipo-Hijas-de-la-Caridad.png","width":1417,"height":1417,"caption":"Hijas de la Caridad"},"image":{"@id":"https:\/\/filles-de-la-charite.org\/pl\/#\/schema\/logo\/image\/"}},{"@type":"Person","@id":"https:\/\/filles-de-la-charite.org\/pl\/#\/schema\/person\/427567b2eccfc2dd7d206da186a1f438","name":"admin","image":{"@type":"ImageObject","inLanguage":"pl-PL","@id":"https:\/\/secure.gravatar.com\/avatar\/948b492cce32b586ac2db0eaa926ee87024f7afe218d73b397ea5ddfc5f43ea1?s=96&d=mm&r=g","url":"https:\/\/secure.gravatar.com\/avatar\/948b492cce32b586ac2db0eaa926ee87024f7afe218d73b397ea5ddfc5f43ea1?s=96&d=mm&r=g","contentUrl":"https:\/\/secure.gravatar.com\/avatar\/948b492cce32b586ac2db0eaa926ee87024f7afe218d73b397ea5ddfc5f43ea1?s=96&d=mm&r=g","caption":"admin"},"sameAs":["https:\/\/filles-de-la-charite.org"],"url":"https:\/\/filles-de-la-charite.org\/pl\/author\/caridad\/"}]}},"_links":{"self":[{"href":"https:\/\/filles-de-la-charite.org\/pl\/wp-json\/wp\/v2\/posts\/24445","targetHints":{"allow":["GET"]}}],"collection":[{"href":"https:\/\/filles-de-la-charite.org\/pl\/wp-json\/wp\/v2\/posts"}],"about":[{"href":"https:\/\/filles-de-la-charite.org\/pl\/wp-json\/wp\/v2\/types\/post"}],"author":[{"embeddable":true,"href":"https:\/\/filles-de-la-charite.org\/pl\/wp-json\/wp\/v2\/users\/1"}],"replies":[{"embeddable":true,"href":"https:\/\/filles-de-la-charite.org\/pl\/wp-json\/wp\/v2\/comments?post=24445"}],"version-history":[{"count":1,"href":"https:\/\/filles-de-la-charite.org\/pl\/wp-json\/wp\/v2\/posts\/24445\/revisions"}],"predecessor-version":[{"id":24446,"href":"https:\/\/filles-de-la-charite.org\/pl\/wp-json\/wp\/v2\/posts\/24445\/revisions\/24446"}],"wp:featuredmedia":[{"embeddable":true,"href":"https:\/\/filles-de-la-charite.org\/pl\/wp-json\/wp\/v2\/media\/15786"}],"wp:attachment":[{"href":"https:\/\/filles-de-la-charite.org\/pl\/wp-json\/wp\/v2\/media?parent=24445"}],"wp:term":[{"taxonomy":"category","embeddable":true,"href":"https:\/\/filles-de-la-charite.org\/pl\/wp-json\/wp\/v2\/categories?post=24445"},{"taxonomy":"post_tag","embeddable":true,"href":"https:\/\/filles-de-la-charite.org\/pl\/wp-json\/wp\/v2\/tags?post=24445"}],"curies":[{"name":"wp","href":"https:\/\/api.w.org\/{rel}","templated":true}]}}