{"id":24447,"date":"2021-05-01T17:59:40","date_gmt":"2021-05-01T15:59:40","guid":{"rendered":"https:\/\/hijascaridad.sjdigitaldemo.ovh\/objazdowa-wspolnota-cabo-delgado-poslugujaca-osobom-wysiedlonym-przez-wojne\/"},"modified":"2024-03-17T17:52:31","modified_gmt":"2024-03-17T16:52:31","slug":"objazdowa-wspolnota-cabo-delgado-poslugujaca-osobom-wysiedlonym-przez-wojne","status":"publish","type":"post","link":"https:\/\/filles-de-la-charite.org\/pl\/objazdowa-wspolnota-cabo-delgado-poslugujaca-osobom-wysiedlonym-przez-wojne\/","title":{"rendered":"Objazdowa wsp\u00f3lnota Cabo Delgado pos\u0142uguj\u0105ca osobom wysiedlonym przez wojn\u0119"},"content":{"rendered":"\n<div class=\"wp-block-image\"><figure class=\"aligncenter size-large\"><img decoding=\"async\" src=\"https:\/\/filles-de-la-charite.org\/wp-content\/uploads\/2023\/06\/2.png\" alt=\"\" class=\"wp-image-62330\" \/><\/figure><\/div>\n\n\n\n<p>Sytuacja przesiedle\u0144c\u00f3w na p\u00f3\u0142nocy Mozambiku poruszy\u0142a nasz\u0105 wra\u017cliwo\u015b\u0107, nasze serca i umys\u0142y, gdy przypominamy sobie, \u017ce \u201eW szkole Syna Bo\u017cego, Siostry Mi\u0142osierdzia ucz\u0105 si\u0119, \u017ce nie istnieje n\u0119dza, kt\u00f3ra by\u0142aby im obca. Chrystus nieustannie wzywa Zgromadzenie poprzez cierpi\u0105cych braci i siostry, przez znaki czasu, przez Ko\u015bci\u00f3\u0142. Liczne s\u0105 formy ub\u00f3stwa...\u201d (K.11) Podobnie temat naszego Konwentu Generalnego zaprasza i wzywa nas do wyj\u015bcia na <em>spotkanie<\/em> z naszymi cierpi\u0105cymi bra\u0107mi i siostrami.<\/p>\n\n\n\n<p>Rada Prowincjalna, po refleksji, konsultacji z Siostrami Prowincji i po porozumieniu si\u0119 z Dom Luis Lisboa, Biskupem Pemby, zaoferowa\u0142a dla wysiedle\u0144c\u00f3w w tym regionie nasz\u0105 dyspozycyjno\u015b\u0107 i wsp\u00f3\u0142prac\u0119 w r\u00f3\u017cnych pos\u0142ugach przez okres czterech miesi\u0119cy: od stycznia do maja 2021 r. Biskup przyj\u0105\u0142 to z wielk\u0105 rado\u015bci\u0105 i dnia 7 stycznia 2021 r. rozpocz\u0119\u0142y\u015bmy misj\u0119 z czterema Siostrami. Cieszymy si\u0119, \u017ce mo\u017cemy s\u0142u\u017cy\u0107 naszym braciom i siostrom, kt\u00f3rzy cierpi\u0105 z powodu konflikt\u00f3w zbrojnych rozp\u0119tanych przez terroryst\u00f3w.<\/p>\n\n\n\n<p><strong><strong>S\u0142u\u017cenie Jezusowi w ludziach wysiedlonych przez wojn\u0119<\/strong><\/strong><\/p>\n\n\n\n<figure class=\"wp-block-image alignwide size-large\"><img decoding=\"async\" src=\"https:\/\/filles-de-la-charite.org\/wp-content\/uploads\/2023\/06\/3-825x1024-1.png\" alt=\"\" class=\"wp-image-62331\" \/><\/figure>\n\n\n\n<p>\"Zaprawd\u0119, powiadam wam: Wszystko, co uczynili\u015bcie jednemu z tych braci moich najmniejszych, Mnie\u015bcie uczynili\". (Mt 25, 40)<\/p>\n\n\n\n<p>Pos\u0142ug\u0119 rozpocz\u0119to w Pembie, stolicy Prowincji, dok\u0105d wysiedle\u0144cy przyp\u0142yn\u0119li na \u0142odziach, potem zabrano ich do oboz\u00f3w, gdzie czekali na przesiedlenie. Pomoc ta zosta\u0142a zrealizowana we wsp\u00f3\u0142pracy z Caritas Diecezji Pemba. Rozdano kilka zestaw\u00f3w: \u017cywno\u015bciowych, kuchennych, higienicznych, odzie\u017cowych i rolniczych; w ma\u0142ych grupach odbywa\u0142y si\u0119 tak\u017ce kr\u00f3tkie celebracje S\u0142owa Bo\u017cego. P\u00f3\u017aniej Siostry ze wsp\u00f3lnoty objazdowej\/mobilnej przenios\u0142y si\u0119 do okr\u0119gu Montepuez. Tam zosta\u0142y przyj\u0119te przez zesp\u00f3\u0142 misyjny Mission San Jos\u00e9 z Sanktuarium Matki Bo\u017cej Fatimskiej, gdzie r\u00f3wnie\u017c zamieszka\u0142y. Pocz\u0105tkowo by\u0142y to cztery Siostry i dzi\u0119ki ofiarno\u015bci Prowincji inne zg\u0142asza\u0142y si\u0119 na przemian do s\u0142u\u017cby na tej misji. Obecnie jest ich sze\u015b\u0107, z kt\u00f3rych dwie to Siostry Seminarzystki (nowicjuszki), kt\u00f3re odbywaj\u0105 formacj\u0119 apostolsk\u0105.<\/p>\n\n\n\n<p>Montepuez to drugie miasto Cabo Delgado, Pemba. W ka\u017cdym o\u015brodku s\u0105 cztery obozy przesiedle\u0144cze, w kt\u00f3rych przebywa oko\u0142o dw\u00f3ch tysi\u0119cy rodzin. Wi\u0119kszo\u015b\u0107 mieszka\u0144c\u00f3w to kobiety, osoby starsze i dzieci. \u017byj\u0105 w skrajnym ub\u00f3stwie.<\/p>\n\n\n\n<div class=\"wp-block-image\"><figure class=\"aligncenter size-large\"><img decoding=\"async\" src=\"https:\/\/filles-de-la-charite.org\/wp-content\/uploads\/2023\/06\/4.png\" alt=\"\" class=\"wp-image-62332\" \/><\/figure><\/div>\n\n\n\n<p>Ludzie ci pieszo przemierzyli du\u017ce odleg\u0142o\u015bci i przez wiele dni szli przez lasy. Do o\u015brodk\u00f3w noclegowych dotarli ranni, chorzy i odwodnieni; niekt\u00f3rzy cz\u0142onkowie ich rodzin zgubili si\u0119 w lasach i nie wiadomo, czy \u017cyj\u0105, czy nie \u017cyj\u0105.<\/p>\n\n\n\n<p>Nasza s\u0142u\u017cba tym osobom, kt\u00f3re s\u0105 przesiedlone, obejmuje odwiedzanie rodzin w ich chatach, bycie blisko poprzez postaw\u0119 otwarcia i uwa\u017cne s\u0142uchanie ich historii obarczonych g\u0142\u0119bokim smutkiem i b\u00f3lem. Zach\u0119camy ich r\u00f3wnie\u017c do piel\u0119gnowania nadziei i zaufania do Boga, kt\u00f3ry jest naszym jedynym schronieniem, mimo, \u017ce nadal bardzo trudno jest zaakceptowa\u0107 stan skrajnego ub\u00f3stwa i fakt, \u017ce widzieli cz\u0142onk\u00f3w rodziny \u015bci\u0119tych przez terroryst\u00f3w. Wiele rodzin p\u0142acze niepocieszenie, gdy dziel\u0105 z nami m\u0119k\u0119, kt\u00f3r\u0105 prze\u017cyli w swoich wioskach. Stracili wszystko, co jest im drogie\u2026 swoje rodziny i kraj, w kt\u00f3rym si\u0119 urodzili. S\u0105 pozbawieni wszystkiego i \u017cyj\u0105 w atmosferze poczucia braku bezpiecze\u0144stwa, nieufno\u015bci, strachu i niepewno\u015bci.<\/p>\n\n\n\n<div class=\"wp-block-image\"><figure class=\"aligncenter size-large\"><img decoding=\"async\" src=\"https:\/\/filles-de-la-charite.org\/wp-content\/uploads\/2023\/06\/5.png\" alt=\"\" class=\"wp-image-62327\" \/><\/figure><\/div>\n\n\n\n<p>W naszej s\u0142u\u017cbie wsp\u00f3\u0142pracujemy z Franciszkankami Misjonarkami Maryi mieszkaj\u0105cymi w Montepuez. Wsp\u00f3lnie przekonujemy rodziny, aby budowali dla siebie domy, poniewa\u017c nie maj\u0105 gdzie po\u0142o\u017cy\u0107 g\u0142owy (por. \u0141k 9,58). Domy te s\u0105 wykonywane z lokalnych surowc\u00f3w, takich jak bambus, glina i trawa, a my wspieramy ich wysi\u0142ek, daj\u0105c plandeki jako materia\u0142 na dach. Zajmujemy si\u0119 dystrybucj\u0105 kocy, mat, drzwi, paczkowanej \u017cywno\u015bci, odzie\u017cy i innych niezb\u0119dnych przedmiot\u00f3w. Pomagamy chorym i kierujemy osoby z powa\u017cnymi chorobami do o\u015brodka prowadzonego przez Lekarzy bez Granic. Zapewniamy r\u00f3wnie\u017c towarzyszenie duchowe i rozdajemy przedmioty religijne, takie jak r\u00f3\u017caniec, oraz uczymy tych, kt\u00f3rzy nie wiedz\u0105, jak si\u0119 nim modli\u0107.<\/p>\n\n\n\n<p><em>Prowincja Mozambiku<\/em><\/p>\n\n\n\n<div class=\"wp-block-image\"><figure class=\"aligncenter size-large\"><img decoding=\"async\" src=\"https:\/\/filles-de-la-charite.org\/wp-content\/uploads\/2023\/06\/6.png\" alt=\"\" class=\"wp-image-62328\" \/><\/figure><\/div>\n","protected":false},"excerpt":{"rendered":"<p>Sytuacja przesiedle\u0144c\u00f3w na p\u00f3\u0142nocy Mozambiku poruszy\u0142a nasz\u0105 wra\u017cliwo\u015b\u0107, nasze serca i umys\u0142y, gdy przypominamy sobie, \u017ce \u201eW szkole Syna Bo\u017cego, Siostry Mi\u0142osierdzia ucz\u0105 si\u0119, \u017ce nie istnieje n\u0119dza, kt\u00f3ra by\u0142aby im obca. Chrystus nieustannie wzywa Zgromadzenie poprzez cierpi\u0105cych braci i siostry, przez znaki czasu, przez Ko\u015bci\u00f3\u0142. Liczne s\u0105 formy ub\u00f3stwa&#8230;\u201d (K.11) Podobnie temat naszego Konwentu [&hellip;]<\/p>\n","protected":false},"author":1,"featured_media":15824,"comment_status":"closed","ping_status":"closed","sticky":false,"template":"","format":"standard","meta":{"_acf_changed":false,"footnotes":"","_links_to":"","_links_to_target":""},"categories":[626],"tags":[],"class_list":["post-24447","post","type-post","status-publish","format-standard","has-post-thumbnail","hentry","category-mozambik-pl"],"acf":[],"yoast_head":"<!-- This site is optimized with the Yoast SEO plugin v27.5 - https:\/\/yoast.com\/product\/yoast-seo-wordpress\/ -->\n<title>Objazdowa wsp\u00f3lnota Cabo Delgado pos\u0142uguj\u0105ca osobom wysiedlonym przez wojn\u0119 - Filles de la Charit\u00e9<\/title>\n<meta name=\"robots\" content=\"index, follow, max-snippet:-1, max-image-preview:large, max-video-preview:-1\" \/>\n<link rel=\"canonical\" href=\"https:\/\/filles-de-la-charite.org\/pl\/objazdowa-wspolnota-cabo-delgado-poslugujaca-osobom-wysiedlonym-przez-wojne\/\" \/>\n<meta property=\"og:locale\" content=\"pl_PL\" \/>\n<meta property=\"og:type\" content=\"article\" \/>\n<meta property=\"og:title\" content=\"Objazdowa wsp\u00f3lnota Cabo Delgado pos\u0142uguj\u0105ca osobom wysiedlonym przez wojn\u0119 - Filles de la Charit\u00e9\" \/>\n<meta property=\"og:description\" content=\"Sytuacja przesiedle\u0144c\u00f3w na p\u00f3\u0142nocy Mozambiku poruszy\u0142a nasz\u0105 wra\u017cliwo\u015b\u0107, nasze serca i umys\u0142y, gdy przypominamy sobie, \u017ce \u201eW szkole Syna Bo\u017cego, Siostry Mi\u0142osierdzia ucz\u0105 si\u0119, \u017ce nie istnieje n\u0119dza, kt\u00f3ra by\u0142aby im obca. Chrystus nieustannie wzywa Zgromadzenie poprzez cierpi\u0105cych braci i siostry, przez znaki czasu, przez Ko\u015bci\u00f3\u0142. Liczne s\u0105 formy ub\u00f3stwa&#8230;\u201d (K.11) Podobnie temat naszego Konwentu [&hellip;]\" \/>\n<meta property=\"og:url\" content=\"https:\/\/filles-de-la-charite.org\/pl\/objazdowa-wspolnota-cabo-delgado-poslugujaca-osobom-wysiedlonym-przez-wojne\/\" \/>\n<meta property=\"og:site_name\" content=\"Filles de la Charit\u00e9\" \/>\n<meta property=\"article:published_time\" content=\"2021-05-01T15:59:40+00:00\" \/>\n<meta property=\"article:modified_time\" content=\"2024-03-17T16:52:31+00:00\" \/>\n<meta property=\"og:image\" content=\"https:\/\/filles-de-la-charite.org\/wp-content\/uploads\/2023\/06\/1-1.png\" \/>\n\t<meta property=\"og:image:width\" content=\"964\" \/>\n\t<meta property=\"og:image:height\" content=\"723\" \/>\n\t<meta property=\"og:image:type\" content=\"image\/png\" \/>\n<meta name=\"author\" content=\"admin\" \/>\n<meta name=\"twitter:card\" content=\"summary_large_image\" \/>\n<meta name=\"twitter:label1\" content=\"Napisane przez\" \/>\n\t<meta name=\"twitter:data1\" content=\"admin\" \/>\n\t<meta name=\"twitter:label2\" content=\"Szacowany czas czytania\" \/>\n\t<meta name=\"twitter:data2\" content=\"4 minuty\" \/>\n<script type=\"application\/ld+json\" class=\"yoast-schema-graph\">{\"@context\":\"https:\\\/\\\/schema.org\",\"@graph\":[{\"@type\":\"Article\",\"@id\":\"https:\\\/\\\/filles-de-la-charite.org\\\/pl\\\/objazdowa-wspolnota-cabo-delgado-poslugujaca-osobom-wysiedlonym-przez-wojne\\\/#article\",\"isPartOf\":{\"@id\":\"https:\\\/\\\/filles-de-la-charite.org\\\/pl\\\/objazdowa-wspolnota-cabo-delgado-poslugujaca-osobom-wysiedlonym-przez-wojne\\\/\"},\"author\":{\"name\":\"admin\",\"@id\":\"https:\\\/\\\/filles-de-la-charite.org\\\/pl\\\/#\\\/schema\\\/person\\\/427567b2eccfc2dd7d206da186a1f438\"},\"headline\":\"Objazdowa wsp\u00f3lnota Cabo Delgado pos\u0142uguj\u0105ca osobom wysiedlonym przez wojn\u0119\",\"datePublished\":\"2021-05-01T15:59:40+00:00\",\"dateModified\":\"2024-03-17T16:52:31+00:00\",\"mainEntityOfPage\":{\"@id\":\"https:\\\/\\\/filles-de-la-charite.org\\\/pl\\\/objazdowa-wspolnota-cabo-delgado-poslugujaca-osobom-wysiedlonym-przez-wojne\\\/\"},\"wordCount\":701,\"publisher\":{\"@id\":\"https:\\\/\\\/filles-de-la-charite.org\\\/pl\\\/#organization\"},\"image\":{\"@id\":\"https:\\\/\\\/filles-de-la-charite.org\\\/pl\\\/objazdowa-wspolnota-cabo-delgado-poslugujaca-osobom-wysiedlonym-przez-wojne\\\/#primaryimage\"},\"thumbnailUrl\":\"https:\\\/\\\/filles-de-la-charite.org\\\/wp-content\\\/uploads\\\/2023\\\/06\\\/1-1.png\",\"articleSection\":[\"Mozambik\"],\"inLanguage\":\"pl-PL\"},{\"@type\":\"WebPage\",\"@id\":\"https:\\\/\\\/filles-de-la-charite.org\\\/pl\\\/objazdowa-wspolnota-cabo-delgado-poslugujaca-osobom-wysiedlonym-przez-wojne\\\/\",\"url\":\"https:\\\/\\\/filles-de-la-charite.org\\\/pl\\\/objazdowa-wspolnota-cabo-delgado-poslugujaca-osobom-wysiedlonym-przez-wojne\\\/\",\"name\":\"Objazdowa wsp\u00f3lnota Cabo Delgado pos\u0142uguj\u0105ca osobom wysiedlonym przez wojn\u0119 - Filles de la Charit\u00e9\",\"isPartOf\":{\"@id\":\"https:\\\/\\\/filles-de-la-charite.org\\\/pl\\\/#website\"},\"primaryImageOfPage\":{\"@id\":\"https:\\\/\\\/filles-de-la-charite.org\\\/pl\\\/objazdowa-wspolnota-cabo-delgado-poslugujaca-osobom-wysiedlonym-przez-wojne\\\/#primaryimage\"},\"image\":{\"@id\":\"https:\\\/\\\/filles-de-la-charite.org\\\/pl\\\/objazdowa-wspolnota-cabo-delgado-poslugujaca-osobom-wysiedlonym-przez-wojne\\\/#primaryimage\"},\"thumbnailUrl\":\"https:\\\/\\\/filles-de-la-charite.org\\\/wp-content\\\/uploads\\\/2023\\\/06\\\/1-1.png\",\"datePublished\":\"2021-05-01T15:59:40+00:00\",\"dateModified\":\"2024-03-17T16:52:31+00:00\",\"breadcrumb\":{\"@id\":\"https:\\\/\\\/filles-de-la-charite.org\\\/pl\\\/objazdowa-wspolnota-cabo-delgado-poslugujaca-osobom-wysiedlonym-przez-wojne\\\/#breadcrumb\"},\"inLanguage\":\"pl-PL\",\"potentialAction\":[{\"@type\":\"ReadAction\",\"target\":[\"https:\\\/\\\/filles-de-la-charite.org\\\/pl\\\/objazdowa-wspolnota-cabo-delgado-poslugujaca-osobom-wysiedlonym-przez-wojne\\\/\"]}]},{\"@type\":\"ImageObject\",\"inLanguage\":\"pl-PL\",\"@id\":\"https:\\\/\\\/filles-de-la-charite.org\\\/pl\\\/objazdowa-wspolnota-cabo-delgado-poslugujaca-osobom-wysiedlonym-przez-wojne\\\/#primaryimage\",\"url\":\"https:\\\/\\\/filles-de-la-charite.org\\\/wp-content\\\/uploads\\\/2023\\\/06\\\/1-1.png\",\"contentUrl\":\"https:\\\/\\\/filles-de-la-charite.org\\\/wp-content\\\/uploads\\\/2023\\\/06\\\/1-1.png\",\"width\":964,\"height\":723},{\"@type\":\"BreadcrumbList\",\"@id\":\"https:\\\/\\\/filles-de-la-charite.org\\\/pl\\\/objazdowa-wspolnota-cabo-delgado-poslugujaca-osobom-wysiedlonym-przez-wojne\\\/#breadcrumb\",\"itemListElement\":[{\"@type\":\"ListItem\",\"position\":1,\"name\":\"Rodziny Wincenty\u0144skiej\",\"item\":\"https:\\\/\\\/filles-de-la-charite.org\\\/pl\\\/category\\\/rodziny-wincentynskiej-pl\\\/\"},{\"@type\":\"ListItem\",\"position\":2,\"name\":\"Objazdowa wsp\u00f3lnota Cabo Delgado pos\u0142uguj\u0105ca osobom wysiedlonym przez wojn\u0119\"}]},{\"@type\":\"WebSite\",\"@id\":\"https:\\\/\\\/filles-de-la-charite.org\\\/pl\\\/#website\",\"url\":\"https:\\\/\\\/filles-de-la-charite.org\\\/pl\\\/\",\"name\":\"Hijas de la Caridad\",\"description\":\"L\u2019amour de J\u00e9sus nous presse \u00e0 prendre soin des personnes les plus d\u00e9munies\",\"publisher\":{\"@id\":\"https:\\\/\\\/filles-de-la-charite.org\\\/pl\\\/#organization\"},\"potentialAction\":[{\"@type\":\"SearchAction\",\"target\":{\"@type\":\"EntryPoint\",\"urlTemplate\":\"https:\\\/\\\/filles-de-la-charite.org\\\/pl\\\/?s={search_term_string}\"},\"query-input\":{\"@type\":\"PropertyValueSpecification\",\"valueRequired\":true,\"valueName\":\"search_term_string\"}}],\"inLanguage\":\"pl-PL\"},{\"@type\":\"Organization\",\"@id\":\"https:\\\/\\\/filles-de-la-charite.org\\\/pl\\\/#organization\",\"name\":\"Hijas de la Caridad\",\"url\":\"https:\\\/\\\/filles-de-la-charite.org\\\/pl\\\/\",\"logo\":{\"@type\":\"ImageObject\",\"inLanguage\":\"pl-PL\",\"@id\":\"https:\\\/\\\/filles-de-la-charite.org\\\/pl\\\/#\\\/schema\\\/logo\\\/image\\\/\",\"url\":\"https:\\\/\\\/filles-de-la-charite.org\\\/wp-content\\\/uploads\\\/2023\\\/03\\\/isotipo-Hijas-de-la-Caridad.png\",\"contentUrl\":\"https:\\\/\\\/filles-de-la-charite.org\\\/wp-content\\\/uploads\\\/2023\\\/03\\\/isotipo-Hijas-de-la-Caridad.png\",\"width\":1417,\"height\":1417,\"caption\":\"Hijas de la Caridad\"},\"image\":{\"@id\":\"https:\\\/\\\/filles-de-la-charite.org\\\/pl\\\/#\\\/schema\\\/logo\\\/image\\\/\"}},{\"@type\":\"Person\",\"@id\":\"https:\\\/\\\/filles-de-la-charite.org\\\/pl\\\/#\\\/schema\\\/person\\\/427567b2eccfc2dd7d206da186a1f438\",\"name\":\"admin\",\"image\":{\"@type\":\"ImageObject\",\"inLanguage\":\"pl-PL\",\"@id\":\"https:\\\/\\\/secure.gravatar.com\\\/avatar\\\/948b492cce32b586ac2db0eaa926ee87024f7afe218d73b397ea5ddfc5f43ea1?s=96&d=mm&r=g\",\"url\":\"https:\\\/\\\/secure.gravatar.com\\\/avatar\\\/948b492cce32b586ac2db0eaa926ee87024f7afe218d73b397ea5ddfc5f43ea1?s=96&d=mm&r=g\",\"contentUrl\":\"https:\\\/\\\/secure.gravatar.com\\\/avatar\\\/948b492cce32b586ac2db0eaa926ee87024f7afe218d73b397ea5ddfc5f43ea1?s=96&d=mm&r=g\",\"caption\":\"admin\"},\"sameAs\":[\"https:\\\/\\\/filles-de-la-charite.org\"],\"url\":\"https:\\\/\\\/filles-de-la-charite.org\\\/pl\\\/author\\\/caridad\\\/\"}]}<\/script>\n<!-- \/ Yoast SEO plugin. -->","yoast_head_json":{"title":"Objazdowa wsp\u00f3lnota Cabo Delgado pos\u0142uguj\u0105ca osobom wysiedlonym przez wojn\u0119 - Filles de la Charit\u00e9","robots":{"index":"index","follow":"follow","max-snippet":"max-snippet:-1","max-image-preview":"max-image-preview:large","max-video-preview":"max-video-preview:-1"},"canonical":"https:\/\/filles-de-la-charite.org\/pl\/objazdowa-wspolnota-cabo-delgado-poslugujaca-osobom-wysiedlonym-przez-wojne\/","og_locale":"pl_PL","og_type":"article","og_title":"Objazdowa wsp\u00f3lnota Cabo Delgado pos\u0142uguj\u0105ca osobom wysiedlonym przez wojn\u0119 - Filles de la Charit\u00e9","og_description":"Sytuacja przesiedle\u0144c\u00f3w na p\u00f3\u0142nocy Mozambiku poruszy\u0142a nasz\u0105 wra\u017cliwo\u015b\u0107, nasze serca i umys\u0142y, gdy przypominamy sobie, \u017ce \u201eW szkole Syna Bo\u017cego, Siostry Mi\u0142osierdzia ucz\u0105 si\u0119, \u017ce nie istnieje n\u0119dza, kt\u00f3ra by\u0142aby im obca. Chrystus nieustannie wzywa Zgromadzenie poprzez cierpi\u0105cych braci i siostry, przez znaki czasu, przez Ko\u015bci\u00f3\u0142. Liczne s\u0105 formy ub\u00f3stwa&#8230;\u201d (K.11) Podobnie temat naszego Konwentu [&hellip;]","og_url":"https:\/\/filles-de-la-charite.org\/pl\/objazdowa-wspolnota-cabo-delgado-poslugujaca-osobom-wysiedlonym-przez-wojne\/","og_site_name":"Filles de la Charit\u00e9","article_published_time":"2021-05-01T15:59:40+00:00","article_modified_time":"2024-03-17T16:52:31+00:00","og_image":[{"width":964,"height":723,"url":"https:\/\/filles-de-la-charite.org\/wp-content\/uploads\/2023\/06\/1-1.png","type":"image\/png"}],"author":"admin","twitter_card":"summary_large_image","twitter_misc":{"Napisane przez":"admin","Szacowany czas czytania":"4 minuty"},"schema":{"@context":"https:\/\/schema.org","@graph":[{"@type":"Article","@id":"https:\/\/filles-de-la-charite.org\/pl\/objazdowa-wspolnota-cabo-delgado-poslugujaca-osobom-wysiedlonym-przez-wojne\/#article","isPartOf":{"@id":"https:\/\/filles-de-la-charite.org\/pl\/objazdowa-wspolnota-cabo-delgado-poslugujaca-osobom-wysiedlonym-przez-wojne\/"},"author":{"name":"admin","@id":"https:\/\/filles-de-la-charite.org\/pl\/#\/schema\/person\/427567b2eccfc2dd7d206da186a1f438"},"headline":"Objazdowa wsp\u00f3lnota Cabo Delgado pos\u0142uguj\u0105ca osobom wysiedlonym przez wojn\u0119","datePublished":"2021-05-01T15:59:40+00:00","dateModified":"2024-03-17T16:52:31+00:00","mainEntityOfPage":{"@id":"https:\/\/filles-de-la-charite.org\/pl\/objazdowa-wspolnota-cabo-delgado-poslugujaca-osobom-wysiedlonym-przez-wojne\/"},"wordCount":701,"publisher":{"@id":"https:\/\/filles-de-la-charite.org\/pl\/#organization"},"image":{"@id":"https:\/\/filles-de-la-charite.org\/pl\/objazdowa-wspolnota-cabo-delgado-poslugujaca-osobom-wysiedlonym-przez-wojne\/#primaryimage"},"thumbnailUrl":"https:\/\/filles-de-la-charite.org\/wp-content\/uploads\/2023\/06\/1-1.png","articleSection":["Mozambik"],"inLanguage":"pl-PL"},{"@type":"WebPage","@id":"https:\/\/filles-de-la-charite.org\/pl\/objazdowa-wspolnota-cabo-delgado-poslugujaca-osobom-wysiedlonym-przez-wojne\/","url":"https:\/\/filles-de-la-charite.org\/pl\/objazdowa-wspolnota-cabo-delgado-poslugujaca-osobom-wysiedlonym-przez-wojne\/","name":"Objazdowa wsp\u00f3lnota Cabo Delgado pos\u0142uguj\u0105ca osobom wysiedlonym przez wojn\u0119 - Filles de la Charit\u00e9","isPartOf":{"@id":"https:\/\/filles-de-la-charite.org\/pl\/#website"},"primaryImageOfPage":{"@id":"https:\/\/filles-de-la-charite.org\/pl\/objazdowa-wspolnota-cabo-delgado-poslugujaca-osobom-wysiedlonym-przez-wojne\/#primaryimage"},"image":{"@id":"https:\/\/filles-de-la-charite.org\/pl\/objazdowa-wspolnota-cabo-delgado-poslugujaca-osobom-wysiedlonym-przez-wojne\/#primaryimage"},"thumbnailUrl":"https:\/\/filles-de-la-charite.org\/wp-content\/uploads\/2023\/06\/1-1.png","datePublished":"2021-05-01T15:59:40+00:00","dateModified":"2024-03-17T16:52:31+00:00","breadcrumb":{"@id":"https:\/\/filles-de-la-charite.org\/pl\/objazdowa-wspolnota-cabo-delgado-poslugujaca-osobom-wysiedlonym-przez-wojne\/#breadcrumb"},"inLanguage":"pl-PL","potentialAction":[{"@type":"ReadAction","target":["https:\/\/filles-de-la-charite.org\/pl\/objazdowa-wspolnota-cabo-delgado-poslugujaca-osobom-wysiedlonym-przez-wojne\/"]}]},{"@type":"ImageObject","inLanguage":"pl-PL","@id":"https:\/\/filles-de-la-charite.org\/pl\/objazdowa-wspolnota-cabo-delgado-poslugujaca-osobom-wysiedlonym-przez-wojne\/#primaryimage","url":"https:\/\/filles-de-la-charite.org\/wp-content\/uploads\/2023\/06\/1-1.png","contentUrl":"https:\/\/filles-de-la-charite.org\/wp-content\/uploads\/2023\/06\/1-1.png","width":964,"height":723},{"@type":"BreadcrumbList","@id":"https:\/\/filles-de-la-charite.org\/pl\/objazdowa-wspolnota-cabo-delgado-poslugujaca-osobom-wysiedlonym-przez-wojne\/#breadcrumb","itemListElement":[{"@type":"ListItem","position":1,"name":"Rodziny Wincenty\u0144skiej","item":"https:\/\/filles-de-la-charite.org\/pl\/category\/rodziny-wincentynskiej-pl\/"},{"@type":"ListItem","position":2,"name":"Objazdowa wsp\u00f3lnota Cabo Delgado pos\u0142uguj\u0105ca osobom wysiedlonym przez wojn\u0119"}]},{"@type":"WebSite","@id":"https:\/\/filles-de-la-charite.org\/pl\/#website","url":"https:\/\/filles-de-la-charite.org\/pl\/","name":"Hijas de la Caridad","description":"L\u2019amour de J\u00e9sus nous presse \u00e0 prendre soin des personnes les plus d\u00e9munies","publisher":{"@id":"https:\/\/filles-de-la-charite.org\/pl\/#organization"},"potentialAction":[{"@type":"SearchAction","target":{"@type":"EntryPoint","urlTemplate":"https:\/\/filles-de-la-charite.org\/pl\/?s={search_term_string}"},"query-input":{"@type":"PropertyValueSpecification","valueRequired":true,"valueName":"search_term_string"}}],"inLanguage":"pl-PL"},{"@type":"Organization","@id":"https:\/\/filles-de-la-charite.org\/pl\/#organization","name":"Hijas de la Caridad","url":"https:\/\/filles-de-la-charite.org\/pl\/","logo":{"@type":"ImageObject","inLanguage":"pl-PL","@id":"https:\/\/filles-de-la-charite.org\/pl\/#\/schema\/logo\/image\/","url":"https:\/\/filles-de-la-charite.org\/wp-content\/uploads\/2023\/03\/isotipo-Hijas-de-la-Caridad.png","contentUrl":"https:\/\/filles-de-la-charite.org\/wp-content\/uploads\/2023\/03\/isotipo-Hijas-de-la-Caridad.png","width":1417,"height":1417,"caption":"Hijas de la Caridad"},"image":{"@id":"https:\/\/filles-de-la-charite.org\/pl\/#\/schema\/logo\/image\/"}},{"@type":"Person","@id":"https:\/\/filles-de-la-charite.org\/pl\/#\/schema\/person\/427567b2eccfc2dd7d206da186a1f438","name":"admin","image":{"@type":"ImageObject","inLanguage":"pl-PL","@id":"https:\/\/secure.gravatar.com\/avatar\/948b492cce32b586ac2db0eaa926ee87024f7afe218d73b397ea5ddfc5f43ea1?s=96&d=mm&r=g","url":"https:\/\/secure.gravatar.com\/avatar\/948b492cce32b586ac2db0eaa926ee87024f7afe218d73b397ea5ddfc5f43ea1?s=96&d=mm&r=g","contentUrl":"https:\/\/secure.gravatar.com\/avatar\/948b492cce32b586ac2db0eaa926ee87024f7afe218d73b397ea5ddfc5f43ea1?s=96&d=mm&r=g","caption":"admin"},"sameAs":["https:\/\/filles-de-la-charite.org"],"url":"https:\/\/filles-de-la-charite.org\/pl\/author\/caridad\/"}]}},"_links":{"self":[{"href":"https:\/\/filles-de-la-charite.org\/pl\/wp-json\/wp\/v2\/posts\/24447","targetHints":{"allow":["GET"]}}],"collection":[{"href":"https:\/\/filles-de-la-charite.org\/pl\/wp-json\/wp\/v2\/posts"}],"about":[{"href":"https:\/\/filles-de-la-charite.org\/pl\/wp-json\/wp\/v2\/types\/post"}],"author":[{"embeddable":true,"href":"https:\/\/filles-de-la-charite.org\/pl\/wp-json\/wp\/v2\/users\/1"}],"replies":[{"embeddable":true,"href":"https:\/\/filles-de-la-charite.org\/pl\/wp-json\/wp\/v2\/comments?post=24447"}],"version-history":[{"count":1,"href":"https:\/\/filles-de-la-charite.org\/pl\/wp-json\/wp\/v2\/posts\/24447\/revisions"}],"predecessor-version":[{"id":24448,"href":"https:\/\/filles-de-la-charite.org\/pl\/wp-json\/wp\/v2\/posts\/24447\/revisions\/24448"}],"wp:featuredmedia":[{"embeddable":true,"href":"https:\/\/filles-de-la-charite.org\/pl\/wp-json\/wp\/v2\/media\/15824"}],"wp:attachment":[{"href":"https:\/\/filles-de-la-charite.org\/pl\/wp-json\/wp\/v2\/media?parent=24447"}],"wp:term":[{"taxonomy":"category","embeddable":true,"href":"https:\/\/filles-de-la-charite.org\/pl\/wp-json\/wp\/v2\/categories?post=24447"},{"taxonomy":"post_tag","embeddable":true,"href":"https:\/\/filles-de-la-charite.org\/pl\/wp-json\/wp\/v2\/tags?post=24447"}],"curies":[{"name":"wp","href":"https:\/\/api.w.org\/{rel}","templated":true}]}}