{"id":24455,"date":"2021-05-31T22:00:00","date_gmt":"2021-05-31T20:00:00","guid":{"rendered":"https:\/\/hijascaridad.sjdigitaldemo.ovh\/poswiecenie-w-seton-legacy-garden-2\/"},"modified":"2024-03-17T17:52:03","modified_gmt":"2024-03-17T16:52:03","slug":"poswiecenie-w-seton-legacy-garden-2","status":"publish","type":"post","link":"https:\/\/filles-de-la-charite.org\/pl\/poswiecenie-w-seton-legacy-garden-2\/","title":{"rendered":"Po\u015bwi\u0119cenie w Seton Legacy Garden"},"content":{"rendered":"\n<p>Kilka lat temu na terenie Sanktuarium \u015bw. El\u017cbiety Anny Seton w Emmitsburgu w stanie Maryland (USA), ziemi, po kt\u00f3rej chodzi\u0142a Matka Seton, za\u0142o\u017cono specjalny ogr\u00f3d zwany \u201eLegacy Garden\u201d. Ogr\u00f3d jest po\u015bwi\u0119cony 13 zgromadzeniom \u017ce\u0144skim, kt\u00f3re wyros\u0142y z pierwotnego zgromadzenia za\u0142o\u017conego przez Matk\u0119 Seton. Obejmuje to Siostry Mi\u0142osierdzia, z kt\u00f3rymi Siostry w Emmitsburgu po\u0142\u0105czy\u0142y si\u0119 w 1850 roku.<\/p>\n\n\n\n<p>Dnia 8 kwietnia 2021 r. odby\u0142a si\u0119 specjalna ceremonia po\u015bwi\u0119cenia nowych kamieni do ogrodu.<\/p>\n\n\n\n<div class=\"wp-block-image\"><figure class=\"aligncenter size-large\"><img decoding=\"async\" src=\"https:\/\/filles-de-la-charite.org\/wp-content\/uploads\/2023\/06\/Sister-Kathleen-Appler-remembrance-stone-Seton-Legacy-Garden-Emmitsburg-996x1024-1.jpg\" alt=\"\" class=\"wp-image-62496\"\/><figcaption><strong><em>S<strong>iostra Kathleen Appler &#8211; kamie\u0144 pami\u0119ci &#8211; Seton Legacy Garden, Emmitsburg<\/strong><\/em><\/strong><\/figcaption><\/figure><\/div>\n\n\n\n<p>Specjalny kamie\u0144 zosta\u0142 umieszczony ku pami\u0119ci Siostry Kathleen Appler, Prze\u0142o\u017conej Generalnej Si\u00f3str Mi\u0142osierdzia \u015bw. Wincentego a Paulo, kt\u00f3ra odesz\u0142a do Pana w marcu 2020 r. W\u015br\u00f3d wielu os\u00f3b obecnych na uroczysto\u015bci by\u0142a rodzona siostra Siostry Kathleen, Diane i jej m\u0105\u017c Dale Brown. Trzech cz\u0142onk\u00f3w Rady Prowincjalnej do\u0142\u0105czy\u0142o do Diane i Dale, gdy odwiedzili o\u0142tarz ze szcz\u0105tkami Matki Seton i obejrzeli kamie\u0144 po\u015bwi\u0119cony Siostrze Kathleen w Legacy Garden. By\u0142a to znacz\u0105ca i prosta ceremonia, kt\u00f3ra wiele znaczy\u0142a dla Si\u00f3str Mi\u0142osierdzia i rodziny Siostry Kathleen.<\/p>\n\n\n\n<div class=\"wp-block-image\"><figure class=\"aligncenter size-large\"><img decoding=\"async\" src=\"https:\/\/filles-de-la-charite.org\/wp-content\/uploads\/2023\/06\/Sister-Nancy-Murphy-Dale-Diane-Appler-Brown-Sisters-Ellen-LaCapria-and-Mary-Frances-Barnes-1024x681-1.jpg\" alt=\"\" class=\"wp-image-62493\"\/><\/figure><\/div>\n","protected":false},"excerpt":{"rendered":"<p>Kilka lat temu na terenie Sanktuarium \u015bw. El\u017cbiety Anny Seton w Emmitsburgu w stanie Maryland (USA), ziemi, po kt\u00f3rej chodzi\u0142a Matka Seton, za\u0142o\u017cono specjalny ogr\u00f3d zwany \u201eLegacy Garden\u201d. Ogr\u00f3d jest po\u015bwi\u0119cony 13 zgromadzeniom \u017ce\u0144skim, kt\u00f3re wyros\u0142y z pierwotnego zgromadzenia za\u0142o\u017conego przez Matk\u0119 Seton. Obejmuje to Siostry Mi\u0142osierdzia, z kt\u00f3rymi Siostry w Emmitsburgu po\u0142\u0105czy\u0142y si\u0119 w [&hellip;]<\/p>\n","protected":false},"author":1,"featured_media":15908,"comment_status":"closed","ping_status":"closed","sticky":false,"template":"","format":"standard","meta":{"_acf_changed":false,"_et_pb_use_builder":"","_et_pb_old_content":"","_et_gb_content_width":"","footnotes":"","_links_to":"","_links_to_target":""},"categories":[710],"tags":[],"class_list":["post-24455","post","type-post","status-publish","format-standard","has-post-thumbnail","hentry","category-swieta-ludwika-usa-pl"],"acf":[],"yoast_head":"<!-- This site is optimized with the Yoast SEO plugin v27.4 - https:\/\/yoast.com\/product\/yoast-seo-wordpress\/ -->\n<title>Po\u015bwi\u0119cenie w Seton Legacy Garden - Filles de la Charit\u00e9<\/title>\n<meta name=\"robots\" content=\"index, follow, max-snippet:-1, max-image-preview:large, max-video-preview:-1\" \/>\n<link rel=\"canonical\" href=\"https:\/\/filles-de-la-charite.org\/pl\/poswiecenie-w-seton-legacy-garden-2\/\" \/>\n<meta property=\"og:locale\" content=\"pl_PL\" \/>\n<meta property=\"og:type\" content=\"article\" \/>\n<meta property=\"og:title\" content=\"Po\u015bwi\u0119cenie w Seton Legacy Garden - Filles de la Charit\u00e9\" \/>\n<meta property=\"og:description\" content=\"Kilka lat temu na terenie Sanktuarium \u015bw. El\u017cbiety Anny Seton w Emmitsburgu w stanie Maryland (USA), ziemi, po kt\u00f3rej chodzi\u0142a Matka Seton, za\u0142o\u017cono specjalny ogr\u00f3d zwany \u201eLegacy Garden\u201d. Ogr\u00f3d jest po\u015bwi\u0119cony 13 zgromadzeniom \u017ce\u0144skim, kt\u00f3re wyros\u0142y z pierwotnego zgromadzenia za\u0142o\u017conego przez Matk\u0119 Seton. Obejmuje to Siostry Mi\u0142osierdzia, z kt\u00f3rymi Siostry w Emmitsburgu po\u0142\u0105czy\u0142y si\u0119 w [&hellip;]\" \/>\n<meta property=\"og:url\" content=\"https:\/\/filles-de-la-charite.org\/pl\/poswiecenie-w-seton-legacy-garden-2\/\" \/>\n<meta property=\"og:site_name\" content=\"Filles de la Charit\u00e9\" \/>\n<meta property=\"article:published_time\" content=\"2021-05-31T20:00:00+00:00\" \/>\n<meta property=\"article:modified_time\" content=\"2024-03-17T16:52:03+00:00\" \/>\n<meta property=\"og:image\" content=\"https:\/\/filles-de-la-charite.org\/wp-content\/uploads\/2023\/06\/Sisters-Ellen-LaCapria-Nancy-Murphy-Mary-Frances-Barnes-and-Diane-Appler-and-Dale-Brown.jpg\" \/>\n\t<meta property=\"og:image:width\" content=\"1619\" \/>\n\t<meta property=\"og:image:height\" content=\"1076\" \/>\n\t<meta property=\"og:image:type\" content=\"image\/jpeg\" \/>\n<meta name=\"author\" content=\"admin\" \/>\n<meta name=\"twitter:card\" content=\"summary_large_image\" \/>\n<meta name=\"twitter:label1\" content=\"Napisane przez\" \/>\n\t<meta name=\"twitter:data1\" content=\"admin\" \/>\n\t<meta name=\"twitter:label2\" content=\"Szacowany czas czytania\" \/>\n\t<meta name=\"twitter:data2\" content=\"2 minuty\" \/>\n<script type=\"application\/ld+json\" class=\"yoast-schema-graph\">{\"@context\":\"https:\\\/\\\/schema.org\",\"@graph\":[{\"@type\":\"Article\",\"@id\":\"https:\\\/\\\/filles-de-la-charite.org\\\/pl\\\/poswiecenie-w-seton-legacy-garden-2\\\/#article\",\"isPartOf\":{\"@id\":\"https:\\\/\\\/filles-de-la-charite.org\\\/pl\\\/poswiecenie-w-seton-legacy-garden-2\\\/\"},\"author\":{\"name\":\"admin\",\"@id\":\"https:\\\/\\\/filles-de-la-charite.org\\\/pl\\\/#\\\/schema\\\/person\\\/427567b2eccfc2dd7d206da186a1f438\"},\"headline\":\"Po\u015bwi\u0119cenie w Seton Legacy Garden\",\"datePublished\":\"2021-05-31T20:00:00+00:00\",\"dateModified\":\"2024-03-17T16:52:03+00:00\",\"mainEntityOfPage\":{\"@id\":\"https:\\\/\\\/filles-de-la-charite.org\\\/pl\\\/poswiecenie-w-seton-legacy-garden-2\\\/\"},\"wordCount\":215,\"publisher\":{\"@id\":\"https:\\\/\\\/filles-de-la-charite.org\\\/pl\\\/#organization\"},\"image\":{\"@id\":\"https:\\\/\\\/filles-de-la-charite.org\\\/pl\\\/poswiecenie-w-seton-legacy-garden-2\\\/#primaryimage\"},\"thumbnailUrl\":\"https:\\\/\\\/filles-de-la-charite.org\\\/wp-content\\\/uploads\\\/2023\\\/06\\\/Sisters-Ellen-LaCapria-Nancy-Murphy-Mary-Frances-Barnes-and-Diane-Appler-and-Dale-Brown.jpg\",\"articleSection\":[\"\u015awi\u0119ta Ludwika - USA\"],\"inLanguage\":\"pl-PL\"},{\"@type\":\"WebPage\",\"@id\":\"https:\\\/\\\/filles-de-la-charite.org\\\/pl\\\/poswiecenie-w-seton-legacy-garden-2\\\/\",\"url\":\"https:\\\/\\\/filles-de-la-charite.org\\\/pl\\\/poswiecenie-w-seton-legacy-garden-2\\\/\",\"name\":\"Po\u015bwi\u0119cenie w Seton Legacy Garden - Filles de la Charit\u00e9\",\"isPartOf\":{\"@id\":\"https:\\\/\\\/filles-de-la-charite.org\\\/pl\\\/#website\"},\"primaryImageOfPage\":{\"@id\":\"https:\\\/\\\/filles-de-la-charite.org\\\/pl\\\/poswiecenie-w-seton-legacy-garden-2\\\/#primaryimage\"},\"image\":{\"@id\":\"https:\\\/\\\/filles-de-la-charite.org\\\/pl\\\/poswiecenie-w-seton-legacy-garden-2\\\/#primaryimage\"},\"thumbnailUrl\":\"https:\\\/\\\/filles-de-la-charite.org\\\/wp-content\\\/uploads\\\/2023\\\/06\\\/Sisters-Ellen-LaCapria-Nancy-Murphy-Mary-Frances-Barnes-and-Diane-Appler-and-Dale-Brown.jpg\",\"datePublished\":\"2021-05-31T20:00:00+00:00\",\"dateModified\":\"2024-03-17T16:52:03+00:00\",\"breadcrumb\":{\"@id\":\"https:\\\/\\\/filles-de-la-charite.org\\\/pl\\\/poswiecenie-w-seton-legacy-garden-2\\\/#breadcrumb\"},\"inLanguage\":\"pl-PL\",\"potentialAction\":[{\"@type\":\"ReadAction\",\"target\":[\"https:\\\/\\\/filles-de-la-charite.org\\\/pl\\\/poswiecenie-w-seton-legacy-garden-2\\\/\"]}]},{\"@type\":\"ImageObject\",\"inLanguage\":\"pl-PL\",\"@id\":\"https:\\\/\\\/filles-de-la-charite.org\\\/pl\\\/poswiecenie-w-seton-legacy-garden-2\\\/#primaryimage\",\"url\":\"https:\\\/\\\/filles-de-la-charite.org\\\/wp-content\\\/uploads\\\/2023\\\/06\\\/Sisters-Ellen-LaCapria-Nancy-Murphy-Mary-Frances-Barnes-and-Diane-Appler-and-Dale-Brown.jpg\",\"contentUrl\":\"https:\\\/\\\/filles-de-la-charite.org\\\/wp-content\\\/uploads\\\/2023\\\/06\\\/Sisters-Ellen-LaCapria-Nancy-Murphy-Mary-Frances-Barnes-and-Diane-Appler-and-Dale-Brown.jpg\",\"width\":1619,\"height\":1076},{\"@type\":\"BreadcrumbList\",\"@id\":\"https:\\\/\\\/filles-de-la-charite.org\\\/pl\\\/poswiecenie-w-seton-legacy-garden-2\\\/#breadcrumb\",\"itemListElement\":[{\"@type\":\"ListItem\",\"position\":1,\"name\":\"\u015awi\u0119ta Ludwika - USA\",\"item\":\"https:\\\/\\\/filles-de-la-charite.org\\\/pl\\\/category\\\/swieta-ludwika-usa-pl\\\/\"},{\"@type\":\"ListItem\",\"position\":2,\"name\":\"Po\u015bwi\u0119cenie w Seton Legacy Garden\"}]},{\"@type\":\"WebSite\",\"@id\":\"https:\\\/\\\/filles-de-la-charite.org\\\/pl\\\/#website\",\"url\":\"https:\\\/\\\/filles-de-la-charite.org\\\/pl\\\/\",\"name\":\"Hijas de la Caridad\",\"description\":\"L\u2019amour de J\u00e9sus nous presse \u00e0 prendre soin des personnes les plus d\u00e9munies\",\"publisher\":{\"@id\":\"https:\\\/\\\/filles-de-la-charite.org\\\/pl\\\/#organization\"},\"potentialAction\":[{\"@type\":\"SearchAction\",\"target\":{\"@type\":\"EntryPoint\",\"urlTemplate\":\"https:\\\/\\\/filles-de-la-charite.org\\\/pl\\\/?s={search_term_string}\"},\"query-input\":{\"@type\":\"PropertyValueSpecification\",\"valueRequired\":true,\"valueName\":\"search_term_string\"}}],\"inLanguage\":\"pl-PL\"},{\"@type\":\"Organization\",\"@id\":\"https:\\\/\\\/filles-de-la-charite.org\\\/pl\\\/#organization\",\"name\":\"Hijas de la Caridad\",\"url\":\"https:\\\/\\\/filles-de-la-charite.org\\\/pl\\\/\",\"logo\":{\"@type\":\"ImageObject\",\"inLanguage\":\"pl-PL\",\"@id\":\"https:\\\/\\\/filles-de-la-charite.org\\\/pl\\\/#\\\/schema\\\/logo\\\/image\\\/\",\"url\":\"https:\\\/\\\/filles-de-la-charite.org\\\/wp-content\\\/uploads\\\/2023\\\/03\\\/isotipo-Hijas-de-la-Caridad.png\",\"contentUrl\":\"https:\\\/\\\/filles-de-la-charite.org\\\/wp-content\\\/uploads\\\/2023\\\/03\\\/isotipo-Hijas-de-la-Caridad.png\",\"width\":1417,\"height\":1417,\"caption\":\"Hijas de la Caridad\"},\"image\":{\"@id\":\"https:\\\/\\\/filles-de-la-charite.org\\\/pl\\\/#\\\/schema\\\/logo\\\/image\\\/\"}},{\"@type\":\"Person\",\"@id\":\"https:\\\/\\\/filles-de-la-charite.org\\\/pl\\\/#\\\/schema\\\/person\\\/427567b2eccfc2dd7d206da186a1f438\",\"name\":\"admin\",\"image\":{\"@type\":\"ImageObject\",\"inLanguage\":\"pl-PL\",\"@id\":\"https:\\\/\\\/secure.gravatar.com\\\/avatar\\\/948b492cce32b586ac2db0eaa926ee87024f7afe218d73b397ea5ddfc5f43ea1?s=96&d=mm&r=g\",\"url\":\"https:\\\/\\\/secure.gravatar.com\\\/avatar\\\/948b492cce32b586ac2db0eaa926ee87024f7afe218d73b397ea5ddfc5f43ea1?s=96&d=mm&r=g\",\"contentUrl\":\"https:\\\/\\\/secure.gravatar.com\\\/avatar\\\/948b492cce32b586ac2db0eaa926ee87024f7afe218d73b397ea5ddfc5f43ea1?s=96&d=mm&r=g\",\"caption\":\"admin\"},\"sameAs\":[\"https:\\\/\\\/filles-de-la-charite.org\"],\"url\":\"https:\\\/\\\/filles-de-la-charite.org\\\/pl\\\/author\\\/caridad\\\/\"}]}<\/script>\n<!-- \/ Yoast SEO plugin. -->","yoast_head_json":{"title":"Po\u015bwi\u0119cenie w Seton Legacy Garden - Filles de la Charit\u00e9","robots":{"index":"index","follow":"follow","max-snippet":"max-snippet:-1","max-image-preview":"max-image-preview:large","max-video-preview":"max-video-preview:-1"},"canonical":"https:\/\/filles-de-la-charite.org\/pl\/poswiecenie-w-seton-legacy-garden-2\/","og_locale":"pl_PL","og_type":"article","og_title":"Po\u015bwi\u0119cenie w Seton Legacy Garden - Filles de la Charit\u00e9","og_description":"Kilka lat temu na terenie Sanktuarium \u015bw. El\u017cbiety Anny Seton w Emmitsburgu w stanie Maryland (USA), ziemi, po kt\u00f3rej chodzi\u0142a Matka Seton, za\u0142o\u017cono specjalny ogr\u00f3d zwany \u201eLegacy Garden\u201d. Ogr\u00f3d jest po\u015bwi\u0119cony 13 zgromadzeniom \u017ce\u0144skim, kt\u00f3re wyros\u0142y z pierwotnego zgromadzenia za\u0142o\u017conego przez Matk\u0119 Seton. Obejmuje to Siostry Mi\u0142osierdzia, z kt\u00f3rymi Siostry w Emmitsburgu po\u0142\u0105czy\u0142y si\u0119 w [&hellip;]","og_url":"https:\/\/filles-de-la-charite.org\/pl\/poswiecenie-w-seton-legacy-garden-2\/","og_site_name":"Filles de la Charit\u00e9","article_published_time":"2021-05-31T20:00:00+00:00","article_modified_time":"2024-03-17T16:52:03+00:00","og_image":[{"width":1619,"height":1076,"url":"https:\/\/filles-de-la-charite.org\/wp-content\/uploads\/2023\/06\/Sisters-Ellen-LaCapria-Nancy-Murphy-Mary-Frances-Barnes-and-Diane-Appler-and-Dale-Brown.jpg","type":"image\/jpeg"}],"author":"admin","twitter_card":"summary_large_image","twitter_misc":{"Napisane przez":"admin","Szacowany czas czytania":"2 minuty"},"schema":{"@context":"https:\/\/schema.org","@graph":[{"@type":"Article","@id":"https:\/\/filles-de-la-charite.org\/pl\/poswiecenie-w-seton-legacy-garden-2\/#article","isPartOf":{"@id":"https:\/\/filles-de-la-charite.org\/pl\/poswiecenie-w-seton-legacy-garden-2\/"},"author":{"name":"admin","@id":"https:\/\/filles-de-la-charite.org\/pl\/#\/schema\/person\/427567b2eccfc2dd7d206da186a1f438"},"headline":"Po\u015bwi\u0119cenie w Seton Legacy Garden","datePublished":"2021-05-31T20:00:00+00:00","dateModified":"2024-03-17T16:52:03+00:00","mainEntityOfPage":{"@id":"https:\/\/filles-de-la-charite.org\/pl\/poswiecenie-w-seton-legacy-garden-2\/"},"wordCount":215,"publisher":{"@id":"https:\/\/filles-de-la-charite.org\/pl\/#organization"},"image":{"@id":"https:\/\/filles-de-la-charite.org\/pl\/poswiecenie-w-seton-legacy-garden-2\/#primaryimage"},"thumbnailUrl":"https:\/\/filles-de-la-charite.org\/wp-content\/uploads\/2023\/06\/Sisters-Ellen-LaCapria-Nancy-Murphy-Mary-Frances-Barnes-and-Diane-Appler-and-Dale-Brown.jpg","articleSection":["\u015awi\u0119ta Ludwika - USA"],"inLanguage":"pl-PL"},{"@type":"WebPage","@id":"https:\/\/filles-de-la-charite.org\/pl\/poswiecenie-w-seton-legacy-garden-2\/","url":"https:\/\/filles-de-la-charite.org\/pl\/poswiecenie-w-seton-legacy-garden-2\/","name":"Po\u015bwi\u0119cenie w Seton Legacy Garden - Filles de la Charit\u00e9","isPartOf":{"@id":"https:\/\/filles-de-la-charite.org\/pl\/#website"},"primaryImageOfPage":{"@id":"https:\/\/filles-de-la-charite.org\/pl\/poswiecenie-w-seton-legacy-garden-2\/#primaryimage"},"image":{"@id":"https:\/\/filles-de-la-charite.org\/pl\/poswiecenie-w-seton-legacy-garden-2\/#primaryimage"},"thumbnailUrl":"https:\/\/filles-de-la-charite.org\/wp-content\/uploads\/2023\/06\/Sisters-Ellen-LaCapria-Nancy-Murphy-Mary-Frances-Barnes-and-Diane-Appler-and-Dale-Brown.jpg","datePublished":"2021-05-31T20:00:00+00:00","dateModified":"2024-03-17T16:52:03+00:00","breadcrumb":{"@id":"https:\/\/filles-de-la-charite.org\/pl\/poswiecenie-w-seton-legacy-garden-2\/#breadcrumb"},"inLanguage":"pl-PL","potentialAction":[{"@type":"ReadAction","target":["https:\/\/filles-de-la-charite.org\/pl\/poswiecenie-w-seton-legacy-garden-2\/"]}]},{"@type":"ImageObject","inLanguage":"pl-PL","@id":"https:\/\/filles-de-la-charite.org\/pl\/poswiecenie-w-seton-legacy-garden-2\/#primaryimage","url":"https:\/\/filles-de-la-charite.org\/wp-content\/uploads\/2023\/06\/Sisters-Ellen-LaCapria-Nancy-Murphy-Mary-Frances-Barnes-and-Diane-Appler-and-Dale-Brown.jpg","contentUrl":"https:\/\/filles-de-la-charite.org\/wp-content\/uploads\/2023\/06\/Sisters-Ellen-LaCapria-Nancy-Murphy-Mary-Frances-Barnes-and-Diane-Appler-and-Dale-Brown.jpg","width":1619,"height":1076},{"@type":"BreadcrumbList","@id":"https:\/\/filles-de-la-charite.org\/pl\/poswiecenie-w-seton-legacy-garden-2\/#breadcrumb","itemListElement":[{"@type":"ListItem","position":1,"name":"\u015awi\u0119ta Ludwika - USA","item":"https:\/\/filles-de-la-charite.org\/pl\/category\/swieta-ludwika-usa-pl\/"},{"@type":"ListItem","position":2,"name":"Po\u015bwi\u0119cenie w Seton Legacy Garden"}]},{"@type":"WebSite","@id":"https:\/\/filles-de-la-charite.org\/pl\/#website","url":"https:\/\/filles-de-la-charite.org\/pl\/","name":"Hijas de la Caridad","description":"L\u2019amour de J\u00e9sus nous presse \u00e0 prendre soin des personnes les plus d\u00e9munies","publisher":{"@id":"https:\/\/filles-de-la-charite.org\/pl\/#organization"},"potentialAction":[{"@type":"SearchAction","target":{"@type":"EntryPoint","urlTemplate":"https:\/\/filles-de-la-charite.org\/pl\/?s={search_term_string}"},"query-input":{"@type":"PropertyValueSpecification","valueRequired":true,"valueName":"search_term_string"}}],"inLanguage":"pl-PL"},{"@type":"Organization","@id":"https:\/\/filles-de-la-charite.org\/pl\/#organization","name":"Hijas de la Caridad","url":"https:\/\/filles-de-la-charite.org\/pl\/","logo":{"@type":"ImageObject","inLanguage":"pl-PL","@id":"https:\/\/filles-de-la-charite.org\/pl\/#\/schema\/logo\/image\/","url":"https:\/\/filles-de-la-charite.org\/wp-content\/uploads\/2023\/03\/isotipo-Hijas-de-la-Caridad.png","contentUrl":"https:\/\/filles-de-la-charite.org\/wp-content\/uploads\/2023\/03\/isotipo-Hijas-de-la-Caridad.png","width":1417,"height":1417,"caption":"Hijas de la Caridad"},"image":{"@id":"https:\/\/filles-de-la-charite.org\/pl\/#\/schema\/logo\/image\/"}},{"@type":"Person","@id":"https:\/\/filles-de-la-charite.org\/pl\/#\/schema\/person\/427567b2eccfc2dd7d206da186a1f438","name":"admin","image":{"@type":"ImageObject","inLanguage":"pl-PL","@id":"https:\/\/secure.gravatar.com\/avatar\/948b492cce32b586ac2db0eaa926ee87024f7afe218d73b397ea5ddfc5f43ea1?s=96&d=mm&r=g","url":"https:\/\/secure.gravatar.com\/avatar\/948b492cce32b586ac2db0eaa926ee87024f7afe218d73b397ea5ddfc5f43ea1?s=96&d=mm&r=g","contentUrl":"https:\/\/secure.gravatar.com\/avatar\/948b492cce32b586ac2db0eaa926ee87024f7afe218d73b397ea5ddfc5f43ea1?s=96&d=mm&r=g","caption":"admin"},"sameAs":["https:\/\/filles-de-la-charite.org"],"url":"https:\/\/filles-de-la-charite.org\/pl\/author\/caridad\/"}]}},"_links":{"self":[{"href":"https:\/\/filles-de-la-charite.org\/pl\/wp-json\/wp\/v2\/posts\/24455","targetHints":{"allow":["GET"]}}],"collection":[{"href":"https:\/\/filles-de-la-charite.org\/pl\/wp-json\/wp\/v2\/posts"}],"about":[{"href":"https:\/\/filles-de-la-charite.org\/pl\/wp-json\/wp\/v2\/types\/post"}],"author":[{"embeddable":true,"href":"https:\/\/filles-de-la-charite.org\/pl\/wp-json\/wp\/v2\/users\/1"}],"replies":[{"embeddable":true,"href":"https:\/\/filles-de-la-charite.org\/pl\/wp-json\/wp\/v2\/comments?post=24455"}],"version-history":[{"count":1,"href":"https:\/\/filles-de-la-charite.org\/pl\/wp-json\/wp\/v2\/posts\/24455\/revisions"}],"predecessor-version":[{"id":24456,"href":"https:\/\/filles-de-la-charite.org\/pl\/wp-json\/wp\/v2\/posts\/24455\/revisions\/24456"}],"wp:featuredmedia":[{"embeddable":true,"href":"https:\/\/filles-de-la-charite.org\/pl\/wp-json\/wp\/v2\/media\/15908"}],"wp:attachment":[{"href":"https:\/\/filles-de-la-charite.org\/pl\/wp-json\/wp\/v2\/media?parent=24455"}],"wp:term":[{"taxonomy":"category","embeddable":true,"href":"https:\/\/filles-de-la-charite.org\/pl\/wp-json\/wp\/v2\/categories?post=24455"},{"taxonomy":"post_tag","embeddable":true,"href":"https:\/\/filles-de-la-charite.org\/pl\/wp-json\/wp\/v2\/tags?post=24455"}],"curies":[{"name":"wp","href":"https:\/\/api.w.org\/{rel}","templated":true}]}}