{"id":24463,"date":"2021-07-31T22:00:28","date_gmt":"2021-07-31T20:00:28","guid":{"rendered":"https:\/\/hijascaridad.sjdigitaldemo.ovh\/wiadomosci-od-siostry-misjonarki-w-bahia-blanca-argentyna\/"},"modified":"2024-03-17T16:59:28","modified_gmt":"2024-03-17T15:59:28","slug":"wiadomosci-od-siostry-misjonarki-w-bahia-blanca-argentyna","status":"publish","type":"post","link":"https:\/\/filles-de-la-charite.org\/pl\/wiadomosci-od-siostry-misjonarki-w-bahia-blanca-argentyna\/","title":{"rendered":"Wiadomo\u015bci od Siostry Misjonarki w Bahia Blanca (Argentyna)"},"content":{"rendered":"\n<div class=\"wp-block-image\"><figure class=\"aligncenter size-large\"><img decoding=\"async\" src=\"https:\/\/filles-de-la-charite.org\/wp-content\/uploads\/2023\/06\/Vincentian-Charity-Association-1024x690-1.jpg\" alt=\"\" class=\"wp-image-63212\" \/><figcaption><em>Mi\u0119dzynarodowe Stowarzyszenie Mi\u0142osierdzia \u015bw. Wincentego a Paulo (AIC)<\/em><\/figcaption><\/figure><\/div>\n\n\n\n<p>W naszej wsp\u00f3lnocie, w Bah\u00eda Blanca, jest pi\u0119\u0107 Si\u00f3str w wieku od 78 do 88 lat. Jako wsp\u00f3lnota lokalna mamy trzy cele: bycie szcz\u0119\u015bliw\u0105, \u017cy\u0107 w braterstwie i praktykowa\u0107 mi\u0142osierdzie.<\/p>\n\n\n\n<p>Nasza pos\u0142uga odbywa si\u0119 w szkole, w wiosce \u201eVilla Miter\u201d, a tak\u017ce w s\u0142u\u017cbie spo\u0142eczno-duszpasterskiej \u201e9 de Noviembre\u201d, gdzie pracuj\u0119 od mojego przyjazdu do Bahia w 2013 roku. Z bezwarunkow\u0105 pomoc\u0105 mojej lokalnej i prowincjalnej wsp\u00f3lnoty oraz we wsp\u00f3\u0142pracy ze Wsp\u00f3lnot\u0105 Edukacyjn\u0105, gdzie w 2016 roku powsta\u0142o Mi\u0119dzynarodowe Stowarzyszenie Mi\u0142osierdzia \u015bw. Wincentego a Paulo (AIC), postanowi\u0142y\u015bmy stworzy\u0107 Szko\u0142\u0119 \u201eUczni\u00f3w Misyjnych\u201d.<\/p>\n\n\n\n<div class=\"wp-block-image\"><figure class=\"aligncenter size-large\"><img decoding=\"async\" src=\"https:\/\/filles-de-la-charite.org\/wp-content\/uploads\/2023\/06\/second-hand-sale.jpg\" alt=\"\" class=\"wp-image-63211\" \/><figcaption><em>Sprzeda\u017c rzeczy u\u017cywanych<\/em><\/figcaption><\/figure><\/div>\n\n\n\n<p>Pierwotny projekt \u201e9 de Noviembre\u201d opiera\u0142 si\u0119 na odwiedzaniu Ubogich w ich domach oraz analizie rzeczywisto\u015bci. Dzi\u0119ki niewielkim sk\u0142adkom cz\u0142onk\u00f3w, w ramach \u0142a\u0144cucha solidarno\u015bci, oraz dzi\u0119ki pieni\u0105dzom zebranym ze sprzeda\u017cy rzeczy u\u017cywanych, dostarczy\u0142y\u015bmy rodzinom materia\u0142y budowlane, aby mog\u0142y zamieni\u0107 domy z blachy na domy murowane.<\/p>\n\n\n\n<div class=\"wp-block-image\"><figure class=\"aligncenter size-large\"><img decoding=\"async\" src=\"https:\/\/filles-de-la-charite.org\/wp-content\/uploads\/2023\/06\/9-de-Noviembre-neighbourhood-1024x577-1.png\" alt=\"\" class=\"wp-image-63214\" \/><figcaption><em>Dzielnica \u201e9 de Noviembre\u201d<\/em><\/figcaption><\/figure><\/div>\n\n\n\n<p>Projekt budowlany realizowano w latach 2013-2017, w wyniku kt\u00f3rego wybudowano 31 dom\u00f3w. W 2017 i 2018 roku przeznaczyli\u015bmy r\u00f3\u017cne dochody i darowizny na budow\u0119 Wincenty\u0144skiego Centrum Socjalnego, aby wr\u00f3ci\u0142o ono do w\u0142asnego u\u017cytku, poniewa\u017c ziemia pod jego budow\u0119 zosta\u0142a przyznana jako po\u017cyczka od Gminy. Centrum to nale\u017cy do Mi\u0119dzynarodowego Stowarzyszenia Mi\u0142osierdzia \u015bw. Wincentego a Paulo.<\/p>\n\n\n\n<p>Dzia\u0142ania w Wincenty\u0144skim Centrum Socjalnym w latach 2018-2019 mia\u0142y charakter edukacyjny (umiej\u0119tno\u015b\u0107 czytania i pisania dla doros\u0142ych w szko\u0142ach podstawowych i \u015brednich, wsparcie szk\u00f3\u0142 podstawowych i \u015brednich, szko\u0142a j\u0119zyka angielskiego w Instytucie Jana XXIII oraz informatyka) i spo\u0142eczny (szkolenia z zakresu zarz\u0105dzania solarnymi zbiornikami cieplnymi,\u00a0 zarz\u0105dzania \u017cywno\u015bci\u0105, zdrowego gotowania i pieczenia oraz szycia).<\/p>\n\n\n\n<div class=\"wp-block-image\"><figure class=\"aligncenter size-large\"><img decoding=\"async\" src=\"https:\/\/filles-de-la-charite.org\/wp-content\/uploads\/2023\/06\/Vincentian-Social-Center-1024x647-1.jpg\" alt=\"\" class=\"wp-image-63213\" \/><figcaption><em>Wincenty\u0144skie Centrum Socjalne<\/em><\/figcaption><\/figure><\/div>\n\n\n\n<p>W 2020 roku przez ca\u0142y okres Covid19, chocia\u017c nie uda\u0142o si\u0119 prowadzi\u0107 dzia\u0142a\u0144 edukacyjnych i promocji spo\u0142ecznej jak w latach poprzednich, we wsp\u00f3\u0142pracy z Gmin\u0105 kontynuowano wsparcie dla szk\u00f3\u0142, lekcje on-line j\u0119zyka angielskiego oraz dystrybucj\u0119 \u017cywno\u015bci do oko\u0142o 100 rodzin z s\u0105siedztwa.<\/p>\n\n\n\n<p>W 2021 roku Siostrom Mi\u0142osierdzia zosta\u0142o przekazanych 7 dzia\u0142ek na budow\u0119 Projektu 2020-2025 \u201eCENTRUM INTEGRACYJNE MARILLAC\u201d sk\u0142adaj\u0105cego si\u0119 z 12 ogrod\u00f3w rodzinnych, magazynu lub budynku na warsztaty rzemie\u015blnicze oraz Centrum dla Dzieci.<\/p>\n\n\n\n<p>W mojej szczerej modlitwie prosz\u0119 Pana, aby dotar\u0142 tam, gdzie my nie mo\u017cemy dotrze\u0107, poniewa\u017c \u201e\u017cniwo wielkie, ale robotnik\u00f3w ma\u0142o\u201d (\u0141k 10,2). Jeste\u015bmy pewne, \u017ce Jego drogi nie s\u0105 naszymi i \u017ce On dzia\u0142a w naszych s\u0142abo\u015bciach.<\/p>\n\n\n\n<div class=\"wp-block-image\"><figure class=\"aligncenter size-large\"><img decoding=\"async\" src=\"https:\/\/filles-de-la-charite.org\/wp-content\/uploads\/2023\/06\/Project-2020-2025-MARILLAC-INTEGRATION-CENTER-1024x465-1.jpg\" alt=\"\" class=\"wp-image-63210\" \/><figcaption><em>Projekt 2020-2025- CENTRUM INTEGRACJI MARILLAC<\/em><\/figcaption><\/figure><\/div>\n","protected":false},"excerpt":{"rendered":"<p>W naszej wsp\u00f3lnocie, w Bah\u00eda Blanca, jest pi\u0119\u0107 Si\u00f3str w wieku od 78 do 88 lat. Jako wsp\u00f3lnota lokalna mamy trzy cele: bycie szcz\u0119\u015bliw\u0105, \u017cy\u0107 w braterstwie i praktykowa\u0107 mi\u0142osierdzie. Nasza pos\u0142uga odbywa si\u0119 w szkole, w wiosce \u201eVilla Miter\u201d, a tak\u017ce w s\u0142u\u017cbie spo\u0142eczno-duszpasterskiej \u201e9 de Noviembre\u201d, gdzie pracuj\u0119 od mojego przyjazdu do Bahia [&hellip;]<\/p>\n","protected":false},"author":1,"featured_media":16074,"comment_status":"closed","ping_status":"closed","sticky":false,"template":"","format":"standard","meta":{"_acf_changed":false,"_et_pb_use_builder":"","_et_pb_old_content":"","_et_gb_content_width":"","footnotes":"","_links_to":"","_links_to_target":""},"categories":[769],"tags":[],"class_list":["post-24463","post","type-post","status-publish","format-standard","has-post-thumbnail","hentry","category-ameryka-poludniowa-pl-2"],"acf":[],"yoast_head":"<!-- This site is optimized with the Yoast SEO plugin v27.5 - https:\/\/yoast.com\/product\/yoast-seo-wordpress\/ -->\n<title>Wiadomo\u015bci od Siostry Misjonarki w Bahia Blanca (Argentyna) - Filles de la Charit\u00e9<\/title>\n<meta name=\"robots\" content=\"index, follow, max-snippet:-1, max-image-preview:large, max-video-preview:-1\" \/>\n<link rel=\"canonical\" href=\"https:\/\/filles-de-la-charite.org\/pl\/wiadomosci-od-siostry-misjonarki-w-bahia-blanca-argentyna\/\" \/>\n<meta property=\"og:locale\" content=\"pl_PL\" \/>\n<meta property=\"og:type\" content=\"article\" \/>\n<meta property=\"og:title\" content=\"Wiadomo\u015bci od Siostry Misjonarki w Bahia Blanca (Argentyna) - Filles de la Charit\u00e9\" \/>\n<meta property=\"og:description\" content=\"W naszej wsp\u00f3lnocie, w Bah\u00eda Blanca, jest pi\u0119\u0107 Si\u00f3str w wieku od 78 do 88 lat. Jako wsp\u00f3lnota lokalna mamy trzy cele: bycie szcz\u0119\u015bliw\u0105, \u017cy\u0107 w braterstwie i praktykowa\u0107 mi\u0142osierdzie. Nasza pos\u0142uga odbywa si\u0119 w szkole, w wiosce \u201eVilla Miter\u201d, a tak\u017ce w s\u0142u\u017cbie spo\u0142eczno-duszpasterskiej \u201e9 de Noviembre\u201d, gdzie pracuj\u0119 od mojego przyjazdu do Bahia [&hellip;]\" \/>\n<meta property=\"og:url\" content=\"https:\/\/filles-de-la-charite.org\/pl\/wiadomosci-od-siostry-misjonarki-w-bahia-blanca-argentyna\/\" \/>\n<meta property=\"og:site_name\" content=\"Filles de la Charit\u00e9\" \/>\n<meta property=\"article:published_time\" content=\"2021-07-31T20:00:28+00:00\" \/>\n<meta property=\"article:modified_time\" content=\"2024-03-17T15:59:28+00:00\" \/>\n<meta property=\"og:image\" content=\"https:\/\/filles-de-la-charite.org\/wp-content\/uploads\/2023\/06\/1Imagen1.jpg\" \/>\n\t<meta property=\"og:image:width\" content=\"1497\" \/>\n\t<meta property=\"og:image:height\" content=\"855\" \/>\n\t<meta property=\"og:image:type\" content=\"image\/jpeg\" \/>\n<meta name=\"author\" content=\"admin\" \/>\n<meta name=\"twitter:card\" content=\"summary_large_image\" \/>\n<meta name=\"twitter:label1\" content=\"Napisane przez\" \/>\n\t<meta name=\"twitter:data1\" content=\"admin\" \/>\n\t<meta name=\"twitter:label2\" content=\"Szacowany czas czytania\" \/>\n\t<meta name=\"twitter:data2\" content=\"3 minuty\" \/>\n<script type=\"application\/ld+json\" class=\"yoast-schema-graph\">{\"@context\":\"https:\\\/\\\/schema.org\",\"@graph\":[{\"@type\":\"Article\",\"@id\":\"https:\\\/\\\/filles-de-la-charite.org\\\/pl\\\/wiadomosci-od-siostry-misjonarki-w-bahia-blanca-argentyna\\\/#article\",\"isPartOf\":{\"@id\":\"https:\\\/\\\/filles-de-la-charite.org\\\/pl\\\/wiadomosci-od-siostry-misjonarki-w-bahia-blanca-argentyna\\\/\"},\"author\":{\"name\":\"admin\",\"@id\":\"https:\\\/\\\/filles-de-la-charite.org\\\/pl\\\/#\\\/schema\\\/person\\\/427567b2eccfc2dd7d206da186a1f438\"},\"headline\":\"Wiadomo\u015bci od Siostry Misjonarki w Bahia Blanca (Argentyna)\",\"datePublished\":\"2021-07-31T20:00:28+00:00\",\"dateModified\":\"2024-03-17T15:59:28+00:00\",\"mainEntityOfPage\":{\"@id\":\"https:\\\/\\\/filles-de-la-charite.org\\\/pl\\\/wiadomosci-od-siostry-misjonarki-w-bahia-blanca-argentyna\\\/\"},\"wordCount\":459,\"publisher\":{\"@id\":\"https:\\\/\\\/filles-de-la-charite.org\\\/pl\\\/#organization\"},\"image\":{\"@id\":\"https:\\\/\\\/filles-de-la-charite.org\\\/pl\\\/wiadomosci-od-siostry-misjonarki-w-bahia-blanca-argentyna\\\/#primaryimage\"},\"thumbnailUrl\":\"https:\\\/\\\/filles-de-la-charite.org\\\/wp-content\\\/uploads\\\/2023\\\/06\\\/1Imagen1.jpg\",\"articleSection\":[\"Ameryka Poludniowa\"],\"inLanguage\":\"pl-PL\"},{\"@type\":\"WebPage\",\"@id\":\"https:\\\/\\\/filles-de-la-charite.org\\\/pl\\\/wiadomosci-od-siostry-misjonarki-w-bahia-blanca-argentyna\\\/\",\"url\":\"https:\\\/\\\/filles-de-la-charite.org\\\/pl\\\/wiadomosci-od-siostry-misjonarki-w-bahia-blanca-argentyna\\\/\",\"name\":\"Wiadomo\u015bci od Siostry Misjonarki w Bahia Blanca (Argentyna) - Filles de la Charit\u00e9\",\"isPartOf\":{\"@id\":\"https:\\\/\\\/filles-de-la-charite.org\\\/pl\\\/#website\"},\"primaryImageOfPage\":{\"@id\":\"https:\\\/\\\/filles-de-la-charite.org\\\/pl\\\/wiadomosci-od-siostry-misjonarki-w-bahia-blanca-argentyna\\\/#primaryimage\"},\"image\":{\"@id\":\"https:\\\/\\\/filles-de-la-charite.org\\\/pl\\\/wiadomosci-od-siostry-misjonarki-w-bahia-blanca-argentyna\\\/#primaryimage\"},\"thumbnailUrl\":\"https:\\\/\\\/filles-de-la-charite.org\\\/wp-content\\\/uploads\\\/2023\\\/06\\\/1Imagen1.jpg\",\"datePublished\":\"2021-07-31T20:00:28+00:00\",\"dateModified\":\"2024-03-17T15:59:28+00:00\",\"breadcrumb\":{\"@id\":\"https:\\\/\\\/filles-de-la-charite.org\\\/pl\\\/wiadomosci-od-siostry-misjonarki-w-bahia-blanca-argentyna\\\/#breadcrumb\"},\"inLanguage\":\"pl-PL\",\"potentialAction\":[{\"@type\":\"ReadAction\",\"target\":[\"https:\\\/\\\/filles-de-la-charite.org\\\/pl\\\/wiadomosci-od-siostry-misjonarki-w-bahia-blanca-argentyna\\\/\"]}]},{\"@type\":\"ImageObject\",\"inLanguage\":\"pl-PL\",\"@id\":\"https:\\\/\\\/filles-de-la-charite.org\\\/pl\\\/wiadomosci-od-siostry-misjonarki-w-bahia-blanca-argentyna\\\/#primaryimage\",\"url\":\"https:\\\/\\\/filles-de-la-charite.org\\\/wp-content\\\/uploads\\\/2023\\\/06\\\/1Imagen1.jpg\",\"contentUrl\":\"https:\\\/\\\/filles-de-la-charite.org\\\/wp-content\\\/uploads\\\/2023\\\/06\\\/1Imagen1.jpg\",\"width\":1497,\"height\":855},{\"@type\":\"BreadcrumbList\",\"@id\":\"https:\\\/\\\/filles-de-la-charite.org\\\/pl\\\/wiadomosci-od-siostry-misjonarki-w-bahia-blanca-argentyna\\\/#breadcrumb\",\"itemListElement\":[{\"@type\":\"ListItem\",\"position\":1,\"name\":\"Prowincja S\u00e3o Paulo, Brazylia\",\"item\":\"https:\\\/\\\/filles-de-la-charite.org\\\/pl\\\/category\\\/prowincja-sao-paulo-brazylia-pl\\\/\"},{\"@type\":\"ListItem\",\"position\":2,\"name\":\"Wiadomo\u015bci od Siostry Misjonarki w Bahia Blanca (Argentyna)\"}]},{\"@type\":\"WebSite\",\"@id\":\"https:\\\/\\\/filles-de-la-charite.org\\\/pl\\\/#website\",\"url\":\"https:\\\/\\\/filles-de-la-charite.org\\\/pl\\\/\",\"name\":\"Hijas de la Caridad\",\"description\":\"L\u2019amour de J\u00e9sus nous presse \u00e0 prendre soin des personnes les plus d\u00e9munies\",\"publisher\":{\"@id\":\"https:\\\/\\\/filles-de-la-charite.org\\\/pl\\\/#organization\"},\"potentialAction\":[{\"@type\":\"SearchAction\",\"target\":{\"@type\":\"EntryPoint\",\"urlTemplate\":\"https:\\\/\\\/filles-de-la-charite.org\\\/pl\\\/?s={search_term_string}\"},\"query-input\":{\"@type\":\"PropertyValueSpecification\",\"valueRequired\":true,\"valueName\":\"search_term_string\"}}],\"inLanguage\":\"pl-PL\"},{\"@type\":\"Organization\",\"@id\":\"https:\\\/\\\/filles-de-la-charite.org\\\/pl\\\/#organization\",\"name\":\"Hijas de la Caridad\",\"url\":\"https:\\\/\\\/filles-de-la-charite.org\\\/pl\\\/\",\"logo\":{\"@type\":\"ImageObject\",\"inLanguage\":\"pl-PL\",\"@id\":\"https:\\\/\\\/filles-de-la-charite.org\\\/pl\\\/#\\\/schema\\\/logo\\\/image\\\/\",\"url\":\"https:\\\/\\\/filles-de-la-charite.org\\\/wp-content\\\/uploads\\\/2023\\\/03\\\/isotipo-Hijas-de-la-Caridad.png\",\"contentUrl\":\"https:\\\/\\\/filles-de-la-charite.org\\\/wp-content\\\/uploads\\\/2023\\\/03\\\/isotipo-Hijas-de-la-Caridad.png\",\"width\":1417,\"height\":1417,\"caption\":\"Hijas de la Caridad\"},\"image\":{\"@id\":\"https:\\\/\\\/filles-de-la-charite.org\\\/pl\\\/#\\\/schema\\\/logo\\\/image\\\/\"}},{\"@type\":\"Person\",\"@id\":\"https:\\\/\\\/filles-de-la-charite.org\\\/pl\\\/#\\\/schema\\\/person\\\/427567b2eccfc2dd7d206da186a1f438\",\"name\":\"admin\",\"image\":{\"@type\":\"ImageObject\",\"inLanguage\":\"pl-PL\",\"@id\":\"https:\\\/\\\/secure.gravatar.com\\\/avatar\\\/948b492cce32b586ac2db0eaa926ee87024f7afe218d73b397ea5ddfc5f43ea1?s=96&d=mm&r=g\",\"url\":\"https:\\\/\\\/secure.gravatar.com\\\/avatar\\\/948b492cce32b586ac2db0eaa926ee87024f7afe218d73b397ea5ddfc5f43ea1?s=96&d=mm&r=g\",\"contentUrl\":\"https:\\\/\\\/secure.gravatar.com\\\/avatar\\\/948b492cce32b586ac2db0eaa926ee87024f7afe218d73b397ea5ddfc5f43ea1?s=96&d=mm&r=g\",\"caption\":\"admin\"},\"sameAs\":[\"https:\\\/\\\/filles-de-la-charite.org\"],\"url\":\"https:\\\/\\\/filles-de-la-charite.org\\\/pl\\\/author\\\/caridad\\\/\"}]}<\/script>\n<!-- \/ Yoast SEO plugin. -->","yoast_head_json":{"title":"Wiadomo\u015bci od Siostry Misjonarki w Bahia Blanca (Argentyna) - Filles de la Charit\u00e9","robots":{"index":"index","follow":"follow","max-snippet":"max-snippet:-1","max-image-preview":"max-image-preview:large","max-video-preview":"max-video-preview:-1"},"canonical":"https:\/\/filles-de-la-charite.org\/pl\/wiadomosci-od-siostry-misjonarki-w-bahia-blanca-argentyna\/","og_locale":"pl_PL","og_type":"article","og_title":"Wiadomo\u015bci od Siostry Misjonarki w Bahia Blanca (Argentyna) - Filles de la Charit\u00e9","og_description":"W naszej wsp\u00f3lnocie, w Bah\u00eda Blanca, jest pi\u0119\u0107 Si\u00f3str w wieku od 78 do 88 lat. Jako wsp\u00f3lnota lokalna mamy trzy cele: bycie szcz\u0119\u015bliw\u0105, \u017cy\u0107 w braterstwie i praktykowa\u0107 mi\u0142osierdzie. Nasza pos\u0142uga odbywa si\u0119 w szkole, w wiosce \u201eVilla Miter\u201d, a tak\u017ce w s\u0142u\u017cbie spo\u0142eczno-duszpasterskiej \u201e9 de Noviembre\u201d, gdzie pracuj\u0119 od mojego przyjazdu do Bahia [&hellip;]","og_url":"https:\/\/filles-de-la-charite.org\/pl\/wiadomosci-od-siostry-misjonarki-w-bahia-blanca-argentyna\/","og_site_name":"Filles de la Charit\u00e9","article_published_time":"2021-07-31T20:00:28+00:00","article_modified_time":"2024-03-17T15:59:28+00:00","og_image":[{"width":1497,"height":855,"url":"https:\/\/filles-de-la-charite.org\/wp-content\/uploads\/2023\/06\/1Imagen1.jpg","type":"image\/jpeg"}],"author":"admin","twitter_card":"summary_large_image","twitter_misc":{"Napisane przez":"admin","Szacowany czas czytania":"3 minuty"},"schema":{"@context":"https:\/\/schema.org","@graph":[{"@type":"Article","@id":"https:\/\/filles-de-la-charite.org\/pl\/wiadomosci-od-siostry-misjonarki-w-bahia-blanca-argentyna\/#article","isPartOf":{"@id":"https:\/\/filles-de-la-charite.org\/pl\/wiadomosci-od-siostry-misjonarki-w-bahia-blanca-argentyna\/"},"author":{"name":"admin","@id":"https:\/\/filles-de-la-charite.org\/pl\/#\/schema\/person\/427567b2eccfc2dd7d206da186a1f438"},"headline":"Wiadomo\u015bci od Siostry Misjonarki w Bahia Blanca (Argentyna)","datePublished":"2021-07-31T20:00:28+00:00","dateModified":"2024-03-17T15:59:28+00:00","mainEntityOfPage":{"@id":"https:\/\/filles-de-la-charite.org\/pl\/wiadomosci-od-siostry-misjonarki-w-bahia-blanca-argentyna\/"},"wordCount":459,"publisher":{"@id":"https:\/\/filles-de-la-charite.org\/pl\/#organization"},"image":{"@id":"https:\/\/filles-de-la-charite.org\/pl\/wiadomosci-od-siostry-misjonarki-w-bahia-blanca-argentyna\/#primaryimage"},"thumbnailUrl":"https:\/\/filles-de-la-charite.org\/wp-content\/uploads\/2023\/06\/1Imagen1.jpg","articleSection":["Ameryka Poludniowa"],"inLanguage":"pl-PL"},{"@type":"WebPage","@id":"https:\/\/filles-de-la-charite.org\/pl\/wiadomosci-od-siostry-misjonarki-w-bahia-blanca-argentyna\/","url":"https:\/\/filles-de-la-charite.org\/pl\/wiadomosci-od-siostry-misjonarki-w-bahia-blanca-argentyna\/","name":"Wiadomo\u015bci od Siostry Misjonarki w Bahia Blanca (Argentyna) - Filles de la Charit\u00e9","isPartOf":{"@id":"https:\/\/filles-de-la-charite.org\/pl\/#website"},"primaryImageOfPage":{"@id":"https:\/\/filles-de-la-charite.org\/pl\/wiadomosci-od-siostry-misjonarki-w-bahia-blanca-argentyna\/#primaryimage"},"image":{"@id":"https:\/\/filles-de-la-charite.org\/pl\/wiadomosci-od-siostry-misjonarki-w-bahia-blanca-argentyna\/#primaryimage"},"thumbnailUrl":"https:\/\/filles-de-la-charite.org\/wp-content\/uploads\/2023\/06\/1Imagen1.jpg","datePublished":"2021-07-31T20:00:28+00:00","dateModified":"2024-03-17T15:59:28+00:00","breadcrumb":{"@id":"https:\/\/filles-de-la-charite.org\/pl\/wiadomosci-od-siostry-misjonarki-w-bahia-blanca-argentyna\/#breadcrumb"},"inLanguage":"pl-PL","potentialAction":[{"@type":"ReadAction","target":["https:\/\/filles-de-la-charite.org\/pl\/wiadomosci-od-siostry-misjonarki-w-bahia-blanca-argentyna\/"]}]},{"@type":"ImageObject","inLanguage":"pl-PL","@id":"https:\/\/filles-de-la-charite.org\/pl\/wiadomosci-od-siostry-misjonarki-w-bahia-blanca-argentyna\/#primaryimage","url":"https:\/\/filles-de-la-charite.org\/wp-content\/uploads\/2023\/06\/1Imagen1.jpg","contentUrl":"https:\/\/filles-de-la-charite.org\/wp-content\/uploads\/2023\/06\/1Imagen1.jpg","width":1497,"height":855},{"@type":"BreadcrumbList","@id":"https:\/\/filles-de-la-charite.org\/pl\/wiadomosci-od-siostry-misjonarki-w-bahia-blanca-argentyna\/#breadcrumb","itemListElement":[{"@type":"ListItem","position":1,"name":"Prowincja S\u00e3o Paulo, Brazylia","item":"https:\/\/filles-de-la-charite.org\/pl\/category\/prowincja-sao-paulo-brazylia-pl\/"},{"@type":"ListItem","position":2,"name":"Wiadomo\u015bci od Siostry Misjonarki w Bahia Blanca (Argentyna)"}]},{"@type":"WebSite","@id":"https:\/\/filles-de-la-charite.org\/pl\/#website","url":"https:\/\/filles-de-la-charite.org\/pl\/","name":"Hijas de la Caridad","description":"L\u2019amour de J\u00e9sus nous presse \u00e0 prendre soin des personnes les plus d\u00e9munies","publisher":{"@id":"https:\/\/filles-de-la-charite.org\/pl\/#organization"},"potentialAction":[{"@type":"SearchAction","target":{"@type":"EntryPoint","urlTemplate":"https:\/\/filles-de-la-charite.org\/pl\/?s={search_term_string}"},"query-input":{"@type":"PropertyValueSpecification","valueRequired":true,"valueName":"search_term_string"}}],"inLanguage":"pl-PL"},{"@type":"Organization","@id":"https:\/\/filles-de-la-charite.org\/pl\/#organization","name":"Hijas de la Caridad","url":"https:\/\/filles-de-la-charite.org\/pl\/","logo":{"@type":"ImageObject","inLanguage":"pl-PL","@id":"https:\/\/filles-de-la-charite.org\/pl\/#\/schema\/logo\/image\/","url":"https:\/\/filles-de-la-charite.org\/wp-content\/uploads\/2023\/03\/isotipo-Hijas-de-la-Caridad.png","contentUrl":"https:\/\/filles-de-la-charite.org\/wp-content\/uploads\/2023\/03\/isotipo-Hijas-de-la-Caridad.png","width":1417,"height":1417,"caption":"Hijas de la Caridad"},"image":{"@id":"https:\/\/filles-de-la-charite.org\/pl\/#\/schema\/logo\/image\/"}},{"@type":"Person","@id":"https:\/\/filles-de-la-charite.org\/pl\/#\/schema\/person\/427567b2eccfc2dd7d206da186a1f438","name":"admin","image":{"@type":"ImageObject","inLanguage":"pl-PL","@id":"https:\/\/secure.gravatar.com\/avatar\/948b492cce32b586ac2db0eaa926ee87024f7afe218d73b397ea5ddfc5f43ea1?s=96&d=mm&r=g","url":"https:\/\/secure.gravatar.com\/avatar\/948b492cce32b586ac2db0eaa926ee87024f7afe218d73b397ea5ddfc5f43ea1?s=96&d=mm&r=g","contentUrl":"https:\/\/secure.gravatar.com\/avatar\/948b492cce32b586ac2db0eaa926ee87024f7afe218d73b397ea5ddfc5f43ea1?s=96&d=mm&r=g","caption":"admin"},"sameAs":["https:\/\/filles-de-la-charite.org"],"url":"https:\/\/filles-de-la-charite.org\/pl\/author\/caridad\/"}]}},"_links":{"self":[{"href":"https:\/\/filles-de-la-charite.org\/pl\/wp-json\/wp\/v2\/posts\/24463","targetHints":{"allow":["GET"]}}],"collection":[{"href":"https:\/\/filles-de-la-charite.org\/pl\/wp-json\/wp\/v2\/posts"}],"about":[{"href":"https:\/\/filles-de-la-charite.org\/pl\/wp-json\/wp\/v2\/types\/post"}],"author":[{"embeddable":true,"href":"https:\/\/filles-de-la-charite.org\/pl\/wp-json\/wp\/v2\/users\/1"}],"replies":[{"embeddable":true,"href":"https:\/\/filles-de-la-charite.org\/pl\/wp-json\/wp\/v2\/comments?post=24463"}],"version-history":[{"count":1,"href":"https:\/\/filles-de-la-charite.org\/pl\/wp-json\/wp\/v2\/posts\/24463\/revisions"}],"predecessor-version":[{"id":24464,"href":"https:\/\/filles-de-la-charite.org\/pl\/wp-json\/wp\/v2\/posts\/24463\/revisions\/24464"}],"wp:featuredmedia":[{"embeddable":true,"href":"https:\/\/filles-de-la-charite.org\/pl\/wp-json\/wp\/v2\/media\/16074"}],"wp:attachment":[{"href":"https:\/\/filles-de-la-charite.org\/pl\/wp-json\/wp\/v2\/media?parent=24463"}],"wp:term":[{"taxonomy":"category","embeddable":true,"href":"https:\/\/filles-de-la-charite.org\/pl\/wp-json\/wp\/v2\/categories?post=24463"},{"taxonomy":"post_tag","embeddable":true,"href":"https:\/\/filles-de-la-charite.org\/pl\/wp-json\/wp\/v2\/tags?post=24463"}],"curies":[{"name":"wp","href":"https:\/\/api.w.org\/{rel}","templated":true}]}}