{"id":24469,"date":"2021-08-31T22:00:00","date_gmt":"2021-08-31T20:00:00","guid":{"rendered":"https:\/\/hijascaridad.sjdigitaldemo.ovh\/czulosc-boga\/"},"modified":"2024-03-17T16:59:01","modified_gmt":"2024-03-17T15:59:01","slug":"czulosc-boga","status":"publish","type":"post","link":"https:\/\/filles-de-la-charite.org\/pl\/czulosc-boga\/","title":{"rendered":"Czu\u0142o\u015b\u0107 Boga"},"content":{"rendered":"\n<p>Sze\u015b\u0107 kraj\u00f3w Prowincji Bliskiego Wschodu ma swoje korzenie w Biblii: \"Cyrus, kr\u00f3l Persji [dzisiejszy IRAN], otrzymuje zadanie zbudowania domu dla Pana w Jerozolimie\". \"Jeszcze troch\u0119, a [LIBAN] zamieni si\u0119 w ogr\u00f3d... wyzwolony z mroku i ciemno\u015bci, a oczy niewidomych przejrz\u0105\"... Urodzi\u0142 si\u0119 w Betlejem [PALESTYNA]. Wychowa\u0142 si\u0119 w Nazarecie [IZRAEL]. Ucieka z rodzicami do [EGIPTU] i nawraca Paw\u0142a na drodze do Damaszku [SYRIA].<\/p>\n\n\n\n<p>Misje naszych 28 Wsp\u00f3lnot s\u0105 r\u00f3\u017cnorodne: Edukacyjne: (w Egipcie, Syrii i Libanie); Medyczne: Szpitale i Centra Medyczno-Socjalne (Egipt, Liban, Izrael, Palestyna i Syria); Domy opieki dla os\u00f3b starszych (Iran, Liban, Izrael); Domy dla dzieci specjalnej troski (Izrael, Liban). Do tego trzeba doda\u0107, prawie w 6 krajach, ruchy m\u0142odzie\u017cowe (zw\u0142aszcza WMM), zw\u0142aszcza wizyty domowe, pomoc ludziom pozbawionym podstawowych \u015brodk\u00f3w do \u017cycia i promocja kobiet.<\/p>\n\n\n\n<h5 class=\"wp-block-heading\"><strong><strong>Centrum Medyczno-Socjalne KOBAYAT<\/strong><\/strong><\/h5>\n\n\n\n<div class=\"wp-block-image\"><figure class=\"alignleft size-large\"><img decoding=\"async\" src=\"https:\/\/filles-de-la-charite.org\/wp-content\/uploads\/2023\/06\/KOBAYAT-1-Liban-576x1024-1.jpg\" alt=\"\" class=\"wp-image-63855\"\/><\/figure><\/div>\n\n\n\n<p>W Centrum Medyczno-Socjalnym Zakonu Malta\u0144skiego w Kobayat w p\u00f3\u0142nocnym Libanie, regionie zaniedbanym przez w\u0142adze cywilne... program pozwala nam oferowa\u0107 leki, kt\u00f3re s\u0105 obecnie niedost\u0119pne w aptekach, zw\u0142aszcza na choroby nieuleczalne. Uderza mnie cierpliwo\u015b\u0107 i solidna wiara ludzi, kt\u00f3rzy przychodz\u0105 do naszego o\u015brodka i nigdy nie przestaj\u0105 dzi\u0119kowa\u0107 Bogu, pomimo ub\u00f3stwa, a nawet n\u0119dzy niekt\u00f3rych z nich. Widz\u0105c cz\u0142owieka, kt\u00f3ry p\u0142acze z godno\u015bci\u0105, poniewa\u017c nie mo\u017ce ju\u017c zaspokoi\u0107 najbardziej podstawowych potrzeb swojej rodziny, podczas gdy mia\u0142 dobr\u0105 pensj\u0119 i by\u0142 w dobrej sytuacji finansowej, \u0142amie mi si\u0119 serce! Kiedy s\u0142ysz\u0119, jak ludzie, kt\u00f3rym s\u0142u\u017c\u0119, m\u00f3wi\u0105 mi: \"Odzwierciedlasz, Siostro, oblicze Boga\". I cho\u0107 tak naprawd\u0119 nie rozpoznaj\u0119 siebie w tym, co m\u00f3wi\u0105, s\u0142ysz\u0119 wezwanie od Pana, by bardziej Go kocha\u0107, by coraz bardziej \u017cy\u0107 charyzmatem naszych Za\u0142o\u017cycieli i by w\u0142\u0105czy\u0107 tych wszystkich ludzi w moj\u0105 modlitw\u0119. Niech Pan zmi\u0142uje si\u0119 nad naszym krajem Libanem i pomo\u017ce nam \u017cy\u0107 chrze\u015bcija\u0144skimi cnotami solidarno\u015bci, przebaczenia i mi\u0142osierdzia!<\/p>\n\n\n\n<p>S. Eliane SALHAB, SM<\/p>\n\n\n\n<h5 class=\"wp-block-heading\"><strong><strong>Szpital Naj\u015bwi\u0119tszego Serca Jezusa- BEJRUT<\/strong><br><\/strong><\/h5>\n\n\n\n<p>Dzi\u015b, 15 sierpnia 2021 r., \u015bwi\u0119to Wniebowzi\u0119cia Maryi: My\u015bl o byciu z Maryj\u0105 na ko\u0144cu czas\u00f3w dodaje nam odwagi w tej chwili, kiedy czasami wydajemy si\u0119 nieco zagubieni w obliczu \"katastrof\", kt\u00f3re nast\u0119puj\u0105 po sobie w Libanie! Wieczorem, po wybuchu w porcie w Bejrucie, 4 sierpnia 2020 r., przyj\u0119li\u015bmy na oddzia\u0142 ratunkowy prawie jednocze\u015bnie oko\u0142o 200 os\u00f3b: rany wymagaj\u0105ce zszycia, z\u0142amania do zoperowania, urazy g\u0142owy, na kt\u00f3re trzeba uwa\u017ca\u0107. \u201eT\u0142um\" ludzi siedz\u0105cych lub roz\u0142o\u017conych, czasem na pod\u0142odze, cierpliwie czekaj\u0105cych na swoj\u0105 kolej, o nic nie pytaj\u0105c, nie narzekaj\u0105c, by\u0107 mo\u017ce nie wiedz\u0105c, \u017ce nie maj\u0105 ju\u017c domu, a na pewno, \u017ce stracili cz\u0142onka swojej rodziny. Siostry z naszej wsp\u00f3lnoty, podczas r\u00f3\u017cnych spotka\u0144, dzieli\u0142y si\u0119 tym, co by\u0142o dla nas wyzwaniem ostatniej nocy na oddziale ratunkowym lub w szpitalu - zobaczy\u0142y\u015bmy oblicze Chrystusa:<\/p>\n\n\n\n<div class=\"wp-block-image\"><figure class=\"alignright size-large\"><img decoding=\"async\" src=\"https:\/\/filles-de-la-charite.org\/wp-content\/uploads\/2023\/06\/Visite-d_une-malade-SI-deux-soeurs-1-Liban-498x1024-1.jpg\" alt=\"\" class=\"wp-image-63854\"\/><\/figure><\/div>\n\n\n\n<p>* W tym Siostra Zofia, nasza towarzyszka, z oszpecon\u0105 twarz\u0105, bardzo dotkni\u0119ta, ale wci\u0105\u017c przytomna;<\/p>\n\n\n\n<p>* M\u0142oda kobieta, kt\u00f3ra straci\u0142a m\u0119\u017ca w eksplozji. Wci\u0105\u017c powtarza\u0142a: \"To moja wina, to moja wina... Poniewa\u017c poprosi\u0142a go, aby towarzyszy\u0142 jej na wizyt\u0119 w szpitalu w pobli\u017cu portu -zgin\u0105\u0142 obok niej. Przyjecha\u0142a do naszego szpitala z kilkoma g\u0142\u0119bokimi ranami, ci\u0105gle p\u0142aka\u0142a za m\u0119\u017cem i nie martwi\u0142a si\u0119 o siebie, kiedy chirurg zszywa\u0142 jej w\u0142asne rany;<\/p>\n\n\n\n<p>* W twarzach niekt\u00f3rych pacjent\u00f3w, kt\u00f3rzy wychodz\u0105c po otrzymaniu niezb\u0119dnej opieki, wyra\u017cali swoj\u0105 wdzi\u0119czno\u015b\u0107 personelowi piel\u0119gniarskiemu, pomimo stanu szoku<br>i cierpienia... To do\u015bwiadczenie, kt\u00f3rego nigdy nie zapomnimy. Podobnie niezapomniane s\u0105 gesty solidarno\u015bci, kt\u00f3re przejawia\u0142y si\u0119 wok\u00f3\u0142 nas. Byli\u015bmy pod wra\u017ceniem tego po\u015bwi\u0119cenia i spontanicznej wsp\u00f3\u0142pracy, w kt\u00f3rej ka\u017cdy dawa\u0142 z siebie wszystko;<\/p>\n\n\n\n<p>* Przyby\u0142o trzech lekarzy, sami ranni. Umyli si\u0119 i zmienili ubrania, jednemu za\u0142o\u017cono szwy, a potem zaj\u0119li si\u0119 innymi rannymi;<\/p>\n\n\n\n<p>* Trzech nowych sta\u017cyst\u00f3w, kt\u00f3rzy do\u0142\u0105czyli do szpitala zaledwie dzie\u0144 wcze\u015bniej, pozszywa\u0142o dziesi\u0105tki pacjent\u00f3w. Pomaga\u0142 im personel dzienny, kt\u00f3ry pozosta\u0142 do nast\u0119pnego dnia, pomagaj\u0105c personelowi nocnemu;<\/p>\n\n\n\n<p>* Nasze Siostry, kt\u00f3re s\u0142u\u017c\u0105 jako piel\u0119gniarki, oferowa\u0142y wod\u0119 tym, kt\u00f3rzy o ni\u0105 prosili; wszystkie pralnie, obs\u0142uga techniczna, administracja, laboratorium by\u0142y r\u00f3wnie\u017c obecne, aby zaspokoi\u0107 potrzeby pacjent\u00f3w i personelu. Niekt\u00f3rzy \u017co\u0142nierze z armii liba\u0144skiej pomagali nam w utrzymaniu porz\u0105dku wok\u00f3\u0142 pogotowia. Wieczorem i w nast\u0119pnych dniach z ca\u0142ego \u015bwiata nap\u0142ywa\u0142y do nas wyrazy solidarno\u015bci, zapewniaj\u0105ce o modlitwie. Mieli\u015bmy bolesne i ci\u0119\u017ckie do\u015bwiadczenia, ale nie byli\u015bmy sami.<\/p>\n","protected":false},"excerpt":{"rendered":"<p>Sze\u015b\u0107 kraj\u00f3w Prowincji Bliskiego Wschodu ma swoje korzenie w Biblii: &#8222;Cyrus, kr\u00f3l Persji [dzisiejszy IRAN], otrzymuje zadanie zbudowania domu dla Pana w Jerozolimie&#8221;. &#8222;Jeszcze troch\u0119, a [LIBAN] zamieni si\u0119 w ogr\u00f3d&#8230; wyzwolony z mroku i ciemno\u015bci, a oczy niewidomych przejrz\u0105&#8221;&#8230; Urodzi\u0142 si\u0119 w Betlejem [PALESTYNA]. Wychowa\u0142 si\u0119 w Nazarecie [IZRAEL]. Ucieka z rodzicami do [EGIPTU] [&hellip;]<\/p>\n","protected":false},"author":1,"featured_media":16176,"comment_status":"closed","ping_status":"closed","sticky":false,"template":"","format":"standard","meta":{"_acf_changed":false,"footnotes":"","_links_to":"","_links_to_target":""},"categories":[577],"tags":[],"class_list":["post-24469","post","type-post","status-publish","format-standard","has-post-thumbnail","hentry","category-bliski-wschod-pl"],"acf":[],"yoast_head":"<!-- This site is optimized with the Yoast SEO plugin v27.5 - https:\/\/yoast.com\/product\/yoast-seo-wordpress\/ -->\n<title>Czu\u0142o\u015b\u0107 Boga - Filles de la Charit\u00e9<\/title>\n<meta name=\"robots\" content=\"index, follow, max-snippet:-1, max-image-preview:large, max-video-preview:-1\" \/>\n<link rel=\"canonical\" href=\"https:\/\/filles-de-la-charite.org\/pl\/czulosc-boga\/\" \/>\n<meta property=\"og:locale\" content=\"pl_PL\" \/>\n<meta property=\"og:type\" content=\"article\" \/>\n<meta property=\"og:title\" content=\"Czu\u0142o\u015b\u0107 Boga - Filles de la Charit\u00e9\" \/>\n<meta property=\"og:description\" content=\"Sze\u015b\u0107 kraj\u00f3w Prowincji Bliskiego Wschodu ma swoje korzenie w Biblii: &#8222;Cyrus, kr\u00f3l Persji [dzisiejszy IRAN], otrzymuje zadanie zbudowania domu dla Pana w Jerozolimie&#8221;. &#8222;Jeszcze troch\u0119, a [LIBAN] zamieni si\u0119 w ogr\u00f3d&#8230; wyzwolony z mroku i ciemno\u015bci, a oczy niewidomych przejrz\u0105&#8221;&#8230; Urodzi\u0142 si\u0119 w Betlejem [PALESTYNA]. Wychowa\u0142 si\u0119 w Nazarecie [IZRAEL]. Ucieka z rodzicami do [EGIPTU] [&hellip;]\" \/>\n<meta property=\"og:url\" content=\"https:\/\/filles-de-la-charite.org\/pl\/czulosc-boga\/\" \/>\n<meta property=\"og:site_name\" content=\"Filles de la Charit\u00e9\" \/>\n<meta property=\"article:published_time\" content=\"2021-08-31T20:00:00+00:00\" \/>\n<meta property=\"article:modified_time\" content=\"2024-03-17T15:59:01+00:00\" \/>\n<meta property=\"og:image\" content=\"https:\/\/filles-de-la-charite.org\/wp-content\/uploads\/2023\/06\/KOBAYAT-3-Liban.jpg\" \/>\n\t<meta property=\"og:image:width\" content=\"1040\" \/>\n\t<meta property=\"og:image:height\" content=\"780\" \/>\n\t<meta property=\"og:image:type\" content=\"image\/jpeg\" \/>\n<meta name=\"author\" content=\"admin\" \/>\n<meta name=\"twitter:card\" content=\"summary_large_image\" \/>\n<meta name=\"twitter:label1\" content=\"Napisane przez\" \/>\n\t<meta name=\"twitter:data1\" content=\"admin\" \/>\n\t<meta name=\"twitter:label2\" content=\"Szacowany czas czytania\" \/>\n\t<meta name=\"twitter:data2\" content=\"4 minuty\" \/>\n<script type=\"application\/ld+json\" class=\"yoast-schema-graph\">{\"@context\":\"https:\\\/\\\/schema.org\",\"@graph\":[{\"@type\":\"Article\",\"@id\":\"https:\\\/\\\/filles-de-la-charite.org\\\/pl\\\/czulosc-boga\\\/#article\",\"isPartOf\":{\"@id\":\"https:\\\/\\\/filles-de-la-charite.org\\\/pl\\\/czulosc-boga\\\/\"},\"author\":{\"name\":\"admin\",\"@id\":\"https:\\\/\\\/filles-de-la-charite.org\\\/pl\\\/#\\\/schema\\\/person\\\/427567b2eccfc2dd7d206da186a1f438\"},\"headline\":\"Czu\u0142o\u015b\u0107 Boga\",\"datePublished\":\"2021-08-31T20:00:00+00:00\",\"dateModified\":\"2024-03-17T15:59:01+00:00\",\"mainEntityOfPage\":{\"@id\":\"https:\\\/\\\/filles-de-la-charite.org\\\/pl\\\/czulosc-boga\\\/\"},\"wordCount\":802,\"publisher\":{\"@id\":\"https:\\\/\\\/filles-de-la-charite.org\\\/pl\\\/#organization\"},\"image\":{\"@id\":\"https:\\\/\\\/filles-de-la-charite.org\\\/pl\\\/czulosc-boga\\\/#primaryimage\"},\"thumbnailUrl\":\"https:\\\/\\\/filles-de-la-charite.org\\\/wp-content\\\/uploads\\\/2023\\\/06\\\/KOBAYAT-3-Liban.jpg\",\"articleSection\":[\"Bliski Wsch\u00f3d\"],\"inLanguage\":\"pl-PL\"},{\"@type\":\"WebPage\",\"@id\":\"https:\\\/\\\/filles-de-la-charite.org\\\/pl\\\/czulosc-boga\\\/\",\"url\":\"https:\\\/\\\/filles-de-la-charite.org\\\/pl\\\/czulosc-boga\\\/\",\"name\":\"Czu\u0142o\u015b\u0107 Boga - Filles de la Charit\u00e9\",\"isPartOf\":{\"@id\":\"https:\\\/\\\/filles-de-la-charite.org\\\/pl\\\/#website\"},\"primaryImageOfPage\":{\"@id\":\"https:\\\/\\\/filles-de-la-charite.org\\\/pl\\\/czulosc-boga\\\/#primaryimage\"},\"image\":{\"@id\":\"https:\\\/\\\/filles-de-la-charite.org\\\/pl\\\/czulosc-boga\\\/#primaryimage\"},\"thumbnailUrl\":\"https:\\\/\\\/filles-de-la-charite.org\\\/wp-content\\\/uploads\\\/2023\\\/06\\\/KOBAYAT-3-Liban.jpg\",\"datePublished\":\"2021-08-31T20:00:00+00:00\",\"dateModified\":\"2024-03-17T15:59:01+00:00\",\"breadcrumb\":{\"@id\":\"https:\\\/\\\/filles-de-la-charite.org\\\/pl\\\/czulosc-boga\\\/#breadcrumb\"},\"inLanguage\":\"pl-PL\",\"potentialAction\":[{\"@type\":\"ReadAction\",\"target\":[\"https:\\\/\\\/filles-de-la-charite.org\\\/pl\\\/czulosc-boga\\\/\"]}]},{\"@type\":\"ImageObject\",\"inLanguage\":\"pl-PL\",\"@id\":\"https:\\\/\\\/filles-de-la-charite.org\\\/pl\\\/czulosc-boga\\\/#primaryimage\",\"url\":\"https:\\\/\\\/filles-de-la-charite.org\\\/wp-content\\\/uploads\\\/2023\\\/06\\\/KOBAYAT-3-Liban.jpg\",\"contentUrl\":\"https:\\\/\\\/filles-de-la-charite.org\\\/wp-content\\\/uploads\\\/2023\\\/06\\\/KOBAYAT-3-Liban.jpg\",\"width\":1040,\"height\":780},{\"@type\":\"BreadcrumbList\",\"@id\":\"https:\\\/\\\/filles-de-la-charite.org\\\/pl\\\/czulosc-boga\\\/#breadcrumb\",\"itemListElement\":[{\"@type\":\"ListItem\",\"position\":1,\"name\":\"Hijas de la Caridad\",\"item\":\"https:\\\/\\\/filles-de-la-charite.org\\\/layout_category\\\/hijas-de-la-caridad\\\/\"},{\"@type\":\"ListItem\",\"position\":2,\"name\":\"Czu\u0142o\u015b\u0107 Boga\"}]},{\"@type\":\"WebSite\",\"@id\":\"https:\\\/\\\/filles-de-la-charite.org\\\/pl\\\/#website\",\"url\":\"https:\\\/\\\/filles-de-la-charite.org\\\/pl\\\/\",\"name\":\"Hijas de la Caridad\",\"description\":\"L\u2019amour de J\u00e9sus nous presse \u00e0 prendre soin des personnes les plus d\u00e9munies\",\"publisher\":{\"@id\":\"https:\\\/\\\/filles-de-la-charite.org\\\/pl\\\/#organization\"},\"potentialAction\":[{\"@type\":\"SearchAction\",\"target\":{\"@type\":\"EntryPoint\",\"urlTemplate\":\"https:\\\/\\\/filles-de-la-charite.org\\\/pl\\\/?s={search_term_string}\"},\"query-input\":{\"@type\":\"PropertyValueSpecification\",\"valueRequired\":true,\"valueName\":\"search_term_string\"}}],\"inLanguage\":\"pl-PL\"},{\"@type\":\"Organization\",\"@id\":\"https:\\\/\\\/filles-de-la-charite.org\\\/pl\\\/#organization\",\"name\":\"Hijas de la Caridad\",\"url\":\"https:\\\/\\\/filles-de-la-charite.org\\\/pl\\\/\",\"logo\":{\"@type\":\"ImageObject\",\"inLanguage\":\"pl-PL\",\"@id\":\"https:\\\/\\\/filles-de-la-charite.org\\\/pl\\\/#\\\/schema\\\/logo\\\/image\\\/\",\"url\":\"https:\\\/\\\/filles-de-la-charite.org\\\/wp-content\\\/uploads\\\/2023\\\/03\\\/isotipo-Hijas-de-la-Caridad.png\",\"contentUrl\":\"https:\\\/\\\/filles-de-la-charite.org\\\/wp-content\\\/uploads\\\/2023\\\/03\\\/isotipo-Hijas-de-la-Caridad.png\",\"width\":1417,\"height\":1417,\"caption\":\"Hijas de la Caridad\"},\"image\":{\"@id\":\"https:\\\/\\\/filles-de-la-charite.org\\\/pl\\\/#\\\/schema\\\/logo\\\/image\\\/\"}},{\"@type\":\"Person\",\"@id\":\"https:\\\/\\\/filles-de-la-charite.org\\\/pl\\\/#\\\/schema\\\/person\\\/427567b2eccfc2dd7d206da186a1f438\",\"name\":\"admin\",\"image\":{\"@type\":\"ImageObject\",\"inLanguage\":\"pl-PL\",\"@id\":\"https:\\\/\\\/secure.gravatar.com\\\/avatar\\\/948b492cce32b586ac2db0eaa926ee87024f7afe218d73b397ea5ddfc5f43ea1?s=96&d=mm&r=g\",\"url\":\"https:\\\/\\\/secure.gravatar.com\\\/avatar\\\/948b492cce32b586ac2db0eaa926ee87024f7afe218d73b397ea5ddfc5f43ea1?s=96&d=mm&r=g\",\"contentUrl\":\"https:\\\/\\\/secure.gravatar.com\\\/avatar\\\/948b492cce32b586ac2db0eaa926ee87024f7afe218d73b397ea5ddfc5f43ea1?s=96&d=mm&r=g\",\"caption\":\"admin\"},\"sameAs\":[\"https:\\\/\\\/filles-de-la-charite.org\"],\"url\":\"https:\\\/\\\/filles-de-la-charite.org\\\/pl\\\/author\\\/caridad\\\/\"}]}<\/script>\n<!-- \/ Yoast SEO plugin. -->","yoast_head_json":{"title":"Czu\u0142o\u015b\u0107 Boga - Filles de la Charit\u00e9","robots":{"index":"index","follow":"follow","max-snippet":"max-snippet:-1","max-image-preview":"max-image-preview:large","max-video-preview":"max-video-preview:-1"},"canonical":"https:\/\/filles-de-la-charite.org\/pl\/czulosc-boga\/","og_locale":"pl_PL","og_type":"article","og_title":"Czu\u0142o\u015b\u0107 Boga - Filles de la Charit\u00e9","og_description":"Sze\u015b\u0107 kraj\u00f3w Prowincji Bliskiego Wschodu ma swoje korzenie w Biblii: &#8222;Cyrus, kr\u00f3l Persji [dzisiejszy IRAN], otrzymuje zadanie zbudowania domu dla Pana w Jerozolimie&#8221;. &#8222;Jeszcze troch\u0119, a [LIBAN] zamieni si\u0119 w ogr\u00f3d&#8230; wyzwolony z mroku i ciemno\u015bci, a oczy niewidomych przejrz\u0105&#8221;&#8230; Urodzi\u0142 si\u0119 w Betlejem [PALESTYNA]. Wychowa\u0142 si\u0119 w Nazarecie [IZRAEL]. Ucieka z rodzicami do [EGIPTU] [&hellip;]","og_url":"https:\/\/filles-de-la-charite.org\/pl\/czulosc-boga\/","og_site_name":"Filles de la Charit\u00e9","article_published_time":"2021-08-31T20:00:00+00:00","article_modified_time":"2024-03-17T15:59:01+00:00","og_image":[{"width":1040,"height":780,"url":"https:\/\/filles-de-la-charite.org\/wp-content\/uploads\/2023\/06\/KOBAYAT-3-Liban.jpg","type":"image\/jpeg"}],"author":"admin","twitter_card":"summary_large_image","twitter_misc":{"Napisane przez":"admin","Szacowany czas czytania":"4 minuty"},"schema":{"@context":"https:\/\/schema.org","@graph":[{"@type":"Article","@id":"https:\/\/filles-de-la-charite.org\/pl\/czulosc-boga\/#article","isPartOf":{"@id":"https:\/\/filles-de-la-charite.org\/pl\/czulosc-boga\/"},"author":{"name":"admin","@id":"https:\/\/filles-de-la-charite.org\/pl\/#\/schema\/person\/427567b2eccfc2dd7d206da186a1f438"},"headline":"Czu\u0142o\u015b\u0107 Boga","datePublished":"2021-08-31T20:00:00+00:00","dateModified":"2024-03-17T15:59:01+00:00","mainEntityOfPage":{"@id":"https:\/\/filles-de-la-charite.org\/pl\/czulosc-boga\/"},"wordCount":802,"publisher":{"@id":"https:\/\/filles-de-la-charite.org\/pl\/#organization"},"image":{"@id":"https:\/\/filles-de-la-charite.org\/pl\/czulosc-boga\/#primaryimage"},"thumbnailUrl":"https:\/\/filles-de-la-charite.org\/wp-content\/uploads\/2023\/06\/KOBAYAT-3-Liban.jpg","articleSection":["Bliski Wsch\u00f3d"],"inLanguage":"pl-PL"},{"@type":"WebPage","@id":"https:\/\/filles-de-la-charite.org\/pl\/czulosc-boga\/","url":"https:\/\/filles-de-la-charite.org\/pl\/czulosc-boga\/","name":"Czu\u0142o\u015b\u0107 Boga - Filles de la Charit\u00e9","isPartOf":{"@id":"https:\/\/filles-de-la-charite.org\/pl\/#website"},"primaryImageOfPage":{"@id":"https:\/\/filles-de-la-charite.org\/pl\/czulosc-boga\/#primaryimage"},"image":{"@id":"https:\/\/filles-de-la-charite.org\/pl\/czulosc-boga\/#primaryimage"},"thumbnailUrl":"https:\/\/filles-de-la-charite.org\/wp-content\/uploads\/2023\/06\/KOBAYAT-3-Liban.jpg","datePublished":"2021-08-31T20:00:00+00:00","dateModified":"2024-03-17T15:59:01+00:00","breadcrumb":{"@id":"https:\/\/filles-de-la-charite.org\/pl\/czulosc-boga\/#breadcrumb"},"inLanguage":"pl-PL","potentialAction":[{"@type":"ReadAction","target":["https:\/\/filles-de-la-charite.org\/pl\/czulosc-boga\/"]}]},{"@type":"ImageObject","inLanguage":"pl-PL","@id":"https:\/\/filles-de-la-charite.org\/pl\/czulosc-boga\/#primaryimage","url":"https:\/\/filles-de-la-charite.org\/wp-content\/uploads\/2023\/06\/KOBAYAT-3-Liban.jpg","contentUrl":"https:\/\/filles-de-la-charite.org\/wp-content\/uploads\/2023\/06\/KOBAYAT-3-Liban.jpg","width":1040,"height":780},{"@type":"BreadcrumbList","@id":"https:\/\/filles-de-la-charite.org\/pl\/czulosc-boga\/#breadcrumb","itemListElement":[{"@type":"ListItem","position":1,"name":"Hijas de la Caridad","item":"https:\/\/filles-de-la-charite.org\/layout_category\/hijas-de-la-caridad\/"},{"@type":"ListItem","position":2,"name":"Czu\u0142o\u015b\u0107 Boga"}]},{"@type":"WebSite","@id":"https:\/\/filles-de-la-charite.org\/pl\/#website","url":"https:\/\/filles-de-la-charite.org\/pl\/","name":"Hijas de la Caridad","description":"L\u2019amour de J\u00e9sus nous presse \u00e0 prendre soin des personnes les plus d\u00e9munies","publisher":{"@id":"https:\/\/filles-de-la-charite.org\/pl\/#organization"},"potentialAction":[{"@type":"SearchAction","target":{"@type":"EntryPoint","urlTemplate":"https:\/\/filles-de-la-charite.org\/pl\/?s={search_term_string}"},"query-input":{"@type":"PropertyValueSpecification","valueRequired":true,"valueName":"search_term_string"}}],"inLanguage":"pl-PL"},{"@type":"Organization","@id":"https:\/\/filles-de-la-charite.org\/pl\/#organization","name":"Hijas de la Caridad","url":"https:\/\/filles-de-la-charite.org\/pl\/","logo":{"@type":"ImageObject","inLanguage":"pl-PL","@id":"https:\/\/filles-de-la-charite.org\/pl\/#\/schema\/logo\/image\/","url":"https:\/\/filles-de-la-charite.org\/wp-content\/uploads\/2023\/03\/isotipo-Hijas-de-la-Caridad.png","contentUrl":"https:\/\/filles-de-la-charite.org\/wp-content\/uploads\/2023\/03\/isotipo-Hijas-de-la-Caridad.png","width":1417,"height":1417,"caption":"Hijas de la Caridad"},"image":{"@id":"https:\/\/filles-de-la-charite.org\/pl\/#\/schema\/logo\/image\/"}},{"@type":"Person","@id":"https:\/\/filles-de-la-charite.org\/pl\/#\/schema\/person\/427567b2eccfc2dd7d206da186a1f438","name":"admin","image":{"@type":"ImageObject","inLanguage":"pl-PL","@id":"https:\/\/secure.gravatar.com\/avatar\/948b492cce32b586ac2db0eaa926ee87024f7afe218d73b397ea5ddfc5f43ea1?s=96&d=mm&r=g","url":"https:\/\/secure.gravatar.com\/avatar\/948b492cce32b586ac2db0eaa926ee87024f7afe218d73b397ea5ddfc5f43ea1?s=96&d=mm&r=g","contentUrl":"https:\/\/secure.gravatar.com\/avatar\/948b492cce32b586ac2db0eaa926ee87024f7afe218d73b397ea5ddfc5f43ea1?s=96&d=mm&r=g","caption":"admin"},"sameAs":["https:\/\/filles-de-la-charite.org"],"url":"https:\/\/filles-de-la-charite.org\/pl\/author\/caridad\/"}]}},"_links":{"self":[{"href":"https:\/\/filles-de-la-charite.org\/pl\/wp-json\/wp\/v2\/posts\/24469","targetHints":{"allow":["GET"]}}],"collection":[{"href":"https:\/\/filles-de-la-charite.org\/pl\/wp-json\/wp\/v2\/posts"}],"about":[{"href":"https:\/\/filles-de-la-charite.org\/pl\/wp-json\/wp\/v2\/types\/post"}],"author":[{"embeddable":true,"href":"https:\/\/filles-de-la-charite.org\/pl\/wp-json\/wp\/v2\/users\/1"}],"replies":[{"embeddable":true,"href":"https:\/\/filles-de-la-charite.org\/pl\/wp-json\/wp\/v2\/comments?post=24469"}],"version-history":[{"count":1,"href":"https:\/\/filles-de-la-charite.org\/pl\/wp-json\/wp\/v2\/posts\/24469\/revisions"}],"predecessor-version":[{"id":24470,"href":"https:\/\/filles-de-la-charite.org\/pl\/wp-json\/wp\/v2\/posts\/24469\/revisions\/24470"}],"wp:featuredmedia":[{"embeddable":true,"href":"https:\/\/filles-de-la-charite.org\/pl\/wp-json\/wp\/v2\/media\/16176"}],"wp:attachment":[{"href":"https:\/\/filles-de-la-charite.org\/pl\/wp-json\/wp\/v2\/media?parent=24469"}],"wp:term":[{"taxonomy":"category","embeddable":true,"href":"https:\/\/filles-de-la-charite.org\/pl\/wp-json\/wp\/v2\/categories?post=24469"},{"taxonomy":"post_tag","embeddable":true,"href":"https:\/\/filles-de-la-charite.org\/pl\/wp-json\/wp\/v2\/tags?post=24469"}],"curies":[{"name":"wp","href":"https:\/\/api.w.org\/{rel}","templated":true}]}}