{"id":24485,"date":"2022-03-18T10:37:00","date_gmt":"2022-03-18T09:37:00","guid":{"rendered":"https:\/\/hijascaridad.sjdigitaldemo.ovh\/sprawozdanie-z-rumunii\/"},"modified":"2024-03-17T16:56:19","modified_gmt":"2024-03-17T15:56:19","slug":"sprawozdanie-z-rumunii","status":"publish","type":"post","link":"https:\/\/filles-de-la-charite.org\/pl\/sprawozdanie-z-rumunii\/","title":{"rendered":"Sprawozdanie z Rumunii"},"content":{"rendered":"\n<p>W ci\u0105gu ostatnich kilku tygodni, odk\u0105d s\u0105siednie kraje zacz\u0119\u0142y toczy\u0107 wojn\u0119, \u017cycie zmieni\u0142o si\u0119 ca\u0142kowicie. W pierwszych dniach wszyscy mieli nadziej\u0119, \u017ce b\u0119dzie to kr\u00f3tkotrwa\u0142e zagro\u017cenie, ale nasilaj\u0105ce si\u0119 ataki i ci\u0105g\u0142e bombardowania zmusi\u0142y ludzi do ucieczki.<\/p>\n\n\n\n<p>Do Rumunii uchod\u017acy ca\u0142y czas nap\u0142ywaj\u0105. Ci bogatsi je\u017cd\u017c\u0105 z miasta do miasta samochodami, dobrze zaopatrzonymi i nie wymagaj\u0105cymi specjalnej opieki, zatrzymuj\u0105cymi si\u0119 tylko na nocny odpoczynek.<\/p>\n\n\n\n<p>Wi\u0119kszo\u015b\u0107 uchod\u017ac\u00f3w przyje\u017cd\u017ca poci\u0105giem, nic ze sob\u0105 nie maj\u0105c. S\u0105 bardzo wyczerpani. Kiedy poci\u0105gi zatrzymuj\u0105 si\u0119, zewsz\u0105d s\u0142ycha\u0107 s\u0142owa \u201ewody\u201d. Dzieci p\u0142acz\u0105, nie rozumiej\u0105c, dlaczego nie mog\u0105 wr\u00f3ci\u0107 do domu. By\u0142y dzieci, kt\u00f3rych matki owin\u0119\u0142y je we w\u0142asne koszulki zamiast w pieluchy. S\u0105 zmarzni\u0119ci, wyczerpani i zdesperowani.<\/p>\n\n\n\n<p>W Oradei kilka organizacji pomocowych po\u0142\u0105czy\u0142o si\u0142y, aby pom\u00f3c uchod\u017acom. W ten spos\u00f3b ka\u017cda organizacja mo\u017ce udzieli\u0107 pomocy tam, gdzie jest potrzebna, zgodnie ze swoimi zdolno\u015bciami i mo\u017cliwo\u015bciami.<\/p>\n\n\n\n<p>My, Siostry Mi\u0142osierdzia, g\u0142\u00f3wnie pomagamy w zbieraniu i sortowaniu pomocy. W tym celu przekszta\u0142ci\u0142y\u015bmy jeden z dom\u00f3w si\u00f3str w punkt zbi\u00f3rki, gdzie wsp\u00f3lnie z trzema innymi organizacjami: Stowarzyszeniem \u015aw. Wincentego a Paulo (SSVP), Opiek\u0105 nad Dzie\u0107mi oraz Fundacj\u0105 Catunul Verde przyjmujemy i przekazujemy darowizny potrzebuj\u0105cym. W ci\u0105gu ostatnich kilku tygodni zebrali\u015bmy tony \u017cywno\u015bci, \u015brodk\u00f3w czysto\u015bci, detergent\u00f3w i odzie\u017cy. Cz\u0119\u015b\u0107 z nich zosta\u0142a ju\u017c przekazana fundacjom, kt\u00f3re przyjmuj\u0105 i opiekuj\u0105 si\u0119 uchod\u017acami. Wi\u0119kszo\u015b\u0107 z nich zosta\u0142a spakowana i wys\u0142ana na Ukrain\u0119 dzi\u0119ki Kap\u0142anom Zgromadzenia Misji. Bardzo dobrze jest do\u015bwiadczy\u0107 solidarno\u015bci Rodziny Wincenty\u0144skiej, ale przede wszystkim wa\u017cne jest, aby nasi bracia i siostry w potrzebie czuli, \u017ce nie s\u0105 sami w swojej udr\u0119ce.<\/p>\n\n\n\n<figure class=\"wp-block-gallery columns-3 is-cropped wp-block-gallery-1 is-layout-flex wp-block-gallery-is-layout-flex\"><ul class=\"blocks-gallery-grid\"><li class=\"blocks-gallery-item\"><figure><a href=\"https:\/\/filles-de-la-charite.org\/wp-content\/uploads\/2023\/06\/Imagen1.jpg\" data-rel=\"lightbox-image-0\" data-rl_title=\"\" data-rl_caption=\"\" title=\"\"><img decoding=\"async\" src=\"https:\/\/filles-de-la-charite.org\/wp-content\/uploads\/2023\/06\/Imagen1.jpg\" alt=\"\" data-id=\"69800\" data-full-url=\"https:\/\/filles-de-la-charite.org\/wp-content\/uploads\/2023\/06\/Imagen1.jpg\" data-link=\"https:\/\/www.filles-de-la-charite.org\/imagen1-5\/\" class=\"wp-image-69800\"\/><\/a><\/figure><\/li><li class=\"blocks-gallery-item\"><figure><a href=\"https:\/\/filles-de-la-charite.org\/wp-content\/uploads\/2023\/06\/Imagen7.jpg\" data-rel=\"lightbox-image-1\" data-rl_title=\"\" data-rl_caption=\"\" title=\"\"><img decoding=\"async\" src=\"https:\/\/filles-de-la-charite.org\/wp-content\/uploads\/2023\/06\/Imagen7.jpg\" alt=\"\" data-id=\"69806\" data-full-url=\"https:\/\/filles-de-la-charite.org\/wp-content\/uploads\/2023\/06\/Imagen7.jpg\" data-link=\"https:\/\/www.filles-de-la-charite.org\/imagen7-2\/\" class=\"wp-image-69806\"\/><\/a><\/figure><\/li><li class=\"blocks-gallery-item\"><figure><a href=\"https:\/\/filles-de-la-charite.org\/wp-content\/uploads\/2023\/06\/Imagen4.jpg\" data-rel=\"lightbox-image-2\" data-rl_title=\"\" data-rl_caption=\"\" title=\"\"><img decoding=\"async\" src=\"https:\/\/filles-de-la-charite.org\/wp-content\/uploads\/2023\/06\/Imagen4.jpg\" alt=\"\" data-id=\"69803\" data-full-url=\"https:\/\/filles-de-la-charite.org\/wp-content\/uploads\/2023\/06\/Imagen4.jpg\" data-link=\"https:\/\/www.filles-de-la-charite.org\/imagen4-3\/\" class=\"wp-image-69803\"\/><\/a><\/figure><\/li><li class=\"blocks-gallery-item\"><figure><a href=\"https:\/\/filles-de-la-charite.org\/wp-content\/uploads\/2023\/06\/Rumanien-Ukraine-5.jpg\" data-rel=\"lightbox-image-3\" data-rl_title=\"\" data-rl_caption=\"\" title=\"\"><img decoding=\"async\" src=\"https:\/\/filles-de-la-charite.org\/wp-content\/uploads\/2023\/06\/Rumanien-Ukraine-5.jpg\" alt=\"\" data-id=\"69808\" data-full-url=\"https:\/\/filles-de-la-charite.org\/wp-content\/uploads\/2023\/06\/Rumanien-Ukraine-5.jpg\" data-link=\"https:\/\/www.filles-de-la-charite.org\/rumanien-ukraine-5\/\" class=\"wp-image-69808\"\/><\/a><\/figure><\/li><li class=\"blocks-gallery-item\"><figure><a href=\"https:\/\/filles-de-la-charite.org\/wp-content\/uploads\/2023\/06\/Rumanien-Ukraine-3.jpg\" data-rel=\"lightbox-image-4\" data-rl_title=\"\" data-rl_caption=\"\" title=\"\"><img decoding=\"async\" src=\"https:\/\/filles-de-la-charite.org\/wp-content\/uploads\/2023\/06\/Rumanien-Ukraine-3.jpg\" alt=\"\" data-id=\"69810\" data-full-url=\"https:\/\/filles-de-la-charite.org\/wp-content\/uploads\/2023\/06\/Rumanien-Ukraine-3.jpg\" data-link=\"https:\/\/www.filles-de-la-charite.org\/rumanien-ukraine-3\/\" class=\"wp-image-69810\"\/><\/a><\/figure><\/li><li class=\"blocks-gallery-item\"><figure><a href=\"https:\/\/filles-de-la-charite.org\/wp-content\/uploads\/2023\/06\/Rumanien-Ukraine-2.jpg\" data-rel=\"lightbox-image-5\" data-rl_title=\"\" data-rl_caption=\"\" title=\"\"><img decoding=\"async\" src=\"https:\/\/filles-de-la-charite.org\/wp-content\/uploads\/2023\/06\/Rumanien-Ukraine-2.jpg\" alt=\"\" data-id=\"69809\" data-full-url=\"https:\/\/filles-de-la-charite.org\/wp-content\/uploads\/2023\/06\/Rumanien-Ukraine-2.jpg\" data-link=\"https:\/\/www.filles-de-la-charite.org\/rumanien-ukraine-2\/\" class=\"wp-image-69809\"\/><\/a><\/figure><\/li><\/ul><\/figure>\n\n\n\n<p>Pomagamy w ka\u017cdy mo\u017cliwy spos\u00f3b. Zdarza\u0142o si\u0119, \u017ce przygotowywa\u0142y\u015bmy kanapki dla uchod\u017ac\u00f3w przybywaj\u0105cych noc\u0105 na odpraw\u0119 celn\u0105 (w tym miejscu nadmieni\u0119, \u017ce jednej nocy na odprawie rozdano 2500 kanapek). Czasami pomagamy w dystrybucji lub oferujemy wolontariuszom gor\u0105c\u0105 herbat\u0119. Ka\u017cda praca jest r\u00f3wnie wa\u017cna i konieczne jest utrzymanie \u017cywego ducha naszych wyczerpanych wolontariuszy.<\/p>\n\n\n\n<figure class=\"wp-block-image size-large\"><img decoding=\"async\" src=\"https:\/\/filles-de-la-charite.org\/wp-content\/uploads\/2023\/06\/Rumanien-Ukraine-1-1024x768-1.jpg\" alt=\"\" class=\"wp-image-69807\"\/><\/figure>\n\n\n\n<p>&nbsp;Dzi\u0119ki skoordynowanej i zorganizowanej pracy r\u00f3\u017cne organizacje pomocowe potrafi\u0105 bardzo umiej\u0119tnie ze sob\u0105 wsp\u00f3\u0142pracowa\u0107 i wzajemnie si\u0119 uzupe\u0142nia\u0107. <\/p>\n\n\n\n<p><em>S. Serafina SM<\/em><\/p>\n","protected":false},"excerpt":{"rendered":"<p>W ci\u0105gu ostatnich kilku tygodni, odk\u0105d s\u0105siednie kraje zacz\u0119\u0142y toczy\u0107 wojn\u0119, \u017cycie zmieni\u0142o si\u0119 ca\u0142kowicie. W pierwszych dniach wszyscy mieli nadziej\u0119, \u017ce b\u0119dzie to kr\u00f3tkotrwa\u0142e zagro\u017cenie, ale nasilaj\u0105ce si\u0119 ataki i ci\u0105g\u0142e bombardowania zmusi\u0142y ludzi do ucieczki. Do Rumunii uchod\u017acy ca\u0142y czas nap\u0142ywaj\u0105. Ci bogatsi je\u017cd\u017c\u0105 z miasta do miasta samochodami, dobrze zaopatrzonymi i nie [&hellip;]<\/p>\n","protected":false},"author":1,"featured_media":16408,"comment_status":"closed","ping_status":"closed","sticky":false,"template":"","format":"standard","meta":{"_acf_changed":false,"footnotes":"","_links_to":"","_links_to_target":""},"categories":[599],"tags":[],"class_list":["post-24485","post","type-post","status-publish","format-standard","has-post-thumbnail","hentry","category-graz-europa-srodkowa-pl"],"acf":[],"yoast_head":"<!-- This site is optimized with the Yoast SEO plugin v27.5 - https:\/\/yoast.com\/product\/yoast-seo-wordpress\/ -->\n<title>Sprawozdanie z Rumunii - Filles de la Charit\u00e9<\/title>\n<meta name=\"robots\" content=\"index, follow, max-snippet:-1, max-image-preview:large, max-video-preview:-1\" \/>\n<link rel=\"canonical\" href=\"https:\/\/filles-de-la-charite.org\/pl\/sprawozdanie-z-rumunii\/\" \/>\n<meta property=\"og:locale\" content=\"pl_PL\" \/>\n<meta property=\"og:type\" content=\"article\" \/>\n<meta property=\"og:title\" content=\"Sprawozdanie z Rumunii - Filles de la Charit\u00e9\" \/>\n<meta property=\"og:description\" content=\"W ci\u0105gu ostatnich kilku tygodni, odk\u0105d s\u0105siednie kraje zacz\u0119\u0142y toczy\u0107 wojn\u0119, \u017cycie zmieni\u0142o si\u0119 ca\u0142kowicie. W pierwszych dniach wszyscy mieli nadziej\u0119, \u017ce b\u0119dzie to kr\u00f3tkotrwa\u0142e zagro\u017cenie, ale nasilaj\u0105ce si\u0119 ataki i ci\u0105g\u0142e bombardowania zmusi\u0142y ludzi do ucieczki. Do Rumunii uchod\u017acy ca\u0142y czas nap\u0142ywaj\u0105. Ci bogatsi je\u017cd\u017c\u0105 z miasta do miasta samochodami, dobrze zaopatrzonymi i nie [&hellip;]\" \/>\n<meta property=\"og:url\" content=\"https:\/\/filles-de-la-charite.org\/pl\/sprawozdanie-z-rumunii\/\" \/>\n<meta property=\"og:site_name\" content=\"Filles de la Charit\u00e9\" \/>\n<meta property=\"article:published_time\" content=\"2022-03-18T09:37:00+00:00\" \/>\n<meta property=\"article:modified_time\" content=\"2024-03-17T15:56:19+00:00\" \/>\n<meta property=\"og:image\" content=\"https:\/\/filles-de-la-charite.org\/wp-content\/uploads\/2023\/06\/N-3-scaled-1.jpg\" \/>\n\t<meta property=\"og:image:width\" content=\"2560\" \/>\n\t<meta property=\"og:image:height\" content=\"1707\" \/>\n\t<meta property=\"og:image:type\" content=\"image\/jpeg\" \/>\n<meta name=\"author\" content=\"admin\" \/>\n<meta name=\"twitter:card\" content=\"summary_large_image\" \/>\n<meta name=\"twitter:label1\" content=\"Napisane przez\" \/>\n\t<meta name=\"twitter:data1\" content=\"admin\" \/>\n\t<meta name=\"twitter:label2\" content=\"Szacowany czas czytania\" \/>\n\t<meta name=\"twitter:data2\" content=\"3 minuty\" \/>\n<script type=\"application\/ld+json\" class=\"yoast-schema-graph\">{\"@context\":\"https:\\\/\\\/schema.org\",\"@graph\":[{\"@type\":\"Article\",\"@id\":\"https:\\\/\\\/filles-de-la-charite.org\\\/pl\\\/sprawozdanie-z-rumunii\\\/#article\",\"isPartOf\":{\"@id\":\"https:\\\/\\\/filles-de-la-charite.org\\\/pl\\\/sprawozdanie-z-rumunii\\\/\"},\"author\":{\"name\":\"admin\",\"@id\":\"https:\\\/\\\/filles-de-la-charite.org\\\/pl\\\/#\\\/schema\\\/person\\\/427567b2eccfc2dd7d206da186a1f438\"},\"headline\":\"Sprawozdanie z Rumunii\",\"datePublished\":\"2022-03-18T09:37:00+00:00\",\"dateModified\":\"2024-03-17T15:56:19+00:00\",\"mainEntityOfPage\":{\"@id\":\"https:\\\/\\\/filles-de-la-charite.org\\\/pl\\\/sprawozdanie-z-rumunii\\\/\"},\"wordCount\":425,\"publisher\":{\"@id\":\"https:\\\/\\\/filles-de-la-charite.org\\\/pl\\\/#organization\"},\"image\":{\"@id\":\"https:\\\/\\\/filles-de-la-charite.org\\\/pl\\\/sprawozdanie-z-rumunii\\\/#primaryimage\"},\"thumbnailUrl\":\"https:\\\/\\\/filles-de-la-charite.org\\\/wp-content\\\/uploads\\\/2023\\\/06\\\/N-3-scaled-1.jpg\",\"articleSection\":[\"Graz - Europa \u015arodkowa\"],\"inLanguage\":\"pl-PL\"},{\"@type\":\"WebPage\",\"@id\":\"https:\\\/\\\/filles-de-la-charite.org\\\/pl\\\/sprawozdanie-z-rumunii\\\/\",\"url\":\"https:\\\/\\\/filles-de-la-charite.org\\\/pl\\\/sprawozdanie-z-rumunii\\\/\",\"name\":\"Sprawozdanie z Rumunii - Filles de la Charit\u00e9\",\"isPartOf\":{\"@id\":\"https:\\\/\\\/filles-de-la-charite.org\\\/pl\\\/#website\"},\"primaryImageOfPage\":{\"@id\":\"https:\\\/\\\/filles-de-la-charite.org\\\/pl\\\/sprawozdanie-z-rumunii\\\/#primaryimage\"},\"image\":{\"@id\":\"https:\\\/\\\/filles-de-la-charite.org\\\/pl\\\/sprawozdanie-z-rumunii\\\/#primaryimage\"},\"thumbnailUrl\":\"https:\\\/\\\/filles-de-la-charite.org\\\/wp-content\\\/uploads\\\/2023\\\/06\\\/N-3-scaled-1.jpg\",\"datePublished\":\"2022-03-18T09:37:00+00:00\",\"dateModified\":\"2024-03-17T15:56:19+00:00\",\"breadcrumb\":{\"@id\":\"https:\\\/\\\/filles-de-la-charite.org\\\/pl\\\/sprawozdanie-z-rumunii\\\/#breadcrumb\"},\"inLanguage\":\"pl-PL\",\"potentialAction\":[{\"@type\":\"ReadAction\",\"target\":[\"https:\\\/\\\/filles-de-la-charite.org\\\/pl\\\/sprawozdanie-z-rumunii\\\/\"]}]},{\"@type\":\"ImageObject\",\"inLanguage\":\"pl-PL\",\"@id\":\"https:\\\/\\\/filles-de-la-charite.org\\\/pl\\\/sprawozdanie-z-rumunii\\\/#primaryimage\",\"url\":\"https:\\\/\\\/filles-de-la-charite.org\\\/wp-content\\\/uploads\\\/2023\\\/06\\\/N-3-scaled-1.jpg\",\"contentUrl\":\"https:\\\/\\\/filles-de-la-charite.org\\\/wp-content\\\/uploads\\\/2023\\\/06\\\/N-3-scaled-1.jpg\",\"width\":2560,\"height\":1707},{\"@type\":\"BreadcrumbList\",\"@id\":\"https:\\\/\\\/filles-de-la-charite.org\\\/pl\\\/sprawozdanie-z-rumunii\\\/#breadcrumb\",\"itemListElement\":[{\"@type\":\"ListItem\",\"position\":1,\"name\":\"Nigeria\",\"item\":\"https:\\\/\\\/filles-de-la-charite.org\\\/pl\\\/category\\\/nigeria-pl\\\/\"},{\"@type\":\"ListItem\",\"position\":2,\"name\":\"Sprawozdanie z Rumunii\"}]},{\"@type\":\"WebSite\",\"@id\":\"https:\\\/\\\/filles-de-la-charite.org\\\/pl\\\/#website\",\"url\":\"https:\\\/\\\/filles-de-la-charite.org\\\/pl\\\/\",\"name\":\"Hijas de la Caridad\",\"description\":\"L\u2019amour de J\u00e9sus nous presse \u00e0 prendre soin des personnes les plus d\u00e9munies\",\"publisher\":{\"@id\":\"https:\\\/\\\/filles-de-la-charite.org\\\/pl\\\/#organization\"},\"potentialAction\":[{\"@type\":\"SearchAction\",\"target\":{\"@type\":\"EntryPoint\",\"urlTemplate\":\"https:\\\/\\\/filles-de-la-charite.org\\\/pl\\\/?s={search_term_string}\"},\"query-input\":{\"@type\":\"PropertyValueSpecification\",\"valueRequired\":true,\"valueName\":\"search_term_string\"}}],\"inLanguage\":\"pl-PL\"},{\"@type\":\"Organization\",\"@id\":\"https:\\\/\\\/filles-de-la-charite.org\\\/pl\\\/#organization\",\"name\":\"Hijas de la Caridad\",\"url\":\"https:\\\/\\\/filles-de-la-charite.org\\\/pl\\\/\",\"logo\":{\"@type\":\"ImageObject\",\"inLanguage\":\"pl-PL\",\"@id\":\"https:\\\/\\\/filles-de-la-charite.org\\\/pl\\\/#\\\/schema\\\/logo\\\/image\\\/\",\"url\":\"https:\\\/\\\/filles-de-la-charite.org\\\/wp-content\\\/uploads\\\/2023\\\/03\\\/isotipo-Hijas-de-la-Caridad.png\",\"contentUrl\":\"https:\\\/\\\/filles-de-la-charite.org\\\/wp-content\\\/uploads\\\/2023\\\/03\\\/isotipo-Hijas-de-la-Caridad.png\",\"width\":1417,\"height\":1417,\"caption\":\"Hijas de la Caridad\"},\"image\":{\"@id\":\"https:\\\/\\\/filles-de-la-charite.org\\\/pl\\\/#\\\/schema\\\/logo\\\/image\\\/\"}},{\"@type\":\"Person\",\"@id\":\"https:\\\/\\\/filles-de-la-charite.org\\\/pl\\\/#\\\/schema\\\/person\\\/427567b2eccfc2dd7d206da186a1f438\",\"name\":\"admin\",\"image\":{\"@type\":\"ImageObject\",\"inLanguage\":\"pl-PL\",\"@id\":\"https:\\\/\\\/secure.gravatar.com\\\/avatar\\\/948b492cce32b586ac2db0eaa926ee87024f7afe218d73b397ea5ddfc5f43ea1?s=96&d=mm&r=g\",\"url\":\"https:\\\/\\\/secure.gravatar.com\\\/avatar\\\/948b492cce32b586ac2db0eaa926ee87024f7afe218d73b397ea5ddfc5f43ea1?s=96&d=mm&r=g\",\"contentUrl\":\"https:\\\/\\\/secure.gravatar.com\\\/avatar\\\/948b492cce32b586ac2db0eaa926ee87024f7afe218d73b397ea5ddfc5f43ea1?s=96&d=mm&r=g\",\"caption\":\"admin\"},\"sameAs\":[\"https:\\\/\\\/filles-de-la-charite.org\"],\"url\":\"https:\\\/\\\/filles-de-la-charite.org\\\/pl\\\/author\\\/caridad\\\/\"}]}<\/script>\n<!-- \/ Yoast SEO plugin. -->","yoast_head_json":{"title":"Sprawozdanie z Rumunii - Filles de la Charit\u00e9","robots":{"index":"index","follow":"follow","max-snippet":"max-snippet:-1","max-image-preview":"max-image-preview:large","max-video-preview":"max-video-preview:-1"},"canonical":"https:\/\/filles-de-la-charite.org\/pl\/sprawozdanie-z-rumunii\/","og_locale":"pl_PL","og_type":"article","og_title":"Sprawozdanie z Rumunii - Filles de la Charit\u00e9","og_description":"W ci\u0105gu ostatnich kilku tygodni, odk\u0105d s\u0105siednie kraje zacz\u0119\u0142y toczy\u0107 wojn\u0119, \u017cycie zmieni\u0142o si\u0119 ca\u0142kowicie. W pierwszych dniach wszyscy mieli nadziej\u0119, \u017ce b\u0119dzie to kr\u00f3tkotrwa\u0142e zagro\u017cenie, ale nasilaj\u0105ce si\u0119 ataki i ci\u0105g\u0142e bombardowania zmusi\u0142y ludzi do ucieczki. Do Rumunii uchod\u017acy ca\u0142y czas nap\u0142ywaj\u0105. Ci bogatsi je\u017cd\u017c\u0105 z miasta do miasta samochodami, dobrze zaopatrzonymi i nie [&hellip;]","og_url":"https:\/\/filles-de-la-charite.org\/pl\/sprawozdanie-z-rumunii\/","og_site_name":"Filles de la Charit\u00e9","article_published_time":"2022-03-18T09:37:00+00:00","article_modified_time":"2024-03-17T15:56:19+00:00","og_image":[{"width":2560,"height":1707,"url":"https:\/\/filles-de-la-charite.org\/wp-content\/uploads\/2023\/06\/N-3-scaled-1.jpg","type":"image\/jpeg"}],"author":"admin","twitter_card":"summary_large_image","twitter_misc":{"Napisane przez":"admin","Szacowany czas czytania":"3 minuty"},"schema":{"@context":"https:\/\/schema.org","@graph":[{"@type":"Article","@id":"https:\/\/filles-de-la-charite.org\/pl\/sprawozdanie-z-rumunii\/#article","isPartOf":{"@id":"https:\/\/filles-de-la-charite.org\/pl\/sprawozdanie-z-rumunii\/"},"author":{"name":"admin","@id":"https:\/\/filles-de-la-charite.org\/pl\/#\/schema\/person\/427567b2eccfc2dd7d206da186a1f438"},"headline":"Sprawozdanie z Rumunii","datePublished":"2022-03-18T09:37:00+00:00","dateModified":"2024-03-17T15:56:19+00:00","mainEntityOfPage":{"@id":"https:\/\/filles-de-la-charite.org\/pl\/sprawozdanie-z-rumunii\/"},"wordCount":425,"publisher":{"@id":"https:\/\/filles-de-la-charite.org\/pl\/#organization"},"image":{"@id":"https:\/\/filles-de-la-charite.org\/pl\/sprawozdanie-z-rumunii\/#primaryimage"},"thumbnailUrl":"https:\/\/filles-de-la-charite.org\/wp-content\/uploads\/2023\/06\/N-3-scaled-1.jpg","articleSection":["Graz - Europa \u015arodkowa"],"inLanguage":"pl-PL"},{"@type":"WebPage","@id":"https:\/\/filles-de-la-charite.org\/pl\/sprawozdanie-z-rumunii\/","url":"https:\/\/filles-de-la-charite.org\/pl\/sprawozdanie-z-rumunii\/","name":"Sprawozdanie z Rumunii - Filles de la Charit\u00e9","isPartOf":{"@id":"https:\/\/filles-de-la-charite.org\/pl\/#website"},"primaryImageOfPage":{"@id":"https:\/\/filles-de-la-charite.org\/pl\/sprawozdanie-z-rumunii\/#primaryimage"},"image":{"@id":"https:\/\/filles-de-la-charite.org\/pl\/sprawozdanie-z-rumunii\/#primaryimage"},"thumbnailUrl":"https:\/\/filles-de-la-charite.org\/wp-content\/uploads\/2023\/06\/N-3-scaled-1.jpg","datePublished":"2022-03-18T09:37:00+00:00","dateModified":"2024-03-17T15:56:19+00:00","breadcrumb":{"@id":"https:\/\/filles-de-la-charite.org\/pl\/sprawozdanie-z-rumunii\/#breadcrumb"},"inLanguage":"pl-PL","potentialAction":[{"@type":"ReadAction","target":["https:\/\/filles-de-la-charite.org\/pl\/sprawozdanie-z-rumunii\/"]}]},{"@type":"ImageObject","inLanguage":"pl-PL","@id":"https:\/\/filles-de-la-charite.org\/pl\/sprawozdanie-z-rumunii\/#primaryimage","url":"https:\/\/filles-de-la-charite.org\/wp-content\/uploads\/2023\/06\/N-3-scaled-1.jpg","contentUrl":"https:\/\/filles-de-la-charite.org\/wp-content\/uploads\/2023\/06\/N-3-scaled-1.jpg","width":2560,"height":1707},{"@type":"BreadcrumbList","@id":"https:\/\/filles-de-la-charite.org\/pl\/sprawozdanie-z-rumunii\/#breadcrumb","itemListElement":[{"@type":"ListItem","position":1,"name":"Nigeria","item":"https:\/\/filles-de-la-charite.org\/pl\/category\/nigeria-pl\/"},{"@type":"ListItem","position":2,"name":"Sprawozdanie z Rumunii"}]},{"@type":"WebSite","@id":"https:\/\/filles-de-la-charite.org\/pl\/#website","url":"https:\/\/filles-de-la-charite.org\/pl\/","name":"Hijas de la Caridad","description":"L\u2019amour de J\u00e9sus nous presse \u00e0 prendre soin des personnes les plus d\u00e9munies","publisher":{"@id":"https:\/\/filles-de-la-charite.org\/pl\/#organization"},"potentialAction":[{"@type":"SearchAction","target":{"@type":"EntryPoint","urlTemplate":"https:\/\/filles-de-la-charite.org\/pl\/?s={search_term_string}"},"query-input":{"@type":"PropertyValueSpecification","valueRequired":true,"valueName":"search_term_string"}}],"inLanguage":"pl-PL"},{"@type":"Organization","@id":"https:\/\/filles-de-la-charite.org\/pl\/#organization","name":"Hijas de la Caridad","url":"https:\/\/filles-de-la-charite.org\/pl\/","logo":{"@type":"ImageObject","inLanguage":"pl-PL","@id":"https:\/\/filles-de-la-charite.org\/pl\/#\/schema\/logo\/image\/","url":"https:\/\/filles-de-la-charite.org\/wp-content\/uploads\/2023\/03\/isotipo-Hijas-de-la-Caridad.png","contentUrl":"https:\/\/filles-de-la-charite.org\/wp-content\/uploads\/2023\/03\/isotipo-Hijas-de-la-Caridad.png","width":1417,"height":1417,"caption":"Hijas de la Caridad"},"image":{"@id":"https:\/\/filles-de-la-charite.org\/pl\/#\/schema\/logo\/image\/"}},{"@type":"Person","@id":"https:\/\/filles-de-la-charite.org\/pl\/#\/schema\/person\/427567b2eccfc2dd7d206da186a1f438","name":"admin","image":{"@type":"ImageObject","inLanguage":"pl-PL","@id":"https:\/\/secure.gravatar.com\/avatar\/948b492cce32b586ac2db0eaa926ee87024f7afe218d73b397ea5ddfc5f43ea1?s=96&d=mm&r=g","url":"https:\/\/secure.gravatar.com\/avatar\/948b492cce32b586ac2db0eaa926ee87024f7afe218d73b397ea5ddfc5f43ea1?s=96&d=mm&r=g","contentUrl":"https:\/\/secure.gravatar.com\/avatar\/948b492cce32b586ac2db0eaa926ee87024f7afe218d73b397ea5ddfc5f43ea1?s=96&d=mm&r=g","caption":"admin"},"sameAs":["https:\/\/filles-de-la-charite.org"],"url":"https:\/\/filles-de-la-charite.org\/pl\/author\/caridad\/"}]}},"_links":{"self":[{"href":"https:\/\/filles-de-la-charite.org\/pl\/wp-json\/wp\/v2\/posts\/24485","targetHints":{"allow":["GET"]}}],"collection":[{"href":"https:\/\/filles-de-la-charite.org\/pl\/wp-json\/wp\/v2\/posts"}],"about":[{"href":"https:\/\/filles-de-la-charite.org\/pl\/wp-json\/wp\/v2\/types\/post"}],"author":[{"embeddable":true,"href":"https:\/\/filles-de-la-charite.org\/pl\/wp-json\/wp\/v2\/users\/1"}],"replies":[{"embeddable":true,"href":"https:\/\/filles-de-la-charite.org\/pl\/wp-json\/wp\/v2\/comments?post=24485"}],"version-history":[{"count":1,"href":"https:\/\/filles-de-la-charite.org\/pl\/wp-json\/wp\/v2\/posts\/24485\/revisions"}],"predecessor-version":[{"id":24486,"href":"https:\/\/filles-de-la-charite.org\/pl\/wp-json\/wp\/v2\/posts\/24485\/revisions\/24486"}],"wp:featuredmedia":[{"embeddable":true,"href":"https:\/\/filles-de-la-charite.org\/pl\/wp-json\/wp\/v2\/media\/16408"}],"wp:attachment":[{"href":"https:\/\/filles-de-la-charite.org\/pl\/wp-json\/wp\/v2\/media?parent=24485"}],"wp:term":[{"taxonomy":"category","embeddable":true,"href":"https:\/\/filles-de-la-charite.org\/pl\/wp-json\/wp\/v2\/categories?post=24485"},{"taxonomy":"post_tag","embeddable":true,"href":"https:\/\/filles-de-la-charite.org\/pl\/wp-json\/wp\/v2\/tags?post=24485"}],"curies":[{"name":"wp","href":"https:\/\/api.w.org\/{rel}","templated":true}]}}