{"id":24513,"date":"2022-04-30T22:00:00","date_gmt":"2022-04-30T20:00:00","guid":{"rendered":"https:\/\/hijascaridad.sjdigitaldemo.ovh\/inauguracja-farmy-nadziei-siostry-lindalva-justo-de-oliveira\/"},"modified":"2024-03-17T16:30:14","modified_gmt":"2024-03-17T15:30:14","slug":"inauguracja-farmy-nadziei-siostry-lindalva-justo-de-oliveira","status":"publish","type":"post","link":"https:\/\/filles-de-la-charite.org\/pl\/inauguracja-farmy-nadziei-siostry-lindalva-justo-de-oliveira\/","title":{"rendered":"Inauguracja \u201eFarmy Nadziei\u201d Siostry Lindalvy Justo de Oliveira"},"content":{"rendered":"\n<div class=\"wp-block-image\"><figure class=\"aligncenter size-full\"><img decoding=\"async\" src=\"https:\/\/filles-de-la-charite.org\/wp-content\/uploads\/2023\/06\/fotos-da-Inauguracao-da-fazenda-1.jpeg\" alt=\"\" class=\"wp-image-70280\" \/><\/figure><\/div>\n\n\n\n<p>P\u00f3\u0142tora roku po wmurowaniu kamienia w\u0119gielnego, po wielu latach pracy i wytrwa\u0142o\u015bci, Archidiecezja Olinda i Recife zainaugurowa\u0142a 31 marca 2022 roku w Primavera (Pernambuco, Brazylia) nowy oddzia\u0142 dla kobiet w ramach Farmy Nadziei (Fazenda da Esperan\u00e7a). Oddzia\u0142 ten, nazwany \"Farm\u0105 Nadziei Siostry Lindalvy Justo de Oliveiry\", ma przyjmowa\u0107 kobiety, kt\u00f3re przychodz\u0105 po pomoc, aby przej\u015b\u0107 rehabilitacj\u0119 po za\u017cywaniu narkotyk\u00f3w. Nazwa farmy zosta\u0142a nadana przez arcybiskupa Recife, Antonio Fernando Saburido, aby odda\u0107 ho\u0142d Siostrom Mi\u0142osierdzia, kt\u00f3re s\u0142u\u017cy\u0142y lub s\u0142u\u017c\u0105 w farmach, a zw\u0142aszcza siostrze S\u00f4nii Marii de Lima, oraz aby uczci\u0107 m\u0119cze\u0144sk\u0105 \u015bmier\u0107 b\u0142ogos\u0142awionej Lindalvy, kt\u00f3ra reprezentuje dzisiejsze kobiety cierpi\u0105ce z powodu przemocy i kobietob\u00f3jstwa.<\/p>\n\n\n\n<p>Inauguracja nowego gospodarstwa odby\u0142a si\u0119 podczas Mszy \u015awi\u0119tej odprawionej na \u015bwie\u017cym powietrzu przez Arcybiskupa Ant\u00f4nio Fernando Saburido, koncelebrowanej z innymi kap\u0142anami, w tym z Ojcem Hansem Stapel (za\u0142o\u017cycielem gospodarstwa) i Ojcem Clistenes Natal, \u00a0CM, Dyrektorem Prowincjalnym Si\u00f3str Mi\u0142osierdzia. Opr\u00f3cz burmistrza i innych w\u0142adz pa\u0144stwowych, w imieniu Zgromadzenia Si\u00f3str Mi\u0142osierdzia obecna by\u0142a tak\u017ce Wizytatorka, Siostra Patr\u00edcia Cala\u00e7a, cz\u0142onkinie Rady Prowincjalnej, Siostra S\u00f4nia Maria de Lima oraz wiele innych Si\u00f3str Mi\u0142osierdzia. Swoj\u0105 obecno\u015bci\u0105 uroczysto\u015b\u0107 u\u015bwietni\u0142 r\u00f3wnie\u017c Nelson Giovanelli, jeden z za\u0142o\u017cycieli Farmy Nadziei (Fazenda da Esperanca), a tak\u017ce wielu m\u0119\u017cczyzn i kobiet, kt\u00f3rzy przechodz\u0105 rehabilitacj\u0119 w istniej\u0105cych farmach w stanie Pernambuco. Podczas procesji wej\u015bciowej dokonano intronizacji obrazu i relikwii b\u0142ogos\u0142awionej Lindalvy, ofiarowanych przez Prowincj\u0119 Recife dla tego nowego gospodarstwa.<\/p>\n\n\n\n<div class=\"wp-block-image\"><figure class=\"aligncenter size-full\"><img decoding=\"async\" src=\"https:\/\/filles-de-la-charite.org\/wp-content\/uploads\/2023\/06\/fotos-da-Inauguracao-da-fazenda-2.jpeg\" alt=\"\" class=\"wp-image-70281\" \/><\/figure><\/div>\n\n\n\n<p><em>Fazenda da Esperanca <\/em>jest wsp\u00f3lnot\u0105 terapeutyczn\u0105 dzia\u0142aj\u0105c\u0105 od 1983 roku, przeznaczon\u0105 dla os\u00f3b, kt\u00f3re s\u0105 w trakcie procesu zdrowienia i szukaj\u0105 uwolnienia od uzale\u017cnie\u0144, g\u0142\u00f3wnie od alkoholu i narkotyk\u00f3w. Jej metoda obejmuje trzy zasadnicze aspekty: <strong>prac\u0119<\/strong> jako proces pedagogiczny, <strong>wsp\u00f3lne \u017cycie w rodzinie<\/strong> oraz <strong>duchowo\u015b\u0107<\/strong>, kt\u00f3rej celem jest odnalezienie sensu \u017cycia.<\/p>\n\n\n\n<p>Osoby, kt\u00f3re identyfikuj\u0105 si\u0119 z charyzmatem Farmy, mog\u0105 odnale\u017a\u0107 swoje powo\u0142anie w Ko\u015bciele, staj\u0105c si\u0119 cz\u0119\u015bci\u0105 Rodziny Nadziei, prywatnego stowarzyszenia wiernych o charakterze mi\u0119dzynarodowym, uznanego przez Papiesk\u0105 Rad\u0119 ds. \u015awieckich, kt\u00f3rego misj\u0105 jest niesienie Nadziei, kt\u00f3r\u0105 jest Jezus Chrystus, jak najwi\u0119kszej liczbie m\u0142odych ludzi na ca\u0142ym \u015bwiecie, zgodnie ze s\u0142owami papie\u017ca Benedykta XVI.<\/p>\n\n\n\n<div class=\"wp-block-image\"><figure class=\"aligncenter size-full\"><img decoding=\"async\" src=\"https:\/\/filles-de-la-charite.org\/wp-content\/uploads\/2023\/06\/fotos-da-Inauguracao-da-fazenda-3.jpeg\" alt=\"\" class=\"wp-image-70275\" \/><\/figure><\/div>\n\n\n\n<p><em>Fazenda<\/em> ma swoje drzwi otwarte we wszystkich stanach Brazylii, aby przyjmowa\u0107 m\u0119\u017cczyzn i kobiety dotkni\u0119tych uzale\u017cnieniem od narkotyk\u00f3w, przekszta\u0142caj\u0105c b\u00f3l w rado\u015b\u0107. Liczba wsp\u00f3lnot na \u015bwiecie przekroczy\u0142a ju\u017c sto zorganizowanych jednostek w krajach Azji, Afryki, Ameryki i Europy, stale rosn\u0105c ze wzgl\u0119du na globalizacj\u0119 powa\u017cnych problem\u00f3w spo\u0142ecznych n\u0119kaj\u0105cych ludzko\u015b\u0107.<\/p>\n\n\n\n<p>Dom w Primavera jest czwart\u0105 Farm\u0105 Nadziei w stanie Pernambuco, z oddzia\u0142ami w miastach Jaboat\u00e3o dos Guarararapes, Garanhuns i S\u00e3o Joaquim do Monte. Mo\u017ce pomie\u015bci\u0107 dwadzie\u015bcia pi\u0119\u0107 kobiet i do dwunastu dzieci, poniewa\u017c cz\u0119sto zdarza si\u0119, \u017ce kobiety szukaj\u0105ce pomocy s\u0105 w ci\u0105\u017cy lub maj\u0105 dzieci.<\/p>\n\n\n\n<p><em>Dzi\u015b spe\u0142ni\u0142o si\u0119 d\u0142ugo piel\u0119gnowane marzenie, aby w naszej archidiecezji powsta\u0142a Farma Nadziei dla kobiet, dzie\u0142o Bo\u017ce, kt\u00f3re b\u0119dzie s\u0142u\u017cy\u0142o osobom dotkni\u0119tym narkomani\u0105 i potrzebuj\u0105cym. Dlatego konieczna jest wra\u017cliwo\u015b\u0107 wszystkich, aby wesprze\u0107 ten projekt, aby zach\u0119ci\u0107 tych, kt\u00f3rzy po\u015bwi\u0119c\u0105 tu swoje \u017cycie dla tego dzie\u0142a\"<\/em> - powiedzia\u0142 abp Fernando Saburido w wywiadzie dla kana\u0142u \"Rede Vida de Televis\u00e3o\".<\/p>\n\n\n\n<div class=\"wp-block-image\"><figure class=\"aligncenter size-full\"><img decoding=\"async\" src=\"https:\/\/filles-de-la-charite.org\/wp-content\/uploads\/2023\/06\/fotos-da-Inauguracao-da-fazenda-4.jpeg\" alt=\"\" class=\"wp-image-70276\" \/><\/figure><\/div>\n\n\n\n<p>Ta inauguracja, b\u0119d\u0105ca cz\u0119\u015bci\u0105 obchod\u00f3w 30. rocznicy m\u0119cze\u0144stwa b\u0142. Lindalvy, poprzedzi\u0142a miesi\u0119czna misja koordynowana przez An\u0119 L\u00facia Duarte, konsekrowan\u0105 misjonark\u0119 Farmy Nadziei i regionaln\u0105 liderk\u0119 Farm Kobiecych, kt\u00f3rej towarzyszy\u0142o ponad pi\u0119tna\u015bcie kobiet, by\u0142ych narkomanek lub b\u0119d\u0105cych w trakcie leczenia; odwiedzi\u0142y one wsp\u00f3lnoty skupione wok\u00f3\u0142 nowej farmy, ewangelizuj\u0105c i daj\u0105c \u015bwiadectwo cud\u00f3w, jakie Pan zdzia\u0142a\u0142 i w dalszym ci\u0105gu czyni w ich \u017cyciu.<\/p>\n\n\n\n<p>Ta nowa Farma Nadziei jest znakiem Bo\u017cej Mi\u0142o\u015bci i Opatrzno\u015bci w \u017cyciu najbardziej potrzebuj\u0105cych; dzi\u0119kujemy Bogu za wielu wsp\u00f3\u0142pracownik\u00f3w, kt\u00f3rzy us\u0142yszeli wezwanie Pana i dali si\u0119 Mu prowadzi\u0107, zw\u0142aszcza za dr Ilvo Meireillesa, biznesmena z Pernambuco, kt\u00f3ry nie tylko uwierzy\u0142 w ten projekt, ale tak\u017ce ofiarowa\u0142 ziemi\u0119 i wspiera\u0142 prace budowlane.<\/p>\n\n\n\n<p>Niech Siostra Lindalva wstawia si\u0119 za tymi, kt\u00f3rzy bior\u0105 udzia\u0142 w tym nowym dziele, aby sta\u0142o si\u0119 ono narz\u0119dziem ratowania \u017cycia dla Boga i wzbudza\u0142o wiele powo\u0142a\u0144 do s\u0142u\u017cby dla Kr\u00f3lestwa Bo\u017cego i Ko\u015bcio\u0142a!<\/p>\n\n\n\n<div class=\"wp-block-image\"><figure class=\"aligncenter size-large\"><img decoding=\"async\" src=\"https:\/\/filles-de-la-charite.org\/wp-content\/uploads\/2023\/06\/fotos-da-Inauguracao-da-fazenda-6-768x1024-1.jpeg\" alt=\"\" class=\"wp-image-70279\" \/><\/figure><\/div>\n","protected":false},"excerpt":{"rendered":"<p>P\u00f3\u0142tora roku po wmurowaniu kamienia w\u0119gielnego, po wielu latach pracy i wytrwa\u0142o\u015bci, Archidiecezja Olinda i Recife zainaugurowa\u0142a 31 marca 2022 roku w Primavera (Pernambuco, Brazylia) nowy oddzia\u0142 dla kobiet w ramach Farmy Nadziei (Fazenda da Esperan\u00e7a). Oddzia\u0142 ten, nazwany &#8222;Farm\u0105 Nadziei Siostry Lindalvy Justo de Oliveiry&#8221;, ma przyjmowa\u0107 kobiety, kt\u00f3re przychodz\u0105 po pomoc, aby przej\u015b\u0107 [&hellip;]<\/p>\n","protected":false},"author":1,"featured_media":16726,"comment_status":"closed","ping_status":"closed","sticky":false,"template":"","format":"standard","meta":{"_acf_changed":false,"footnotes":"","_links_to":"","_links_to_target":""},"categories":[720],"tags":[],"class_list":["post-24513","post","type-post","status-publish","format-standard","has-post-thumbnail","hentry","category-recife-pl"],"acf":[],"yoast_head":"<!-- This site is optimized with the Yoast SEO plugin v27.5 - https:\/\/yoast.com\/product\/yoast-seo-wordpress\/ -->\n<title>Inauguracja \u201eFarmy Nadziei\u201d Siostry Lindalvy Justo de Oliveira - Filles de la Charit\u00e9<\/title>\n<meta name=\"robots\" content=\"index, follow, max-snippet:-1, max-image-preview:large, max-video-preview:-1\" \/>\n<link rel=\"canonical\" href=\"https:\/\/filles-de-la-charite.org\/pl\/inauguracja-farmy-nadziei-siostry-lindalva-justo-de-oliveira\/\" \/>\n<meta property=\"og:locale\" content=\"pl_PL\" \/>\n<meta property=\"og:type\" content=\"article\" \/>\n<meta property=\"og:title\" content=\"Inauguracja \u201eFarmy Nadziei\u201d Siostry Lindalvy Justo de Oliveira - Filles de la Charit\u00e9\" \/>\n<meta property=\"og:description\" content=\"P\u00f3\u0142tora roku po wmurowaniu kamienia w\u0119gielnego, po wielu latach pracy i wytrwa\u0142o\u015bci, Archidiecezja Olinda i Recife zainaugurowa\u0142a 31 marca 2022 roku w Primavera (Pernambuco, Brazylia) nowy oddzia\u0142 dla kobiet w ramach Farmy Nadziei (Fazenda da Esperan\u00e7a). Oddzia\u0142 ten, nazwany &#8222;Farm\u0105 Nadziei Siostry Lindalvy Justo de Oliveiry&#8221;, ma przyjmowa\u0107 kobiety, kt\u00f3re przychodz\u0105 po pomoc, aby przej\u015b\u0107 [&hellip;]\" \/>\n<meta property=\"og:url\" content=\"https:\/\/filles-de-la-charite.org\/pl\/inauguracja-farmy-nadziei-siostry-lindalva-justo-de-oliveira\/\" \/>\n<meta property=\"og:site_name\" content=\"Filles de la Charit\u00e9\" \/>\n<meta property=\"article:published_time\" content=\"2022-04-30T20:00:00+00:00\" \/>\n<meta property=\"article:modified_time\" content=\"2024-03-17T15:30:14+00:00\" \/>\n<meta property=\"og:image\" content=\"https:\/\/filles-de-la-charite.org\/wp-content\/uploads\/2023\/06\/fotos-da-Inauguracao-da-fazenda-5-scaled-1.jpeg\" \/>\n\t<meta property=\"og:image:width\" content=\"2560\" \/>\n\t<meta property=\"og:image:height\" content=\"1440\" \/>\n\t<meta property=\"og:image:type\" content=\"image\/jpeg\" \/>\n<meta name=\"author\" content=\"admin\" \/>\n<meta name=\"twitter:card\" content=\"summary_large_image\" \/>\n<meta name=\"twitter:label1\" content=\"Napisane przez\" \/>\n\t<meta name=\"twitter:data1\" content=\"admin\" \/>\n\t<meta name=\"twitter:label2\" content=\"Szacowany czas czytania\" \/>\n\t<meta name=\"twitter:data2\" content=\"4 minuty\" \/>\n<script type=\"application\/ld+json\" class=\"yoast-schema-graph\">{\"@context\":\"https:\\\/\\\/schema.org\",\"@graph\":[{\"@type\":\"Article\",\"@id\":\"https:\\\/\\\/filles-de-la-charite.org\\\/pl\\\/inauguracja-farmy-nadziei-siostry-lindalva-justo-de-oliveira\\\/#article\",\"isPartOf\":{\"@id\":\"https:\\\/\\\/filles-de-la-charite.org\\\/pl\\\/inauguracja-farmy-nadziei-siostry-lindalva-justo-de-oliveira\\\/\"},\"author\":{\"name\":\"admin\",\"@id\":\"https:\\\/\\\/filles-de-la-charite.org\\\/pl\\\/#\\\/schema\\\/person\\\/427567b2eccfc2dd7d206da186a1f438\"},\"headline\":\"Inauguracja \u201eFarmy Nadziei\u201d Siostry Lindalvy Justo de Oliveira\",\"datePublished\":\"2022-04-30T20:00:00+00:00\",\"dateModified\":\"2024-03-17T15:30:14+00:00\",\"mainEntityOfPage\":{\"@id\":\"https:\\\/\\\/filles-de-la-charite.org\\\/pl\\\/inauguracja-farmy-nadziei-siostry-lindalva-justo-de-oliveira\\\/\"},\"wordCount\":806,\"publisher\":{\"@id\":\"https:\\\/\\\/filles-de-la-charite.org\\\/pl\\\/#organization\"},\"image\":{\"@id\":\"https:\\\/\\\/filles-de-la-charite.org\\\/pl\\\/inauguracja-farmy-nadziei-siostry-lindalva-justo-de-oliveira\\\/#primaryimage\"},\"thumbnailUrl\":\"https:\\\/\\\/filles-de-la-charite.org\\\/wp-content\\\/uploads\\\/2023\\\/06\\\/fotos-da-Inauguracao-da-fazenda-5-scaled-1.jpeg\",\"articleSection\":[\"Recife\"],\"inLanguage\":\"pl-PL\"},{\"@type\":\"WebPage\",\"@id\":\"https:\\\/\\\/filles-de-la-charite.org\\\/pl\\\/inauguracja-farmy-nadziei-siostry-lindalva-justo-de-oliveira\\\/\",\"url\":\"https:\\\/\\\/filles-de-la-charite.org\\\/pl\\\/inauguracja-farmy-nadziei-siostry-lindalva-justo-de-oliveira\\\/\",\"name\":\"Inauguracja \u201eFarmy Nadziei\u201d Siostry Lindalvy Justo de Oliveira - Filles de la Charit\u00e9\",\"isPartOf\":{\"@id\":\"https:\\\/\\\/filles-de-la-charite.org\\\/pl\\\/#website\"},\"primaryImageOfPage\":{\"@id\":\"https:\\\/\\\/filles-de-la-charite.org\\\/pl\\\/inauguracja-farmy-nadziei-siostry-lindalva-justo-de-oliveira\\\/#primaryimage\"},\"image\":{\"@id\":\"https:\\\/\\\/filles-de-la-charite.org\\\/pl\\\/inauguracja-farmy-nadziei-siostry-lindalva-justo-de-oliveira\\\/#primaryimage\"},\"thumbnailUrl\":\"https:\\\/\\\/filles-de-la-charite.org\\\/wp-content\\\/uploads\\\/2023\\\/06\\\/fotos-da-Inauguracao-da-fazenda-5-scaled-1.jpeg\",\"datePublished\":\"2022-04-30T20:00:00+00:00\",\"dateModified\":\"2024-03-17T15:30:14+00:00\",\"breadcrumb\":{\"@id\":\"https:\\\/\\\/filles-de-la-charite.org\\\/pl\\\/inauguracja-farmy-nadziei-siostry-lindalva-justo-de-oliveira\\\/#breadcrumb\"},\"inLanguage\":\"pl-PL\",\"potentialAction\":[{\"@type\":\"ReadAction\",\"target\":[\"https:\\\/\\\/filles-de-la-charite.org\\\/pl\\\/inauguracja-farmy-nadziei-siostry-lindalva-justo-de-oliveira\\\/\"]}]},{\"@type\":\"ImageObject\",\"inLanguage\":\"pl-PL\",\"@id\":\"https:\\\/\\\/filles-de-la-charite.org\\\/pl\\\/inauguracja-farmy-nadziei-siostry-lindalva-justo-de-oliveira\\\/#primaryimage\",\"url\":\"https:\\\/\\\/filles-de-la-charite.org\\\/wp-content\\\/uploads\\\/2023\\\/06\\\/fotos-da-Inauguracao-da-fazenda-5-scaled-1.jpeg\",\"contentUrl\":\"https:\\\/\\\/filles-de-la-charite.org\\\/wp-content\\\/uploads\\\/2023\\\/06\\\/fotos-da-Inauguracao-da-fazenda-5-scaled-1.jpeg\",\"width\":2560,\"height\":1440},{\"@type\":\"BreadcrumbList\",\"@id\":\"https:\\\/\\\/filles-de-la-charite.org\\\/pl\\\/inauguracja-farmy-nadziei-siostry-lindalva-justo-de-oliveira\\\/#breadcrumb\",\"itemListElement\":[{\"@type\":\"ListItem\",\"position\":1,\"name\":\"Recife\",\"item\":\"https:\\\/\\\/filles-de-la-charite.org\\\/pl\\\/category\\\/recife-pl\\\/\"},{\"@type\":\"ListItem\",\"position\":2,\"name\":\"Inauguracja \u201eFarmy Nadziei\u201d Siostry Lindalvy Justo de Oliveira\"}]},{\"@type\":\"WebSite\",\"@id\":\"https:\\\/\\\/filles-de-la-charite.org\\\/pl\\\/#website\",\"url\":\"https:\\\/\\\/filles-de-la-charite.org\\\/pl\\\/\",\"name\":\"Hijas de la Caridad\",\"description\":\"L\u2019amour de J\u00e9sus nous presse \u00e0 prendre soin des personnes les plus d\u00e9munies\",\"publisher\":{\"@id\":\"https:\\\/\\\/filles-de-la-charite.org\\\/pl\\\/#organization\"},\"potentialAction\":[{\"@type\":\"SearchAction\",\"target\":{\"@type\":\"EntryPoint\",\"urlTemplate\":\"https:\\\/\\\/filles-de-la-charite.org\\\/pl\\\/?s={search_term_string}\"},\"query-input\":{\"@type\":\"PropertyValueSpecification\",\"valueRequired\":true,\"valueName\":\"search_term_string\"}}],\"inLanguage\":\"pl-PL\"},{\"@type\":\"Organization\",\"@id\":\"https:\\\/\\\/filles-de-la-charite.org\\\/pl\\\/#organization\",\"name\":\"Hijas de la Caridad\",\"url\":\"https:\\\/\\\/filles-de-la-charite.org\\\/pl\\\/\",\"logo\":{\"@type\":\"ImageObject\",\"inLanguage\":\"pl-PL\",\"@id\":\"https:\\\/\\\/filles-de-la-charite.org\\\/pl\\\/#\\\/schema\\\/logo\\\/image\\\/\",\"url\":\"https:\\\/\\\/filles-de-la-charite.org\\\/wp-content\\\/uploads\\\/2023\\\/03\\\/isotipo-Hijas-de-la-Caridad.png\",\"contentUrl\":\"https:\\\/\\\/filles-de-la-charite.org\\\/wp-content\\\/uploads\\\/2023\\\/03\\\/isotipo-Hijas-de-la-Caridad.png\",\"width\":1417,\"height\":1417,\"caption\":\"Hijas de la Caridad\"},\"image\":{\"@id\":\"https:\\\/\\\/filles-de-la-charite.org\\\/pl\\\/#\\\/schema\\\/logo\\\/image\\\/\"}},{\"@type\":\"Person\",\"@id\":\"https:\\\/\\\/filles-de-la-charite.org\\\/pl\\\/#\\\/schema\\\/person\\\/427567b2eccfc2dd7d206da186a1f438\",\"name\":\"admin\",\"image\":{\"@type\":\"ImageObject\",\"inLanguage\":\"pl-PL\",\"@id\":\"https:\\\/\\\/secure.gravatar.com\\\/avatar\\\/948b492cce32b586ac2db0eaa926ee87024f7afe218d73b397ea5ddfc5f43ea1?s=96&d=mm&r=g\",\"url\":\"https:\\\/\\\/secure.gravatar.com\\\/avatar\\\/948b492cce32b586ac2db0eaa926ee87024f7afe218d73b397ea5ddfc5f43ea1?s=96&d=mm&r=g\",\"contentUrl\":\"https:\\\/\\\/secure.gravatar.com\\\/avatar\\\/948b492cce32b586ac2db0eaa926ee87024f7afe218d73b397ea5ddfc5f43ea1?s=96&d=mm&r=g\",\"caption\":\"admin\"},\"sameAs\":[\"https:\\\/\\\/filles-de-la-charite.org\"],\"url\":\"https:\\\/\\\/filles-de-la-charite.org\\\/pl\\\/author\\\/caridad\\\/\"}]}<\/script>\n<!-- \/ Yoast SEO plugin. -->","yoast_head_json":{"title":"Inauguracja \u201eFarmy Nadziei\u201d Siostry Lindalvy Justo de Oliveira - Filles de la Charit\u00e9","robots":{"index":"index","follow":"follow","max-snippet":"max-snippet:-1","max-image-preview":"max-image-preview:large","max-video-preview":"max-video-preview:-1"},"canonical":"https:\/\/filles-de-la-charite.org\/pl\/inauguracja-farmy-nadziei-siostry-lindalva-justo-de-oliveira\/","og_locale":"pl_PL","og_type":"article","og_title":"Inauguracja \u201eFarmy Nadziei\u201d Siostry Lindalvy Justo de Oliveira - Filles de la Charit\u00e9","og_description":"P\u00f3\u0142tora roku po wmurowaniu kamienia w\u0119gielnego, po wielu latach pracy i wytrwa\u0142o\u015bci, Archidiecezja Olinda i Recife zainaugurowa\u0142a 31 marca 2022 roku w Primavera (Pernambuco, Brazylia) nowy oddzia\u0142 dla kobiet w ramach Farmy Nadziei (Fazenda da Esperan\u00e7a). Oddzia\u0142 ten, nazwany &#8222;Farm\u0105 Nadziei Siostry Lindalvy Justo de Oliveiry&#8221;, ma przyjmowa\u0107 kobiety, kt\u00f3re przychodz\u0105 po pomoc, aby przej\u015b\u0107 [&hellip;]","og_url":"https:\/\/filles-de-la-charite.org\/pl\/inauguracja-farmy-nadziei-siostry-lindalva-justo-de-oliveira\/","og_site_name":"Filles de la Charit\u00e9","article_published_time":"2022-04-30T20:00:00+00:00","article_modified_time":"2024-03-17T15:30:14+00:00","og_image":[{"width":2560,"height":1440,"url":"https:\/\/filles-de-la-charite.org\/wp-content\/uploads\/2023\/06\/fotos-da-Inauguracao-da-fazenda-5-scaled-1.jpeg","type":"image\/jpeg"}],"author":"admin","twitter_card":"summary_large_image","twitter_misc":{"Napisane przez":"admin","Szacowany czas czytania":"4 minuty"},"schema":{"@context":"https:\/\/schema.org","@graph":[{"@type":"Article","@id":"https:\/\/filles-de-la-charite.org\/pl\/inauguracja-farmy-nadziei-siostry-lindalva-justo-de-oliveira\/#article","isPartOf":{"@id":"https:\/\/filles-de-la-charite.org\/pl\/inauguracja-farmy-nadziei-siostry-lindalva-justo-de-oliveira\/"},"author":{"name":"admin","@id":"https:\/\/filles-de-la-charite.org\/pl\/#\/schema\/person\/427567b2eccfc2dd7d206da186a1f438"},"headline":"Inauguracja \u201eFarmy Nadziei\u201d Siostry Lindalvy Justo de Oliveira","datePublished":"2022-04-30T20:00:00+00:00","dateModified":"2024-03-17T15:30:14+00:00","mainEntityOfPage":{"@id":"https:\/\/filles-de-la-charite.org\/pl\/inauguracja-farmy-nadziei-siostry-lindalva-justo-de-oliveira\/"},"wordCount":806,"publisher":{"@id":"https:\/\/filles-de-la-charite.org\/pl\/#organization"},"image":{"@id":"https:\/\/filles-de-la-charite.org\/pl\/inauguracja-farmy-nadziei-siostry-lindalva-justo-de-oliveira\/#primaryimage"},"thumbnailUrl":"https:\/\/filles-de-la-charite.org\/wp-content\/uploads\/2023\/06\/fotos-da-Inauguracao-da-fazenda-5-scaled-1.jpeg","articleSection":["Recife"],"inLanguage":"pl-PL"},{"@type":"WebPage","@id":"https:\/\/filles-de-la-charite.org\/pl\/inauguracja-farmy-nadziei-siostry-lindalva-justo-de-oliveira\/","url":"https:\/\/filles-de-la-charite.org\/pl\/inauguracja-farmy-nadziei-siostry-lindalva-justo-de-oliveira\/","name":"Inauguracja \u201eFarmy Nadziei\u201d Siostry Lindalvy Justo de Oliveira - Filles de la Charit\u00e9","isPartOf":{"@id":"https:\/\/filles-de-la-charite.org\/pl\/#website"},"primaryImageOfPage":{"@id":"https:\/\/filles-de-la-charite.org\/pl\/inauguracja-farmy-nadziei-siostry-lindalva-justo-de-oliveira\/#primaryimage"},"image":{"@id":"https:\/\/filles-de-la-charite.org\/pl\/inauguracja-farmy-nadziei-siostry-lindalva-justo-de-oliveira\/#primaryimage"},"thumbnailUrl":"https:\/\/filles-de-la-charite.org\/wp-content\/uploads\/2023\/06\/fotos-da-Inauguracao-da-fazenda-5-scaled-1.jpeg","datePublished":"2022-04-30T20:00:00+00:00","dateModified":"2024-03-17T15:30:14+00:00","breadcrumb":{"@id":"https:\/\/filles-de-la-charite.org\/pl\/inauguracja-farmy-nadziei-siostry-lindalva-justo-de-oliveira\/#breadcrumb"},"inLanguage":"pl-PL","potentialAction":[{"@type":"ReadAction","target":["https:\/\/filles-de-la-charite.org\/pl\/inauguracja-farmy-nadziei-siostry-lindalva-justo-de-oliveira\/"]}]},{"@type":"ImageObject","inLanguage":"pl-PL","@id":"https:\/\/filles-de-la-charite.org\/pl\/inauguracja-farmy-nadziei-siostry-lindalva-justo-de-oliveira\/#primaryimage","url":"https:\/\/filles-de-la-charite.org\/wp-content\/uploads\/2023\/06\/fotos-da-Inauguracao-da-fazenda-5-scaled-1.jpeg","contentUrl":"https:\/\/filles-de-la-charite.org\/wp-content\/uploads\/2023\/06\/fotos-da-Inauguracao-da-fazenda-5-scaled-1.jpeg","width":2560,"height":1440},{"@type":"BreadcrumbList","@id":"https:\/\/filles-de-la-charite.org\/pl\/inauguracja-farmy-nadziei-siostry-lindalva-justo-de-oliveira\/#breadcrumb","itemListElement":[{"@type":"ListItem","position":1,"name":"Recife","item":"https:\/\/filles-de-la-charite.org\/pl\/category\/recife-pl\/"},{"@type":"ListItem","position":2,"name":"Inauguracja \u201eFarmy Nadziei\u201d Siostry Lindalvy Justo de Oliveira"}]},{"@type":"WebSite","@id":"https:\/\/filles-de-la-charite.org\/pl\/#website","url":"https:\/\/filles-de-la-charite.org\/pl\/","name":"Hijas de la Caridad","description":"L\u2019amour de J\u00e9sus nous presse \u00e0 prendre soin des personnes les plus d\u00e9munies","publisher":{"@id":"https:\/\/filles-de-la-charite.org\/pl\/#organization"},"potentialAction":[{"@type":"SearchAction","target":{"@type":"EntryPoint","urlTemplate":"https:\/\/filles-de-la-charite.org\/pl\/?s={search_term_string}"},"query-input":{"@type":"PropertyValueSpecification","valueRequired":true,"valueName":"search_term_string"}}],"inLanguage":"pl-PL"},{"@type":"Organization","@id":"https:\/\/filles-de-la-charite.org\/pl\/#organization","name":"Hijas de la Caridad","url":"https:\/\/filles-de-la-charite.org\/pl\/","logo":{"@type":"ImageObject","inLanguage":"pl-PL","@id":"https:\/\/filles-de-la-charite.org\/pl\/#\/schema\/logo\/image\/","url":"https:\/\/filles-de-la-charite.org\/wp-content\/uploads\/2023\/03\/isotipo-Hijas-de-la-Caridad.png","contentUrl":"https:\/\/filles-de-la-charite.org\/wp-content\/uploads\/2023\/03\/isotipo-Hijas-de-la-Caridad.png","width":1417,"height":1417,"caption":"Hijas de la Caridad"},"image":{"@id":"https:\/\/filles-de-la-charite.org\/pl\/#\/schema\/logo\/image\/"}},{"@type":"Person","@id":"https:\/\/filles-de-la-charite.org\/pl\/#\/schema\/person\/427567b2eccfc2dd7d206da186a1f438","name":"admin","image":{"@type":"ImageObject","inLanguage":"pl-PL","@id":"https:\/\/secure.gravatar.com\/avatar\/948b492cce32b586ac2db0eaa926ee87024f7afe218d73b397ea5ddfc5f43ea1?s=96&d=mm&r=g","url":"https:\/\/secure.gravatar.com\/avatar\/948b492cce32b586ac2db0eaa926ee87024f7afe218d73b397ea5ddfc5f43ea1?s=96&d=mm&r=g","contentUrl":"https:\/\/secure.gravatar.com\/avatar\/948b492cce32b586ac2db0eaa926ee87024f7afe218d73b397ea5ddfc5f43ea1?s=96&d=mm&r=g","caption":"admin"},"sameAs":["https:\/\/filles-de-la-charite.org"],"url":"https:\/\/filles-de-la-charite.org\/pl\/author\/caridad\/"}]}},"_links":{"self":[{"href":"https:\/\/filles-de-la-charite.org\/pl\/wp-json\/wp\/v2\/posts\/24513","targetHints":{"allow":["GET"]}}],"collection":[{"href":"https:\/\/filles-de-la-charite.org\/pl\/wp-json\/wp\/v2\/posts"}],"about":[{"href":"https:\/\/filles-de-la-charite.org\/pl\/wp-json\/wp\/v2\/types\/post"}],"author":[{"embeddable":true,"href":"https:\/\/filles-de-la-charite.org\/pl\/wp-json\/wp\/v2\/users\/1"}],"replies":[{"embeddable":true,"href":"https:\/\/filles-de-la-charite.org\/pl\/wp-json\/wp\/v2\/comments?post=24513"}],"version-history":[{"count":1,"href":"https:\/\/filles-de-la-charite.org\/pl\/wp-json\/wp\/v2\/posts\/24513\/revisions"}],"predecessor-version":[{"id":24514,"href":"https:\/\/filles-de-la-charite.org\/pl\/wp-json\/wp\/v2\/posts\/24513\/revisions\/24514"}],"wp:featuredmedia":[{"embeddable":true,"href":"https:\/\/filles-de-la-charite.org\/pl\/wp-json\/wp\/v2\/media\/16726"}],"wp:attachment":[{"href":"https:\/\/filles-de-la-charite.org\/pl\/wp-json\/wp\/v2\/media?parent=24513"}],"wp:term":[{"taxonomy":"category","embeddable":true,"href":"https:\/\/filles-de-la-charite.org\/pl\/wp-json\/wp\/v2\/categories?post=24513"},{"taxonomy":"post_tag","embeddable":true,"href":"https:\/\/filles-de-la-charite.org\/pl\/wp-json\/wp\/v2\/tags?post=24513"}],"curies":[{"name":"wp","href":"https:\/\/api.w.org\/{rel}","templated":true}]}}