{"id":24521,"date":"2022-05-31T22:00:00","date_gmt":"2022-05-31T20:00:00","guid":{"rendered":"https:\/\/hijascaridad.sjdigitaldemo.ovh\/znak-od-pana\/"},"modified":"2024-03-17T16:29:29","modified_gmt":"2024-03-17T15:29:29","slug":"znak-od-pana","status":"publish","type":"post","link":"https:\/\/filles-de-la-charite.org\/pl\/znak-od-pana\/","title":{"rendered":"Znak od Pana"},"content":{"rendered":"\n<p>Na pro\u015bb\u0119 Prefektury i we wsp\u00f3\u0142pracy z Czerwonym Krzy\u017cem, &#8222;Dzie\u0142o Berceau de Saint Vincent de Paul&#8221; 19 marca przyj\u0119\u0142a Ukrai\u0144c\u00f3w przesiedlonych w wyniku wojny. Ten odzew, kt\u00f3ry nast\u0105pi\u0142 w uroczysto\u015b\u0107 \u015bw. J\u00f3zefa, musia\u0142 by\u0107 znakiem od Pana. \u015aw. Wincenty w miejscu swojego urodzenia r\u00f3wnie\u017c musia\u0142 si\u0119 cieszy\u0107 z przybycia tych ludzi.<\/p>\n\n\n\n<div class=\"wp-block-image\"><figure class=\"alignleft size-full\"><img decoding=\"async\" src=\"https:\/\/filles-de-la-charite.org\/wp-content\/uploads\/2023\/06\/Berceau-3F.jpg\" alt=\"\" class=\"wp-image-70505\" \/><\/figure><\/div>\n\n\n\n<p>Czerwony Krzy\u017c ci\u0119\u017cko pracuje, aby zorganizowa\u0107, przyj\u0105\u0107 i towarzyszy\u0107 tym rodzinom. Wolontariusze s\u0142u\u017c\u0105 pomoc\u0105 w recepcji: sprz\u0105taj\u0105, przygotowuj\u0105 pokoje, nadzoruj\u0105 k\u0105cik zabaw, gotuj\u0105&#8230; Jeden z nich powiedzia\u0142 nam, \u017ce jest szcz\u0119\u015bliwy, robi\u0105c to, co lubi! Inny powiedzia\u0142, \u017ce oddanie si\u0119 na s\u0142u\u017cb\u0119 innym rozpala serce! Rzeczywi\u015bcie, ci, kt\u00f3rzy znajduj\u0105 si\u0119 w sytuacji ub\u00f3stwa, ewangelizuj\u0105 nas!<\/p>\n\n\n\n<p>W oczekiwaniu na te rodziny przygotowali\u015bmy miejsce medytacji z ikonami i r\u0119cznikami haftowanymi w stylu ukrai\u0144skim.<\/p>\n\n\n\n<p>Pierwsza przyby\u0142a grupa liczy\u0142a oko\u0142o pi\u0119\u0107dziesi\u0119ciu os\u00f3b, w tym dwadzie\u015bcioro dzieci. Kilka dni wcze\u015bniej pewna firma przys\u0142a\u0142a du\u017ce ilo\u015bci czekoladek; by\u0142o to wielk\u0105 rado\u015bci\u0105 dla rodzin, gdy po przybyciu do przygotowanych pokoi znalaz\u0142y w nich czekoladki. Dla nas jest to znak, \u017ce Opatrzno\u015b\u0107 zach\u0119ca nas do udzielania go\u015bciny.<\/p>\n\n\n\n<p>Od tego czasu przyby\u0142a kolejna grupa. Obecnie dajemy schronienie 84 osobom, w tym 38 dzieciom. Mimo bariery j\u0119zykowej udaje nam si\u0119 porozumiewa\u0107 i nawi\u0105zywa\u0107 relacje. Jeste\u015bmy \u015bwiadkami ogromnej hojno\u015bci, jak\u0105 wzbudzaj\u0105 ci przybysze. Wiele os\u00f3b oferuje si\u0119 przynie\u015b\u0107 dary (zabawki dla dzieci, ubrania, \u015brodki higieniczne itp.) a tak\u017ce chce zosta\u0107 wolontariuszami. Zachwycamy si\u0119 u\u015bmiechem dzieci i matek. &#8222;Niech B\u00f3g b\u0119dzie uwielbiony&#8221;, jak powiedzia\u0142by \u015bw. Wincenty!<\/p>\n\n\n\n<p>Nawi\u0105zuje si\u0119 r\u00f3wnie\u017c wsp\u00f3\u0142praca z kompleksem szkolnym Wincentego a Paulo: uczniowie z sekcji fryzjerskiej b\u0119d\u0105 strzyc ch\u0119tnych, uczniowie z internatu b\u0119d\u0105 przychodzi\u0107 i bawi\u0107 si\u0119 z m\u0142odzie\u017c\u0105 i niemowl\u0119tami, inni uczniowie przynios\u0105 stare rowery lub hulajnogi. Na zaj\u0119ciach b\u0119dzie&nbsp; mile widziana okre\u015blona liczba ukrai\u0144skich dzieci.<\/p>\n\n\n\n<div class=\"wp-block-image\"><figure class=\"aligncenter size-large\"><img decoding=\"async\" src=\"https:\/\/filles-de-la-charite.org\/wp-content\/uploads\/2023\/06\/Berceau-2F-1024x473-1.jpg\" alt=\"\" class=\"wp-image-70498\" \/><\/figure><\/div>\n","protected":false},"excerpt":{"rendered":"<p>Na pro\u015bb\u0119 Prefektury i we wsp\u00f3\u0142pracy z Czerwonym Krzy\u017cem, &#8222;Dzie\u0142o Berceau de Saint Vincent de Paul&#8221; 19 marca przyj\u0119\u0142a Ukrai\u0144c\u00f3w przesiedlonych w wyniku wojny. Ten odzew, kt\u00f3ry nast\u0105pi\u0142 w uroczysto\u015b\u0107 \u015bw. J\u00f3zefa, musia\u0142 by\u0107 znakiem od Pana. \u015aw. Wincenty w miejscu swojego urodzenia r\u00f3wnie\u017c musia\u0142 si\u0119 cieszy\u0107 z przybycia tych ludzi. Czerwony Krzy\u017c ci\u0119\u017cko pracuje, [&hellip;]<\/p>\n","protected":false},"author":1,"featured_media":16812,"comment_status":"closed","ping_status":"closed","sticky":false,"template":"","format":"standard","meta":{"_acf_changed":false,"_et_pb_use_builder":"","_et_pb_old_content":"","_et_gb_content_width":"","footnotes":"","_links_to":"","_links_to_target":""},"categories":[565],"tags":[],"class_list":["post-24521","post","type-post","status-publish","format-standard","has-post-thumbnail","hentry","category-belgia-francja-szwajcaria-pl"],"acf":[],"yoast_head":"<!-- This site is optimized with the Yoast SEO plugin v27.5 - https:\/\/yoast.com\/product\/yoast-seo-wordpress\/ -->\n<title>Znak od Pana - Filles de la Charit\u00e9<\/title>\n<meta name=\"robots\" content=\"index, follow, max-snippet:-1, max-image-preview:large, max-video-preview:-1\" \/>\n<link rel=\"canonical\" href=\"https:\/\/filles-de-la-charite.org\/pl\/znak-od-pana\/\" \/>\n<meta property=\"og:locale\" content=\"pl_PL\" \/>\n<meta property=\"og:type\" content=\"article\" \/>\n<meta property=\"og:title\" content=\"Znak od Pana - Filles de la Charit\u00e9\" \/>\n<meta property=\"og:description\" content=\"Na pro\u015bb\u0119 Prefektury i we wsp\u00f3\u0142pracy z Czerwonym Krzy\u017cem, &#8222;Dzie\u0142o Berceau de Saint Vincent de Paul&#8221; 19 marca przyj\u0119\u0142a Ukrai\u0144c\u00f3w przesiedlonych w wyniku wojny. Ten odzew, kt\u00f3ry nast\u0105pi\u0142 w uroczysto\u015b\u0107 \u015bw. J\u00f3zefa, musia\u0142 by\u0107 znakiem od Pana. \u015aw. Wincenty w miejscu swojego urodzenia r\u00f3wnie\u017c musia\u0142 si\u0119 cieszy\u0107 z przybycia tych ludzi. Czerwony Krzy\u017c ci\u0119\u017cko pracuje, [&hellip;]\" \/>\n<meta property=\"og:url\" content=\"https:\/\/filles-de-la-charite.org\/pl\/znak-od-pana\/\" \/>\n<meta property=\"og:site_name\" content=\"Filles de la Charit\u00e9\" \/>\n<meta property=\"article:published_time\" content=\"2022-05-31T20:00:00+00:00\" \/>\n<meta property=\"article:modified_time\" content=\"2024-03-17T15:29:29+00:00\" \/>\n<meta property=\"og:image\" content=\"https:\/\/filles-de-la-charite.org\/wp-content\/uploads\/2023\/06\/Berceau-1F.jpg\" \/>\n\t<meta property=\"og:image:width\" content=\"1025\" \/>\n\t<meta property=\"og:image:height\" content=\"473\" \/>\n\t<meta property=\"og:image:type\" content=\"image\/jpeg\" \/>\n<meta name=\"author\" content=\"admin\" \/>\n<meta name=\"twitter:card\" content=\"summary_large_image\" \/>\n<meta name=\"twitter:label1\" content=\"Napisane przez\" \/>\n\t<meta name=\"twitter:data1\" content=\"admin\" \/>\n\t<meta name=\"twitter:label2\" content=\"Szacowany czas czytania\" \/>\n\t<meta name=\"twitter:data2\" content=\"2 minuty\" \/>\n<script type=\"application\/ld+json\" class=\"yoast-schema-graph\">{\"@context\":\"https:\\\/\\\/schema.org\",\"@graph\":[{\"@type\":\"Article\",\"@id\":\"https:\\\/\\\/filles-de-la-charite.org\\\/pl\\\/znak-od-pana\\\/#article\",\"isPartOf\":{\"@id\":\"https:\\\/\\\/filles-de-la-charite.org\\\/pl\\\/znak-od-pana\\\/\"},\"author\":{\"name\":\"admin\",\"@id\":\"https:\\\/\\\/filles-de-la-charite.org\\\/pl\\\/#\\\/schema\\\/person\\\/427567b2eccfc2dd7d206da186a1f438\"},\"headline\":\"Znak od Pana\",\"datePublished\":\"2022-05-31T20:00:00+00:00\",\"dateModified\":\"2024-03-17T15:29:29+00:00\",\"mainEntityOfPage\":{\"@id\":\"https:\\\/\\\/filles-de-la-charite.org\\\/pl\\\/znak-od-pana\\\/\"},\"wordCount\":346,\"publisher\":{\"@id\":\"https:\\\/\\\/filles-de-la-charite.org\\\/pl\\\/#organization\"},\"image\":{\"@id\":\"https:\\\/\\\/filles-de-la-charite.org\\\/pl\\\/znak-od-pana\\\/#primaryimage\"},\"thumbnailUrl\":\"https:\\\/\\\/filles-de-la-charite.org\\\/wp-content\\\/uploads\\\/2023\\\/06\\\/Berceau-1F.jpg\",\"articleSection\":[\"Belgia-Francja-Szwajcaria\"],\"inLanguage\":\"pl-PL\"},{\"@type\":\"WebPage\",\"@id\":\"https:\\\/\\\/filles-de-la-charite.org\\\/pl\\\/znak-od-pana\\\/\",\"url\":\"https:\\\/\\\/filles-de-la-charite.org\\\/pl\\\/znak-od-pana\\\/\",\"name\":\"Znak od Pana - Filles de la Charit\u00e9\",\"isPartOf\":{\"@id\":\"https:\\\/\\\/filles-de-la-charite.org\\\/pl\\\/#website\"},\"primaryImageOfPage\":{\"@id\":\"https:\\\/\\\/filles-de-la-charite.org\\\/pl\\\/znak-od-pana\\\/#primaryimage\"},\"image\":{\"@id\":\"https:\\\/\\\/filles-de-la-charite.org\\\/pl\\\/znak-od-pana\\\/#primaryimage\"},\"thumbnailUrl\":\"https:\\\/\\\/filles-de-la-charite.org\\\/wp-content\\\/uploads\\\/2023\\\/06\\\/Berceau-1F.jpg\",\"datePublished\":\"2022-05-31T20:00:00+00:00\",\"dateModified\":\"2024-03-17T15:29:29+00:00\",\"breadcrumb\":{\"@id\":\"https:\\\/\\\/filles-de-la-charite.org\\\/pl\\\/znak-od-pana\\\/#breadcrumb\"},\"inLanguage\":\"pl-PL\",\"potentialAction\":[{\"@type\":\"ReadAction\",\"target\":[\"https:\\\/\\\/filles-de-la-charite.org\\\/pl\\\/znak-od-pana\\\/\"]}]},{\"@type\":\"ImageObject\",\"inLanguage\":\"pl-PL\",\"@id\":\"https:\\\/\\\/filles-de-la-charite.org\\\/pl\\\/znak-od-pana\\\/#primaryimage\",\"url\":\"https:\\\/\\\/filles-de-la-charite.org\\\/wp-content\\\/uploads\\\/2023\\\/06\\\/Berceau-1F.jpg\",\"contentUrl\":\"https:\\\/\\\/filles-de-la-charite.org\\\/wp-content\\\/uploads\\\/2023\\\/06\\\/Berceau-1F.jpg\",\"width\":1025,\"height\":473},{\"@type\":\"BreadcrumbList\",\"@id\":\"https:\\\/\\\/filles-de-la-charite.org\\\/pl\\\/znak-od-pana\\\/#breadcrumb\",\"itemListElement\":[{\"@type\":\"ListItem\",\"position\":1,\"name\":\"Belgia-Francja-Szwajcaria\",\"item\":\"https:\\\/\\\/filles-de-la-charite.org\\\/pl\\\/category\\\/belgia-francja-szwajcaria-pl\\\/\"},{\"@type\":\"ListItem\",\"position\":2,\"name\":\"Znak od Pana\"}]},{\"@type\":\"WebSite\",\"@id\":\"https:\\\/\\\/filles-de-la-charite.org\\\/pl\\\/#website\",\"url\":\"https:\\\/\\\/filles-de-la-charite.org\\\/pl\\\/\",\"name\":\"Hijas de la Caridad\",\"description\":\"L\u2019amour de J\u00e9sus nous presse \u00e0 prendre soin des personnes les plus d\u00e9munies\",\"publisher\":{\"@id\":\"https:\\\/\\\/filles-de-la-charite.org\\\/pl\\\/#organization\"},\"potentialAction\":[{\"@type\":\"SearchAction\",\"target\":{\"@type\":\"EntryPoint\",\"urlTemplate\":\"https:\\\/\\\/filles-de-la-charite.org\\\/pl\\\/?s={search_term_string}\"},\"query-input\":{\"@type\":\"PropertyValueSpecification\",\"valueRequired\":true,\"valueName\":\"search_term_string\"}}],\"inLanguage\":\"pl-PL\"},{\"@type\":\"Organization\",\"@id\":\"https:\\\/\\\/filles-de-la-charite.org\\\/pl\\\/#organization\",\"name\":\"Hijas de la Caridad\",\"url\":\"https:\\\/\\\/filles-de-la-charite.org\\\/pl\\\/\",\"logo\":{\"@type\":\"ImageObject\",\"inLanguage\":\"pl-PL\",\"@id\":\"https:\\\/\\\/filles-de-la-charite.org\\\/pl\\\/#\\\/schema\\\/logo\\\/image\\\/\",\"url\":\"https:\\\/\\\/filles-de-la-charite.org\\\/wp-content\\\/uploads\\\/2023\\\/03\\\/isotipo-Hijas-de-la-Caridad.png\",\"contentUrl\":\"https:\\\/\\\/filles-de-la-charite.org\\\/wp-content\\\/uploads\\\/2023\\\/03\\\/isotipo-Hijas-de-la-Caridad.png\",\"width\":1417,\"height\":1417,\"caption\":\"Hijas de la Caridad\"},\"image\":{\"@id\":\"https:\\\/\\\/filles-de-la-charite.org\\\/pl\\\/#\\\/schema\\\/logo\\\/image\\\/\"}},{\"@type\":\"Person\",\"@id\":\"https:\\\/\\\/filles-de-la-charite.org\\\/pl\\\/#\\\/schema\\\/person\\\/427567b2eccfc2dd7d206da186a1f438\",\"name\":\"admin\",\"image\":{\"@type\":\"ImageObject\",\"inLanguage\":\"pl-PL\",\"@id\":\"https:\\\/\\\/secure.gravatar.com\\\/avatar\\\/948b492cce32b586ac2db0eaa926ee87024f7afe218d73b397ea5ddfc5f43ea1?s=96&d=mm&r=g\",\"url\":\"https:\\\/\\\/secure.gravatar.com\\\/avatar\\\/948b492cce32b586ac2db0eaa926ee87024f7afe218d73b397ea5ddfc5f43ea1?s=96&d=mm&r=g\",\"contentUrl\":\"https:\\\/\\\/secure.gravatar.com\\\/avatar\\\/948b492cce32b586ac2db0eaa926ee87024f7afe218d73b397ea5ddfc5f43ea1?s=96&d=mm&r=g\",\"caption\":\"admin\"},\"sameAs\":[\"https:\\\/\\\/filles-de-la-charite.org\"],\"url\":\"https:\\\/\\\/filles-de-la-charite.org\\\/pl\\\/author\\\/caridad\\\/\"}]}<\/script>\n<!-- \/ Yoast SEO plugin. -->","yoast_head_json":{"title":"Znak od Pana - Filles de la Charit\u00e9","robots":{"index":"index","follow":"follow","max-snippet":"max-snippet:-1","max-image-preview":"max-image-preview:large","max-video-preview":"max-video-preview:-1"},"canonical":"https:\/\/filles-de-la-charite.org\/pl\/znak-od-pana\/","og_locale":"pl_PL","og_type":"article","og_title":"Znak od Pana - Filles de la Charit\u00e9","og_description":"Na pro\u015bb\u0119 Prefektury i we wsp\u00f3\u0142pracy z Czerwonym Krzy\u017cem, &#8222;Dzie\u0142o Berceau de Saint Vincent de Paul&#8221; 19 marca przyj\u0119\u0142a Ukrai\u0144c\u00f3w przesiedlonych w wyniku wojny. Ten odzew, kt\u00f3ry nast\u0105pi\u0142 w uroczysto\u015b\u0107 \u015bw. J\u00f3zefa, musia\u0142 by\u0107 znakiem od Pana. \u015aw. Wincenty w miejscu swojego urodzenia r\u00f3wnie\u017c musia\u0142 si\u0119 cieszy\u0107 z przybycia tych ludzi. Czerwony Krzy\u017c ci\u0119\u017cko pracuje, [&hellip;]","og_url":"https:\/\/filles-de-la-charite.org\/pl\/znak-od-pana\/","og_site_name":"Filles de la Charit\u00e9","article_published_time":"2022-05-31T20:00:00+00:00","article_modified_time":"2024-03-17T15:29:29+00:00","og_image":[{"width":1025,"height":473,"url":"https:\/\/filles-de-la-charite.org\/wp-content\/uploads\/2023\/06\/Berceau-1F.jpg","type":"image\/jpeg"}],"author":"admin","twitter_card":"summary_large_image","twitter_misc":{"Napisane przez":"admin","Szacowany czas czytania":"2 minuty"},"schema":{"@context":"https:\/\/schema.org","@graph":[{"@type":"Article","@id":"https:\/\/filles-de-la-charite.org\/pl\/znak-od-pana\/#article","isPartOf":{"@id":"https:\/\/filles-de-la-charite.org\/pl\/znak-od-pana\/"},"author":{"name":"admin","@id":"https:\/\/filles-de-la-charite.org\/pl\/#\/schema\/person\/427567b2eccfc2dd7d206da186a1f438"},"headline":"Znak od Pana","datePublished":"2022-05-31T20:00:00+00:00","dateModified":"2024-03-17T15:29:29+00:00","mainEntityOfPage":{"@id":"https:\/\/filles-de-la-charite.org\/pl\/znak-od-pana\/"},"wordCount":346,"publisher":{"@id":"https:\/\/filles-de-la-charite.org\/pl\/#organization"},"image":{"@id":"https:\/\/filles-de-la-charite.org\/pl\/znak-od-pana\/#primaryimage"},"thumbnailUrl":"https:\/\/filles-de-la-charite.org\/wp-content\/uploads\/2023\/06\/Berceau-1F.jpg","articleSection":["Belgia-Francja-Szwajcaria"],"inLanguage":"pl-PL"},{"@type":"WebPage","@id":"https:\/\/filles-de-la-charite.org\/pl\/znak-od-pana\/","url":"https:\/\/filles-de-la-charite.org\/pl\/znak-od-pana\/","name":"Znak od Pana - Filles de la Charit\u00e9","isPartOf":{"@id":"https:\/\/filles-de-la-charite.org\/pl\/#website"},"primaryImageOfPage":{"@id":"https:\/\/filles-de-la-charite.org\/pl\/znak-od-pana\/#primaryimage"},"image":{"@id":"https:\/\/filles-de-la-charite.org\/pl\/znak-od-pana\/#primaryimage"},"thumbnailUrl":"https:\/\/filles-de-la-charite.org\/wp-content\/uploads\/2023\/06\/Berceau-1F.jpg","datePublished":"2022-05-31T20:00:00+00:00","dateModified":"2024-03-17T15:29:29+00:00","breadcrumb":{"@id":"https:\/\/filles-de-la-charite.org\/pl\/znak-od-pana\/#breadcrumb"},"inLanguage":"pl-PL","potentialAction":[{"@type":"ReadAction","target":["https:\/\/filles-de-la-charite.org\/pl\/znak-od-pana\/"]}]},{"@type":"ImageObject","inLanguage":"pl-PL","@id":"https:\/\/filles-de-la-charite.org\/pl\/znak-od-pana\/#primaryimage","url":"https:\/\/filles-de-la-charite.org\/wp-content\/uploads\/2023\/06\/Berceau-1F.jpg","contentUrl":"https:\/\/filles-de-la-charite.org\/wp-content\/uploads\/2023\/06\/Berceau-1F.jpg","width":1025,"height":473},{"@type":"BreadcrumbList","@id":"https:\/\/filles-de-la-charite.org\/pl\/znak-od-pana\/#breadcrumb","itemListElement":[{"@type":"ListItem","position":1,"name":"Belgia-Francja-Szwajcaria","item":"https:\/\/filles-de-la-charite.org\/pl\/category\/belgia-francja-szwajcaria-pl\/"},{"@type":"ListItem","position":2,"name":"Znak od Pana"}]},{"@type":"WebSite","@id":"https:\/\/filles-de-la-charite.org\/pl\/#website","url":"https:\/\/filles-de-la-charite.org\/pl\/","name":"Hijas de la Caridad","description":"L\u2019amour de J\u00e9sus nous presse \u00e0 prendre soin des personnes les plus d\u00e9munies","publisher":{"@id":"https:\/\/filles-de-la-charite.org\/pl\/#organization"},"potentialAction":[{"@type":"SearchAction","target":{"@type":"EntryPoint","urlTemplate":"https:\/\/filles-de-la-charite.org\/pl\/?s={search_term_string}"},"query-input":{"@type":"PropertyValueSpecification","valueRequired":true,"valueName":"search_term_string"}}],"inLanguage":"pl-PL"},{"@type":"Organization","@id":"https:\/\/filles-de-la-charite.org\/pl\/#organization","name":"Hijas de la Caridad","url":"https:\/\/filles-de-la-charite.org\/pl\/","logo":{"@type":"ImageObject","inLanguage":"pl-PL","@id":"https:\/\/filles-de-la-charite.org\/pl\/#\/schema\/logo\/image\/","url":"https:\/\/filles-de-la-charite.org\/wp-content\/uploads\/2023\/03\/isotipo-Hijas-de-la-Caridad.png","contentUrl":"https:\/\/filles-de-la-charite.org\/wp-content\/uploads\/2023\/03\/isotipo-Hijas-de-la-Caridad.png","width":1417,"height":1417,"caption":"Hijas de la Caridad"},"image":{"@id":"https:\/\/filles-de-la-charite.org\/pl\/#\/schema\/logo\/image\/"}},{"@type":"Person","@id":"https:\/\/filles-de-la-charite.org\/pl\/#\/schema\/person\/427567b2eccfc2dd7d206da186a1f438","name":"admin","image":{"@type":"ImageObject","inLanguage":"pl-PL","@id":"https:\/\/secure.gravatar.com\/avatar\/948b492cce32b586ac2db0eaa926ee87024f7afe218d73b397ea5ddfc5f43ea1?s=96&d=mm&r=g","url":"https:\/\/secure.gravatar.com\/avatar\/948b492cce32b586ac2db0eaa926ee87024f7afe218d73b397ea5ddfc5f43ea1?s=96&d=mm&r=g","contentUrl":"https:\/\/secure.gravatar.com\/avatar\/948b492cce32b586ac2db0eaa926ee87024f7afe218d73b397ea5ddfc5f43ea1?s=96&d=mm&r=g","caption":"admin"},"sameAs":["https:\/\/filles-de-la-charite.org"],"url":"https:\/\/filles-de-la-charite.org\/pl\/author\/caridad\/"}]}},"_links":{"self":[{"href":"https:\/\/filles-de-la-charite.org\/pl\/wp-json\/wp\/v2\/posts\/24521","targetHints":{"allow":["GET"]}}],"collection":[{"href":"https:\/\/filles-de-la-charite.org\/pl\/wp-json\/wp\/v2\/posts"}],"about":[{"href":"https:\/\/filles-de-la-charite.org\/pl\/wp-json\/wp\/v2\/types\/post"}],"author":[{"embeddable":true,"href":"https:\/\/filles-de-la-charite.org\/pl\/wp-json\/wp\/v2\/users\/1"}],"replies":[{"embeddable":true,"href":"https:\/\/filles-de-la-charite.org\/pl\/wp-json\/wp\/v2\/comments?post=24521"}],"version-history":[{"count":1,"href":"https:\/\/filles-de-la-charite.org\/pl\/wp-json\/wp\/v2\/posts\/24521\/revisions"}],"predecessor-version":[{"id":24522,"href":"https:\/\/filles-de-la-charite.org\/pl\/wp-json\/wp\/v2\/posts\/24521\/revisions\/24522"}],"wp:featuredmedia":[{"embeddable":true,"href":"https:\/\/filles-de-la-charite.org\/pl\/wp-json\/wp\/v2\/media\/16812"}],"wp:attachment":[{"href":"https:\/\/filles-de-la-charite.org\/pl\/wp-json\/wp\/v2\/media?parent=24521"}],"wp:term":[{"taxonomy":"category","embeddable":true,"href":"https:\/\/filles-de-la-charite.org\/pl\/wp-json\/wp\/v2\/categories?post=24521"},{"taxonomy":"post_tag","embeddable":true,"href":"https:\/\/filles-de-la-charite.org\/pl\/wp-json\/wp\/v2\/tags?post=24521"}],"curies":[{"name":"wp","href":"https:\/\/api.w.org\/{rel}","templated":true}]}}