{"id":24530,"date":"2022-07-24T14:55:00","date_gmt":"2022-07-24T12:55:00","guid":{"rendered":"https:\/\/hijascaridad.sjdigitaldemo.ovh\/zmarla-siostra-juana-elizondo\/"},"modified":"2024-03-17T16:28:40","modified_gmt":"2024-03-17T15:28:40","slug":"zmarla-siostra-juana-elizondo","status":"publish","type":"post","link":"https:\/\/filles-de-la-charite.org\/pl\/zmarla-siostra-juana-elizondo\/","title":{"rendered":"Zmar\u0142a Siostra Juana Elizondo"},"content":{"rendered":"\n<p>Dowiedzia\u0142y\u015bmy si\u0119, \u017ce w niedziel\u0119 24 lipca 2022 roku, w mie\u015bcie San Sebastian, zmar\u0142a Siostra Juana ELIZONDO, prze\u017cywszy 96 lat, 71 lat powo\u0142ania.<\/p>\n\n\n\n<p>Dzi\u0119kujemy Bogu za jej pi\u0119kne \u017cycie, za jej bezgraniczne oddanie si\u0119 Chrystusowi i za niestrudzone po\u015bwi\u0119cenie si\u0119 s\u0142u\u017cbie Zgromadzeniu, w spos\u00f3b szczeg\u00f3lny pe\u0142ni\u0105c misj\u0119 Prze\u0142o\u017conej Generalnej w ci\u0105gu 12 lat.<\/p>\n\n\n\n<p>Modlimy si\u0119 za ni\u0105, za jej rodzin\u0119, za ubogich, kt\u00f3rym pos\u0142ugiwa\u0142a z mi\u0142o\u015bci\u0105 oraz za Siostry, kt\u00f3re zna\u0142a i kt\u00f3rym towarzyszy\u0142a, w szczeg\u00f3lno\u015bci w Prowincji Espa\u00f1a-Norte.<\/p>\n\n\n\n<p>Obrz\u0119dy pogrzebowe odb\u0119d\u0105 si\u0119 we wtorek 26 lipca. Prosimy o trwanie w \u0142\u0105czno\u015bci poprzez modlitw\u0119 i ofiarowanie Mszy \u015bwi\u0119tej w jej intencji.<\/p>\n\n\n\n<p>Niech B\u00f3g przyjmie j\u0105 do swego pokoju i rado\u015bci!<\/p>\n\n\n\n<div class=\"wp-block-responsive-lightbox-gallery\"><\/div>\n","protected":false},"excerpt":{"rendered":"<p>Dowiedzia\u0142y\u015bmy si\u0119, \u017ce w niedziel\u0119 24 lipca 2022 roku, w mie\u015bcie San Sebastian, zmar\u0142a Siostra Juana ELIZONDO, prze\u017cywszy 96 lat, 71 lat powo\u0142ania. Dzi\u0119kujemy Bogu za jej pi\u0119kne \u017cycie, za jej bezgraniczne oddanie si\u0119 Chrystusowi i za niestrudzone po\u015bwi\u0119cenie si\u0119 s\u0142u\u017cbie Zgromadzeniu, w spos\u00f3b szczeg\u00f3lny pe\u0142ni\u0105c misj\u0119 Prze\u0142o\u017conej Generalnej w ci\u0105gu 12 lat. Modlimy si\u0119 [&hellip;]<\/p>\n","protected":false},"author":1,"featured_media":24531,"comment_status":"closed","ping_status":"closed","sticky":false,"template":"","format":"standard","meta":{"_acf_changed":false,"footnotes":"","_links_to":"","_links_to_target":""},"categories":[801],"tags":[],"class_list":["post-24530","post","type-post","status-publish","format-standard","has-post-thumbnail","hentry","category-espana-norte-pl"],"acf":[],"yoast_head":"<!-- This site is optimized with the Yoast SEO plugin v27.5 - https:\/\/yoast.com\/product\/yoast-seo-wordpress\/ -->\n<title>Zmar\u0142a Siostra Juana Elizondo - Filles de la Charit\u00e9<\/title>\n<meta name=\"robots\" content=\"index, follow, max-snippet:-1, max-image-preview:large, max-video-preview:-1\" \/>\n<link rel=\"canonical\" href=\"https:\/\/filles-de-la-charite.org\/pl\/zmarla-siostra-juana-elizondo\/\" \/>\n<meta property=\"og:locale\" content=\"pl_PL\" \/>\n<meta property=\"og:type\" content=\"article\" \/>\n<meta property=\"og:title\" content=\"Zmar\u0142a Siostra Juana Elizondo - Filles de la Charit\u00e9\" \/>\n<meta property=\"og:description\" content=\"Dowiedzia\u0142y\u015bmy si\u0119, \u017ce w niedziel\u0119 24 lipca 2022 roku, w mie\u015bcie San Sebastian, zmar\u0142a Siostra Juana ELIZONDO, prze\u017cywszy 96 lat, 71 lat powo\u0142ania. Dzi\u0119kujemy Bogu za jej pi\u0119kne \u017cycie, za jej bezgraniczne oddanie si\u0119 Chrystusowi i za niestrudzone po\u015bwi\u0119cenie si\u0119 s\u0142u\u017cbie Zgromadzeniu, w spos\u00f3b szczeg\u00f3lny pe\u0142ni\u0105c misj\u0119 Prze\u0142o\u017conej Generalnej w ci\u0105gu 12 lat. Modlimy si\u0119 [&hellip;]\" \/>\n<meta property=\"og:url\" content=\"https:\/\/filles-de-la-charite.org\/pl\/zmarla-siostra-juana-elizondo\/\" \/>\n<meta property=\"og:site_name\" content=\"Filles de la Charit\u00e9\" \/>\n<meta property=\"article:published_time\" content=\"2022-07-24T12:55:00+00:00\" \/>\n<meta property=\"article:modified_time\" content=\"2024-03-17T15:28:40+00:00\" \/>\n<meta property=\"og:image\" content=\"https:\/\/filles-de-la-charite.org\/wp-content\/uploads\/2023\/06\/Diapositiva4-scaled-2.jpg\" \/>\n\t<meta property=\"og:image:width\" content=\"2560\" \/>\n\t<meta property=\"og:image:height\" content=\"1440\" \/>\n\t<meta property=\"og:image:type\" content=\"image\/jpeg\" \/>\n<meta name=\"author\" content=\"admin\" \/>\n<meta name=\"twitter:card\" content=\"summary_large_image\" \/>\n<meta name=\"twitter:label1\" content=\"Napisane przez\" \/>\n\t<meta name=\"twitter:data1\" content=\"admin\" \/>\n\t<meta name=\"twitter:label2\" content=\"Szacowany czas czytania\" \/>\n\t<meta name=\"twitter:data2\" content=\"1 minuta\" \/>\n<script type=\"application\/ld+json\" class=\"yoast-schema-graph\">{\"@context\":\"https:\\\/\\\/schema.org\",\"@graph\":[{\"@type\":\"Article\",\"@id\":\"https:\\\/\\\/filles-de-la-charite.org\\\/pl\\\/zmarla-siostra-juana-elizondo\\\/#article\",\"isPartOf\":{\"@id\":\"https:\\\/\\\/filles-de-la-charite.org\\\/pl\\\/zmarla-siostra-juana-elizondo\\\/\"},\"author\":{\"name\":\"admin\",\"@id\":\"https:\\\/\\\/filles-de-la-charite.org\\\/pl\\\/#\\\/schema\\\/person\\\/427567b2eccfc2dd7d206da186a1f438\"},\"headline\":\"Zmar\u0142a Siostra Juana Elizondo\",\"datePublished\":\"2022-07-24T12:55:00+00:00\",\"dateModified\":\"2024-03-17T15:28:40+00:00\",\"mainEntityOfPage\":{\"@id\":\"https:\\\/\\\/filles-de-la-charite.org\\\/pl\\\/zmarla-siostra-juana-elizondo\\\/\"},\"wordCount\":149,\"publisher\":{\"@id\":\"https:\\\/\\\/filles-de-la-charite.org\\\/pl\\\/#organization\"},\"image\":{\"@id\":\"https:\\\/\\\/filles-de-la-charite.org\\\/pl\\\/zmarla-siostra-juana-elizondo\\\/#primaryimage\"},\"thumbnailUrl\":\"https:\\\/\\\/filles-de-la-charite.org\\\/wp-content\\\/uploads\\\/2023\\\/06\\\/Diapositiva4-scaled-2.jpg\",\"articleSection\":[\"Espa\u00f1a-Norte\"],\"inLanguage\":\"pl-PL\"},{\"@type\":\"WebPage\",\"@id\":\"https:\\\/\\\/filles-de-la-charite.org\\\/pl\\\/zmarla-siostra-juana-elizondo\\\/\",\"url\":\"https:\\\/\\\/filles-de-la-charite.org\\\/pl\\\/zmarla-siostra-juana-elizondo\\\/\",\"name\":\"Zmar\u0142a Siostra Juana Elizondo - Filles de la Charit\u00e9\",\"isPartOf\":{\"@id\":\"https:\\\/\\\/filles-de-la-charite.org\\\/pl\\\/#website\"},\"primaryImageOfPage\":{\"@id\":\"https:\\\/\\\/filles-de-la-charite.org\\\/pl\\\/zmarla-siostra-juana-elizondo\\\/#primaryimage\"},\"image\":{\"@id\":\"https:\\\/\\\/filles-de-la-charite.org\\\/pl\\\/zmarla-siostra-juana-elizondo\\\/#primaryimage\"},\"thumbnailUrl\":\"https:\\\/\\\/filles-de-la-charite.org\\\/wp-content\\\/uploads\\\/2023\\\/06\\\/Diapositiva4-scaled-2.jpg\",\"datePublished\":\"2022-07-24T12:55:00+00:00\",\"dateModified\":\"2024-03-17T15:28:40+00:00\",\"breadcrumb\":{\"@id\":\"https:\\\/\\\/filles-de-la-charite.org\\\/pl\\\/zmarla-siostra-juana-elizondo\\\/#breadcrumb\"},\"inLanguage\":\"pl-PL\",\"potentialAction\":[{\"@type\":\"ReadAction\",\"target\":[\"https:\\\/\\\/filles-de-la-charite.org\\\/pl\\\/zmarla-siostra-juana-elizondo\\\/\"]}]},{\"@type\":\"ImageObject\",\"inLanguage\":\"pl-PL\",\"@id\":\"https:\\\/\\\/filles-de-la-charite.org\\\/pl\\\/zmarla-siostra-juana-elizondo\\\/#primaryimage\",\"url\":\"https:\\\/\\\/filles-de-la-charite.org\\\/wp-content\\\/uploads\\\/2023\\\/06\\\/Diapositiva4-scaled-2.jpg\",\"contentUrl\":\"https:\\\/\\\/filles-de-la-charite.org\\\/wp-content\\\/uploads\\\/2023\\\/06\\\/Diapositiva4-scaled-2.jpg\",\"width\":2560,\"height\":1440},{\"@type\":\"BreadcrumbList\",\"@id\":\"https:\\\/\\\/filles-de-la-charite.org\\\/pl\\\/zmarla-siostra-juana-elizondo\\\/#breadcrumb\",\"itemListElement\":[{\"@type\":\"ListItem\",\"position\":1,\"name\":\"Espa\u00f1a-Norte\",\"item\":\"https:\\\/\\\/filles-de-la-charite.org\\\/pl\\\/category\\\/espana-norte-pl\\\/\"},{\"@type\":\"ListItem\",\"position\":2,\"name\":\"Zmar\u0142a Siostra Juana Elizondo\"}]},{\"@type\":\"WebSite\",\"@id\":\"https:\\\/\\\/filles-de-la-charite.org\\\/pl\\\/#website\",\"url\":\"https:\\\/\\\/filles-de-la-charite.org\\\/pl\\\/\",\"name\":\"Hijas de la Caridad\",\"description\":\"L\u2019amour de J\u00e9sus nous presse \u00e0 prendre soin des personnes les plus d\u00e9munies\",\"publisher\":{\"@id\":\"https:\\\/\\\/filles-de-la-charite.org\\\/pl\\\/#organization\"},\"potentialAction\":[{\"@type\":\"SearchAction\",\"target\":{\"@type\":\"EntryPoint\",\"urlTemplate\":\"https:\\\/\\\/filles-de-la-charite.org\\\/pl\\\/?s={search_term_string}\"},\"query-input\":{\"@type\":\"PropertyValueSpecification\",\"valueRequired\":true,\"valueName\":\"search_term_string\"}}],\"inLanguage\":\"pl-PL\"},{\"@type\":\"Organization\",\"@id\":\"https:\\\/\\\/filles-de-la-charite.org\\\/pl\\\/#organization\",\"name\":\"Hijas de la Caridad\",\"url\":\"https:\\\/\\\/filles-de-la-charite.org\\\/pl\\\/\",\"logo\":{\"@type\":\"ImageObject\",\"inLanguage\":\"pl-PL\",\"@id\":\"https:\\\/\\\/filles-de-la-charite.org\\\/pl\\\/#\\\/schema\\\/logo\\\/image\\\/\",\"url\":\"https:\\\/\\\/filles-de-la-charite.org\\\/wp-content\\\/uploads\\\/2023\\\/03\\\/isotipo-Hijas-de-la-Caridad.png\",\"contentUrl\":\"https:\\\/\\\/filles-de-la-charite.org\\\/wp-content\\\/uploads\\\/2023\\\/03\\\/isotipo-Hijas-de-la-Caridad.png\",\"width\":1417,\"height\":1417,\"caption\":\"Hijas de la Caridad\"},\"image\":{\"@id\":\"https:\\\/\\\/filles-de-la-charite.org\\\/pl\\\/#\\\/schema\\\/logo\\\/image\\\/\"}},{\"@type\":\"Person\",\"@id\":\"https:\\\/\\\/filles-de-la-charite.org\\\/pl\\\/#\\\/schema\\\/person\\\/427567b2eccfc2dd7d206da186a1f438\",\"name\":\"admin\",\"image\":{\"@type\":\"ImageObject\",\"inLanguage\":\"pl-PL\",\"@id\":\"https:\\\/\\\/secure.gravatar.com\\\/avatar\\\/948b492cce32b586ac2db0eaa926ee87024f7afe218d73b397ea5ddfc5f43ea1?s=96&d=mm&r=g\",\"url\":\"https:\\\/\\\/secure.gravatar.com\\\/avatar\\\/948b492cce32b586ac2db0eaa926ee87024f7afe218d73b397ea5ddfc5f43ea1?s=96&d=mm&r=g\",\"contentUrl\":\"https:\\\/\\\/secure.gravatar.com\\\/avatar\\\/948b492cce32b586ac2db0eaa926ee87024f7afe218d73b397ea5ddfc5f43ea1?s=96&d=mm&r=g\",\"caption\":\"admin\"},\"sameAs\":[\"https:\\\/\\\/filles-de-la-charite.org\"],\"url\":\"https:\\\/\\\/filles-de-la-charite.org\\\/pl\\\/author\\\/caridad\\\/\"}]}<\/script>\n<!-- \/ Yoast SEO plugin. -->","yoast_head_json":{"title":"Zmar\u0142a Siostra Juana Elizondo - Filles de la Charit\u00e9","robots":{"index":"index","follow":"follow","max-snippet":"max-snippet:-1","max-image-preview":"max-image-preview:large","max-video-preview":"max-video-preview:-1"},"canonical":"https:\/\/filles-de-la-charite.org\/pl\/zmarla-siostra-juana-elizondo\/","og_locale":"pl_PL","og_type":"article","og_title":"Zmar\u0142a Siostra Juana Elizondo - Filles de la Charit\u00e9","og_description":"Dowiedzia\u0142y\u015bmy si\u0119, \u017ce w niedziel\u0119 24 lipca 2022 roku, w mie\u015bcie San Sebastian, zmar\u0142a Siostra Juana ELIZONDO, prze\u017cywszy 96 lat, 71 lat powo\u0142ania. Dzi\u0119kujemy Bogu za jej pi\u0119kne \u017cycie, za jej bezgraniczne oddanie si\u0119 Chrystusowi i za niestrudzone po\u015bwi\u0119cenie si\u0119 s\u0142u\u017cbie Zgromadzeniu, w spos\u00f3b szczeg\u00f3lny pe\u0142ni\u0105c misj\u0119 Prze\u0142o\u017conej Generalnej w ci\u0105gu 12 lat. Modlimy si\u0119 [&hellip;]","og_url":"https:\/\/filles-de-la-charite.org\/pl\/zmarla-siostra-juana-elizondo\/","og_site_name":"Filles de la Charit\u00e9","article_published_time":"2022-07-24T12:55:00+00:00","article_modified_time":"2024-03-17T15:28:40+00:00","og_image":[{"width":2560,"height":1440,"url":"https:\/\/filles-de-la-charite.org\/wp-content\/uploads\/2023\/06\/Diapositiva4-scaled-2.jpg","type":"image\/jpeg"}],"author":"admin","twitter_card":"summary_large_image","twitter_misc":{"Napisane przez":"admin","Szacowany czas czytania":"1 minuta"},"schema":{"@context":"https:\/\/schema.org","@graph":[{"@type":"Article","@id":"https:\/\/filles-de-la-charite.org\/pl\/zmarla-siostra-juana-elizondo\/#article","isPartOf":{"@id":"https:\/\/filles-de-la-charite.org\/pl\/zmarla-siostra-juana-elizondo\/"},"author":{"name":"admin","@id":"https:\/\/filles-de-la-charite.org\/pl\/#\/schema\/person\/427567b2eccfc2dd7d206da186a1f438"},"headline":"Zmar\u0142a Siostra Juana Elizondo","datePublished":"2022-07-24T12:55:00+00:00","dateModified":"2024-03-17T15:28:40+00:00","mainEntityOfPage":{"@id":"https:\/\/filles-de-la-charite.org\/pl\/zmarla-siostra-juana-elizondo\/"},"wordCount":149,"publisher":{"@id":"https:\/\/filles-de-la-charite.org\/pl\/#organization"},"image":{"@id":"https:\/\/filles-de-la-charite.org\/pl\/zmarla-siostra-juana-elizondo\/#primaryimage"},"thumbnailUrl":"https:\/\/filles-de-la-charite.org\/wp-content\/uploads\/2023\/06\/Diapositiva4-scaled-2.jpg","articleSection":["Espa\u00f1a-Norte"],"inLanguage":"pl-PL"},{"@type":"WebPage","@id":"https:\/\/filles-de-la-charite.org\/pl\/zmarla-siostra-juana-elizondo\/","url":"https:\/\/filles-de-la-charite.org\/pl\/zmarla-siostra-juana-elizondo\/","name":"Zmar\u0142a Siostra Juana Elizondo - Filles de la Charit\u00e9","isPartOf":{"@id":"https:\/\/filles-de-la-charite.org\/pl\/#website"},"primaryImageOfPage":{"@id":"https:\/\/filles-de-la-charite.org\/pl\/zmarla-siostra-juana-elizondo\/#primaryimage"},"image":{"@id":"https:\/\/filles-de-la-charite.org\/pl\/zmarla-siostra-juana-elizondo\/#primaryimage"},"thumbnailUrl":"https:\/\/filles-de-la-charite.org\/wp-content\/uploads\/2023\/06\/Diapositiva4-scaled-2.jpg","datePublished":"2022-07-24T12:55:00+00:00","dateModified":"2024-03-17T15:28:40+00:00","breadcrumb":{"@id":"https:\/\/filles-de-la-charite.org\/pl\/zmarla-siostra-juana-elizondo\/#breadcrumb"},"inLanguage":"pl-PL","potentialAction":[{"@type":"ReadAction","target":["https:\/\/filles-de-la-charite.org\/pl\/zmarla-siostra-juana-elizondo\/"]}]},{"@type":"ImageObject","inLanguage":"pl-PL","@id":"https:\/\/filles-de-la-charite.org\/pl\/zmarla-siostra-juana-elizondo\/#primaryimage","url":"https:\/\/filles-de-la-charite.org\/wp-content\/uploads\/2023\/06\/Diapositiva4-scaled-2.jpg","contentUrl":"https:\/\/filles-de-la-charite.org\/wp-content\/uploads\/2023\/06\/Diapositiva4-scaled-2.jpg","width":2560,"height":1440},{"@type":"BreadcrumbList","@id":"https:\/\/filles-de-la-charite.org\/pl\/zmarla-siostra-juana-elizondo\/#breadcrumb","itemListElement":[{"@type":"ListItem","position":1,"name":"Espa\u00f1a-Norte","item":"https:\/\/filles-de-la-charite.org\/pl\/category\/espana-norte-pl\/"},{"@type":"ListItem","position":2,"name":"Zmar\u0142a Siostra Juana Elizondo"}]},{"@type":"WebSite","@id":"https:\/\/filles-de-la-charite.org\/pl\/#website","url":"https:\/\/filles-de-la-charite.org\/pl\/","name":"Hijas de la Caridad","description":"L\u2019amour de J\u00e9sus nous presse \u00e0 prendre soin des personnes les plus d\u00e9munies","publisher":{"@id":"https:\/\/filles-de-la-charite.org\/pl\/#organization"},"potentialAction":[{"@type":"SearchAction","target":{"@type":"EntryPoint","urlTemplate":"https:\/\/filles-de-la-charite.org\/pl\/?s={search_term_string}"},"query-input":{"@type":"PropertyValueSpecification","valueRequired":true,"valueName":"search_term_string"}}],"inLanguage":"pl-PL"},{"@type":"Organization","@id":"https:\/\/filles-de-la-charite.org\/pl\/#organization","name":"Hijas de la Caridad","url":"https:\/\/filles-de-la-charite.org\/pl\/","logo":{"@type":"ImageObject","inLanguage":"pl-PL","@id":"https:\/\/filles-de-la-charite.org\/pl\/#\/schema\/logo\/image\/","url":"https:\/\/filles-de-la-charite.org\/wp-content\/uploads\/2023\/03\/isotipo-Hijas-de-la-Caridad.png","contentUrl":"https:\/\/filles-de-la-charite.org\/wp-content\/uploads\/2023\/03\/isotipo-Hijas-de-la-Caridad.png","width":1417,"height":1417,"caption":"Hijas de la Caridad"},"image":{"@id":"https:\/\/filles-de-la-charite.org\/pl\/#\/schema\/logo\/image\/"}},{"@type":"Person","@id":"https:\/\/filles-de-la-charite.org\/pl\/#\/schema\/person\/427567b2eccfc2dd7d206da186a1f438","name":"admin","image":{"@type":"ImageObject","inLanguage":"pl-PL","@id":"https:\/\/secure.gravatar.com\/avatar\/948b492cce32b586ac2db0eaa926ee87024f7afe218d73b397ea5ddfc5f43ea1?s=96&d=mm&r=g","url":"https:\/\/secure.gravatar.com\/avatar\/948b492cce32b586ac2db0eaa926ee87024f7afe218d73b397ea5ddfc5f43ea1?s=96&d=mm&r=g","contentUrl":"https:\/\/secure.gravatar.com\/avatar\/948b492cce32b586ac2db0eaa926ee87024f7afe218d73b397ea5ddfc5f43ea1?s=96&d=mm&r=g","caption":"admin"},"sameAs":["https:\/\/filles-de-la-charite.org"],"url":"https:\/\/filles-de-la-charite.org\/pl\/author\/caridad\/"}]}},"_links":{"self":[{"href":"https:\/\/filles-de-la-charite.org\/pl\/wp-json\/wp\/v2\/posts\/24530","targetHints":{"allow":["GET"]}}],"collection":[{"href":"https:\/\/filles-de-la-charite.org\/pl\/wp-json\/wp\/v2\/posts"}],"about":[{"href":"https:\/\/filles-de-la-charite.org\/pl\/wp-json\/wp\/v2\/types\/post"}],"author":[{"embeddable":true,"href":"https:\/\/filles-de-la-charite.org\/pl\/wp-json\/wp\/v2\/users\/1"}],"replies":[{"embeddable":true,"href":"https:\/\/filles-de-la-charite.org\/pl\/wp-json\/wp\/v2\/comments?post=24530"}],"version-history":[{"count":1,"href":"https:\/\/filles-de-la-charite.org\/pl\/wp-json\/wp\/v2\/posts\/24530\/revisions"}],"predecessor-version":[{"id":34481,"href":"https:\/\/filles-de-la-charite.org\/pl\/wp-json\/wp\/v2\/posts\/24530\/revisions\/34481"}],"wp:featuredmedia":[{"embeddable":true,"href":"https:\/\/filles-de-la-charite.org\/pl\/wp-json\/wp\/v2\/media\/24531"}],"wp:attachment":[{"href":"https:\/\/filles-de-la-charite.org\/pl\/wp-json\/wp\/v2\/media?parent=24530"}],"wp:term":[{"taxonomy":"category","embeddable":true,"href":"https:\/\/filles-de-la-charite.org\/pl\/wp-json\/wp\/v2\/categories?post=24530"},{"taxonomy":"post_tag","embeddable":true,"href":"https:\/\/filles-de-la-charite.org\/pl\/wp-json\/wp\/v2\/tags?post=24530"}],"curies":[{"name":"wp","href":"https:\/\/api.w.org\/{rel}","templated":true}]}}