{"id":24538,"date":"2022-07-31T22:00:00","date_gmt":"2022-07-31T20:00:00","guid":{"rendered":"https:\/\/hijascaridad.sjdigitaldemo.ovh\/przypieczetowane-slubami\/"},"modified":"2024-03-17T16:27:23","modified_gmt":"2024-03-17T15:27:23","slug":"przypieczetowane-slubami","status":"publish","type":"post","link":"https:\/\/filles-de-la-charite.org\/pl\/przypieczetowane-slubami\/","title":{"rendered":"\u201ePrzypiecz\u0119towane\u201d \u015alubami"},"content":{"rendered":"\n<p>W Stanach Zjednoczonych w czerwcu bie\u017c\u0105cego roku, Siostry Mi\u0142osierdzia do 10 lat powo\u0142ania zebra\u0142y si\u0119 na sesji formacyjnej dotycz\u0105cej \u015alub\u00f3w \u015awi\u0119tych. Dziesi\u0119\u0107 Si\u00f3str z dw\u00f3ch prowincji zgromadzi\u0142o si\u0119 na tydzie\u0144 w Domu Prowincjalnym Prowincji Elizabeth Ann Seton w Los Altos Hills w Kalifornii. O. Patrick Griffin CM przyby\u0142, by wyg\u0142osi\u0107 konferencje do Si\u00f3str i zwr\u00f3ci\u0107 ich uwag\u0119 na to, \u017ce ich mi\u0142o\u015b\u0107 zosta\u0142a &#8222;przypiecz\u0119towana\u201d przez \u015aluby \u015awi\u0119te.<\/p>\n\n\n\n<div class=\"wp-block-image\"><figure class=\"aligncenter size-large\"><img decoding=\"async\" src=\"https:\/\/filles-de-la-charite.org\/wp-content\/uploads\/2023\/06\/2022-08-01-Sealed-photo-1-1024x673-1.jpeg\" alt=\"\" class=\"wp-image-70827\" \/><figcaption><em>Grupowe spotkanie z S. Julie Kubasak (by\u0142\u0105 Wizytatork\u0105 Prowincji St. Elizabeth Ann Seton, obecnie Asystentk\u0105 Generaln\u0105 Zgromadzenia)<\/em><\/figcaption><\/figure><\/div>\n\n\n\n<p>Formacja dotycz\u0105ca \u015alub\u00f3w odbywa si\u0119 raz na 3 lata, aby zgromadzi\u0107 Siostry poni\u017cej 10 roku powo\u0142ania i pog\u0142\u0119bi\u0107 wiedz\u0119 na temat \u015alub\u00f3w \u015awi\u0119tych, jak r\u00f3wnie\u017c uczestniczy\u0107 w zaj\u0119ciach rekreacyjnych wieczorami. Pierwszy dzie\u0144 po\u015bwi\u0119cony by\u0142 wzajemnej rado\u015bci. Siostry sp\u0119dzi\u0142y dzie\u0144 na wybrze\u017cu i w lesie sekwoi; towarzyszy\u0142y im Siostry Radne ds. formacji z dw\u00f3ch Prowincji Stan\u00f3w Zjednoczonych.<\/p>\n\n\n\n<figure class=\"wp-block-image alignwide size-large\"><img decoding=\"async\" src=\"https:\/\/filles-de-la-charite.org\/wp-content\/uploads\/2023\/06\/2022-08-01-Sealed-photo-2-1024x768-1.jpeg\" alt=\"\" class=\"wp-image-70828\" \/><figcaption><em>Wizyta u Si\u00f3str starszych<\/em><\/figcaption><\/figure>\n\n\n\n<p>Ka\u017cdy dzie\u0144 by\u0142 skoncentrowany na innym \u015alubie: jego wyj\u0105tkowo\u015bci dla naszej wsp\u00f3lnoty i jego zwi\u0105zku z piecz\u0119ci\u0105 Zgromadzenia. Po po\u0142udniu Siostry mia\u0142y czas na modlitw\u0119 lub refleksj\u0119 nad tym, co us\u0142ysza\u0142y, a nast\u0119pnie zosta\u0142y zaproszone, aby podzieli\u0107 si\u0119 z wi\u0119ksz\u0105 grup\u0105 tym, co B\u00f3g da\u0142 im jako inspiracj\u0119. Kilka z nich wspomnia\u0142o, \u017ce zosta\u0142y poruszone lub zach\u0119cone do spojrzenia w nowy spos\u00f3b na konkretny aspekt piecz\u0119ci lub \u015alubu. Inne wspomina\u0142y, \u017ce potrzebowa\u0142yby wi\u0119cej czasu, aby zastanowi\u0107 si\u0119 nad tym, co us\u0142ysza\u0142y i jak to na nich wp\u0142yn\u0119\u0142o.<\/p>\n\n\n\n<div class=\"wp-block-image\"><figure class=\"aligncenter size-large\"><img decoding=\"async\" src=\"https:\/\/filles-de-la-charite.org\/wp-content\/uploads\/2023\/06\/2022-08-01-Sealed-photo-3-1024x768-1.jpeg\" alt=\"\" class=\"wp-image-70818\" \/><figcaption><em>Siostry poni\u017cej 10 lat powo\u0142ania z USA<\/em><\/figcaption><\/figure><\/div>\n\n\n\n<p>Potem oczywi\u015bcie wieczorne rekreacje obejmowa\u0142y gry, konkursy i wsp\u00f3lne sp\u0119dzanie czasu we wsp\u00f3lnocie.<\/p>\n\n\n\n<figure class=\"wp-block-image alignwide size-large\"><img decoding=\"async\" src=\"https:\/\/filles-de-la-charite.org\/wp-content\/uploads\/2023\/06\/2022-08-01-Sealed-photo-4-1024x768-1.jpeg\" alt=\"\" class=\"wp-image-70831\" \/><figcaption><em>Wsp\u00f3lna rado\u015b\u0107 w lesie sekwoi<\/em><\/figcaption><\/figure>\n\n\n\n<p>Wspania\u0142a okazja do sp\u0119dzenia czasu razem jako m\u0142ode Siostry!<\/p>\n\n\n\n<div class=\"wp-block-image\"><figure class=\"aligncenter size-large\"><img decoding=\"async\" src=\"https:\/\/filles-de-la-charite.org\/wp-content\/uploads\/2023\/06\/2022-08-01-Sealed-photo-5-1024x768-1.jpeg\" alt=\"\" class=\"wp-image-70826\" \/><figcaption><em>Msza \u015awi\u0119ta<\/em><\/figcaption><\/figure><\/div>\n","protected":false},"excerpt":{"rendered":"<p>W Stanach Zjednoczonych w czerwcu bie\u017c\u0105cego roku, Siostry Mi\u0142osierdzia do 10 lat powo\u0142ania zebra\u0142y si\u0119 na sesji formacyjnej dotycz\u0105cej \u015alub\u00f3w \u015awi\u0119tych. Dziesi\u0119\u0107 Si\u00f3str z dw\u00f3ch prowincji zgromadzi\u0142o si\u0119 na tydzie\u0144 w Domu Prowincjalnym Prowincji Elizabeth Ann Seton w Los Altos Hills w Kalifornii. O. Patrick Griffin CM przyby\u0142, by wyg\u0142osi\u0107 konferencje do Si\u00f3str i zwr\u00f3ci\u0107 [&hellip;]<\/p>\n","protected":false},"author":1,"featured_media":16930,"comment_status":"closed","ping_status":"closed","sticky":false,"template":"","format":"standard","meta":{"_acf_changed":false,"_et_pb_use_builder":"","_et_pb_old_content":"","_et_gb_content_width":"","footnotes":"","_links_to":"","_links_to_target":""},"categories":[818,710],"tags":[],"class_list":["post-24538","post","type-post","status-publish","format-standard","has-post-thumbnail","hentry","category-st-e-a-seton-usa-pl","category-swieta-ludwika-usa-pl"],"acf":[],"yoast_head":"<!-- This site is optimized with the Yoast SEO plugin v27.4 - https:\/\/yoast.com\/product\/yoast-seo-wordpress\/ -->\n<title>\u201ePrzypiecz\u0119towane\u201d \u015alubami - Filles de la Charit\u00e9<\/title>\n<meta name=\"robots\" content=\"index, follow, max-snippet:-1, max-image-preview:large, max-video-preview:-1\" \/>\n<link rel=\"canonical\" href=\"https:\/\/filles-de-la-charite.org\/pl\/przypieczetowane-slubami\/\" \/>\n<meta property=\"og:locale\" content=\"pl_PL\" \/>\n<meta property=\"og:type\" content=\"article\" \/>\n<meta property=\"og:title\" content=\"\u201ePrzypiecz\u0119towane\u201d \u015alubami - Filles de la Charit\u00e9\" \/>\n<meta property=\"og:description\" content=\"W Stanach Zjednoczonych w czerwcu bie\u017c\u0105cego roku, Siostry Mi\u0142osierdzia do 10 lat powo\u0142ania zebra\u0142y si\u0119 na sesji formacyjnej dotycz\u0105cej \u015alub\u00f3w \u015awi\u0119tych. Dziesi\u0119\u0107 Si\u00f3str z dw\u00f3ch prowincji zgromadzi\u0142o si\u0119 na tydzie\u0144 w Domu Prowincjalnym Prowincji Elizabeth Ann Seton w Los Altos Hills w Kalifornii. O. Patrick Griffin CM przyby\u0142, by wyg\u0142osi\u0107 konferencje do Si\u00f3str i zwr\u00f3ci\u0107 [&hellip;]\" \/>\n<meta property=\"og:url\" content=\"https:\/\/filles-de-la-charite.org\/pl\/przypieczetowane-slubami\/\" \/>\n<meta property=\"og:site_name\" content=\"Filles de la Charit\u00e9\" \/>\n<meta property=\"article:published_time\" content=\"2022-07-31T20:00:00+00:00\" \/>\n<meta property=\"article:modified_time\" content=\"2024-03-17T15:27:23+00:00\" \/>\n<meta property=\"og:image\" content=\"https:\/\/filles-de-la-charite.org\/wp-content\/uploads\/2023\/06\/2022-08-01-Sealed-photo-3-1024x768.jpeg\" \/>\n\t<meta property=\"og:image:width\" content=\"1024\" \/>\n\t<meta property=\"og:image:height\" content=\"768\" \/>\n\t<meta property=\"og:image:type\" content=\"image\/jpeg\" \/>\n<meta name=\"author\" content=\"admin\" \/>\n<meta name=\"twitter:card\" content=\"summary_large_image\" \/>\n<meta name=\"twitter:label1\" content=\"Napisane przez\" \/>\n\t<meta name=\"twitter:data1\" content=\"admin\" \/>\n\t<meta name=\"twitter:label2\" content=\"Szacowany czas czytania\" \/>\n\t<meta name=\"twitter:data2\" content=\"2 minuty\" \/>\n<script type=\"application\/ld+json\" class=\"yoast-schema-graph\">{\"@context\":\"https:\\\/\\\/schema.org\",\"@graph\":[{\"@type\":\"Article\",\"@id\":\"https:\\\/\\\/filles-de-la-charite.org\\\/pl\\\/przypieczetowane-slubami\\\/#article\",\"isPartOf\":{\"@id\":\"https:\\\/\\\/filles-de-la-charite.org\\\/pl\\\/przypieczetowane-slubami\\\/\"},\"author\":{\"name\":\"admin\",\"@id\":\"https:\\\/\\\/filles-de-la-charite.org\\\/pl\\\/#\\\/schema\\\/person\\\/427567b2eccfc2dd7d206da186a1f438\"},\"headline\":\"\u201ePrzypiecz\u0119towane\u201d \u015alubami\",\"datePublished\":\"2022-07-31T20:00:00+00:00\",\"dateModified\":\"2024-03-17T15:27:23+00:00\",\"mainEntityOfPage\":{\"@id\":\"https:\\\/\\\/filles-de-la-charite.org\\\/pl\\\/przypieczetowane-slubami\\\/\"},\"wordCount\":340,\"publisher\":{\"@id\":\"https:\\\/\\\/filles-de-la-charite.org\\\/pl\\\/#organization\"},\"image\":{\"@id\":\"https:\\\/\\\/filles-de-la-charite.org\\\/pl\\\/przypieczetowane-slubami\\\/#primaryimage\"},\"thumbnailUrl\":\"https:\\\/\\\/filles-de-la-charite.org\\\/wp-content\\\/uploads\\\/2023\\\/06\\\/2022-08-01-Sealed-photo-3.jpeg\",\"articleSection\":[\"St E.A. Seton - USA\",\"\u015awi\u0119ta Ludwika - USA\"],\"inLanguage\":\"pl-PL\"},{\"@type\":\"WebPage\",\"@id\":\"https:\\\/\\\/filles-de-la-charite.org\\\/pl\\\/przypieczetowane-slubami\\\/\",\"url\":\"https:\\\/\\\/filles-de-la-charite.org\\\/pl\\\/przypieczetowane-slubami\\\/\",\"name\":\"\u201ePrzypiecz\u0119towane\u201d \u015alubami - Filles de la Charit\u00e9\",\"isPartOf\":{\"@id\":\"https:\\\/\\\/filles-de-la-charite.org\\\/pl\\\/#website\"},\"primaryImageOfPage\":{\"@id\":\"https:\\\/\\\/filles-de-la-charite.org\\\/pl\\\/przypieczetowane-slubami\\\/#primaryimage\"},\"image\":{\"@id\":\"https:\\\/\\\/filles-de-la-charite.org\\\/pl\\\/przypieczetowane-slubami\\\/#primaryimage\"},\"thumbnailUrl\":\"https:\\\/\\\/filles-de-la-charite.org\\\/wp-content\\\/uploads\\\/2023\\\/06\\\/2022-08-01-Sealed-photo-3.jpeg\",\"datePublished\":\"2022-07-31T20:00:00+00:00\",\"dateModified\":\"2024-03-17T15:27:23+00:00\",\"breadcrumb\":{\"@id\":\"https:\\\/\\\/filles-de-la-charite.org\\\/pl\\\/przypieczetowane-slubami\\\/#breadcrumb\"},\"inLanguage\":\"pl-PL\",\"potentialAction\":[{\"@type\":\"ReadAction\",\"target\":[\"https:\\\/\\\/filles-de-la-charite.org\\\/pl\\\/przypieczetowane-slubami\\\/\"]}]},{\"@type\":\"ImageObject\",\"inLanguage\":\"pl-PL\",\"@id\":\"https:\\\/\\\/filles-de-la-charite.org\\\/pl\\\/przypieczetowane-slubami\\\/#primaryimage\",\"url\":\"https:\\\/\\\/filles-de-la-charite.org\\\/wp-content\\\/uploads\\\/2023\\\/06\\\/2022-08-01-Sealed-photo-3.jpeg\",\"contentUrl\":\"https:\\\/\\\/filles-de-la-charite.org\\\/wp-content\\\/uploads\\\/2023\\\/06\\\/2022-08-01-Sealed-photo-3.jpeg\",\"width\":2420,\"height\":1816},{\"@type\":\"BreadcrumbList\",\"@id\":\"https:\\\/\\\/filles-de-la-charite.org\\\/pl\\\/przypieczetowane-slubami\\\/#breadcrumb\",\"itemListElement\":[{\"@type\":\"ListItem\",\"position\":1,\"name\":\"St E.A. Seton - USA\",\"item\":\"https:\\\/\\\/filles-de-la-charite.org\\\/pl\\\/category\\\/st-e-a-seton-usa-pl\\\/\"},{\"@type\":\"ListItem\",\"position\":2,\"name\":\"\u201ePrzypiecz\u0119towane\u201d \u015alubami\"}]},{\"@type\":\"WebSite\",\"@id\":\"https:\\\/\\\/filles-de-la-charite.org\\\/pl\\\/#website\",\"url\":\"https:\\\/\\\/filles-de-la-charite.org\\\/pl\\\/\",\"name\":\"Hijas de la Caridad\",\"description\":\"L\u2019amour de J\u00e9sus nous presse \u00e0 prendre soin des personnes les plus d\u00e9munies\",\"publisher\":{\"@id\":\"https:\\\/\\\/filles-de-la-charite.org\\\/pl\\\/#organization\"},\"potentialAction\":[{\"@type\":\"SearchAction\",\"target\":{\"@type\":\"EntryPoint\",\"urlTemplate\":\"https:\\\/\\\/filles-de-la-charite.org\\\/pl\\\/?s={search_term_string}\"},\"query-input\":{\"@type\":\"PropertyValueSpecification\",\"valueRequired\":true,\"valueName\":\"search_term_string\"}}],\"inLanguage\":\"pl-PL\"},{\"@type\":\"Organization\",\"@id\":\"https:\\\/\\\/filles-de-la-charite.org\\\/pl\\\/#organization\",\"name\":\"Hijas de la Caridad\",\"url\":\"https:\\\/\\\/filles-de-la-charite.org\\\/pl\\\/\",\"logo\":{\"@type\":\"ImageObject\",\"inLanguage\":\"pl-PL\",\"@id\":\"https:\\\/\\\/filles-de-la-charite.org\\\/pl\\\/#\\\/schema\\\/logo\\\/image\\\/\",\"url\":\"https:\\\/\\\/filles-de-la-charite.org\\\/wp-content\\\/uploads\\\/2023\\\/03\\\/isotipo-Hijas-de-la-Caridad.png\",\"contentUrl\":\"https:\\\/\\\/filles-de-la-charite.org\\\/wp-content\\\/uploads\\\/2023\\\/03\\\/isotipo-Hijas-de-la-Caridad.png\",\"width\":1417,\"height\":1417,\"caption\":\"Hijas de la Caridad\"},\"image\":{\"@id\":\"https:\\\/\\\/filles-de-la-charite.org\\\/pl\\\/#\\\/schema\\\/logo\\\/image\\\/\"}},{\"@type\":\"Person\",\"@id\":\"https:\\\/\\\/filles-de-la-charite.org\\\/pl\\\/#\\\/schema\\\/person\\\/427567b2eccfc2dd7d206da186a1f438\",\"name\":\"admin\",\"image\":{\"@type\":\"ImageObject\",\"inLanguage\":\"pl-PL\",\"@id\":\"https:\\\/\\\/secure.gravatar.com\\\/avatar\\\/948b492cce32b586ac2db0eaa926ee87024f7afe218d73b397ea5ddfc5f43ea1?s=96&d=mm&r=g\",\"url\":\"https:\\\/\\\/secure.gravatar.com\\\/avatar\\\/948b492cce32b586ac2db0eaa926ee87024f7afe218d73b397ea5ddfc5f43ea1?s=96&d=mm&r=g\",\"contentUrl\":\"https:\\\/\\\/secure.gravatar.com\\\/avatar\\\/948b492cce32b586ac2db0eaa926ee87024f7afe218d73b397ea5ddfc5f43ea1?s=96&d=mm&r=g\",\"caption\":\"admin\"},\"sameAs\":[\"https:\\\/\\\/filles-de-la-charite.org\"],\"url\":\"https:\\\/\\\/filles-de-la-charite.org\\\/pl\\\/author\\\/caridad\\\/\"}]}<\/script>\n<!-- \/ Yoast SEO plugin. -->","yoast_head_json":{"title":"\u201ePrzypiecz\u0119towane\u201d \u015alubami - Filles de la Charit\u00e9","robots":{"index":"index","follow":"follow","max-snippet":"max-snippet:-1","max-image-preview":"max-image-preview:large","max-video-preview":"max-video-preview:-1"},"canonical":"https:\/\/filles-de-la-charite.org\/pl\/przypieczetowane-slubami\/","og_locale":"pl_PL","og_type":"article","og_title":"\u201ePrzypiecz\u0119towane\u201d \u015alubami - Filles de la Charit\u00e9","og_description":"W Stanach Zjednoczonych w czerwcu bie\u017c\u0105cego roku, Siostry Mi\u0142osierdzia do 10 lat powo\u0142ania zebra\u0142y si\u0119 na sesji formacyjnej dotycz\u0105cej \u015alub\u00f3w \u015awi\u0119tych. Dziesi\u0119\u0107 Si\u00f3str z dw\u00f3ch prowincji zgromadzi\u0142o si\u0119 na tydzie\u0144 w Domu Prowincjalnym Prowincji Elizabeth Ann Seton w Los Altos Hills w Kalifornii. O. Patrick Griffin CM przyby\u0142, by wyg\u0142osi\u0107 konferencje do Si\u00f3str i zwr\u00f3ci\u0107 [&hellip;]","og_url":"https:\/\/filles-de-la-charite.org\/pl\/przypieczetowane-slubami\/","og_site_name":"Filles de la Charit\u00e9","article_published_time":"2022-07-31T20:00:00+00:00","article_modified_time":"2024-03-17T15:27:23+00:00","og_image":[{"width":1024,"height":768,"url":"https:\/\/filles-de-la-charite.org\/wp-content\/uploads\/2023\/06\/2022-08-01-Sealed-photo-3-1024x768.jpeg","type":"image\/jpeg"}],"author":"admin","twitter_card":"summary_large_image","twitter_misc":{"Napisane przez":"admin","Szacowany czas czytania":"2 minuty"},"schema":{"@context":"https:\/\/schema.org","@graph":[{"@type":"Article","@id":"https:\/\/filles-de-la-charite.org\/pl\/przypieczetowane-slubami\/#article","isPartOf":{"@id":"https:\/\/filles-de-la-charite.org\/pl\/przypieczetowane-slubami\/"},"author":{"name":"admin","@id":"https:\/\/filles-de-la-charite.org\/pl\/#\/schema\/person\/427567b2eccfc2dd7d206da186a1f438"},"headline":"\u201ePrzypiecz\u0119towane\u201d \u015alubami","datePublished":"2022-07-31T20:00:00+00:00","dateModified":"2024-03-17T15:27:23+00:00","mainEntityOfPage":{"@id":"https:\/\/filles-de-la-charite.org\/pl\/przypieczetowane-slubami\/"},"wordCount":340,"publisher":{"@id":"https:\/\/filles-de-la-charite.org\/pl\/#organization"},"image":{"@id":"https:\/\/filles-de-la-charite.org\/pl\/przypieczetowane-slubami\/#primaryimage"},"thumbnailUrl":"https:\/\/filles-de-la-charite.org\/wp-content\/uploads\/2023\/06\/2022-08-01-Sealed-photo-3.jpeg","articleSection":["St E.A. Seton - USA","\u015awi\u0119ta Ludwika - USA"],"inLanguage":"pl-PL"},{"@type":"WebPage","@id":"https:\/\/filles-de-la-charite.org\/pl\/przypieczetowane-slubami\/","url":"https:\/\/filles-de-la-charite.org\/pl\/przypieczetowane-slubami\/","name":"\u201ePrzypiecz\u0119towane\u201d \u015alubami - Filles de la Charit\u00e9","isPartOf":{"@id":"https:\/\/filles-de-la-charite.org\/pl\/#website"},"primaryImageOfPage":{"@id":"https:\/\/filles-de-la-charite.org\/pl\/przypieczetowane-slubami\/#primaryimage"},"image":{"@id":"https:\/\/filles-de-la-charite.org\/pl\/przypieczetowane-slubami\/#primaryimage"},"thumbnailUrl":"https:\/\/filles-de-la-charite.org\/wp-content\/uploads\/2023\/06\/2022-08-01-Sealed-photo-3.jpeg","datePublished":"2022-07-31T20:00:00+00:00","dateModified":"2024-03-17T15:27:23+00:00","breadcrumb":{"@id":"https:\/\/filles-de-la-charite.org\/pl\/przypieczetowane-slubami\/#breadcrumb"},"inLanguage":"pl-PL","potentialAction":[{"@type":"ReadAction","target":["https:\/\/filles-de-la-charite.org\/pl\/przypieczetowane-slubami\/"]}]},{"@type":"ImageObject","inLanguage":"pl-PL","@id":"https:\/\/filles-de-la-charite.org\/pl\/przypieczetowane-slubami\/#primaryimage","url":"https:\/\/filles-de-la-charite.org\/wp-content\/uploads\/2023\/06\/2022-08-01-Sealed-photo-3.jpeg","contentUrl":"https:\/\/filles-de-la-charite.org\/wp-content\/uploads\/2023\/06\/2022-08-01-Sealed-photo-3.jpeg","width":2420,"height":1816},{"@type":"BreadcrumbList","@id":"https:\/\/filles-de-la-charite.org\/pl\/przypieczetowane-slubami\/#breadcrumb","itemListElement":[{"@type":"ListItem","position":1,"name":"St E.A. Seton - USA","item":"https:\/\/filles-de-la-charite.org\/pl\/category\/st-e-a-seton-usa-pl\/"},{"@type":"ListItem","position":2,"name":"\u201ePrzypiecz\u0119towane\u201d \u015alubami"}]},{"@type":"WebSite","@id":"https:\/\/filles-de-la-charite.org\/pl\/#website","url":"https:\/\/filles-de-la-charite.org\/pl\/","name":"Hijas de la Caridad","description":"L\u2019amour de J\u00e9sus nous presse \u00e0 prendre soin des personnes les plus d\u00e9munies","publisher":{"@id":"https:\/\/filles-de-la-charite.org\/pl\/#organization"},"potentialAction":[{"@type":"SearchAction","target":{"@type":"EntryPoint","urlTemplate":"https:\/\/filles-de-la-charite.org\/pl\/?s={search_term_string}"},"query-input":{"@type":"PropertyValueSpecification","valueRequired":true,"valueName":"search_term_string"}}],"inLanguage":"pl-PL"},{"@type":"Organization","@id":"https:\/\/filles-de-la-charite.org\/pl\/#organization","name":"Hijas de la Caridad","url":"https:\/\/filles-de-la-charite.org\/pl\/","logo":{"@type":"ImageObject","inLanguage":"pl-PL","@id":"https:\/\/filles-de-la-charite.org\/pl\/#\/schema\/logo\/image\/","url":"https:\/\/filles-de-la-charite.org\/wp-content\/uploads\/2023\/03\/isotipo-Hijas-de-la-Caridad.png","contentUrl":"https:\/\/filles-de-la-charite.org\/wp-content\/uploads\/2023\/03\/isotipo-Hijas-de-la-Caridad.png","width":1417,"height":1417,"caption":"Hijas de la Caridad"},"image":{"@id":"https:\/\/filles-de-la-charite.org\/pl\/#\/schema\/logo\/image\/"}},{"@type":"Person","@id":"https:\/\/filles-de-la-charite.org\/pl\/#\/schema\/person\/427567b2eccfc2dd7d206da186a1f438","name":"admin","image":{"@type":"ImageObject","inLanguage":"pl-PL","@id":"https:\/\/secure.gravatar.com\/avatar\/948b492cce32b586ac2db0eaa926ee87024f7afe218d73b397ea5ddfc5f43ea1?s=96&d=mm&r=g","url":"https:\/\/secure.gravatar.com\/avatar\/948b492cce32b586ac2db0eaa926ee87024f7afe218d73b397ea5ddfc5f43ea1?s=96&d=mm&r=g","contentUrl":"https:\/\/secure.gravatar.com\/avatar\/948b492cce32b586ac2db0eaa926ee87024f7afe218d73b397ea5ddfc5f43ea1?s=96&d=mm&r=g","caption":"admin"},"sameAs":["https:\/\/filles-de-la-charite.org"],"url":"https:\/\/filles-de-la-charite.org\/pl\/author\/caridad\/"}]}},"_links":{"self":[{"href":"https:\/\/filles-de-la-charite.org\/pl\/wp-json\/wp\/v2\/posts\/24538","targetHints":{"allow":["GET"]}}],"collection":[{"href":"https:\/\/filles-de-la-charite.org\/pl\/wp-json\/wp\/v2\/posts"}],"about":[{"href":"https:\/\/filles-de-la-charite.org\/pl\/wp-json\/wp\/v2\/types\/post"}],"author":[{"embeddable":true,"href":"https:\/\/filles-de-la-charite.org\/pl\/wp-json\/wp\/v2\/users\/1"}],"replies":[{"embeddable":true,"href":"https:\/\/filles-de-la-charite.org\/pl\/wp-json\/wp\/v2\/comments?post=24538"}],"version-history":[{"count":1,"href":"https:\/\/filles-de-la-charite.org\/pl\/wp-json\/wp\/v2\/posts\/24538\/revisions"}],"predecessor-version":[{"id":24539,"href":"https:\/\/filles-de-la-charite.org\/pl\/wp-json\/wp\/v2\/posts\/24538\/revisions\/24539"}],"wp:featuredmedia":[{"embeddable":true,"href":"https:\/\/filles-de-la-charite.org\/pl\/wp-json\/wp\/v2\/media\/16930"}],"wp:attachment":[{"href":"https:\/\/filles-de-la-charite.org\/pl\/wp-json\/wp\/v2\/media?parent=24538"}],"wp:term":[{"taxonomy":"category","embeddable":true,"href":"https:\/\/filles-de-la-charite.org\/pl\/wp-json\/wp\/v2\/categories?post=24538"},{"taxonomy":"post_tag","embeddable":true,"href":"https:\/\/filles-de-la-charite.org\/pl\/wp-json\/wp\/v2\/tags?post=24538"}],"curies":[{"name":"wp","href":"https:\/\/api.w.org\/{rel}","templated":true}]}}