{"id":24542,"date":"2022-07-31T22:00:00","date_gmt":"2022-07-31T20:00:00","guid":{"rendered":"https:\/\/hijascaridad.sjdigitaldemo.ovh\/czerwcowe-potrojne-blogoslawienstwo\/"},"modified":"2024-03-17T16:28:31","modified_gmt":"2024-03-17T15:28:31","slug":"czerwcowe-potrojne-blogoslawienstwo","status":"publish","type":"post","link":"https:\/\/filles-de-la-charite.org\/pl\/czerwcowe-potrojne-blogoslawienstwo\/","title":{"rendered":"Czerwcowe potr\u00f3jne b\u0142ogos\u0142awie\u0144stwo"},"content":{"rendered":"\n<p>Prowincja St. Louise de Marillac &#8211; Asia z rado\u015bci\u0105 oczekiwa\u0142a na miesi\u0105c czerwiec, gdy\u017c spodziewa\u0142a si\u0119 obfitych b\u0142ogos\u0142awie\u0144stw, z kt\u00f3rych trzy przysz\u0142y w &#8222;kolorach t\u0119czy&#8221;.<\/p>\n\n\n\n<p>Miesi\u0105c czerwiec rozpocz\u0105\u0142 si\u0119 od mianowania Siostry Marii Any Rosario G. EVIDENTE Wizytatork\u0105 na kolejne 3 lata. Po\u015br\u00f3d politycznych, ekonomicznych, spo\u0142ecznych niepewno\u015bci i pozornej beznadziei w wydarzeniach \u015bwiatowych, to wydarzenie przynios\u0142o niepor\u00f3wnywaln\u0105 nadziej\u0119 i poczucie ci\u0105g\u0142o\u015bci i zaanga\u017cowania dla Prowincji.<\/p>\n\n\n\n<p>Dnia 4 czerwca min\u0119\u0142a 6 rocznica powstania Prowincji: jedna Prowincja, dziewi\u0119\u0107 kraj\u00f3w. Wznosz\u0105c nasze serca w dzi\u0119kczynieniu za mi\u0142o\u015b\u0107 i mi\u0142osierdzie Boga, chwalili\u015bmy Go r\u00f3wnie\u017c za to, \u017ce przys\u0142a\u0142 nam nowego Dyrektora Prowincjalnego, O. Gerardo VIBAR, CM.<\/p>\n\n\n\n<p>Dnia 21 czerwca, z zapartym tchem i modlitw\u0105, po odwo\u0142aniu pierwotnego rozk\u0142adu lot\u00f3w, Siostry zgromadzi\u0142y si\u0119 w holu Domu Prowincjalnego na Filipinach, aby o p\u00f3\u0142nocy powita\u0107 Siostr\u0119 Francoise PETIT, Prze\u0142o\u017con\u0105 Generaln\u0105. Siostry z Japonii, Korei Po\u0142udniowej, Tajlandii, Laosu, Kambod\u017cy, Papui Nowej Gwinei, Tajwanu, Chin i z r\u00f3\u017cnych region\u00f3w Filipin do\u0142\u0105czy\u0142y do Siostry Francoise, kt\u00f3ra ofiarowa\u0142a Naj\u015bwi\u0119tszej Dziewicy bukiet kwiat\u00f3w i za\u015bpiewa\u0142a Jej Magnificat!<\/p>\n\n\n\n<figure class=\"wp-block-gallery alignwide columns-2 is-cropped wp-block-gallery-1 is-layout-flex wp-block-gallery-is-layout-flex\"><ul class=\"blocks-gallery-grid\"><li class=\"blocks-gallery-item\"><figure><a href=\"https:\/\/www.filles-de-la-charite.org\/wp-content\/uploads\/news\/August 2022\/Asia\/Junes-Triple-Blessing-Photo-1.jpg\" data-rel=\"lightbox-image-0\" data-rl_title=\"\" data-rl_caption=\"\" title=\"\"><img decoding=\"async\" src=\"https:\/\/filles-de-la-charite.org\/wp-content\/uploads\/2023\/06\/Junes-Triple-Blessing-Photo-1-1024x461-1.jpg\" alt=\"\" data-id=\"70930\" data-full-url=\"https:\/\/www.filles-de-la-charite.org\/wp-content\/uploads\/news\/August 2022\/Asia\/Junes-Triple-Blessing-Photo-1.jpg\" data-link=\"https:\/\/www.filles-de-la-charite.org\/junes-triple-blessing-photo-1\/\" class=\"wp-image-70930\"\/><\/a><\/figure><\/li><li class=\"blocks-gallery-item\"><figure><a href=\"https:\/\/www.filles-de-la-charite.org\/wp-content\/uploads\/news\/August 2022\/Asia\/Junes-Triple-Blessing-Photo-1a-scaled.jpg\" data-rel=\"lightbox-image-1\" data-rl_title=\"\" data-rl_caption=\"\" title=\"\"><img decoding=\"async\" src=\"https:\/\/filles-de-la-charite.org\/wp-content\/uploads\/2023\/06\/Junes-Triple-Blessing-Photo-1a-1024x576-1.jpg\" alt=\"\" data-id=\"70929\" data-full-url=\"https:\/\/www.filles-de-la-charite.org\/wp-content\/uploads\/news\/August 2022\/Asia\/Junes-Triple-Blessing-Photo-1a-scaled.jpg\" data-link=\"https:\/\/www.filles-de-la-charite.org\/junes-triple-blessing-photo-1a\/\" class=\"wp-image-70929\"\/><\/a><\/figure><\/li><\/ul><\/figure>\n\n\n\n<div class=\"wp-block-image\"><figure class=\"alignleft size-full\"><img decoding=\"async\" src=\"https:\/\/filles-de-la-charite.org\/wp-content\/uploads\/2023\/06\/draft.jpg\" alt=\"\" class=\"wp-image-70951\"\/><\/figure><\/div>\n\n\n\n<p>Siostra Fran\u00e7oise mog\u0142a odwiedzi\u0107 tylko kilka wsp\u00f3lnot i ich misje na Filipinach; dwie pami\u0119tne to Wincenty\u0144ska Wioska Rodzinna Anislag i Wioska &#8222;Ati&#8221;.<\/p>\n\n\n\n<p>Anislag by\u0142 projektem zainicjowanym przez Siostry Mi\u0142osierdzia we wsp\u00f3\u0142pracy ze Stowarzyszeniem \u015bw. Wincentego a Paulo, innymi cz\u0142onkami Rodziny Wincenty\u0144skiej w r\u00f3\u017cny spos\u00f3b, oraz Stowarzyszeniem Wy\u017cszych Prze\u0142o\u017conych Zakonnych na Filipinach, kt\u00f3rego celem by\u0142o zbudowanie dom\u00f3w dla 330 rodzin, kt\u00f3re straci\u0142y swoich bliskich, domy i gospodarstwa podczas niszczycielskiego tajfunu w 2006 roku. Dzi\u015b jest to samodzielna wsp\u00f3lnota wyznaniowa.<\/p>\n\n\n\n<div class=\"wp-block-image\"><figure class=\"alignleft size-large\"><img decoding=\"async\" src=\"https:\/\/filles-de-la-charite.org\/wp-content\/uploads\/2023\/06\/Junes-Triple-Blessing-Photo-2a-1024x576-1.jpg\" alt=\"\" class=\"wp-image-70933\"\/><\/figure><\/div>\n\n\n\n<p>Wioska &#8222;Ati&#8221; jest g\u0142\u0119boko wywalczon\u0105 i ci\u0119\u017cko zdobyt\u0105 ziemi\u0105 przodk\u00f3w rdzennej ludno\u015bci zwanej Ati. Trzy Siostry Mi\u0142osierdzia nadal mieszkaj\u0105 w tej wiosce z Ati, walcz\u0105c z nimi o to, co nale\u017cy do nich z mocy prawa: ziemi\u0119, dochody i \u017cycie.<\/p>\n\n\n\n<p>Siostra Fran\u00e7oise by\u0142a r\u00f3wnie\u017c \u015bwiadkiem dw\u00f3ch uroczysto\u015bci: srebrnego jubileuszu 6 Si\u00f3str Mi\u0142osierdzia oraz przej\u015bcia do \u017cycia wiecznego Siostry Francisca SANCHEZ.<\/p>\n\n\n\n<div class=\"wp-block-image\"><figure class=\"alignleft size-large\"><img decoding=\"async\" src=\"https:\/\/filles-de-la-charite.org\/wp-content\/uploads\/2023\/06\/Photo-3-copia-1024x645-1.jpg\" alt=\"\" class=\"wp-image-70952\"\/><\/figure><\/div>\n\n\n\n<p>Siostra Fran\u00e7oise opu\u015bci\u0142a Filipiny 28 czerwca i polecia\u0142a do Korei Po\u0142udniowej, gdzie odwiedzi\u0142a Bono Social Service Center, kt\u00f3rego g\u0142\u00f3wne pos\u0142ugi obejmuj\u0105 opiek\u0119 nad osobami starszymi (karmienie i zaj\u0119cia rekreacyjne), jak r\u00f3wnie\u017c towarzyszenie rodzinom migrant\u00f3w, kt\u00f3re ma na celu u\u0142atwienie im wej\u015bcia do spo\u0142eczno\u015bci korea\u0144skiej (zaj\u0119cia spo\u0142eczno-kulturalne, gotowanie i nauka j\u0119zyka). Schronisko St. Louise jest domem dla \u017con i dzieci, kt\u00f3re cierpi\u0105 z powodu przemocy ze strony korea\u0144skich m\u0119\u017c\u00f3w. Dom, we wsp\u00f3\u0142pracy z rz\u0105dem, zapewnia wsparcie psychologiczne, kulturalne, zdrowotne i prawne. Ostatnia wizyta mia\u0142a miejsce w Domu \u015bw. Wincentego, instytucji dla os\u00f3b starszych; b\u0119d\u0105cy w\u0142asno\u015bci\u0105 Si\u00f3str Mi\u0142osierdzia, przeszed\u0142 standardy rz\u0105dowe i cieszy si\u0119 wsparciem rz\u0105du.<\/p>\n\n\n\n<p>Homilia Ojca Gerardo w uroczysto\u015b\u0107 \u015bw. Jana Chrzciciela mo\u017ce bardzo dobrze podsumowa\u0107 to, czym obecno\u015b\u0107 Siostry Fran\u00e7oise oznacza\u0142a dla Prowincji:<\/p>\n\n\n\n<p><em>&#8222;Siostro Fran\u00e7oise, prosz\u0119 wybaczy\u0107 moj\u0105 \u015bmia\u0142o\u015b\u0107, ale pozw\u00f3l mi powiedzie\u0107 to naszym Siostrom z Prowincji Saint Louise de Marillac-Asia: w tych dniach odwiedza Ci\u0119 Anio\u0142 Pana (&#8230;). Przychodzi z przes\u0142aniem od Boga. (&#8230;) jeste\u015bmy naprawd\u0119 przepe\u0142nieni rado\u015bci\u0105 i szcz\u0119\u015bciem z powodu Siostry wizyty i b\u0119dziemy oczekiwa\u0107 na kolejne Siostry przes\u0142anie do nas, przes\u0142anie Boga do nas.&#8221;<\/em><\/p>\n\n\n\n<figure class=\"wp-block-embed is-type-video is-provider-youtube wp-block-embed-youtube wp-embed-aspect-16-9 wp-has-aspect-ratio\"><div class=\"wp-block-embed__wrapper\">\n<iframe loading=\"lazy\" title=\"June&#039;s Triple Blessing: The Visit\" width=\"1080\" height=\"608\" src=\"https:\/\/www.youtube.com\/embed\/XPKOv769900?feature=oembed\"  allow=\"accelerometer; autoplay; clipboard-write; encrypted-media; gyroscope; picture-in-picture; web-share\" allowfullscreen><\/iframe>\n<\/div><\/figure>\n","protected":false},"excerpt":{"rendered":"<p>Prowincja St. Louise de Marillac &#8211; Asia z rado\u015bci\u0105 oczekiwa\u0142a na miesi\u0105c czerwiec, gdy\u017c spodziewa\u0142a si\u0119 obfitych b\u0142ogos\u0142awie\u0144stw, z kt\u00f3rych trzy przysz\u0142y w &#8222;kolorach t\u0119czy&#8221;. Miesi\u0105c czerwiec rozpocz\u0105\u0142 si\u0119 od mianowania Siostry Marii Any Rosario G. EVIDENTE Wizytatork\u0105 na kolejne 3 lata. Po\u015br\u00f3d politycznych, ekonomicznych, spo\u0142ecznych niepewno\u015bci i pozornej beznadziei w wydarzeniach \u015bwiatowych, to wydarzenie [&hellip;]<\/p>\n","protected":false},"author":1,"featured_media":17000,"comment_status":"closed","ping_status":"closed","sticky":false,"template":"","format":"standard","meta":{"_acf_changed":false,"_et_pb_use_builder":"","_et_pb_old_content":"","_et_gb_content_width":"","footnotes":"","_links_to":"","_links_to_target":""},"categories":[762],"tags":[],"class_list":["post-24542","post","type-post","status-publish","format-standard","has-post-thumbnail","hentry","category-swieta-ludwika-azja-pl"],"acf":[],"yoast_head":"<!-- This site is optimized with the Yoast SEO plugin v27.4 - https:\/\/yoast.com\/product\/yoast-seo-wordpress\/ -->\n<title>Czerwcowe potr\u00f3jne b\u0142ogos\u0142awie\u0144stwo - Filles de la Charit\u00e9<\/title>\n<meta name=\"robots\" content=\"index, follow, max-snippet:-1, max-image-preview:large, max-video-preview:-1\" \/>\n<link rel=\"canonical\" href=\"https:\/\/filles-de-la-charite.org\/pl\/czerwcowe-potrojne-blogoslawienstwo\/\" \/>\n<meta property=\"og:locale\" content=\"pl_PL\" \/>\n<meta property=\"og:type\" content=\"article\" \/>\n<meta property=\"og:title\" content=\"Czerwcowe potr\u00f3jne b\u0142ogos\u0142awie\u0144stwo - Filles de la Charit\u00e9\" \/>\n<meta property=\"og:description\" content=\"Prowincja St. Louise de Marillac &#8211; Asia z rado\u015bci\u0105 oczekiwa\u0142a na miesi\u0105c czerwiec, gdy\u017c spodziewa\u0142a si\u0119 obfitych b\u0142ogos\u0142awie\u0144stw, z kt\u00f3rych trzy przysz\u0142y w &#8222;kolorach t\u0119czy&#8221;. Miesi\u0105c czerwiec rozpocz\u0105\u0142 si\u0119 od mianowania Siostry Marii Any Rosario G. EVIDENTE Wizytatork\u0105 na kolejne 3 lata. Po\u015br\u00f3d politycznych, ekonomicznych, spo\u0142ecznych niepewno\u015bci i pozornej beznadziei w wydarzeniach \u015bwiatowych, to wydarzenie [&hellip;]\" \/>\n<meta property=\"og:url\" content=\"https:\/\/filles-de-la-charite.org\/pl\/czerwcowe-potrojne-blogoslawienstwo\/\" \/>\n<meta property=\"og:site_name\" content=\"Filles de la Charit\u00e9\" \/>\n<meta property=\"article:published_time\" content=\"2022-07-31T20:00:00+00:00\" \/>\n<meta property=\"article:modified_time\" content=\"2024-03-17T15:28:31+00:00\" \/>\n<meta property=\"og:image\" content=\"https:\/\/filles-de-la-charite.org\/wp-content\/uploads\/2023\/06\/thumbnail-The-Visit-scaled-1.jpg\" \/>\n\t<meta property=\"og:image:width\" content=\"2560\" \/>\n\t<meta property=\"og:image:height\" content=\"1440\" \/>\n\t<meta property=\"og:image:type\" content=\"image\/jpeg\" \/>\n<meta name=\"author\" content=\"admin\" \/>\n<meta name=\"twitter:card\" content=\"summary_large_image\" \/>\n<meta name=\"twitter:label1\" content=\"Napisane przez\" \/>\n\t<meta name=\"twitter:data1\" content=\"admin\" \/>\n\t<meta name=\"twitter:label2\" content=\"Szacowany czas czytania\" \/>\n\t<meta name=\"twitter:data2\" content=\"3 minuty\" \/>\n<script type=\"application\/ld+json\" class=\"yoast-schema-graph\">{\"@context\":\"https:\\\/\\\/schema.org\",\"@graph\":[{\"@type\":\"Article\",\"@id\":\"https:\\\/\\\/filles-de-la-charite.org\\\/pl\\\/czerwcowe-potrojne-blogoslawienstwo\\\/#article\",\"isPartOf\":{\"@id\":\"https:\\\/\\\/filles-de-la-charite.org\\\/pl\\\/czerwcowe-potrojne-blogoslawienstwo\\\/\"},\"author\":{\"name\":\"admin\",\"@id\":\"https:\\\/\\\/filles-de-la-charite.org\\\/pl\\\/#\\\/schema\\\/person\\\/427567b2eccfc2dd7d206da186a1f438\"},\"headline\":\"Czerwcowe potr\u00f3jne b\u0142ogos\u0142awie\u0144stwo\",\"datePublished\":\"2022-07-31T20:00:00+00:00\",\"dateModified\":\"2024-03-17T15:28:31+00:00\",\"mainEntityOfPage\":{\"@id\":\"https:\\\/\\\/filles-de-la-charite.org\\\/pl\\\/czerwcowe-potrojne-blogoslawienstwo\\\/\"},\"wordCount\":619,\"publisher\":{\"@id\":\"https:\\\/\\\/filles-de-la-charite.org\\\/pl\\\/#organization\"},\"image\":{\"@id\":\"https:\\\/\\\/filles-de-la-charite.org\\\/pl\\\/czerwcowe-potrojne-blogoslawienstwo\\\/#primaryimage\"},\"thumbnailUrl\":\"https:\\\/\\\/filles-de-la-charite.org\\\/wp-content\\\/uploads\\\/2023\\\/06\\\/thumbnail-The-Visit-scaled-1.jpg\",\"articleSection\":[\"\u015awi\u0119ta Ludwika \u2013 Azja\"],\"inLanguage\":\"pl-PL\"},{\"@type\":\"WebPage\",\"@id\":\"https:\\\/\\\/filles-de-la-charite.org\\\/pl\\\/czerwcowe-potrojne-blogoslawienstwo\\\/\",\"url\":\"https:\\\/\\\/filles-de-la-charite.org\\\/pl\\\/czerwcowe-potrojne-blogoslawienstwo\\\/\",\"name\":\"Czerwcowe potr\u00f3jne b\u0142ogos\u0142awie\u0144stwo - Filles de la Charit\u00e9\",\"isPartOf\":{\"@id\":\"https:\\\/\\\/filles-de-la-charite.org\\\/pl\\\/#website\"},\"primaryImageOfPage\":{\"@id\":\"https:\\\/\\\/filles-de-la-charite.org\\\/pl\\\/czerwcowe-potrojne-blogoslawienstwo\\\/#primaryimage\"},\"image\":{\"@id\":\"https:\\\/\\\/filles-de-la-charite.org\\\/pl\\\/czerwcowe-potrojne-blogoslawienstwo\\\/#primaryimage\"},\"thumbnailUrl\":\"https:\\\/\\\/filles-de-la-charite.org\\\/wp-content\\\/uploads\\\/2023\\\/06\\\/thumbnail-The-Visit-scaled-1.jpg\",\"datePublished\":\"2022-07-31T20:00:00+00:00\",\"dateModified\":\"2024-03-17T15:28:31+00:00\",\"breadcrumb\":{\"@id\":\"https:\\\/\\\/filles-de-la-charite.org\\\/pl\\\/czerwcowe-potrojne-blogoslawienstwo\\\/#breadcrumb\"},\"inLanguage\":\"pl-PL\",\"potentialAction\":[{\"@type\":\"ReadAction\",\"target\":[\"https:\\\/\\\/filles-de-la-charite.org\\\/pl\\\/czerwcowe-potrojne-blogoslawienstwo\\\/\"]}]},{\"@type\":\"ImageObject\",\"inLanguage\":\"pl-PL\",\"@id\":\"https:\\\/\\\/filles-de-la-charite.org\\\/pl\\\/czerwcowe-potrojne-blogoslawienstwo\\\/#primaryimage\",\"url\":\"https:\\\/\\\/filles-de-la-charite.org\\\/wp-content\\\/uploads\\\/2023\\\/06\\\/thumbnail-The-Visit-scaled-1.jpg\",\"contentUrl\":\"https:\\\/\\\/filles-de-la-charite.org\\\/wp-content\\\/uploads\\\/2023\\\/06\\\/thumbnail-The-Visit-scaled-1.jpg\",\"width\":2560,\"height\":1440},{\"@type\":\"BreadcrumbList\",\"@id\":\"https:\\\/\\\/filles-de-la-charite.org\\\/pl\\\/czerwcowe-potrojne-blogoslawienstwo\\\/#breadcrumb\",\"itemListElement\":[{\"@type\":\"ListItem\",\"position\":1,\"name\":\"Indonezja\",\"item\":\"https:\\\/\\\/filles-de-la-charite.org\\\/pl\\\/category\\\/indonezja\\\/\"},{\"@type\":\"ListItem\",\"position\":2,\"name\":\"Czerwcowe potr\u00f3jne b\u0142ogos\u0142awie\u0144stwo\"}]},{\"@type\":\"WebSite\",\"@id\":\"https:\\\/\\\/filles-de-la-charite.org\\\/pl\\\/#website\",\"url\":\"https:\\\/\\\/filles-de-la-charite.org\\\/pl\\\/\",\"name\":\"Hijas de la Caridad\",\"description\":\"L\u2019amour de J\u00e9sus nous presse \u00e0 prendre soin des personnes les plus d\u00e9munies\",\"publisher\":{\"@id\":\"https:\\\/\\\/filles-de-la-charite.org\\\/pl\\\/#organization\"},\"potentialAction\":[{\"@type\":\"SearchAction\",\"target\":{\"@type\":\"EntryPoint\",\"urlTemplate\":\"https:\\\/\\\/filles-de-la-charite.org\\\/pl\\\/?s={search_term_string}\"},\"query-input\":{\"@type\":\"PropertyValueSpecification\",\"valueRequired\":true,\"valueName\":\"search_term_string\"}}],\"inLanguage\":\"pl-PL\"},{\"@type\":\"Organization\",\"@id\":\"https:\\\/\\\/filles-de-la-charite.org\\\/pl\\\/#organization\",\"name\":\"Hijas de la Caridad\",\"url\":\"https:\\\/\\\/filles-de-la-charite.org\\\/pl\\\/\",\"logo\":{\"@type\":\"ImageObject\",\"inLanguage\":\"pl-PL\",\"@id\":\"https:\\\/\\\/filles-de-la-charite.org\\\/pl\\\/#\\\/schema\\\/logo\\\/image\\\/\",\"url\":\"https:\\\/\\\/filles-de-la-charite.org\\\/wp-content\\\/uploads\\\/2023\\\/03\\\/isotipo-Hijas-de-la-Caridad.png\",\"contentUrl\":\"https:\\\/\\\/filles-de-la-charite.org\\\/wp-content\\\/uploads\\\/2023\\\/03\\\/isotipo-Hijas-de-la-Caridad.png\",\"width\":1417,\"height\":1417,\"caption\":\"Hijas de la Caridad\"},\"image\":{\"@id\":\"https:\\\/\\\/filles-de-la-charite.org\\\/pl\\\/#\\\/schema\\\/logo\\\/image\\\/\"}},{\"@type\":\"Person\",\"@id\":\"https:\\\/\\\/filles-de-la-charite.org\\\/pl\\\/#\\\/schema\\\/person\\\/427567b2eccfc2dd7d206da186a1f438\",\"name\":\"admin\",\"image\":{\"@type\":\"ImageObject\",\"inLanguage\":\"pl-PL\",\"@id\":\"https:\\\/\\\/secure.gravatar.com\\\/avatar\\\/948b492cce32b586ac2db0eaa926ee87024f7afe218d73b397ea5ddfc5f43ea1?s=96&d=mm&r=g\",\"url\":\"https:\\\/\\\/secure.gravatar.com\\\/avatar\\\/948b492cce32b586ac2db0eaa926ee87024f7afe218d73b397ea5ddfc5f43ea1?s=96&d=mm&r=g\",\"contentUrl\":\"https:\\\/\\\/secure.gravatar.com\\\/avatar\\\/948b492cce32b586ac2db0eaa926ee87024f7afe218d73b397ea5ddfc5f43ea1?s=96&d=mm&r=g\",\"caption\":\"admin\"},\"sameAs\":[\"https:\\\/\\\/filles-de-la-charite.org\"],\"url\":\"https:\\\/\\\/filles-de-la-charite.org\\\/pl\\\/author\\\/caridad\\\/\"}]}<\/script>\n<!-- \/ Yoast SEO plugin. -->","yoast_head_json":{"title":"Czerwcowe potr\u00f3jne b\u0142ogos\u0142awie\u0144stwo - Filles de la Charit\u00e9","robots":{"index":"index","follow":"follow","max-snippet":"max-snippet:-1","max-image-preview":"max-image-preview:large","max-video-preview":"max-video-preview:-1"},"canonical":"https:\/\/filles-de-la-charite.org\/pl\/czerwcowe-potrojne-blogoslawienstwo\/","og_locale":"pl_PL","og_type":"article","og_title":"Czerwcowe potr\u00f3jne b\u0142ogos\u0142awie\u0144stwo - Filles de la Charit\u00e9","og_description":"Prowincja St. Louise de Marillac &#8211; Asia z rado\u015bci\u0105 oczekiwa\u0142a na miesi\u0105c czerwiec, gdy\u017c spodziewa\u0142a si\u0119 obfitych b\u0142ogos\u0142awie\u0144stw, z kt\u00f3rych trzy przysz\u0142y w &#8222;kolorach t\u0119czy&#8221;. Miesi\u0105c czerwiec rozpocz\u0105\u0142 si\u0119 od mianowania Siostry Marii Any Rosario G. EVIDENTE Wizytatork\u0105 na kolejne 3 lata. Po\u015br\u00f3d politycznych, ekonomicznych, spo\u0142ecznych niepewno\u015bci i pozornej beznadziei w wydarzeniach \u015bwiatowych, to wydarzenie [&hellip;]","og_url":"https:\/\/filles-de-la-charite.org\/pl\/czerwcowe-potrojne-blogoslawienstwo\/","og_site_name":"Filles de la Charit\u00e9","article_published_time":"2022-07-31T20:00:00+00:00","article_modified_time":"2024-03-17T15:28:31+00:00","og_image":[{"width":2560,"height":1440,"url":"https:\/\/filles-de-la-charite.org\/wp-content\/uploads\/2023\/06\/thumbnail-The-Visit-scaled-1.jpg","type":"image\/jpeg"}],"author":"admin","twitter_card":"summary_large_image","twitter_misc":{"Napisane przez":"admin","Szacowany czas czytania":"3 minuty"},"schema":{"@context":"https:\/\/schema.org","@graph":[{"@type":"Article","@id":"https:\/\/filles-de-la-charite.org\/pl\/czerwcowe-potrojne-blogoslawienstwo\/#article","isPartOf":{"@id":"https:\/\/filles-de-la-charite.org\/pl\/czerwcowe-potrojne-blogoslawienstwo\/"},"author":{"name":"admin","@id":"https:\/\/filles-de-la-charite.org\/pl\/#\/schema\/person\/427567b2eccfc2dd7d206da186a1f438"},"headline":"Czerwcowe potr\u00f3jne b\u0142ogos\u0142awie\u0144stwo","datePublished":"2022-07-31T20:00:00+00:00","dateModified":"2024-03-17T15:28:31+00:00","mainEntityOfPage":{"@id":"https:\/\/filles-de-la-charite.org\/pl\/czerwcowe-potrojne-blogoslawienstwo\/"},"wordCount":619,"publisher":{"@id":"https:\/\/filles-de-la-charite.org\/pl\/#organization"},"image":{"@id":"https:\/\/filles-de-la-charite.org\/pl\/czerwcowe-potrojne-blogoslawienstwo\/#primaryimage"},"thumbnailUrl":"https:\/\/filles-de-la-charite.org\/wp-content\/uploads\/2023\/06\/thumbnail-The-Visit-scaled-1.jpg","articleSection":["\u015awi\u0119ta Ludwika \u2013 Azja"],"inLanguage":"pl-PL"},{"@type":"WebPage","@id":"https:\/\/filles-de-la-charite.org\/pl\/czerwcowe-potrojne-blogoslawienstwo\/","url":"https:\/\/filles-de-la-charite.org\/pl\/czerwcowe-potrojne-blogoslawienstwo\/","name":"Czerwcowe potr\u00f3jne b\u0142ogos\u0142awie\u0144stwo - Filles de la Charit\u00e9","isPartOf":{"@id":"https:\/\/filles-de-la-charite.org\/pl\/#website"},"primaryImageOfPage":{"@id":"https:\/\/filles-de-la-charite.org\/pl\/czerwcowe-potrojne-blogoslawienstwo\/#primaryimage"},"image":{"@id":"https:\/\/filles-de-la-charite.org\/pl\/czerwcowe-potrojne-blogoslawienstwo\/#primaryimage"},"thumbnailUrl":"https:\/\/filles-de-la-charite.org\/wp-content\/uploads\/2023\/06\/thumbnail-The-Visit-scaled-1.jpg","datePublished":"2022-07-31T20:00:00+00:00","dateModified":"2024-03-17T15:28:31+00:00","breadcrumb":{"@id":"https:\/\/filles-de-la-charite.org\/pl\/czerwcowe-potrojne-blogoslawienstwo\/#breadcrumb"},"inLanguage":"pl-PL","potentialAction":[{"@type":"ReadAction","target":["https:\/\/filles-de-la-charite.org\/pl\/czerwcowe-potrojne-blogoslawienstwo\/"]}]},{"@type":"ImageObject","inLanguage":"pl-PL","@id":"https:\/\/filles-de-la-charite.org\/pl\/czerwcowe-potrojne-blogoslawienstwo\/#primaryimage","url":"https:\/\/filles-de-la-charite.org\/wp-content\/uploads\/2023\/06\/thumbnail-The-Visit-scaled-1.jpg","contentUrl":"https:\/\/filles-de-la-charite.org\/wp-content\/uploads\/2023\/06\/thumbnail-The-Visit-scaled-1.jpg","width":2560,"height":1440},{"@type":"BreadcrumbList","@id":"https:\/\/filles-de-la-charite.org\/pl\/czerwcowe-potrojne-blogoslawienstwo\/#breadcrumb","itemListElement":[{"@type":"ListItem","position":1,"name":"Indonezja","item":"https:\/\/filles-de-la-charite.org\/pl\/category\/indonezja\/"},{"@type":"ListItem","position":2,"name":"Czerwcowe potr\u00f3jne b\u0142ogos\u0142awie\u0144stwo"}]},{"@type":"WebSite","@id":"https:\/\/filles-de-la-charite.org\/pl\/#website","url":"https:\/\/filles-de-la-charite.org\/pl\/","name":"Hijas de la Caridad","description":"L\u2019amour de J\u00e9sus nous presse \u00e0 prendre soin des personnes les plus d\u00e9munies","publisher":{"@id":"https:\/\/filles-de-la-charite.org\/pl\/#organization"},"potentialAction":[{"@type":"SearchAction","target":{"@type":"EntryPoint","urlTemplate":"https:\/\/filles-de-la-charite.org\/pl\/?s={search_term_string}"},"query-input":{"@type":"PropertyValueSpecification","valueRequired":true,"valueName":"search_term_string"}}],"inLanguage":"pl-PL"},{"@type":"Organization","@id":"https:\/\/filles-de-la-charite.org\/pl\/#organization","name":"Hijas de la Caridad","url":"https:\/\/filles-de-la-charite.org\/pl\/","logo":{"@type":"ImageObject","inLanguage":"pl-PL","@id":"https:\/\/filles-de-la-charite.org\/pl\/#\/schema\/logo\/image\/","url":"https:\/\/filles-de-la-charite.org\/wp-content\/uploads\/2023\/03\/isotipo-Hijas-de-la-Caridad.png","contentUrl":"https:\/\/filles-de-la-charite.org\/wp-content\/uploads\/2023\/03\/isotipo-Hijas-de-la-Caridad.png","width":1417,"height":1417,"caption":"Hijas de la Caridad"},"image":{"@id":"https:\/\/filles-de-la-charite.org\/pl\/#\/schema\/logo\/image\/"}},{"@type":"Person","@id":"https:\/\/filles-de-la-charite.org\/pl\/#\/schema\/person\/427567b2eccfc2dd7d206da186a1f438","name":"admin","image":{"@type":"ImageObject","inLanguage":"pl-PL","@id":"https:\/\/secure.gravatar.com\/avatar\/948b492cce32b586ac2db0eaa926ee87024f7afe218d73b397ea5ddfc5f43ea1?s=96&d=mm&r=g","url":"https:\/\/secure.gravatar.com\/avatar\/948b492cce32b586ac2db0eaa926ee87024f7afe218d73b397ea5ddfc5f43ea1?s=96&d=mm&r=g","contentUrl":"https:\/\/secure.gravatar.com\/avatar\/948b492cce32b586ac2db0eaa926ee87024f7afe218d73b397ea5ddfc5f43ea1?s=96&d=mm&r=g","caption":"admin"},"sameAs":["https:\/\/filles-de-la-charite.org"],"url":"https:\/\/filles-de-la-charite.org\/pl\/author\/caridad\/"}]}},"_links":{"self":[{"href":"https:\/\/filles-de-la-charite.org\/pl\/wp-json\/wp\/v2\/posts\/24542","targetHints":{"allow":["GET"]}}],"collection":[{"href":"https:\/\/filles-de-la-charite.org\/pl\/wp-json\/wp\/v2\/posts"}],"about":[{"href":"https:\/\/filles-de-la-charite.org\/pl\/wp-json\/wp\/v2\/types\/post"}],"author":[{"embeddable":true,"href":"https:\/\/filles-de-la-charite.org\/pl\/wp-json\/wp\/v2\/users\/1"}],"replies":[{"embeddable":true,"href":"https:\/\/filles-de-la-charite.org\/pl\/wp-json\/wp\/v2\/comments?post=24542"}],"version-history":[{"count":1,"href":"https:\/\/filles-de-la-charite.org\/pl\/wp-json\/wp\/v2\/posts\/24542\/revisions"}],"predecessor-version":[{"id":24543,"href":"https:\/\/filles-de-la-charite.org\/pl\/wp-json\/wp\/v2\/posts\/24542\/revisions\/24543"}],"wp:featuredmedia":[{"embeddable":true,"href":"https:\/\/filles-de-la-charite.org\/pl\/wp-json\/wp\/v2\/media\/17000"}],"wp:attachment":[{"href":"https:\/\/filles-de-la-charite.org\/pl\/wp-json\/wp\/v2\/media?parent=24542"}],"wp:term":[{"taxonomy":"category","embeddable":true,"href":"https:\/\/filles-de-la-charite.org\/pl\/wp-json\/wp\/v2\/categories?post=24542"},{"taxonomy":"post_tag","embeddable":true,"href":"https:\/\/filles-de-la-charite.org\/pl\/wp-json\/wp\/v2\/tags?post=24542"}],"curies":[{"name":"wp","href":"https:\/\/api.w.org\/{rel}","templated":true}]}}