{"id":24551,"date":"2022-08-31T22:00:00","date_gmt":"2022-08-31T20:00:00","guid":{"rendered":"https:\/\/hijascaridad.sjdigitaldemo.ovh\/dni-laski-i-blogoslawienstwa-w-prowincjach-ameryki-lacinskiej-i-karaibow\/"},"modified":"2024-03-17T16:26:41","modified_gmt":"2024-03-17T15:26:41","slug":"dni-laski-i-blogoslawienstwa-w-prowincjach-ameryki-lacinskiej-i-karaibow","status":"publish","type":"post","link":"https:\/\/filles-de-la-charite.org\/pl\/dni-laski-i-blogoslawienstwa-w-prowincjach-ameryki-lacinskiej-i-karaibow\/","title":{"rendered":"Dni \u0142aski i b\u0142ogos\u0142awie\u0144stwa w Prowincjach Ameryki \u0141aci\u0144skiej i Karaib\u00f3w"},"content":{"rendered":"\n<p>Podobnie jak w nocy z 18\/19 lipca 1830 roku tak i dzi\u015b Naj\u015bwi\u0119tsza Dziewica potwierdza:&nbsp; <strong>&#8222;Kocham Wasze Zgromadzenie&#8221;<\/strong>. Nie s\u0105 to s\u0142owa z przesz\u0142o\u015bci; s\u0105 to Jej uczucia i zawsze ukazuj\u0105 si\u0119 w Jej czynach.<\/p>\n\n\n\n<p>To niew\u0105tpliwie Jej mi\u0142o\u015b\u0107 do Zgromadzenia by\u0142a wyczuwalna w dniach od 12 do 20 lipca 2022 r., kiedy to zgromadzi\u0142y\u015bmy si\u0119, aby \u015bwi\u0119towa\u0107 pi\u0119kne wydarzenia, zw\u0142aszcza pos\u0142anie na misje 12 Si\u00f3str i przyj\u0119cie do Zgromadzenia 22 nowych Si\u00f3str Mi\u0142osierdzia w obecno\u015bci Siostry Fran\u00e7oise Petit, Prze\u0142o\u017conej Generalnej, Siostry Alicii Margarity Cort\u00e9s, Radnej Generalnej, Wizytatorek i Radnych ds. formacji z 8 Prowincji Ameryki \u0141aci\u0144skiej i Karaib\u00f3w.<\/p>\n\n\n\n<div class=\"wp-block-image\"><figure class=\"alignleft size-large\"><img decoding=\"async\" src=\"https:\/\/filles-de-la-charite.org\/wp-content\/uploads\/2023\/06\/01.-EUCARISTIA-DE-ACOGIDA-NUEVAS-HERMANAS-1024x682-1.jpg\" alt=\"\" class=\"wp-image-71393\"\/><\/figure><\/div>\n\n\n\n<p>Wieczorem 18 lipca br. 3 Siostry zosta\u0142y pos\u0142ane do Prowincji Meksyku, 4 do Prowincji La Milagrosa Bogota-Venezuela, 3 do Prowincji Cali, 1 do Prowincji Matki Bo\u017cej Misyjnej Ameryki Po\u0142udniowej i 1 do Prowincji Ekwadoru. Dwana\u015bcie nowych S\u0142u\u017cebnic, pe\u0142nych rado\u015bci, zosta\u0142o pos\u0142anych, aby uda\u0107 si\u0119 do dom\u00f3w i serc os\u00f3b, kt\u00f3re znajduj\u0105 si\u0119 w sytuacji ub\u00f3stwa, aby s\u0142u\u017cy\u0107 im i kocha\u0107 je w imi\u0119 naszego Pana.<\/p>\n\n\n\n<p>Z kolei 22 m\u0142odych kobiet: 4 z Meksyku, 4 z La Milagrosa Bogot\u00e1-Venezuela, 3 z Karaib\u00f3w, 3 z Ekwadoru, 2 z Matki Bo\u017cej Misyjnej i 6 z Cali, otworzy\u0142y swoje serca na dzia\u0142anie Boskiego Siewcy w nowych \u201ebruzdach\u201d Mi\u0119dzyprowincjalnego Seminarium, kt\u00f3re ma siedzib\u0119 w Cali, w Kolumbii, aby by\u0107 uformowane jako S\u0142u\u017cebnice tych, kt\u00f3rzy s\u0105 Ubodzy w dzisiejszym \u015bwiecie.<\/p>\n\n\n\n<figure class=\"wp-block-image size-large\"><img decoding=\"async\" src=\"https:\/\/filles-de-la-charite.org\/wp-content\/uploads\/2023\/06\/02.-GRUPO-DE-HERMANAS-QUE-INGRESARON-EN-LA-COMPANIA-1024x682-1.jpg\" alt=\"\" class=\"wp-image-71387\"\/><\/figure>\n\n\n\n<p>Podczas tej uroczysto\u015bci wzi\u0119li udzia\u0142 pielgrzymi, czciciele Naj\u015bwi\u0119tszej Dziewicy, kt\u00f3rzy przybywaj\u0105 do naszej Kaplicy szczeg\u00f3lnie we wtorki, wzruszeni Eucharysti\u0105 celebruj\u0105c\u0105 pos\u0142anie i przyj\u0119cie do Zgromadzenia.<\/p>\n\n\n\n<div class=\"wp-block-image\"><figure class=\"alignright size-large\"><img decoding=\"async\" src=\"https:\/\/filles-de-la-charite.org\/wp-content\/uploads\/2023\/06\/04.-PROCESION-DE-ENTRADA-1024x682-1.jpg\" alt=\"\" class=\"wp-image-71389\"\/><\/figure><\/div>\n\n\n\n<p>W dniach od 12 do 19 lipca do\u015bwiadczy\u0142y\u015bmy szczeg\u00f3lnie mi\u0142o\u015bci naszego Pana, kiedy to Mi\u0119dzyprowincjalne Seminarium z siedzib\u0105 w Prowincji Cali go\u015bci\u0142o Siostr\u0119 Fran\u00e7oise PETIT, Prze\u0142o\u017con\u0105 Generaln\u0105, nast\u0119pczyni\u0119 \u015awi\u0119tej Ludwiki, kt\u00f3rej proste \u017cycie oraz jasne i g\u0142\u0119bokie wypowiedzi, by\u0142y dla ka\u017cdej z nas drogowskazem i \u015bwie\u017cym powiewem, kt\u00f3re wype\u0142nia\u0142o i umacnia\u0142o nasz\u0105 mi\u0142o\u015b\u0107 i poczucie przynale\u017cno\u015bci do Zgromadzenia.<\/p>\n\n\n\n<figure class=\"wp-block-image size-large\"><img decoding=\"async\" src=\"https:\/\/filles-de-la-charite.org\/wp-content\/uploads\/2023\/06\/05.-SOR-FRANCOISE-NOS-DIRIGE-SU-INTERVENCION-1024x484-1.jpg\" alt=\"\" class=\"wp-image-71390\"\/><\/figure>\n\n\n\n<p>Siostry z Prowincji Cali, zgromadzone w dw\u00f3ch grupach regionalnych, mia\u0142y \u0142ask\u0119 spotkania z Prze\u0142o\u017con\u0105 Generaln\u0105, kt\u00f3ra poprowadzi\u0142a refleksj\u0119 nad drugimi drzwiami Dokumentu Mi\u0119dzykonwentowego: <strong>&#8222;Ku odnowie serca i ducha&#8221;<\/strong> i jego kluczem: <strong>&#8222;Nawraca\u0107 si\u0119, by rozwija\u0107 braterstwo&#8221;<\/strong>. Podzieli\u0142a si\u0119 r\u00f3wnie\u017c z Siostrami Seminarzystkami, Wizytatorkami i Formatorkami swoimi <strong>marzeniami i nadziejami dotycz\u0105cymi nowych powo\u0142a\u0144 w Zgromadzeniu<\/strong>.<\/p>\n\n\n\n<p>Wizytatorki i Radne ds. formacji wykorzysta\u0142y te dni na ocen\u0119 i aktualizacj\u0119 Statut\u00f3w Mi\u0119dzyprowincjalnego Seminarium, jak r\u00f3wnie\u017c na modyfikacj\u0119 kryteri\u00f3w jednolitego planu etap\u00f3w formacji pocz\u0105tkowej. Matka ze swej strony podzieli\u0142a si\u0119 refleksj\u0105 na temat sz\u00f3stych drzwi dokumentu Mi\u0119dzykonwentowego: &#8222;Ku kulturze spotkania&#8221;.<\/p>\n\n\n\n<div class=\"wp-block-image\"><figure class=\"alignleft size-large\"><img decoding=\"async\" src=\"https:\/\/filles-de-la-charite.org\/wp-content\/uploads\/2023\/06\/06.-ENCUENTRO-CON-LAS-VISITADORAS-copia-1024x768-1.jpg\" alt=\"\" class=\"wp-image-71391\"\/><\/figure><\/div>\n\n\n\n<p>Dzi\u0119kujemy Bogu i Naj\u015bwi\u0119tszej Dziewicy Niepokalanej, kt\u00f3ra pozwoli\u0142a nam prze\u017cy\u0107 to do\u015bwiadczenie mi\u0119dzynarodowo\u015bci i mi\u0119dzykulturowo\u015bci, kt\u00f3re ubogaci\u0142o nasze bycie Siostrami Mi\u0142osierdzia.<\/p>\n\n\n\n<p>Dzi\u0119kujemy Prze\u0142o\u017conej Generalnej za czas, kt\u00f3ry nam po\u015bwi\u0119ci\u0142a, za g\u0142\u0119bokie refleksje, a przede wszystkim za jej \u015bwiadectwo jako prostej, otwartej i wsp\u00f3\u0142czuj\u0105cej Siostry Mi\u0142osierdzia.<\/p>\n\n\n\n<p>Dzi\u0119kujemy r\u00f3wnie\u017c Siostrze Alicji Margaricie za bliskie towarzyszenie podczas ka\u017cdego wydarzenia i w ka\u017cdym spotkaniu, kt\u00f3re si\u0119 odby\u0142o.&nbsp;<\/p>\n\n\n\n<figure class=\"wp-block-image size-large\"><img decoding=\"async\" src=\"https:\/\/filles-de-la-charite.org\/wp-content\/uploads\/2023\/06\/07.-CON-LAS-VISITADORAS-EN-EL-SEMINARIO-1024x485-1.jpg\" alt=\"\" class=\"wp-image-71392\"\/><\/figure>\n\n\n\n<p class=\"has-text-align-center\"><strong><em><strong><em>\u201eC\u00f3\u017c oddam Panu za wszystko, co mi wy\u015bwiadczy\u0142?\u201d(Psalm 116,12)<\/em><\/strong><\/em><\/strong><\/p>\n","protected":false},"excerpt":{"rendered":"<p>Podobnie jak w nocy z 18\/19 lipca 1830 roku tak i dzi\u015b Naj\u015bwi\u0119tsza Dziewica potwierdza:&nbsp; &#8222;Kocham Wasze Zgromadzenie&#8221;. Nie s\u0105 to s\u0142owa z przesz\u0142o\u015bci; s\u0105 to Jej uczucia i zawsze ukazuj\u0105 si\u0119 w Jej czynach. To niew\u0105tpliwie Jej mi\u0142o\u015b\u0107 do Zgromadzenia by\u0142a wyczuwalna w dniach od 12 do 20 lipca 2022 r., kiedy to zgromadzi\u0142y\u015bmy [&hellip;]<\/p>\n","protected":false},"author":1,"featured_media":17051,"comment_status":"closed","ping_status":"closed","sticky":false,"template":"","format":"standard","meta":{"_acf_changed":false,"_et_pb_use_builder":"","_et_pb_old_content":"","_et_gb_content_width":"","footnotes":"","_links_to":"","_links_to_target":""},"categories":[769,757],"tags":[],"class_list":["post-24551","post","type-post","status-publish","format-standard","has-post-thumbnail","hentry","category-ameryka-poludniowa-pl-2","category-caribe-pl"],"acf":[],"yoast_head":"<!-- This site is optimized with the Yoast SEO plugin v27.5 - https:\/\/yoast.com\/product\/yoast-seo-wordpress\/ -->\n<title>Dni \u0142aski i b\u0142ogos\u0142awie\u0144stwa w Prowincjach Ameryki \u0141aci\u0144skiej i Karaib\u00f3w - Filles de la Charit\u00e9<\/title>\n<meta name=\"robots\" content=\"index, follow, max-snippet:-1, max-image-preview:large, max-video-preview:-1\" \/>\n<link rel=\"canonical\" href=\"https:\/\/filles-de-la-charite.org\/pl\/dni-laski-i-blogoslawienstwa-w-prowincjach-ameryki-lacinskiej-i-karaibow\/\" \/>\n<meta property=\"og:locale\" content=\"pl_PL\" \/>\n<meta property=\"og:type\" content=\"article\" \/>\n<meta property=\"og:title\" content=\"Dni \u0142aski i b\u0142ogos\u0142awie\u0144stwa w Prowincjach Ameryki \u0141aci\u0144skiej i Karaib\u00f3w - Filles de la Charit\u00e9\" \/>\n<meta property=\"og:description\" content=\"Podobnie jak w nocy z 18\/19 lipca 1830 roku tak i dzi\u015b Naj\u015bwi\u0119tsza Dziewica potwierdza:&nbsp; &#8222;Kocham Wasze Zgromadzenie&#8221;. Nie s\u0105 to s\u0142owa z przesz\u0142o\u015bci; s\u0105 to Jej uczucia i zawsze ukazuj\u0105 si\u0119 w Jej czynach. To niew\u0105tpliwie Jej mi\u0142o\u015b\u0107 do Zgromadzenia by\u0142a wyczuwalna w dniach od 12 do 20 lipca 2022 r., kiedy to zgromadzi\u0142y\u015bmy [&hellip;]\" \/>\n<meta property=\"og:url\" content=\"https:\/\/filles-de-la-charite.org\/pl\/dni-laski-i-blogoslawienstwa-w-prowincjach-ameryki-lacinskiej-i-karaibow\/\" \/>\n<meta property=\"og:site_name\" content=\"Filles de la Charit\u00e9\" \/>\n<meta property=\"article:published_time\" content=\"2022-08-31T20:00:00+00:00\" \/>\n<meta property=\"article:modified_time\" content=\"2024-03-17T15:26:41+00:00\" \/>\n<meta property=\"og:image\" content=\"https:\/\/filles-de-la-charite.org\/wp-content\/uploads\/2023\/06\/03.-ENTREGA-DE-CONSTITUCIONES-EN-EL-SEMINARIO-GRUPO-COMPLETO.jpg\" \/>\n\t<meta property=\"og:image:width\" content=\"1280\" \/>\n\t<meta property=\"og:image:height\" content=\"606\" \/>\n\t<meta property=\"og:image:type\" content=\"image\/jpeg\" \/>\n<meta name=\"author\" content=\"admin\" \/>\n<meta name=\"twitter:card\" content=\"summary_large_image\" \/>\n<meta name=\"twitter:label1\" content=\"Napisane przez\" \/>\n\t<meta name=\"twitter:data1\" content=\"admin\" \/>\n\t<meta name=\"twitter:label2\" content=\"Szacowany czas czytania\" \/>\n\t<meta name=\"twitter:data2\" content=\"3 minuty\" \/>\n<script type=\"application\/ld+json\" class=\"yoast-schema-graph\">{\"@context\":\"https:\\\/\\\/schema.org\",\"@graph\":[{\"@type\":\"Article\",\"@id\":\"https:\\\/\\\/filles-de-la-charite.org\\\/pl\\\/dni-laski-i-blogoslawienstwa-w-prowincjach-ameryki-lacinskiej-i-karaibow\\\/#article\",\"isPartOf\":{\"@id\":\"https:\\\/\\\/filles-de-la-charite.org\\\/pl\\\/dni-laski-i-blogoslawienstwa-w-prowincjach-ameryki-lacinskiej-i-karaibow\\\/\"},\"author\":{\"name\":\"admin\",\"@id\":\"https:\\\/\\\/filles-de-la-charite.org\\\/pl\\\/#\\\/schema\\\/person\\\/427567b2eccfc2dd7d206da186a1f438\"},\"headline\":\"Dni \u0142aski i b\u0142ogos\u0142awie\u0144stwa w Prowincjach Ameryki \u0141aci\u0144skiej i Karaib\u00f3w\",\"datePublished\":\"2022-08-31T20:00:00+00:00\",\"dateModified\":\"2024-03-17T15:26:41+00:00\",\"mainEntityOfPage\":{\"@id\":\"https:\\\/\\\/filles-de-la-charite.org\\\/pl\\\/dni-laski-i-blogoslawienstwa-w-prowincjach-ameryki-lacinskiej-i-karaibow\\\/\"},\"wordCount\":608,\"publisher\":{\"@id\":\"https:\\\/\\\/filles-de-la-charite.org\\\/pl\\\/#organization\"},\"image\":{\"@id\":\"https:\\\/\\\/filles-de-la-charite.org\\\/pl\\\/dni-laski-i-blogoslawienstwa-w-prowincjach-ameryki-lacinskiej-i-karaibow\\\/#primaryimage\"},\"thumbnailUrl\":\"https:\\\/\\\/filles-de-la-charite.org\\\/wp-content\\\/uploads\\\/2023\\\/06\\\/03.-ENTREGA-DE-CONSTITUCIONES-EN-EL-SEMINARIO-GRUPO-COMPLETO.jpg\",\"articleSection\":[\"Ameryka Poludniowa\",\"Karaiby\"],\"inLanguage\":\"pl-PL\"},{\"@type\":\"WebPage\",\"@id\":\"https:\\\/\\\/filles-de-la-charite.org\\\/pl\\\/dni-laski-i-blogoslawienstwa-w-prowincjach-ameryki-lacinskiej-i-karaibow\\\/\",\"url\":\"https:\\\/\\\/filles-de-la-charite.org\\\/pl\\\/dni-laski-i-blogoslawienstwa-w-prowincjach-ameryki-lacinskiej-i-karaibow\\\/\",\"name\":\"Dni \u0142aski i b\u0142ogos\u0142awie\u0144stwa w Prowincjach Ameryki \u0141aci\u0144skiej i Karaib\u00f3w - Filles de la Charit\u00e9\",\"isPartOf\":{\"@id\":\"https:\\\/\\\/filles-de-la-charite.org\\\/pl\\\/#website\"},\"primaryImageOfPage\":{\"@id\":\"https:\\\/\\\/filles-de-la-charite.org\\\/pl\\\/dni-laski-i-blogoslawienstwa-w-prowincjach-ameryki-lacinskiej-i-karaibow\\\/#primaryimage\"},\"image\":{\"@id\":\"https:\\\/\\\/filles-de-la-charite.org\\\/pl\\\/dni-laski-i-blogoslawienstwa-w-prowincjach-ameryki-lacinskiej-i-karaibow\\\/#primaryimage\"},\"thumbnailUrl\":\"https:\\\/\\\/filles-de-la-charite.org\\\/wp-content\\\/uploads\\\/2023\\\/06\\\/03.-ENTREGA-DE-CONSTITUCIONES-EN-EL-SEMINARIO-GRUPO-COMPLETO.jpg\",\"datePublished\":\"2022-08-31T20:00:00+00:00\",\"dateModified\":\"2024-03-17T15:26:41+00:00\",\"breadcrumb\":{\"@id\":\"https:\\\/\\\/filles-de-la-charite.org\\\/pl\\\/dni-laski-i-blogoslawienstwa-w-prowincjach-ameryki-lacinskiej-i-karaibow\\\/#breadcrumb\"},\"inLanguage\":\"pl-PL\",\"potentialAction\":[{\"@type\":\"ReadAction\",\"target\":[\"https:\\\/\\\/filles-de-la-charite.org\\\/pl\\\/dni-laski-i-blogoslawienstwa-w-prowincjach-ameryki-lacinskiej-i-karaibow\\\/\"]}]},{\"@type\":\"ImageObject\",\"inLanguage\":\"pl-PL\",\"@id\":\"https:\\\/\\\/filles-de-la-charite.org\\\/pl\\\/dni-laski-i-blogoslawienstwa-w-prowincjach-ameryki-lacinskiej-i-karaibow\\\/#primaryimage\",\"url\":\"https:\\\/\\\/filles-de-la-charite.org\\\/wp-content\\\/uploads\\\/2023\\\/06\\\/03.-ENTREGA-DE-CONSTITUCIONES-EN-EL-SEMINARIO-GRUPO-COMPLETO.jpg\",\"contentUrl\":\"https:\\\/\\\/filles-de-la-charite.org\\\/wp-content\\\/uploads\\\/2023\\\/06\\\/03.-ENTREGA-DE-CONSTITUCIONES-EN-EL-SEMINARIO-GRUPO-COMPLETO.jpg\",\"width\":1280,\"height\":606},{\"@type\":\"BreadcrumbList\",\"@id\":\"https:\\\/\\\/filles-de-la-charite.org\\\/pl\\\/dni-laski-i-blogoslawienstwa-w-prowincjach-ameryki-lacinskiej-i-karaibow\\\/#breadcrumb\",\"itemListElement\":[{\"@type\":\"ListItem\",\"position\":1,\"name\":\"Prowincja S\u00e3o Paulo, Brazylia\",\"item\":\"https:\\\/\\\/filles-de-la-charite.org\\\/pl\\\/category\\\/prowincja-sao-paulo-brazylia-pl\\\/\"},{\"@type\":\"ListItem\",\"position\":2,\"name\":\"Dni \u0142aski i b\u0142ogos\u0142awie\u0144stwa w Prowincjach Ameryki \u0141aci\u0144skiej i Karaib\u00f3w\"}]},{\"@type\":\"WebSite\",\"@id\":\"https:\\\/\\\/filles-de-la-charite.org\\\/pl\\\/#website\",\"url\":\"https:\\\/\\\/filles-de-la-charite.org\\\/pl\\\/\",\"name\":\"Hijas de la Caridad\",\"description\":\"L\u2019amour de J\u00e9sus nous presse \u00e0 prendre soin des personnes les plus d\u00e9munies\",\"publisher\":{\"@id\":\"https:\\\/\\\/filles-de-la-charite.org\\\/pl\\\/#organization\"},\"potentialAction\":[{\"@type\":\"SearchAction\",\"target\":{\"@type\":\"EntryPoint\",\"urlTemplate\":\"https:\\\/\\\/filles-de-la-charite.org\\\/pl\\\/?s={search_term_string}\"},\"query-input\":{\"@type\":\"PropertyValueSpecification\",\"valueRequired\":true,\"valueName\":\"search_term_string\"}}],\"inLanguage\":\"pl-PL\"},{\"@type\":\"Organization\",\"@id\":\"https:\\\/\\\/filles-de-la-charite.org\\\/pl\\\/#organization\",\"name\":\"Hijas de la Caridad\",\"url\":\"https:\\\/\\\/filles-de-la-charite.org\\\/pl\\\/\",\"logo\":{\"@type\":\"ImageObject\",\"inLanguage\":\"pl-PL\",\"@id\":\"https:\\\/\\\/filles-de-la-charite.org\\\/pl\\\/#\\\/schema\\\/logo\\\/image\\\/\",\"url\":\"https:\\\/\\\/filles-de-la-charite.org\\\/wp-content\\\/uploads\\\/2023\\\/03\\\/isotipo-Hijas-de-la-Caridad.png\",\"contentUrl\":\"https:\\\/\\\/filles-de-la-charite.org\\\/wp-content\\\/uploads\\\/2023\\\/03\\\/isotipo-Hijas-de-la-Caridad.png\",\"width\":1417,\"height\":1417,\"caption\":\"Hijas de la Caridad\"},\"image\":{\"@id\":\"https:\\\/\\\/filles-de-la-charite.org\\\/pl\\\/#\\\/schema\\\/logo\\\/image\\\/\"}},{\"@type\":\"Person\",\"@id\":\"https:\\\/\\\/filles-de-la-charite.org\\\/pl\\\/#\\\/schema\\\/person\\\/427567b2eccfc2dd7d206da186a1f438\",\"name\":\"admin\",\"image\":{\"@type\":\"ImageObject\",\"inLanguage\":\"pl-PL\",\"@id\":\"https:\\\/\\\/secure.gravatar.com\\\/avatar\\\/948b492cce32b586ac2db0eaa926ee87024f7afe218d73b397ea5ddfc5f43ea1?s=96&d=mm&r=g\",\"url\":\"https:\\\/\\\/secure.gravatar.com\\\/avatar\\\/948b492cce32b586ac2db0eaa926ee87024f7afe218d73b397ea5ddfc5f43ea1?s=96&d=mm&r=g\",\"contentUrl\":\"https:\\\/\\\/secure.gravatar.com\\\/avatar\\\/948b492cce32b586ac2db0eaa926ee87024f7afe218d73b397ea5ddfc5f43ea1?s=96&d=mm&r=g\",\"caption\":\"admin\"},\"sameAs\":[\"https:\\\/\\\/filles-de-la-charite.org\"],\"url\":\"https:\\\/\\\/filles-de-la-charite.org\\\/pl\\\/author\\\/caridad\\\/\"}]}<\/script>\n<!-- \/ Yoast SEO plugin. -->","yoast_head_json":{"title":"Dni \u0142aski i b\u0142ogos\u0142awie\u0144stwa w Prowincjach Ameryki \u0141aci\u0144skiej i Karaib\u00f3w - Filles de la Charit\u00e9","robots":{"index":"index","follow":"follow","max-snippet":"max-snippet:-1","max-image-preview":"max-image-preview:large","max-video-preview":"max-video-preview:-1"},"canonical":"https:\/\/filles-de-la-charite.org\/pl\/dni-laski-i-blogoslawienstwa-w-prowincjach-ameryki-lacinskiej-i-karaibow\/","og_locale":"pl_PL","og_type":"article","og_title":"Dni \u0142aski i b\u0142ogos\u0142awie\u0144stwa w Prowincjach Ameryki \u0141aci\u0144skiej i Karaib\u00f3w - Filles de la Charit\u00e9","og_description":"Podobnie jak w nocy z 18\/19 lipca 1830 roku tak i dzi\u015b Naj\u015bwi\u0119tsza Dziewica potwierdza:&nbsp; &#8222;Kocham Wasze Zgromadzenie&#8221;. Nie s\u0105 to s\u0142owa z przesz\u0142o\u015bci; s\u0105 to Jej uczucia i zawsze ukazuj\u0105 si\u0119 w Jej czynach. To niew\u0105tpliwie Jej mi\u0142o\u015b\u0107 do Zgromadzenia by\u0142a wyczuwalna w dniach od 12 do 20 lipca 2022 r., kiedy to zgromadzi\u0142y\u015bmy [&hellip;]","og_url":"https:\/\/filles-de-la-charite.org\/pl\/dni-laski-i-blogoslawienstwa-w-prowincjach-ameryki-lacinskiej-i-karaibow\/","og_site_name":"Filles de la Charit\u00e9","article_published_time":"2022-08-31T20:00:00+00:00","article_modified_time":"2024-03-17T15:26:41+00:00","og_image":[{"width":1280,"height":606,"url":"https:\/\/filles-de-la-charite.org\/wp-content\/uploads\/2023\/06\/03.-ENTREGA-DE-CONSTITUCIONES-EN-EL-SEMINARIO-GRUPO-COMPLETO.jpg","type":"image\/jpeg"}],"author":"admin","twitter_card":"summary_large_image","twitter_misc":{"Napisane przez":"admin","Szacowany czas czytania":"3 minuty"},"schema":{"@context":"https:\/\/schema.org","@graph":[{"@type":"Article","@id":"https:\/\/filles-de-la-charite.org\/pl\/dni-laski-i-blogoslawienstwa-w-prowincjach-ameryki-lacinskiej-i-karaibow\/#article","isPartOf":{"@id":"https:\/\/filles-de-la-charite.org\/pl\/dni-laski-i-blogoslawienstwa-w-prowincjach-ameryki-lacinskiej-i-karaibow\/"},"author":{"name":"admin","@id":"https:\/\/filles-de-la-charite.org\/pl\/#\/schema\/person\/427567b2eccfc2dd7d206da186a1f438"},"headline":"Dni \u0142aski i b\u0142ogos\u0142awie\u0144stwa w Prowincjach Ameryki \u0141aci\u0144skiej i Karaib\u00f3w","datePublished":"2022-08-31T20:00:00+00:00","dateModified":"2024-03-17T15:26:41+00:00","mainEntityOfPage":{"@id":"https:\/\/filles-de-la-charite.org\/pl\/dni-laski-i-blogoslawienstwa-w-prowincjach-ameryki-lacinskiej-i-karaibow\/"},"wordCount":608,"publisher":{"@id":"https:\/\/filles-de-la-charite.org\/pl\/#organization"},"image":{"@id":"https:\/\/filles-de-la-charite.org\/pl\/dni-laski-i-blogoslawienstwa-w-prowincjach-ameryki-lacinskiej-i-karaibow\/#primaryimage"},"thumbnailUrl":"https:\/\/filles-de-la-charite.org\/wp-content\/uploads\/2023\/06\/03.-ENTREGA-DE-CONSTITUCIONES-EN-EL-SEMINARIO-GRUPO-COMPLETO.jpg","articleSection":["Ameryka Poludniowa","Karaiby"],"inLanguage":"pl-PL"},{"@type":"WebPage","@id":"https:\/\/filles-de-la-charite.org\/pl\/dni-laski-i-blogoslawienstwa-w-prowincjach-ameryki-lacinskiej-i-karaibow\/","url":"https:\/\/filles-de-la-charite.org\/pl\/dni-laski-i-blogoslawienstwa-w-prowincjach-ameryki-lacinskiej-i-karaibow\/","name":"Dni \u0142aski i b\u0142ogos\u0142awie\u0144stwa w Prowincjach Ameryki \u0141aci\u0144skiej i Karaib\u00f3w - Filles de la Charit\u00e9","isPartOf":{"@id":"https:\/\/filles-de-la-charite.org\/pl\/#website"},"primaryImageOfPage":{"@id":"https:\/\/filles-de-la-charite.org\/pl\/dni-laski-i-blogoslawienstwa-w-prowincjach-ameryki-lacinskiej-i-karaibow\/#primaryimage"},"image":{"@id":"https:\/\/filles-de-la-charite.org\/pl\/dni-laski-i-blogoslawienstwa-w-prowincjach-ameryki-lacinskiej-i-karaibow\/#primaryimage"},"thumbnailUrl":"https:\/\/filles-de-la-charite.org\/wp-content\/uploads\/2023\/06\/03.-ENTREGA-DE-CONSTITUCIONES-EN-EL-SEMINARIO-GRUPO-COMPLETO.jpg","datePublished":"2022-08-31T20:00:00+00:00","dateModified":"2024-03-17T15:26:41+00:00","breadcrumb":{"@id":"https:\/\/filles-de-la-charite.org\/pl\/dni-laski-i-blogoslawienstwa-w-prowincjach-ameryki-lacinskiej-i-karaibow\/#breadcrumb"},"inLanguage":"pl-PL","potentialAction":[{"@type":"ReadAction","target":["https:\/\/filles-de-la-charite.org\/pl\/dni-laski-i-blogoslawienstwa-w-prowincjach-ameryki-lacinskiej-i-karaibow\/"]}]},{"@type":"ImageObject","inLanguage":"pl-PL","@id":"https:\/\/filles-de-la-charite.org\/pl\/dni-laski-i-blogoslawienstwa-w-prowincjach-ameryki-lacinskiej-i-karaibow\/#primaryimage","url":"https:\/\/filles-de-la-charite.org\/wp-content\/uploads\/2023\/06\/03.-ENTREGA-DE-CONSTITUCIONES-EN-EL-SEMINARIO-GRUPO-COMPLETO.jpg","contentUrl":"https:\/\/filles-de-la-charite.org\/wp-content\/uploads\/2023\/06\/03.-ENTREGA-DE-CONSTITUCIONES-EN-EL-SEMINARIO-GRUPO-COMPLETO.jpg","width":1280,"height":606},{"@type":"BreadcrumbList","@id":"https:\/\/filles-de-la-charite.org\/pl\/dni-laski-i-blogoslawienstwa-w-prowincjach-ameryki-lacinskiej-i-karaibow\/#breadcrumb","itemListElement":[{"@type":"ListItem","position":1,"name":"Prowincja S\u00e3o Paulo, Brazylia","item":"https:\/\/filles-de-la-charite.org\/pl\/category\/prowincja-sao-paulo-brazylia-pl\/"},{"@type":"ListItem","position":2,"name":"Dni \u0142aski i b\u0142ogos\u0142awie\u0144stwa w Prowincjach Ameryki \u0141aci\u0144skiej i Karaib\u00f3w"}]},{"@type":"WebSite","@id":"https:\/\/filles-de-la-charite.org\/pl\/#website","url":"https:\/\/filles-de-la-charite.org\/pl\/","name":"Hijas de la Caridad","description":"L\u2019amour de J\u00e9sus nous presse \u00e0 prendre soin des personnes les plus d\u00e9munies","publisher":{"@id":"https:\/\/filles-de-la-charite.org\/pl\/#organization"},"potentialAction":[{"@type":"SearchAction","target":{"@type":"EntryPoint","urlTemplate":"https:\/\/filles-de-la-charite.org\/pl\/?s={search_term_string}"},"query-input":{"@type":"PropertyValueSpecification","valueRequired":true,"valueName":"search_term_string"}}],"inLanguage":"pl-PL"},{"@type":"Organization","@id":"https:\/\/filles-de-la-charite.org\/pl\/#organization","name":"Hijas de la Caridad","url":"https:\/\/filles-de-la-charite.org\/pl\/","logo":{"@type":"ImageObject","inLanguage":"pl-PL","@id":"https:\/\/filles-de-la-charite.org\/pl\/#\/schema\/logo\/image\/","url":"https:\/\/filles-de-la-charite.org\/wp-content\/uploads\/2023\/03\/isotipo-Hijas-de-la-Caridad.png","contentUrl":"https:\/\/filles-de-la-charite.org\/wp-content\/uploads\/2023\/03\/isotipo-Hijas-de-la-Caridad.png","width":1417,"height":1417,"caption":"Hijas de la Caridad"},"image":{"@id":"https:\/\/filles-de-la-charite.org\/pl\/#\/schema\/logo\/image\/"}},{"@type":"Person","@id":"https:\/\/filles-de-la-charite.org\/pl\/#\/schema\/person\/427567b2eccfc2dd7d206da186a1f438","name":"admin","image":{"@type":"ImageObject","inLanguage":"pl-PL","@id":"https:\/\/secure.gravatar.com\/avatar\/948b492cce32b586ac2db0eaa926ee87024f7afe218d73b397ea5ddfc5f43ea1?s=96&d=mm&r=g","url":"https:\/\/secure.gravatar.com\/avatar\/948b492cce32b586ac2db0eaa926ee87024f7afe218d73b397ea5ddfc5f43ea1?s=96&d=mm&r=g","contentUrl":"https:\/\/secure.gravatar.com\/avatar\/948b492cce32b586ac2db0eaa926ee87024f7afe218d73b397ea5ddfc5f43ea1?s=96&d=mm&r=g","caption":"admin"},"sameAs":["https:\/\/filles-de-la-charite.org"],"url":"https:\/\/filles-de-la-charite.org\/pl\/author\/caridad\/"}]}},"_links":{"self":[{"href":"https:\/\/filles-de-la-charite.org\/pl\/wp-json\/wp\/v2\/posts\/24551","targetHints":{"allow":["GET"]}}],"collection":[{"href":"https:\/\/filles-de-la-charite.org\/pl\/wp-json\/wp\/v2\/posts"}],"about":[{"href":"https:\/\/filles-de-la-charite.org\/pl\/wp-json\/wp\/v2\/types\/post"}],"author":[{"embeddable":true,"href":"https:\/\/filles-de-la-charite.org\/pl\/wp-json\/wp\/v2\/users\/1"}],"replies":[{"embeddable":true,"href":"https:\/\/filles-de-la-charite.org\/pl\/wp-json\/wp\/v2\/comments?post=24551"}],"version-history":[{"count":1,"href":"https:\/\/filles-de-la-charite.org\/pl\/wp-json\/wp\/v2\/posts\/24551\/revisions"}],"predecessor-version":[{"id":24552,"href":"https:\/\/filles-de-la-charite.org\/pl\/wp-json\/wp\/v2\/posts\/24551\/revisions\/24552"}],"wp:featuredmedia":[{"embeddable":true,"href":"https:\/\/filles-de-la-charite.org\/pl\/wp-json\/wp\/v2\/media\/17051"}],"wp:attachment":[{"href":"https:\/\/filles-de-la-charite.org\/pl\/wp-json\/wp\/v2\/media?parent=24551"}],"wp:term":[{"taxonomy":"category","embeddable":true,"href":"https:\/\/filles-de-la-charite.org\/pl\/wp-json\/wp\/v2\/categories?post=24551"},{"taxonomy":"post_tag","embeddable":true,"href":"https:\/\/filles-de-la-charite.org\/pl\/wp-json\/wp\/v2\/tags?post=24551"}],"curies":[{"name":"wp","href":"https:\/\/api.w.org\/{rel}","templated":true}]}}