{"id":24553,"date":"2022-08-31T22:00:00","date_gmt":"2022-08-31T20:00:00","guid":{"rendered":"https:\/\/hijascaridad.sjdigitaldemo.ovh\/projekt-drogi-ku-przyszlosci\/"},"modified":"2024-03-17T16:26:56","modified_gmt":"2024-03-17T15:26:56","slug":"projekt-drogi-ku-przyszlosci","status":"publish","type":"post","link":"https:\/\/filles-de-la-charite.org\/pl\/projekt-drogi-ku-przyszlosci\/","title":{"rendered":"Projekt &#8222;Drogi ku przysz\u0142o\u015bci&#8221;"},"content":{"rendered":"\n<p>\"Mi\u0142o\u015b\u0107 jest tw\u00f3rcza a\u017c do niesko\u0144czono\u015bci!\" To zdanie wypowiedziane przez \u015bw. Wincentego, odnosz\u0105ce si\u0119 do pomys\u0142owo\u015bci Jezusa, kt\u00f3ry pozostaje z nami w Eucharystii, mo\u017ce dobrze oddawa\u0107 to, co oznacza projekt \" Drogi ku przysz\u0142o\u015bci\". Ten projekt powsta\u0142 w wyniku ws\u0142uchania si\u0119 w rzeczywisto\u015b\u0107 zubo\u017ca\u0142ych dzieci i rodzin naszej instytucji i jej otoczenia. Przej\u015b\u0107 przez bram\u0119, wyj\u015b\u0107 na spotkanie! Z kreatywno\u015bci\u0105, zaanga\u017cowaniem, w pocie czo\u0142a, trudzie r\u0105k, z czu\u0142o\u015bci\u0105 i operatywno\u015bci\u0105, wprowadzamy w \u017cycie pos\u0142ug\u0119 Jezusa Chrystusa obecnego w osobach Ubogich, kt\u00f3rym s\u0142u\u017cymy w mie\u015bcie Assis\/S\u00e3o Paulo.<\/p>\n\n\n\n<p>Projekt \" Drogi ku przysz\u0142o\u015bci\" ma na celu s\u0142u\u017cy\u0107 uczniom, ich rodzinom i ca\u0142ej spo\u0142eczno\u015bci Domu Dziecka, Dom Antonio Jos\u00e9 dos Santos Vincentian Child Education Center znajduj\u0105cego si\u0119 w Assis, w g\u0142\u0119bi S\u00e3o Paulo. W celu promowania ich rozwoju projekt realizuje swoje dzia\u0142ania na rzecz dzieci i m\u0142odzie\u017cy w wieku od 7 do 13 lat, kt\u00f3rych kontekst spo\u0142eczno-kulturowy i ekonomiczny jest wyj\u0105tkowo wra\u017cliwy.<\/p>\n\n\n\n<div class=\"wp-block-image\"><figure class=\"alignleft size-large\"><img decoding=\"async\" src=\"https:\/\/filles-de-la-charite.org\/wp-content\/uploads\/2023\/06\/Sao-Paulo-2-768x1024-1.jpeg\" alt=\"\" class=\"wp-image-71394\"\/><\/figure><\/div>\n\n\n\n<p>Poprzez r\u00f3\u017cne dzia\u0142ania staramy si\u0119 unikn\u0105\u0107 nasilania si\u0119 spo\u0142ecznych zagro\u017ce\u0144, a nawet osi\u0105gn\u0105\u0107 spadek wska\u017anik\u00f3w przemocy i nier\u00f3wno\u015bci, kt\u00f3re zosta\u0142y ju\u017c zidentyfikowane w gminie Assis. Poprzez sport, gotowanie i ogrodnictwo staramy si\u0119 poprawi\u0107 jako\u015b\u0107 \u017cycia dzieci. W ten spos\u00f3b stymulujemy je do wychodzenia z marginalizacji, wzmacniaj\u0105c wi\u0119zi rodzinne i spo\u0142eczne.<\/p>\n\n\n\n<p>W sporcie docelowi uczestnicy podzieleni s\u0105 na dwie grupy: ch\u0142opc\u00f3w i dziewcz\u0119ta. Graj\u0105 w koszyk\u00f3wk\u0119 i codziennie odbywaj\u0105 si\u0119 treningi, kt\u00f3re przygotowuj\u0105 ich do zawod\u00f3w w mie\u015bcie lub w innych gminach. W\u015br\u00f3d innych korzy\u015bci sport obejmuje rozw\u00f3j fizyczny, psychologiczny i emocjonalny.<\/p>\n\n\n\n<p>Ogrodnictwo ma na celu u\u015bwiadomienie rodzinom znaczenia zdrowego od\u017cywiania, ochrony i piel\u0119gnacji \u017cywno\u015bci. Zach\u0119ca si\u0119 je do sadzenia i spo\u017cywania produkt\u00f3w o wysokiej warto\u015bci od\u017cywczej. Warzywa i drzewa owocowe s\u0105 sadzone przez same dzieci ze wskaz\u00f3wkami od kompetentnych os\u00f3b.<\/p>\n\n\n\n<p>Gotowanie ma na celu pokazanie, jak wa\u017cne jest docenienie jedzenia poprzez zwi\u0119kszenie \u015bwiadomo\u015bci wykorzystania zmys\u0142\u00f3w zapachu, smaku i dotyku oraz zapoznanie dzieci z r\u00f3\u017cnymi sztukami kulinarnymi. Dzieci spo\u017cywaj\u0105 potrawy, kt\u00f3re same przygotowa\u0142y.<\/p>\n\n\n\n<p>Jako Siostry Mi\u0142osierdzia, staramy si\u0119 by\u0107 zawsze obecne w\u015br\u00f3d dzieci, aby zach\u0119ci\u0107 je do pe\u0142nego uczestnictwa. Staramy si\u0119 zapewni\u0107 dobre samopoczucie, lepsz\u0105 jako\u015b\u0107 \u017cycia i pog\u0142\u0119bion\u0105 edukacj\u0119 dla ka\u017cdego z nich, jak r\u00f3wnie\u017c dla ich rodzin. Wszyscy jeste\u015bmy beneficjentami tego projektu:&nbsp; Siostry, rodzice i cz\u0142onkowie ich rodzin oraz og\u00f3lnie, spo\u0142ecze\u0144stwo, poniewa\u017c jeste\u015bmy pewne, \u017ce te dzieci b\u0119d\u0105 wzrasta\u0107 z innym spojrzeniem na \u017cycie poprzez uprawianie sportu i docenianie \u017cywno\u015bci, poniewa\u017c same b\u0119d\u0105 mog\u0142y sadzi\u0107, uprawia\u0107, przygotowywa\u0107 i dzieli\u0107 si\u0119 z innymi, otwieraj\u0105c w ten spos\u00f3b nowe drogi na przysz\u0142o\u015b\u0107!<\/p>\n\n\n\n<p><em>Siostry z plac\u00f3wki Domu Dziecka, Dom Ant\u00f4nio Jos\u00e9 dos Santos, Asy\u017c, S\u00e3o Paulo<\/em><\/p>\n\n\n\n<div class=\"wp-block-image\"><figure class=\"aligncenter size-full\"><img decoding=\"async\" src=\"https:\/\/filles-de-la-charite.org\/wp-content\/uploads\/2023\/06\/Sao-Paulo-3.jpeg\" alt=\"\" class=\"wp-image-71395\"\/><\/figure><\/div>\n","protected":false},"excerpt":{"rendered":"<p>&#8222;Mi\u0142o\u015b\u0107 jest tw\u00f3rcza a\u017c do niesko\u0144czono\u015bci!&#8221; To zdanie wypowiedziane przez \u015bw. Wincentego, odnosz\u0105ce si\u0119 do pomys\u0142owo\u015bci Jezusa, kt\u00f3ry pozostaje z nami w Eucharystii, mo\u017ce dobrze oddawa\u0107 to, co oznacza projekt &#8221; Drogi ku przysz\u0142o\u015bci&#8221;. Ten projekt powsta\u0142 w wyniku ws\u0142uchania si\u0119 w rzeczywisto\u015b\u0107 zubo\u017ca\u0142ych dzieci i rodzin naszej instytucji i jej otoczenia. Przej\u015b\u0107 przez bram\u0119, [&hellip;]<\/p>\n","protected":false},"author":1,"featured_media":17071,"comment_status":"closed","ping_status":"closed","sticky":false,"template":"","format":"standard","meta":{"_acf_changed":false,"footnotes":"","_links_to":"","_links_to_target":""},"categories":[660],"tags":[],"class_list":["post-24553","post","type-post","status-publish","format-standard","has-post-thumbnail","hentry","category-prowincja-sao-paulo-brazylia-pl"],"acf":[],"yoast_head":"<!-- This site is optimized with the Yoast SEO plugin v27.5 - https:\/\/yoast.com\/product\/yoast-seo-wordpress\/ -->\n<title>Projekt &quot;Drogi ku przysz\u0142o\u015bci&quot; - Filles de la Charit\u00e9<\/title>\n<meta name=\"robots\" content=\"index, follow, max-snippet:-1, max-image-preview:large, max-video-preview:-1\" \/>\n<link rel=\"canonical\" href=\"https:\/\/filles-de-la-charite.org\/pl\/projekt-drogi-ku-przyszlosci\/\" \/>\n<meta property=\"og:locale\" content=\"pl_PL\" \/>\n<meta property=\"og:type\" content=\"article\" \/>\n<meta property=\"og:title\" content=\"Projekt &quot;Drogi ku przysz\u0142o\u015bci&quot; - Filles de la Charit\u00e9\" \/>\n<meta property=\"og:description\" content=\"&#8222;Mi\u0142o\u015b\u0107 jest tw\u00f3rcza a\u017c do niesko\u0144czono\u015bci!&#8221; To zdanie wypowiedziane przez \u015bw. Wincentego, odnosz\u0105ce si\u0119 do pomys\u0142owo\u015bci Jezusa, kt\u00f3ry pozostaje z nami w Eucharystii, mo\u017ce dobrze oddawa\u0107 to, co oznacza projekt &#8221; Drogi ku przysz\u0142o\u015bci&#8221;. Ten projekt powsta\u0142 w wyniku ws\u0142uchania si\u0119 w rzeczywisto\u015b\u0107 zubo\u017ca\u0142ych dzieci i rodzin naszej instytucji i jej otoczenia. Przej\u015b\u0107 przez bram\u0119, [&hellip;]\" \/>\n<meta property=\"og:url\" content=\"https:\/\/filles-de-la-charite.org\/pl\/projekt-drogi-ku-przyszlosci\/\" \/>\n<meta property=\"og:site_name\" content=\"Filles de la Charit\u00e9\" \/>\n<meta property=\"article:published_time\" content=\"2022-08-31T20:00:00+00:00\" \/>\n<meta property=\"article:modified_time\" content=\"2024-03-17T15:26:56+00:00\" \/>\n<meta property=\"og:image\" content=\"https:\/\/filles-de-la-charite.org\/wp-content\/uploads\/2023\/06\/Sao-Paulo-1.jpeg\" \/>\n\t<meta property=\"og:image:width\" content=\"1600\" \/>\n\t<meta property=\"og:image:height\" content=\"1200\" \/>\n\t<meta property=\"og:image:type\" content=\"image\/jpeg\" \/>\n<meta name=\"author\" content=\"admin\" \/>\n<meta name=\"twitter:card\" content=\"summary_large_image\" \/>\n<meta name=\"twitter:label1\" content=\"Napisane przez\" \/>\n\t<meta name=\"twitter:data1\" content=\"admin\" \/>\n\t<meta name=\"twitter:label2\" content=\"Szacowany czas czytania\" \/>\n\t<meta name=\"twitter:data2\" content=\"3 minuty\" \/>\n<script type=\"application\/ld+json\" class=\"yoast-schema-graph\">{\"@context\":\"https:\\\/\\\/schema.org\",\"@graph\":[{\"@type\":\"Article\",\"@id\":\"https:\\\/\\\/filles-de-la-charite.org\\\/pl\\\/projekt-drogi-ku-przyszlosci\\\/#article\",\"isPartOf\":{\"@id\":\"https:\\\/\\\/filles-de-la-charite.org\\\/pl\\\/projekt-drogi-ku-przyszlosci\\\/\"},\"author\":{\"name\":\"admin\",\"@id\":\"https:\\\/\\\/filles-de-la-charite.org\\\/pl\\\/#\\\/schema\\\/person\\\/427567b2eccfc2dd7d206da186a1f438\"},\"headline\":\"Projekt &#8222;Drogi ku przysz\u0142o\u015bci&#8221;\",\"datePublished\":\"2022-08-31T20:00:00+00:00\",\"dateModified\":\"2024-03-17T15:26:56+00:00\",\"mainEntityOfPage\":{\"@id\":\"https:\\\/\\\/filles-de-la-charite.org\\\/pl\\\/projekt-drogi-ku-przyszlosci\\\/\"},\"wordCount\":530,\"publisher\":{\"@id\":\"https:\\\/\\\/filles-de-la-charite.org\\\/pl\\\/#organization\"},\"image\":{\"@id\":\"https:\\\/\\\/filles-de-la-charite.org\\\/pl\\\/projekt-drogi-ku-przyszlosci\\\/#primaryimage\"},\"thumbnailUrl\":\"https:\\\/\\\/filles-de-la-charite.org\\\/wp-content\\\/uploads\\\/2023\\\/06\\\/Sao-Paulo-1.jpeg\",\"articleSection\":[\"Prowincja S\u00e3o Paulo, Brazylia\"],\"inLanguage\":\"pl-PL\"},{\"@type\":\"WebPage\",\"@id\":\"https:\\\/\\\/filles-de-la-charite.org\\\/pl\\\/projekt-drogi-ku-przyszlosci\\\/\",\"url\":\"https:\\\/\\\/filles-de-la-charite.org\\\/pl\\\/projekt-drogi-ku-przyszlosci\\\/\",\"name\":\"Projekt \\\"Drogi ku przysz\u0142o\u015bci\\\" - Filles de la Charit\u00e9\",\"isPartOf\":{\"@id\":\"https:\\\/\\\/filles-de-la-charite.org\\\/pl\\\/#website\"},\"primaryImageOfPage\":{\"@id\":\"https:\\\/\\\/filles-de-la-charite.org\\\/pl\\\/projekt-drogi-ku-przyszlosci\\\/#primaryimage\"},\"image\":{\"@id\":\"https:\\\/\\\/filles-de-la-charite.org\\\/pl\\\/projekt-drogi-ku-przyszlosci\\\/#primaryimage\"},\"thumbnailUrl\":\"https:\\\/\\\/filles-de-la-charite.org\\\/wp-content\\\/uploads\\\/2023\\\/06\\\/Sao-Paulo-1.jpeg\",\"datePublished\":\"2022-08-31T20:00:00+00:00\",\"dateModified\":\"2024-03-17T15:26:56+00:00\",\"breadcrumb\":{\"@id\":\"https:\\\/\\\/filles-de-la-charite.org\\\/pl\\\/projekt-drogi-ku-przyszlosci\\\/#breadcrumb\"},\"inLanguage\":\"pl-PL\",\"potentialAction\":[{\"@type\":\"ReadAction\",\"target\":[\"https:\\\/\\\/filles-de-la-charite.org\\\/pl\\\/projekt-drogi-ku-przyszlosci\\\/\"]}]},{\"@type\":\"ImageObject\",\"inLanguage\":\"pl-PL\",\"@id\":\"https:\\\/\\\/filles-de-la-charite.org\\\/pl\\\/projekt-drogi-ku-przyszlosci\\\/#primaryimage\",\"url\":\"https:\\\/\\\/filles-de-la-charite.org\\\/wp-content\\\/uploads\\\/2023\\\/06\\\/Sao-Paulo-1.jpeg\",\"contentUrl\":\"https:\\\/\\\/filles-de-la-charite.org\\\/wp-content\\\/uploads\\\/2023\\\/06\\\/Sao-Paulo-1.jpeg\",\"width\":1600,\"height\":1200},{\"@type\":\"BreadcrumbList\",\"@id\":\"https:\\\/\\\/filles-de-la-charite.org\\\/pl\\\/projekt-drogi-ku-przyszlosci\\\/#breadcrumb\",\"itemListElement\":[{\"@type\":\"ListItem\",\"position\":1,\"name\":\"Prowincja S\u00e3o Paulo, Brazylia\",\"item\":\"https:\\\/\\\/filles-de-la-charite.org\\\/pl\\\/category\\\/prowincja-sao-paulo-brazylia-pl\\\/\"},{\"@type\":\"ListItem\",\"position\":2,\"name\":\"Projekt \u00abDrogi ku przysz\u0142o\u015bci\u00bb\"}]},{\"@type\":\"WebSite\",\"@id\":\"https:\\\/\\\/filles-de-la-charite.org\\\/pl\\\/#website\",\"url\":\"https:\\\/\\\/filles-de-la-charite.org\\\/pl\\\/\",\"name\":\"Hijas de la Caridad\",\"description\":\"L\u2019amour de J\u00e9sus nous presse \u00e0 prendre soin des personnes les plus d\u00e9munies\",\"publisher\":{\"@id\":\"https:\\\/\\\/filles-de-la-charite.org\\\/pl\\\/#organization\"},\"potentialAction\":[{\"@type\":\"SearchAction\",\"target\":{\"@type\":\"EntryPoint\",\"urlTemplate\":\"https:\\\/\\\/filles-de-la-charite.org\\\/pl\\\/?s={search_term_string}\"},\"query-input\":{\"@type\":\"PropertyValueSpecification\",\"valueRequired\":true,\"valueName\":\"search_term_string\"}}],\"inLanguage\":\"pl-PL\"},{\"@type\":\"Organization\",\"@id\":\"https:\\\/\\\/filles-de-la-charite.org\\\/pl\\\/#organization\",\"name\":\"Hijas de la Caridad\",\"url\":\"https:\\\/\\\/filles-de-la-charite.org\\\/pl\\\/\",\"logo\":{\"@type\":\"ImageObject\",\"inLanguage\":\"pl-PL\",\"@id\":\"https:\\\/\\\/filles-de-la-charite.org\\\/pl\\\/#\\\/schema\\\/logo\\\/image\\\/\",\"url\":\"https:\\\/\\\/filles-de-la-charite.org\\\/wp-content\\\/uploads\\\/2023\\\/03\\\/isotipo-Hijas-de-la-Caridad.png\",\"contentUrl\":\"https:\\\/\\\/filles-de-la-charite.org\\\/wp-content\\\/uploads\\\/2023\\\/03\\\/isotipo-Hijas-de-la-Caridad.png\",\"width\":1417,\"height\":1417,\"caption\":\"Hijas de la Caridad\"},\"image\":{\"@id\":\"https:\\\/\\\/filles-de-la-charite.org\\\/pl\\\/#\\\/schema\\\/logo\\\/image\\\/\"}},{\"@type\":\"Person\",\"@id\":\"https:\\\/\\\/filles-de-la-charite.org\\\/pl\\\/#\\\/schema\\\/person\\\/427567b2eccfc2dd7d206da186a1f438\",\"name\":\"admin\",\"image\":{\"@type\":\"ImageObject\",\"inLanguage\":\"pl-PL\",\"@id\":\"https:\\\/\\\/secure.gravatar.com\\\/avatar\\\/948b492cce32b586ac2db0eaa926ee87024f7afe218d73b397ea5ddfc5f43ea1?s=96&d=mm&r=g\",\"url\":\"https:\\\/\\\/secure.gravatar.com\\\/avatar\\\/948b492cce32b586ac2db0eaa926ee87024f7afe218d73b397ea5ddfc5f43ea1?s=96&d=mm&r=g\",\"contentUrl\":\"https:\\\/\\\/secure.gravatar.com\\\/avatar\\\/948b492cce32b586ac2db0eaa926ee87024f7afe218d73b397ea5ddfc5f43ea1?s=96&d=mm&r=g\",\"caption\":\"admin\"},\"sameAs\":[\"https:\\\/\\\/filles-de-la-charite.org\"],\"url\":\"https:\\\/\\\/filles-de-la-charite.org\\\/pl\\\/author\\\/caridad\\\/\"}]}<\/script>\n<!-- \/ Yoast SEO plugin. -->","yoast_head_json":{"title":"Projekt \"Drogi ku przysz\u0142o\u015bci\" - Filles de la Charit\u00e9","robots":{"index":"index","follow":"follow","max-snippet":"max-snippet:-1","max-image-preview":"max-image-preview:large","max-video-preview":"max-video-preview:-1"},"canonical":"https:\/\/filles-de-la-charite.org\/pl\/projekt-drogi-ku-przyszlosci\/","og_locale":"pl_PL","og_type":"article","og_title":"Projekt \"Drogi ku przysz\u0142o\u015bci\" - Filles de la Charit\u00e9","og_description":"&#8222;Mi\u0142o\u015b\u0107 jest tw\u00f3rcza a\u017c do niesko\u0144czono\u015bci!&#8221; To zdanie wypowiedziane przez \u015bw. Wincentego, odnosz\u0105ce si\u0119 do pomys\u0142owo\u015bci Jezusa, kt\u00f3ry pozostaje z nami w Eucharystii, mo\u017ce dobrze oddawa\u0107 to, co oznacza projekt &#8221; Drogi ku przysz\u0142o\u015bci&#8221;. Ten projekt powsta\u0142 w wyniku ws\u0142uchania si\u0119 w rzeczywisto\u015b\u0107 zubo\u017ca\u0142ych dzieci i rodzin naszej instytucji i jej otoczenia. Przej\u015b\u0107 przez bram\u0119, [&hellip;]","og_url":"https:\/\/filles-de-la-charite.org\/pl\/projekt-drogi-ku-przyszlosci\/","og_site_name":"Filles de la Charit\u00e9","article_published_time":"2022-08-31T20:00:00+00:00","article_modified_time":"2024-03-17T15:26:56+00:00","og_image":[{"width":1600,"height":1200,"url":"https:\/\/filles-de-la-charite.org\/wp-content\/uploads\/2023\/06\/Sao-Paulo-1.jpeg","type":"image\/jpeg"}],"author":"admin","twitter_card":"summary_large_image","twitter_misc":{"Napisane przez":"admin","Szacowany czas czytania":"3 minuty"},"schema":{"@context":"https:\/\/schema.org","@graph":[{"@type":"Article","@id":"https:\/\/filles-de-la-charite.org\/pl\/projekt-drogi-ku-przyszlosci\/#article","isPartOf":{"@id":"https:\/\/filles-de-la-charite.org\/pl\/projekt-drogi-ku-przyszlosci\/"},"author":{"name":"admin","@id":"https:\/\/filles-de-la-charite.org\/pl\/#\/schema\/person\/427567b2eccfc2dd7d206da186a1f438"},"headline":"Projekt &#8222;Drogi ku przysz\u0142o\u015bci&#8221;","datePublished":"2022-08-31T20:00:00+00:00","dateModified":"2024-03-17T15:26:56+00:00","mainEntityOfPage":{"@id":"https:\/\/filles-de-la-charite.org\/pl\/projekt-drogi-ku-przyszlosci\/"},"wordCount":530,"publisher":{"@id":"https:\/\/filles-de-la-charite.org\/pl\/#organization"},"image":{"@id":"https:\/\/filles-de-la-charite.org\/pl\/projekt-drogi-ku-przyszlosci\/#primaryimage"},"thumbnailUrl":"https:\/\/filles-de-la-charite.org\/wp-content\/uploads\/2023\/06\/Sao-Paulo-1.jpeg","articleSection":["Prowincja S\u00e3o Paulo, Brazylia"],"inLanguage":"pl-PL"},{"@type":"WebPage","@id":"https:\/\/filles-de-la-charite.org\/pl\/projekt-drogi-ku-przyszlosci\/","url":"https:\/\/filles-de-la-charite.org\/pl\/projekt-drogi-ku-przyszlosci\/","name":"Projekt \"Drogi ku przysz\u0142o\u015bci\" - Filles de la Charit\u00e9","isPartOf":{"@id":"https:\/\/filles-de-la-charite.org\/pl\/#website"},"primaryImageOfPage":{"@id":"https:\/\/filles-de-la-charite.org\/pl\/projekt-drogi-ku-przyszlosci\/#primaryimage"},"image":{"@id":"https:\/\/filles-de-la-charite.org\/pl\/projekt-drogi-ku-przyszlosci\/#primaryimage"},"thumbnailUrl":"https:\/\/filles-de-la-charite.org\/wp-content\/uploads\/2023\/06\/Sao-Paulo-1.jpeg","datePublished":"2022-08-31T20:00:00+00:00","dateModified":"2024-03-17T15:26:56+00:00","breadcrumb":{"@id":"https:\/\/filles-de-la-charite.org\/pl\/projekt-drogi-ku-przyszlosci\/#breadcrumb"},"inLanguage":"pl-PL","potentialAction":[{"@type":"ReadAction","target":["https:\/\/filles-de-la-charite.org\/pl\/projekt-drogi-ku-przyszlosci\/"]}]},{"@type":"ImageObject","inLanguage":"pl-PL","@id":"https:\/\/filles-de-la-charite.org\/pl\/projekt-drogi-ku-przyszlosci\/#primaryimage","url":"https:\/\/filles-de-la-charite.org\/wp-content\/uploads\/2023\/06\/Sao-Paulo-1.jpeg","contentUrl":"https:\/\/filles-de-la-charite.org\/wp-content\/uploads\/2023\/06\/Sao-Paulo-1.jpeg","width":1600,"height":1200},{"@type":"BreadcrumbList","@id":"https:\/\/filles-de-la-charite.org\/pl\/projekt-drogi-ku-przyszlosci\/#breadcrumb","itemListElement":[{"@type":"ListItem","position":1,"name":"Prowincja S\u00e3o Paulo, Brazylia","item":"https:\/\/filles-de-la-charite.org\/pl\/category\/prowincja-sao-paulo-brazylia-pl\/"},{"@type":"ListItem","position":2,"name":"Projekt \u00abDrogi ku przysz\u0142o\u015bci\u00bb"}]},{"@type":"WebSite","@id":"https:\/\/filles-de-la-charite.org\/pl\/#website","url":"https:\/\/filles-de-la-charite.org\/pl\/","name":"Hijas de la Caridad","description":"L\u2019amour de J\u00e9sus nous presse \u00e0 prendre soin des personnes les plus d\u00e9munies","publisher":{"@id":"https:\/\/filles-de-la-charite.org\/pl\/#organization"},"potentialAction":[{"@type":"SearchAction","target":{"@type":"EntryPoint","urlTemplate":"https:\/\/filles-de-la-charite.org\/pl\/?s={search_term_string}"},"query-input":{"@type":"PropertyValueSpecification","valueRequired":true,"valueName":"search_term_string"}}],"inLanguage":"pl-PL"},{"@type":"Organization","@id":"https:\/\/filles-de-la-charite.org\/pl\/#organization","name":"Hijas de la Caridad","url":"https:\/\/filles-de-la-charite.org\/pl\/","logo":{"@type":"ImageObject","inLanguage":"pl-PL","@id":"https:\/\/filles-de-la-charite.org\/pl\/#\/schema\/logo\/image\/","url":"https:\/\/filles-de-la-charite.org\/wp-content\/uploads\/2023\/03\/isotipo-Hijas-de-la-Caridad.png","contentUrl":"https:\/\/filles-de-la-charite.org\/wp-content\/uploads\/2023\/03\/isotipo-Hijas-de-la-Caridad.png","width":1417,"height":1417,"caption":"Hijas de la Caridad"},"image":{"@id":"https:\/\/filles-de-la-charite.org\/pl\/#\/schema\/logo\/image\/"}},{"@type":"Person","@id":"https:\/\/filles-de-la-charite.org\/pl\/#\/schema\/person\/427567b2eccfc2dd7d206da186a1f438","name":"admin","image":{"@type":"ImageObject","inLanguage":"pl-PL","@id":"https:\/\/secure.gravatar.com\/avatar\/948b492cce32b586ac2db0eaa926ee87024f7afe218d73b397ea5ddfc5f43ea1?s=96&d=mm&r=g","url":"https:\/\/secure.gravatar.com\/avatar\/948b492cce32b586ac2db0eaa926ee87024f7afe218d73b397ea5ddfc5f43ea1?s=96&d=mm&r=g","contentUrl":"https:\/\/secure.gravatar.com\/avatar\/948b492cce32b586ac2db0eaa926ee87024f7afe218d73b397ea5ddfc5f43ea1?s=96&d=mm&r=g","caption":"admin"},"sameAs":["https:\/\/filles-de-la-charite.org"],"url":"https:\/\/filles-de-la-charite.org\/pl\/author\/caridad\/"}]}},"_links":{"self":[{"href":"https:\/\/filles-de-la-charite.org\/pl\/wp-json\/wp\/v2\/posts\/24553","targetHints":{"allow":["GET"]}}],"collection":[{"href":"https:\/\/filles-de-la-charite.org\/pl\/wp-json\/wp\/v2\/posts"}],"about":[{"href":"https:\/\/filles-de-la-charite.org\/pl\/wp-json\/wp\/v2\/types\/post"}],"author":[{"embeddable":true,"href":"https:\/\/filles-de-la-charite.org\/pl\/wp-json\/wp\/v2\/users\/1"}],"replies":[{"embeddable":true,"href":"https:\/\/filles-de-la-charite.org\/pl\/wp-json\/wp\/v2\/comments?post=24553"}],"version-history":[{"count":1,"href":"https:\/\/filles-de-la-charite.org\/pl\/wp-json\/wp\/v2\/posts\/24553\/revisions"}],"predecessor-version":[{"id":24554,"href":"https:\/\/filles-de-la-charite.org\/pl\/wp-json\/wp\/v2\/posts\/24553\/revisions\/24554"}],"wp:featuredmedia":[{"embeddable":true,"href":"https:\/\/filles-de-la-charite.org\/pl\/wp-json\/wp\/v2\/media\/17071"}],"wp:attachment":[{"href":"https:\/\/filles-de-la-charite.org\/pl\/wp-json\/wp\/v2\/media?parent=24553"}],"wp:term":[{"taxonomy":"category","embeddable":true,"href":"https:\/\/filles-de-la-charite.org\/pl\/wp-json\/wp\/v2\/categories?post=24553"},{"taxonomy":"post_tag","embeddable":true,"href":"https:\/\/filles-de-la-charite.org\/pl\/wp-json\/wp\/v2\/tags?post=24553"}],"curies":[{"name":"wp","href":"https:\/\/api.w.org\/{rel}","templated":true}]}}