{"id":24560,"date":"2022-10-31T23:00:00","date_gmt":"2022-10-31T22:00:00","guid":{"rendered":"https:\/\/hijascaridad.sjdigitaldemo.ovh\/formacja-dla-i-dzialalnosc-gospodyn-domowych\/"},"modified":"2024-03-17T16:25:38","modified_gmt":"2024-03-17T15:25:38","slug":"formacja-dla-i-dzialalnosc-gospodyn-domowych","status":"publish","type":"post","link":"https:\/\/filles-de-la-charite.org\/pl\/formacja-dla-i-dzialalnosc-gospodyn-domowych\/","title":{"rendered":"Formacja dla i dzia\u0142alno\u015b\u0107 Gospody\u0144 domowych"},"content":{"rendered":"\n<div class=\"wp-block-image\"><figure class=\"aligncenter size-large\"><img decoding=\"async\" src=\"https:\/\/filles-de-la-charite.org\/wp-content\/uploads\/2023\/06\/1-PL-1024x768-1.jpg\" alt=\"\" class=\"wp-image-71869\"\/><\/figure><\/div>\n\n\n\n<p>W 2005 roku, 30 lat po zjednoczeniu, potrzeba rynku zatrudnienia w Wietnamie by\u0142a bardzo odczuwalna, poniewa\u017c ludzie walczyli o ekonomiczn\u0105 samowystarczalno\u015b\u0107. Odpowiadaj\u0105c na to szczytne d\u0105\u017cenie, Siostry Mi\u0142osierdzia \u015bw. Wincentego a Paulo, przyj\u0119\u0142y zaproszenie Ksi\u0119\u017cy Salezjan\u00f3w, aby wsp\u00f3lnie z nimi kierowa\u0107 Wydzia\u0142em Szkolenia Umiej\u0119tno\u015bci Kobiet w Technikum Phuoc Loc dla doros\u0142ych.&nbsp; Id\u0105c za przyk\u0142adem b\u0142ogos\u0142awionej Rendu, Siostry Mi\u0142osierdzia zaj\u0119\u0142y si\u0119 szkoleniem m\u0142odych kobiet, kt\u00f3re z powodu ub\u00f3stwa porzuci\u0142y szko\u0142\u0119 \u015bredni\u0105.<\/p>\n\n\n\n<div class=\"wp-block-image\"><figure class=\"aligncenter size-large\"><img decoding=\"async\" src=\"https:\/\/filles-de-la-charite.org\/wp-content\/uploads\/2023\/06\/3-PL-1024x768-1.jpg\" alt=\"\" class=\"wp-image-71871\"\/><\/figure><\/div>\n\n\n\n<p>Program formacyjny zosta\u0142 zapocz\u0105tkowany przez Siostry Mi\u0142osierdzia z Prowincji Centrum Us\u0142ug Spo\u0142ecznych. Po kr\u00f3tkim okresie bada\u0144 i analiz, Rada Prowincji zatwierdzi\u0142a otwarcie programu formacyjnego dla gospody\u0144 domowych \/ guwernantek w Technikum Phuoc Loc.<\/p>\n\n\n\n<div class=\"wp-block-image\"><figure class=\"aligncenter size-large\"><img decoding=\"async\" src=\"https:\/\/filles-de-la-charite.org\/wp-content\/uploads\/2023\/06\/2-PL-1024x768-1.jpg\" alt=\"\" class=\"wp-image-71870\"\/><\/figure><\/div>\n\n\n\n<p>Program ten zosta\u0142 opracowany specjalnie dla kobiet z teren\u00f3w g\u00f3rskich i wiejskich na okres jednego roku. Uczennice s\u0105 zobowi\u0105zane do przebywania w miejscu formacji, pod odpowiedni\u0105 opiek\u0105 z zapewnieniem edukacji chrze\u015bcija\u0144skiej z uznaniem praw cz\u0142owieka i innych warto\u015bci: sprawiedliwo\u015bci, solidarno\u015bci, szacunku dla \u017cycia i \u015brodowiska. Szkolenie obejmuje praktyk\u0119 w zakresie wy\u017cywienia i czynno\u015bci domowych w istniej\u0105cej sto\u0142\u00f3wce, kt\u00f3ra obs\u0142uguje 200-300 student\u00f3w w ramach regularnych 3 posi\u0142k\u00f3w dziennie.<\/p>\n\n\n\n<div class=\"wp-block-image\"><figure class=\"aligncenter size-large\"><img decoding=\"async\" src=\"https:\/\/filles-de-la-charite.org\/wp-content\/uploads\/2023\/06\/5-PL-1024x768-1.jpg\" alt=\"\" class=\"wp-image-71873\"\/><\/figure><\/div>\n\n\n\n<p>Absolwentki otrzymuj\u0105 od rz\u0105du oficjalny dyplom uzyskania pracy zawodowej, odpowiednie wynagrodzenie oraz ochron\u0119 prawn\u0105 poprzez umow\u0119 o prac\u0119, kt\u00f3ra zapobiega nadu\u017cyciom.<\/p>\n\n\n\n<div class=\"wp-block-image\"><figure class=\"aligncenter size-large\"><img decoding=\"async\" src=\"https:\/\/filles-de-la-charite.org\/wp-content\/uploads\/2023\/06\/4-PL-1024x768-1.jpg\" alt=\"\" class=\"wp-image-71872\"\/><\/figure><\/div>\n\n\n\n<p>Absolwentki organizuj\u0105 si\u0119 w Klub, w kt\u00f3rym jest zapewniona ci\u0105g\u0142a formacja poprzez regularne, comiesi\u0119czne spotkania odbywaj\u0105ce si\u0119 w niedziel\u0119. (Klub liczy ok. 40-60 cz\u0142onki\u0144.) Swoje comiesi\u0119czne spotkanie rozpoczynaj\u0105 na terenie Domu Prowincjalnego Si\u00f3str Mi\u0142osierdzia celebracj\u0105 Eucharystii, poprzedzon\u0105 przyj\u0119ciem sakramentu pojednania, a nast\u0119pnie katechez\u0105. Klub jest finansowany we w\u0142asnym zakresie.<\/p>\n\n\n\n<div class=\"wp-block-image\"><figure class=\"aligncenter size-large\"><img decoding=\"async\" src=\"https:\/\/filles-de-la-charite.org\/wp-content\/uploads\/2023\/06\/6-PL-1024x459-1.jpg\" alt=\"\" class=\"wp-image-71864\"\/><\/figure><\/div>\n\n\n\n<p>Wi\u0119kszo\u015b\u0107 gospody\u0144 domowych zobowi\u0105zuje si\u0119 sp\u0119dzi\u0107 oko\u0142o 3-5 lat pracuj\u0105c w tym Klubie przed powrotem do rodzinnego miasta.&nbsp; Opr\u00f3cz uzyskania dobrej pensji, skupiaj\u0105 si\u0119 r\u00f3wnie\u017c na:<\/p>\n\n\n\n<ul class=\"wp-block-list\"><li>dojrza\u0142o\u015bci duchowej i spo\u0142eczno-intelektualnej;<\/li><li>osi\u0105gni\u0119ciu wykszta\u0142cenia \u015bredniego lub wy\u017cszego;<\/li><li>oszcz\u0119dno\u015bci, umiej\u0119tno\u015bciach \u017cyciowych i wi\u0119kszej wydajno\u015bci w zakresie ekonomii domowej.<\/li><\/ul>\n\n\n\n<p>Ma to zapewni\u0107 sukces w ewentualnym prowadzeniu ich przysz\u0142ych rodzin.<\/p>\n\n\n\n<div class=\"wp-block-image\"><figure class=\"aligncenter size-large\"><img decoding=\"async\" src=\"https:\/\/filles-de-la-charite.org\/wp-content\/uploads\/2023\/06\/8-1024x466-1.jpg\" alt=\"\" class=\"wp-image-71865\"\/><\/figure><\/div>\n\n\n\n<p>Kobiety bior\u0105ce udzia\u0142 w formacji s\u0105 \u015bwiadome swojego obowi\u0105zku jako katoliczki, aby \u017cy\u0107 i g\u0142osi\u0107 Ewangeli\u0119 swoim pracodawcom i innym, kt\u00f3rzy w wi\u0119kszo\u015bci nie s\u0105 chrze\u015bcijanami.&nbsp; S\u0105 r\u00f3wnie\u017c \u015bwiadome odpowiedzialno\u015bci za \u017cycie w solidarno\u015bci z tymi, kt\u00f3rzy s\u0105 ubodzy. Dlatego te\u017c regularnie uczestnicz\u0105 w misjach humanitarnych z Siostrami Mi\u0142osierdzia.<\/p>\n\n\n\n<p><em>Siostra Pascale L\u00ea Thi Triu, SM<\/em><\/p>\n\n\n\n<div class=\"wp-block-image\"><figure class=\"aligncenter size-large\"><img decoding=\"async\" src=\"https:\/\/filles-de-la-charite.org\/wp-content\/uploads\/2023\/06\/Housekeepers-photo-1-1024x768-1.jpg\" alt=\"\" class=\"wp-image-71866\"\/><\/figure><\/div>\n\n\n\n<figure class=\"wp-block-image size-large\"><img decoding=\"async\" src=\"https:\/\/filles-de-la-charite.org\/wp-content\/uploads\/2023\/06\/Housekeepers-photo2-1024x768-1.jpg\" alt=\"\" class=\"wp-image-71868\"\/><\/figure>\n\n\n\n<div class=\"wp-block-image\"><figure class=\"aligncenter size-large\"><img decoding=\"async\" src=\"https:\/\/filles-de-la-charite.org\/wp-content\/uploads\/2023\/06\/Housekeepers-photo-3-1024x768-1.jpg\" alt=\"\" class=\"wp-image-71867\"\/><\/figure><\/div>\n","protected":false},"excerpt":{"rendered":"<p>W 2005 roku, 30 lat po zjednoczeniu, potrzeba rynku zatrudnienia w Wietnamie by\u0142a bardzo odczuwalna, poniewa\u017c ludzie walczyli o ekonomiczn\u0105 samowystarczalno\u015b\u0107. Odpowiadaj\u0105c na to szczytne d\u0105\u017cenie, Siostry Mi\u0142osierdzia \u015bw. Wincentego a Paulo, przyj\u0119\u0142y zaproszenie Ksi\u0119\u017cy Salezjan\u00f3w, aby wsp\u00f3lnie z nimi kierowa\u0107 Wydzia\u0142em Szkolenia Umiej\u0119tno\u015bci Kobiet w Technikum Phuoc Loc dla doros\u0142ych.&nbsp; Id\u0105c za przyk\u0142adem b\u0142ogos\u0142awionej [&hellip;]<\/p>\n","protected":false},"author":1,"featured_media":17234,"comment_status":"closed","ping_status":"closed","sticky":false,"template":"","format":"standard","meta":{"_acf_changed":false,"_et_pb_use_builder":"","_et_pb_old_content":"","_et_gb_content_width":"","footnotes":"","_links_to":"","_links_to_target":""},"categories":[662],"tags":[],"class_list":["post-24560","post","type-post","status-publish","format-standard","has-post-thumbnail","hentry","category-prowincja-wietnamu-pl"],"acf":[],"yoast_head":"<!-- This site is optimized with the Yoast SEO plugin v27.5 - https:\/\/yoast.com\/product\/yoast-seo-wordpress\/ -->\n<title>Formacja dla i dzia\u0142alno\u015b\u0107 Gospody\u0144 domowych - Filles de la Charit\u00e9<\/title>\n<meta name=\"robots\" content=\"index, follow, max-snippet:-1, max-image-preview:large, max-video-preview:-1\" \/>\n<link rel=\"canonical\" href=\"https:\/\/filles-de-la-charite.org\/pl\/formacja-dla-i-dzialalnosc-gospodyn-domowych\/\" \/>\n<meta property=\"og:locale\" content=\"pl_PL\" \/>\n<meta property=\"og:type\" content=\"article\" \/>\n<meta property=\"og:title\" content=\"Formacja dla i dzia\u0142alno\u015b\u0107 Gospody\u0144 domowych - Filles de la Charit\u00e9\" \/>\n<meta property=\"og:description\" content=\"W 2005 roku, 30 lat po zjednoczeniu, potrzeba rynku zatrudnienia w Wietnamie by\u0142a bardzo odczuwalna, poniewa\u017c ludzie walczyli o ekonomiczn\u0105 samowystarczalno\u015b\u0107. Odpowiadaj\u0105c na to szczytne d\u0105\u017cenie, Siostry Mi\u0142osierdzia \u015bw. Wincentego a Paulo, przyj\u0119\u0142y zaproszenie Ksi\u0119\u017cy Salezjan\u00f3w, aby wsp\u00f3lnie z nimi kierowa\u0107 Wydzia\u0142em Szkolenia Umiej\u0119tno\u015bci Kobiet w Technikum Phuoc Loc dla doros\u0142ych.&nbsp; Id\u0105c za przyk\u0142adem b\u0142ogos\u0142awionej [&hellip;]\" \/>\n<meta property=\"og:url\" content=\"https:\/\/filles-de-la-charite.org\/pl\/formacja-dla-i-dzialalnosc-gospodyn-domowych\/\" \/>\n<meta property=\"og:site_name\" content=\"Filles de la Charit\u00e9\" \/>\n<meta property=\"article:published_time\" content=\"2022-10-31T22:00:00+00:00\" \/>\n<meta property=\"article:modified_time\" content=\"2024-03-17T15:25:38+00:00\" \/>\n<meta property=\"og:image\" content=\"https:\/\/filles-de-la-charite.org\/wp-content\/uploads\/2023\/06\/9inline.jpg\" \/>\n\t<meta property=\"og:image:width\" content=\"1266\" \/>\n\t<meta property=\"og:image:height\" content=\"553\" \/>\n\t<meta property=\"og:image:type\" content=\"image\/jpeg\" \/>\n<meta name=\"author\" content=\"admin\" \/>\n<meta name=\"twitter:card\" content=\"summary_large_image\" \/>\n<meta name=\"twitter:label1\" content=\"Napisane przez\" \/>\n\t<meta name=\"twitter:data1\" content=\"admin\" \/>\n\t<meta name=\"twitter:label2\" content=\"Szacowany czas czytania\" \/>\n\t<meta name=\"twitter:data2\" content=\"2 minuty\" \/>\n<script type=\"application\/ld+json\" class=\"yoast-schema-graph\">{\"@context\":\"https:\\\/\\\/schema.org\",\"@graph\":[{\"@type\":\"Article\",\"@id\":\"https:\\\/\\\/filles-de-la-charite.org\\\/pl\\\/formacja-dla-i-dzialalnosc-gospodyn-domowych\\\/#article\",\"isPartOf\":{\"@id\":\"https:\\\/\\\/filles-de-la-charite.org\\\/pl\\\/formacja-dla-i-dzialalnosc-gospodyn-domowych\\\/\"},\"author\":{\"name\":\"admin\",\"@id\":\"https:\\\/\\\/filles-de-la-charite.org\\\/pl\\\/#\\\/schema\\\/person\\\/427567b2eccfc2dd7d206da186a1f438\"},\"headline\":\"Formacja dla i dzia\u0142alno\u015b\u0107 Gospody\u0144 domowych\",\"datePublished\":\"2022-10-31T22:00:00+00:00\",\"dateModified\":\"2024-03-17T15:25:38+00:00\",\"mainEntityOfPage\":{\"@id\":\"https:\\\/\\\/filles-de-la-charite.org\\\/pl\\\/formacja-dla-i-dzialalnosc-gospodyn-domowych\\\/\"},\"wordCount\":450,\"publisher\":{\"@id\":\"https:\\\/\\\/filles-de-la-charite.org\\\/pl\\\/#organization\"},\"image\":{\"@id\":\"https:\\\/\\\/filles-de-la-charite.org\\\/pl\\\/formacja-dla-i-dzialalnosc-gospodyn-domowych\\\/#primaryimage\"},\"thumbnailUrl\":\"https:\\\/\\\/filles-de-la-charite.org\\\/wp-content\\\/uploads\\\/2023\\\/06\\\/9inline.jpg\",\"articleSection\":[\"Prowincja Wietnamu\"],\"inLanguage\":\"pl-PL\"},{\"@type\":\"WebPage\",\"@id\":\"https:\\\/\\\/filles-de-la-charite.org\\\/pl\\\/formacja-dla-i-dzialalnosc-gospodyn-domowych\\\/\",\"url\":\"https:\\\/\\\/filles-de-la-charite.org\\\/pl\\\/formacja-dla-i-dzialalnosc-gospodyn-domowych\\\/\",\"name\":\"Formacja dla i dzia\u0142alno\u015b\u0107 Gospody\u0144 domowych - Filles de la Charit\u00e9\",\"isPartOf\":{\"@id\":\"https:\\\/\\\/filles-de-la-charite.org\\\/pl\\\/#website\"},\"primaryImageOfPage\":{\"@id\":\"https:\\\/\\\/filles-de-la-charite.org\\\/pl\\\/formacja-dla-i-dzialalnosc-gospodyn-domowych\\\/#primaryimage\"},\"image\":{\"@id\":\"https:\\\/\\\/filles-de-la-charite.org\\\/pl\\\/formacja-dla-i-dzialalnosc-gospodyn-domowych\\\/#primaryimage\"},\"thumbnailUrl\":\"https:\\\/\\\/filles-de-la-charite.org\\\/wp-content\\\/uploads\\\/2023\\\/06\\\/9inline.jpg\",\"datePublished\":\"2022-10-31T22:00:00+00:00\",\"dateModified\":\"2024-03-17T15:25:38+00:00\",\"breadcrumb\":{\"@id\":\"https:\\\/\\\/filles-de-la-charite.org\\\/pl\\\/formacja-dla-i-dzialalnosc-gospodyn-domowych\\\/#breadcrumb\"},\"inLanguage\":\"pl-PL\",\"potentialAction\":[{\"@type\":\"ReadAction\",\"target\":[\"https:\\\/\\\/filles-de-la-charite.org\\\/pl\\\/formacja-dla-i-dzialalnosc-gospodyn-domowych\\\/\"]}]},{\"@type\":\"ImageObject\",\"inLanguage\":\"pl-PL\",\"@id\":\"https:\\\/\\\/filles-de-la-charite.org\\\/pl\\\/formacja-dla-i-dzialalnosc-gospodyn-domowych\\\/#primaryimage\",\"url\":\"https:\\\/\\\/filles-de-la-charite.org\\\/wp-content\\\/uploads\\\/2023\\\/06\\\/9inline.jpg\",\"contentUrl\":\"https:\\\/\\\/filles-de-la-charite.org\\\/wp-content\\\/uploads\\\/2023\\\/06\\\/9inline.jpg\",\"width\":1266,\"height\":553},{\"@type\":\"BreadcrumbList\",\"@id\":\"https:\\\/\\\/filles-de-la-charite.org\\\/pl\\\/formacja-dla-i-dzialalnosc-gospodyn-domowych\\\/#breadcrumb\",\"itemListElement\":[{\"@type\":\"ListItem\",\"position\":1,\"name\":\"Prowincja Wietnamu\",\"item\":\"https:\\\/\\\/filles-de-la-charite.org\\\/pl\\\/category\\\/prowincja-wietnamu-pl\\\/\"},{\"@type\":\"ListItem\",\"position\":2,\"name\":\"Formacja dla i dzia\u0142alno\u015b\u0107 Gospody\u0144 domowych\"}]},{\"@type\":\"WebSite\",\"@id\":\"https:\\\/\\\/filles-de-la-charite.org\\\/pl\\\/#website\",\"url\":\"https:\\\/\\\/filles-de-la-charite.org\\\/pl\\\/\",\"name\":\"Hijas de la Caridad\",\"description\":\"L\u2019amour de J\u00e9sus nous presse \u00e0 prendre soin des personnes les plus d\u00e9munies\",\"publisher\":{\"@id\":\"https:\\\/\\\/filles-de-la-charite.org\\\/pl\\\/#organization\"},\"potentialAction\":[{\"@type\":\"SearchAction\",\"target\":{\"@type\":\"EntryPoint\",\"urlTemplate\":\"https:\\\/\\\/filles-de-la-charite.org\\\/pl\\\/?s={search_term_string}\"},\"query-input\":{\"@type\":\"PropertyValueSpecification\",\"valueRequired\":true,\"valueName\":\"search_term_string\"}}],\"inLanguage\":\"pl-PL\"},{\"@type\":\"Organization\",\"@id\":\"https:\\\/\\\/filles-de-la-charite.org\\\/pl\\\/#organization\",\"name\":\"Hijas de la Caridad\",\"url\":\"https:\\\/\\\/filles-de-la-charite.org\\\/pl\\\/\",\"logo\":{\"@type\":\"ImageObject\",\"inLanguage\":\"pl-PL\",\"@id\":\"https:\\\/\\\/filles-de-la-charite.org\\\/pl\\\/#\\\/schema\\\/logo\\\/image\\\/\",\"url\":\"https:\\\/\\\/filles-de-la-charite.org\\\/wp-content\\\/uploads\\\/2023\\\/03\\\/isotipo-Hijas-de-la-Caridad.png\",\"contentUrl\":\"https:\\\/\\\/filles-de-la-charite.org\\\/wp-content\\\/uploads\\\/2023\\\/03\\\/isotipo-Hijas-de-la-Caridad.png\",\"width\":1417,\"height\":1417,\"caption\":\"Hijas de la Caridad\"},\"image\":{\"@id\":\"https:\\\/\\\/filles-de-la-charite.org\\\/pl\\\/#\\\/schema\\\/logo\\\/image\\\/\"}},{\"@type\":\"Person\",\"@id\":\"https:\\\/\\\/filles-de-la-charite.org\\\/pl\\\/#\\\/schema\\\/person\\\/427567b2eccfc2dd7d206da186a1f438\",\"name\":\"admin\",\"image\":{\"@type\":\"ImageObject\",\"inLanguage\":\"pl-PL\",\"@id\":\"https:\\\/\\\/secure.gravatar.com\\\/avatar\\\/948b492cce32b586ac2db0eaa926ee87024f7afe218d73b397ea5ddfc5f43ea1?s=96&d=mm&r=g\",\"url\":\"https:\\\/\\\/secure.gravatar.com\\\/avatar\\\/948b492cce32b586ac2db0eaa926ee87024f7afe218d73b397ea5ddfc5f43ea1?s=96&d=mm&r=g\",\"contentUrl\":\"https:\\\/\\\/secure.gravatar.com\\\/avatar\\\/948b492cce32b586ac2db0eaa926ee87024f7afe218d73b397ea5ddfc5f43ea1?s=96&d=mm&r=g\",\"caption\":\"admin\"},\"sameAs\":[\"https:\\\/\\\/filles-de-la-charite.org\"],\"url\":\"https:\\\/\\\/filles-de-la-charite.org\\\/pl\\\/author\\\/caridad\\\/\"}]}<\/script>\n<!-- \/ Yoast SEO plugin. -->","yoast_head_json":{"title":"Formacja dla i dzia\u0142alno\u015b\u0107 Gospody\u0144 domowych - Filles de la Charit\u00e9","robots":{"index":"index","follow":"follow","max-snippet":"max-snippet:-1","max-image-preview":"max-image-preview:large","max-video-preview":"max-video-preview:-1"},"canonical":"https:\/\/filles-de-la-charite.org\/pl\/formacja-dla-i-dzialalnosc-gospodyn-domowych\/","og_locale":"pl_PL","og_type":"article","og_title":"Formacja dla i dzia\u0142alno\u015b\u0107 Gospody\u0144 domowych - Filles de la Charit\u00e9","og_description":"W 2005 roku, 30 lat po zjednoczeniu, potrzeba rynku zatrudnienia w Wietnamie by\u0142a bardzo odczuwalna, poniewa\u017c ludzie walczyli o ekonomiczn\u0105 samowystarczalno\u015b\u0107. Odpowiadaj\u0105c na to szczytne d\u0105\u017cenie, Siostry Mi\u0142osierdzia \u015bw. Wincentego a Paulo, przyj\u0119\u0142y zaproszenie Ksi\u0119\u017cy Salezjan\u00f3w, aby wsp\u00f3lnie z nimi kierowa\u0107 Wydzia\u0142em Szkolenia Umiej\u0119tno\u015bci Kobiet w Technikum Phuoc Loc dla doros\u0142ych.&nbsp; Id\u0105c za przyk\u0142adem b\u0142ogos\u0142awionej [&hellip;]","og_url":"https:\/\/filles-de-la-charite.org\/pl\/formacja-dla-i-dzialalnosc-gospodyn-domowych\/","og_site_name":"Filles de la Charit\u00e9","article_published_time":"2022-10-31T22:00:00+00:00","article_modified_time":"2024-03-17T15:25:38+00:00","og_image":[{"width":1266,"height":553,"url":"https:\/\/filles-de-la-charite.org\/wp-content\/uploads\/2023\/06\/9inline.jpg","type":"image\/jpeg"}],"author":"admin","twitter_card":"summary_large_image","twitter_misc":{"Napisane przez":"admin","Szacowany czas czytania":"2 minuty"},"schema":{"@context":"https:\/\/schema.org","@graph":[{"@type":"Article","@id":"https:\/\/filles-de-la-charite.org\/pl\/formacja-dla-i-dzialalnosc-gospodyn-domowych\/#article","isPartOf":{"@id":"https:\/\/filles-de-la-charite.org\/pl\/formacja-dla-i-dzialalnosc-gospodyn-domowych\/"},"author":{"name":"admin","@id":"https:\/\/filles-de-la-charite.org\/pl\/#\/schema\/person\/427567b2eccfc2dd7d206da186a1f438"},"headline":"Formacja dla i dzia\u0142alno\u015b\u0107 Gospody\u0144 domowych","datePublished":"2022-10-31T22:00:00+00:00","dateModified":"2024-03-17T15:25:38+00:00","mainEntityOfPage":{"@id":"https:\/\/filles-de-la-charite.org\/pl\/formacja-dla-i-dzialalnosc-gospodyn-domowych\/"},"wordCount":450,"publisher":{"@id":"https:\/\/filles-de-la-charite.org\/pl\/#organization"},"image":{"@id":"https:\/\/filles-de-la-charite.org\/pl\/formacja-dla-i-dzialalnosc-gospodyn-domowych\/#primaryimage"},"thumbnailUrl":"https:\/\/filles-de-la-charite.org\/wp-content\/uploads\/2023\/06\/9inline.jpg","articleSection":["Prowincja Wietnamu"],"inLanguage":"pl-PL"},{"@type":"WebPage","@id":"https:\/\/filles-de-la-charite.org\/pl\/formacja-dla-i-dzialalnosc-gospodyn-domowych\/","url":"https:\/\/filles-de-la-charite.org\/pl\/formacja-dla-i-dzialalnosc-gospodyn-domowych\/","name":"Formacja dla i dzia\u0142alno\u015b\u0107 Gospody\u0144 domowych - Filles de la Charit\u00e9","isPartOf":{"@id":"https:\/\/filles-de-la-charite.org\/pl\/#website"},"primaryImageOfPage":{"@id":"https:\/\/filles-de-la-charite.org\/pl\/formacja-dla-i-dzialalnosc-gospodyn-domowych\/#primaryimage"},"image":{"@id":"https:\/\/filles-de-la-charite.org\/pl\/formacja-dla-i-dzialalnosc-gospodyn-domowych\/#primaryimage"},"thumbnailUrl":"https:\/\/filles-de-la-charite.org\/wp-content\/uploads\/2023\/06\/9inline.jpg","datePublished":"2022-10-31T22:00:00+00:00","dateModified":"2024-03-17T15:25:38+00:00","breadcrumb":{"@id":"https:\/\/filles-de-la-charite.org\/pl\/formacja-dla-i-dzialalnosc-gospodyn-domowych\/#breadcrumb"},"inLanguage":"pl-PL","potentialAction":[{"@type":"ReadAction","target":["https:\/\/filles-de-la-charite.org\/pl\/formacja-dla-i-dzialalnosc-gospodyn-domowych\/"]}]},{"@type":"ImageObject","inLanguage":"pl-PL","@id":"https:\/\/filles-de-la-charite.org\/pl\/formacja-dla-i-dzialalnosc-gospodyn-domowych\/#primaryimage","url":"https:\/\/filles-de-la-charite.org\/wp-content\/uploads\/2023\/06\/9inline.jpg","contentUrl":"https:\/\/filles-de-la-charite.org\/wp-content\/uploads\/2023\/06\/9inline.jpg","width":1266,"height":553},{"@type":"BreadcrumbList","@id":"https:\/\/filles-de-la-charite.org\/pl\/formacja-dla-i-dzialalnosc-gospodyn-domowych\/#breadcrumb","itemListElement":[{"@type":"ListItem","position":1,"name":"Prowincja Wietnamu","item":"https:\/\/filles-de-la-charite.org\/pl\/category\/prowincja-wietnamu-pl\/"},{"@type":"ListItem","position":2,"name":"Formacja dla i dzia\u0142alno\u015b\u0107 Gospody\u0144 domowych"}]},{"@type":"WebSite","@id":"https:\/\/filles-de-la-charite.org\/pl\/#website","url":"https:\/\/filles-de-la-charite.org\/pl\/","name":"Hijas de la Caridad","description":"L\u2019amour de J\u00e9sus nous presse \u00e0 prendre soin des personnes les plus d\u00e9munies","publisher":{"@id":"https:\/\/filles-de-la-charite.org\/pl\/#organization"},"potentialAction":[{"@type":"SearchAction","target":{"@type":"EntryPoint","urlTemplate":"https:\/\/filles-de-la-charite.org\/pl\/?s={search_term_string}"},"query-input":{"@type":"PropertyValueSpecification","valueRequired":true,"valueName":"search_term_string"}}],"inLanguage":"pl-PL"},{"@type":"Organization","@id":"https:\/\/filles-de-la-charite.org\/pl\/#organization","name":"Hijas de la Caridad","url":"https:\/\/filles-de-la-charite.org\/pl\/","logo":{"@type":"ImageObject","inLanguage":"pl-PL","@id":"https:\/\/filles-de-la-charite.org\/pl\/#\/schema\/logo\/image\/","url":"https:\/\/filles-de-la-charite.org\/wp-content\/uploads\/2023\/03\/isotipo-Hijas-de-la-Caridad.png","contentUrl":"https:\/\/filles-de-la-charite.org\/wp-content\/uploads\/2023\/03\/isotipo-Hijas-de-la-Caridad.png","width":1417,"height":1417,"caption":"Hijas de la Caridad"},"image":{"@id":"https:\/\/filles-de-la-charite.org\/pl\/#\/schema\/logo\/image\/"}},{"@type":"Person","@id":"https:\/\/filles-de-la-charite.org\/pl\/#\/schema\/person\/427567b2eccfc2dd7d206da186a1f438","name":"admin","image":{"@type":"ImageObject","inLanguage":"pl-PL","@id":"https:\/\/secure.gravatar.com\/avatar\/948b492cce32b586ac2db0eaa926ee87024f7afe218d73b397ea5ddfc5f43ea1?s=96&d=mm&r=g","url":"https:\/\/secure.gravatar.com\/avatar\/948b492cce32b586ac2db0eaa926ee87024f7afe218d73b397ea5ddfc5f43ea1?s=96&d=mm&r=g","contentUrl":"https:\/\/secure.gravatar.com\/avatar\/948b492cce32b586ac2db0eaa926ee87024f7afe218d73b397ea5ddfc5f43ea1?s=96&d=mm&r=g","caption":"admin"},"sameAs":["https:\/\/filles-de-la-charite.org"],"url":"https:\/\/filles-de-la-charite.org\/pl\/author\/caridad\/"}]}},"_links":{"self":[{"href":"https:\/\/filles-de-la-charite.org\/pl\/wp-json\/wp\/v2\/posts\/24560","targetHints":{"allow":["GET"]}}],"collection":[{"href":"https:\/\/filles-de-la-charite.org\/pl\/wp-json\/wp\/v2\/posts"}],"about":[{"href":"https:\/\/filles-de-la-charite.org\/pl\/wp-json\/wp\/v2\/types\/post"}],"author":[{"embeddable":true,"href":"https:\/\/filles-de-la-charite.org\/pl\/wp-json\/wp\/v2\/users\/1"}],"replies":[{"embeddable":true,"href":"https:\/\/filles-de-la-charite.org\/pl\/wp-json\/wp\/v2\/comments?post=24560"}],"version-history":[{"count":1,"href":"https:\/\/filles-de-la-charite.org\/pl\/wp-json\/wp\/v2\/posts\/24560\/revisions"}],"predecessor-version":[{"id":24621,"href":"https:\/\/filles-de-la-charite.org\/pl\/wp-json\/wp\/v2\/posts\/24560\/revisions\/24621"}],"wp:featuredmedia":[{"embeddable":true,"href":"https:\/\/filles-de-la-charite.org\/pl\/wp-json\/wp\/v2\/media\/17234"}],"wp:attachment":[{"href":"https:\/\/filles-de-la-charite.org\/pl\/wp-json\/wp\/v2\/media?parent=24560"}],"wp:term":[{"taxonomy":"category","embeddable":true,"href":"https:\/\/filles-de-la-charite.org\/pl\/wp-json\/wp\/v2\/categories?post=24560"},{"taxonomy":"post_tag","embeddable":true,"href":"https:\/\/filles-de-la-charite.org\/pl\/wp-json\/wp\/v2\/tags?post=24560"}],"curies":[{"name":"wp","href":"https:\/\/api.w.org\/{rel}","templated":true}]}}