{"id":24687,"date":"2022-11-18T21:08:00","date_gmt":"2022-11-18T20:08:00","guid":{"rendered":"https:\/\/hijascaridad.sjdigitaldemo.ovh\/nowe-horyzonty\/"},"modified":"2024-03-17T16:05:38","modified_gmt":"2024-03-17T15:05:38","slug":"nowe-horyzonty","status":"publish","type":"post","link":"https:\/\/filles-de-la-charite.org\/pl\/nowe-horyzonty\/","title":{"rendered":"Nowe horyzonty"},"content":{"rendered":"\n<p>W dniach od 31 pa\u017adziernika do 3 listopada 2022 roku w pi\u0119knym mie\u015bcie Sewilli odby\u0142o si\u0119 11 spotkanie Rad 4 Prowincji Hiszpa\u0144skich. Zostali\u015bmy tam przyj\u0119ci przez Siostry z Prowincji Espa\u00f1a Sur. Spotkanie rozpocz\u0119\u0142o si\u0119 celebracj\u0105 Eucharystii w Bazylice Macarena, kt\u00f3rej przewodniczy\u0142 Arcybiskup Sewilli, Monsignor Jos\u00e9 \u00c1ngel Saiz Meneses, oraz serdecznymi pozdrowieniami od Siostry M\u00aa del Carmen Polo, Wizytatorki Prowincji Espa\u00f1a Sur. By\u0142 to czas poszukiwania, refleksji, s\u0142uchania, dzielenia si\u0119 i wymiany, aby wsp\u00f3lnie prze\u015bledzi\u0107 drog\u0119, kt\u00f3ra doprowadzi nas do ujrzenia horyzontu woli Bo\u017cej dla Si\u00f3str Mi\u0142osierdzia czterech Prowincji. Otrzyma\u0142y\u015bmy lornetk\u0119 jako symbol proponowanej pracy: aby zerkn\u0105\u0107 na horyzont i zbli\u017cy\u0107 nasze spojrzenie do wsp\u00f3lnego punktu.<\/p>\n\n\n\n<figure class=\"wp-block-image size-full\"><img decoding=\"async\" src=\"https:\/\/filles-de-la-charite.org\/wp-content\/uploads\/2023\/06\/arz.jpg\" alt=\"\" class=\"wp-image-72104\"\/><\/figure>\n\n\n\n<p><strong>Pierwsze spojrzenie<\/strong> skierowane by\u0142o na dane statystyczne, kt\u00f3re ujawni\u0142y potrzeb\u0119 zmian i kt\u00f3re sk\u0142oni\u0142yby nas do poszukiwania nowych sposob\u00f3w reagowania na rzeczywisto\u015b\u0107, na kt\u00f3r\u0105 patrzymy z nadziej\u0105 i wdzi\u0119czno\u015bci\u0105.<\/p>\n\n\n\n<figure class=\"wp-block-image size-large\"><img decoding=\"async\" src=\"https:\/\/filles-de-la-charite.org\/wp-content\/uploads\/2023\/06\/21-MISA-FINAL-1024x683-1.jpeg\" alt=\"\" class=\"wp-image-72048\"\/><\/figure>\n\n\n\n<p>Nasza Prze\u0142o\u017cona Generalna, Siostra Fran\u00e7oise Petit poprowadzi\u0142a nas do <strong>drugiego spojrzenia<\/strong>, kt\u00f3re dotyczy\u0142o \"przysz\u0142o\u015bci Si\u00f3str Mi\u0142osierdzia w Hiszpanii, w Europie, jak r\u00f3wnie\u017c zaanga\u017cowania Prowincji Hiszpa\u0144skich w Afryce\".&nbsp; Wezwa\u0142a nas do \u017cycia otwartego na Ducha \u015awi\u0119tego, wiernego temu, kim jeste\u015bmy, g\u0142\u0119boko zachowuj\u0105cego nasz\u0105 to\u017csamo\u015b\u0107 s\u0142u\u017cebnicy i pozostaj\u0105cych w ci\u0105g\u0142ym dialogu, gdy kontynuujemy rewizj\u0119 dzie\u0142 i lepsze poznanie czterech prowincji. Siostra Fran\u00e7oise zaprosi\u0142a nas tak\u017ce do przyjrzenia si\u0119 naszemu zaanga\u017cowaniu w braterstwo i nowym sposobom prze\u017cywania charyzmatu dzisiaj, bior\u0105c pod uwag\u0119 nasze mocne i s\u0142abe strony. Ojciec Bernard Schoepfer, Dyrektor Generalny, zwr\u00f3ci\u0142 nasz\u0105 uwag\u0119 na prac\u0119 zwi\u0105zan\u0105 z towarzyszeniem Dyrektorowi Prowincjalnemu w Radach, jak r\u00f3wnie\u017c na znaczenie animacji duchowej i komunikacji.<\/p>\n\n\n\n<figure class=\"wp-block-image size-full\"><img decoding=\"async\" src=\"https:\/\/filles-de-la-charite.org\/wp-content\/uploads\/2023\/06\/2-sfp.jpg\" alt=\"\" class=\"wp-image-72105\"\/><\/figure>\n\n\n\n<p><strong>Trzeci punkt <\/strong>ci\u0119\u017cko\u015bci dotyczy\u0142 \"Struktur organizacyjnych naszych Prowincji\". Nasza Wizytatorka i Jos\u00e9 Mar\u00eda Fern\u00e1ndez, Radna Prawincjalna Prowincji Espa\u00f1a Sur, zaprosi\u0142y nas do p\u00f3j\u015bcia dalej, bior\u0105c pod uwag\u0119 wyzwania stawiane przez zmieniaj\u0105ce si\u0119 i nieprzewidywalne \u015brodowisko, takie jak obecne. Siostra Antonia Gonz\u00e1lez, Radna Generalna, pomog\u0142a nam pog\u0142\u0119bi\u0107 to spojrzenie poprzez Dokument Mi\u0119dzykonwentowy, skupiaj\u0105c si\u0119 na animacji Si\u00f3str na ka\u017cdym etapie ich powo\u0142ania.<\/p>\n\n\n\n<figure class=\"wp-block-image size-large\"><img decoding=\"async\" src=\"https:\/\/filles-de-la-charite.org\/wp-content\/uploads\/2023\/06\/3-1024x768-1.jpeg\" alt=\"\" class=\"wp-image-72063\"\/><\/figure>\n\n\n\n<p><strong>Czwarte spojrzenie<\/strong> by\u0142o zabarwione eklezjalnym odcieniem i poszerzone przez kilku prelegent\u00f3w. Z O. Gonzalo Fern\u00e1ndez Sanz, CMF, zag\u0142\u0119bili\u015bmy si\u0119 w aktualne kierunki Ko\u015bcio\u0142a dotycz\u0105ce \u017cycia konsekrowanego, kt\u00f3re zosta\u0142y wzbogacone o do\u015bwiadczenia Guillermo Campuzano, CM, Josep\u2019a Buades Fuster, SJ, Cristina Inog\u00e9s, teolog i Ameli\u0119 Ram\u00edrez, SCH. U\u015bwiadomili nam, \u017ce mo\u017cemy z wi\u0119ksz\u0105 autentyczno\u015bci\u0105 prze\u017cywa\u0107 proces \"pracy z\", do kt\u00f3rego jeste\u015bmy powo\u0142ani.<\/p>\n\n\n\n<figure class=\"wp-block-image size-large\"><img decoding=\"async\" src=\"https:\/\/filles-de-la-charite.org\/wp-content\/uploads\/2023\/06\/4-1024x847-1.jpg\" alt=\"\" class=\"wp-image-72064\"\/><\/figure>\n\n\n\n<p>Ojciec Toma\u017e Mavri\u010d, Prze\u0142o\u017cony Generalny, skierowa\u0142 nas na <strong>pi\u0105te spojrzenie<\/strong>, kt\u00f3re by\u0142o ukierunkowane na Rodzin\u0119 Wincenty\u0144sk\u0105 i wezwa\u0142 nas do kontynuowania pracy na rzecz formacji wincenty\u0144skiej \u015bwieckich.<\/p>\n\n\n\n<figure class=\"wp-block-image size-large\"><img decoding=\"async\" src=\"https:\/\/filles-de-la-charite.org\/wp-content\/uploads\/2023\/06\/5-1024x365-1.jpeg\" alt=\"\" class=\"wp-image-72065\"\/><\/figure>\n\n\n\n<p>Eucharystia na zako\u0144czenie spotkania i opracowanie dokumentu, kt\u00f3ry zawiera\u0142 g\u0142\u00f3wne za\u0142o\u017cenia i wk\u0142ad pracy grup, zako\u0144czy\u0142y spotkanie. Siatk\u00f3wka naszych oczu, po poszerzeniu swojej zdolno\u015bci do wsp\u00f3lnego patrzenia na nowe horyzonty, <strong>przes\u0142a\u0142a<\/strong> nam r\u00f3wnie\u017c niezatarte obrazy: chwile wsp\u00f3lnego \u017cycia, zwiedzania miasta, rozkoszowania si\u0119 muzyk\u0105 ch\u00f3ru Rociero i koncertem modlitewnym prowadzonym przez mi\u0119dzyprowincjalny ch\u00f3r Si\u00f3str Mi\u0142osierdzia i Wincentian.<\/p>\n\n\n\n<div class=\"wp-block-responsive-lightbox-gallery\"><\/div>\n","protected":false},"excerpt":{"rendered":"<p>W dniach od 31 pa\u017adziernika do 3 listopada 2022 roku w pi\u0119knym mie\u015bcie Sewilli odby\u0142o si\u0119 11 spotkanie Rad 4 Prowincji Hiszpa\u0144skich. Zostali\u015bmy tam przyj\u0119ci przez Siostry z Prowincji Espa\u00f1a Sur. Spotkanie rozpocz\u0119\u0142o si\u0119 celebracj\u0105 Eucharystii w Bazylice Macarena, kt\u00f3rej przewodniczy\u0142 Arcybiskup Sewilli, Monsignor Jos\u00e9 \u00c1ngel Saiz Meneses, oraz serdecznymi pozdrowieniami od Siostry M\u00aa del [&hellip;]<\/p>\n","protected":false},"author":1,"featured_media":17379,"comment_status":"closed","ping_status":"closed","sticky":false,"template":"","format":"standard","meta":{"_acf_changed":false,"footnotes":"","_links_to":"","_links_to_target":""},"categories":[767],"tags":[],"class_list":["post-24687","post","type-post","status-publish","format-standard","has-post-thumbnail","hentry","category-espana-pl"],"acf":[],"yoast_head":"<!-- This site is optimized with the Yoast SEO plugin v27.5 - https:\/\/yoast.com\/product\/yoast-seo-wordpress\/ -->\n<title>Nowe horyzonty - Filles de la Charit\u00e9<\/title>\n<meta name=\"robots\" content=\"index, follow, max-snippet:-1, max-image-preview:large, max-video-preview:-1\" \/>\n<link rel=\"canonical\" href=\"https:\/\/filles-de-la-charite.org\/pl\/nowe-horyzonty\/\" \/>\n<meta property=\"og:locale\" content=\"pl_PL\" \/>\n<meta property=\"og:type\" content=\"article\" \/>\n<meta property=\"og:title\" content=\"Nowe horyzonty - Filles de la Charit\u00e9\" \/>\n<meta property=\"og:description\" content=\"W dniach od 31 pa\u017adziernika do 3 listopada 2022 roku w pi\u0119knym mie\u015bcie Sewilli odby\u0142o si\u0119 11 spotkanie Rad 4 Prowincji Hiszpa\u0144skich. Zostali\u015bmy tam przyj\u0119ci przez Siostry z Prowincji Espa\u00f1a Sur. Spotkanie rozpocz\u0119\u0142o si\u0119 celebracj\u0105 Eucharystii w Bazylice Macarena, kt\u00f3rej przewodniczy\u0142 Arcybiskup Sewilli, Monsignor Jos\u00e9 \u00c1ngel Saiz Meneses, oraz serdecznymi pozdrowieniami od Siostry M\u00aa del [&hellip;]\" \/>\n<meta property=\"og:url\" content=\"https:\/\/filles-de-la-charite.org\/pl\/nowe-horyzonty\/\" \/>\n<meta property=\"og:site_name\" content=\"Filles de la Charit\u00e9\" \/>\n<meta property=\"article:published_time\" content=\"2022-11-18T20:08:00+00:00\" \/>\n<meta property=\"article:modified_time\" content=\"2024-03-17T15:05:38+00:00\" \/>\n<meta property=\"og:image\" content=\"https:\/\/filles-de-la-charite.org\/wp-content\/uploads\/2023\/06\/26-TODAS.jpeg\" \/>\n\t<meta property=\"og:image:width\" content=\"1384\" \/>\n\t<meta property=\"og:image:height\" content=\"676\" \/>\n\t<meta property=\"og:image:type\" content=\"image\/jpeg\" \/>\n<meta name=\"author\" content=\"admin\" \/>\n<meta name=\"twitter:card\" content=\"summary_large_image\" \/>\n<meta name=\"twitter:label1\" content=\"Napisane przez\" \/>\n\t<meta name=\"twitter:data1\" content=\"admin\" \/>\n\t<meta name=\"twitter:label2\" content=\"Szacowany czas czytania\" \/>\n\t<meta name=\"twitter:data2\" content=\"3 minuty\" \/>\n<script type=\"application\/ld+json\" class=\"yoast-schema-graph\">{\"@context\":\"https:\\\/\\\/schema.org\",\"@graph\":[{\"@type\":\"Article\",\"@id\":\"https:\\\/\\\/filles-de-la-charite.org\\\/pl\\\/nowe-horyzonty\\\/#article\",\"isPartOf\":{\"@id\":\"https:\\\/\\\/filles-de-la-charite.org\\\/pl\\\/nowe-horyzonty\\\/\"},\"author\":{\"name\":\"admin\",\"@id\":\"https:\\\/\\\/filles-de-la-charite.org\\\/pl\\\/#\\\/schema\\\/person\\\/427567b2eccfc2dd7d206da186a1f438\"},\"headline\":\"Nowe horyzonty\",\"datePublished\":\"2022-11-18T20:08:00+00:00\",\"dateModified\":\"2024-03-17T15:05:38+00:00\",\"mainEntityOfPage\":{\"@id\":\"https:\\\/\\\/filles-de-la-charite.org\\\/pl\\\/nowe-horyzonty\\\/\"},\"wordCount\":581,\"publisher\":{\"@id\":\"https:\\\/\\\/filles-de-la-charite.org\\\/pl\\\/#organization\"},\"image\":{\"@id\":\"https:\\\/\\\/filles-de-la-charite.org\\\/pl\\\/nowe-horyzonty\\\/#primaryimage\"},\"thumbnailUrl\":\"https:\\\/\\\/filles-de-la-charite.org\\\/wp-content\\\/uploads\\\/2023\\\/06\\\/26-TODAS.jpeg\",\"articleSection\":[\"Hiszpania\"],\"inLanguage\":\"pl-PL\"},{\"@type\":\"WebPage\",\"@id\":\"https:\\\/\\\/filles-de-la-charite.org\\\/pl\\\/nowe-horyzonty\\\/\",\"url\":\"https:\\\/\\\/filles-de-la-charite.org\\\/pl\\\/nowe-horyzonty\\\/\",\"name\":\"Nowe horyzonty - Filles de la Charit\u00e9\",\"isPartOf\":{\"@id\":\"https:\\\/\\\/filles-de-la-charite.org\\\/pl\\\/#website\"},\"primaryImageOfPage\":{\"@id\":\"https:\\\/\\\/filles-de-la-charite.org\\\/pl\\\/nowe-horyzonty\\\/#primaryimage\"},\"image\":{\"@id\":\"https:\\\/\\\/filles-de-la-charite.org\\\/pl\\\/nowe-horyzonty\\\/#primaryimage\"},\"thumbnailUrl\":\"https:\\\/\\\/filles-de-la-charite.org\\\/wp-content\\\/uploads\\\/2023\\\/06\\\/26-TODAS.jpeg\",\"datePublished\":\"2022-11-18T20:08:00+00:00\",\"dateModified\":\"2024-03-17T15:05:38+00:00\",\"breadcrumb\":{\"@id\":\"https:\\\/\\\/filles-de-la-charite.org\\\/pl\\\/nowe-horyzonty\\\/#breadcrumb\"},\"inLanguage\":\"pl-PL\",\"potentialAction\":[{\"@type\":\"ReadAction\",\"target\":[\"https:\\\/\\\/filles-de-la-charite.org\\\/pl\\\/nowe-horyzonty\\\/\"]}]},{\"@type\":\"ImageObject\",\"inLanguage\":\"pl-PL\",\"@id\":\"https:\\\/\\\/filles-de-la-charite.org\\\/pl\\\/nowe-horyzonty\\\/#primaryimage\",\"url\":\"https:\\\/\\\/filles-de-la-charite.org\\\/wp-content\\\/uploads\\\/2023\\\/06\\\/26-TODAS.jpeg\",\"contentUrl\":\"https:\\\/\\\/filles-de-la-charite.org\\\/wp-content\\\/uploads\\\/2023\\\/06\\\/26-TODAS.jpeg\",\"width\":1384,\"height\":676},{\"@type\":\"BreadcrumbList\",\"@id\":\"https:\\\/\\\/filles-de-la-charite.org\\\/pl\\\/nowe-horyzonty\\\/#breadcrumb\",\"itemListElement\":[{\"@type\":\"ListItem\",\"position\":1,\"name\":\"Hiszpania\",\"item\":\"https:\\\/\\\/filles-de-la-charite.org\\\/pl\\\/category\\\/espana-pl\\\/\"},{\"@type\":\"ListItem\",\"position\":2,\"name\":\"Nowe horyzonty\"}]},{\"@type\":\"WebSite\",\"@id\":\"https:\\\/\\\/filles-de-la-charite.org\\\/pl\\\/#website\",\"url\":\"https:\\\/\\\/filles-de-la-charite.org\\\/pl\\\/\",\"name\":\"Hijas de la Caridad\",\"description\":\"L\u2019amour de J\u00e9sus nous presse \u00e0 prendre soin des personnes les plus d\u00e9munies\",\"publisher\":{\"@id\":\"https:\\\/\\\/filles-de-la-charite.org\\\/pl\\\/#organization\"},\"potentialAction\":[{\"@type\":\"SearchAction\",\"target\":{\"@type\":\"EntryPoint\",\"urlTemplate\":\"https:\\\/\\\/filles-de-la-charite.org\\\/pl\\\/?s={search_term_string}\"},\"query-input\":{\"@type\":\"PropertyValueSpecification\",\"valueRequired\":true,\"valueName\":\"search_term_string\"}}],\"inLanguage\":\"pl-PL\"},{\"@type\":\"Organization\",\"@id\":\"https:\\\/\\\/filles-de-la-charite.org\\\/pl\\\/#organization\",\"name\":\"Hijas de la Caridad\",\"url\":\"https:\\\/\\\/filles-de-la-charite.org\\\/pl\\\/\",\"logo\":{\"@type\":\"ImageObject\",\"inLanguage\":\"pl-PL\",\"@id\":\"https:\\\/\\\/filles-de-la-charite.org\\\/pl\\\/#\\\/schema\\\/logo\\\/image\\\/\",\"url\":\"https:\\\/\\\/filles-de-la-charite.org\\\/wp-content\\\/uploads\\\/2023\\\/03\\\/isotipo-Hijas-de-la-Caridad.png\",\"contentUrl\":\"https:\\\/\\\/filles-de-la-charite.org\\\/wp-content\\\/uploads\\\/2023\\\/03\\\/isotipo-Hijas-de-la-Caridad.png\",\"width\":1417,\"height\":1417,\"caption\":\"Hijas de la Caridad\"},\"image\":{\"@id\":\"https:\\\/\\\/filles-de-la-charite.org\\\/pl\\\/#\\\/schema\\\/logo\\\/image\\\/\"}},{\"@type\":\"Person\",\"@id\":\"https:\\\/\\\/filles-de-la-charite.org\\\/pl\\\/#\\\/schema\\\/person\\\/427567b2eccfc2dd7d206da186a1f438\",\"name\":\"admin\",\"image\":{\"@type\":\"ImageObject\",\"inLanguage\":\"pl-PL\",\"@id\":\"https:\\\/\\\/secure.gravatar.com\\\/avatar\\\/948b492cce32b586ac2db0eaa926ee87024f7afe218d73b397ea5ddfc5f43ea1?s=96&d=mm&r=g\",\"url\":\"https:\\\/\\\/secure.gravatar.com\\\/avatar\\\/948b492cce32b586ac2db0eaa926ee87024f7afe218d73b397ea5ddfc5f43ea1?s=96&d=mm&r=g\",\"contentUrl\":\"https:\\\/\\\/secure.gravatar.com\\\/avatar\\\/948b492cce32b586ac2db0eaa926ee87024f7afe218d73b397ea5ddfc5f43ea1?s=96&d=mm&r=g\",\"caption\":\"admin\"},\"sameAs\":[\"https:\\\/\\\/filles-de-la-charite.org\"],\"url\":\"https:\\\/\\\/filles-de-la-charite.org\\\/pl\\\/author\\\/caridad\\\/\"}]}<\/script>\n<!-- \/ Yoast SEO plugin. -->","yoast_head_json":{"title":"Nowe horyzonty - Filles de la Charit\u00e9","robots":{"index":"index","follow":"follow","max-snippet":"max-snippet:-1","max-image-preview":"max-image-preview:large","max-video-preview":"max-video-preview:-1"},"canonical":"https:\/\/filles-de-la-charite.org\/pl\/nowe-horyzonty\/","og_locale":"pl_PL","og_type":"article","og_title":"Nowe horyzonty - Filles de la Charit\u00e9","og_description":"W dniach od 31 pa\u017adziernika do 3 listopada 2022 roku w pi\u0119knym mie\u015bcie Sewilli odby\u0142o si\u0119 11 spotkanie Rad 4 Prowincji Hiszpa\u0144skich. Zostali\u015bmy tam przyj\u0119ci przez Siostry z Prowincji Espa\u00f1a Sur. Spotkanie rozpocz\u0119\u0142o si\u0119 celebracj\u0105 Eucharystii w Bazylice Macarena, kt\u00f3rej przewodniczy\u0142 Arcybiskup Sewilli, Monsignor Jos\u00e9 \u00c1ngel Saiz Meneses, oraz serdecznymi pozdrowieniami od Siostry M\u00aa del [&hellip;]","og_url":"https:\/\/filles-de-la-charite.org\/pl\/nowe-horyzonty\/","og_site_name":"Filles de la Charit\u00e9","article_published_time":"2022-11-18T20:08:00+00:00","article_modified_time":"2024-03-17T15:05:38+00:00","og_image":[{"width":1384,"height":676,"url":"https:\/\/filles-de-la-charite.org\/wp-content\/uploads\/2023\/06\/26-TODAS.jpeg","type":"image\/jpeg"}],"author":"admin","twitter_card":"summary_large_image","twitter_misc":{"Napisane przez":"admin","Szacowany czas czytania":"3 minuty"},"schema":{"@context":"https:\/\/schema.org","@graph":[{"@type":"Article","@id":"https:\/\/filles-de-la-charite.org\/pl\/nowe-horyzonty\/#article","isPartOf":{"@id":"https:\/\/filles-de-la-charite.org\/pl\/nowe-horyzonty\/"},"author":{"name":"admin","@id":"https:\/\/filles-de-la-charite.org\/pl\/#\/schema\/person\/427567b2eccfc2dd7d206da186a1f438"},"headline":"Nowe horyzonty","datePublished":"2022-11-18T20:08:00+00:00","dateModified":"2024-03-17T15:05:38+00:00","mainEntityOfPage":{"@id":"https:\/\/filles-de-la-charite.org\/pl\/nowe-horyzonty\/"},"wordCount":581,"publisher":{"@id":"https:\/\/filles-de-la-charite.org\/pl\/#organization"},"image":{"@id":"https:\/\/filles-de-la-charite.org\/pl\/nowe-horyzonty\/#primaryimage"},"thumbnailUrl":"https:\/\/filles-de-la-charite.org\/wp-content\/uploads\/2023\/06\/26-TODAS.jpeg","articleSection":["Hiszpania"],"inLanguage":"pl-PL"},{"@type":"WebPage","@id":"https:\/\/filles-de-la-charite.org\/pl\/nowe-horyzonty\/","url":"https:\/\/filles-de-la-charite.org\/pl\/nowe-horyzonty\/","name":"Nowe horyzonty - Filles de la Charit\u00e9","isPartOf":{"@id":"https:\/\/filles-de-la-charite.org\/pl\/#website"},"primaryImageOfPage":{"@id":"https:\/\/filles-de-la-charite.org\/pl\/nowe-horyzonty\/#primaryimage"},"image":{"@id":"https:\/\/filles-de-la-charite.org\/pl\/nowe-horyzonty\/#primaryimage"},"thumbnailUrl":"https:\/\/filles-de-la-charite.org\/wp-content\/uploads\/2023\/06\/26-TODAS.jpeg","datePublished":"2022-11-18T20:08:00+00:00","dateModified":"2024-03-17T15:05:38+00:00","breadcrumb":{"@id":"https:\/\/filles-de-la-charite.org\/pl\/nowe-horyzonty\/#breadcrumb"},"inLanguage":"pl-PL","potentialAction":[{"@type":"ReadAction","target":["https:\/\/filles-de-la-charite.org\/pl\/nowe-horyzonty\/"]}]},{"@type":"ImageObject","inLanguage":"pl-PL","@id":"https:\/\/filles-de-la-charite.org\/pl\/nowe-horyzonty\/#primaryimage","url":"https:\/\/filles-de-la-charite.org\/wp-content\/uploads\/2023\/06\/26-TODAS.jpeg","contentUrl":"https:\/\/filles-de-la-charite.org\/wp-content\/uploads\/2023\/06\/26-TODAS.jpeg","width":1384,"height":676},{"@type":"BreadcrumbList","@id":"https:\/\/filles-de-la-charite.org\/pl\/nowe-horyzonty\/#breadcrumb","itemListElement":[{"@type":"ListItem","position":1,"name":"Hiszpania","item":"https:\/\/filles-de-la-charite.org\/pl\/category\/espana-pl\/"},{"@type":"ListItem","position":2,"name":"Nowe horyzonty"}]},{"@type":"WebSite","@id":"https:\/\/filles-de-la-charite.org\/pl\/#website","url":"https:\/\/filles-de-la-charite.org\/pl\/","name":"Hijas de la Caridad","description":"L\u2019amour de J\u00e9sus nous presse \u00e0 prendre soin des personnes les plus d\u00e9munies","publisher":{"@id":"https:\/\/filles-de-la-charite.org\/pl\/#organization"},"potentialAction":[{"@type":"SearchAction","target":{"@type":"EntryPoint","urlTemplate":"https:\/\/filles-de-la-charite.org\/pl\/?s={search_term_string}"},"query-input":{"@type":"PropertyValueSpecification","valueRequired":true,"valueName":"search_term_string"}}],"inLanguage":"pl-PL"},{"@type":"Organization","@id":"https:\/\/filles-de-la-charite.org\/pl\/#organization","name":"Hijas de la Caridad","url":"https:\/\/filles-de-la-charite.org\/pl\/","logo":{"@type":"ImageObject","inLanguage":"pl-PL","@id":"https:\/\/filles-de-la-charite.org\/pl\/#\/schema\/logo\/image\/","url":"https:\/\/filles-de-la-charite.org\/wp-content\/uploads\/2023\/03\/isotipo-Hijas-de-la-Caridad.png","contentUrl":"https:\/\/filles-de-la-charite.org\/wp-content\/uploads\/2023\/03\/isotipo-Hijas-de-la-Caridad.png","width":1417,"height":1417,"caption":"Hijas de la Caridad"},"image":{"@id":"https:\/\/filles-de-la-charite.org\/pl\/#\/schema\/logo\/image\/"}},{"@type":"Person","@id":"https:\/\/filles-de-la-charite.org\/pl\/#\/schema\/person\/427567b2eccfc2dd7d206da186a1f438","name":"admin","image":{"@type":"ImageObject","inLanguage":"pl-PL","@id":"https:\/\/secure.gravatar.com\/avatar\/948b492cce32b586ac2db0eaa926ee87024f7afe218d73b397ea5ddfc5f43ea1?s=96&d=mm&r=g","url":"https:\/\/secure.gravatar.com\/avatar\/948b492cce32b586ac2db0eaa926ee87024f7afe218d73b397ea5ddfc5f43ea1?s=96&d=mm&r=g","contentUrl":"https:\/\/secure.gravatar.com\/avatar\/948b492cce32b586ac2db0eaa926ee87024f7afe218d73b397ea5ddfc5f43ea1?s=96&d=mm&r=g","caption":"admin"},"sameAs":["https:\/\/filles-de-la-charite.org"],"url":"https:\/\/filles-de-la-charite.org\/pl\/author\/caridad\/"}]}},"_links":{"self":[{"href":"https:\/\/filles-de-la-charite.org\/pl\/wp-json\/wp\/v2\/posts\/24687","targetHints":{"allow":["GET"]}}],"collection":[{"href":"https:\/\/filles-de-la-charite.org\/pl\/wp-json\/wp\/v2\/posts"}],"about":[{"href":"https:\/\/filles-de-la-charite.org\/pl\/wp-json\/wp\/v2\/types\/post"}],"author":[{"embeddable":true,"href":"https:\/\/filles-de-la-charite.org\/pl\/wp-json\/wp\/v2\/users\/1"}],"replies":[{"embeddable":true,"href":"https:\/\/filles-de-la-charite.org\/pl\/wp-json\/wp\/v2\/comments?post=24687"}],"version-history":[{"count":1,"href":"https:\/\/filles-de-la-charite.org\/pl\/wp-json\/wp\/v2\/posts\/24687\/revisions"}],"predecessor-version":[{"id":24688,"href":"https:\/\/filles-de-la-charite.org\/pl\/wp-json\/wp\/v2\/posts\/24687\/revisions\/24688"}],"wp:featuredmedia":[{"embeddable":true,"href":"https:\/\/filles-de-la-charite.org\/pl\/wp-json\/wp\/v2\/media\/17379"}],"wp:attachment":[{"href":"https:\/\/filles-de-la-charite.org\/pl\/wp-json\/wp\/v2\/media?parent=24687"}],"wp:term":[{"taxonomy":"category","embeddable":true,"href":"https:\/\/filles-de-la-charite.org\/pl\/wp-json\/wp\/v2\/categories?post=24687"},{"taxonomy":"post_tag","embeddable":true,"href":"https:\/\/filles-de-la-charite.org\/pl\/wp-json\/wp\/v2\/tags?post=24687"}],"curies":[{"name":"wp","href":"https:\/\/api.w.org\/{rel}","templated":true}]}}