{"id":24689,"date":"2022-11-30T23:00:00","date_gmt":"2022-11-30T22:00:00","guid":{"rendered":"https:\/\/hijascaridad.sjdigitaldemo.ovh\/casa-encuentro-ward-poludniowa-karolina\/"},"modified":"2024-03-17T15:34:40","modified_gmt":"2024-03-17T14:34:40","slug":"casa-encuentro-ward-poludniowa-karolina","status":"publish","type":"post","link":"https:\/\/filles-de-la-charite.org\/pl\/casa-encuentro-ward-poludniowa-karolina\/","title":{"rendered":"\u201cCasa Encuentro\u201d, Ward, Po\u0142udniowa Karolina"},"content":{"rendered":"\n<p>Min\u0105\u0142 nieco ponad rok od kiedy trzy Siostry Mi\u0142osierdzia (Siostra Consuelo, Siostra Migdalia i Siostra Paula) oraz jeden kap\u0142an za Zgromadzenia Misji z Prowincji Wschodniej (ks. Orlando Cardona) przybyli do Po\u0142udniowej Karoliny, by rozpocz\u0105\u0107 now\u0105 misj\u0119 w\u015br\u00f3d imigrant\u00f3w.\u00a0 Hrabstwo Saluda jest s\u0142abo zaludnionym obszarem (44 osoby i 21 mieszka\u0144 na mil\u0119 kwadratow\u0105), gdzie g\u0142\u00f3wnym przemys\u0142em jest rolnictwo.<\/p>\n\n\n\n<p>Jedynym ko\u015bcio\u0142em katolickim w hrabstwie jest ko\u015bci\u00f3\u0142 pw. \u015bw. Wilhelma, ma\u0142a parafia po\u0142o\u017cona na podarowanej dzia\u0142ce rolnej. Pierwotny ko\u015bci\u00f3\u0142 zosta\u0142 zbudowany na polu kukurydzy, ale kiedy oko\u0142o 100 lat temu wybudowano lokaln\u0105 autostrad\u0119, katolickie rodziny ofiarowa\u0142y cz\u0119\u015b\u0107 swoich p\u00f3l uprawnych wzd\u0142u\u017c autostrady pod nowy ko\u015bci\u00f3\u0142 w Ward.<\/p>\n\n\n\n<p>Kompleks parafialny sk\u0142ada si\u0119 z centrum aktywno\u015bci, plebanii, klasztoru (nowo wyremontowanego dla Si\u00f3str, w kt\u00f3rym mieszkaj\u0105, a tak\u017ce wykorzystywanego jako przestrze\u0144 wsp\u00f3lnoty parafialnej) oraz kilku akr\u00f3w ziemi wykorzystywanej do uprawiania sport\u00f3w i gier na \u015bwie\u017cym powietrzu.<\/p>\n\n\n\n<p>Od momentu przybycia, Siostry Mi\u0142osierdzia i ks. Cardona, rozpocz\u0119li dzia\u0142alno\u015b\u0107 duszpastersk\u0105 w\u015br\u00f3d imigrant\u00f3w pracuj\u0105cych na roli w tym rejonie. Siostry i kap\u0142an prowadz\u0105 wizyty domowe i wizytuj\u0105 chorych, prowadz\u0105 doradztwo duszpasterskie, zaj\u0119cia umiej\u0119tno\u015bci organizacyjnych i formacji duchowej, kap\u0142an b\u0142ogos\u0142awi domy, zajmuje si\u0119 pogrzebami. Obecno\u015b\u0107 duszpasterska ks. Cardony i Si\u00f3str jest prawdziwym skarbem dla kongregacji \u015bw. Wilhelma, kt\u00f3rzy doceniaj\u0105 po\u015bwi\u0119con\u0105 im uwag\u0119.<\/p>\n\n\n\n<div class=\"wp-block-image\"><figure class=\"aligncenter size-full\"><img decoding=\"async\" src=\"https:\/\/filles-de-la-charite.org\/wp-content\/uploads\/2023\/06\/Bez_tytulu_1-4.jpg\" alt=\"\" class=\"wp-image-72142\" \/><\/figure><\/div>\n\n\n\n<p>Po\u015bwi\u0119cenie i pasja wsp\u00f3lnoty ko\u015bcielnej jest przeogromna. W\u015br\u00f3d parafian s\u0105 starsi katolicy, kt\u00f3rzy od dawna mieszkaj\u0105 w tej spo\u0142eczno\u015bci, latynoscy parafianie, rodziny i pracownicy, osoby i rodziny, kt\u00f3re pracuj\u0105 g\u0142\u00f3wnie na fermach kurczak\u00f3w i w ubojniach, kt\u00f3rzy mieszkaj\u0105 w pobliskich przyczepach, a tak\u017ce sezonowi robotnicy rolni. Przy tak zr\u00f3\u017cnicowanych grupach i kulturach, zesp\u00f3\u0142 docenia gotowo\u015b\u0107 wsp\u00f3lnoty do s\u0142u\u017cby w niezliczonych funkcjach, takich jak lektorzy, dozorcy, katechi\u015bci i szafarze Eucharystii.<\/p>\n\n\n\n<p>Ostatnio ks. Stephen Grozio CM, Wizyator Ksi\u0119\u017cy Misjonarzy z Prowincji Wschodniej, odwiedzi\u0142 wsp\u00f3lnot\u0119 \u015bw. Wilhema i zosta\u0142 zaskoczony przez tak zjednoczon\u0105 wsp\u00f3lnot\u0119. Podczas swojej wizyty mia\u0142 okazj\u0119 odprawi\u0107 tam Msz\u0119 \u015awi\u0119t\u0105.<\/p>\n\n\n\n<p>&#8222;Wszyscy uczestnicy byli w wieku siedemdziesi\u0119ciu lat lub starsi i wi\u0119kszo\u015b\u0107 z nich siedzia\u0142a w tylnych \u0142awkach ko\u015bcio\u0142a&#8221; &#8211; wspomina ks. Grozio. &#8222;[Siostry i ks. Cardona] powiedzieli, \u017ce kiedy przybyli po raz pierwszy, [starsi parafianie] wydawali si\u0119 podejrzliwi i wyra\u017cali pewne obawy dotycz\u0105ce rosn\u0105cej obecno\u015bci Latynos\u00f3w w tym miejscu. Najwyra\u017aniej to si\u0119 zmieni\u0142o i stwierdzi\u0142em, \u017ce s\u0105 bardzo otwarci na swoich latynoskich braci i siostry &#8211; co jest obiecuj\u0105cym znakiem na przysz\u0142o\u015b\u0107.&#8221;<\/p>\n\n\n\n<p>Ks. Grozio jest dumny i pod wra\u017ceniem pracy, jak\u0105 wykona\u0142y Siostry i ks. Cardona, by zach\u0119ci\u0107 parafian do zaanga\u017cowania si\u0119, bycia odwa\u017cnym i przy\u0142\u0105czenia si\u0119 do misji wincenty\u0144skiej w jej rozwoju. &#8222;Jestem pe\u0142en nadziei i zach\u0119ty&#8221; &#8211; m\u00f3wi ks. Grozio. &#8222;Razem, [Siostry i Ksi\u0119\u017ca Misjonarze], patrz\u0105 w przysz\u0142o\u015b\u0107 i na wp\u0142yw, jaki ich praca wywiera &#8211; i ma potencja\u0142 wywierania &#8211; na tych, kt\u00f3rzy nie s\u0105 obs\u0142ugiwani i \u017cyj\u0105 na peryferiach&#8221;.<\/p>\n\n\n\n<p>W kwietniu 2022 r. ks. Vincent Finnerty CM zast\u0105pi\u0142 ks. Cardon\u0119 i jest obecnie proboszczem ko\u015bcio\u0142a \u015bw. Wilhelma. Kontynuuje on dobre dzie\u0142o swojego poprzednika.<\/p>\n\n\n\n<p><em>Adaptacja z &#8222;The Message&#8221;, Wiosna 2022, Publikacja Sanktuarium Cudownego Medalika w Filadelfii, Pensylwania.<\/em><\/p>\n","protected":false},"excerpt":{"rendered":"<p>Min\u0105\u0142 nieco ponad rok od kiedy trzy Siostry Mi\u0142osierdzia (Siostra Consuelo, Siostra Migdalia i Siostra Paula) oraz jeden kap\u0142an za Zgromadzenia Misji z Prowincji Wschodniej (ks. Orlando Cardona) przybyli do Po\u0142udniowej Karoliny, by rozpocz\u0105\u0107 now\u0105 misj\u0119 w\u015br\u00f3d imigrant\u00f3w.\u00a0 Hrabstwo Saluda jest s\u0142abo zaludnionym obszarem (44 osoby i 21 mieszka\u0144 na mil\u0119 kwadratow\u0105), gdzie g\u0142\u00f3wnym przemys\u0142em [&hellip;]<\/p>\n","protected":false},"author":1,"featured_media":17393,"comment_status":"closed","ping_status":"closed","sticky":false,"template":"","format":"standard","meta":{"_acf_changed":false,"_et_pb_use_builder":"","_et_pb_old_content":"","_et_gb_content_width":"","footnotes":"","_links_to":"","_links_to_target":""},"categories":[710],"tags":[],"class_list":["post-24689","post","type-post","status-publish","format-standard","has-post-thumbnail","hentry","category-swieta-ludwika-usa-pl"],"acf":[],"yoast_head":"<!-- This site is optimized with the Yoast SEO plugin v27.4 - https:\/\/yoast.com\/product\/yoast-seo-wordpress\/ -->\n<title>\u201cCasa Encuentro\u201d, Ward, Po\u0142udniowa Karolina - Filles de la Charit\u00e9<\/title>\n<meta name=\"robots\" content=\"index, follow, max-snippet:-1, max-image-preview:large, max-video-preview:-1\" \/>\n<link rel=\"canonical\" href=\"https:\/\/filles-de-la-charite.org\/pl\/casa-encuentro-ward-poludniowa-karolina\/\" \/>\n<meta property=\"og:locale\" content=\"pl_PL\" \/>\n<meta property=\"og:type\" content=\"article\" \/>\n<meta property=\"og:title\" content=\"\u201cCasa Encuentro\u201d, Ward, Po\u0142udniowa Karolina - Filles de la Charit\u00e9\" \/>\n<meta property=\"og:description\" content=\"Min\u0105\u0142 nieco ponad rok od kiedy trzy Siostry Mi\u0142osierdzia (Siostra Consuelo, Siostra Migdalia i Siostra Paula) oraz jeden kap\u0142an za Zgromadzenia Misji z Prowincji Wschodniej (ks. Orlando Cardona) przybyli do Po\u0142udniowej Karoliny, by rozpocz\u0105\u0107 now\u0105 misj\u0119 w\u015br\u00f3d imigrant\u00f3w.\u00a0 Hrabstwo Saluda jest s\u0142abo zaludnionym obszarem (44 osoby i 21 mieszka\u0144 na mil\u0119 kwadratow\u0105), gdzie g\u0142\u00f3wnym przemys\u0142em [&hellip;]\" \/>\n<meta property=\"og:url\" content=\"https:\/\/filles-de-la-charite.org\/pl\/casa-encuentro-ward-poludniowa-karolina\/\" \/>\n<meta property=\"og:site_name\" content=\"Filles de la Charit\u00e9\" \/>\n<meta property=\"article:published_time\" content=\"2022-11-30T22:00:00+00:00\" \/>\n<meta property=\"article:modified_time\" content=\"2024-03-17T14:34:40+00:00\" \/>\n<meta property=\"og:image\" content=\"https:\/\/filles-de-la-charite.org\/wp-content\/uploads\/2023\/06\/CMs-and-DCs-Ward-SC.jpg\" \/>\n\t<meta property=\"og:image:width\" content=\"1405\" \/>\n\t<meta property=\"og:image:height\" content=\"1052\" \/>\n\t<meta property=\"og:image:type\" content=\"image\/jpeg\" \/>\n<meta name=\"author\" content=\"admin\" \/>\n<meta name=\"twitter:card\" content=\"summary_large_image\" \/>\n<meta name=\"twitter:label1\" content=\"Napisane przez\" \/>\n\t<meta name=\"twitter:data1\" content=\"admin\" \/>\n\t<meta name=\"twitter:label2\" content=\"Szacowany czas czytania\" \/>\n\t<meta name=\"twitter:data2\" content=\"3 minuty\" \/>\n<script type=\"application\/ld+json\" class=\"yoast-schema-graph\">{\"@context\":\"https:\\\/\\\/schema.org\",\"@graph\":[{\"@type\":\"Article\",\"@id\":\"https:\\\/\\\/filles-de-la-charite.org\\\/pl\\\/casa-encuentro-ward-poludniowa-karolina\\\/#article\",\"isPartOf\":{\"@id\":\"https:\\\/\\\/filles-de-la-charite.org\\\/pl\\\/casa-encuentro-ward-poludniowa-karolina\\\/\"},\"author\":{\"name\":\"admin\",\"@id\":\"https:\\\/\\\/filles-de-la-charite.org\\\/pl\\\/#\\\/schema\\\/person\\\/427567b2eccfc2dd7d206da186a1f438\"},\"headline\":\"\u201cCasa Encuentro\u201d, Ward, Po\u0142udniowa Karolina\",\"datePublished\":\"2022-11-30T22:00:00+00:00\",\"dateModified\":\"2024-03-17T14:34:40+00:00\",\"mainEntityOfPage\":{\"@id\":\"https:\\\/\\\/filles-de-la-charite.org\\\/pl\\\/casa-encuentro-ward-poludniowa-karolina\\\/\"},\"wordCount\":588,\"publisher\":{\"@id\":\"https:\\\/\\\/filles-de-la-charite.org\\\/pl\\\/#organization\"},\"image\":{\"@id\":\"https:\\\/\\\/filles-de-la-charite.org\\\/pl\\\/casa-encuentro-ward-poludniowa-karolina\\\/#primaryimage\"},\"thumbnailUrl\":\"https:\\\/\\\/filles-de-la-charite.org\\\/wp-content\\\/uploads\\\/2023\\\/06\\\/CMs-and-DCs-Ward-SC.jpg\",\"articleSection\":[\"\u015awi\u0119ta Ludwika - USA\"],\"inLanguage\":\"pl-PL\"},{\"@type\":\"WebPage\",\"@id\":\"https:\\\/\\\/filles-de-la-charite.org\\\/pl\\\/casa-encuentro-ward-poludniowa-karolina\\\/\",\"url\":\"https:\\\/\\\/filles-de-la-charite.org\\\/pl\\\/casa-encuentro-ward-poludniowa-karolina\\\/\",\"name\":\"\u201cCasa Encuentro\u201d, Ward, Po\u0142udniowa Karolina - Filles de la Charit\u00e9\",\"isPartOf\":{\"@id\":\"https:\\\/\\\/filles-de-la-charite.org\\\/pl\\\/#website\"},\"primaryImageOfPage\":{\"@id\":\"https:\\\/\\\/filles-de-la-charite.org\\\/pl\\\/casa-encuentro-ward-poludniowa-karolina\\\/#primaryimage\"},\"image\":{\"@id\":\"https:\\\/\\\/filles-de-la-charite.org\\\/pl\\\/casa-encuentro-ward-poludniowa-karolina\\\/#primaryimage\"},\"thumbnailUrl\":\"https:\\\/\\\/filles-de-la-charite.org\\\/wp-content\\\/uploads\\\/2023\\\/06\\\/CMs-and-DCs-Ward-SC.jpg\",\"datePublished\":\"2022-11-30T22:00:00+00:00\",\"dateModified\":\"2024-03-17T14:34:40+00:00\",\"breadcrumb\":{\"@id\":\"https:\\\/\\\/filles-de-la-charite.org\\\/pl\\\/casa-encuentro-ward-poludniowa-karolina\\\/#breadcrumb\"},\"inLanguage\":\"pl-PL\",\"potentialAction\":[{\"@type\":\"ReadAction\",\"target\":[\"https:\\\/\\\/filles-de-la-charite.org\\\/pl\\\/casa-encuentro-ward-poludniowa-karolina\\\/\"]}]},{\"@type\":\"ImageObject\",\"inLanguage\":\"pl-PL\",\"@id\":\"https:\\\/\\\/filles-de-la-charite.org\\\/pl\\\/casa-encuentro-ward-poludniowa-karolina\\\/#primaryimage\",\"url\":\"https:\\\/\\\/filles-de-la-charite.org\\\/wp-content\\\/uploads\\\/2023\\\/06\\\/CMs-and-DCs-Ward-SC.jpg\",\"contentUrl\":\"https:\\\/\\\/filles-de-la-charite.org\\\/wp-content\\\/uploads\\\/2023\\\/06\\\/CMs-and-DCs-Ward-SC.jpg\",\"width\":1405,\"height\":1052},{\"@type\":\"BreadcrumbList\",\"@id\":\"https:\\\/\\\/filles-de-la-charite.org\\\/pl\\\/casa-encuentro-ward-poludniowa-karolina\\\/#breadcrumb\",\"itemListElement\":[{\"@type\":\"ListItem\",\"position\":1,\"name\":\"\u015awi\u0119ta Ludwika - USA\",\"item\":\"https:\\\/\\\/filles-de-la-charite.org\\\/pl\\\/category\\\/swieta-ludwika-usa-pl\\\/\"},{\"@type\":\"ListItem\",\"position\":2,\"name\":\"\u201cCasa Encuentro\u201d, Ward, Po\u0142udniowa Karolina\"}]},{\"@type\":\"WebSite\",\"@id\":\"https:\\\/\\\/filles-de-la-charite.org\\\/pl\\\/#website\",\"url\":\"https:\\\/\\\/filles-de-la-charite.org\\\/pl\\\/\",\"name\":\"Hijas de la Caridad\",\"description\":\"L\u2019amour de J\u00e9sus nous presse \u00e0 prendre soin des personnes les plus d\u00e9munies\",\"publisher\":{\"@id\":\"https:\\\/\\\/filles-de-la-charite.org\\\/pl\\\/#organization\"},\"potentialAction\":[{\"@type\":\"SearchAction\",\"target\":{\"@type\":\"EntryPoint\",\"urlTemplate\":\"https:\\\/\\\/filles-de-la-charite.org\\\/pl\\\/?s={search_term_string}\"},\"query-input\":{\"@type\":\"PropertyValueSpecification\",\"valueRequired\":true,\"valueName\":\"search_term_string\"}}],\"inLanguage\":\"pl-PL\"},{\"@type\":\"Organization\",\"@id\":\"https:\\\/\\\/filles-de-la-charite.org\\\/pl\\\/#organization\",\"name\":\"Hijas de la Caridad\",\"url\":\"https:\\\/\\\/filles-de-la-charite.org\\\/pl\\\/\",\"logo\":{\"@type\":\"ImageObject\",\"inLanguage\":\"pl-PL\",\"@id\":\"https:\\\/\\\/filles-de-la-charite.org\\\/pl\\\/#\\\/schema\\\/logo\\\/image\\\/\",\"url\":\"https:\\\/\\\/filles-de-la-charite.org\\\/wp-content\\\/uploads\\\/2023\\\/03\\\/isotipo-Hijas-de-la-Caridad.png\",\"contentUrl\":\"https:\\\/\\\/filles-de-la-charite.org\\\/wp-content\\\/uploads\\\/2023\\\/03\\\/isotipo-Hijas-de-la-Caridad.png\",\"width\":1417,\"height\":1417,\"caption\":\"Hijas de la Caridad\"},\"image\":{\"@id\":\"https:\\\/\\\/filles-de-la-charite.org\\\/pl\\\/#\\\/schema\\\/logo\\\/image\\\/\"}},{\"@type\":\"Person\",\"@id\":\"https:\\\/\\\/filles-de-la-charite.org\\\/pl\\\/#\\\/schema\\\/person\\\/427567b2eccfc2dd7d206da186a1f438\",\"name\":\"admin\",\"image\":{\"@type\":\"ImageObject\",\"inLanguage\":\"pl-PL\",\"@id\":\"https:\\\/\\\/secure.gravatar.com\\\/avatar\\\/948b492cce32b586ac2db0eaa926ee87024f7afe218d73b397ea5ddfc5f43ea1?s=96&d=mm&r=g\",\"url\":\"https:\\\/\\\/secure.gravatar.com\\\/avatar\\\/948b492cce32b586ac2db0eaa926ee87024f7afe218d73b397ea5ddfc5f43ea1?s=96&d=mm&r=g\",\"contentUrl\":\"https:\\\/\\\/secure.gravatar.com\\\/avatar\\\/948b492cce32b586ac2db0eaa926ee87024f7afe218d73b397ea5ddfc5f43ea1?s=96&d=mm&r=g\",\"caption\":\"admin\"},\"sameAs\":[\"https:\\\/\\\/filles-de-la-charite.org\"],\"url\":\"https:\\\/\\\/filles-de-la-charite.org\\\/pl\\\/author\\\/caridad\\\/\"}]}<\/script>\n<!-- \/ Yoast SEO plugin. -->","yoast_head_json":{"title":"\u201cCasa Encuentro\u201d, Ward, Po\u0142udniowa Karolina - Filles de la Charit\u00e9","robots":{"index":"index","follow":"follow","max-snippet":"max-snippet:-1","max-image-preview":"max-image-preview:large","max-video-preview":"max-video-preview:-1"},"canonical":"https:\/\/filles-de-la-charite.org\/pl\/casa-encuentro-ward-poludniowa-karolina\/","og_locale":"pl_PL","og_type":"article","og_title":"\u201cCasa Encuentro\u201d, Ward, Po\u0142udniowa Karolina - Filles de la Charit\u00e9","og_description":"Min\u0105\u0142 nieco ponad rok od kiedy trzy Siostry Mi\u0142osierdzia (Siostra Consuelo, Siostra Migdalia i Siostra Paula) oraz jeden kap\u0142an za Zgromadzenia Misji z Prowincji Wschodniej (ks. Orlando Cardona) przybyli do Po\u0142udniowej Karoliny, by rozpocz\u0105\u0107 now\u0105 misj\u0119 w\u015br\u00f3d imigrant\u00f3w.\u00a0 Hrabstwo Saluda jest s\u0142abo zaludnionym obszarem (44 osoby i 21 mieszka\u0144 na mil\u0119 kwadratow\u0105), gdzie g\u0142\u00f3wnym przemys\u0142em [&hellip;]","og_url":"https:\/\/filles-de-la-charite.org\/pl\/casa-encuentro-ward-poludniowa-karolina\/","og_site_name":"Filles de la Charit\u00e9","article_published_time":"2022-11-30T22:00:00+00:00","article_modified_time":"2024-03-17T14:34:40+00:00","og_image":[{"width":1405,"height":1052,"url":"https:\/\/filles-de-la-charite.org\/wp-content\/uploads\/2023\/06\/CMs-and-DCs-Ward-SC.jpg","type":"image\/jpeg"}],"author":"admin","twitter_card":"summary_large_image","twitter_misc":{"Napisane przez":"admin","Szacowany czas czytania":"3 minuty"},"schema":{"@context":"https:\/\/schema.org","@graph":[{"@type":"Article","@id":"https:\/\/filles-de-la-charite.org\/pl\/casa-encuentro-ward-poludniowa-karolina\/#article","isPartOf":{"@id":"https:\/\/filles-de-la-charite.org\/pl\/casa-encuentro-ward-poludniowa-karolina\/"},"author":{"name":"admin","@id":"https:\/\/filles-de-la-charite.org\/pl\/#\/schema\/person\/427567b2eccfc2dd7d206da186a1f438"},"headline":"\u201cCasa Encuentro\u201d, Ward, Po\u0142udniowa Karolina","datePublished":"2022-11-30T22:00:00+00:00","dateModified":"2024-03-17T14:34:40+00:00","mainEntityOfPage":{"@id":"https:\/\/filles-de-la-charite.org\/pl\/casa-encuentro-ward-poludniowa-karolina\/"},"wordCount":588,"publisher":{"@id":"https:\/\/filles-de-la-charite.org\/pl\/#organization"},"image":{"@id":"https:\/\/filles-de-la-charite.org\/pl\/casa-encuentro-ward-poludniowa-karolina\/#primaryimage"},"thumbnailUrl":"https:\/\/filles-de-la-charite.org\/wp-content\/uploads\/2023\/06\/CMs-and-DCs-Ward-SC.jpg","articleSection":["\u015awi\u0119ta Ludwika - USA"],"inLanguage":"pl-PL"},{"@type":"WebPage","@id":"https:\/\/filles-de-la-charite.org\/pl\/casa-encuentro-ward-poludniowa-karolina\/","url":"https:\/\/filles-de-la-charite.org\/pl\/casa-encuentro-ward-poludniowa-karolina\/","name":"\u201cCasa Encuentro\u201d, Ward, Po\u0142udniowa Karolina - Filles de la Charit\u00e9","isPartOf":{"@id":"https:\/\/filles-de-la-charite.org\/pl\/#website"},"primaryImageOfPage":{"@id":"https:\/\/filles-de-la-charite.org\/pl\/casa-encuentro-ward-poludniowa-karolina\/#primaryimage"},"image":{"@id":"https:\/\/filles-de-la-charite.org\/pl\/casa-encuentro-ward-poludniowa-karolina\/#primaryimage"},"thumbnailUrl":"https:\/\/filles-de-la-charite.org\/wp-content\/uploads\/2023\/06\/CMs-and-DCs-Ward-SC.jpg","datePublished":"2022-11-30T22:00:00+00:00","dateModified":"2024-03-17T14:34:40+00:00","breadcrumb":{"@id":"https:\/\/filles-de-la-charite.org\/pl\/casa-encuentro-ward-poludniowa-karolina\/#breadcrumb"},"inLanguage":"pl-PL","potentialAction":[{"@type":"ReadAction","target":["https:\/\/filles-de-la-charite.org\/pl\/casa-encuentro-ward-poludniowa-karolina\/"]}]},{"@type":"ImageObject","inLanguage":"pl-PL","@id":"https:\/\/filles-de-la-charite.org\/pl\/casa-encuentro-ward-poludniowa-karolina\/#primaryimage","url":"https:\/\/filles-de-la-charite.org\/wp-content\/uploads\/2023\/06\/CMs-and-DCs-Ward-SC.jpg","contentUrl":"https:\/\/filles-de-la-charite.org\/wp-content\/uploads\/2023\/06\/CMs-and-DCs-Ward-SC.jpg","width":1405,"height":1052},{"@type":"BreadcrumbList","@id":"https:\/\/filles-de-la-charite.org\/pl\/casa-encuentro-ward-poludniowa-karolina\/#breadcrumb","itemListElement":[{"@type":"ListItem","position":1,"name":"\u015awi\u0119ta Ludwika - USA","item":"https:\/\/filles-de-la-charite.org\/pl\/category\/swieta-ludwika-usa-pl\/"},{"@type":"ListItem","position":2,"name":"\u201cCasa Encuentro\u201d, Ward, Po\u0142udniowa Karolina"}]},{"@type":"WebSite","@id":"https:\/\/filles-de-la-charite.org\/pl\/#website","url":"https:\/\/filles-de-la-charite.org\/pl\/","name":"Hijas de la Caridad","description":"L\u2019amour de J\u00e9sus nous presse \u00e0 prendre soin des personnes les plus d\u00e9munies","publisher":{"@id":"https:\/\/filles-de-la-charite.org\/pl\/#organization"},"potentialAction":[{"@type":"SearchAction","target":{"@type":"EntryPoint","urlTemplate":"https:\/\/filles-de-la-charite.org\/pl\/?s={search_term_string}"},"query-input":{"@type":"PropertyValueSpecification","valueRequired":true,"valueName":"search_term_string"}}],"inLanguage":"pl-PL"},{"@type":"Organization","@id":"https:\/\/filles-de-la-charite.org\/pl\/#organization","name":"Hijas de la Caridad","url":"https:\/\/filles-de-la-charite.org\/pl\/","logo":{"@type":"ImageObject","inLanguage":"pl-PL","@id":"https:\/\/filles-de-la-charite.org\/pl\/#\/schema\/logo\/image\/","url":"https:\/\/filles-de-la-charite.org\/wp-content\/uploads\/2023\/03\/isotipo-Hijas-de-la-Caridad.png","contentUrl":"https:\/\/filles-de-la-charite.org\/wp-content\/uploads\/2023\/03\/isotipo-Hijas-de-la-Caridad.png","width":1417,"height":1417,"caption":"Hijas de la Caridad"},"image":{"@id":"https:\/\/filles-de-la-charite.org\/pl\/#\/schema\/logo\/image\/"}},{"@type":"Person","@id":"https:\/\/filles-de-la-charite.org\/pl\/#\/schema\/person\/427567b2eccfc2dd7d206da186a1f438","name":"admin","image":{"@type":"ImageObject","inLanguage":"pl-PL","@id":"https:\/\/secure.gravatar.com\/avatar\/948b492cce32b586ac2db0eaa926ee87024f7afe218d73b397ea5ddfc5f43ea1?s=96&d=mm&r=g","url":"https:\/\/secure.gravatar.com\/avatar\/948b492cce32b586ac2db0eaa926ee87024f7afe218d73b397ea5ddfc5f43ea1?s=96&d=mm&r=g","contentUrl":"https:\/\/secure.gravatar.com\/avatar\/948b492cce32b586ac2db0eaa926ee87024f7afe218d73b397ea5ddfc5f43ea1?s=96&d=mm&r=g","caption":"admin"},"sameAs":["https:\/\/filles-de-la-charite.org"],"url":"https:\/\/filles-de-la-charite.org\/pl\/author\/caridad\/"}]}},"_links":{"self":[{"href":"https:\/\/filles-de-la-charite.org\/pl\/wp-json\/wp\/v2\/posts\/24689","targetHints":{"allow":["GET"]}}],"collection":[{"href":"https:\/\/filles-de-la-charite.org\/pl\/wp-json\/wp\/v2\/posts"}],"about":[{"href":"https:\/\/filles-de-la-charite.org\/pl\/wp-json\/wp\/v2\/types\/post"}],"author":[{"embeddable":true,"href":"https:\/\/filles-de-la-charite.org\/pl\/wp-json\/wp\/v2\/users\/1"}],"replies":[{"embeddable":true,"href":"https:\/\/filles-de-la-charite.org\/pl\/wp-json\/wp\/v2\/comments?post=24689"}],"version-history":[{"count":1,"href":"https:\/\/filles-de-la-charite.org\/pl\/wp-json\/wp\/v2\/posts\/24689\/revisions"}],"predecessor-version":[{"id":24690,"href":"https:\/\/filles-de-la-charite.org\/pl\/wp-json\/wp\/v2\/posts\/24689\/revisions\/24690"}],"wp:featuredmedia":[{"embeddable":true,"href":"https:\/\/filles-de-la-charite.org\/pl\/wp-json\/wp\/v2\/media\/17393"}],"wp:attachment":[{"href":"https:\/\/filles-de-la-charite.org\/pl\/wp-json\/wp\/v2\/media?parent=24689"}],"wp:term":[{"taxonomy":"category","embeddable":true,"href":"https:\/\/filles-de-la-charite.org\/pl\/wp-json\/wp\/v2\/categories?post=24689"},{"taxonomy":"post_tag","embeddable":true,"href":"https:\/\/filles-de-la-charite.org\/pl\/wp-json\/wp\/v2\/tags?post=24689"}],"curies":[{"name":"wp","href":"https:\/\/api.w.org\/{rel}","templated":true}]}}