{"id":24693,"date":"2022-12-31T23:00:00","date_gmt":"2022-12-31T22:00:00","guid":{"rendered":"https:\/\/hijascaridad.sjdigitaldemo.ovh\/droga-proroctwa-i-nadziei\/"},"modified":"2024-03-17T15:26:18","modified_gmt":"2024-03-17T14:26:18","slug":"droga-proroctwa-i-nadziei","status":"publish","type":"post","link":"https:\/\/filles-de-la-charite.org\/pl\/droga-proroctwa-i-nadziei\/","title":{"rendered":"<strong>Droga proroctwa i nadziei<\/strong>"},"content":{"rendered":"\n<p><strong><em>\"Temat Konwentu wprowadzi\u0142 Zgromadzenie w proces otwierania si\u0119\". <\/em><\/strong>(DM - Brama 1).\u00a0 Maj\u0105c to na uwadze, 32 Siostry Mi\u0142osierdzia spotka\u0142y si\u0119 w Ekwadorze w dniach od 28 wrze\u015bnia do 6 pa\u017adziernika, aby zastanowi\u0107 si\u0119 i pog\u0142\u0119bi\u0107 zrozumienie zarz\u0105dzania dobrami w kontek\u015bcie Ameryki \u0141aci\u0144skiej. Wizytatorkom, Ekonomkom Prowincjalnym i Siostrom odpowiedzialnym za sprawy ekonomiczne Ameryki \u0141aci\u0144skiej i Karaib\u00f3w - 8 prowincji, 21 kraj\u00f3w - towarzyszy\u0142y Siostra Alicia Margarita Cort\u00e9s, Radna Generalna, Siostra Isel Negrelli, Ekonomka Generalna i Siostra Immaculada Ladrero, cz\u0142onkini Mi\u0119dzynarodowej Komisji Finansowej. Zauwa\u017cy\u0142y\u015bmy w szerszym znaczeniu, \u017ce s\u0142u\u017cba zwi\u0105zana z ekonomi\u0105 w dzisiejszym \u015bwiecie jest \"drog\u0105 proroctwa i nadziei\", a misja i charyzmat Si\u00f3str Mi\u0142osierdzia wykraczaj\u0105 poza administrowanie sprawami finansowymi.<\/p>\n\n\n\n<figure class=\"wp-block-image size-full\"><img decoding=\"async\" src=\"https:\/\/filles-de-la-charite.org\/wp-content\/uploads\/2023\/06\/Altar-Apertura-del-Encuentro.jpg\" alt=\"\" class=\"wp-image-72303\"\/><\/figure>\n\n\n\n<p>Konieczne jest <em>\"humanizowanie\"<\/em> finans\u00f3w, naszych relacji, us\u0142ug i \u015brodowiska pracy jako podstawy nowej ekonomii skupionej na ludziach i w s\u0142u\u017cbie <em>\"\u017cycia\"<\/em>. Musimy zda\u0107 sobie spraw\u0119, bardziej ni\u017c kiedykolwiek, \u017ce zasoby, kt\u00f3re posiadamy nie s\u0105 niesko\u0144czone i \u017ce musz\u0105 by\u0107 u\u017cyte, aby zaspokoi\u0107 potrzeby Si\u00f3str i Ubogich, dzisiaj i w przysz\u0142o\u015bci, z zaufaniem Bo\u017cej Opatrzno\u015bci.<\/p>\n\n\n\n<figure class=\"wp-block-image alignwide size-large\"><img decoding=\"async\" src=\"https:\/\/filles-de-la-charite.org\/wp-content\/uploads\/2023\/06\/Ecuador-Hermanas-Enlace-1024x461-1.jpg\" alt=\"\" class=\"wp-image-72304\"\/><\/figure>\n\n\n\n<p>W \u015bwietle wymiany pogl\u0105d\u00f3w i tego, co otrzyma\u0142y\u015bmy w tych dniach, sformu\u0142owa\u0142y\u015bmy nasze wnioski w dokumencie, kt\u00f3ry, zgodnie z modelem zaproponowanym przez Dokument Mi\u0119dzykonwentowy, zaprasza nas do przej\u015bcia przez trzy bramy: Charyzmat, Formacja i \u201ezdrowa administracja\u201d, wraz z ich odpowiednimi kluczami: Nawr\u00f3cenie w celu pog\u0142\u0119bienia relacji, Otwarto\u015b\u0107 ducha jako podstawa wszelkich zmian oraz Obecno\u015b\u0107 jako misja.<\/p>\n\n\n\n<p>Nasz\u0105 wdzi\u0119czno\u015b\u0107 kierujemy do Siostry Fran\u00e7oise i jej Rady za zapewnienie przestrzeni dla formacji i odnowy, kt\u00f3re wzmacniaj\u0105 wi\u0119zi braterskie; do Siostry Isel, kt\u00f3ra rozpoczyna swoj\u0105 misj\u0119 jako Prze\u0142o\u017cona Generalna i Siostry Inmaculady z CIF - obie da\u0142y \u015bwiadectwo swoj\u0105 prostot\u0105 i zaanga\u017cowaniem, w solidarno\u015bci z naszymi bra\u0107mi i siostrami, kt\u00f3rzy cierpi\u0105 najbardziej.<\/p>\n\n\n\n<p>Szczeg\u00f3lne podzi\u0119kowania nale\u017c\u0105 si\u0119 Siostrom z Prowincji Ekwadoru, kt\u00f3re z hojno\u015bci\u0105, rado\u015bci\u0105 i kreatywno\u015bci\u0105 przygotowa\u0142y i animowa\u0142y to spotkanie oraz sprawi\u0142y, \u017ce poczu\u0142y\u015bmy ciep\u0142o ich przyj\u0119cia.<\/p>\n\n\n\n<p>Siostra Ediltrudis Acevedo i Siostra Mar\u00eda Helena Daza<\/p>\n\n\n\n<p><em>Komitet Redakcyjny Spotkania<\/em><\/p>\n","protected":false},"excerpt":{"rendered":"<p>&#8222;Temat Konwentu wprowadzi\u0142 Zgromadzenie w proces otwierania si\u0119&#8221;. (DM &#8211; Brama 1).\u00a0 Maj\u0105c to na uwadze, 32 Siostry Mi\u0142osierdzia spotka\u0142y si\u0119 w Ekwadorze w dniach od 28 wrze\u015bnia do 6 pa\u017adziernika, aby zastanowi\u0107 si\u0119 i pog\u0142\u0119bi\u0107 zrozumienie zarz\u0105dzania dobrami w kontek\u015bcie Ameryki \u0141aci\u0144skiej. Wizytatorkom, Ekonomkom Prowincjalnym i Siostrom odpowiedzialnym za sprawy ekonomiczne Ameryki \u0141aci\u0144skiej i [&hellip;]<\/p>\n","protected":false},"author":1,"featured_media":17439,"comment_status":"closed","ping_status":"closed","sticky":false,"template":"","format":"standard","meta":{"_acf_changed":false,"footnotes":"","_links_to":"","_links_to_target":""},"categories":[783],"tags":[],"class_list":["post-24693","post","type-post","status-publish","format-standard","has-post-thumbnail","hentry","category-ekwador"],"acf":[],"yoast_head":"<!-- This site is optimized with the Yoast SEO plugin v27.5 - https:\/\/yoast.com\/product\/yoast-seo-wordpress\/ -->\n<title>Droga proroctwa i nadziei - Filles de la Charit\u00e9<\/title>\n<meta name=\"robots\" content=\"index, follow, max-snippet:-1, max-image-preview:large, max-video-preview:-1\" \/>\n<link rel=\"canonical\" href=\"https:\/\/filles-de-la-charite.org\/pl\/droga-proroctwa-i-nadziei\/\" \/>\n<meta property=\"og:locale\" content=\"pl_PL\" \/>\n<meta property=\"og:type\" content=\"article\" \/>\n<meta property=\"og:title\" content=\"Droga proroctwa i nadziei - Filles de la Charit\u00e9\" \/>\n<meta property=\"og:description\" content=\"&#8222;Temat Konwentu wprowadzi\u0142 Zgromadzenie w proces otwierania si\u0119&#8221;. (DM &#8211; Brama 1).\u00a0 Maj\u0105c to na uwadze, 32 Siostry Mi\u0142osierdzia spotka\u0142y si\u0119 w Ekwadorze w dniach od 28 wrze\u015bnia do 6 pa\u017adziernika, aby zastanowi\u0107 si\u0119 i pog\u0142\u0119bi\u0107 zrozumienie zarz\u0105dzania dobrami w kontek\u015bcie Ameryki \u0141aci\u0144skiej. Wizytatorkom, Ekonomkom Prowincjalnym i Siostrom odpowiedzialnym za sprawy ekonomiczne Ameryki \u0141aci\u0144skiej i [&hellip;]\" \/>\n<meta property=\"og:url\" content=\"https:\/\/filles-de-la-charite.org\/pl\/droga-proroctwa-i-nadziei\/\" \/>\n<meta property=\"og:site_name\" content=\"Filles de la Charit\u00e9\" \/>\n<meta property=\"article:published_time\" content=\"2022-12-31T22:00:00+00:00\" \/>\n<meta property=\"article:modified_time\" content=\"2024-03-17T14:26:18+00:00\" \/>\n<meta property=\"og:image\" content=\"https:\/\/filles-de-la-charite.org\/wp-content\/uploads\/2023\/06\/Ecuador-Economas-horizontal_auto_x2.jpg\" \/>\n\t<meta property=\"og:image:width\" content=\"1148\" \/>\n\t<meta property=\"og:image:height\" content=\"646\" \/>\n\t<meta property=\"og:image:type\" content=\"image\/jpeg\" \/>\n<meta name=\"author\" content=\"admin\" \/>\n<meta name=\"twitter:card\" content=\"summary_large_image\" \/>\n<meta name=\"twitter:label1\" content=\"Napisane przez\" \/>\n\t<meta name=\"twitter:data1\" content=\"admin\" \/>\n\t<meta name=\"twitter:label2\" content=\"Szacowany czas czytania\" \/>\n\t<meta name=\"twitter:data2\" content=\"2 minuty\" \/>\n<script type=\"application\/ld+json\" class=\"yoast-schema-graph\">{\"@context\":\"https:\\\/\\\/schema.org\",\"@graph\":[{\"@type\":\"Article\",\"@id\":\"https:\\\/\\\/filles-de-la-charite.org\\\/pl\\\/droga-proroctwa-i-nadziei\\\/#article\",\"isPartOf\":{\"@id\":\"https:\\\/\\\/filles-de-la-charite.org\\\/pl\\\/droga-proroctwa-i-nadziei\\\/\"},\"author\":{\"name\":\"admin\",\"@id\":\"https:\\\/\\\/filles-de-la-charite.org\\\/pl\\\/#\\\/schema\\\/person\\\/427567b2eccfc2dd7d206da186a1f438\"},\"headline\":\"Droga proroctwa i nadziei\",\"datePublished\":\"2022-12-31T22:00:00+00:00\",\"dateModified\":\"2024-03-17T14:26:18+00:00\",\"mainEntityOfPage\":{\"@id\":\"https:\\\/\\\/filles-de-la-charite.org\\\/pl\\\/droga-proroctwa-i-nadziei\\\/\"},\"wordCount\":382,\"publisher\":{\"@id\":\"https:\\\/\\\/filles-de-la-charite.org\\\/pl\\\/#organization\"},\"image\":{\"@id\":\"https:\\\/\\\/filles-de-la-charite.org\\\/pl\\\/droga-proroctwa-i-nadziei\\\/#primaryimage\"},\"thumbnailUrl\":\"https:\\\/\\\/filles-de-la-charite.org\\\/wp-content\\\/uploads\\\/2023\\\/06\\\/Ecuador-Economas-horizontal_auto_x2.jpg\",\"articleSection\":[\"Ekwador\"],\"inLanguage\":\"pl-PL\"},{\"@type\":\"WebPage\",\"@id\":\"https:\\\/\\\/filles-de-la-charite.org\\\/pl\\\/droga-proroctwa-i-nadziei\\\/\",\"url\":\"https:\\\/\\\/filles-de-la-charite.org\\\/pl\\\/droga-proroctwa-i-nadziei\\\/\",\"name\":\"Droga proroctwa i nadziei - Filles de la Charit\u00e9\",\"isPartOf\":{\"@id\":\"https:\\\/\\\/filles-de-la-charite.org\\\/pl\\\/#website\"},\"primaryImageOfPage\":{\"@id\":\"https:\\\/\\\/filles-de-la-charite.org\\\/pl\\\/droga-proroctwa-i-nadziei\\\/#primaryimage\"},\"image\":{\"@id\":\"https:\\\/\\\/filles-de-la-charite.org\\\/pl\\\/droga-proroctwa-i-nadziei\\\/#primaryimage\"},\"thumbnailUrl\":\"https:\\\/\\\/filles-de-la-charite.org\\\/wp-content\\\/uploads\\\/2023\\\/06\\\/Ecuador-Economas-horizontal_auto_x2.jpg\",\"datePublished\":\"2022-12-31T22:00:00+00:00\",\"dateModified\":\"2024-03-17T14:26:18+00:00\",\"breadcrumb\":{\"@id\":\"https:\\\/\\\/filles-de-la-charite.org\\\/pl\\\/droga-proroctwa-i-nadziei\\\/#breadcrumb\"},\"inLanguage\":\"pl-PL\",\"potentialAction\":[{\"@type\":\"ReadAction\",\"target\":[\"https:\\\/\\\/filles-de-la-charite.org\\\/pl\\\/droga-proroctwa-i-nadziei\\\/\"]}]},{\"@type\":\"ImageObject\",\"inLanguage\":\"pl-PL\",\"@id\":\"https:\\\/\\\/filles-de-la-charite.org\\\/pl\\\/droga-proroctwa-i-nadziei\\\/#primaryimage\",\"url\":\"https:\\\/\\\/filles-de-la-charite.org\\\/wp-content\\\/uploads\\\/2023\\\/06\\\/Ecuador-Economas-horizontal_auto_x2.jpg\",\"contentUrl\":\"https:\\\/\\\/filles-de-la-charite.org\\\/wp-content\\\/uploads\\\/2023\\\/06\\\/Ecuador-Economas-horizontal_auto_x2.jpg\",\"width\":1148,\"height\":646},{\"@type\":\"BreadcrumbList\",\"@id\":\"https:\\\/\\\/filles-de-la-charite.org\\\/pl\\\/droga-proroctwa-i-nadziei\\\/#breadcrumb\",\"itemListElement\":[{\"@type\":\"ListItem\",\"position\":1,\"name\":\"Ekwador\",\"item\":\"https:\\\/\\\/filles-de-la-charite.org\\\/pl\\\/category\\\/ekwador\\\/\"},{\"@type\":\"ListItem\",\"position\":2,\"name\":\"Droga proroctwa i nadziei\"}]},{\"@type\":\"WebSite\",\"@id\":\"https:\\\/\\\/filles-de-la-charite.org\\\/pl\\\/#website\",\"url\":\"https:\\\/\\\/filles-de-la-charite.org\\\/pl\\\/\",\"name\":\"Hijas de la Caridad\",\"description\":\"L\u2019amour de J\u00e9sus nous presse \u00e0 prendre soin des personnes les plus d\u00e9munies\",\"publisher\":{\"@id\":\"https:\\\/\\\/filles-de-la-charite.org\\\/pl\\\/#organization\"},\"potentialAction\":[{\"@type\":\"SearchAction\",\"target\":{\"@type\":\"EntryPoint\",\"urlTemplate\":\"https:\\\/\\\/filles-de-la-charite.org\\\/pl\\\/?s={search_term_string}\"},\"query-input\":{\"@type\":\"PropertyValueSpecification\",\"valueRequired\":true,\"valueName\":\"search_term_string\"}}],\"inLanguage\":\"pl-PL\"},{\"@type\":\"Organization\",\"@id\":\"https:\\\/\\\/filles-de-la-charite.org\\\/pl\\\/#organization\",\"name\":\"Hijas de la Caridad\",\"url\":\"https:\\\/\\\/filles-de-la-charite.org\\\/pl\\\/\",\"logo\":{\"@type\":\"ImageObject\",\"inLanguage\":\"pl-PL\",\"@id\":\"https:\\\/\\\/filles-de-la-charite.org\\\/pl\\\/#\\\/schema\\\/logo\\\/image\\\/\",\"url\":\"https:\\\/\\\/filles-de-la-charite.org\\\/wp-content\\\/uploads\\\/2023\\\/03\\\/isotipo-Hijas-de-la-Caridad.png\",\"contentUrl\":\"https:\\\/\\\/filles-de-la-charite.org\\\/wp-content\\\/uploads\\\/2023\\\/03\\\/isotipo-Hijas-de-la-Caridad.png\",\"width\":1417,\"height\":1417,\"caption\":\"Hijas de la Caridad\"},\"image\":{\"@id\":\"https:\\\/\\\/filles-de-la-charite.org\\\/pl\\\/#\\\/schema\\\/logo\\\/image\\\/\"}},{\"@type\":\"Person\",\"@id\":\"https:\\\/\\\/filles-de-la-charite.org\\\/pl\\\/#\\\/schema\\\/person\\\/427567b2eccfc2dd7d206da186a1f438\",\"name\":\"admin\",\"image\":{\"@type\":\"ImageObject\",\"inLanguage\":\"pl-PL\",\"@id\":\"https:\\\/\\\/secure.gravatar.com\\\/avatar\\\/948b492cce32b586ac2db0eaa926ee87024f7afe218d73b397ea5ddfc5f43ea1?s=96&d=mm&r=g\",\"url\":\"https:\\\/\\\/secure.gravatar.com\\\/avatar\\\/948b492cce32b586ac2db0eaa926ee87024f7afe218d73b397ea5ddfc5f43ea1?s=96&d=mm&r=g\",\"contentUrl\":\"https:\\\/\\\/secure.gravatar.com\\\/avatar\\\/948b492cce32b586ac2db0eaa926ee87024f7afe218d73b397ea5ddfc5f43ea1?s=96&d=mm&r=g\",\"caption\":\"admin\"},\"sameAs\":[\"https:\\\/\\\/filles-de-la-charite.org\"],\"url\":\"https:\\\/\\\/filles-de-la-charite.org\\\/pl\\\/author\\\/caridad\\\/\"}]}<\/script>\n<!-- \/ Yoast SEO plugin. -->","yoast_head_json":{"title":"Droga proroctwa i nadziei - Filles de la Charit\u00e9","robots":{"index":"index","follow":"follow","max-snippet":"max-snippet:-1","max-image-preview":"max-image-preview:large","max-video-preview":"max-video-preview:-1"},"canonical":"https:\/\/filles-de-la-charite.org\/pl\/droga-proroctwa-i-nadziei\/","og_locale":"pl_PL","og_type":"article","og_title":"Droga proroctwa i nadziei - Filles de la Charit\u00e9","og_description":"&#8222;Temat Konwentu wprowadzi\u0142 Zgromadzenie w proces otwierania si\u0119&#8221;. (DM &#8211; Brama 1).\u00a0 Maj\u0105c to na uwadze, 32 Siostry Mi\u0142osierdzia spotka\u0142y si\u0119 w Ekwadorze w dniach od 28 wrze\u015bnia do 6 pa\u017adziernika, aby zastanowi\u0107 si\u0119 i pog\u0142\u0119bi\u0107 zrozumienie zarz\u0105dzania dobrami w kontek\u015bcie Ameryki \u0141aci\u0144skiej. Wizytatorkom, Ekonomkom Prowincjalnym i Siostrom odpowiedzialnym za sprawy ekonomiczne Ameryki \u0141aci\u0144skiej i [&hellip;]","og_url":"https:\/\/filles-de-la-charite.org\/pl\/droga-proroctwa-i-nadziei\/","og_site_name":"Filles de la Charit\u00e9","article_published_time":"2022-12-31T22:00:00+00:00","article_modified_time":"2024-03-17T14:26:18+00:00","og_image":[{"width":1148,"height":646,"url":"https:\/\/filles-de-la-charite.org\/wp-content\/uploads\/2023\/06\/Ecuador-Economas-horizontal_auto_x2.jpg","type":"image\/jpeg"}],"author":"admin","twitter_card":"summary_large_image","twitter_misc":{"Napisane przez":"admin","Szacowany czas czytania":"2 minuty"},"schema":{"@context":"https:\/\/schema.org","@graph":[{"@type":"Article","@id":"https:\/\/filles-de-la-charite.org\/pl\/droga-proroctwa-i-nadziei\/#article","isPartOf":{"@id":"https:\/\/filles-de-la-charite.org\/pl\/droga-proroctwa-i-nadziei\/"},"author":{"name":"admin","@id":"https:\/\/filles-de-la-charite.org\/pl\/#\/schema\/person\/427567b2eccfc2dd7d206da186a1f438"},"headline":"Droga proroctwa i nadziei","datePublished":"2022-12-31T22:00:00+00:00","dateModified":"2024-03-17T14:26:18+00:00","mainEntityOfPage":{"@id":"https:\/\/filles-de-la-charite.org\/pl\/droga-proroctwa-i-nadziei\/"},"wordCount":382,"publisher":{"@id":"https:\/\/filles-de-la-charite.org\/pl\/#organization"},"image":{"@id":"https:\/\/filles-de-la-charite.org\/pl\/droga-proroctwa-i-nadziei\/#primaryimage"},"thumbnailUrl":"https:\/\/filles-de-la-charite.org\/wp-content\/uploads\/2023\/06\/Ecuador-Economas-horizontal_auto_x2.jpg","articleSection":["Ekwador"],"inLanguage":"pl-PL"},{"@type":"WebPage","@id":"https:\/\/filles-de-la-charite.org\/pl\/droga-proroctwa-i-nadziei\/","url":"https:\/\/filles-de-la-charite.org\/pl\/droga-proroctwa-i-nadziei\/","name":"Droga proroctwa i nadziei - Filles de la Charit\u00e9","isPartOf":{"@id":"https:\/\/filles-de-la-charite.org\/pl\/#website"},"primaryImageOfPage":{"@id":"https:\/\/filles-de-la-charite.org\/pl\/droga-proroctwa-i-nadziei\/#primaryimage"},"image":{"@id":"https:\/\/filles-de-la-charite.org\/pl\/droga-proroctwa-i-nadziei\/#primaryimage"},"thumbnailUrl":"https:\/\/filles-de-la-charite.org\/wp-content\/uploads\/2023\/06\/Ecuador-Economas-horizontal_auto_x2.jpg","datePublished":"2022-12-31T22:00:00+00:00","dateModified":"2024-03-17T14:26:18+00:00","breadcrumb":{"@id":"https:\/\/filles-de-la-charite.org\/pl\/droga-proroctwa-i-nadziei\/#breadcrumb"},"inLanguage":"pl-PL","potentialAction":[{"@type":"ReadAction","target":["https:\/\/filles-de-la-charite.org\/pl\/droga-proroctwa-i-nadziei\/"]}]},{"@type":"ImageObject","inLanguage":"pl-PL","@id":"https:\/\/filles-de-la-charite.org\/pl\/droga-proroctwa-i-nadziei\/#primaryimage","url":"https:\/\/filles-de-la-charite.org\/wp-content\/uploads\/2023\/06\/Ecuador-Economas-horizontal_auto_x2.jpg","contentUrl":"https:\/\/filles-de-la-charite.org\/wp-content\/uploads\/2023\/06\/Ecuador-Economas-horizontal_auto_x2.jpg","width":1148,"height":646},{"@type":"BreadcrumbList","@id":"https:\/\/filles-de-la-charite.org\/pl\/droga-proroctwa-i-nadziei\/#breadcrumb","itemListElement":[{"@type":"ListItem","position":1,"name":"Ekwador","item":"https:\/\/filles-de-la-charite.org\/pl\/category\/ekwador\/"},{"@type":"ListItem","position":2,"name":"Droga proroctwa i nadziei"}]},{"@type":"WebSite","@id":"https:\/\/filles-de-la-charite.org\/pl\/#website","url":"https:\/\/filles-de-la-charite.org\/pl\/","name":"Hijas de la Caridad","description":"L\u2019amour de J\u00e9sus nous presse \u00e0 prendre soin des personnes les plus d\u00e9munies","publisher":{"@id":"https:\/\/filles-de-la-charite.org\/pl\/#organization"},"potentialAction":[{"@type":"SearchAction","target":{"@type":"EntryPoint","urlTemplate":"https:\/\/filles-de-la-charite.org\/pl\/?s={search_term_string}"},"query-input":{"@type":"PropertyValueSpecification","valueRequired":true,"valueName":"search_term_string"}}],"inLanguage":"pl-PL"},{"@type":"Organization","@id":"https:\/\/filles-de-la-charite.org\/pl\/#organization","name":"Hijas de la Caridad","url":"https:\/\/filles-de-la-charite.org\/pl\/","logo":{"@type":"ImageObject","inLanguage":"pl-PL","@id":"https:\/\/filles-de-la-charite.org\/pl\/#\/schema\/logo\/image\/","url":"https:\/\/filles-de-la-charite.org\/wp-content\/uploads\/2023\/03\/isotipo-Hijas-de-la-Caridad.png","contentUrl":"https:\/\/filles-de-la-charite.org\/wp-content\/uploads\/2023\/03\/isotipo-Hijas-de-la-Caridad.png","width":1417,"height":1417,"caption":"Hijas de la Caridad"},"image":{"@id":"https:\/\/filles-de-la-charite.org\/pl\/#\/schema\/logo\/image\/"}},{"@type":"Person","@id":"https:\/\/filles-de-la-charite.org\/pl\/#\/schema\/person\/427567b2eccfc2dd7d206da186a1f438","name":"admin","image":{"@type":"ImageObject","inLanguage":"pl-PL","@id":"https:\/\/secure.gravatar.com\/avatar\/948b492cce32b586ac2db0eaa926ee87024f7afe218d73b397ea5ddfc5f43ea1?s=96&d=mm&r=g","url":"https:\/\/secure.gravatar.com\/avatar\/948b492cce32b586ac2db0eaa926ee87024f7afe218d73b397ea5ddfc5f43ea1?s=96&d=mm&r=g","contentUrl":"https:\/\/secure.gravatar.com\/avatar\/948b492cce32b586ac2db0eaa926ee87024f7afe218d73b397ea5ddfc5f43ea1?s=96&d=mm&r=g","caption":"admin"},"sameAs":["https:\/\/filles-de-la-charite.org"],"url":"https:\/\/filles-de-la-charite.org\/pl\/author\/caridad\/"}]}},"_links":{"self":[{"href":"https:\/\/filles-de-la-charite.org\/pl\/wp-json\/wp\/v2\/posts\/24693","targetHints":{"allow":["GET"]}}],"collection":[{"href":"https:\/\/filles-de-la-charite.org\/pl\/wp-json\/wp\/v2\/posts"}],"about":[{"href":"https:\/\/filles-de-la-charite.org\/pl\/wp-json\/wp\/v2\/types\/post"}],"author":[{"embeddable":true,"href":"https:\/\/filles-de-la-charite.org\/pl\/wp-json\/wp\/v2\/users\/1"}],"replies":[{"embeddable":true,"href":"https:\/\/filles-de-la-charite.org\/pl\/wp-json\/wp\/v2\/comments?post=24693"}],"version-history":[{"count":1,"href":"https:\/\/filles-de-la-charite.org\/pl\/wp-json\/wp\/v2\/posts\/24693\/revisions"}],"predecessor-version":[{"id":24694,"href":"https:\/\/filles-de-la-charite.org\/pl\/wp-json\/wp\/v2\/posts\/24693\/revisions\/24694"}],"wp:featuredmedia":[{"embeddable":true,"href":"https:\/\/filles-de-la-charite.org\/pl\/wp-json\/wp\/v2\/media\/17439"}],"wp:attachment":[{"href":"https:\/\/filles-de-la-charite.org\/pl\/wp-json\/wp\/v2\/media?parent=24693"}],"wp:term":[{"taxonomy":"category","embeddable":true,"href":"https:\/\/filles-de-la-charite.org\/pl\/wp-json\/wp\/v2\/categories?post=24693"},{"taxonomy":"post_tag","embeddable":true,"href":"https:\/\/filles-de-la-charite.org\/pl\/wp-json\/wp\/v2\/tags?post=24693"}],"curies":[{"name":"wp","href":"https:\/\/api.w.org\/{rel}","templated":true}]}}