{"id":24696,"date":"2023-01-31T23:00:00","date_gmt":"2023-01-31T22:00:00","guid":{"rendered":"https:\/\/hijascaridad.sjdigitaldemo.ovh\/72533\/"},"modified":"2024-03-17T15:25:27","modified_gmt":"2024-03-17T14:25:27","slug":"72533","status":"publish","type":"post","link":"https:\/\/filles-de-la-charite.org\/pl\/72533\/","title":{"rendered":"Po\u015bwi\u0119cenie Mi\u0119dzynarodowych Wincenty\u0144skich M\u0142odzie\u017cowych Biur Maryjnych"},"content":{"rendered":"\n<figure class=\"wp-block-image alignleft size-full\"><img decoding=\"async\" src=\"https:\/\/filles-de-la-charite.org\/wp-content\/uploads\/2023\/06\/1-16.jpg\" alt=\"\" class=\"wp-image-72519\"\/><\/figure>\n\n\n\n<p>Dnia 18 grudnia 2022 r. zosta\u0142y po\u015bwi\u0119cone nowe biura Mi\u0119dzynarodowej Wincenty\u0144skiej M\u0142odzie\u017cy Maryjnej (WMM) i Rad Narodowych. Po\u015bwi\u0119cenia dokona\u0142 ks. Gregorio Ba\u00f1aga, CM, nowy Wikariusz Generalny Zgromadzenia Misji. Oba biura znajduj\u0105 si\u0119 w Centrum Maryjnym, kt\u00f3re stoi tu\u017c obok parafii \u015bw. Wincentego a Paulo, jednej z najstarszych parafii na Filipinach.<\/p>\n\n\n\n<p>W uroczysto\u015bci udzia\u0142 wzi\u0119li: s. Maria Ana Rosario G. Evidente, SM, Prze\u0142o\u017cona Prowincjalna Si\u00f3str Mi\u0142osierdzia, Prowincja St. Louise de Marillac &#8211; Asia i ks. Peter Solis, CM, Wizytator Zgromadzenia Misji, Prowincja Filipi\u0144ska wraz z Kuri\u0105; hiszpa\u0144scy Prze\u0142o\u017ceni Prowincjalni, ks. Santiago Azc\u00e1rate, CM &#8211; Saragossa, ks. Jose Manuel Villar, CM &#8211; San Vicente de Paul, Madryt, ks. Teodoro Barquin CM, by\u0142y Dyrektor Krajowy Dzieci Maryi na Filipinach oraz inni cz\u0142onkowie Rodziny Wincnety\u0144skiej, Siostry Mi\u0142osierdzia z r\u00f3\u017cnych Wsp\u00f3lnot lokalnych oraz ich odpowiedni przedstawiciele i odpowiedzialni za WMM.&nbsp;&nbsp;&nbsp;<\/p>\n\n\n\n<figure class=\"wp-block-image aligncenter size-large\"><img decoding=\"async\" src=\"https:\/\/filles-de-la-charite.org\/wp-content\/uploads\/2023\/06\/4-DC-Visitatrix-Ms.-Escano-Fr.-Barquin.-Fr.-Limjoco-1024x683-1.jpg\" alt=\"\" class=\"wp-image-72510\"\/><\/figure>\n\n\n\n<p>Ks. Rolando Limjoco, CM, Doradca Krajowy WMM i Zast\u0119pca Dyrektora Generalnego ds. mi\u0119dzynarodowych Stowarzyszenia Cudownego Medalika wraz z ks. Francisco Nicholasem Magnaye, CM, Zast\u0119pc\u0105 Dyrektora Generalnego WMM, byli inicjatorami przygotowa\u0144 do uroczystego po\u015bwi\u0119cenia. W przygotowaniach pomagali im Mi\u0119dzynarodowi i Krajowi Przedstawiciele Stowarzyszenia: s. Amadita Pinz\u00f3n Almendra, SM, Delegatka Mi\u0119dzynarodowa z Panamy oraz wolontariusze mi\u0119dzynarodowi WMM: Odile Anguidjo &#8211; francuskoj\u0119zyczna z Kamerunu, Lassana N&#8217;djai &#8211; portugalskoj\u0119zyczna z Gwinei Bissau i Joseph Nguyen Cong Thanh &#8211; angloj\u0119zyczny z Wietnamu. Co istotne, z tej okazji obecni r\u00f3wnie\u017c byli mi\u0119dzynarodowi wolontariusze WMM z Filipin: Ana P. Esca\u00f1o, Pamela Mantuhac oraz Claire S. Balo, kt\u00f3ra obecnie jest r\u00f3wnie\u017c Radn\u0105 dla Azji-Oceanii. (By\u0107 mo\u017ce dobrze jest zauwa\u017cy\u0107, \u017ce te trzy panie studiowa\u0142y w Colegio de la Inmaculada Concepcion w Cebu City, szkole zarz\u0105dzanej przez Siostry Mi\u0142osierdzia).<\/p>\n\n\n\n<p>S. Martha A. Gamolo, SM, Doradca Krajowy WMM, poprowadzi\u0142a \u015bpiew &#8222;O Maryjo bez grzechu pocz\u0119ta&#8221; w r\u00f3\u017cnych j\u0119zykach towarzysz\u0105ce zapaleniu \u015bwiec podczas po\u015bwi\u0119cenia. Do \u015bpiewu do\u0142\u0105czy\u0142 Zarz\u0105d Krajowy, w szczeg\u00f3lno\u015bci Erl Julen Tulod, przewodnicz\u0105ca i Sharlene L. Tulda, audytorka, jak r\u00f3wnie\u017c pozostali uczestnicy spotkania.&nbsp;<\/p>\n\n\n\n<p>Po po\u015bwi\u0119ceniu nast\u0105pi\u0142a celebracja Eucharystii, kt\u00f3rej przewodniczy\u0142 O. Ba\u00f1aga, a Kap\u0142ani ze Zgromadzenia Misji do\u0142\u0105czyli do niego jako wsp\u00f3\u0142celebransi. Wydarzenie zako\u0144czy\u0142o si\u0119 agap\u0105 w Auli &#8222;Co Po Ty&#8221; pobliskiego Uniwersytetu Adamson, kt\u00f3ry jest zarz\u0105dzany przez Zgromadzenie Misji.<\/p>\n\n\n\n<div class=\"wp-block-responsive-lightbox-gallery\"><\/div>\n","protected":false},"excerpt":{"rendered":"<p>Dnia 18 grudnia 2022 r. zosta\u0142y po\u015bwi\u0119cone nowe biura Mi\u0119dzynarodowej Wincenty\u0144skiej M\u0142odzie\u017cy Maryjnej (WMM) i Rad Narodowych. Po\u015bwi\u0119cenia dokona\u0142 ks. Gregorio Ba\u00f1aga, CM, nowy Wikariusz Generalny Zgromadzenia Misji. Oba biura znajduj\u0105 si\u0119 w Centrum Maryjnym, kt\u00f3re stoi tu\u017c obok parafii \u015bw. Wincentego a Paulo, jednej z najstarszych parafii na Filipinach. W uroczysto\u015bci udzia\u0142 wzi\u0119li: s. [&hellip;]<\/p>\n","protected":false},"author":1,"featured_media":17466,"comment_status":"closed","ping_status":"closed","sticky":false,"template":"","format":"standard","meta":{"_acf_changed":false,"_et_pb_use_builder":"","_et_pb_old_content":"","_et_gb_content_width":"","footnotes":"","_links_to":"","_links_to_target":""},"categories":[762],"tags":[],"class_list":["post-24696","post","type-post","status-publish","format-standard","has-post-thumbnail","hentry","category-swieta-ludwika-azja-pl"],"acf":[],"yoast_head":"<!-- This site is optimized with the Yoast SEO plugin v27.4 - https:\/\/yoast.com\/product\/yoast-seo-wordpress\/ -->\n<title>Po\u015bwi\u0119cenie Mi\u0119dzynarodowych Wincenty\u0144skich M\u0142odzie\u017cowych Biur Maryjnych - Filles de la Charit\u00e9<\/title>\n<meta name=\"robots\" content=\"index, follow, max-snippet:-1, max-image-preview:large, max-video-preview:-1\" \/>\n<link rel=\"canonical\" href=\"https:\/\/filles-de-la-charite.org\/pl\/72533\/\" \/>\n<meta property=\"og:locale\" content=\"pl_PL\" \/>\n<meta property=\"og:type\" content=\"article\" \/>\n<meta property=\"og:title\" content=\"Po\u015bwi\u0119cenie Mi\u0119dzynarodowych Wincenty\u0144skich M\u0142odzie\u017cowych Biur Maryjnych - Filles de la Charit\u00e9\" \/>\n<meta property=\"og:description\" content=\"Dnia 18 grudnia 2022 r. zosta\u0142y po\u015bwi\u0119cone nowe biura Mi\u0119dzynarodowej Wincenty\u0144skiej M\u0142odzie\u017cy Maryjnej (WMM) i Rad Narodowych. Po\u015bwi\u0119cenia dokona\u0142 ks. Gregorio Ba\u00f1aga, CM, nowy Wikariusz Generalny Zgromadzenia Misji. Oba biura znajduj\u0105 si\u0119 w Centrum Maryjnym, kt\u00f3re stoi tu\u017c obok parafii \u015bw. Wincentego a Paulo, jednej z najstarszych parafii na Filipinach. W uroczysto\u015bci udzia\u0142 wzi\u0119li: s. [&hellip;]\" \/>\n<meta property=\"og:url\" content=\"https:\/\/filles-de-la-charite.org\/pl\/72533\/\" \/>\n<meta property=\"og:site_name\" content=\"Filles de la Charit\u00e9\" \/>\n<meta property=\"article:published_time\" content=\"2023-01-31T22:00:00+00:00\" \/>\n<meta property=\"article:modified_time\" content=\"2024-03-17T14:25:27+00:00\" \/>\n<meta property=\"og:image\" content=\"https:\/\/filles-de-la-charite.org\/wp-content\/uploads\/2023\/06\/Fr.-Banaga-Fr.-Magnaye.jpg\" \/>\n\t<meta property=\"og:image:width\" content=\"2048\" \/>\n\t<meta property=\"og:image:height\" content=\"1365\" \/>\n\t<meta property=\"og:image:type\" content=\"image\/jpeg\" \/>\n<meta name=\"author\" content=\"admin\" \/>\n<meta name=\"twitter:card\" content=\"summary_large_image\" \/>\n<meta name=\"twitter:label1\" content=\"Napisane przez\" \/>\n\t<meta name=\"twitter:data1\" content=\"admin\" \/>\n\t<meta name=\"twitter:label2\" content=\"Szacowany czas czytania\" \/>\n\t<meta name=\"twitter:data2\" content=\"2 minuty\" \/>\n<script type=\"application\/ld+json\" class=\"yoast-schema-graph\">{\"@context\":\"https:\\\/\\\/schema.org\",\"@graph\":[{\"@type\":\"Article\",\"@id\":\"https:\\\/\\\/filles-de-la-charite.org\\\/pl\\\/72533\\\/#article\",\"isPartOf\":{\"@id\":\"https:\\\/\\\/filles-de-la-charite.org\\\/pl\\\/72533\\\/\"},\"author\":{\"name\":\"admin\",\"@id\":\"https:\\\/\\\/filles-de-la-charite.org\\\/pl\\\/#\\\/schema\\\/person\\\/427567b2eccfc2dd7d206da186a1f438\"},\"headline\":\"Po\u015bwi\u0119cenie Mi\u0119dzynarodowych Wincenty\u0144skich M\u0142odzie\u017cowych Biur Maryjnych\",\"datePublished\":\"2023-01-31T22:00:00+00:00\",\"dateModified\":\"2024-03-17T14:25:27+00:00\",\"mainEntityOfPage\":{\"@id\":\"https:\\\/\\\/filles-de-la-charite.org\\\/pl\\\/72533\\\/\"},\"wordCount\":440,\"publisher\":{\"@id\":\"https:\\\/\\\/filles-de-la-charite.org\\\/pl\\\/#organization\"},\"image\":{\"@id\":\"https:\\\/\\\/filles-de-la-charite.org\\\/pl\\\/72533\\\/#primaryimage\"},\"thumbnailUrl\":\"https:\\\/\\\/filles-de-la-charite.org\\\/wp-content\\\/uploads\\\/2023\\\/06\\\/Fr.-Banaga-Fr.-Magnaye.jpg\",\"articleSection\":[\"\u015awi\u0119ta Ludwika \u2013 Azja\"],\"inLanguage\":\"pl-PL\"},{\"@type\":\"WebPage\",\"@id\":\"https:\\\/\\\/filles-de-la-charite.org\\\/pl\\\/72533\\\/\",\"url\":\"https:\\\/\\\/filles-de-la-charite.org\\\/pl\\\/72533\\\/\",\"name\":\"Po\u015bwi\u0119cenie Mi\u0119dzynarodowych Wincenty\u0144skich M\u0142odzie\u017cowych Biur Maryjnych - Filles de la Charit\u00e9\",\"isPartOf\":{\"@id\":\"https:\\\/\\\/filles-de-la-charite.org\\\/pl\\\/#website\"},\"primaryImageOfPage\":{\"@id\":\"https:\\\/\\\/filles-de-la-charite.org\\\/pl\\\/72533\\\/#primaryimage\"},\"image\":{\"@id\":\"https:\\\/\\\/filles-de-la-charite.org\\\/pl\\\/72533\\\/#primaryimage\"},\"thumbnailUrl\":\"https:\\\/\\\/filles-de-la-charite.org\\\/wp-content\\\/uploads\\\/2023\\\/06\\\/Fr.-Banaga-Fr.-Magnaye.jpg\",\"datePublished\":\"2023-01-31T22:00:00+00:00\",\"dateModified\":\"2024-03-17T14:25:27+00:00\",\"breadcrumb\":{\"@id\":\"https:\\\/\\\/filles-de-la-charite.org\\\/pl\\\/72533\\\/#breadcrumb\"},\"inLanguage\":\"pl-PL\",\"potentialAction\":[{\"@type\":\"ReadAction\",\"target\":[\"https:\\\/\\\/filles-de-la-charite.org\\\/pl\\\/72533\\\/\"]}]},{\"@type\":\"ImageObject\",\"inLanguage\":\"pl-PL\",\"@id\":\"https:\\\/\\\/filles-de-la-charite.org\\\/pl\\\/72533\\\/#primaryimage\",\"url\":\"https:\\\/\\\/filles-de-la-charite.org\\\/wp-content\\\/uploads\\\/2023\\\/06\\\/Fr.-Banaga-Fr.-Magnaye.jpg\",\"contentUrl\":\"https:\\\/\\\/filles-de-la-charite.org\\\/wp-content\\\/uploads\\\/2023\\\/06\\\/Fr.-Banaga-Fr.-Magnaye.jpg\",\"width\":2048,\"height\":1365},{\"@type\":\"BreadcrumbList\",\"@id\":\"https:\\\/\\\/filles-de-la-charite.org\\\/pl\\\/72533\\\/#breadcrumb\",\"itemListElement\":[{\"@type\":\"ListItem\",\"position\":1,\"name\":\"Indonezja\",\"item\":\"https:\\\/\\\/filles-de-la-charite.org\\\/pl\\\/category\\\/indonezja\\\/\"},{\"@type\":\"ListItem\",\"position\":2,\"name\":\"Po\u015bwi\u0119cenie Mi\u0119dzynarodowych Wincenty\u0144skich M\u0142odzie\u017cowych Biur Maryjnych\"}]},{\"@type\":\"WebSite\",\"@id\":\"https:\\\/\\\/filles-de-la-charite.org\\\/pl\\\/#website\",\"url\":\"https:\\\/\\\/filles-de-la-charite.org\\\/pl\\\/\",\"name\":\"Hijas de la Caridad\",\"description\":\"L\u2019amour de J\u00e9sus nous presse \u00e0 prendre soin des personnes les plus d\u00e9munies\",\"publisher\":{\"@id\":\"https:\\\/\\\/filles-de-la-charite.org\\\/pl\\\/#organization\"},\"potentialAction\":[{\"@type\":\"SearchAction\",\"target\":{\"@type\":\"EntryPoint\",\"urlTemplate\":\"https:\\\/\\\/filles-de-la-charite.org\\\/pl\\\/?s={search_term_string}\"},\"query-input\":{\"@type\":\"PropertyValueSpecification\",\"valueRequired\":true,\"valueName\":\"search_term_string\"}}],\"inLanguage\":\"pl-PL\"},{\"@type\":\"Organization\",\"@id\":\"https:\\\/\\\/filles-de-la-charite.org\\\/pl\\\/#organization\",\"name\":\"Hijas de la Caridad\",\"url\":\"https:\\\/\\\/filles-de-la-charite.org\\\/pl\\\/\",\"logo\":{\"@type\":\"ImageObject\",\"inLanguage\":\"pl-PL\",\"@id\":\"https:\\\/\\\/filles-de-la-charite.org\\\/pl\\\/#\\\/schema\\\/logo\\\/image\\\/\",\"url\":\"https:\\\/\\\/filles-de-la-charite.org\\\/wp-content\\\/uploads\\\/2023\\\/03\\\/isotipo-Hijas-de-la-Caridad.png\",\"contentUrl\":\"https:\\\/\\\/filles-de-la-charite.org\\\/wp-content\\\/uploads\\\/2023\\\/03\\\/isotipo-Hijas-de-la-Caridad.png\",\"width\":1417,\"height\":1417,\"caption\":\"Hijas de la Caridad\"},\"image\":{\"@id\":\"https:\\\/\\\/filles-de-la-charite.org\\\/pl\\\/#\\\/schema\\\/logo\\\/image\\\/\"}},{\"@type\":\"Person\",\"@id\":\"https:\\\/\\\/filles-de-la-charite.org\\\/pl\\\/#\\\/schema\\\/person\\\/427567b2eccfc2dd7d206da186a1f438\",\"name\":\"admin\",\"image\":{\"@type\":\"ImageObject\",\"inLanguage\":\"pl-PL\",\"@id\":\"https:\\\/\\\/secure.gravatar.com\\\/avatar\\\/948b492cce32b586ac2db0eaa926ee87024f7afe218d73b397ea5ddfc5f43ea1?s=96&d=mm&r=g\",\"url\":\"https:\\\/\\\/secure.gravatar.com\\\/avatar\\\/948b492cce32b586ac2db0eaa926ee87024f7afe218d73b397ea5ddfc5f43ea1?s=96&d=mm&r=g\",\"contentUrl\":\"https:\\\/\\\/secure.gravatar.com\\\/avatar\\\/948b492cce32b586ac2db0eaa926ee87024f7afe218d73b397ea5ddfc5f43ea1?s=96&d=mm&r=g\",\"caption\":\"admin\"},\"sameAs\":[\"https:\\\/\\\/filles-de-la-charite.org\"],\"url\":\"https:\\\/\\\/filles-de-la-charite.org\\\/pl\\\/author\\\/caridad\\\/\"}]}<\/script>\n<!-- \/ Yoast SEO plugin. -->","yoast_head_json":{"title":"Po\u015bwi\u0119cenie Mi\u0119dzynarodowych Wincenty\u0144skich M\u0142odzie\u017cowych Biur Maryjnych - Filles de la Charit\u00e9","robots":{"index":"index","follow":"follow","max-snippet":"max-snippet:-1","max-image-preview":"max-image-preview:large","max-video-preview":"max-video-preview:-1"},"canonical":"https:\/\/filles-de-la-charite.org\/pl\/72533\/","og_locale":"pl_PL","og_type":"article","og_title":"Po\u015bwi\u0119cenie Mi\u0119dzynarodowych Wincenty\u0144skich M\u0142odzie\u017cowych Biur Maryjnych - Filles de la Charit\u00e9","og_description":"Dnia 18 grudnia 2022 r. zosta\u0142y po\u015bwi\u0119cone nowe biura Mi\u0119dzynarodowej Wincenty\u0144skiej M\u0142odzie\u017cy Maryjnej (WMM) i Rad Narodowych. Po\u015bwi\u0119cenia dokona\u0142 ks. Gregorio Ba\u00f1aga, CM, nowy Wikariusz Generalny Zgromadzenia Misji. Oba biura znajduj\u0105 si\u0119 w Centrum Maryjnym, kt\u00f3re stoi tu\u017c obok parafii \u015bw. Wincentego a Paulo, jednej z najstarszych parafii na Filipinach. W uroczysto\u015bci udzia\u0142 wzi\u0119li: s. [&hellip;]","og_url":"https:\/\/filles-de-la-charite.org\/pl\/72533\/","og_site_name":"Filles de la Charit\u00e9","article_published_time":"2023-01-31T22:00:00+00:00","article_modified_time":"2024-03-17T14:25:27+00:00","og_image":[{"width":2048,"height":1365,"url":"https:\/\/filles-de-la-charite.org\/wp-content\/uploads\/2023\/06\/Fr.-Banaga-Fr.-Magnaye.jpg","type":"image\/jpeg"}],"author":"admin","twitter_card":"summary_large_image","twitter_misc":{"Napisane przez":"admin","Szacowany czas czytania":"2 minuty"},"schema":{"@context":"https:\/\/schema.org","@graph":[{"@type":"Article","@id":"https:\/\/filles-de-la-charite.org\/pl\/72533\/#article","isPartOf":{"@id":"https:\/\/filles-de-la-charite.org\/pl\/72533\/"},"author":{"name":"admin","@id":"https:\/\/filles-de-la-charite.org\/pl\/#\/schema\/person\/427567b2eccfc2dd7d206da186a1f438"},"headline":"Po\u015bwi\u0119cenie Mi\u0119dzynarodowych Wincenty\u0144skich M\u0142odzie\u017cowych Biur Maryjnych","datePublished":"2023-01-31T22:00:00+00:00","dateModified":"2024-03-17T14:25:27+00:00","mainEntityOfPage":{"@id":"https:\/\/filles-de-la-charite.org\/pl\/72533\/"},"wordCount":440,"publisher":{"@id":"https:\/\/filles-de-la-charite.org\/pl\/#organization"},"image":{"@id":"https:\/\/filles-de-la-charite.org\/pl\/72533\/#primaryimage"},"thumbnailUrl":"https:\/\/filles-de-la-charite.org\/wp-content\/uploads\/2023\/06\/Fr.-Banaga-Fr.-Magnaye.jpg","articleSection":["\u015awi\u0119ta Ludwika \u2013 Azja"],"inLanguage":"pl-PL"},{"@type":"WebPage","@id":"https:\/\/filles-de-la-charite.org\/pl\/72533\/","url":"https:\/\/filles-de-la-charite.org\/pl\/72533\/","name":"Po\u015bwi\u0119cenie Mi\u0119dzynarodowych Wincenty\u0144skich M\u0142odzie\u017cowych Biur Maryjnych - Filles de la Charit\u00e9","isPartOf":{"@id":"https:\/\/filles-de-la-charite.org\/pl\/#website"},"primaryImageOfPage":{"@id":"https:\/\/filles-de-la-charite.org\/pl\/72533\/#primaryimage"},"image":{"@id":"https:\/\/filles-de-la-charite.org\/pl\/72533\/#primaryimage"},"thumbnailUrl":"https:\/\/filles-de-la-charite.org\/wp-content\/uploads\/2023\/06\/Fr.-Banaga-Fr.-Magnaye.jpg","datePublished":"2023-01-31T22:00:00+00:00","dateModified":"2024-03-17T14:25:27+00:00","breadcrumb":{"@id":"https:\/\/filles-de-la-charite.org\/pl\/72533\/#breadcrumb"},"inLanguage":"pl-PL","potentialAction":[{"@type":"ReadAction","target":["https:\/\/filles-de-la-charite.org\/pl\/72533\/"]}]},{"@type":"ImageObject","inLanguage":"pl-PL","@id":"https:\/\/filles-de-la-charite.org\/pl\/72533\/#primaryimage","url":"https:\/\/filles-de-la-charite.org\/wp-content\/uploads\/2023\/06\/Fr.-Banaga-Fr.-Magnaye.jpg","contentUrl":"https:\/\/filles-de-la-charite.org\/wp-content\/uploads\/2023\/06\/Fr.-Banaga-Fr.-Magnaye.jpg","width":2048,"height":1365},{"@type":"BreadcrumbList","@id":"https:\/\/filles-de-la-charite.org\/pl\/72533\/#breadcrumb","itemListElement":[{"@type":"ListItem","position":1,"name":"Indonezja","item":"https:\/\/filles-de-la-charite.org\/pl\/category\/indonezja\/"},{"@type":"ListItem","position":2,"name":"Po\u015bwi\u0119cenie Mi\u0119dzynarodowych Wincenty\u0144skich M\u0142odzie\u017cowych Biur Maryjnych"}]},{"@type":"WebSite","@id":"https:\/\/filles-de-la-charite.org\/pl\/#website","url":"https:\/\/filles-de-la-charite.org\/pl\/","name":"Hijas de la Caridad","description":"L\u2019amour de J\u00e9sus nous presse \u00e0 prendre soin des personnes les plus d\u00e9munies","publisher":{"@id":"https:\/\/filles-de-la-charite.org\/pl\/#organization"},"potentialAction":[{"@type":"SearchAction","target":{"@type":"EntryPoint","urlTemplate":"https:\/\/filles-de-la-charite.org\/pl\/?s={search_term_string}"},"query-input":{"@type":"PropertyValueSpecification","valueRequired":true,"valueName":"search_term_string"}}],"inLanguage":"pl-PL"},{"@type":"Organization","@id":"https:\/\/filles-de-la-charite.org\/pl\/#organization","name":"Hijas de la Caridad","url":"https:\/\/filles-de-la-charite.org\/pl\/","logo":{"@type":"ImageObject","inLanguage":"pl-PL","@id":"https:\/\/filles-de-la-charite.org\/pl\/#\/schema\/logo\/image\/","url":"https:\/\/filles-de-la-charite.org\/wp-content\/uploads\/2023\/03\/isotipo-Hijas-de-la-Caridad.png","contentUrl":"https:\/\/filles-de-la-charite.org\/wp-content\/uploads\/2023\/03\/isotipo-Hijas-de-la-Caridad.png","width":1417,"height":1417,"caption":"Hijas de la Caridad"},"image":{"@id":"https:\/\/filles-de-la-charite.org\/pl\/#\/schema\/logo\/image\/"}},{"@type":"Person","@id":"https:\/\/filles-de-la-charite.org\/pl\/#\/schema\/person\/427567b2eccfc2dd7d206da186a1f438","name":"admin","image":{"@type":"ImageObject","inLanguage":"pl-PL","@id":"https:\/\/secure.gravatar.com\/avatar\/948b492cce32b586ac2db0eaa926ee87024f7afe218d73b397ea5ddfc5f43ea1?s=96&d=mm&r=g","url":"https:\/\/secure.gravatar.com\/avatar\/948b492cce32b586ac2db0eaa926ee87024f7afe218d73b397ea5ddfc5f43ea1?s=96&d=mm&r=g","contentUrl":"https:\/\/secure.gravatar.com\/avatar\/948b492cce32b586ac2db0eaa926ee87024f7afe218d73b397ea5ddfc5f43ea1?s=96&d=mm&r=g","caption":"admin"},"sameAs":["https:\/\/filles-de-la-charite.org"],"url":"https:\/\/filles-de-la-charite.org\/pl\/author\/caridad\/"}]}},"_links":{"self":[{"href":"https:\/\/filles-de-la-charite.org\/pl\/wp-json\/wp\/v2\/posts\/24696","targetHints":{"allow":["GET"]}}],"collection":[{"href":"https:\/\/filles-de-la-charite.org\/pl\/wp-json\/wp\/v2\/posts"}],"about":[{"href":"https:\/\/filles-de-la-charite.org\/pl\/wp-json\/wp\/v2\/types\/post"}],"author":[{"embeddable":true,"href":"https:\/\/filles-de-la-charite.org\/pl\/wp-json\/wp\/v2\/users\/1"}],"replies":[{"embeddable":true,"href":"https:\/\/filles-de-la-charite.org\/pl\/wp-json\/wp\/v2\/comments?post=24696"}],"version-history":[{"count":1,"href":"https:\/\/filles-de-la-charite.org\/pl\/wp-json\/wp\/v2\/posts\/24696\/revisions"}],"predecessor-version":[{"id":24697,"href":"https:\/\/filles-de-la-charite.org\/pl\/wp-json\/wp\/v2\/posts\/24696\/revisions\/24697"}],"wp:featuredmedia":[{"embeddable":true,"href":"https:\/\/filles-de-la-charite.org\/pl\/wp-json\/wp\/v2\/media\/17466"}],"wp:attachment":[{"href":"https:\/\/filles-de-la-charite.org\/pl\/wp-json\/wp\/v2\/media?parent=24696"}],"wp:term":[{"taxonomy":"category","embeddable":true,"href":"https:\/\/filles-de-la-charite.org\/pl\/wp-json\/wp\/v2\/categories?post=24696"},{"taxonomy":"post_tag","embeddable":true,"href":"https:\/\/filles-de-la-charite.org\/pl\/wp-json\/wp\/v2\/tags?post=24696"}],"curies":[{"name":"wp","href":"https:\/\/api.w.org\/{rel}","templated":true}]}}