{"id":24700,"date":"2023-01-29T23:00:00","date_gmt":"2023-01-29T22:00:00","guid":{"rendered":"https:\/\/hijascaridad.sjdigitaldemo.ovh\/72604\/"},"modified":"2024-03-17T15:25:40","modified_gmt":"2024-03-17T14:25:40","slug":"72604","status":"publish","type":"post","link":"https:\/\/filles-de-la-charite.org\/pl\/72604\/","title":{"rendered":"Siostra Fran\u00e7oise Petit i Ojciec Toma\u017e Mavri\u010d spotkali si\u0119 z Papie\u017cem Franciszkiem"},"content":{"rendered":"\n<p>W sobot\u0119, dnia 21 stycznia 2023 roku, mia\u0142am rado\u015b\u0107, wraz z O. Toma\u017eem Mavri\u010d, by\u0107 przyj\u0119t\u0105 przez papie\u017ca Franciszka.&nbsp; By\u0142o to spotkanie intensywne, proste i bardzo braterskie. Rozmawiali\u015bmy o sytuacji w Kongo, o zaanga\u017cowaniu Si\u00f3str na rzecz uchod\u017ac\u00f3w i o obecno\u015bci Si\u00f3str Mi\u0142osierdzia w krajach basenu Morza \u015ar\u00f3dziemnego. Papie\u017c okaza\u0142 zainteresowanie Jubileuszem &#8222;\u015awiat\u0142a Pi\u0119\u0107dziesi\u0105tnicy&#8221;. Podzi\u0119kowa\u0142 te\u017c Zgromadzeniu za pos\u0142ug\u0119 w poradni Wsp\u00f3lnoty \u015bw. Marty i gor\u0105co prosi\u0142 o nasz\u0105 modlitw\u0119. Zapewni\u0142em Go o wsparciu ze strony Si\u00f3str Mi\u0142osierdzia na ca\u0142ym \u015bwiecie. Wszystkie by\u0142y\u015bcie z nami obecne podczas naszego spotkania. <em>(Siostra<\/em> <em>Fran\u00e7oise PETIT)<\/em><\/p>\n\n\n\n<figure class=\"wp-block-image aligncenter size-large\"><img decoding=\"async\" src=\"https:\/\/filles-de-la-charite.org\/wp-content\/uploads\/2023\/06\/01338_21012023-1-1024x683-1.jpg\" alt=\"\" class=\"wp-image-72594\"\/><\/figure>\n","protected":false},"excerpt":{"rendered":"<p>W sobot\u0119, dnia 21 stycznia 2023 roku, mia\u0142am rado\u015b\u0107, wraz z O. Toma\u017eem Mavri\u010d, by\u0107 przyj\u0119t\u0105 przez papie\u017ca Franciszka.&nbsp; By\u0142o to spotkanie intensywne, proste i bardzo braterskie. Rozmawiali\u015bmy o sytuacji w Kongo, o zaanga\u017cowaniu Si\u00f3str na rzecz uchod\u017ac\u00f3w i o obecno\u015bci Si\u00f3str Mi\u0142osierdzia w krajach basenu Morza \u015ar\u00f3dziemnego. Papie\u017c okaza\u0142 zainteresowanie Jubileuszem &#8222;\u015awiat\u0142a Pi\u0119\u0107dziesi\u0105tnicy&#8221;. Podzi\u0119kowa\u0142 [&hellip;]<\/p>\n","protected":false},"author":1,"featured_media":17494,"comment_status":"closed","ping_status":"closed","sticky":false,"template":"","format":"standard","meta":{"_acf_changed":false,"_et_pb_use_builder":"","_et_pb_old_content":"","_et_gb_content_width":"","footnotes":"","_links_to":"","_links_to_target":""},"categories":[560],"tags":[],"class_list":["post-24700","post","type-post","status-publish","format-standard","has-post-thumbnail","hentry","category-mother-house-pl"],"acf":[],"yoast_head":"<!-- This site is optimized with the Yoast SEO plugin v27.5 - https:\/\/yoast.com\/product\/yoast-seo-wordpress\/ -->\n<title>Siostra Fran\u00e7oise Petit i Ojciec Toma\u017e Mavri\u010d spotkali si\u0119 z Papie\u017cem Franciszkiem - Filles de la Charit\u00e9<\/title>\n<meta name=\"robots\" content=\"index, follow, max-snippet:-1, max-image-preview:large, max-video-preview:-1\" \/>\n<link rel=\"canonical\" href=\"https:\/\/filles-de-la-charite.org\/pl\/72604\/\" \/>\n<meta property=\"og:locale\" content=\"pl_PL\" \/>\n<meta property=\"og:type\" content=\"article\" \/>\n<meta property=\"og:title\" content=\"Siostra Fran\u00e7oise Petit i Ojciec Toma\u017e Mavri\u010d spotkali si\u0119 z Papie\u017cem Franciszkiem - Filles de la Charit\u00e9\" \/>\n<meta property=\"og:description\" content=\"W sobot\u0119, dnia 21 stycznia 2023 roku, mia\u0142am rado\u015b\u0107, wraz z O. Toma\u017eem Mavri\u010d, by\u0107 przyj\u0119t\u0105 przez papie\u017ca Franciszka.&nbsp; By\u0142o to spotkanie intensywne, proste i bardzo braterskie. Rozmawiali\u015bmy o sytuacji w Kongo, o zaanga\u017cowaniu Si\u00f3str na rzecz uchod\u017ac\u00f3w i o obecno\u015bci Si\u00f3str Mi\u0142osierdzia w krajach basenu Morza \u015ar\u00f3dziemnego. Papie\u017c okaza\u0142 zainteresowanie Jubileuszem &#8222;\u015awiat\u0142a Pi\u0119\u0107dziesi\u0105tnicy&#8221;. Podzi\u0119kowa\u0142 [&hellip;]\" \/>\n<meta property=\"og:url\" content=\"https:\/\/filles-de-la-charite.org\/pl\/72604\/\" \/>\n<meta property=\"og:site_name\" content=\"Filles de la Charit\u00e9\" \/>\n<meta property=\"article:published_time\" content=\"2023-01-29T22:00:00+00:00\" \/>\n<meta property=\"article:modified_time\" content=\"2024-03-17T14:25:40+00:00\" \/>\n<meta property=\"og:image\" content=\"https:\/\/filles-de-la-charite.org\/wp-content\/uploads\/2023\/06\/01352_21012023-1.jpg\" \/>\n\t<meta property=\"og:image:width\" content=\"1920\" \/>\n\t<meta property=\"og:image:height\" content=\"1280\" \/>\n\t<meta property=\"og:image:type\" content=\"image\/jpeg\" \/>\n<meta name=\"author\" content=\"admin\" \/>\n<meta name=\"twitter:card\" content=\"summary_large_image\" \/>\n<meta name=\"twitter:label1\" content=\"Napisane przez\" \/>\n\t<meta name=\"twitter:data1\" content=\"admin\" \/>\n\t<meta name=\"twitter:label2\" content=\"Szacowany czas czytania\" \/>\n\t<meta name=\"twitter:data2\" content=\"1 minuta\" \/>\n<script type=\"application\/ld+json\" class=\"yoast-schema-graph\">{\"@context\":\"https:\\\/\\\/schema.org\",\"@graph\":[{\"@type\":\"Article\",\"@id\":\"https:\\\/\\\/filles-de-la-charite.org\\\/pl\\\/72604\\\/#article\",\"isPartOf\":{\"@id\":\"https:\\\/\\\/filles-de-la-charite.org\\\/pl\\\/72604\\\/\"},\"author\":{\"name\":\"admin\",\"@id\":\"https:\\\/\\\/filles-de-la-charite.org\\\/pl\\\/#\\\/schema\\\/person\\\/427567b2eccfc2dd7d206da186a1f438\"},\"headline\":\"Siostra Fran\u00e7oise Petit i Ojciec Toma\u017e Mavri\u010d spotkali si\u0119 z Papie\u017cem Franciszkiem\",\"datePublished\":\"2023-01-29T22:00:00+00:00\",\"dateModified\":\"2024-03-17T14:25:40+00:00\",\"mainEntityOfPage\":{\"@id\":\"https:\\\/\\\/filles-de-la-charite.org\\\/pl\\\/72604\\\/\"},\"wordCount\":133,\"publisher\":{\"@id\":\"https:\\\/\\\/filles-de-la-charite.org\\\/pl\\\/#organization\"},\"image\":{\"@id\":\"https:\\\/\\\/filles-de-la-charite.org\\\/pl\\\/72604\\\/#primaryimage\"},\"thumbnailUrl\":\"https:\\\/\\\/filles-de-la-charite.org\\\/wp-content\\\/uploads\\\/2023\\\/06\\\/01352_21012023-1.jpg\",\"articleSection\":[\"Dom Macierzysty\"],\"inLanguage\":\"pl-PL\"},{\"@type\":\"WebPage\",\"@id\":\"https:\\\/\\\/filles-de-la-charite.org\\\/pl\\\/72604\\\/\",\"url\":\"https:\\\/\\\/filles-de-la-charite.org\\\/pl\\\/72604\\\/\",\"name\":\"Siostra Fran\u00e7oise Petit i Ojciec Toma\u017e Mavri\u010d spotkali si\u0119 z Papie\u017cem Franciszkiem - Filles de la Charit\u00e9\",\"isPartOf\":{\"@id\":\"https:\\\/\\\/filles-de-la-charite.org\\\/pl\\\/#website\"},\"primaryImageOfPage\":{\"@id\":\"https:\\\/\\\/filles-de-la-charite.org\\\/pl\\\/72604\\\/#primaryimage\"},\"image\":{\"@id\":\"https:\\\/\\\/filles-de-la-charite.org\\\/pl\\\/72604\\\/#primaryimage\"},\"thumbnailUrl\":\"https:\\\/\\\/filles-de-la-charite.org\\\/wp-content\\\/uploads\\\/2023\\\/06\\\/01352_21012023-1.jpg\",\"datePublished\":\"2023-01-29T22:00:00+00:00\",\"dateModified\":\"2024-03-17T14:25:40+00:00\",\"breadcrumb\":{\"@id\":\"https:\\\/\\\/filles-de-la-charite.org\\\/pl\\\/72604\\\/#breadcrumb\"},\"inLanguage\":\"pl-PL\",\"potentialAction\":[{\"@type\":\"ReadAction\",\"target\":[\"https:\\\/\\\/filles-de-la-charite.org\\\/pl\\\/72604\\\/\"]}]},{\"@type\":\"ImageObject\",\"inLanguage\":\"pl-PL\",\"@id\":\"https:\\\/\\\/filles-de-la-charite.org\\\/pl\\\/72604\\\/#primaryimage\",\"url\":\"https:\\\/\\\/filles-de-la-charite.org\\\/wp-content\\\/uploads\\\/2023\\\/06\\\/01352_21012023-1.jpg\",\"contentUrl\":\"https:\\\/\\\/filles-de-la-charite.org\\\/wp-content\\\/uploads\\\/2023\\\/06\\\/01352_21012023-1.jpg\",\"width\":1920,\"height\":1280},{\"@type\":\"BreadcrumbList\",\"@id\":\"https:\\\/\\\/filles-de-la-charite.org\\\/pl\\\/72604\\\/#breadcrumb\",\"itemListElement\":[{\"@type\":\"ListItem\",\"position\":1,\"name\":\"Warszawa - Polska\",\"item\":\"https:\\\/\\\/filles-de-la-charite.org\\\/pl\\\/category\\\/warszawa-polska-pl\\\/\"},{\"@type\":\"ListItem\",\"position\":2,\"name\":\"Siostra Fran\u00e7oise Petit i Ojciec Toma\u017e Mavri\u010d spotkali si\u0119 z Papie\u017cem Franciszkiem\"}]},{\"@type\":\"WebSite\",\"@id\":\"https:\\\/\\\/filles-de-la-charite.org\\\/pl\\\/#website\",\"url\":\"https:\\\/\\\/filles-de-la-charite.org\\\/pl\\\/\",\"name\":\"Hijas de la Caridad\",\"description\":\"L\u2019amour de J\u00e9sus nous presse \u00e0 prendre soin des personnes les plus d\u00e9munies\",\"publisher\":{\"@id\":\"https:\\\/\\\/filles-de-la-charite.org\\\/pl\\\/#organization\"},\"potentialAction\":[{\"@type\":\"SearchAction\",\"target\":{\"@type\":\"EntryPoint\",\"urlTemplate\":\"https:\\\/\\\/filles-de-la-charite.org\\\/pl\\\/?s={search_term_string}\"},\"query-input\":{\"@type\":\"PropertyValueSpecification\",\"valueRequired\":true,\"valueName\":\"search_term_string\"}}],\"inLanguage\":\"pl-PL\"},{\"@type\":\"Organization\",\"@id\":\"https:\\\/\\\/filles-de-la-charite.org\\\/pl\\\/#organization\",\"name\":\"Hijas de la Caridad\",\"url\":\"https:\\\/\\\/filles-de-la-charite.org\\\/pl\\\/\",\"logo\":{\"@type\":\"ImageObject\",\"inLanguage\":\"pl-PL\",\"@id\":\"https:\\\/\\\/filles-de-la-charite.org\\\/pl\\\/#\\\/schema\\\/logo\\\/image\\\/\",\"url\":\"https:\\\/\\\/filles-de-la-charite.org\\\/wp-content\\\/uploads\\\/2023\\\/03\\\/isotipo-Hijas-de-la-Caridad.png\",\"contentUrl\":\"https:\\\/\\\/filles-de-la-charite.org\\\/wp-content\\\/uploads\\\/2023\\\/03\\\/isotipo-Hijas-de-la-Caridad.png\",\"width\":1417,\"height\":1417,\"caption\":\"Hijas de la Caridad\"},\"image\":{\"@id\":\"https:\\\/\\\/filles-de-la-charite.org\\\/pl\\\/#\\\/schema\\\/logo\\\/image\\\/\"}},{\"@type\":\"Person\",\"@id\":\"https:\\\/\\\/filles-de-la-charite.org\\\/pl\\\/#\\\/schema\\\/person\\\/427567b2eccfc2dd7d206da186a1f438\",\"name\":\"admin\",\"image\":{\"@type\":\"ImageObject\",\"inLanguage\":\"pl-PL\",\"@id\":\"https:\\\/\\\/secure.gravatar.com\\\/avatar\\\/948b492cce32b586ac2db0eaa926ee87024f7afe218d73b397ea5ddfc5f43ea1?s=96&d=mm&r=g\",\"url\":\"https:\\\/\\\/secure.gravatar.com\\\/avatar\\\/948b492cce32b586ac2db0eaa926ee87024f7afe218d73b397ea5ddfc5f43ea1?s=96&d=mm&r=g\",\"contentUrl\":\"https:\\\/\\\/secure.gravatar.com\\\/avatar\\\/948b492cce32b586ac2db0eaa926ee87024f7afe218d73b397ea5ddfc5f43ea1?s=96&d=mm&r=g\",\"caption\":\"admin\"},\"sameAs\":[\"https:\\\/\\\/filles-de-la-charite.org\"],\"url\":\"https:\\\/\\\/filles-de-la-charite.org\\\/pl\\\/author\\\/caridad\\\/\"}]}<\/script>\n<!-- \/ Yoast SEO plugin. -->","yoast_head_json":{"title":"Siostra Fran\u00e7oise Petit i Ojciec Toma\u017e Mavri\u010d spotkali si\u0119 z Papie\u017cem Franciszkiem - Filles de la Charit\u00e9","robots":{"index":"index","follow":"follow","max-snippet":"max-snippet:-1","max-image-preview":"max-image-preview:large","max-video-preview":"max-video-preview:-1"},"canonical":"https:\/\/filles-de-la-charite.org\/pl\/72604\/","og_locale":"pl_PL","og_type":"article","og_title":"Siostra Fran\u00e7oise Petit i Ojciec Toma\u017e Mavri\u010d spotkali si\u0119 z Papie\u017cem Franciszkiem - Filles de la Charit\u00e9","og_description":"W sobot\u0119, dnia 21 stycznia 2023 roku, mia\u0142am rado\u015b\u0107, wraz z O. Toma\u017eem Mavri\u010d, by\u0107 przyj\u0119t\u0105 przez papie\u017ca Franciszka.&nbsp; By\u0142o to spotkanie intensywne, proste i bardzo braterskie. Rozmawiali\u015bmy o sytuacji w Kongo, o zaanga\u017cowaniu Si\u00f3str na rzecz uchod\u017ac\u00f3w i o obecno\u015bci Si\u00f3str Mi\u0142osierdzia w krajach basenu Morza \u015ar\u00f3dziemnego. Papie\u017c okaza\u0142 zainteresowanie Jubileuszem &#8222;\u015awiat\u0142a Pi\u0119\u0107dziesi\u0105tnicy&#8221;. Podzi\u0119kowa\u0142 [&hellip;]","og_url":"https:\/\/filles-de-la-charite.org\/pl\/72604\/","og_site_name":"Filles de la Charit\u00e9","article_published_time":"2023-01-29T22:00:00+00:00","article_modified_time":"2024-03-17T14:25:40+00:00","og_image":[{"width":1920,"height":1280,"url":"https:\/\/filles-de-la-charite.org\/wp-content\/uploads\/2023\/06\/01352_21012023-1.jpg","type":"image\/jpeg"}],"author":"admin","twitter_card":"summary_large_image","twitter_misc":{"Napisane przez":"admin","Szacowany czas czytania":"1 minuta"},"schema":{"@context":"https:\/\/schema.org","@graph":[{"@type":"Article","@id":"https:\/\/filles-de-la-charite.org\/pl\/72604\/#article","isPartOf":{"@id":"https:\/\/filles-de-la-charite.org\/pl\/72604\/"},"author":{"name":"admin","@id":"https:\/\/filles-de-la-charite.org\/pl\/#\/schema\/person\/427567b2eccfc2dd7d206da186a1f438"},"headline":"Siostra Fran\u00e7oise Petit i Ojciec Toma\u017e Mavri\u010d spotkali si\u0119 z Papie\u017cem Franciszkiem","datePublished":"2023-01-29T22:00:00+00:00","dateModified":"2024-03-17T14:25:40+00:00","mainEntityOfPage":{"@id":"https:\/\/filles-de-la-charite.org\/pl\/72604\/"},"wordCount":133,"publisher":{"@id":"https:\/\/filles-de-la-charite.org\/pl\/#organization"},"image":{"@id":"https:\/\/filles-de-la-charite.org\/pl\/72604\/#primaryimage"},"thumbnailUrl":"https:\/\/filles-de-la-charite.org\/wp-content\/uploads\/2023\/06\/01352_21012023-1.jpg","articleSection":["Dom Macierzysty"],"inLanguage":"pl-PL"},{"@type":"WebPage","@id":"https:\/\/filles-de-la-charite.org\/pl\/72604\/","url":"https:\/\/filles-de-la-charite.org\/pl\/72604\/","name":"Siostra Fran\u00e7oise Petit i Ojciec Toma\u017e Mavri\u010d spotkali si\u0119 z Papie\u017cem Franciszkiem - Filles de la Charit\u00e9","isPartOf":{"@id":"https:\/\/filles-de-la-charite.org\/pl\/#website"},"primaryImageOfPage":{"@id":"https:\/\/filles-de-la-charite.org\/pl\/72604\/#primaryimage"},"image":{"@id":"https:\/\/filles-de-la-charite.org\/pl\/72604\/#primaryimage"},"thumbnailUrl":"https:\/\/filles-de-la-charite.org\/wp-content\/uploads\/2023\/06\/01352_21012023-1.jpg","datePublished":"2023-01-29T22:00:00+00:00","dateModified":"2024-03-17T14:25:40+00:00","breadcrumb":{"@id":"https:\/\/filles-de-la-charite.org\/pl\/72604\/#breadcrumb"},"inLanguage":"pl-PL","potentialAction":[{"@type":"ReadAction","target":["https:\/\/filles-de-la-charite.org\/pl\/72604\/"]}]},{"@type":"ImageObject","inLanguage":"pl-PL","@id":"https:\/\/filles-de-la-charite.org\/pl\/72604\/#primaryimage","url":"https:\/\/filles-de-la-charite.org\/wp-content\/uploads\/2023\/06\/01352_21012023-1.jpg","contentUrl":"https:\/\/filles-de-la-charite.org\/wp-content\/uploads\/2023\/06\/01352_21012023-1.jpg","width":1920,"height":1280},{"@type":"BreadcrumbList","@id":"https:\/\/filles-de-la-charite.org\/pl\/72604\/#breadcrumb","itemListElement":[{"@type":"ListItem","position":1,"name":"Warszawa - Polska","item":"https:\/\/filles-de-la-charite.org\/pl\/category\/warszawa-polska-pl\/"},{"@type":"ListItem","position":2,"name":"Siostra Fran\u00e7oise Petit i Ojciec Toma\u017e Mavri\u010d spotkali si\u0119 z Papie\u017cem Franciszkiem"}]},{"@type":"WebSite","@id":"https:\/\/filles-de-la-charite.org\/pl\/#website","url":"https:\/\/filles-de-la-charite.org\/pl\/","name":"Hijas de la Caridad","description":"L\u2019amour de J\u00e9sus nous presse \u00e0 prendre soin des personnes les plus d\u00e9munies","publisher":{"@id":"https:\/\/filles-de-la-charite.org\/pl\/#organization"},"potentialAction":[{"@type":"SearchAction","target":{"@type":"EntryPoint","urlTemplate":"https:\/\/filles-de-la-charite.org\/pl\/?s={search_term_string}"},"query-input":{"@type":"PropertyValueSpecification","valueRequired":true,"valueName":"search_term_string"}}],"inLanguage":"pl-PL"},{"@type":"Organization","@id":"https:\/\/filles-de-la-charite.org\/pl\/#organization","name":"Hijas de la Caridad","url":"https:\/\/filles-de-la-charite.org\/pl\/","logo":{"@type":"ImageObject","inLanguage":"pl-PL","@id":"https:\/\/filles-de-la-charite.org\/pl\/#\/schema\/logo\/image\/","url":"https:\/\/filles-de-la-charite.org\/wp-content\/uploads\/2023\/03\/isotipo-Hijas-de-la-Caridad.png","contentUrl":"https:\/\/filles-de-la-charite.org\/wp-content\/uploads\/2023\/03\/isotipo-Hijas-de-la-Caridad.png","width":1417,"height":1417,"caption":"Hijas de la Caridad"},"image":{"@id":"https:\/\/filles-de-la-charite.org\/pl\/#\/schema\/logo\/image\/"}},{"@type":"Person","@id":"https:\/\/filles-de-la-charite.org\/pl\/#\/schema\/person\/427567b2eccfc2dd7d206da186a1f438","name":"admin","image":{"@type":"ImageObject","inLanguage":"pl-PL","@id":"https:\/\/secure.gravatar.com\/avatar\/948b492cce32b586ac2db0eaa926ee87024f7afe218d73b397ea5ddfc5f43ea1?s=96&d=mm&r=g","url":"https:\/\/secure.gravatar.com\/avatar\/948b492cce32b586ac2db0eaa926ee87024f7afe218d73b397ea5ddfc5f43ea1?s=96&d=mm&r=g","contentUrl":"https:\/\/secure.gravatar.com\/avatar\/948b492cce32b586ac2db0eaa926ee87024f7afe218d73b397ea5ddfc5f43ea1?s=96&d=mm&r=g","caption":"admin"},"sameAs":["https:\/\/filles-de-la-charite.org"],"url":"https:\/\/filles-de-la-charite.org\/pl\/author\/caridad\/"}]}},"_links":{"self":[{"href":"https:\/\/filles-de-la-charite.org\/pl\/wp-json\/wp\/v2\/posts\/24700","targetHints":{"allow":["GET"]}}],"collection":[{"href":"https:\/\/filles-de-la-charite.org\/pl\/wp-json\/wp\/v2\/posts"}],"about":[{"href":"https:\/\/filles-de-la-charite.org\/pl\/wp-json\/wp\/v2\/types\/post"}],"author":[{"embeddable":true,"href":"https:\/\/filles-de-la-charite.org\/pl\/wp-json\/wp\/v2\/users\/1"}],"replies":[{"embeddable":true,"href":"https:\/\/filles-de-la-charite.org\/pl\/wp-json\/wp\/v2\/comments?post=24700"}],"version-history":[{"count":1,"href":"https:\/\/filles-de-la-charite.org\/pl\/wp-json\/wp\/v2\/posts\/24700\/revisions"}],"predecessor-version":[{"id":24701,"href":"https:\/\/filles-de-la-charite.org\/pl\/wp-json\/wp\/v2\/posts\/24700\/revisions\/24701"}],"wp:featuredmedia":[{"embeddable":true,"href":"https:\/\/filles-de-la-charite.org\/pl\/wp-json\/wp\/v2\/media\/17494"}],"wp:attachment":[{"href":"https:\/\/filles-de-la-charite.org\/pl\/wp-json\/wp\/v2\/media?parent=24700"}],"wp:term":[{"taxonomy":"category","embeddable":true,"href":"https:\/\/filles-de-la-charite.org\/pl\/wp-json\/wp\/v2\/categories?post=24700"},{"taxonomy":"post_tag","embeddable":true,"href":"https:\/\/filles-de-la-charite.org\/pl\/wp-json\/wp\/v2\/tags?post=24700"}],"curies":[{"name":"wp","href":"https:\/\/api.w.org\/{rel}","templated":true}]}}