{"id":24715,"date":"2023-03-31T22:00:06","date_gmt":"2023-03-31T20:00:06","guid":{"rendered":"https:\/\/hijascaridad.sjdigitaldemo.ovh\/spotkanie-dream-w-maputo-w-mozambiku\/"},"modified":"2024-03-17T13:36:38","modified_gmt":"2024-03-17T12:36:38","slug":"spotkanie-dream-w-maputo-w-mozambiku","status":"publish","type":"post","link":"https:\/\/filles-de-la-charite.org\/pl\/spotkanie-dream-w-maputo-w-mozambiku\/","title":{"rendered":"<strong>Spotkanie DREAM w Maputo w Mozambiku<\/strong>"},"content":{"rendered":"\n<p>Podczas weekendu 18\/19 lutego 2023 r. do Maputo, w Mozambiku, przyby\u0142a du\u017ca grupa Si\u00f3str i personelu projektu DREAM z kilku kraj\u00f3w afryka\u0144skich: Kamerunu, Nigerii, Tanzanii, Kongo, Kenii i samego Mozambiku. Pracownicy zostali zakwaterowani w hotelu w Maputo, podczas gdy Siostry pojecha\u0142y do Domu Prowincjalnego Si\u00f3str Mi\u0142osierdzia w Matola. Wymaga\u0142o to wielu wyjazd\u00f3w na lotnisko, poniewa\u017c samoloty przylatywa\u0142y, a potem odlatywa\u0142y z r\u00f3\u017cnych lotnisk i o r\u00f3\u017cnych porach. Siostry w Matoli wykona\u0142y wspania\u0142\u0105 prac\u0119 i po\u015bwi\u0119ci\u0142y wiele godzin na wyjazdy, aby wszystko skoordynowa\u0107.<\/p>\n\n\n\n<figure class=\"wp-block-image aligncenter size-large\"><img decoding=\"async\" src=\"https:\/\/filles-de-la-charite.org\/wp-content\/uploads\/2023\/06\/1.-12-Sisters-from-Nigeria-Cameroon-Kenya-Congo-Tanzania-and-Mozambique-stayed-at-the-Provincial-House-in-Matola-1024x768-1.jpg\" alt=\"\" class=\"wp-image-73143\" \/><figcaption class=\"wp-element-caption\">12 Si\u00f3str z Nigerii, Kamerunu, Kenii, Kongo, Tanzanii i Mozambiku przebywa\u0142o w Domu Prowincjalnym w Matoli<\/figcaption><\/figure>\n\n\n\n<p>Wszyscy Go\u015bcie - Siostry Mi\u0142osierdzia i ich wsp\u00f3\u0142pracownicy: Lekarze, Piel\u0119gniarki, Farmaceuci, Laboranci, Informatycy i Koordynatorzy Programu DREAM, wszyscy byli tutaj, aby uczestniczy\u0107 w tygodniowym kursie DREAM.<\/p>\n\n\n\n<figure class=\"wp-block-image aligncenter size-large\"><img decoding=\"async\" src=\"https:\/\/filles-de-la-charite.org\/wp-content\/uploads\/2023\/06\/2.-Closing-prayer-with-the-Community-of-Sant-Egidio-1024x576-1.jpg\" alt=\"\" class=\"wp-image-73144\" \/><figcaption class=\"wp-element-caption\">Modlitwa ko\u0144cowa z udzia\u0142em Wsp\u00f3lnoty Sant'Egidio<\/figcaption><\/figure>\n\n\n\n<p>DREAM: Drug Resource Enhancement against AIDS and Malnutrition to holistyczny program opieki zdrowotnej dla os\u00f3b \u017cyj\u0105cych z HIV\/AIDS. Zosta\u0142 on wymy\u015blony i stworzony przez Wsp\u00f3lnot\u0119 Sant'Egidio, \u015bwieck\u0105 wsp\u00f3lnot\u0119 katolick\u0105 w Rzymie pod koniec lat 90-tych. Sant'Egidio z\u0142o\u017cy\u0142a obietnic\u0119, \u017ce zapewni ludziom w Afryce \u017cyj\u0105cym z HIV\/ADS tak\u0105 sam\u0105 wysok\u0105 jako\u015b\u0107 opieki i leczenia, jaka by\u0142a dost\u0119pna w Europie i Ameryce P\u00f3\u0142nocnej w tamtym czasie. To by\u0142a bardzo du\u017ca i odwa\u017cna obietnica i Wsp\u00f3lnota Sant'Egidio dostarczy\u0142a DREAM, holistyczny program najwy\u017cszej jako\u015bci do 12 kraj\u00f3w afryka\u0144skich i do wielu o\u015brodk\u00f3w DREAM w tych krajach.<\/p>\n\n\n\n<figure class=\"wp-block-image aligncenter size-large\"><img decoding=\"async\" src=\"https:\/\/filles-de-la-charite.org\/wp-content\/uploads\/2023\/06\/3.-Lecture-session-1024x768-1.jpg\" alt=\"\" class=\"wp-image-73139\" \/><figcaption class=\"wp-element-caption\">Sesja wyk\u0142adowa<\/figcaption><\/figure>\n\n\n\n<p>W 2005 roku Siostry Mi\u0142osierdzia zawar\u0142y umow\u0119 podpisan\u0105 przez Prezesa Sant'Egidio i Siostr\u0119 Evelyne Franc, Prze\u0142o\u017con\u0105 Generaln\u0105 Si\u00f3str Mi\u0142osierdzia, o wsp\u00f3\u0142pracy ze Wsp\u00f3lnot\u0105 Sant'Egidio w celu wprowadzenia DREAM do kraj\u00f3w, w kt\u00f3rych Siostry \u017cyj\u0105 i pracuj\u0105 w Afryce. Umowa ta zosta\u0142a podpisana w Pary\u017cu w ich Domu Macierzystym w 2005 roku. Od tego czasu Siostry otworzy\u0142y 6 o\u015brodk\u00f3w DREAM w 6 krajach Afryki, plus dwa o\u015brodki w Mozambiku, Chokwe i Chalucuane, kt\u00f3re ju\u017c wcze\u015bniej wsp\u00f3\u0142pracowa\u0142y z Sant'Egidio.<\/p>\n\n\n\n<figure class=\"wp-block-image aligncenter size-large\"><img decoding=\"async\" src=\"https:\/\/filles-de-la-charite.org\/wp-content\/uploads\/2023\/06\/4.-Participants-from-Cameroun-and-Nigeria-768x1024-1.jpg\" alt=\"\" class=\"wp-image-73140\" \/><figcaption class=\"wp-element-caption\">Uczestniczki z Kamerunu i Nigerii<\/figcaption><\/figure>\n\n\n\n<p>Spotkanie DREAM w Maputo mia\u0142o na celu zgromadzenie Si\u00f3str i personelu z ka\u017cdego z tych kraj\u00f3w w celu wymiany do\u015bwiadcze\u0144, oceny i okre\u015blenia nowych wyzwa\u0144, kt\u00f3re stoj\u0105 przed ich programami 20 lat p\u00f3\u017aniej.\u00a0 Program DREAM zapewnia poradnictwo i testowanie, opiek\u0119 i leczenie dla os\u00f3b \u017cyj\u0105cych z HIV\/AIDS, zapobieganie przenoszeniu wirusa z matki na dziecko, laboratoria molekularne do badania wiremii i CD4, apteki, jednostki \u017cywieniowe, opiek\u0119 i leczenie gru\u017alicy, wsparcie psychospo\u0142eczne i opiek\u0119 domow\u0105 dla tych, kt\u00f3rzy jej potrzebuj\u0105. DREAM odni\u00f3s\u0142 ogromny sukces, szczeg\u00f3lnie w zapobieganiu przenoszeniu wirusa z matki na dziecko. Ka\u017cda matka, kt\u00f3ra zg\u0142osi si\u0119 do o\u015brodka na pocz\u0105tku ci\u0105\u017cy i b\u0119dzie przestrzega\u0107 zasad leczenia, ma pewno\u015b\u0107, \u017ce urodzi zdrowe dziecko, kt\u00f3re nie b\u0119dzie nosicielem wirusa HIV. Jest to ogromna ulga i przynosi wielk\u0105 rado\u015b\u0107 matce i ca\u0142ej rodzinie. Okazuje si\u0119 r\u00f3wnie\u017c, \u017ce wi\u0119kszo\u015b\u0107 dzieci urodzonych jako negatywne, z kt\u00f3rych wiele jest teraz nastolatkami, ma tendencj\u0119 do pozostania negatywnymi dla HIV dzi\u0119ki doradztwu psychospo\u0142ecznemu i grupom wsparcia dla m\u0142odzie\u017cy, kt\u00f3re edukuj\u0105 i wspieraj\u0105 tych m\u0142odych ludzi - rodzic\u00f3w jutra.<\/p>\n\n\n\n<figure class=\"wp-block-image aligncenter size-large\"><img decoding=\"async\" src=\"https:\/\/filles-de-la-charite.org\/wp-content\/uploads\/2023\/06\/5.-Participantsfrom-Kenya-and-Congo-1024x768-1.jpg\" alt=\"\" class=\"wp-image-73141\" \/><figcaption class=\"wp-element-caption\">Uczestnicy z Kenii i Kongo<\/figcaption><\/figure>\n\n\n\n<p>Od pocz\u0105tku DREAM zajmuje si\u0119 r\u00f3wnie\u017c chorobami pokrewnymi: gru\u017alic\u0105, r\u00f3\u017cnymi infekcjami, a w ostatnich latach badaniem kobiet w kierunku raka szyjki macicy, doradztwem, wsparciem i kierowaniem na leczenie. Podczas prezentacji kursowych, a tak\u017ce z do\u015bwiadcze\u0144 obecnych, nowymi wyzwaniami b\u0119d\u0105 nowotwory, malaria, nadci\u015bnienie, cukrzyca i epilepsja.<\/p>\n\n\n\n<p>Wzrost gospodarczy, nawet je\u015bli powolny, oznacza popraw\u0119 og\u00f3lnego stanu zdrowia. Styl \u017cycia uleg\u0142 poprawie, a oblicze skrajnego ub\u00f3stwa, cho\u0107 nadal stanowi ogromny problem, r\u00f3wnie\u017c si\u0119 zmieni\u0142o. Zmniejszy\u0142a si\u0119 \u015bmiertelno\u015b\u0107 matek i niemowl\u0105t. Znacznie spad\u0142a \u015bmiertelno\u015b\u0107 z powodu HIV. Jednak dost\u0119p do wysokiej jako\u015bci opieki zdrowotnej dla ludzi ubogich jest nadal wielkim problemem.&nbsp; Pojawiaj\u0105 si\u0119 nowe wyzwania i DREAM, podczas spotkania w Maputo, by\u0142 bardziej ni\u017c ch\u0119tny i gotowy, aby sprosta\u0107 tym wyzwaniom w ramach obecnego programu.<\/p>\n","protected":false},"excerpt":{"rendered":"<p>Podczas weekendu 18\/19 lutego 2023 r. do Maputo, w Mozambiku, przyby\u0142a du\u017ca grupa Si\u00f3str i personelu projektu DREAM z kilku kraj\u00f3w afryka\u0144skich: Kamerunu, Nigerii, Tanzanii, Kongo, Kenii i samego Mozambiku. Pracownicy zostali zakwaterowani w hotelu w Maputo, podczas gdy Siostry pojecha\u0142y do Domu Prowincjalnego Si\u00f3str Mi\u0142osierdzia w Matola. Wymaga\u0142o to wielu wyjazd\u00f3w na lotnisko, poniewa\u017c [&hellip;]<\/p>\n","protected":false},"author":1,"featured_media":17611,"comment_status":"closed","ping_status":"closed","sticky":false,"template":"","format":"standard","meta":{"_acf_changed":false,"footnotes":"","_links_to":"","_links_to_target":""},"categories":[626],"tags":[],"class_list":["post-24715","post","type-post","status-publish","format-standard","has-post-thumbnail","hentry","category-mozambik-pl"],"acf":[],"yoast_head":"<!-- This site is optimized with the Yoast SEO plugin v27.5 - https:\/\/yoast.com\/product\/yoast-seo-wordpress\/ -->\n<title>Spotkanie DREAM w Maputo w Mozambiku - Filles de la Charit\u00e9<\/title>\n<meta name=\"robots\" content=\"index, follow, max-snippet:-1, max-image-preview:large, max-video-preview:-1\" \/>\n<link rel=\"canonical\" href=\"https:\/\/filles-de-la-charite.org\/pl\/spotkanie-dream-w-maputo-w-mozambiku\/\" \/>\n<meta property=\"og:locale\" content=\"pl_PL\" \/>\n<meta property=\"og:type\" content=\"article\" \/>\n<meta property=\"og:title\" content=\"Spotkanie DREAM w Maputo w Mozambiku - Filles de la Charit\u00e9\" \/>\n<meta property=\"og:description\" content=\"Podczas weekendu 18\/19 lutego 2023 r. do Maputo, w Mozambiku, przyby\u0142a du\u017ca grupa Si\u00f3str i personelu projektu DREAM z kilku kraj\u00f3w afryka\u0144skich: Kamerunu, Nigerii, Tanzanii, Kongo, Kenii i samego Mozambiku. Pracownicy zostali zakwaterowani w hotelu w Maputo, podczas gdy Siostry pojecha\u0142y do Domu Prowincjalnego Si\u00f3str Mi\u0142osierdzia w Matola. Wymaga\u0142o to wielu wyjazd\u00f3w na lotnisko, poniewa\u017c [&hellip;]\" \/>\n<meta property=\"og:url\" content=\"https:\/\/filles-de-la-charite.org\/pl\/spotkanie-dream-w-maputo-w-mozambiku\/\" \/>\n<meta property=\"og:site_name\" content=\"Filles de la Charit\u00e9\" \/>\n<meta property=\"article:published_time\" content=\"2023-03-31T20:00:06+00:00\" \/>\n<meta property=\"article:modified_time\" content=\"2024-03-17T12:36:38+00:00\" \/>\n<meta property=\"og:image\" content=\"https:\/\/filles-de-la-charite.org\/wp-content\/uploads\/2023\/06\/6.-Visit-to-a-DREAM-centre-in-Maputo.jpg\" \/>\n\t<meta property=\"og:image:width\" content=\"810\" \/>\n\t<meta property=\"og:image:height\" content=\"1080\" \/>\n\t<meta property=\"og:image:type\" content=\"image\/jpeg\" \/>\n<meta name=\"author\" content=\"admin\" \/>\n<meta name=\"twitter:card\" content=\"summary_large_image\" \/>\n<meta name=\"twitter:label1\" content=\"Napisane przez\" \/>\n\t<meta name=\"twitter:data1\" content=\"admin\" \/>\n\t<meta name=\"twitter:label2\" content=\"Szacowany czas czytania\" \/>\n\t<meta name=\"twitter:data2\" content=\"4 minuty\" \/>\n<script type=\"application\/ld+json\" class=\"yoast-schema-graph\">{\"@context\":\"https:\\\/\\\/schema.org\",\"@graph\":[{\"@type\":\"Article\",\"@id\":\"https:\\\/\\\/filles-de-la-charite.org\\\/pl\\\/spotkanie-dream-w-maputo-w-mozambiku\\\/#article\",\"isPartOf\":{\"@id\":\"https:\\\/\\\/filles-de-la-charite.org\\\/pl\\\/spotkanie-dream-w-maputo-w-mozambiku\\\/\"},\"author\":{\"name\":\"admin\",\"@id\":\"https:\\\/\\\/filles-de-la-charite.org\\\/pl\\\/#\\\/schema\\\/person\\\/427567b2eccfc2dd7d206da186a1f438\"},\"headline\":\"Spotkanie DREAM w Maputo w Mozambiku\",\"datePublished\":\"2023-03-31T20:00:06+00:00\",\"dateModified\":\"2024-03-17T12:36:38+00:00\",\"mainEntityOfPage\":{\"@id\":\"https:\\\/\\\/filles-de-la-charite.org\\\/pl\\\/spotkanie-dream-w-maputo-w-mozambiku\\\/\"},\"wordCount\":735,\"publisher\":{\"@id\":\"https:\\\/\\\/filles-de-la-charite.org\\\/pl\\\/#organization\"},\"image\":{\"@id\":\"https:\\\/\\\/filles-de-la-charite.org\\\/pl\\\/spotkanie-dream-w-maputo-w-mozambiku\\\/#primaryimage\"},\"thumbnailUrl\":\"https:\\\/\\\/filles-de-la-charite.org\\\/wp-content\\\/uploads\\\/2023\\\/06\\\/6.-Visit-to-a-DREAM-centre-in-Maputo.jpg\",\"articleSection\":[\"Mozambik\"],\"inLanguage\":\"pl-PL\"},{\"@type\":\"WebPage\",\"@id\":\"https:\\\/\\\/filles-de-la-charite.org\\\/pl\\\/spotkanie-dream-w-maputo-w-mozambiku\\\/\",\"url\":\"https:\\\/\\\/filles-de-la-charite.org\\\/pl\\\/spotkanie-dream-w-maputo-w-mozambiku\\\/\",\"name\":\"Spotkanie DREAM w Maputo w Mozambiku - Filles de la Charit\u00e9\",\"isPartOf\":{\"@id\":\"https:\\\/\\\/filles-de-la-charite.org\\\/pl\\\/#website\"},\"primaryImageOfPage\":{\"@id\":\"https:\\\/\\\/filles-de-la-charite.org\\\/pl\\\/spotkanie-dream-w-maputo-w-mozambiku\\\/#primaryimage\"},\"image\":{\"@id\":\"https:\\\/\\\/filles-de-la-charite.org\\\/pl\\\/spotkanie-dream-w-maputo-w-mozambiku\\\/#primaryimage\"},\"thumbnailUrl\":\"https:\\\/\\\/filles-de-la-charite.org\\\/wp-content\\\/uploads\\\/2023\\\/06\\\/6.-Visit-to-a-DREAM-centre-in-Maputo.jpg\",\"datePublished\":\"2023-03-31T20:00:06+00:00\",\"dateModified\":\"2024-03-17T12:36:38+00:00\",\"breadcrumb\":{\"@id\":\"https:\\\/\\\/filles-de-la-charite.org\\\/pl\\\/spotkanie-dream-w-maputo-w-mozambiku\\\/#breadcrumb\"},\"inLanguage\":\"pl-PL\",\"potentialAction\":[{\"@type\":\"ReadAction\",\"target\":[\"https:\\\/\\\/filles-de-la-charite.org\\\/pl\\\/spotkanie-dream-w-maputo-w-mozambiku\\\/\"]}]},{\"@type\":\"ImageObject\",\"inLanguage\":\"pl-PL\",\"@id\":\"https:\\\/\\\/filles-de-la-charite.org\\\/pl\\\/spotkanie-dream-w-maputo-w-mozambiku\\\/#primaryimage\",\"url\":\"https:\\\/\\\/filles-de-la-charite.org\\\/wp-content\\\/uploads\\\/2023\\\/06\\\/6.-Visit-to-a-DREAM-centre-in-Maputo.jpg\",\"contentUrl\":\"https:\\\/\\\/filles-de-la-charite.org\\\/wp-content\\\/uploads\\\/2023\\\/06\\\/6.-Visit-to-a-DREAM-centre-in-Maputo.jpg\",\"width\":810,\"height\":1080},{\"@type\":\"BreadcrumbList\",\"@id\":\"https:\\\/\\\/filles-de-la-charite.org\\\/pl\\\/spotkanie-dream-w-maputo-w-mozambiku\\\/#breadcrumb\",\"itemListElement\":[{\"@type\":\"ListItem\",\"position\":1,\"name\":\"Rodziny Wincenty\u0144skiej\",\"item\":\"https:\\\/\\\/filles-de-la-charite.org\\\/pl\\\/category\\\/rodziny-wincentynskiej-pl\\\/\"},{\"@type\":\"ListItem\",\"position\":2,\"name\":\"Spotkanie DREAM w Maputo w Mozambiku\"}]},{\"@type\":\"WebSite\",\"@id\":\"https:\\\/\\\/filles-de-la-charite.org\\\/pl\\\/#website\",\"url\":\"https:\\\/\\\/filles-de-la-charite.org\\\/pl\\\/\",\"name\":\"Hijas de la Caridad\",\"description\":\"L\u2019amour de J\u00e9sus nous presse \u00e0 prendre soin des personnes les plus d\u00e9munies\",\"publisher\":{\"@id\":\"https:\\\/\\\/filles-de-la-charite.org\\\/pl\\\/#organization\"},\"potentialAction\":[{\"@type\":\"SearchAction\",\"target\":{\"@type\":\"EntryPoint\",\"urlTemplate\":\"https:\\\/\\\/filles-de-la-charite.org\\\/pl\\\/?s={search_term_string}\"},\"query-input\":{\"@type\":\"PropertyValueSpecification\",\"valueRequired\":true,\"valueName\":\"search_term_string\"}}],\"inLanguage\":\"pl-PL\"},{\"@type\":\"Organization\",\"@id\":\"https:\\\/\\\/filles-de-la-charite.org\\\/pl\\\/#organization\",\"name\":\"Hijas de la Caridad\",\"url\":\"https:\\\/\\\/filles-de-la-charite.org\\\/pl\\\/\",\"logo\":{\"@type\":\"ImageObject\",\"inLanguage\":\"pl-PL\",\"@id\":\"https:\\\/\\\/filles-de-la-charite.org\\\/pl\\\/#\\\/schema\\\/logo\\\/image\\\/\",\"url\":\"https:\\\/\\\/filles-de-la-charite.org\\\/wp-content\\\/uploads\\\/2023\\\/03\\\/isotipo-Hijas-de-la-Caridad.png\",\"contentUrl\":\"https:\\\/\\\/filles-de-la-charite.org\\\/wp-content\\\/uploads\\\/2023\\\/03\\\/isotipo-Hijas-de-la-Caridad.png\",\"width\":1417,\"height\":1417,\"caption\":\"Hijas de la Caridad\"},\"image\":{\"@id\":\"https:\\\/\\\/filles-de-la-charite.org\\\/pl\\\/#\\\/schema\\\/logo\\\/image\\\/\"}},{\"@type\":\"Person\",\"@id\":\"https:\\\/\\\/filles-de-la-charite.org\\\/pl\\\/#\\\/schema\\\/person\\\/427567b2eccfc2dd7d206da186a1f438\",\"name\":\"admin\",\"image\":{\"@type\":\"ImageObject\",\"inLanguage\":\"pl-PL\",\"@id\":\"https:\\\/\\\/secure.gravatar.com\\\/avatar\\\/948b492cce32b586ac2db0eaa926ee87024f7afe218d73b397ea5ddfc5f43ea1?s=96&d=mm&r=g\",\"url\":\"https:\\\/\\\/secure.gravatar.com\\\/avatar\\\/948b492cce32b586ac2db0eaa926ee87024f7afe218d73b397ea5ddfc5f43ea1?s=96&d=mm&r=g\",\"contentUrl\":\"https:\\\/\\\/secure.gravatar.com\\\/avatar\\\/948b492cce32b586ac2db0eaa926ee87024f7afe218d73b397ea5ddfc5f43ea1?s=96&d=mm&r=g\",\"caption\":\"admin\"},\"sameAs\":[\"https:\\\/\\\/filles-de-la-charite.org\"],\"url\":\"https:\\\/\\\/filles-de-la-charite.org\\\/pl\\\/author\\\/caridad\\\/\"}]}<\/script>\n<!-- \/ Yoast SEO plugin. -->","yoast_head_json":{"title":"Spotkanie DREAM w Maputo w Mozambiku - Filles de la Charit\u00e9","robots":{"index":"index","follow":"follow","max-snippet":"max-snippet:-1","max-image-preview":"max-image-preview:large","max-video-preview":"max-video-preview:-1"},"canonical":"https:\/\/filles-de-la-charite.org\/pl\/spotkanie-dream-w-maputo-w-mozambiku\/","og_locale":"pl_PL","og_type":"article","og_title":"Spotkanie DREAM w Maputo w Mozambiku - Filles de la Charit\u00e9","og_description":"Podczas weekendu 18\/19 lutego 2023 r. do Maputo, w Mozambiku, przyby\u0142a du\u017ca grupa Si\u00f3str i personelu projektu DREAM z kilku kraj\u00f3w afryka\u0144skich: Kamerunu, Nigerii, Tanzanii, Kongo, Kenii i samego Mozambiku. Pracownicy zostali zakwaterowani w hotelu w Maputo, podczas gdy Siostry pojecha\u0142y do Domu Prowincjalnego Si\u00f3str Mi\u0142osierdzia w Matola. Wymaga\u0142o to wielu wyjazd\u00f3w na lotnisko, poniewa\u017c [&hellip;]","og_url":"https:\/\/filles-de-la-charite.org\/pl\/spotkanie-dream-w-maputo-w-mozambiku\/","og_site_name":"Filles de la Charit\u00e9","article_published_time":"2023-03-31T20:00:06+00:00","article_modified_time":"2024-03-17T12:36:38+00:00","og_image":[{"width":810,"height":1080,"url":"https:\/\/filles-de-la-charite.org\/wp-content\/uploads\/2023\/06\/6.-Visit-to-a-DREAM-centre-in-Maputo.jpg","type":"image\/jpeg"}],"author":"admin","twitter_card":"summary_large_image","twitter_misc":{"Napisane przez":"admin","Szacowany czas czytania":"4 minuty"},"schema":{"@context":"https:\/\/schema.org","@graph":[{"@type":"Article","@id":"https:\/\/filles-de-la-charite.org\/pl\/spotkanie-dream-w-maputo-w-mozambiku\/#article","isPartOf":{"@id":"https:\/\/filles-de-la-charite.org\/pl\/spotkanie-dream-w-maputo-w-mozambiku\/"},"author":{"name":"admin","@id":"https:\/\/filles-de-la-charite.org\/pl\/#\/schema\/person\/427567b2eccfc2dd7d206da186a1f438"},"headline":"Spotkanie DREAM w Maputo w Mozambiku","datePublished":"2023-03-31T20:00:06+00:00","dateModified":"2024-03-17T12:36:38+00:00","mainEntityOfPage":{"@id":"https:\/\/filles-de-la-charite.org\/pl\/spotkanie-dream-w-maputo-w-mozambiku\/"},"wordCount":735,"publisher":{"@id":"https:\/\/filles-de-la-charite.org\/pl\/#organization"},"image":{"@id":"https:\/\/filles-de-la-charite.org\/pl\/spotkanie-dream-w-maputo-w-mozambiku\/#primaryimage"},"thumbnailUrl":"https:\/\/filles-de-la-charite.org\/wp-content\/uploads\/2023\/06\/6.-Visit-to-a-DREAM-centre-in-Maputo.jpg","articleSection":["Mozambik"],"inLanguage":"pl-PL"},{"@type":"WebPage","@id":"https:\/\/filles-de-la-charite.org\/pl\/spotkanie-dream-w-maputo-w-mozambiku\/","url":"https:\/\/filles-de-la-charite.org\/pl\/spotkanie-dream-w-maputo-w-mozambiku\/","name":"Spotkanie DREAM w Maputo w Mozambiku - Filles de la Charit\u00e9","isPartOf":{"@id":"https:\/\/filles-de-la-charite.org\/pl\/#website"},"primaryImageOfPage":{"@id":"https:\/\/filles-de-la-charite.org\/pl\/spotkanie-dream-w-maputo-w-mozambiku\/#primaryimage"},"image":{"@id":"https:\/\/filles-de-la-charite.org\/pl\/spotkanie-dream-w-maputo-w-mozambiku\/#primaryimage"},"thumbnailUrl":"https:\/\/filles-de-la-charite.org\/wp-content\/uploads\/2023\/06\/6.-Visit-to-a-DREAM-centre-in-Maputo.jpg","datePublished":"2023-03-31T20:00:06+00:00","dateModified":"2024-03-17T12:36:38+00:00","breadcrumb":{"@id":"https:\/\/filles-de-la-charite.org\/pl\/spotkanie-dream-w-maputo-w-mozambiku\/#breadcrumb"},"inLanguage":"pl-PL","potentialAction":[{"@type":"ReadAction","target":["https:\/\/filles-de-la-charite.org\/pl\/spotkanie-dream-w-maputo-w-mozambiku\/"]}]},{"@type":"ImageObject","inLanguage":"pl-PL","@id":"https:\/\/filles-de-la-charite.org\/pl\/spotkanie-dream-w-maputo-w-mozambiku\/#primaryimage","url":"https:\/\/filles-de-la-charite.org\/wp-content\/uploads\/2023\/06\/6.-Visit-to-a-DREAM-centre-in-Maputo.jpg","contentUrl":"https:\/\/filles-de-la-charite.org\/wp-content\/uploads\/2023\/06\/6.-Visit-to-a-DREAM-centre-in-Maputo.jpg","width":810,"height":1080},{"@type":"BreadcrumbList","@id":"https:\/\/filles-de-la-charite.org\/pl\/spotkanie-dream-w-maputo-w-mozambiku\/#breadcrumb","itemListElement":[{"@type":"ListItem","position":1,"name":"Rodziny Wincenty\u0144skiej","item":"https:\/\/filles-de-la-charite.org\/pl\/category\/rodziny-wincentynskiej-pl\/"},{"@type":"ListItem","position":2,"name":"Spotkanie DREAM w Maputo w Mozambiku"}]},{"@type":"WebSite","@id":"https:\/\/filles-de-la-charite.org\/pl\/#website","url":"https:\/\/filles-de-la-charite.org\/pl\/","name":"Hijas de la Caridad","description":"L\u2019amour de J\u00e9sus nous presse \u00e0 prendre soin des personnes les plus d\u00e9munies","publisher":{"@id":"https:\/\/filles-de-la-charite.org\/pl\/#organization"},"potentialAction":[{"@type":"SearchAction","target":{"@type":"EntryPoint","urlTemplate":"https:\/\/filles-de-la-charite.org\/pl\/?s={search_term_string}"},"query-input":{"@type":"PropertyValueSpecification","valueRequired":true,"valueName":"search_term_string"}}],"inLanguage":"pl-PL"},{"@type":"Organization","@id":"https:\/\/filles-de-la-charite.org\/pl\/#organization","name":"Hijas de la Caridad","url":"https:\/\/filles-de-la-charite.org\/pl\/","logo":{"@type":"ImageObject","inLanguage":"pl-PL","@id":"https:\/\/filles-de-la-charite.org\/pl\/#\/schema\/logo\/image\/","url":"https:\/\/filles-de-la-charite.org\/wp-content\/uploads\/2023\/03\/isotipo-Hijas-de-la-Caridad.png","contentUrl":"https:\/\/filles-de-la-charite.org\/wp-content\/uploads\/2023\/03\/isotipo-Hijas-de-la-Caridad.png","width":1417,"height":1417,"caption":"Hijas de la Caridad"},"image":{"@id":"https:\/\/filles-de-la-charite.org\/pl\/#\/schema\/logo\/image\/"}},{"@type":"Person","@id":"https:\/\/filles-de-la-charite.org\/pl\/#\/schema\/person\/427567b2eccfc2dd7d206da186a1f438","name":"admin","image":{"@type":"ImageObject","inLanguage":"pl-PL","@id":"https:\/\/secure.gravatar.com\/avatar\/948b492cce32b586ac2db0eaa926ee87024f7afe218d73b397ea5ddfc5f43ea1?s=96&d=mm&r=g","url":"https:\/\/secure.gravatar.com\/avatar\/948b492cce32b586ac2db0eaa926ee87024f7afe218d73b397ea5ddfc5f43ea1?s=96&d=mm&r=g","contentUrl":"https:\/\/secure.gravatar.com\/avatar\/948b492cce32b586ac2db0eaa926ee87024f7afe218d73b397ea5ddfc5f43ea1?s=96&d=mm&r=g","caption":"admin"},"sameAs":["https:\/\/filles-de-la-charite.org"],"url":"https:\/\/filles-de-la-charite.org\/pl\/author\/caridad\/"}]}},"_links":{"self":[{"href":"https:\/\/filles-de-la-charite.org\/pl\/wp-json\/wp\/v2\/posts\/24715","targetHints":{"allow":["GET"]}}],"collection":[{"href":"https:\/\/filles-de-la-charite.org\/pl\/wp-json\/wp\/v2\/posts"}],"about":[{"href":"https:\/\/filles-de-la-charite.org\/pl\/wp-json\/wp\/v2\/types\/post"}],"author":[{"embeddable":true,"href":"https:\/\/filles-de-la-charite.org\/pl\/wp-json\/wp\/v2\/users\/1"}],"replies":[{"embeddable":true,"href":"https:\/\/filles-de-la-charite.org\/pl\/wp-json\/wp\/v2\/comments?post=24715"}],"version-history":[{"count":1,"href":"https:\/\/filles-de-la-charite.org\/pl\/wp-json\/wp\/v2\/posts\/24715\/revisions"}],"predecessor-version":[{"id":24716,"href":"https:\/\/filles-de-la-charite.org\/pl\/wp-json\/wp\/v2\/posts\/24715\/revisions\/24716"}],"wp:featuredmedia":[{"embeddable":true,"href":"https:\/\/filles-de-la-charite.org\/pl\/wp-json\/wp\/v2\/media\/17611"}],"wp:attachment":[{"href":"https:\/\/filles-de-la-charite.org\/pl\/wp-json\/wp\/v2\/media?parent=24715"}],"wp:term":[{"taxonomy":"category","embeddable":true,"href":"https:\/\/filles-de-la-charite.org\/pl\/wp-json\/wp\/v2\/categories?post=24715"},{"taxonomy":"post_tag","embeddable":true,"href":"https:\/\/filles-de-la-charite.org\/pl\/wp-json\/wp\/v2\/tags?post=24715"}],"curies":[{"name":"wp","href":"https:\/\/api.w.org\/{rel}","templated":true}]}}